{"id":15996,"date":"2026-08-31T11:49:50","date_gmt":"2026-08-31T11:49:50","guid":{"rendered":"https:\/\/portalf1.si\/?p=15996"},"modified":"2026-08-31T11:49:50","modified_gmt":"2026-08-31T11:49:50","slug":"norris-si-zeli-povratka-v-boj-za-naslov-v-slogu-lanskoletnega-naleta-verstappna","status":"publish","type":"post","link":"https:\/\/portalf1.si\/en\/norris-si-zeli-povratka-v-boj-za-naslov-v-slogu-lanskoletnega-naleta-verstappna\/","title":{"rendered":"Norris si \u017eeli povratka v boj za naslov v slogu lanskoletnega naleta Verstappna"},"content":{"rendered":"<p data-path-to-node=\"0\"><strong>Lando Norris je razkril, da je za\u010del \u010drpati navdih iz lanskoletnega \u0161ampionskega naleta Maxa Verstappna, saj se Britanec letos nahaja v podobnem polo\u017eaju.<\/strong><\/p>\n<p data-path-to-node=\"0\">Norris je pred poletnim premorom na Hungaroringu McLarnu zagotovil prvo zmago v sezoni Formule 1 2026. Tej zmagi je nato dodal \u0161e eno v Zandvoortu.<\/p>\n<p data-path-to-node=\"1\">Posledi\u010dno je trenutno na \u010detrtem mestu v skupnem se\u0161tevku dirka\u010dev, 83 to\u010dk za Kimijem Antonellijem. Lani se je Verstappen podal v podoben preobrat, a je na koncu naslov proti Norrisu zgre\u0161il za le dve to\u010dki. To, kar je uspelo Nizozemcu, sedaj navdihuje tudi Britanca, kar je pojasnil za Sky Sports News.<\/p>\n<p data-path-to-node=\"3\"><em>&#8220;\u017de samo dejstvo, da je to mogo\u010de. Dejstvo, da mora\u0161 \u0161e naprej verjeti, trdo delati in ekipo spodbujati na prave na\u010dine. To je najpomembneje. Ni delal ni\u010desar bolje, kot smo delali mi, razen tega, da smo kot ekipa na dolo\u010denih mestih naredili nekaj napak.&#8221;<\/em><\/p>\n<p data-path-to-node=\"4\">Med sezono 2025 je bil dvoboj znotraj ekipe McLaren vro\u010da tema razprav. <em>&#8220;Takrat nismo delali ni\u010desar narobe. Imeli smo le dva dirka\u010da, ki sta se borila za naslov prvaka. Oni pa so imeli le enega,&#8221;<\/em> je pojasnil Norris.<\/p>\n<p data-path-to-node=\"5\"><em>&#8220;To je podoben polo\u017eaj, kot je ta, v katerem je Mercedes trenutno v primerjavi z mano. Zato bi rekel, da iz tega ni mogo\u010de potegniti veliko, razen tega, da verjame\u0161, da je mogo\u010de, dokler ve\u010d ni. In s tak\u0161no idejo se bomo borili,&#8221;<\/em> je zaklju\u010dil Britanec.<\/p>\n<blockquote class=\"wp-embedded-content\" data-secret=\"LYH43feaxl\"><p><a href=\"https:\/\/portalf1.si\/en\/wolff-priznava-da-mercedes-nima-odgovora-na-prebujeni-mclaren\/\">Wolff priznava, da Mercedes nima odgovora na prebujeni McLaren<\/a><\/p><\/blockquote>\n<p><iframe loading=\"lazy\" class=\"wp-embedded-content\" sandbox=\"allow-scripts\" security=\"restricted\" style=\"position: absolute; visibility: hidden;\" title=\"\u201cWolff priznava, da Mercedes nima odgovora na prebujeni McLaren\u201d \u2014 Portal F1\" src=\"https:\/\/portalf1.si\/wolff-priznava-da-mercedes-nima-odgovora-na-prebujeni-mclaren\/embed\/#?secret=YKMVPTWQJg#?secret=LYH43feaxl\" data-secret=\"LYH43feaxl\" width=\"600\" height=\"338\" frameborder=\"0\" marginwidth=\"0\" marginheight=\"0\" scrolling=\"no\"><\/iframe><\/p>","protected":false},"excerpt":{"rendered":"<p>Lando Norris je razkril, da je za\u010del \u010drpati navdih iz lanskoletnega \u0161ampionskega naleta Maxa Verstappna, saj se Britanec letos nahaja v podobnem polo\u017eaju. Norris je pred poletnim premorom na Hungaroringu McLarnu zagotovil prvo zmago v sezoni Formule 1 2026. Tej zmagi je nato dodal \u0161e eno v Zandvoortu. Posledi\u010dno je trenutno na \u010detrtem mestu v [&hellip;]<\/p>\n","protected":false},"author":1,"featured_media":6091,"comment_status":"open","ping_status":"closed","sticky":false,"template":"","format":"standard","meta":{"footnotes":""},"categories":[30,65,63,31],"tags":[44,317,159,45,318,158,66,47],"class_list":["post-15996","post","type-post","status-publish","format-standard","has-post-thumbnail","hentry","category-formula-1","category-lando-norris","category-max-verstappen","category-novice","tag-f1","tag-f1-2026","tag-f1-slovenija","tag-formula-1","tag-formula-1-2026","tag-formula-1-slovenija","tag-lando-norris","tag-max-verstappen"],"blocksy_meta":{"styles_descriptor":{"styles":{"desktop":"","tablet":"","mobile":""},"google_fonts":[],"version":7}},"yoast_head":"<!-- This site is optimized with the Yoast SEO plugin v28.4 - https:\/\/yoast.com\/product\/yoast-seo-wordpress\/ -->\n<title>Norris si \u017eeli povratka v boj za naslov v slogu lanskoletnega naleta Verstappna - Portal F1<\/title>\n<meta name=\"description\" content=\"Lando Norris je razkril, da je za\u010del \u010drpati navdih iz lanskoletnega \u0161ampionskega naleta Maxa Verstappna, je Britanec v podobnem polo\u017eaju.\" \/>\n<meta name=\"robots\" content=\"index, follow, max-snippet:-1, max-image-preview:large, max-video-preview:-1\" \/>\n<link rel=\"canonical\" href=\"https:\/\/portalf1.si\/en\/norris-si-zeli-povratka-v-boj-za-naslov-v-slogu-lanskoletnega-naleta-verstappna\/\" \/>\n<meta property=\"og:locale\" content=\"en_US\" \/>\n<meta property=\"og:type\" content=\"article\" \/>\n<meta property=\"og:title\" content=\"Norris si \u017eeli povratka v boj za naslov v slogu lanskoletnega naleta Verstappna - Portal F1\" \/>\n<meta property=\"og:description\" content=\"Lando Norris je razkril, da je za\u010del \u010drpati navdih iz lanskoletnega \u0161ampionskega naleta Maxa Verstappna, je Britanec v podobnem polo\u017eaju.\" \/>\n<meta property=\"og:url\" content=\"https:\/\/portalf1.si\/en\/norris-si-zeli-povratka-v-boj-za-naslov-v-slogu-lanskoletnega-naleta-verstappna\/\" \/>\n<meta property=\"og:site_name\" content=\"Portal F1\" \/>\n<meta property=\"article:publisher\" content=\"https:\/\/www.facebook.com\/portalf1.si\/?locale=sl_SI\" \/>\n<meta property=\"article:published_time\" content=\"2026-08-31T11:49:50+00:00\" \/>\n<meta property=\"og:image\" content=\"https:\/\/portalf1.si\/wp-content\/uploads\/2025\/06\/XPB_1313660_HiRes.avif\" \/>\n\t<meta property=\"og:image:width\" content=\"1800\" \/>\n\t<meta property=\"og:image:height\" content=\"945\" \/>\n\t<meta property=\"og:image:type\" content=\"image\/jpeg\" \/>\n<meta name=\"author\" content=\"Denis \u0160tojs\" \/>\n<meta name=\"twitter:card\" content=\"summary_large_image\" \/>\n<meta name=\"twitter:label1\" content=\"Written by\" \/>\n\t<meta name=\"twitter:data1\" content=\"Denis \u0160tojs\" \/>\n\t<meta name=\"twitter:label2\" content=\"Est. reading time\" \/>\n\t<meta name=\"twitter:data2\" content=\"2 minutes\" \/>\n<script type=\"application\/ld+json\" class=\"yoast-schema-graph\">{\"@context\":\"https:\\\/\\\/schema.org\",\"@graph\":[{\"@type\":\"Article\",\"@id\":\"https:\\\/\\\/portalf1.si\\\/norris-si-zeli-povratka-v-boj-za-naslov-v-slogu-lanskoletnega-naleta-verstappna\\\/#article\",\"isPartOf\":{\"@id\":\"https:\\\/\\\/portalf1.si\\\/norris-si-zeli-povratka-v-boj-za-naslov-v-slogu-lanskoletnega-naleta-verstappna\\\/\"},\"author\":{\"name\":\"Denis \u0160tojs\",\"@id\":\"https:\\\/\\\/portalf1.si\\\/#\\\/schema\\\/person\\\/abfef3ba57233710daadfbdd742fecd5\"},\"headline\":\"Norris si \u017eeli povratka v boj za naslov v slogu lanskoletnega naleta Verstappna\",\"datePublished\":\"2026-08-31T11:49:50+00:00\",\"mainEntityOfPage\":{\"@id\":\"https:\\\/\\\/portalf1.si\\\/norris-si-zeli-povratka-v-boj-za-naslov-v-slogu-lanskoletnega-naleta-verstappna\\\/\"},\"wordCount\":260,\"commentCount\":0,\"publisher\":{\"@id\":\"https:\\\/\\\/portalf1.si\\\/#organization\"},\"image\":{\"@id\":\"https:\\\/\\\/portalf1.si\\\/norris-si-zeli-povratka-v-boj-za-naslov-v-slogu-lanskoletnega-naleta-verstappna\\\/#primaryimage\"},\"thumbnailUrl\":\"https:\\\/\\\/portalf1.si\\\/wp-content\\\/uploads\\\/2025\\\/06\\\/XPB_1313660_HiRes.avif\",\"keywords\":[\"F1\",\"F1 2026\",\"F1 Slovenija\",\"Formula 1\",\"Formula 1 2026\",\"Formula 1 Slovenija\",\"Lando Norris\",\"Max Verstappen\"],\"articleSection\":[\"Formula 1\",\"Lando Norris\",\"Max Verstappen\",\"Novice\"],\"inLanguage\":\"en-US\",\"potentialAction\":[{\"@type\":\"CommentAction\",\"name\":\"Comment\",\"target\":[\"https:\\\/\\\/portalf1.si\\\/norris-si-zeli-povratka-v-boj-za-naslov-v-slogu-lanskoletnega-naleta-verstappna\\\/#respond\"]}]},{\"@type\":\"WebPage\",\"@id\":\"https:\\\/\\\/portalf1.si\\\/norris-si-zeli-povratka-v-boj-za-naslov-v-slogu-lanskoletnega-naleta-verstappna\\\/\",\"url\":\"https:\\\/\\\/portalf1.si\\\/norris-si-zeli-povratka-v-boj-za-naslov-v-slogu-lanskoletnega-naleta-verstappna\\\/\",\"name\":\"Norris si \u017eeli povratka v boj za naslov v slogu lanskoletnega naleta Verstappna - Portal F1\",\"isPartOf\":{\"@id\":\"https:\\\/\\\/portalf1.si\\\/#website\"},\"primaryImageOfPage\":{\"@id\":\"https:\\\/\\\/portalf1.si\\\/norris-si-zeli-povratka-v-boj-za-naslov-v-slogu-lanskoletnega-naleta-verstappna\\\/#primaryimage\"},\"image\":{\"@id\":\"https:\\\/\\\/portalf1.si\\\/norris-si-zeli-povratka-v-boj-za-naslov-v-slogu-lanskoletnega-naleta-verstappna\\\/#primaryimage\"},\"thumbnailUrl\":\"https:\\\/\\\/portalf1.si\\\/wp-content\\\/uploads\\\/2025\\\/06\\\/XPB_1313660_HiRes.avif\",\"datePublished\":\"2026-08-31T11:49:50+00:00\",\"description\":\"Lando Norris je razkril, da je za\u010del \u010drpati navdih iz lanskoletnega \u0161ampionskega naleta Maxa Verstappna, je Britanec v podobnem polo\u017eaju.\",\"breadcrumb\":{\"@id\":\"https:\\\/\\\/portalf1.si\\\/norris-si-zeli-povratka-v-boj-za-naslov-v-slogu-lanskoletnega-naleta-verstappna\\\/#breadcrumb\"},\"inLanguage\":\"en-US\",\"potentialAction\":[{\"@type\":\"ReadAction\",\"target\":[\"https:\\\/\\\/portalf1.si\\\/norris-si-zeli-povratka-v-boj-za-naslov-v-slogu-lanskoletnega-naleta-verstappna\\\/\"]}]},{\"@type\":\"ImageObject\",\"inLanguage\":\"en-US\",\"@id\":\"https:\\\/\\\/portalf1.si\\\/norris-si-zeli-povratka-v-boj-za-naslov-v-slogu-lanskoletnega-naleta-verstappna\\\/#primaryimage\",\"url\":\"https:\\\/\\\/portalf1.si\\\/wp-content\\\/uploads\\\/2025\\\/06\\\/XPB_1313660_HiRes.avif\",\"contentUrl\":\"https:\\\/\\\/portalf1.si\\\/wp-content\\\/uploads\\\/2025\\\/06\\\/XPB_1313660_HiRes.avif\",\"width\":1800,\"height\":945},{\"@type\":\"BreadcrumbList\",\"@id\":\"https:\\\/\\\/portalf1.si\\\/norris-si-zeli-povratka-v-boj-za-naslov-v-slogu-lanskoletnega-naleta-verstappna\\\/#breadcrumb\",\"itemListElement\":[{\"@type\":\"ListItem\",\"position\":1,\"name\":\"Home\",\"item\":\"https:\\\/\\\/portalf1.si\\\/\"},{\"@type\":\"ListItem\",\"position\":2,\"name\":\"Norris si \u017eeli povratka v boj za naslov v slogu lanskoletnega naleta Verstappna\"}]},{\"@type\":\"WebSite\",\"@id\":\"https:\\\/\\\/portalf1.si\\\/#website\",\"url\":\"https:\\\/\\\/portalf1.si\\\/\",\"name\":\"Portal F1\",\"description\":\"Najnovej\u0161e novice iz sveta F1\",\"publisher\":{\"@id\":\"https:\\\/\\\/portalf1.si\\\/#organization\"},\"potentialAction\":[{\"@type\":\"SearchAction\",\"target\":{\"@type\":\"EntryPoint\",\"urlTemplate\":\"https:\\\/\\\/portalf1.si\\\/?s={search_term_string}\"},\"query-input\":{\"@type\":\"PropertyValueSpecification\",\"valueRequired\":true,\"valueName\":\"search_term_string\"}}],\"inLanguage\":\"en-US\"},{\"@type\":\"Organization\",\"@id\":\"https:\\\/\\\/portalf1.si\\\/#organization\",\"name\":\"Portal F1\",\"url\":\"https:\\\/\\\/portalf1.si\\\/\",\"logo\":{\"@type\":\"ImageObject\",\"inLanguage\":\"en-US\",\"@id\":\"https:\\\/\\\/portalf1.si\\\/#\\\/schema\\\/logo\\\/image\\\/\",\"url\":\"https:\\\/\\\/portalf1.si\\\/wp-content\\\/uploads\\\/2025\\\/02\\\/cropped-HiPaint_1738532868530.png\",\"contentUrl\":\"https:\\\/\\\/portalf1.si\\\/wp-content\\\/uploads\\\/2025\\\/02\\\/cropped-HiPaint_1738532868530.png\",\"width\":512,\"height\":512,\"caption\":\"Portal F1\"},\"image\":{\"@id\":\"https:\\\/\\\/portalf1.si\\\/#\\\/schema\\\/logo\\\/image\\\/\"},\"sameAs\":[\"https:\\\/\\\/www.facebook.com\\\/portalf1.si\\\/?locale=sl_SI\"]},{\"@type\":\"Person\",\"@id\":\"https:\\\/\\\/portalf1.si\\\/#\\\/schema\\\/person\\\/abfef3ba57233710daadfbdd742fecd5\",\"name\":\"Denis \u0160tojs\",\"image\":{\"@type\":\"ImageObject\",\"inLanguage\":\"en-US\",\"@id\":\"https:\\\/\\\/secure.gravatar.com\\\/avatar\\\/b006ce11dfb9c6e47e9de9803eefbdc14aa4afb445f3cca05acc735c22115b38?s=96&d=mm&r=g\",\"url\":\"https:\\\/\\\/secure.gravatar.com\\\/avatar\\\/b006ce11dfb9c6e47e9de9803eefbdc14aa4afb445f3cca05acc735c22115b38?s=96&d=mm&r=g\",\"contentUrl\":\"https:\\\/\\\/secure.gravatar.com\\\/avatar\\\/b006ce11dfb9c6e47e9de9803eefbdc14aa4afb445f3cca05acc735c22115b38?s=96&d=mm&r=g\",\"caption\":\"Denis \u0160tojs\"},\"sameAs\":[\"https:\\\/\\\/portalf1.si\"],\"url\":\"https:\\\/\\\/portalf1.si\\\/en\\\/author\\\/portalf1\\\/\"}]}<\/script>\n<!-- \/ Yoast SEO plugin. -->","yoast_head_json":{"title":"Norris si \u017eeli povratka v boj za naslov v slogu lanskoletnega naleta Verstappna - Portal F1","description":"Lando Norris je razkril, da je za\u010del \u010drpati navdih iz lanskoletnega \u0161ampionskega naleta Maxa Verstappna, je Britanec v podobnem polo\u017eaju.","robots":{"index":"index","follow":"follow","max-snippet":"max-snippet:-1","max-image-preview":"max-image-preview:large","max-video-preview":"max-video-preview:-1"},"canonical":"https:\/\/portalf1.si\/en\/norris-si-zeli-povratka-v-boj-za-naslov-v-slogu-lanskoletnega-naleta-verstappna\/","og_locale":"en_US","og_type":"article","og_title":"Norris si \u017eeli povratka v boj za naslov v slogu lanskoletnega naleta Verstappna - Portal F1","og_description":"Lando Norris je razkril, da je za\u010del \u010drpati navdih iz lanskoletnega \u0161ampionskega naleta Maxa Verstappna, je Britanec v podobnem polo\u017eaju.","og_url":"https:\/\/portalf1.si\/en\/norris-si-zeli-povratka-v-boj-za-naslov-v-slogu-lanskoletnega-naleta-verstappna\/","og_site_name":"Portal F1","article_publisher":"https:\/\/www.facebook.com\/portalf1.si\/?locale=sl_SI","article_published_time":"2026-08-31T11:49:50+00:00","og_image":[{"width":1800,"height":945,"url":"https:\/\/portalf1.si\/wp-content\/uploads\/2025\/06\/XPB_1313660_HiRes.avif","type":"image\/jpeg"}],"author":"Denis \u0160tojs","twitter_card":"summary_large_image","twitter_misc":{"Written by":"Denis \u0160tojs","Est. reading time":"2 minutes"},"schema":{"@context":"https:\/\/schema.org","@graph":[{"@type":"Article","@id":"https:\/\/portalf1.si\/norris-si-zeli-povratka-v-boj-za-naslov-v-slogu-lanskoletnega-naleta-verstappna\/#article","isPartOf":{"@id":"https:\/\/portalf1.si\/norris-si-zeli-povratka-v-boj-za-naslov-v-slogu-lanskoletnega-naleta-verstappna\/"},"author":{"name":"Denis \u0160tojs","@id":"https:\/\/portalf1.si\/#\/schema\/person\/abfef3ba57233710daadfbdd742fecd5"},"headline":"Norris si \u017eeli povratka v boj za naslov v slogu lanskoletnega naleta Verstappna","datePublished":"2026-08-31T11:49:50+00:00","mainEntityOfPage":{"@id":"https:\/\/portalf1.si\/norris-si-zeli-povratka-v-boj-za-naslov-v-slogu-lanskoletnega-naleta-verstappna\/"},"wordCount":260,"commentCount":0,"publisher":{"@id":"https:\/\/portalf1.si\/#organization"},"image":{"@id":"https:\/\/portalf1.si\/norris-si-zeli-povratka-v-boj-za-naslov-v-slogu-lanskoletnega-naleta-verstappna\/#primaryimage"},"thumbnailUrl":"https:\/\/portalf1.si\/wp-content\/uploads\/2025\/06\/XPB_1313660_HiRes.avif","keywords":["F1","F1 2026","F1 Slovenija","Formula 1","Formula 1 2026","Formula 1 Slovenija","Lando Norris","Max Verstappen"],"articleSection":["Formula 1","Lando Norris","Max Verstappen","Novice"],"inLanguage":"en-US","potentialAction":[{"@type":"CommentAction","name":"Comment","target":["https:\/\/portalf1.si\/norris-si-zeli-povratka-v-boj-za-naslov-v-slogu-lanskoletnega-naleta-verstappna\/#respond"]}]},{"@type":"WebPage","@id":"https:\/\/portalf1.si\/norris-si-zeli-povratka-v-boj-za-naslov-v-slogu-lanskoletnega-naleta-verstappna\/","url":"https:\/\/portalf1.si\/norris-si-zeli-povratka-v-boj-za-naslov-v-slogu-lanskoletnega-naleta-verstappna\/","name":"Norris si \u017eeli povratka v boj za naslov v slogu lanskoletnega naleta Verstappna - Portal F1","isPartOf":{"@id":"https:\/\/portalf1.si\/#website"},"primaryImageOfPage":{"@id":"https:\/\/portalf1.si\/norris-si-zeli-povratka-v-boj-za-naslov-v-slogu-lanskoletnega-naleta-verstappna\/#primaryimage"},"image":{"@id":"https:\/\/portalf1.si\/norris-si-zeli-povratka-v-boj-za-naslov-v-slogu-lanskoletnega-naleta-verstappna\/#primaryimage"},"thumbnailUrl":"https:\/\/portalf1.si\/wp-content\/uploads\/2025\/06\/XPB_1313660_HiRes.avif","datePublished":"2026-08-31T11:49:50+00:00","description":"Lando Norris je razkril, da je za\u010del \u010drpati navdih iz lanskoletnega \u0161ampionskega naleta Maxa Verstappna, je Britanec v podobnem polo\u017eaju.","breadcrumb":{"@id":"https:\/\/portalf1.si\/norris-si-zeli-povratka-v-boj-za-naslov-v-slogu-lanskoletnega-naleta-verstappna\/#breadcrumb"},"inLanguage":"en-US","potentialAction":[{"@type":"ReadAction","target":["https:\/\/portalf1.si\/norris-si-zeli-povratka-v-boj-za-naslov-v-slogu-lanskoletnega-naleta-verstappna\/"]}]},{"@type":"ImageObject","inLanguage":"en-US","@id":"https:\/\/portalf1.si\/norris-si-zeli-povratka-v-boj-za-naslov-v-slogu-lanskoletnega-naleta-verstappna\/#primaryimage","url":"https:\/\/portalf1.si\/wp-content\/uploads\/2025\/06\/XPB_1313660_HiRes.avif","contentUrl":"https:\/\/portalf1.si\/wp-content\/uploads\/2025\/06\/XPB_1313660_HiRes.avif","width":1800,"height":945},{"@type":"BreadcrumbList","@id":"https:\/\/portalf1.si\/norris-si-zeli-povratka-v-boj-za-naslov-v-slogu-lanskoletnega-naleta-verstappna\/#breadcrumb","itemListElement":[{"@type":"ListItem","position":1,"name":"Home","item":"https:\/\/portalf1.si\/"},{"@type":"ListItem","position":2,"name":"Norris si \u017eeli povratka v boj za naslov v slogu lanskoletnega naleta Verstappna"}]},{"@type":"WebSite","@id":"https:\/\/portalf1.si\/#website","url":"https:\/\/portalf1.si\/","name":"Portal F1","description":"Najnovej\u0161e novice iz sveta F1","publisher":{"@id":"https:\/\/portalf1.si\/#organization"},"potentialAction":[{"@type":"SearchAction","target":{"@type":"EntryPoint","urlTemplate":"https:\/\/portalf1.si\/?s={search_term_string}"},"query-input":{"@type":"PropertyValueSpecification","valueRequired":true,"valueName":"search_term_string"}}],"inLanguage":"en-US"},{"@type":"Organization","@id":"https:\/\/portalf1.si\/#organization","name":"Portal F1","url":"https:\/\/portalf1.si\/","logo":{"@type":"ImageObject","inLanguage":"en-US","@id":"https:\/\/portalf1.si\/#\/schema\/logo\/image\/","url":"https:\/\/portalf1.si\/wp-content\/uploads\/2025\/02\/cropped-HiPaint_1738532868530.png","contentUrl":"https:\/\/portalf1.si\/wp-content\/uploads\/2025\/02\/cropped-HiPaint_1738532868530.png","width":512,"height":512,"caption":"Portal F1"},"image":{"@id":"https:\/\/portalf1.si\/#\/schema\/logo\/image\/"},"sameAs":["https:\/\/www.facebook.com\/portalf1.si\/?locale=sl_SI"]},{"@type":"Person","@id":"https:\/\/portalf1.si\/#\/schema\/person\/abfef3ba57233710daadfbdd742fecd5","name":"Denis Stoy","image":{"@type":"ImageObject","inLanguage":"en-US","@id":"https:\/\/secure.gravatar.com\/avatar\/b006ce11dfb9c6e47e9de9803eefbdc14aa4afb445f3cca05acc735c22115b38?s=96&d=mm&r=g","url":"https:\/\/secure.gravatar.com\/avatar\/b006ce11dfb9c6e47e9de9803eefbdc14aa4afb445f3cca05acc735c22115b38?s=96&d=mm&r=g","contentUrl":"https:\/\/secure.gravatar.com\/avatar\/b006ce11dfb9c6e47e9de9803eefbdc14aa4afb445f3cca05acc735c22115b38?s=96&d=mm&r=g","caption":"Denis \u0160tojs"},"sameAs":["https:\/\/portalf1.si"],"url":"https:\/\/portalf1.si\/en\/author\/portalf1\/"}]}},"_links":{"self":[{"href":"https:\/\/portalf1.si\/en\/wp-json\/wp\/v2\/posts\/15996","targetHints":{"allow":["GET"]}}],"collection":[{"href":"https:\/\/portalf1.si\/en\/wp-json\/wp\/v2\/posts"}],"about":[{"href":"https:\/\/portalf1.si\/en\/wp-json\/wp\/v2\/types\/post"}],"author":[{"embeddable":true,"href":"https:\/\/portalf1.si\/en\/wp-json\/wp\/v2\/users\/1"}],"replies":[{"embeddable":true,"href":"https:\/\/portalf1.si\/en\/wp-json\/wp\/v2\/comments?post=15996"}],"version-history":[{"count":2,"href":"https:\/\/portalf1.si\/en\/wp-json\/wp\/v2\/posts\/15996\/revisions"}],"predecessor-version":[{"id":15998,"href":"https:\/\/portalf1.si\/en\/wp-json\/wp\/v2\/posts\/15996\/revisions\/15998"}],"wp:featuredmedia":[{"embeddable":true,"href":"https:\/\/portalf1.si\/en\/wp-json\/wp\/v2\/media\/6091"}],"wp:attachment":[{"href":"https:\/\/portalf1.si\/en\/wp-json\/wp\/v2\/media?parent=15996"}],"wp:term":[{"taxonomy":"category","embeddable":true,"href":"https:\/\/portalf1.si\/en\/wp-json\/wp\/v2\/categories?post=15996"},{"taxonomy":"post_tag","embeddable":true,"href":"https:\/\/portalf1.si\/en\/wp-json\/wp\/v2\/tags?post=15996"}],"curies":[{"name":"wp","href":"https:\/\/api.w.org\/{rel}","templated":true}]}}