{"id":15999,"date":"2026-08-31T14:17:57","date_gmt":"2026-08-31T14:17:57","guid":{"rendered":"https:\/\/portalf1.si\/?p=15999"},"modified":"2026-08-31T14:17:57","modified_gmt":"2026-08-31T14:17:57","slug":"hamilton-naj-bi-imel-na-mizi-vecletno-pogodbo-s-ferrarijem","status":"publish","type":"post","link":"https:\/\/portalf1.si\/en\/hamilton-naj-bi-imel-na-mizi-vecletno-pogodbo-s-ferrarijem\/","title":{"rendered":"Hamilton naj bi imel na mizi ve\u010dletno pogodbo s Ferrarijem"},"content":{"rendered":"<p data-path-to-node=\"0\"><strong>Lewis Hamilton bo po preverjenih informacijah ostal dirka\u010d Ferrarija vse do konca sezone Formule 1 2028, pri \u010demer so podrobnosti pri\u0161le na dan pred Veliko nagrado Italije v Monzi. <\/strong><\/p>\n<p data-path-to-node=\"0\">Pogodba sedemkratnega svetovnega prvaka s Scuderio je bila uradno opisana le kot ve\u010dletni dogovor, a po zadnjih podatkih naj bi bil Britanec zavezan do vklju\u010dno leta 2028, obstaja pa tudi mo\u017enost podalj\u0161anja za \u0161e eno dodatno sezono, kar bi ga v rde\u010dem dirkalniku lahko obdr\u017ealo vse do njegovega 43. leta.<\/p>\n<p data-path-to-node=\"1\">\u010ceprav Ferrari novic \u0161e ni uradno potrdil, te prihajajo pred doma\u010do dirko Ferrarija v Monzi in po tem, ko je Max Verstappen obljubil svojo prihodnost Red Bullu z novim podalj\u0161anjem do leta 2030, Lando Norris pa je prav tako podpisal z McLarnom vsaj do leta 2030.<\/p>\n<p data-path-to-node=\"2\">Ti dogovori so s trga umaknili dve izmed najve\u010djih imen Formule 1 in pove\u010dali pozornost na preostale dolgoro\u010dne na\u010drte Ferrarijeve trenutne dirka\u0161ke zasedbe. Charles Leclerc je \u017ee podpisal novo ve\u010dletno pogodbo s Ferrarijem, ki se po razumevanju razteza \u010dez leto 2028, medtem ko je Hamiltonov polo\u017eaj v javnosti ostal manj jasno opredeljen.<\/p>\n<p data-path-to-node=\"3\">\u010ce bo Hamilton potrjen za leto 2028, bi Ferrari obdr\u017eal enega najuspe\u0161nej\u0161ih dirka\u010dev tega \u0161porta skozi klju\u010dno obdobje svojega projekta pod novimi pravili. Hamilton je iz Mercedesa pri\u0161el z ambicijo, da svojemu izkupi\u010dku doda osmi naslov svetovnega prvaka in Ferrari popelje na pota stare slave.<\/p>\n<p data-path-to-node=\"4\">Njegova prva sezona pri Ferrariju je prinesla izzive, vendar partnerstvo \u0161e naprej nosi ogromno te\u017eo tako na stezi kot komercialno. Novica o pogodbi do leta 2028 bi pokazala, da Hamiltonova selitev v Maranello ni bila zamisljena le kot kratko zadnje poglavje.<\/p>\n<p data-path-to-node=\"5\">Za Ferrari bi bila kontinuiteta \u0161e posebej dragocena, ko ekipa razvija svoj dirkalnik in delovanje za nov tehni\u010dni cikel, pri \u010demer je \u0161ef ekipa Fred Vasseur izpostavil Britan\u010deve izku\u0161nje kot klju\u010dne za razvoj Ferrarija.<\/p>\n<p data-path-to-node=\"6\">Hamiltonovo poznavanje prej\u0161njih sprememb pravilnikov bi v kombinaciji z Leclercovo dolgoro\u010dno zavezanostjo dalo Scuderii stabilno dirka\u0161ko zasedbo za prihodnje sezone.<\/p>\n<blockquote class=\"wp-embedded-content\" data-secret=\"q1gEdTdIrt\"><p><a href=\"https:\/\/portalf1.si\/en\/cas-je-da-ferrari-sprejme-kruto-odlocitev-in-zacne-dajati-prednost-hamiltonu\/\">\u010cas je, da Ferrari sprejme kruto odlo\u010ditev in za\u010dne dajati prednost Hamiltonu<\/a><\/p><\/blockquote>\n<p><iframe loading=\"lazy\" class=\"wp-embedded-content\" sandbox=\"allow-scripts\" security=\"restricted\" style=\"position: absolute; visibility: hidden;\" title=\"\u201c\u010cas je, da Ferrari sprejme kruto odlo\u010ditev in za\u010dne dajati prednost Hamiltonu\u201d \u2014 Portal F1\" src=\"https:\/\/portalf1.si\/cas-je-da-ferrari-sprejme-kruto-odlocitev-in-zacne-dajati-prednost-hamiltonu\/embed\/#?secret=eFSI2YcDDW#?secret=q1gEdTdIrt\" data-secret=\"q1gEdTdIrt\" width=\"600\" height=\"338\" frameborder=\"0\" marginwidth=\"0\" marginheight=\"0\" scrolling=\"no\"><\/iframe><\/p>","protected":false},"excerpt":{"rendered":"<p>Lewis Hamilton bo po preverjenih informacijah ostal dirka\u010d Ferrarija vse do konca sezone Formule 1 2028, pri \u010demer so podrobnosti pri\u0161le na dan pred Veliko nagrado Italije v Monzi. Pogodba sedemkratnega svetovnega prvaka s Scuderio je bila uradno opisana le kot ve\u010dletni dogovor, a po zadnjih podatkih naj bi bil Britanec zavezan do vklju\u010dno leta [&hellip;]<\/p>\n","protected":false},"author":1,"featured_media":14134,"comment_status":"open","ping_status":"closed","sticky":false,"template":"","format":"standard","meta":{"footnotes":""},"categories":[34,30,41,31,1],"tags":[44,317,159,46,45,318,158,42],"class_list":["post-15999","post","type-post","status-publish","format-standard","has-post-thumbnail","hentry","category-ferrari","category-formula-1","category-lewis-hamilton","category-novice","category-uncategorized","tag-f1","tag-f1-2026","tag-f1-slovenija","tag-ferrari","tag-formula-1","tag-formula-1-2026","tag-formula-1-slovenija","tag-lewis-hamilton"],"blocksy_meta":{"styles_descriptor":{"styles":{"desktop":"","tablet":"","mobile":""},"google_fonts":[],"version":7}},"yoast_head":"<!-- This site is optimized with the Yoast SEO plugin v28.4 - https:\/\/yoast.com\/product\/yoast-seo-wordpress\/ -->\n<title>Hamilton naj bi imel na mizi ve\u010dletno pogodbo s Ferrarijem - Portal F1<\/title>\n<meta name=\"description\" content=\"Lewis Hamilton bo ostal dirka\u010d Ferrarija vse do konca sezone Formule 1 2028, pri \u010demer so podrobnosti pri\u0161le na dan pred VN Italije v Monzi.\" \/>\n<meta name=\"robots\" content=\"index, follow, max-snippet:-1, max-image-preview:large, max-video-preview:-1\" \/>\n<link rel=\"canonical\" href=\"https:\/\/portalf1.si\/en\/hamilton-naj-bi-imel-na-mizi-vecletno-pogodbo-s-ferrarijem\/\" \/>\n<meta property=\"og:locale\" content=\"en_US\" \/>\n<meta property=\"og:type\" content=\"article\" \/>\n<meta property=\"og:title\" content=\"Hamilton naj bi imel na mizi ve\u010dletno pogodbo s Ferrarijem - Portal F1\" \/>\n<meta property=\"og:description\" content=\"Lewis Hamilton bo ostal dirka\u010d Ferrarija vse do konca sezone Formule 1 2028, pri \u010demer so podrobnosti pri\u0161le na dan pred VN Italije v Monzi.\" \/>\n<meta property=\"og:url\" content=\"https:\/\/portalf1.si\/en\/hamilton-naj-bi-imel-na-mizi-vecletno-pogodbo-s-ferrarijem\/\" \/>\n<meta property=\"og:site_name\" content=\"Portal F1\" \/>\n<meta property=\"article:publisher\" content=\"https:\/\/www.facebook.com\/portalf1.si\/?locale=sl_SI\" \/>\n<meta property=\"article:published_time\" content=\"2026-08-31T14:17:57+00:00\" \/>\n<meta property=\"og:image\" content=\"https:\/\/portalf1.si\/wp-content\/uploads\/2026\/06\/www.wiltsglosstandard.co_.avif\" \/>\n\t<meta property=\"og:image:width\" content=\"1200\" \/>\n\t<meta property=\"og:image:height\" content=\"800\" \/>\n\t<meta property=\"og:image:type\" content=\"image\/jpeg\" \/>\n<meta name=\"author\" content=\"Denis \u0160tojs\" \/>\n<meta name=\"twitter:card\" content=\"summary_large_image\" \/>\n<meta name=\"twitter:label1\" content=\"Written by\" \/>\n\t<meta name=\"twitter:data1\" content=\"Denis \u0160tojs\" \/>\n\t<meta name=\"twitter:label2\" content=\"Est. reading time\" \/>\n\t<meta name=\"twitter:data2\" content=\"2 minutes\" \/>\n<script type=\"application\/ld+json\" class=\"yoast-schema-graph\">{\"@context\":\"https:\\\/\\\/schema.org\",\"@graph\":[{\"@type\":\"Article\",\"@id\":\"https:\\\/\\\/portalf1.si\\\/hamilton-naj-bi-imel-na-mizi-vecletno-pogodbo-s-ferrarijem\\\/#article\",\"isPartOf\":{\"@id\":\"https:\\\/\\\/portalf1.si\\\/hamilton-naj-bi-imel-na-mizi-vecletno-pogodbo-s-ferrarijem\\\/\"},\"author\":{\"name\":\"Denis \u0160tojs\",\"@id\":\"https:\\\/\\\/portalf1.si\\\/#\\\/schema\\\/person\\\/abfef3ba57233710daadfbdd742fecd5\"},\"headline\":\"Hamilton naj bi imel na mizi ve\u010dletno pogodbo s Ferrarijem\",\"datePublished\":\"2026-08-31T14:17:57+00:00\",\"mainEntityOfPage\":{\"@id\":\"https:\\\/\\\/portalf1.si\\\/hamilton-naj-bi-imel-na-mizi-vecletno-pogodbo-s-ferrarijem\\\/\"},\"wordCount\":353,\"commentCount\":0,\"publisher\":{\"@id\":\"https:\\\/\\\/portalf1.si\\\/#organization\"},\"image\":{\"@id\":\"https:\\\/\\\/portalf1.si\\\/hamilton-naj-bi-imel-na-mizi-vecletno-pogodbo-s-ferrarijem\\\/#primaryimage\"},\"thumbnailUrl\":\"https:\\\/\\\/portalf1.si\\\/wp-content\\\/uploads\\\/2026\\\/06\\\/www.wiltsglosstandard.co_.avif\",\"keywords\":[\"F1\",\"F1 2026\",\"F1 Slovenija\",\"Ferrari\",\"Formula 1\",\"Formula 1 2026\",\"Formula 1 Slovenija\",\"Lewis Hamilton\"],\"articleSection\":[\"Ferrari\",\"Formula 1\",\"Lewis Hamilton\",\"Novice\"],\"inLanguage\":\"en-US\",\"potentialAction\":[{\"@type\":\"CommentAction\",\"name\":\"Comment\",\"target\":[\"https:\\\/\\\/portalf1.si\\\/hamilton-naj-bi-imel-na-mizi-vecletno-pogodbo-s-ferrarijem\\\/#respond\"]}]},{\"@type\":\"WebPage\",\"@id\":\"https:\\\/\\\/portalf1.si\\\/hamilton-naj-bi-imel-na-mizi-vecletno-pogodbo-s-ferrarijem\\\/\",\"url\":\"https:\\\/\\\/portalf1.si\\\/hamilton-naj-bi-imel-na-mizi-vecletno-pogodbo-s-ferrarijem\\\/\",\"name\":\"Hamilton naj bi imel na mizi ve\u010dletno pogodbo s Ferrarijem - Portal F1\",\"isPartOf\":{\"@id\":\"https:\\\/\\\/portalf1.si\\\/#website\"},\"primaryImageOfPage\":{\"@id\":\"https:\\\/\\\/portalf1.si\\\/hamilton-naj-bi-imel-na-mizi-vecletno-pogodbo-s-ferrarijem\\\/#primaryimage\"},\"image\":{\"@id\":\"https:\\\/\\\/portalf1.si\\\/hamilton-naj-bi-imel-na-mizi-vecletno-pogodbo-s-ferrarijem\\\/#primaryimage\"},\"thumbnailUrl\":\"https:\\\/\\\/portalf1.si\\\/wp-content\\\/uploads\\\/2026\\\/06\\\/www.wiltsglosstandard.co_.avif\",\"datePublished\":\"2026-08-31T14:17:57+00:00\",\"description\":\"Lewis Hamilton bo ostal dirka\u010d Ferrarija vse do konca sezone Formule 1 2028, pri \u010demer so podrobnosti pri\u0161le na dan pred VN Italije v Monzi.\",\"breadcrumb\":{\"@id\":\"https:\\\/\\\/portalf1.si\\\/hamilton-naj-bi-imel-na-mizi-vecletno-pogodbo-s-ferrarijem\\\/#breadcrumb\"},\"inLanguage\":\"en-US\",\"potentialAction\":[{\"@type\":\"ReadAction\",\"target\":[\"https:\\\/\\\/portalf1.si\\\/hamilton-naj-bi-imel-na-mizi-vecletno-pogodbo-s-ferrarijem\\\/\"]}]},{\"@type\":\"ImageObject\",\"inLanguage\":\"en-US\",\"@id\":\"https:\\\/\\\/portalf1.si\\\/hamilton-naj-bi-imel-na-mizi-vecletno-pogodbo-s-ferrarijem\\\/#primaryimage\",\"url\":\"https:\\\/\\\/portalf1.si\\\/wp-content\\\/uploads\\\/2026\\\/06\\\/www.wiltsglosstandard.co_.avif\",\"contentUrl\":\"https:\\\/\\\/portalf1.si\\\/wp-content\\\/uploads\\\/2026\\\/06\\\/www.wiltsglosstandard.co_.avif\",\"width\":1200,\"height\":800},{\"@type\":\"BreadcrumbList\",\"@id\":\"https:\\\/\\\/portalf1.si\\\/hamilton-naj-bi-imel-na-mizi-vecletno-pogodbo-s-ferrarijem\\\/#breadcrumb\",\"itemListElement\":[{\"@type\":\"ListItem\",\"position\":1,\"name\":\"Home\",\"item\":\"https:\\\/\\\/portalf1.si\\\/\"},{\"@type\":\"ListItem\",\"position\":2,\"name\":\"Hamilton naj bi imel na mizi ve\u010dletno pogodbo s Ferrarijem\"}]},{\"@type\":\"WebSite\",\"@id\":\"https:\\\/\\\/portalf1.si\\\/#website\",\"url\":\"https:\\\/\\\/portalf1.si\\\/\",\"name\":\"Portal F1\",\"description\":\"Najnovej\u0161e novice iz sveta F1\",\"publisher\":{\"@id\":\"https:\\\/\\\/portalf1.si\\\/#organization\"},\"potentialAction\":[{\"@type\":\"SearchAction\",\"target\":{\"@type\":\"EntryPoint\",\"urlTemplate\":\"https:\\\/\\\/portalf1.si\\\/?s={search_term_string}\"},\"query-input\":{\"@type\":\"PropertyValueSpecification\",\"valueRequired\":true,\"valueName\":\"search_term_string\"}}],\"inLanguage\":\"en-US\"},{\"@type\":\"Organization\",\"@id\":\"https:\\\/\\\/portalf1.si\\\/#organization\",\"name\":\"Portal F1\",\"url\":\"https:\\\/\\\/portalf1.si\\\/\",\"logo\":{\"@type\":\"ImageObject\",\"inLanguage\":\"en-US\",\"@id\":\"https:\\\/\\\/portalf1.si\\\/#\\\/schema\\\/logo\\\/image\\\/\",\"url\":\"https:\\\/\\\/portalf1.si\\\/wp-content\\\/uploads\\\/2025\\\/02\\\/cropped-HiPaint_1738532868530.png\",\"contentUrl\":\"https:\\\/\\\/portalf1.si\\\/wp-content\\\/uploads\\\/2025\\\/02\\\/cropped-HiPaint_1738532868530.png\",\"width\":512,\"height\":512,\"caption\":\"Portal F1\"},\"image\":{\"@id\":\"https:\\\/\\\/portalf1.si\\\/#\\\/schema\\\/logo\\\/image\\\/\"},\"sameAs\":[\"https:\\\/\\\/www.facebook.com\\\/portalf1.si\\\/?locale=sl_SI\"]},{\"@type\":\"Person\",\"@id\":\"https:\\\/\\\/portalf1.si\\\/#\\\/schema\\\/person\\\/abfef3ba57233710daadfbdd742fecd5\",\"name\":\"Denis \u0160tojs\",\"image\":{\"@type\":\"ImageObject\",\"inLanguage\":\"en-US\",\"@id\":\"https:\\\/\\\/secure.gravatar.com\\\/avatar\\\/b006ce11dfb9c6e47e9de9803eefbdc14aa4afb445f3cca05acc735c22115b38?s=96&d=mm&r=g\",\"url\":\"https:\\\/\\\/secure.gravatar.com\\\/avatar\\\/b006ce11dfb9c6e47e9de9803eefbdc14aa4afb445f3cca05acc735c22115b38?s=96&d=mm&r=g\",\"contentUrl\":\"https:\\\/\\\/secure.gravatar.com\\\/avatar\\\/b006ce11dfb9c6e47e9de9803eefbdc14aa4afb445f3cca05acc735c22115b38?s=96&d=mm&r=g\",\"caption\":\"Denis \u0160tojs\"},\"sameAs\":[\"https:\\\/\\\/portalf1.si\"],\"url\":\"https:\\\/\\\/portalf1.si\\\/en\\\/author\\\/portalf1\\\/\"}]}<\/script>\n<!-- \/ Yoast SEO plugin. -->","yoast_head_json":{"title":"Hamilton naj bi imel na mizi ve\u010dletno pogodbo s Ferrarijem - Portal F1","description":"Lewis Hamilton bo ostal dirka\u010d Ferrarija vse do konca sezone Formule 1 2028, pri \u010demer so podrobnosti pri\u0161le na dan pred VN Italije v Monzi.","robots":{"index":"index","follow":"follow","max-snippet":"max-snippet:-1","max-image-preview":"max-image-preview:large","max-video-preview":"max-video-preview:-1"},"canonical":"https:\/\/portalf1.si\/en\/hamilton-naj-bi-imel-na-mizi-vecletno-pogodbo-s-ferrarijem\/","og_locale":"en_US","og_type":"article","og_title":"Hamilton naj bi imel na mizi ve\u010dletno pogodbo s Ferrarijem - Portal F1","og_description":"Lewis Hamilton bo ostal dirka\u010d Ferrarija vse do konca sezone Formule 1 2028, pri \u010demer so podrobnosti pri\u0161le na dan pred VN Italije v Monzi.","og_url":"https:\/\/portalf1.si\/en\/hamilton-naj-bi-imel-na-mizi-vecletno-pogodbo-s-ferrarijem\/","og_site_name":"Portal F1","article_publisher":"https:\/\/www.facebook.com\/portalf1.si\/?locale=sl_SI","article_published_time":"2026-08-31T14:17:57+00:00","og_image":[{"width":1200,"height":800,"url":"https:\/\/portalf1.si\/wp-content\/uploads\/2026\/06\/www.wiltsglosstandard.co_.avif","type":"image\/jpeg"}],"author":"Denis \u0160tojs","twitter_card":"summary_large_image","twitter_misc":{"Written by":"Denis \u0160tojs","Est. reading time":"2 minutes"},"schema":{"@context":"https:\/\/schema.org","@graph":[{"@type":"Article","@id":"https:\/\/portalf1.si\/hamilton-naj-bi-imel-na-mizi-vecletno-pogodbo-s-ferrarijem\/#article","isPartOf":{"@id":"https:\/\/portalf1.si\/hamilton-naj-bi-imel-na-mizi-vecletno-pogodbo-s-ferrarijem\/"},"author":{"name":"Denis \u0160tojs","@id":"https:\/\/portalf1.si\/#\/schema\/person\/abfef3ba57233710daadfbdd742fecd5"},"headline":"Hamilton naj bi imel na mizi ve\u010dletno pogodbo s Ferrarijem","datePublished":"2026-08-31T14:17:57+00:00","mainEntityOfPage":{"@id":"https:\/\/portalf1.si\/hamilton-naj-bi-imel-na-mizi-vecletno-pogodbo-s-ferrarijem\/"},"wordCount":353,"commentCount":0,"publisher":{"@id":"https:\/\/portalf1.si\/#organization"},"image":{"@id":"https:\/\/portalf1.si\/hamilton-naj-bi-imel-na-mizi-vecletno-pogodbo-s-ferrarijem\/#primaryimage"},"thumbnailUrl":"https:\/\/portalf1.si\/wp-content\/uploads\/2026\/06\/www.wiltsglosstandard.co_.avif","keywords":["F1","F1 2026","F1 Slovenija","Ferrari","Formula 1","Formula 1 2026","Formula 1 Slovenija","Lewis Hamilton"],"articleSection":["Ferrari","Formula 1","Lewis Hamilton","Novice"],"inLanguage":"en-US","potentialAction":[{"@type":"CommentAction","name":"Comment","target":["https:\/\/portalf1.si\/hamilton-naj-bi-imel-na-mizi-vecletno-pogodbo-s-ferrarijem\/#respond"]}]},{"@type":"WebPage","@id":"https:\/\/portalf1.si\/hamilton-naj-bi-imel-na-mizi-vecletno-pogodbo-s-ferrarijem\/","url":"https:\/\/portalf1.si\/hamilton-naj-bi-imel-na-mizi-vecletno-pogodbo-s-ferrarijem\/","name":"Hamilton naj bi imel na mizi ve\u010dletno pogodbo s Ferrarijem - Portal F1","isPartOf":{"@id":"https:\/\/portalf1.si\/#website"},"primaryImageOfPage":{"@id":"https:\/\/portalf1.si\/hamilton-naj-bi-imel-na-mizi-vecletno-pogodbo-s-ferrarijem\/#primaryimage"},"image":{"@id":"https:\/\/portalf1.si\/hamilton-naj-bi-imel-na-mizi-vecletno-pogodbo-s-ferrarijem\/#primaryimage"},"thumbnailUrl":"https:\/\/portalf1.si\/wp-content\/uploads\/2026\/06\/www.wiltsglosstandard.co_.avif","datePublished":"2026-08-31T14:17:57+00:00","description":"Lewis Hamilton bo ostal dirka\u010d Ferrarija vse do konca sezone Formule 1 2028, pri \u010demer so podrobnosti pri\u0161le na dan pred VN Italije v Monzi.","breadcrumb":{"@id":"https:\/\/portalf1.si\/hamilton-naj-bi-imel-na-mizi-vecletno-pogodbo-s-ferrarijem\/#breadcrumb"},"inLanguage":"en-US","potentialAction":[{"@type":"ReadAction","target":["https:\/\/portalf1.si\/hamilton-naj-bi-imel-na-mizi-vecletno-pogodbo-s-ferrarijem\/"]}]},{"@type":"ImageObject","inLanguage":"en-US","@id":"https:\/\/portalf1.si\/hamilton-naj-bi-imel-na-mizi-vecletno-pogodbo-s-ferrarijem\/#primaryimage","url":"https:\/\/portalf1.si\/wp-content\/uploads\/2026\/06\/www.wiltsglosstandard.co_.avif","contentUrl":"https:\/\/portalf1.si\/wp-content\/uploads\/2026\/06\/www.wiltsglosstandard.co_.avif","width":1200,"height":800},{"@type":"BreadcrumbList","@id":"https:\/\/portalf1.si\/hamilton-naj-bi-imel-na-mizi-vecletno-pogodbo-s-ferrarijem\/#breadcrumb","itemListElement":[{"@type":"ListItem","position":1,"name":"Home","item":"https:\/\/portalf1.si\/"},{"@type":"ListItem","position":2,"name":"Hamilton naj bi imel na mizi ve\u010dletno pogodbo s Ferrarijem"}]},{"@type":"WebSite","@id":"https:\/\/portalf1.si\/#website","url":"https:\/\/portalf1.si\/","name":"Portal F1","description":"Najnovej\u0161e novice iz sveta F1","publisher":{"@id":"https:\/\/portalf1.si\/#organization"},"potentialAction":[{"@type":"SearchAction","target":{"@type":"EntryPoint","urlTemplate":"https:\/\/portalf1.si\/?s={search_term_string}"},"query-input":{"@type":"PropertyValueSpecification","valueRequired":true,"valueName":"search_term_string"}}],"inLanguage":"en-US"},{"@type":"Organization","@id":"https:\/\/portalf1.si\/#organization","name":"Portal F1","url":"https:\/\/portalf1.si\/","logo":{"@type":"ImageObject","inLanguage":"en-US","@id":"https:\/\/portalf1.si\/#\/schema\/logo\/image\/","url":"https:\/\/portalf1.si\/wp-content\/uploads\/2025\/02\/cropped-HiPaint_1738532868530.png","contentUrl":"https:\/\/portalf1.si\/wp-content\/uploads\/2025\/02\/cropped-HiPaint_1738532868530.png","width":512,"height":512,"caption":"Portal F1"},"image":{"@id":"https:\/\/portalf1.si\/#\/schema\/logo\/image\/"},"sameAs":["https:\/\/www.facebook.com\/portalf1.si\/?locale=sl_SI"]},{"@type":"Person","@id":"https:\/\/portalf1.si\/#\/schema\/person\/abfef3ba57233710daadfbdd742fecd5","name":"Denis Stoy","image":{"@type":"ImageObject","inLanguage":"en-US","@id":"https:\/\/secure.gravatar.com\/avatar\/b006ce11dfb9c6e47e9de9803eefbdc14aa4afb445f3cca05acc735c22115b38?s=96&d=mm&r=g","url":"https:\/\/secure.gravatar.com\/avatar\/b006ce11dfb9c6e47e9de9803eefbdc14aa4afb445f3cca05acc735c22115b38?s=96&d=mm&r=g","contentUrl":"https:\/\/secure.gravatar.com\/avatar\/b006ce11dfb9c6e47e9de9803eefbdc14aa4afb445f3cca05acc735c22115b38?s=96&d=mm&r=g","caption":"Denis \u0160tojs"},"sameAs":["https:\/\/portalf1.si"],"url":"https:\/\/portalf1.si\/en\/author\/portalf1\/"}]}},"_links":{"self":[{"href":"https:\/\/portalf1.si\/en\/wp-json\/wp\/v2\/posts\/15999","targetHints":{"allow":["GET"]}}],"collection":[{"href":"https:\/\/portalf1.si\/en\/wp-json\/wp\/v2\/posts"}],"about":[{"href":"https:\/\/portalf1.si\/en\/wp-json\/wp\/v2\/types\/post"}],"author":[{"embeddable":true,"href":"https:\/\/portalf1.si\/en\/wp-json\/wp\/v2\/users\/1"}],"replies":[{"embeddable":true,"href":"https:\/\/portalf1.si\/en\/wp-json\/wp\/v2\/comments?post=15999"}],"version-history":[{"count":3,"href":"https:\/\/portalf1.si\/en\/wp-json\/wp\/v2\/posts\/15999\/revisions"}],"predecessor-version":[{"id":16003,"href":"https:\/\/portalf1.si\/en\/wp-json\/wp\/v2\/posts\/15999\/revisions\/16003"}],"wp:featuredmedia":[{"embeddable":true,"href":"https:\/\/portalf1.si\/en\/wp-json\/wp\/v2\/media\/14134"}],"wp:attachment":[{"href":"https:\/\/portalf1.si\/en\/wp-json\/wp\/v2\/media?parent=15999"}],"wp:term":[{"taxonomy":"category","embeddable":true,"href":"https:\/\/portalf1.si\/en\/wp-json\/wp\/v2\/categories?post=15999"},{"taxonomy":"post_tag","embeddable":true,"href":"https:\/\/portalf1.si\/en\/wp-json\/wp\/v2\/tags?post=15999"}],"curies":[{"name":"wp","href":"https:\/\/api.w.org\/{rel}","templated":true}]}}