{"id":16012,"date":"2026-09-01T06:21:46","date_gmt":"2026-09-01T06:21:46","guid":{"rendered":"https:\/\/portalf1.si\/?p=16012"},"modified":"2026-09-01T06:21:46","modified_gmt":"2026-09-01T06:21:46","slug":"hadjar-ali-lawson-kdo-bo-v-monzi-dirkal-ob-verstappnu","status":"publish","type":"post","link":"https:\/\/portalf1.si\/en\/hadjar-ali-lawson-kdo-bo-v-monzi-dirkal-ob-verstappnu\/","title":{"rendered":"Hadjar ali Lawson? Kdo bo v Monzi dirkal ob Verstappnu?"},"content":{"rendered":"<p data-path-to-node=\"0\"><strong>Red Bull Racing bo najpozneje do srede sprejel odlo\u010ditev o tem, ali bo Isack Hadjar nastopil na Veliki nagradi Italije. Ekipa \u017eeli Francozu omogo\u010diti \u010dim ve\u010d \u010dasa za okrevanje po po\u0161kodbi zapestja, zato ostaja Liam Lawson v pripravljenosti, da znova vstopi kot zamenjava ob Maxu Verstappnu.<\/strong><\/p>\n<p data-path-to-node=\"1\">Hadjar je zaradi po\u0161kodbe zapestja, ki jo je utrpel med poletnim premorom, izpustil Veliko nagrado Nizozemske. Red Bull je takrat Lawsona za\u010dasno povi\u0161al iz ekipe Racing Bulls, medtem ko je Yuki Tsunoda zasedel sede\u017e Novozelandca v sestrski ekipi. Oba sta takoj navdu\u0161ila, saj je Lawson dirko kon\u010dal na 7. mestu, Tsunoda pa na 11.<\/p>\n<p data-path-to-node=\"2\">Po koncu konca tedna v Zandvoortu je ostalo odprto vpra\u0161anje, ali bo Hadjar pravo\u010dasno okreval za Monzo. Lawson je v dneh pred Veliko nagrado Italije ostal pri Red Bullu, da bi lahko znova vsko\u010dil, \u010de Hadjar ne bo dovolj okreval. Kmalu po dirki na Nizozemskem je storil natanko to, saj se je v Mugellu udele\u017eil Pirellijevega testiranja pnevmatik.<\/p>\n<p data-path-to-node=\"3\">Kon\u010dna odlo\u010ditev bo po neuradnih informacijah znana najpozneje do srede. Red Bull \u017eeli dati Hadjarju \u010dim ve\u010d \u010dasa za okrevanje, preden odlo\u010di, kdo bo naslednji konec tedna sedel v dirkalniku RB22 ob Verstappnu. \u010ce Hadjar ne bo mogel dirkati, je Lawson znova pripravljen zasesti njegovo mesto.<\/p>\n<p data-path-to-node=\"4\">Med dirka\u0161kim koncem tedna v Zandvoortu je Hadjar povedal, da njegovo okrevanje dobro napreduje. Francoz je izpostavil, da zapestje ni oteklo ter da iz dneva v dan pridobiva ve\u010djo gibljivost. Izrazil je tudi upanje, da se bo lahko vrnil za volan \u017ee v Monzi. Tudi pri Red Bullu so po dirki Formule 1 v Zandvoortu potrdili, da ciljajo na njegovo morebitno vrnitev med Veliko nagrado Italije.<\/p>\n<blockquote class=\"wp-embedded-content\" data-secret=\"DwperrsPMX\"><p><a href=\"https:\/\/portalf1.si\/en\/verstappen-se-je-red-bullu-zavezal-do-leta-2030-pravilna-odlocitev-ali-napaka\/\">Verstappen se je Red Bullu zavezal do leta 2030? Pravilna odlo\u010ditev ali napaka?<\/a><\/p><\/blockquote>\n<p><iframe loading=\"lazy\" class=\"wp-embedded-content\" sandbox=\"allow-scripts\" security=\"restricted\" style=\"position: absolute; visibility: hidden;\" title=\"\u201cVerstappen se je Red Bullu zavezal do leta 2030? Pravilna odlo\u010ditev ali napaka?\u201d \u2014 Portal F1\" src=\"https:\/\/portalf1.si\/verstappen-se-je-red-bullu-zavezal-do-leta-2030-pravilna-odlocitev-ali-napaka\/embed\/#?secret=v9x0GYTd0C#?secret=DwperrsPMX\" data-secret=\"DwperrsPMX\" width=\"600\" height=\"338\" frameborder=\"0\" marginwidth=\"0\" marginheight=\"0\" scrolling=\"no\"><\/iframe><\/p>","protected":false},"excerpt":{"rendered":"<p>Red Bull Racing bo najpozneje do srede sprejel odlo\u010ditev o tem, ali bo Isack Hadjar nastopil na Veliki nagradi Italije. Ekipa \u017eeli Francozu omogo\u010diti \u010dim ve\u010d \u010dasa za okrevanje po po\u0161kodbi zapestja, zato ostaja Liam Lawson v pripravljenosti, da znova vstopi kot zamenjava ob Maxu Verstappnu. Hadjar je zaradi po\u0161kodbe zapestja, ki jo je utrpel [&hellip;]<\/p>\n","protected":false},"author":1,"featured_media":16013,"comment_status":"open","ping_status":"closed","sticky":false,"template":"","format":"standard","meta":{"footnotes":""},"categories":[30,163,63,31,36,351],"tags":[44,317,159,45,318,158,164,162,47,64],"class_list":["post-16012","post","type-post","status-publish","format-standard","has-post-thumbnail","hentry","category-formula-1","category-isack-hadjar","category-max-verstappen","category-novice","category-red-bull","category-vn-italije","tag-f1","tag-f1-2026","tag-f1-slovenija","tag-formula-1","tag-formula-1-2026","tag-formula-1-slovenija","tag-isack-hadjar","tag-liam-lawson","tag-max-verstappen","tag-red-bull"],"blocksy_meta":{"styles_descriptor":{"styles":{"desktop":"","tablet":"","mobile":""},"google_fonts":[],"version":7}},"yoast_head":"<!-- This site is optimized with the Yoast SEO plugin v28.4 - https:\/\/yoast.com\/product\/yoast-seo-wordpress\/ -->\n<title>Hadjar ali Lawson? Kdo bo v Monzi dirkal ob Verstappnu? - Portal F1<\/title>\n<meta name=\"description\" content=\"Red Bull Racing bo najpozneje do srede sprejel odlo\u010ditev o tem, ali bo Isack Hadjar nastopil na Veliki nagradi Italije ob Maxu Verstappnu.\" \/>\n<meta name=\"robots\" content=\"index, follow, max-snippet:-1, max-image-preview:large, max-video-preview:-1\" \/>\n<link rel=\"canonical\" href=\"https:\/\/portalf1.si\/en\/hadjar-ali-lawson-kdo-bo-v-monzi-dirkal-ob-verstappnu\/\" \/>\n<meta property=\"og:locale\" content=\"en_US\" \/>\n<meta property=\"og:type\" content=\"article\" \/>\n<meta property=\"og:title\" content=\"Hadjar ali Lawson? Kdo bo v Monzi dirkal ob Verstappnu? - Portal F1\" \/>\n<meta property=\"og:description\" content=\"Red Bull Racing bo najpozneje do srede sprejel odlo\u010ditev o tem, ali bo Isack Hadjar nastopil na Veliki nagradi Italije ob Maxu Verstappnu.\" \/>\n<meta property=\"og:url\" content=\"https:\/\/portalf1.si\/en\/hadjar-ali-lawson-kdo-bo-v-monzi-dirkal-ob-verstappnu\/\" \/>\n<meta property=\"og:site_name\" content=\"Portal F1\" \/>\n<meta property=\"article:publisher\" content=\"https:\/\/www.facebook.com\/portalf1.si\/?locale=sl_SI\" \/>\n<meta property=\"article:published_time\" content=\"2026-09-01T06:21:46+00:00\" \/>\n<meta property=\"og:image\" content=\"https:\/\/portalf1.si\/wp-content\/uploads\/2026\/09\/hadjar-verstappen.avif\" \/>\n\t<meta property=\"og:image:width\" content=\"1920\" \/>\n\t<meta property=\"og:image:height\" content=\"1280\" \/>\n\t<meta property=\"og:image:type\" content=\"image\/webp\" \/>\n<meta name=\"author\" content=\"Denis \u0160tojs\" \/>\n<meta name=\"twitter:card\" content=\"summary_large_image\" \/>\n<meta name=\"twitter:label1\" content=\"Written by\" \/>\n\t<meta name=\"twitter:data1\" content=\"Denis \u0160tojs\" \/>\n\t<meta name=\"twitter:label2\" content=\"Est. reading time\" \/>\n\t<meta name=\"twitter:data2\" content=\"2 minutes\" \/>\n<script type=\"application\/ld+json\" class=\"yoast-schema-graph\">{\"@context\":\"https:\\\/\\\/schema.org\",\"@graph\":[{\"@type\":\"Article\",\"@id\":\"https:\\\/\\\/portalf1.si\\\/hadjar-ali-lawson-kdo-bo-v-monzi-dirkal-ob-verstappnu\\\/#article\",\"isPartOf\":{\"@id\":\"https:\\\/\\\/portalf1.si\\\/hadjar-ali-lawson-kdo-bo-v-monzi-dirkal-ob-verstappnu\\\/\"},\"author\":{\"name\":\"Denis \u0160tojs\",\"@id\":\"https:\\\/\\\/portalf1.si\\\/#\\\/schema\\\/person\\\/abfef3ba57233710daadfbdd742fecd5\"},\"headline\":\"Hadjar ali Lawson? Kdo bo v Monzi dirkal ob Verstappnu?\",\"datePublished\":\"2026-09-01T06:21:46+00:00\",\"mainEntityOfPage\":{\"@id\":\"https:\\\/\\\/portalf1.si\\\/hadjar-ali-lawson-kdo-bo-v-monzi-dirkal-ob-verstappnu\\\/\"},\"wordCount\":299,\"commentCount\":0,\"publisher\":{\"@id\":\"https:\\\/\\\/portalf1.si\\\/#organization\"},\"image\":{\"@id\":\"https:\\\/\\\/portalf1.si\\\/hadjar-ali-lawson-kdo-bo-v-monzi-dirkal-ob-verstappnu\\\/#primaryimage\"},\"thumbnailUrl\":\"https:\\\/\\\/portalf1.si\\\/wp-content\\\/uploads\\\/2026\\\/09\\\/hadjar-verstappen.avif\",\"keywords\":[\"F1\",\"F1 2026\",\"F1 Slovenija\",\"Formula 1\",\"Formula 1 2026\",\"Formula 1 Slovenija\",\"Isack Hadjar\",\"Liam Lawson\",\"Max Verstappen\",\"Red Bull\"],\"articleSection\":[\"Formula 1\",\"Isack Hadjar\",\"Max Verstappen\",\"Novice\",\"Red Bull\",\"VN Italije\"],\"inLanguage\":\"en-US\",\"potentialAction\":[{\"@type\":\"CommentAction\",\"name\":\"Comment\",\"target\":[\"https:\\\/\\\/portalf1.si\\\/hadjar-ali-lawson-kdo-bo-v-monzi-dirkal-ob-verstappnu\\\/#respond\"]}]},{\"@type\":\"WebPage\",\"@id\":\"https:\\\/\\\/portalf1.si\\\/hadjar-ali-lawson-kdo-bo-v-monzi-dirkal-ob-verstappnu\\\/\",\"url\":\"https:\\\/\\\/portalf1.si\\\/hadjar-ali-lawson-kdo-bo-v-monzi-dirkal-ob-verstappnu\\\/\",\"name\":\"Hadjar ali Lawson? Kdo bo v Monzi dirkal ob Verstappnu? - Portal F1\",\"isPartOf\":{\"@id\":\"https:\\\/\\\/portalf1.si\\\/#website\"},\"primaryImageOfPage\":{\"@id\":\"https:\\\/\\\/portalf1.si\\\/hadjar-ali-lawson-kdo-bo-v-monzi-dirkal-ob-verstappnu\\\/#primaryimage\"},\"image\":{\"@id\":\"https:\\\/\\\/portalf1.si\\\/hadjar-ali-lawson-kdo-bo-v-monzi-dirkal-ob-verstappnu\\\/#primaryimage\"},\"thumbnailUrl\":\"https:\\\/\\\/portalf1.si\\\/wp-content\\\/uploads\\\/2026\\\/09\\\/hadjar-verstappen.avif\",\"datePublished\":\"2026-09-01T06:21:46+00:00\",\"description\":\"Red Bull Racing bo najpozneje do srede sprejel odlo\u010ditev o tem, ali bo Isack Hadjar nastopil na Veliki nagradi Italije ob Maxu Verstappnu.\",\"breadcrumb\":{\"@id\":\"https:\\\/\\\/portalf1.si\\\/hadjar-ali-lawson-kdo-bo-v-monzi-dirkal-ob-verstappnu\\\/#breadcrumb\"},\"inLanguage\":\"en-US\",\"potentialAction\":[{\"@type\":\"ReadAction\",\"target\":[\"https:\\\/\\\/portalf1.si\\\/hadjar-ali-lawson-kdo-bo-v-monzi-dirkal-ob-verstappnu\\\/\"]}]},{\"@type\":\"ImageObject\",\"inLanguage\":\"en-US\",\"@id\":\"https:\\\/\\\/portalf1.si\\\/hadjar-ali-lawson-kdo-bo-v-monzi-dirkal-ob-verstappnu\\\/#primaryimage\",\"url\":\"https:\\\/\\\/portalf1.si\\\/wp-content\\\/uploads\\\/2026\\\/09\\\/hadjar-verstappen.avif\",\"contentUrl\":\"https:\\\/\\\/portalf1.si\\\/wp-content\\\/uploads\\\/2026\\\/09\\\/hadjar-verstappen.avif\",\"width\":1920,\"height\":1280},{\"@type\":\"BreadcrumbList\",\"@id\":\"https:\\\/\\\/portalf1.si\\\/hadjar-ali-lawson-kdo-bo-v-monzi-dirkal-ob-verstappnu\\\/#breadcrumb\",\"itemListElement\":[{\"@type\":\"ListItem\",\"position\":1,\"name\":\"Home\",\"item\":\"https:\\\/\\\/portalf1.si\\\/\"},{\"@type\":\"ListItem\",\"position\":2,\"name\":\"Hadjar ali Lawson? Kdo bo v Monzi dirkal ob Verstappnu?\"}]},{\"@type\":\"WebSite\",\"@id\":\"https:\\\/\\\/portalf1.si\\\/#website\",\"url\":\"https:\\\/\\\/portalf1.si\\\/\",\"name\":\"Portal F1\",\"description\":\"Najnovej\u0161e novice iz sveta F1\",\"publisher\":{\"@id\":\"https:\\\/\\\/portalf1.si\\\/#organization\"},\"potentialAction\":[{\"@type\":\"SearchAction\",\"target\":{\"@type\":\"EntryPoint\",\"urlTemplate\":\"https:\\\/\\\/portalf1.si\\\/?s={search_term_string}\"},\"query-input\":{\"@type\":\"PropertyValueSpecification\",\"valueRequired\":true,\"valueName\":\"search_term_string\"}}],\"inLanguage\":\"en-US\"},{\"@type\":\"Organization\",\"@id\":\"https:\\\/\\\/portalf1.si\\\/#organization\",\"name\":\"Portal F1\",\"url\":\"https:\\\/\\\/portalf1.si\\\/\",\"logo\":{\"@type\":\"ImageObject\",\"inLanguage\":\"en-US\",\"@id\":\"https:\\\/\\\/portalf1.si\\\/#\\\/schema\\\/logo\\\/image\\\/\",\"url\":\"https:\\\/\\\/portalf1.si\\\/wp-content\\\/uploads\\\/2025\\\/02\\\/cropped-HiPaint_1738532868530.png\",\"contentUrl\":\"https:\\\/\\\/portalf1.si\\\/wp-content\\\/uploads\\\/2025\\\/02\\\/cropped-HiPaint_1738532868530.png\",\"width\":512,\"height\":512,\"caption\":\"Portal F1\"},\"image\":{\"@id\":\"https:\\\/\\\/portalf1.si\\\/#\\\/schema\\\/logo\\\/image\\\/\"},\"sameAs\":[\"https:\\\/\\\/www.facebook.com\\\/portalf1.si\\\/?locale=sl_SI\"]},{\"@type\":\"Person\",\"@id\":\"https:\\\/\\\/portalf1.si\\\/#\\\/schema\\\/person\\\/abfef3ba57233710daadfbdd742fecd5\",\"name\":\"Denis \u0160tojs\",\"image\":{\"@type\":\"ImageObject\",\"inLanguage\":\"en-US\",\"@id\":\"https:\\\/\\\/secure.gravatar.com\\\/avatar\\\/b006ce11dfb9c6e47e9de9803eefbdc14aa4afb445f3cca05acc735c22115b38?s=96&d=mm&r=g\",\"url\":\"https:\\\/\\\/secure.gravatar.com\\\/avatar\\\/b006ce11dfb9c6e47e9de9803eefbdc14aa4afb445f3cca05acc735c22115b38?s=96&d=mm&r=g\",\"contentUrl\":\"https:\\\/\\\/secure.gravatar.com\\\/avatar\\\/b006ce11dfb9c6e47e9de9803eefbdc14aa4afb445f3cca05acc735c22115b38?s=96&d=mm&r=g\",\"caption\":\"Denis \u0160tojs\"},\"sameAs\":[\"https:\\\/\\\/portalf1.si\"],\"url\":\"https:\\\/\\\/portalf1.si\\\/en\\\/author\\\/portalf1\\\/\"}]}<\/script>\n<!-- \/ Yoast SEO plugin. -->","yoast_head_json":{"title":"Hadjar ali Lawson? Kdo bo v Monzi dirkal ob Verstappnu? - Portal F1","description":"Red Bull Racing bo najpozneje do srede sprejel odlo\u010ditev o tem, ali bo Isack Hadjar nastopil na Veliki nagradi Italije ob Maxu Verstappnu.","robots":{"index":"index","follow":"follow","max-snippet":"max-snippet:-1","max-image-preview":"max-image-preview:large","max-video-preview":"max-video-preview:-1"},"canonical":"https:\/\/portalf1.si\/en\/hadjar-ali-lawson-kdo-bo-v-monzi-dirkal-ob-verstappnu\/","og_locale":"en_US","og_type":"article","og_title":"Hadjar ali Lawson? Kdo bo v Monzi dirkal ob Verstappnu? - Portal F1","og_description":"Red Bull Racing bo najpozneje do srede sprejel odlo\u010ditev o tem, ali bo Isack Hadjar nastopil na Veliki nagradi Italije ob Maxu Verstappnu.","og_url":"https:\/\/portalf1.si\/en\/hadjar-ali-lawson-kdo-bo-v-monzi-dirkal-ob-verstappnu\/","og_site_name":"Portal F1","article_publisher":"https:\/\/www.facebook.com\/portalf1.si\/?locale=sl_SI","article_published_time":"2026-09-01T06:21:46+00:00","og_image":[{"width":1920,"height":1280,"url":"https:\/\/portalf1.si\/wp-content\/uploads\/2026\/09\/hadjar-verstappen.avif","type":"image\/webp"}],"author":"Denis \u0160tojs","twitter_card":"summary_large_image","twitter_misc":{"Written by":"Denis \u0160tojs","Est. reading time":"2 minutes"},"schema":{"@context":"https:\/\/schema.org","@graph":[{"@type":"Article","@id":"https:\/\/portalf1.si\/hadjar-ali-lawson-kdo-bo-v-monzi-dirkal-ob-verstappnu\/#article","isPartOf":{"@id":"https:\/\/portalf1.si\/hadjar-ali-lawson-kdo-bo-v-monzi-dirkal-ob-verstappnu\/"},"author":{"name":"Denis \u0160tojs","@id":"https:\/\/portalf1.si\/#\/schema\/person\/abfef3ba57233710daadfbdd742fecd5"},"headline":"Hadjar ali Lawson? Kdo bo v Monzi dirkal ob Verstappnu?","datePublished":"2026-09-01T06:21:46+00:00","mainEntityOfPage":{"@id":"https:\/\/portalf1.si\/hadjar-ali-lawson-kdo-bo-v-monzi-dirkal-ob-verstappnu\/"},"wordCount":299,"commentCount":0,"publisher":{"@id":"https:\/\/portalf1.si\/#organization"},"image":{"@id":"https:\/\/portalf1.si\/hadjar-ali-lawson-kdo-bo-v-monzi-dirkal-ob-verstappnu\/#primaryimage"},"thumbnailUrl":"https:\/\/portalf1.si\/wp-content\/uploads\/2026\/09\/hadjar-verstappen.avif","keywords":["F1","F1 2026","F1 Slovenija","Formula 1","Formula 1 2026","Formula 1 Slovenija","Isack Hadjar","Liam Lawson","Max Verstappen","Red Bull"],"articleSection":["Formula 1","Isack Hadjar","Max Verstappen","Novice","Red Bull","VN Italije"],"inLanguage":"en-US","potentialAction":[{"@type":"CommentAction","name":"Comment","target":["https:\/\/portalf1.si\/hadjar-ali-lawson-kdo-bo-v-monzi-dirkal-ob-verstappnu\/#respond"]}]},{"@type":"WebPage","@id":"https:\/\/portalf1.si\/hadjar-ali-lawson-kdo-bo-v-monzi-dirkal-ob-verstappnu\/","url":"https:\/\/portalf1.si\/hadjar-ali-lawson-kdo-bo-v-monzi-dirkal-ob-verstappnu\/","name":"Hadjar ali Lawson? Kdo bo v Monzi dirkal ob Verstappnu? - Portal F1","isPartOf":{"@id":"https:\/\/portalf1.si\/#website"},"primaryImageOfPage":{"@id":"https:\/\/portalf1.si\/hadjar-ali-lawson-kdo-bo-v-monzi-dirkal-ob-verstappnu\/#primaryimage"},"image":{"@id":"https:\/\/portalf1.si\/hadjar-ali-lawson-kdo-bo-v-monzi-dirkal-ob-verstappnu\/#primaryimage"},"thumbnailUrl":"https:\/\/portalf1.si\/wp-content\/uploads\/2026\/09\/hadjar-verstappen.avif","datePublished":"2026-09-01T06:21:46+00:00","description":"Red Bull Racing bo najpozneje do srede sprejel odlo\u010ditev o tem, ali bo Isack Hadjar nastopil na Veliki nagradi Italije ob Maxu Verstappnu.","breadcrumb":{"@id":"https:\/\/portalf1.si\/hadjar-ali-lawson-kdo-bo-v-monzi-dirkal-ob-verstappnu\/#breadcrumb"},"inLanguage":"en-US","potentialAction":[{"@type":"ReadAction","target":["https:\/\/portalf1.si\/hadjar-ali-lawson-kdo-bo-v-monzi-dirkal-ob-verstappnu\/"]}]},{"@type":"ImageObject","inLanguage":"en-US","@id":"https:\/\/portalf1.si\/hadjar-ali-lawson-kdo-bo-v-monzi-dirkal-ob-verstappnu\/#primaryimage","url":"https:\/\/portalf1.si\/wp-content\/uploads\/2026\/09\/hadjar-verstappen.avif","contentUrl":"https:\/\/portalf1.si\/wp-content\/uploads\/2026\/09\/hadjar-verstappen.avif","width":1920,"height":1280},{"@type":"BreadcrumbList","@id":"https:\/\/portalf1.si\/hadjar-ali-lawson-kdo-bo-v-monzi-dirkal-ob-verstappnu\/#breadcrumb","itemListElement":[{"@type":"ListItem","position":1,"name":"Home","item":"https:\/\/portalf1.si\/"},{"@type":"ListItem","position":2,"name":"Hadjar ali Lawson? Kdo bo v Monzi dirkal ob Verstappnu?"}]},{"@type":"WebSite","@id":"https:\/\/portalf1.si\/#website","url":"https:\/\/portalf1.si\/","name":"Portal F1","description":"Najnovej\u0161e novice iz sveta F1","publisher":{"@id":"https:\/\/portalf1.si\/#organization"},"potentialAction":[{"@type":"SearchAction","target":{"@type":"EntryPoint","urlTemplate":"https:\/\/portalf1.si\/?s={search_term_string}"},"query-input":{"@type":"PropertyValueSpecification","valueRequired":true,"valueName":"search_term_string"}}],"inLanguage":"en-US"},{"@type":"Organization","@id":"https:\/\/portalf1.si\/#organization","name":"Portal F1","url":"https:\/\/portalf1.si\/","logo":{"@type":"ImageObject","inLanguage":"en-US","@id":"https:\/\/portalf1.si\/#\/schema\/logo\/image\/","url":"https:\/\/portalf1.si\/wp-content\/uploads\/2025\/02\/cropped-HiPaint_1738532868530.png","contentUrl":"https:\/\/portalf1.si\/wp-content\/uploads\/2025\/02\/cropped-HiPaint_1738532868530.png","width":512,"height":512,"caption":"Portal F1"},"image":{"@id":"https:\/\/portalf1.si\/#\/schema\/logo\/image\/"},"sameAs":["https:\/\/www.facebook.com\/portalf1.si\/?locale=sl_SI"]},{"@type":"Person","@id":"https:\/\/portalf1.si\/#\/schema\/person\/abfef3ba57233710daadfbdd742fecd5","name":"Denis Stoy","image":{"@type":"ImageObject","inLanguage":"en-US","@id":"https:\/\/secure.gravatar.com\/avatar\/b006ce11dfb9c6e47e9de9803eefbdc14aa4afb445f3cca05acc735c22115b38?s=96&d=mm&r=g","url":"https:\/\/secure.gravatar.com\/avatar\/b006ce11dfb9c6e47e9de9803eefbdc14aa4afb445f3cca05acc735c22115b38?s=96&d=mm&r=g","contentUrl":"https:\/\/secure.gravatar.com\/avatar\/b006ce11dfb9c6e47e9de9803eefbdc14aa4afb445f3cca05acc735c22115b38?s=96&d=mm&r=g","caption":"Denis \u0160tojs"},"sameAs":["https:\/\/portalf1.si"],"url":"https:\/\/portalf1.si\/en\/author\/portalf1\/"}]}},"_links":{"self":[{"href":"https:\/\/portalf1.si\/en\/wp-json\/wp\/v2\/posts\/16012","targetHints":{"allow":["GET"]}}],"collection":[{"href":"https:\/\/portalf1.si\/en\/wp-json\/wp\/v2\/posts"}],"about":[{"href":"https:\/\/portalf1.si\/en\/wp-json\/wp\/v2\/types\/post"}],"author":[{"embeddable":true,"href":"https:\/\/portalf1.si\/en\/wp-json\/wp\/v2\/users\/1"}],"replies":[{"embeddable":true,"href":"https:\/\/portalf1.si\/en\/wp-json\/wp\/v2\/comments?post=16012"}],"version-history":[{"count":3,"href":"https:\/\/portalf1.si\/en\/wp-json\/wp\/v2\/posts\/16012\/revisions"}],"predecessor-version":[{"id":16016,"href":"https:\/\/portalf1.si\/en\/wp-json\/wp\/v2\/posts\/16012\/revisions\/16016"}],"wp:featuredmedia":[{"embeddable":true,"href":"https:\/\/portalf1.si\/en\/wp-json\/wp\/v2\/media\/16013"}],"wp:attachment":[{"href":"https:\/\/portalf1.si\/en\/wp-json\/wp\/v2\/media?parent=16012"}],"wp:term":[{"taxonomy":"category","embeddable":true,"href":"https:\/\/portalf1.si\/en\/wp-json\/wp\/v2\/categories?post=16012"},{"taxonomy":"post_tag","embeddable":true,"href":"https:\/\/portalf1.si\/en\/wp-json\/wp\/v2\/tags?post=16012"}],"curies":[{"name":"wp","href":"https:\/\/api.w.org\/{rel}","templated":true}]}}