{"id":16017,"date":"2026-09-01T07:54:33","date_gmt":"2026-09-01T07:54:33","guid":{"rendered":"https:\/\/portalf1.si\/?p=16017"},"modified":"2026-09-01T07:54:44","modified_gmt":"2026-09-01T07:54:44","slug":"honda-priznala-pomanjkljivost-na-katero-je-alonso-opozarjal-ze-na-nizozemskem","status":"publish","type":"post","link":"https:\/\/portalf1.si\/en\/honda-priznala-pomanjkljivost-na-katero-je-alonso-opozarjal-ze-na-nizozemskem\/","title":{"rendered":"Honda priznala pomanjkljivost, na katero je Alonso opozarjal \u017ee na Nizozemskem"},"content":{"rendered":"<p data-path-to-node=\"0\"><strong>Honda je priznala pomanjkljivost, na katero je Fernando Alonso opozoril po koncu dirka\u0161kega tedna Formule 1 za Veliko nagrado Nizozemske, kar dodatno pove\u010duje pritisk na priprave ekipe pred Monzo.<\/strong><\/p>\n<p data-path-to-node=\"1\">Glavni in\u017eenir Shintaro Orihara je izjavil, da je izbolj\u0161anje voznih lastnosti Hondine pogonske enote druge specifikacije glavni cilj proizvajalca pred odhodom Formule 1 na Veliko nagrado Italije. To priznanje zdaj odra\u017ea neposredno oceno Alonsa glede nove enote. Dirka\u010d ekipe Aston Martin je dejal, da je ekipa izgubila vozne lastnosti in ob\u010dutek pri prestavljanju, ki ju je izbolj\u0161ala s prvotnim motorjem, kar jo je na klju\u010dnih podro\u010djih vrnilo na za\u010detek.<\/p>\n<p data-path-to-node=\"2\">Deveto mesto v Zandvoortu je prineslo to\u010dke in dokaz o napredku, vendar ni prikrilo te\u017eave, za katero Honda zdaj priznava, da jo je treba odpraviti.<\/p>\n<p data-path-to-node=\"3\">Orihara je dejal, da je posodobljeni motor na svoji prvi dirki izpolnil interna pri\u010dakovanja Honde, vendar je priznal, da obstaja prostor za izbolj\u0161anje na\u010dina podajanja mo\u010di. Dodatna zmogljivost pomeni malo, \u010de je dirka\u010d ne more zanesljivo izkoristiti v conah zaviranja, pri vstopu v ovinek, dodajanju plina in prestavljanju.<\/p>\n<p data-path-to-node=\"4\">Na Veliki nagradi Nizozemske je to pomanjkanje predvidljivosti ote\u017eilo poskuse Aston Martina, da bi izvlekel hitrost. Monza je neprizanesljivo prizori\u0161\u010de za prihod s tak\u0161nimi nere\u0161enimi te\u017eavami. Dolge ravnine in mo\u010dna zaviranja na tem dirkali\u0161\u010du predstavljajo enega najbolj zahtevnih preizkusov za pogonske enote v sezoni, medtem ko \u0161ikane zahtevajo zaupanje pri zaviranju in natan\u010den oprijem pri izstopu.<\/p>\n<p data-path-to-node=\"5\">Alonso je \u017ee opozoril, da bi bil to lahko eden najte\u017ejih koncev tedna za Aston Martin, in dodal, da so to\u010dke morda nedosegljive. Hondina naloga zato ni le iskanje dodatne mo\u010di, temve\u010d zagotovitev, da je obstoje\u010da zmogljivost uporabna.<\/p>\n<p data-path-to-node=\"6\">Kljub temu obstaja razlog, zakaj bo Aston Martin v Italijo odpotoval z optimizmom. Alonso je pohvalil smer razvoja \u0161asije in poudaril, da se je po zadnjih posodobitvah pokazala jasna pot naprej. Te\u017eava z motorjem je zato natan\u010dneje opredeljena kot zgolj splo\u0161ni pomanjkljivi primanjkljaj zmogljivosti. Honda ve, kje se mora izbolj\u0161ati, Aston Martin pa ima merilo za to, kaj dirkalnik zmore, ko njegovi sistemi delujejo v harmoniji.<\/p>\n<blockquote class=\"wp-embedded-content\" data-secret=\"Cgij7RG6Te\"><p><a href=\"https:\/\/portalf1.si\/en\/alonso-je-sprejel-odlocitev-glede-svoje-prihodnosti-v-formuli-1\/\">Alonso je sprejel odlo\u010ditev glede svoje prihodnosti v Formuli 1<\/a><\/p><\/blockquote>\n<p><iframe loading=\"lazy\" class=\"wp-embedded-content\" sandbox=\"allow-scripts\" security=\"restricted\" style=\"position: absolute; visibility: hidden;\" title=\"\u201cAlonso je sprejel odlo\u010ditev glede svoje prihodnosti v Formuli 1\u201d \u2014 Portal F1\" src=\"https:\/\/portalf1.si\/alonso-je-sprejel-odlocitev-glede-svoje-prihodnosti-v-formuli-1\/embed\/#?secret=ftd1L84ofz#?secret=Cgij7RG6Te\" data-secret=\"Cgij7RG6Te\" width=\"600\" height=\"338\" frameborder=\"0\" marginwidth=\"0\" marginheight=\"0\" scrolling=\"no\"><\/iframe><\/p>","protected":false},"excerpt":{"rendered":"<p>Honda je priznala pomanjkljivost, na katero je Fernando Alonso opozoril po koncu dirka\u0161kega tedna Formule 1 za Veliko nagrado Nizozemske, kar dodatno pove\u010duje pritisk na priprave ekipe pred Monzo. Glavni in\u017eenir Shintaro Orihara je izjavil, da je izbolj\u0161anje voznih lastnosti Hondine pogonske enote druge specifikacije glavni cilj proizvajalca pred odhodom Formule 1 na Veliko nagrado [&hellip;]<\/p>\n","protected":false},"author":1,"featured_media":11646,"comment_status":"open","ping_status":"closed","sticky":false,"template":"","format":"standard","meta":{"footnotes":""},"categories":[37,81,30,192,31],"tags":[88,44,317,159,84,45,318,158,193],"class_list":["post-16017","post","type-post","status-publish","format-standard","has-post-thumbnail","hentry","category-aston-martin","category-fernando-alonso","category-formula-1","category-honda","category-novice","tag-aston-martin","tag-f1","tag-f1-2026","tag-f1-slovenija","tag-fernando-alonso","tag-formula-1","tag-formula-1-2026","tag-formula-1-slovenija","tag-honda"],"blocksy_meta":{"styles_descriptor":{"styles":{"desktop":"","tablet":"","mobile":""},"google_fonts":[],"version":7}},"yoast_head":"<!-- This site is optimized with the Yoast SEO plugin v28.4 - https:\/\/yoast.com\/product\/yoast-seo-wordpress\/ -->\n<title>Honda priznala pomanjkljivost, na katero je Alonso opozarjal \u017ee na Nizozemskem - Portal F1<\/title>\n<meta name=\"description\" content=\"Honda je priznala pomanjkljivost, na katero je Fernando Alonso opozoril po koncu dirka\u0161kega tedna Formule 1 za Veliko nagrado Nizozemske.\" \/>\n<meta name=\"robots\" content=\"index, follow, max-snippet:-1, max-image-preview:large, max-video-preview:-1\" \/>\n<link rel=\"canonical\" href=\"https:\/\/portalf1.si\/en\/honda-priznala-pomanjkljivost-na-katero-je-alonso-opozarjal-ze-na-nizozemskem\/\" \/>\n<meta property=\"og:locale\" content=\"en_US\" \/>\n<meta property=\"og:type\" content=\"article\" \/>\n<meta property=\"og:title\" content=\"Honda priznala pomanjkljivost, na katero je Alonso opozarjal \u017ee na Nizozemskem - Portal F1\" \/>\n<meta property=\"og:description\" content=\"Honda je priznala pomanjkljivost, na katero je Fernando Alonso opozoril po koncu dirka\u0161kega tedna Formule 1 za Veliko nagrado Nizozemske.\" \/>\n<meta property=\"og:url\" content=\"https:\/\/portalf1.si\/en\/honda-priznala-pomanjkljivost-na-katero-je-alonso-opozarjal-ze-na-nizozemskem\/\" \/>\n<meta property=\"og:site_name\" content=\"Portal F1\" \/>\n<meta property=\"article:publisher\" content=\"https:\/\/www.facebook.com\/portalf1.si\/?locale=sl_SI\" \/>\n<meta property=\"article:published_time\" content=\"2026-09-01T07:54:33+00:00\" \/>\n<meta property=\"article:modified_time\" content=\"2026-09-01T07:54:44+00:00\" \/>\n<meta property=\"og:image\" content=\"https:\/\/portalf1.si\/wp-content\/uploads\/2026\/03\/aston-martin-amr26-honda-garage-bahrain-test-2026-planetf1-1320x742-1.avif\" \/>\n\t<meta property=\"og:image:width\" content=\"1320\" \/>\n\t<meta property=\"og:image:height\" content=\"742\" \/>\n\t<meta property=\"og:image:type\" content=\"image\/jpeg\" \/>\n<meta name=\"author\" content=\"Denis \u0160tojs\" \/>\n<meta name=\"twitter:card\" content=\"summary_large_image\" \/>\n<meta name=\"twitter:label1\" content=\"Written by\" \/>\n\t<meta name=\"twitter:data1\" content=\"Denis \u0160tojs\" \/>\n\t<meta name=\"twitter:label2\" content=\"Est. reading time\" \/>\n\t<meta name=\"twitter:data2\" content=\"3 minutes\" \/>\n<script type=\"application\/ld+json\" class=\"yoast-schema-graph\">{\"@context\":\"https:\\\/\\\/schema.org\",\"@graph\":[{\"@type\":\"Article\",\"@id\":\"https:\\\/\\\/portalf1.si\\\/honda-priznala-pomanjkljivost-na-katero-je-alonso-opozarjal-ze-na-nizozemskem\\\/#article\",\"isPartOf\":{\"@id\":\"https:\\\/\\\/portalf1.si\\\/honda-priznala-pomanjkljivost-na-katero-je-alonso-opozarjal-ze-na-nizozemskem\\\/\"},\"author\":{\"name\":\"Denis \u0160tojs\",\"@id\":\"https:\\\/\\\/portalf1.si\\\/#\\\/schema\\\/person\\\/abfef3ba57233710daadfbdd742fecd5\"},\"headline\":\"Honda priznala pomanjkljivost, na katero je Alonso opozarjal \u017ee na Nizozemskem\",\"datePublished\":\"2026-09-01T07:54:33+00:00\",\"dateModified\":\"2026-09-01T07:54:44+00:00\",\"mainEntityOfPage\":{\"@id\":\"https:\\\/\\\/portalf1.si\\\/honda-priznala-pomanjkljivost-na-katero-je-alonso-opozarjal-ze-na-nizozemskem\\\/\"},\"wordCount\":376,\"commentCount\":0,\"publisher\":{\"@id\":\"https:\\\/\\\/portalf1.si\\\/#organization\"},\"image\":{\"@id\":\"https:\\\/\\\/portalf1.si\\\/honda-priznala-pomanjkljivost-na-katero-je-alonso-opozarjal-ze-na-nizozemskem\\\/#primaryimage\"},\"thumbnailUrl\":\"https:\\\/\\\/portalf1.si\\\/wp-content\\\/uploads\\\/2026\\\/03\\\/aston-martin-amr26-honda-garage-bahrain-test-2026-planetf1-1320x742-1.avif\",\"keywords\":[\"Aston Martin\",\"F1\",\"F1 2026\",\"F1 Slovenija\",\"Fernando Alonso\",\"Formula 1\",\"Formula 1 2026\",\"Formula 1 Slovenija\",\"Honda\"],\"articleSection\":[\"Aston Martin\",\"Fernando Alonso\",\"Formula 1\",\"Honda\",\"Novice\"],\"inLanguage\":\"en-US\",\"potentialAction\":[{\"@type\":\"CommentAction\",\"name\":\"Comment\",\"target\":[\"https:\\\/\\\/portalf1.si\\\/honda-priznala-pomanjkljivost-na-katero-je-alonso-opozarjal-ze-na-nizozemskem\\\/#respond\"]}]},{\"@type\":\"WebPage\",\"@id\":\"https:\\\/\\\/portalf1.si\\\/honda-priznala-pomanjkljivost-na-katero-je-alonso-opozarjal-ze-na-nizozemskem\\\/\",\"url\":\"https:\\\/\\\/portalf1.si\\\/honda-priznala-pomanjkljivost-na-katero-je-alonso-opozarjal-ze-na-nizozemskem\\\/\",\"name\":\"Honda priznala pomanjkljivost, na katero je Alonso opozarjal \u017ee na Nizozemskem - Portal F1\",\"isPartOf\":{\"@id\":\"https:\\\/\\\/portalf1.si\\\/#website\"},\"primaryImageOfPage\":{\"@id\":\"https:\\\/\\\/portalf1.si\\\/honda-priznala-pomanjkljivost-na-katero-je-alonso-opozarjal-ze-na-nizozemskem\\\/#primaryimage\"},\"image\":{\"@id\":\"https:\\\/\\\/portalf1.si\\\/honda-priznala-pomanjkljivost-na-katero-je-alonso-opozarjal-ze-na-nizozemskem\\\/#primaryimage\"},\"thumbnailUrl\":\"https:\\\/\\\/portalf1.si\\\/wp-content\\\/uploads\\\/2026\\\/03\\\/aston-martin-amr26-honda-garage-bahrain-test-2026-planetf1-1320x742-1.avif\",\"datePublished\":\"2026-09-01T07:54:33+00:00\",\"dateModified\":\"2026-09-01T07:54:44+00:00\",\"description\":\"Honda je priznala pomanjkljivost, na katero je Fernando Alonso opozoril po koncu dirka\u0161kega tedna Formule 1 za Veliko nagrado Nizozemske.\",\"breadcrumb\":{\"@id\":\"https:\\\/\\\/portalf1.si\\\/honda-priznala-pomanjkljivost-na-katero-je-alonso-opozarjal-ze-na-nizozemskem\\\/#breadcrumb\"},\"inLanguage\":\"en-US\",\"potentialAction\":[{\"@type\":\"ReadAction\",\"target\":[\"https:\\\/\\\/portalf1.si\\\/honda-priznala-pomanjkljivost-na-katero-je-alonso-opozarjal-ze-na-nizozemskem\\\/\"]}]},{\"@type\":\"ImageObject\",\"inLanguage\":\"en-US\",\"@id\":\"https:\\\/\\\/portalf1.si\\\/honda-priznala-pomanjkljivost-na-katero-je-alonso-opozarjal-ze-na-nizozemskem\\\/#primaryimage\",\"url\":\"https:\\\/\\\/portalf1.si\\\/wp-content\\\/uploads\\\/2026\\\/03\\\/aston-martin-amr26-honda-garage-bahrain-test-2026-planetf1-1320x742-1.avif\",\"contentUrl\":\"https:\\\/\\\/portalf1.si\\\/wp-content\\\/uploads\\\/2026\\\/03\\\/aston-martin-amr26-honda-garage-bahrain-test-2026-planetf1-1320x742-1.avif\",\"width\":1320,\"height\":742},{\"@type\":\"BreadcrumbList\",\"@id\":\"https:\\\/\\\/portalf1.si\\\/honda-priznala-pomanjkljivost-na-katero-je-alonso-opozarjal-ze-na-nizozemskem\\\/#breadcrumb\",\"itemListElement\":[{\"@type\":\"ListItem\",\"position\":1,\"name\":\"Home\",\"item\":\"https:\\\/\\\/portalf1.si\\\/\"},{\"@type\":\"ListItem\",\"position\":2,\"name\":\"Honda priznala pomanjkljivost, na katero je Alonso opozarjal \u017ee na Nizozemskem\"}]},{\"@type\":\"WebSite\",\"@id\":\"https:\\\/\\\/portalf1.si\\\/#website\",\"url\":\"https:\\\/\\\/portalf1.si\\\/\",\"name\":\"Portal F1\",\"description\":\"Najnovej\u0161e novice iz sveta F1\",\"publisher\":{\"@id\":\"https:\\\/\\\/portalf1.si\\\/#organization\"},\"potentialAction\":[{\"@type\":\"SearchAction\",\"target\":{\"@type\":\"EntryPoint\",\"urlTemplate\":\"https:\\\/\\\/portalf1.si\\\/?s={search_term_string}\"},\"query-input\":{\"@type\":\"PropertyValueSpecification\",\"valueRequired\":true,\"valueName\":\"search_term_string\"}}],\"inLanguage\":\"en-US\"},{\"@type\":\"Organization\",\"@id\":\"https:\\\/\\\/portalf1.si\\\/#organization\",\"name\":\"Portal F1\",\"url\":\"https:\\\/\\\/portalf1.si\\\/\",\"logo\":{\"@type\":\"ImageObject\",\"inLanguage\":\"en-US\",\"@id\":\"https:\\\/\\\/portalf1.si\\\/#\\\/schema\\\/logo\\\/image\\\/\",\"url\":\"https:\\\/\\\/portalf1.si\\\/wp-content\\\/uploads\\\/2025\\\/02\\\/cropped-HiPaint_1738532868530.png\",\"contentUrl\":\"https:\\\/\\\/portalf1.si\\\/wp-content\\\/uploads\\\/2025\\\/02\\\/cropped-HiPaint_1738532868530.png\",\"width\":512,\"height\":512,\"caption\":\"Portal F1\"},\"image\":{\"@id\":\"https:\\\/\\\/portalf1.si\\\/#\\\/schema\\\/logo\\\/image\\\/\"},\"sameAs\":[\"https:\\\/\\\/www.facebook.com\\\/portalf1.si\\\/?locale=sl_SI\"]},{\"@type\":\"Person\",\"@id\":\"https:\\\/\\\/portalf1.si\\\/#\\\/schema\\\/person\\\/abfef3ba57233710daadfbdd742fecd5\",\"name\":\"Denis \u0160tojs\",\"image\":{\"@type\":\"ImageObject\",\"inLanguage\":\"en-US\",\"@id\":\"https:\\\/\\\/secure.gravatar.com\\\/avatar\\\/b006ce11dfb9c6e47e9de9803eefbdc14aa4afb445f3cca05acc735c22115b38?s=96&d=mm&r=g\",\"url\":\"https:\\\/\\\/secure.gravatar.com\\\/avatar\\\/b006ce11dfb9c6e47e9de9803eefbdc14aa4afb445f3cca05acc735c22115b38?s=96&d=mm&r=g\",\"contentUrl\":\"https:\\\/\\\/secure.gravatar.com\\\/avatar\\\/b006ce11dfb9c6e47e9de9803eefbdc14aa4afb445f3cca05acc735c22115b38?s=96&d=mm&r=g\",\"caption\":\"Denis \u0160tojs\"},\"sameAs\":[\"https:\\\/\\\/portalf1.si\"],\"url\":\"https:\\\/\\\/portalf1.si\\\/en\\\/author\\\/portalf1\\\/\"}]}<\/script>\n<!-- \/ Yoast SEO plugin. -->","yoast_head_json":{"title":"Honda priznala pomanjkljivost, na katero je Alonso opozarjal \u017ee na Nizozemskem - Portal F1","description":"Honda je priznala pomanjkljivost, na katero je Fernando Alonso opozoril po koncu dirka\u0161kega tedna Formule 1 za Veliko nagrado Nizozemske.","robots":{"index":"index","follow":"follow","max-snippet":"max-snippet:-1","max-image-preview":"max-image-preview:large","max-video-preview":"max-video-preview:-1"},"canonical":"https:\/\/portalf1.si\/en\/honda-priznala-pomanjkljivost-na-katero-je-alonso-opozarjal-ze-na-nizozemskem\/","og_locale":"en_US","og_type":"article","og_title":"Honda priznala pomanjkljivost, na katero je Alonso opozarjal \u017ee na Nizozemskem - Portal F1","og_description":"Honda je priznala pomanjkljivost, na katero je Fernando Alonso opozoril po koncu dirka\u0161kega tedna Formule 1 za Veliko nagrado Nizozemske.","og_url":"https:\/\/portalf1.si\/en\/honda-priznala-pomanjkljivost-na-katero-je-alonso-opozarjal-ze-na-nizozemskem\/","og_site_name":"Portal F1","article_publisher":"https:\/\/www.facebook.com\/portalf1.si\/?locale=sl_SI","article_published_time":"2026-09-01T07:54:33+00:00","article_modified_time":"2026-09-01T07:54:44+00:00","og_image":[{"width":1320,"height":742,"url":"https:\/\/portalf1.si\/wp-content\/uploads\/2026\/03\/aston-martin-amr26-honda-garage-bahrain-test-2026-planetf1-1320x742-1.avif","type":"image\/jpeg"}],"author":"Denis \u0160tojs","twitter_card":"summary_large_image","twitter_misc":{"Written by":"Denis \u0160tojs","Est. reading time":"3 minutes"},"schema":{"@context":"https:\/\/schema.org","@graph":[{"@type":"Article","@id":"https:\/\/portalf1.si\/honda-priznala-pomanjkljivost-na-katero-je-alonso-opozarjal-ze-na-nizozemskem\/#article","isPartOf":{"@id":"https:\/\/portalf1.si\/honda-priznala-pomanjkljivost-na-katero-je-alonso-opozarjal-ze-na-nizozemskem\/"},"author":{"name":"Denis \u0160tojs","@id":"https:\/\/portalf1.si\/#\/schema\/person\/abfef3ba57233710daadfbdd742fecd5"},"headline":"Honda priznala pomanjkljivost, na katero je Alonso opozarjal \u017ee na Nizozemskem","datePublished":"2026-09-01T07:54:33+00:00","dateModified":"2026-09-01T07:54:44+00:00","mainEntityOfPage":{"@id":"https:\/\/portalf1.si\/honda-priznala-pomanjkljivost-na-katero-je-alonso-opozarjal-ze-na-nizozemskem\/"},"wordCount":376,"commentCount":0,"publisher":{"@id":"https:\/\/portalf1.si\/#organization"},"image":{"@id":"https:\/\/portalf1.si\/honda-priznala-pomanjkljivost-na-katero-je-alonso-opozarjal-ze-na-nizozemskem\/#primaryimage"},"thumbnailUrl":"https:\/\/portalf1.si\/wp-content\/uploads\/2026\/03\/aston-martin-amr26-honda-garage-bahrain-test-2026-planetf1-1320x742-1.avif","keywords":["Aston Martin","F1","F1 2026","F1 Slovenija","Fernando Alonso","Formula 1","Formula 1 2026","Formula 1 Slovenija","Honda"],"articleSection":["Aston Martin","Fernando Alonso","Formula 1","Honda","Novice"],"inLanguage":"en-US","potentialAction":[{"@type":"CommentAction","name":"Comment","target":["https:\/\/portalf1.si\/honda-priznala-pomanjkljivost-na-katero-je-alonso-opozarjal-ze-na-nizozemskem\/#respond"]}]},{"@type":"WebPage","@id":"https:\/\/portalf1.si\/honda-priznala-pomanjkljivost-na-katero-je-alonso-opozarjal-ze-na-nizozemskem\/","url":"https:\/\/portalf1.si\/honda-priznala-pomanjkljivost-na-katero-je-alonso-opozarjal-ze-na-nizozemskem\/","name":"Honda priznala pomanjkljivost, na katero je Alonso opozarjal \u017ee na Nizozemskem - Portal F1","isPartOf":{"@id":"https:\/\/portalf1.si\/#website"},"primaryImageOfPage":{"@id":"https:\/\/portalf1.si\/honda-priznala-pomanjkljivost-na-katero-je-alonso-opozarjal-ze-na-nizozemskem\/#primaryimage"},"image":{"@id":"https:\/\/portalf1.si\/honda-priznala-pomanjkljivost-na-katero-je-alonso-opozarjal-ze-na-nizozemskem\/#primaryimage"},"thumbnailUrl":"https:\/\/portalf1.si\/wp-content\/uploads\/2026\/03\/aston-martin-amr26-honda-garage-bahrain-test-2026-planetf1-1320x742-1.avif","datePublished":"2026-09-01T07:54:33+00:00","dateModified":"2026-09-01T07:54:44+00:00","description":"Honda je priznala pomanjkljivost, na katero je Fernando Alonso opozoril po koncu dirka\u0161kega tedna Formule 1 za Veliko nagrado Nizozemske.","breadcrumb":{"@id":"https:\/\/portalf1.si\/honda-priznala-pomanjkljivost-na-katero-je-alonso-opozarjal-ze-na-nizozemskem\/#breadcrumb"},"inLanguage":"en-US","potentialAction":[{"@type":"ReadAction","target":["https:\/\/portalf1.si\/honda-priznala-pomanjkljivost-na-katero-je-alonso-opozarjal-ze-na-nizozemskem\/"]}]},{"@type":"ImageObject","inLanguage":"en-US","@id":"https:\/\/portalf1.si\/honda-priznala-pomanjkljivost-na-katero-je-alonso-opozarjal-ze-na-nizozemskem\/#primaryimage","url":"https:\/\/portalf1.si\/wp-content\/uploads\/2026\/03\/aston-martin-amr26-honda-garage-bahrain-test-2026-planetf1-1320x742-1.avif","contentUrl":"https:\/\/portalf1.si\/wp-content\/uploads\/2026\/03\/aston-martin-amr26-honda-garage-bahrain-test-2026-planetf1-1320x742-1.avif","width":1320,"height":742},{"@type":"BreadcrumbList","@id":"https:\/\/portalf1.si\/honda-priznala-pomanjkljivost-na-katero-je-alonso-opozarjal-ze-na-nizozemskem\/#breadcrumb","itemListElement":[{"@type":"ListItem","position":1,"name":"Home","item":"https:\/\/portalf1.si\/"},{"@type":"ListItem","position":2,"name":"Honda priznala pomanjkljivost, na katero je Alonso opozarjal \u017ee na Nizozemskem"}]},{"@type":"WebSite","@id":"https:\/\/portalf1.si\/#website","url":"https:\/\/portalf1.si\/","name":"Portal F1","description":"Najnovej\u0161e novice iz sveta F1","publisher":{"@id":"https:\/\/portalf1.si\/#organization"},"potentialAction":[{"@type":"SearchAction","target":{"@type":"EntryPoint","urlTemplate":"https:\/\/portalf1.si\/?s={search_term_string}"},"query-input":{"@type":"PropertyValueSpecification","valueRequired":true,"valueName":"search_term_string"}}],"inLanguage":"en-US"},{"@type":"Organization","@id":"https:\/\/portalf1.si\/#organization","name":"Portal F1","url":"https:\/\/portalf1.si\/","logo":{"@type":"ImageObject","inLanguage":"en-US","@id":"https:\/\/portalf1.si\/#\/schema\/logo\/image\/","url":"https:\/\/portalf1.si\/wp-content\/uploads\/2025\/02\/cropped-HiPaint_1738532868530.png","contentUrl":"https:\/\/portalf1.si\/wp-content\/uploads\/2025\/02\/cropped-HiPaint_1738532868530.png","width":512,"height":512,"caption":"Portal F1"},"image":{"@id":"https:\/\/portalf1.si\/#\/schema\/logo\/image\/"},"sameAs":["https:\/\/www.facebook.com\/portalf1.si\/?locale=sl_SI"]},{"@type":"Person","@id":"https:\/\/portalf1.si\/#\/schema\/person\/abfef3ba57233710daadfbdd742fecd5","name":"Denis Stoy","image":{"@type":"ImageObject","inLanguage":"en-US","@id":"https:\/\/secure.gravatar.com\/avatar\/b006ce11dfb9c6e47e9de9803eefbdc14aa4afb445f3cca05acc735c22115b38?s=96&d=mm&r=g","url":"https:\/\/secure.gravatar.com\/avatar\/b006ce11dfb9c6e47e9de9803eefbdc14aa4afb445f3cca05acc735c22115b38?s=96&d=mm&r=g","contentUrl":"https:\/\/secure.gravatar.com\/avatar\/b006ce11dfb9c6e47e9de9803eefbdc14aa4afb445f3cca05acc735c22115b38?s=96&d=mm&r=g","caption":"Denis \u0160tojs"},"sameAs":["https:\/\/portalf1.si"],"url":"https:\/\/portalf1.si\/en\/author\/portalf1\/"}]}},"_links":{"self":[{"href":"https:\/\/portalf1.si\/en\/wp-json\/wp\/v2\/posts\/16017","targetHints":{"allow":["GET"]}}],"collection":[{"href":"https:\/\/portalf1.si\/en\/wp-json\/wp\/v2\/posts"}],"about":[{"href":"https:\/\/portalf1.si\/en\/wp-json\/wp\/v2\/types\/post"}],"author":[{"embeddable":true,"href":"https:\/\/portalf1.si\/en\/wp-json\/wp\/v2\/users\/1"}],"replies":[{"embeddable":true,"href":"https:\/\/portalf1.si\/en\/wp-json\/wp\/v2\/comments?post=16017"}],"version-history":[{"count":2,"href":"https:\/\/portalf1.si\/en\/wp-json\/wp\/v2\/posts\/16017\/revisions"}],"predecessor-version":[{"id":16019,"href":"https:\/\/portalf1.si\/en\/wp-json\/wp\/v2\/posts\/16017\/revisions\/16019"}],"wp:featuredmedia":[{"embeddable":true,"href":"https:\/\/portalf1.si\/en\/wp-json\/wp\/v2\/media\/11646"}],"wp:attachment":[{"href":"https:\/\/portalf1.si\/en\/wp-json\/wp\/v2\/media?parent=16017"}],"wp:term":[{"taxonomy":"category","embeddable":true,"href":"https:\/\/portalf1.si\/en\/wp-json\/wp\/v2\/categories?post=16017"},{"taxonomy":"post_tag","embeddable":true,"href":"https:\/\/portalf1.si\/en\/wp-json\/wp\/v2\/tags?post=16017"}],"curies":[{"name":"wp","href":"https:\/\/api.w.org\/{rel}","templated":true}]}}