{"id":16035,"date":"2026-09-01T22:18:58","date_gmt":"2026-09-01T22:18:58","guid":{"rendered":"https:\/\/portalf1.si\/?p=16035"},"modified":"2026-09-01T22:18:58","modified_gmt":"2026-09-01T22:18:58","slug":"zakaj-fia-brani-mercedes-ce-je-celo-sam-wolff-priznal-da-imajo-najmocnejso-pogonsko-enoto","status":"publish","type":"post","link":"https:\/\/portalf1.si\/en\/zakaj-fia-brani-mercedes-ce-je-celo-sam-wolff-priznal-da-imajo-najmocnejso-pogonsko-enoto\/","title":{"rendered":"Zakaj FIA brani Mercedes, \u010de je celo sam Wolff priznal, da imajo najmo\u010dnej\u0161o pogonsko enoto"},"content":{"rendered":"<div class=\"container\">\n<div id=\"model-response-message-contentr_8204bd1b03aec885\" class=\"markdown markdown-main-panel md-content enable-luminous-fast-follows enable-updated-hr-color\" dir=\"ltr\" aria-busy=\"false\" aria-live=\"polite\">\n<p data-path-to-node=\"0\"><strong>Izjava Tota Wolffa, da ima Mercedes &#8220;najmo\u010dnej\u0161o pogonsko enoto&#8221; v Formuli 1, je bila mi\u0161ljena kot obramba celotnega paketa njegove ekipe. Namesto tega pa je znova odprla eno najve\u010djih tehni\u010dnih in politi\u010dnih razprav sezone 2026.<\/strong><\/p>\n<p data-path-to-node=\"0\">Te\u017eava ni zgolj v tem, ali je Mercedes hiter. Njihova mo\u010d na ravnini je bila o\u010ditna na ve\u010d dirkali\u0161\u010dih. Te\u017eava je v tem, kako se ta trditev sklada s sistemom dodatnih prilo\u017enosti za razvoj in posodobitve Mednarodne avtomobilske zveze (FIA), znanim kot ADUO, ter s prepri\u010danjem Red Bulla, da pravila niso pravi\u010dno odrazila tekmovalnega razmerja mo\u010di.<\/p>\n<p data-path-to-node=\"1\">V okviru tega sistema je zgodnja ocena FIE uvrstila Red Bull-Ford na vrh lestvice motorjev z notranjim izgorevanjem. To je pomenilo, da je bil Mercedes, ker ADUO ocenjuje motor z notranjim izgorevanjem in ne celotne hibridne pogonske enote, upravi\u010den do dodatnih razvojnih prilo\u017enosti, medtem ko Red Bull Fordov motor te pravice ni dobil.<\/p>\n<p data-path-to-node=\"2\"><em>&#8220;Imamo najmo\u010dnej\u0161o pogonsko enoto,&#8221;<\/em> je Wolff dejal po Veliki nagradi Belgije med razpravo o Mercedesovih te\u017eavah z zanesljivostjo. Vodja ekipe Red Bull Laurent Mekies se je prav tako strinjal, da ima Mercedes o\u010diten prednost na ravnini, kar je ustvarilo novo temo pogovorov o postopku merjenja.<\/p>\n<p data-path-to-node=\"3\">Drugo okno ocenjevanja s strani FIE je znova potrdilo, da so dodatne razvojne prilo\u017enosti dovoljene Mercedesu, Ferrariju, Audiju in Hondi, ne pa tudi Fordu.<\/p>\n<p data-path-to-node=\"4\">Bistvo ni nujno v tem, da je sistem napa\u010den. Gre za to, da lahko definicija <em>&#8220;najbolj\u0161ega motorja&#8221;<\/em> po pravilih F1 in definicija <em>&#8220;najbolj\u0161e pogonske enote&#8221;<\/em> v prineseta razli\u010dne odgovore. Stali\u0161\u010de Red Bulla je lahko razumljivo. \u010ce lahko Mercedes javno trdi, da ima najmo\u010dnej\u0161o celotno pogonsko enoto, zakaj bi bil Red Bull-Ford obravnavan kot merilo za razvojne prilo\u017enosti? Mercedes se po drugi strani naravno lahko sklicuje na zapisana pravila in trdi, da njegova zmogljivostna prednost ni isto kot specifi\u010dna meritev, ki jo uporablja ADUO.<\/p>\n<p data-path-to-node=\"5\">\u010casovnica je nerodna tudi za Mercedes. Ekipa se soo\u010da s skrbmi glede zanesljivosti motorja, \u010deprav vodi v boju za naslov prvaka. Kimi Antonelli bo po pri\u010dakovanjih v Monzi za\u010del z za\u010delja po popolni menjavi pogonske enote, medtem ko bo tudi George Russell kasneje v sezoni prejel kazen s pribitkom mest na \u0161tartni \u010drti.<\/p>\n<blockquote class=\"wp-embedded-content\" data-secret=\"inevwyesYu\"><p><a href=\"https:\/\/portalf1.si\/en\/kot-kaze-je-russell-postal-novi-bottas\/\">Kot ka\u017ee, je Russell postal novi Bottas<\/a><\/p><\/blockquote>\n<p><iframe loading=\"lazy\" class=\"wp-embedded-content\" sandbox=\"allow-scripts\" security=\"restricted\" style=\"position: absolute; visibility: hidden;\" title=\"\u201cKot ka\u017ee, je Russell postal novi Bottas\u201d \u2014 Portal F1\" src=\"https:\/\/portalf1.si\/kot-kaze-je-russell-postal-novi-bottas\/embed\/#?secret=3UKeBXiGQX#?secret=inevwyesYu\" data-secret=\"inevwyesYu\" width=\"600\" height=\"338\" frameborder=\"0\" marginwidth=\"0\" marginheight=\"0\" scrolling=\"no\"><\/iframe><\/p>\n<\/div>\n<\/div>","protected":false},"excerpt":{"rendered":"<p>Izjava Tota Wolffa, da ima Mercedes &#8220;najmo\u010dnej\u0161o pogonsko enoto&#8221; v Formuli 1, je bila mi\u0161ljena kot obramba celotnega paketa njegove ekipe. Namesto tega pa je znova odprla eno najve\u010djih tehni\u010dnih in politi\u010dnih razprav sezone 2026. Te\u017eava ni zgolj v tem, ali je Mercedes hiter. Njihova mo\u010d na ravnini je bila o\u010ditna na ve\u010d dirkali\u0161\u010dih. Te\u017eava [&hellip;]<\/p>\n","protected":false},"author":1,"featured_media":15639,"comment_status":"open","ping_status":"closed","sticky":false,"template":"","format":"standard","meta":{"footnotes":""},"categories":[32,60,30,35,31,36],"tags":[44,317,159,62,45,318,158,54],"class_list":["post-16035","post","type-post","status-publish","format-standard","has-post-thumbnail","hentry","category-clanki","category-fia","category-formula-1","category-mercedes","category-novice","category-red-bull","tag-f1","tag-f1-2026","tag-f1-slovenija","tag-fia","tag-formula-1","tag-formula-1-2026","tag-formula-1-slovenija","tag-mercedes"],"blocksy_meta":{"styles_descriptor":{"styles":{"desktop":"","tablet":"","mobile":""},"google_fonts":[],"version":7}},"yoast_head":"<!-- This site is optimized with the Yoast SEO plugin v28.4 - https:\/\/yoast.com\/product\/yoast-seo-wordpress\/ -->\n<title>Zakaj FIA brani Mercedes, \u010de je celo sam Wolff priznal, da imajo najmo\u010dnej\u0161o pogonsko enoto - Portal F1<\/title>\n<meta name=\"description\" content=\"Izjava Tota Wolffa, da ima Mercedes &quot;najmo\u010dnej\u0161o pogonsko enoto&quot; v Formuli 1, je bila mi\u0161ljena kot obramba celotnega paketa njegove ekipe..\" \/>\n<meta name=\"robots\" content=\"index, follow, max-snippet:-1, max-image-preview:large, max-video-preview:-1\" \/>\n<link rel=\"canonical\" href=\"https:\/\/portalf1.si\/en\/zakaj-fia-brani-mercedes-ce-je-celo-sam-wolff-priznal-da-imajo-najmocnejso-pogonsko-enoto\/\" \/>\n<meta property=\"og:locale\" content=\"en_US\" \/>\n<meta property=\"og:type\" content=\"article\" \/>\n<meta property=\"og:title\" content=\"Zakaj FIA brani Mercedes, \u010de je celo sam Wolff priznal, da imajo najmo\u010dnej\u0161o pogonsko enoto - Portal F1\" \/>\n<meta property=\"og:description\" content=\"Izjava Tota Wolffa, da ima Mercedes &quot;najmo\u010dnej\u0161o pogonsko enoto&quot; v Formuli 1, je bila mi\u0161ljena kot obramba celotnega paketa njegove ekipe..\" \/>\n<meta property=\"og:url\" content=\"https:\/\/portalf1.si\/en\/zakaj-fia-brani-mercedes-ce-je-celo-sam-wolff-priznal-da-imajo-najmocnejso-pogonsko-enoto\/\" \/>\n<meta property=\"og:site_name\" content=\"Portal F1\" \/>\n<meta property=\"article:publisher\" content=\"https:\/\/www.facebook.com\/portalf1.si\/?locale=sl_SI\" \/>\n<meta property=\"article:published_time\" content=\"2026-09-01T22:18:58+00:00\" \/>\n<meta property=\"og:image\" content=\"https:\/\/portalf1.si\/wp-content\/uploads\/2026\/07\/skysports-f1-toto-wolff_7307307.avif\" \/>\n\t<meta property=\"og:image:width\" content=\"2048\" \/>\n\t<meta property=\"og:image:height\" content=\"1152\" \/>\n\t<meta property=\"og:image:type\" content=\"image\/jpeg\" \/>\n<meta name=\"author\" content=\"Denis \u0160tojs\" \/>\n<meta name=\"twitter:card\" content=\"summary_large_image\" \/>\n<meta name=\"twitter:label1\" content=\"Written by\" \/>\n\t<meta name=\"twitter:data1\" content=\"Denis \u0160tojs\" \/>\n\t<meta name=\"twitter:label2\" content=\"Est. reading time\" \/>\n\t<meta name=\"twitter:data2\" content=\"3 minutes\" \/>\n<script type=\"application\/ld+json\" class=\"yoast-schema-graph\">{\"@context\":\"https:\\\/\\\/schema.org\",\"@graph\":[{\"@type\":\"Article\",\"@id\":\"https:\\\/\\\/portalf1.si\\\/zakaj-fia-brani-mercedes-ce-je-celo-sam-wolff-priznal-da-imajo-najmocnejso-pogonsko-enoto\\\/#article\",\"isPartOf\":{\"@id\":\"https:\\\/\\\/portalf1.si\\\/zakaj-fia-brani-mercedes-ce-je-celo-sam-wolff-priznal-da-imajo-najmocnejso-pogonsko-enoto\\\/\"},\"author\":{\"name\":\"Denis \u0160tojs\",\"@id\":\"https:\\\/\\\/portalf1.si\\\/#\\\/schema\\\/person\\\/abfef3ba57233710daadfbdd742fecd5\"},\"headline\":\"Zakaj FIA brani Mercedes, \u010de je celo sam Wolff priznal, da imajo najmo\u010dnej\u0161o pogonsko enoto\",\"datePublished\":\"2026-09-01T22:18:58+00:00\",\"mainEntityOfPage\":{\"@id\":\"https:\\\/\\\/portalf1.si\\\/zakaj-fia-brani-mercedes-ce-je-celo-sam-wolff-priznal-da-imajo-najmocnejso-pogonsko-enoto\\\/\"},\"wordCount\":402,\"commentCount\":0,\"publisher\":{\"@id\":\"https:\\\/\\\/portalf1.si\\\/#organization\"},\"image\":{\"@id\":\"https:\\\/\\\/portalf1.si\\\/zakaj-fia-brani-mercedes-ce-je-celo-sam-wolff-priznal-da-imajo-najmocnejso-pogonsko-enoto\\\/#primaryimage\"},\"thumbnailUrl\":\"https:\\\/\\\/portalf1.si\\\/wp-content\\\/uploads\\\/2026\\\/07\\\/skysports-f1-toto-wolff_7307307.avif\",\"keywords\":[\"F1\",\"F1 2026\",\"F1 Slovenija\",\"FIA\",\"Formula 1\",\"Formula 1 2026\",\"Formula 1 Slovenija\",\"Mercedes\"],\"articleSection\":[\"\u010clanki\",\"FIA\",\"Formula 1\",\"Mercedes\",\"Novice\",\"Red Bull\"],\"inLanguage\":\"en-US\",\"potentialAction\":[{\"@type\":\"CommentAction\",\"name\":\"Comment\",\"target\":[\"https:\\\/\\\/portalf1.si\\\/zakaj-fia-brani-mercedes-ce-je-celo-sam-wolff-priznal-da-imajo-najmocnejso-pogonsko-enoto\\\/#respond\"]}]},{\"@type\":\"WebPage\",\"@id\":\"https:\\\/\\\/portalf1.si\\\/zakaj-fia-brani-mercedes-ce-je-celo-sam-wolff-priznal-da-imajo-najmocnejso-pogonsko-enoto\\\/\",\"url\":\"https:\\\/\\\/portalf1.si\\\/zakaj-fia-brani-mercedes-ce-je-celo-sam-wolff-priznal-da-imajo-najmocnejso-pogonsko-enoto\\\/\",\"name\":\"Zakaj FIA brani Mercedes, \u010de je celo sam Wolff priznal, da imajo najmo\u010dnej\u0161o pogonsko enoto - Portal F1\",\"isPartOf\":{\"@id\":\"https:\\\/\\\/portalf1.si\\\/#website\"},\"primaryImageOfPage\":{\"@id\":\"https:\\\/\\\/portalf1.si\\\/zakaj-fia-brani-mercedes-ce-je-celo-sam-wolff-priznal-da-imajo-najmocnejso-pogonsko-enoto\\\/#primaryimage\"},\"image\":{\"@id\":\"https:\\\/\\\/portalf1.si\\\/zakaj-fia-brani-mercedes-ce-je-celo-sam-wolff-priznal-da-imajo-najmocnejso-pogonsko-enoto\\\/#primaryimage\"},\"thumbnailUrl\":\"https:\\\/\\\/portalf1.si\\\/wp-content\\\/uploads\\\/2026\\\/07\\\/skysports-f1-toto-wolff_7307307.avif\",\"datePublished\":\"2026-09-01T22:18:58+00:00\",\"description\":\"Izjava Tota Wolffa, da ima Mercedes \\\"najmo\u010dnej\u0161o pogonsko enoto\\\" v Formuli 1, je bila mi\u0161ljena kot obramba celotnega paketa njegove ekipe..\",\"breadcrumb\":{\"@id\":\"https:\\\/\\\/portalf1.si\\\/zakaj-fia-brani-mercedes-ce-je-celo-sam-wolff-priznal-da-imajo-najmocnejso-pogonsko-enoto\\\/#breadcrumb\"},\"inLanguage\":\"en-US\",\"potentialAction\":[{\"@type\":\"ReadAction\",\"target\":[\"https:\\\/\\\/portalf1.si\\\/zakaj-fia-brani-mercedes-ce-je-celo-sam-wolff-priznal-da-imajo-najmocnejso-pogonsko-enoto\\\/\"]}]},{\"@type\":\"ImageObject\",\"inLanguage\":\"en-US\",\"@id\":\"https:\\\/\\\/portalf1.si\\\/zakaj-fia-brani-mercedes-ce-je-celo-sam-wolff-priznal-da-imajo-najmocnejso-pogonsko-enoto\\\/#primaryimage\",\"url\":\"https:\\\/\\\/portalf1.si\\\/wp-content\\\/uploads\\\/2026\\\/07\\\/skysports-f1-toto-wolff_7307307.avif\",\"contentUrl\":\"https:\\\/\\\/portalf1.si\\\/wp-content\\\/uploads\\\/2026\\\/07\\\/skysports-f1-toto-wolff_7307307.avif\",\"width\":2048,\"height\":1152},{\"@type\":\"BreadcrumbList\",\"@id\":\"https:\\\/\\\/portalf1.si\\\/zakaj-fia-brani-mercedes-ce-je-celo-sam-wolff-priznal-da-imajo-najmocnejso-pogonsko-enoto\\\/#breadcrumb\",\"itemListElement\":[{\"@type\":\"ListItem\",\"position\":1,\"name\":\"Home\",\"item\":\"https:\\\/\\\/portalf1.si\\\/\"},{\"@type\":\"ListItem\",\"position\":2,\"name\":\"Zakaj FIA brani Mercedes, \u010de je celo sam Wolff priznal, da imajo najmo\u010dnej\u0161o pogonsko enoto\"}]},{\"@type\":\"WebSite\",\"@id\":\"https:\\\/\\\/portalf1.si\\\/#website\",\"url\":\"https:\\\/\\\/portalf1.si\\\/\",\"name\":\"Portal F1\",\"description\":\"Najnovej\u0161e novice iz sveta F1\",\"publisher\":{\"@id\":\"https:\\\/\\\/portalf1.si\\\/#organization\"},\"potentialAction\":[{\"@type\":\"SearchAction\",\"target\":{\"@type\":\"EntryPoint\",\"urlTemplate\":\"https:\\\/\\\/portalf1.si\\\/?s={search_term_string}\"},\"query-input\":{\"@type\":\"PropertyValueSpecification\",\"valueRequired\":true,\"valueName\":\"search_term_string\"}}],\"inLanguage\":\"en-US\"},{\"@type\":\"Organization\",\"@id\":\"https:\\\/\\\/portalf1.si\\\/#organization\",\"name\":\"Portal F1\",\"url\":\"https:\\\/\\\/portalf1.si\\\/\",\"logo\":{\"@type\":\"ImageObject\",\"inLanguage\":\"en-US\",\"@id\":\"https:\\\/\\\/portalf1.si\\\/#\\\/schema\\\/logo\\\/image\\\/\",\"url\":\"https:\\\/\\\/portalf1.si\\\/wp-content\\\/uploads\\\/2025\\\/02\\\/cropped-HiPaint_1738532868530.png\",\"contentUrl\":\"https:\\\/\\\/portalf1.si\\\/wp-content\\\/uploads\\\/2025\\\/02\\\/cropped-HiPaint_1738532868530.png\",\"width\":512,\"height\":512,\"caption\":\"Portal F1\"},\"image\":{\"@id\":\"https:\\\/\\\/portalf1.si\\\/#\\\/schema\\\/logo\\\/image\\\/\"},\"sameAs\":[\"https:\\\/\\\/www.facebook.com\\\/portalf1.si\\\/?locale=sl_SI\"]},{\"@type\":\"Person\",\"@id\":\"https:\\\/\\\/portalf1.si\\\/#\\\/schema\\\/person\\\/abfef3ba57233710daadfbdd742fecd5\",\"name\":\"Denis \u0160tojs\",\"image\":{\"@type\":\"ImageObject\",\"inLanguage\":\"en-US\",\"@id\":\"https:\\\/\\\/secure.gravatar.com\\\/avatar\\\/b006ce11dfb9c6e47e9de9803eefbdc14aa4afb445f3cca05acc735c22115b38?s=96&d=mm&r=g\",\"url\":\"https:\\\/\\\/secure.gravatar.com\\\/avatar\\\/b006ce11dfb9c6e47e9de9803eefbdc14aa4afb445f3cca05acc735c22115b38?s=96&d=mm&r=g\",\"contentUrl\":\"https:\\\/\\\/secure.gravatar.com\\\/avatar\\\/b006ce11dfb9c6e47e9de9803eefbdc14aa4afb445f3cca05acc735c22115b38?s=96&d=mm&r=g\",\"caption\":\"Denis \u0160tojs\"},\"sameAs\":[\"https:\\\/\\\/portalf1.si\"],\"url\":\"https:\\\/\\\/portalf1.si\\\/en\\\/author\\\/portalf1\\\/\"}]}<\/script>\n<!-- \/ Yoast SEO plugin. -->","yoast_head_json":{"title":"Zakaj FIA brani Mercedes, \u010de je celo sam Wolff priznal, da imajo najmo\u010dnej\u0161o pogonsko enoto - Portal F1","description":"Izjava Tota Wolffa, da ima Mercedes \"najmo\u010dnej\u0161o pogonsko enoto\" v Formuli 1, je bila mi\u0161ljena kot obramba celotnega paketa njegove ekipe..","robots":{"index":"index","follow":"follow","max-snippet":"max-snippet:-1","max-image-preview":"max-image-preview:large","max-video-preview":"max-video-preview:-1"},"canonical":"https:\/\/portalf1.si\/en\/zakaj-fia-brani-mercedes-ce-je-celo-sam-wolff-priznal-da-imajo-najmocnejso-pogonsko-enoto\/","og_locale":"en_US","og_type":"article","og_title":"Zakaj FIA brani Mercedes, \u010de je celo sam Wolff priznal, da imajo najmo\u010dnej\u0161o pogonsko enoto - Portal F1","og_description":"Izjava Tota Wolffa, da ima Mercedes \"najmo\u010dnej\u0161o pogonsko enoto\" v Formuli 1, je bila mi\u0161ljena kot obramba celotnega paketa njegove ekipe..","og_url":"https:\/\/portalf1.si\/en\/zakaj-fia-brani-mercedes-ce-je-celo-sam-wolff-priznal-da-imajo-najmocnejso-pogonsko-enoto\/","og_site_name":"Portal F1","article_publisher":"https:\/\/www.facebook.com\/portalf1.si\/?locale=sl_SI","article_published_time":"2026-09-01T22:18:58+00:00","og_image":[{"width":2048,"height":1152,"url":"https:\/\/portalf1.si\/wp-content\/uploads\/2026\/07\/skysports-f1-toto-wolff_7307307.avif","type":"image\/jpeg"}],"author":"Denis \u0160tojs","twitter_card":"summary_large_image","twitter_misc":{"Written by":"Denis \u0160tojs","Est. reading time":"3 minutes"},"schema":{"@context":"https:\/\/schema.org","@graph":[{"@type":"Article","@id":"https:\/\/portalf1.si\/zakaj-fia-brani-mercedes-ce-je-celo-sam-wolff-priznal-da-imajo-najmocnejso-pogonsko-enoto\/#article","isPartOf":{"@id":"https:\/\/portalf1.si\/zakaj-fia-brani-mercedes-ce-je-celo-sam-wolff-priznal-da-imajo-najmocnejso-pogonsko-enoto\/"},"author":{"name":"Denis \u0160tojs","@id":"https:\/\/portalf1.si\/#\/schema\/person\/abfef3ba57233710daadfbdd742fecd5"},"headline":"Zakaj FIA brani Mercedes, \u010de je celo sam Wolff priznal, da imajo najmo\u010dnej\u0161o pogonsko enoto","datePublished":"2026-09-01T22:18:58+00:00","mainEntityOfPage":{"@id":"https:\/\/portalf1.si\/zakaj-fia-brani-mercedes-ce-je-celo-sam-wolff-priznal-da-imajo-najmocnejso-pogonsko-enoto\/"},"wordCount":402,"commentCount":0,"publisher":{"@id":"https:\/\/portalf1.si\/#organization"},"image":{"@id":"https:\/\/portalf1.si\/zakaj-fia-brani-mercedes-ce-je-celo-sam-wolff-priznal-da-imajo-najmocnejso-pogonsko-enoto\/#primaryimage"},"thumbnailUrl":"https:\/\/portalf1.si\/wp-content\/uploads\/2026\/07\/skysports-f1-toto-wolff_7307307.avif","keywords":["F1","F1 2026","F1 Slovenija","FIA","Formula 1","Formula 1 2026","Formula 1 Slovenija","Mercedes"],"articleSection":["\u010clanki","FIA","Formula 1","Mercedes","Novice","Red Bull"],"inLanguage":"en-US","potentialAction":[{"@type":"CommentAction","name":"Comment","target":["https:\/\/portalf1.si\/zakaj-fia-brani-mercedes-ce-je-celo-sam-wolff-priznal-da-imajo-najmocnejso-pogonsko-enoto\/#respond"]}]},{"@type":"WebPage","@id":"https:\/\/portalf1.si\/zakaj-fia-brani-mercedes-ce-je-celo-sam-wolff-priznal-da-imajo-najmocnejso-pogonsko-enoto\/","url":"https:\/\/portalf1.si\/zakaj-fia-brani-mercedes-ce-je-celo-sam-wolff-priznal-da-imajo-najmocnejso-pogonsko-enoto\/","name":"Zakaj FIA brani Mercedes, \u010de je celo sam Wolff priznal, da imajo najmo\u010dnej\u0161o pogonsko enoto - Portal F1","isPartOf":{"@id":"https:\/\/portalf1.si\/#website"},"primaryImageOfPage":{"@id":"https:\/\/portalf1.si\/zakaj-fia-brani-mercedes-ce-je-celo-sam-wolff-priznal-da-imajo-najmocnejso-pogonsko-enoto\/#primaryimage"},"image":{"@id":"https:\/\/portalf1.si\/zakaj-fia-brani-mercedes-ce-je-celo-sam-wolff-priznal-da-imajo-najmocnejso-pogonsko-enoto\/#primaryimage"},"thumbnailUrl":"https:\/\/portalf1.si\/wp-content\/uploads\/2026\/07\/skysports-f1-toto-wolff_7307307.avif","datePublished":"2026-09-01T22:18:58+00:00","description":"Izjava Tota Wolffa, da ima Mercedes \"najmo\u010dnej\u0161o pogonsko enoto\" v Formuli 1, je bila mi\u0161ljena kot obramba celotnega paketa njegove ekipe..","breadcrumb":{"@id":"https:\/\/portalf1.si\/zakaj-fia-brani-mercedes-ce-je-celo-sam-wolff-priznal-da-imajo-najmocnejso-pogonsko-enoto\/#breadcrumb"},"inLanguage":"en-US","potentialAction":[{"@type":"ReadAction","target":["https:\/\/portalf1.si\/zakaj-fia-brani-mercedes-ce-je-celo-sam-wolff-priznal-da-imajo-najmocnejso-pogonsko-enoto\/"]}]},{"@type":"ImageObject","inLanguage":"en-US","@id":"https:\/\/portalf1.si\/zakaj-fia-brani-mercedes-ce-je-celo-sam-wolff-priznal-da-imajo-najmocnejso-pogonsko-enoto\/#primaryimage","url":"https:\/\/portalf1.si\/wp-content\/uploads\/2026\/07\/skysports-f1-toto-wolff_7307307.avif","contentUrl":"https:\/\/portalf1.si\/wp-content\/uploads\/2026\/07\/skysports-f1-toto-wolff_7307307.avif","width":2048,"height":1152},{"@type":"BreadcrumbList","@id":"https:\/\/portalf1.si\/zakaj-fia-brani-mercedes-ce-je-celo-sam-wolff-priznal-da-imajo-najmocnejso-pogonsko-enoto\/#breadcrumb","itemListElement":[{"@type":"ListItem","position":1,"name":"Home","item":"https:\/\/portalf1.si\/"},{"@type":"ListItem","position":2,"name":"Zakaj FIA brani Mercedes, \u010de je celo sam Wolff priznal, da imajo najmo\u010dnej\u0161o pogonsko enoto"}]},{"@type":"WebSite","@id":"https:\/\/portalf1.si\/#website","url":"https:\/\/portalf1.si\/","name":"Portal F1","description":"Najnovej\u0161e novice iz sveta F1","publisher":{"@id":"https:\/\/portalf1.si\/#organization"},"potentialAction":[{"@type":"SearchAction","target":{"@type":"EntryPoint","urlTemplate":"https:\/\/portalf1.si\/?s={search_term_string}"},"query-input":{"@type":"PropertyValueSpecification","valueRequired":true,"valueName":"search_term_string"}}],"inLanguage":"en-US"},{"@type":"Organization","@id":"https:\/\/portalf1.si\/#organization","name":"Portal F1","url":"https:\/\/portalf1.si\/","logo":{"@type":"ImageObject","inLanguage":"en-US","@id":"https:\/\/portalf1.si\/#\/schema\/logo\/image\/","url":"https:\/\/portalf1.si\/wp-content\/uploads\/2025\/02\/cropped-HiPaint_1738532868530.png","contentUrl":"https:\/\/portalf1.si\/wp-content\/uploads\/2025\/02\/cropped-HiPaint_1738532868530.png","width":512,"height":512,"caption":"Portal F1"},"image":{"@id":"https:\/\/portalf1.si\/#\/schema\/logo\/image\/"},"sameAs":["https:\/\/www.facebook.com\/portalf1.si\/?locale=sl_SI"]},{"@type":"Person","@id":"https:\/\/portalf1.si\/#\/schema\/person\/abfef3ba57233710daadfbdd742fecd5","name":"Denis Stoy","image":{"@type":"ImageObject","inLanguage":"en-US","@id":"https:\/\/secure.gravatar.com\/avatar\/b006ce11dfb9c6e47e9de9803eefbdc14aa4afb445f3cca05acc735c22115b38?s=96&d=mm&r=g","url":"https:\/\/secure.gravatar.com\/avatar\/b006ce11dfb9c6e47e9de9803eefbdc14aa4afb445f3cca05acc735c22115b38?s=96&d=mm&r=g","contentUrl":"https:\/\/secure.gravatar.com\/avatar\/b006ce11dfb9c6e47e9de9803eefbdc14aa4afb445f3cca05acc735c22115b38?s=96&d=mm&r=g","caption":"Denis \u0160tojs"},"sameAs":["https:\/\/portalf1.si"],"url":"https:\/\/portalf1.si\/en\/author\/portalf1\/"}]}},"_links":{"self":[{"href":"https:\/\/portalf1.si\/en\/wp-json\/wp\/v2\/posts\/16035","targetHints":{"allow":["GET"]}}],"collection":[{"href":"https:\/\/portalf1.si\/en\/wp-json\/wp\/v2\/posts"}],"about":[{"href":"https:\/\/portalf1.si\/en\/wp-json\/wp\/v2\/types\/post"}],"author":[{"embeddable":true,"href":"https:\/\/portalf1.si\/en\/wp-json\/wp\/v2\/users\/1"}],"replies":[{"embeddable":true,"href":"https:\/\/portalf1.si\/en\/wp-json\/wp\/v2\/comments?post=16035"}],"version-history":[{"count":1,"href":"https:\/\/portalf1.si\/en\/wp-json\/wp\/v2\/posts\/16035\/revisions"}],"predecessor-version":[{"id":16036,"href":"https:\/\/portalf1.si\/en\/wp-json\/wp\/v2\/posts\/16035\/revisions\/16036"}],"wp:featuredmedia":[{"embeddable":true,"href":"https:\/\/portalf1.si\/en\/wp-json\/wp\/v2\/media\/15639"}],"wp:attachment":[{"href":"https:\/\/portalf1.si\/en\/wp-json\/wp\/v2\/media?parent=16035"}],"wp:term":[{"taxonomy":"category","embeddable":true,"href":"https:\/\/portalf1.si\/en\/wp-json\/wp\/v2\/categories?post=16035"},{"taxonomy":"post_tag","embeddable":true,"href":"https:\/\/portalf1.si\/en\/wp-json\/wp\/v2\/tags?post=16035"}],"curies":[{"name":"wp","href":"https:\/\/api.w.org\/{rel}","templated":true}]}}