{"id":16037,"date":"2026-09-01T22:33:28","date_gmt":"2026-09-01T22:33:28","guid":{"rendered":"https:\/\/portalf1.si\/?p=16037"},"modified":"2026-09-01T22:33:28","modified_gmt":"2026-09-01T22:33:28","slug":"hamilton-v-svojo-garazo-koncno-pripeljal-svoj-sanjski-avto","status":"publish","type":"post","link":"https:\/\/portalf1.si\/en\/hamilton-v-svojo-garazo-koncno-pripeljal-svoj-sanjski-avto\/","title":{"rendered":"Hamilton v svojo gara\u017eo kon\u010dno pripeljal svoj sanjski avto"},"content":{"rendered":"<p data-path-to-node=\"0\"><strong>Dirka\u010d Formule 1 Lewis Hamilton je na dru\u017ebenih omre\u017ejih delil fotografije svojega na novo prenovljenega Ferrarija F40, potem ko je ta legendarni cestni avtomobil ve\u010d kot 30 let stal v gara\u017ei.<\/strong><\/p>\n<p data-path-to-node=\"0\">Hamilton je avtomobil odpeljal tudi v Maranello, da bi mu vrnil \u017eivljenje, ter objavil fotografije njegovih podrobnosti in ekipe, ki je delala na njem. V svoji objavi na dru\u017ebenih omre\u017ejih je dirka\u010d ekipe Ferrari zapisal: <em>&#8220;Moja lasten F40. To je avtomobil mojih sanj, vse odkar pomnim. Kot otrok sem sanjal, da ga bom imel. Ko sem se lani pridru\u017eil Ferrariju, sem poskrbel, da je bil z mano \u017ee moj prvi dan v Maranellu. Toliko mi pomeni.&#8221;<\/em><\/p>\n<p data-path-to-node=\"2\"><em>&#8220;Ti avtomobili so umetni\u0161ka dela in izjemno redki, zato sem vedel, da jo moram pripeljati domov, ko sem na\u0161el tole, prekrito s prahom, potem ko je ve\u010d kot trideset let stala v gara\u017ei. Najprej v Maranello, kjer so vrhunski in\u017eenirji in mehaniki v tovarni delali tedne, da so ji vrnili \u017eivljenje.&#8221;<\/em><\/p>\n<p data-path-to-node=\"2\"><em>&#8220;Ogromna zahvala vsem, ki so sodelovali pri tem projektu. S tem so se mi izpolnile sanje. Komaj \u010dakam, da z vami delim \u0161e ve\u010d. Ostanite na teko\u010dem \u2026&#8221;<\/em> je zaklju\u010dil sedemkratni svetovni prvak Formule 1.<\/p>\n<blockquote class=\"instagram-media\" data-instgrm-permalink=\"https:\/\/www.instagram.com\/p\/DctiGizDKYy\/?utm_source=ig_embed&amp;ig_rid=A4wRD_wFQwwckBSJQtsO5MP\" data-instgrm-version=\"14\"><p>&nbsp;<\/p><\/blockquote>\n<p><script async src=\"\/\/www.instagram.com\/embed.js\"><\/script><\/p>\n<blockquote class=\"wp-embedded-content\" data-secret=\"0wJUGxu5UL\"><p><a href=\"https:\/\/portalf1.si\/en\/hamiltonova-starost-ni-ovira-pri-dolgorocnem-preporodu-ferrarija-v-formuli-1\/\">Hamiltonova starost ni ovira pri dolgoro\u010dnem preporodu Ferrarija v Formuli 1<\/a><\/p><\/blockquote>\n<p><iframe loading=\"lazy\" class=\"wp-embedded-content\" sandbox=\"allow-scripts\" security=\"restricted\" style=\"position: absolute; visibility: hidden;\" title=\"\u201cHamiltonova starost ni ovira pri dolgoro\u010dnem preporodu Ferrarija v Formuli 1\u201d \u2014 Portal F1\" src=\"https:\/\/portalf1.si\/hamiltonova-starost-ni-ovira-pri-dolgorocnem-preporodu-ferrarija-v-formuli-1\/embed\/#?secret=LvgT0nzyLn#?secret=0wJUGxu5UL\" data-secret=\"0wJUGxu5UL\" width=\"600\" height=\"338\" frameborder=\"0\" marginwidth=\"0\" marginheight=\"0\" scrolling=\"no\"><\/iframe><\/p>","protected":false},"excerpt":{"rendered":"<p>Dirka\u010d Formule 1 Lewis Hamilton je na dru\u017ebenih omre\u017ejih delil fotografije svojega na novo prenovljenega Ferrarija F40, potem ko je ta legendarni cestni avtomobil ve\u010d kot 30 let stal v gara\u017ei. Hamilton je avtomobil odpeljal tudi v Maranello, da bi mu vrnil \u017eivljenje, ter objavil fotografije njegovih podrobnosti in ekipe, ki je delala na njem. [&hellip;]<\/p>\n","protected":false},"author":1,"featured_media":16040,"comment_status":"open","ping_status":"closed","sticky":false,"template":"","format":"standard","meta":{"footnotes":""},"categories":[34,30,41,31],"tags":[44,317,159,46,45,318,158,42],"class_list":["post-16037","post","type-post","status-publish","format-standard","has-post-thumbnail","hentry","category-ferrari","category-formula-1","category-lewis-hamilton","category-novice","tag-f1","tag-f1-2026","tag-f1-slovenija","tag-ferrari","tag-formula-1","tag-formula-1-2026","tag-formula-1-slovenija","tag-lewis-hamilton"],"blocksy_meta":{"styles_descriptor":{"styles":{"desktop":"","tablet":"","mobile":""},"google_fonts":[],"version":7}},"yoast_head":"<!-- This site is optimized with the Yoast SEO plugin v28.4 - https:\/\/yoast.com\/product\/yoast-seo-wordpress\/ -->\n<title>Hamilton v svojo gara\u017eo kon\u010dno pripeljal svoj sanjski avto - Portal F1<\/title>\n<meta name=\"description\" content=\"Dirka\u010d Formule 1 Lewis Hamilton je na dru\u017ebenih omre\u017ejih delil fotografije svojega na novo prenovljenega Ferrarija F40.\" \/>\n<meta name=\"robots\" content=\"index, follow, max-snippet:-1, max-image-preview:large, max-video-preview:-1\" \/>\n<link rel=\"canonical\" href=\"https:\/\/portalf1.si\/en\/hamilton-v-svojo-garazo-koncno-pripeljal-svoj-sanjski-avto\/\" \/>\n<meta property=\"og:locale\" content=\"en_US\" \/>\n<meta property=\"og:type\" content=\"article\" \/>\n<meta property=\"og:title\" content=\"Hamilton v svojo gara\u017eo kon\u010dno pripeljal svoj sanjski avto - Portal F1\" \/>\n<meta property=\"og:description\" content=\"Dirka\u010d Formule 1 Lewis Hamilton je na dru\u017ebenih omre\u017ejih delil fotografije svojega na novo prenovljenega Ferrarija F40.\" \/>\n<meta property=\"og:url\" content=\"https:\/\/portalf1.si\/en\/hamilton-v-svojo-garazo-koncno-pripeljal-svoj-sanjski-avto\/\" \/>\n<meta property=\"og:site_name\" content=\"Portal F1\" \/>\n<meta property=\"article:publisher\" content=\"https:\/\/www.facebook.com\/portalf1.si\/?locale=sl_SI\" \/>\n<meta property=\"article:published_time\" content=\"2026-09-01T22:33:28+00:00\" \/>\n<meta property=\"og:image\" content=\"https:\/\/portalf1.si\/wp-content\/uploads\/2026\/09\/hamilton-ferrari-f40.avif\" \/>\n\t<meta property=\"og:image:width\" content=\"1920\" \/>\n\t<meta property=\"og:image:height\" content=\"1280\" \/>\n\t<meta property=\"og:image:type\" content=\"image\/jpeg\" \/>\n<meta name=\"author\" content=\"Denis \u0160tojs\" \/>\n<meta name=\"twitter:card\" content=\"summary_large_image\" \/>\n<meta name=\"twitter:label1\" content=\"Written by\" \/>\n\t<meta name=\"twitter:data1\" content=\"Denis \u0160tojs\" \/>\n\t<meta name=\"twitter:label2\" content=\"Est. reading time\" \/>\n\t<meta name=\"twitter:data2\" content=\"2 minutes\" \/>\n<script type=\"application\/ld+json\" class=\"yoast-schema-graph\">{\"@context\":\"https:\\\/\\\/schema.org\",\"@graph\":[{\"@type\":\"Article\",\"@id\":\"https:\\\/\\\/portalf1.si\\\/hamilton-v-svojo-garazo-koncno-pripeljal-svoj-sanjski-avto\\\/#article\",\"isPartOf\":{\"@id\":\"https:\\\/\\\/portalf1.si\\\/hamilton-v-svojo-garazo-koncno-pripeljal-svoj-sanjski-avto\\\/\"},\"author\":{\"name\":\"Denis \u0160tojs\",\"@id\":\"https:\\\/\\\/portalf1.si\\\/#\\\/schema\\\/person\\\/abfef3ba57233710daadfbdd742fecd5\"},\"headline\":\"Hamilton v svojo gara\u017eo kon\u010dno pripeljal svoj sanjski avto\",\"datePublished\":\"2026-09-01T22:33:28+00:00\",\"mainEntityOfPage\":{\"@id\":\"https:\\\/\\\/portalf1.si\\\/hamilton-v-svojo-garazo-koncno-pripeljal-svoj-sanjski-avto\\\/\"},\"wordCount\":217,\"commentCount\":0,\"publisher\":{\"@id\":\"https:\\\/\\\/portalf1.si\\\/#organization\"},\"image\":{\"@id\":\"https:\\\/\\\/portalf1.si\\\/hamilton-v-svojo-garazo-koncno-pripeljal-svoj-sanjski-avto\\\/#primaryimage\"},\"thumbnailUrl\":\"https:\\\/\\\/portalf1.si\\\/wp-content\\\/uploads\\\/2026\\\/09\\\/hamilton-ferrari-f40.avif\",\"keywords\":[\"F1\",\"F1 2026\",\"F1 Slovenija\",\"Ferrari\",\"Formula 1\",\"Formula 1 2026\",\"Formula 1 Slovenija\",\"Lewis Hamilton\"],\"articleSection\":[\"Ferrari\",\"Formula 1\",\"Lewis Hamilton\",\"Novice\"],\"inLanguage\":\"en-US\",\"potentialAction\":[{\"@type\":\"CommentAction\",\"name\":\"Comment\",\"target\":[\"https:\\\/\\\/portalf1.si\\\/hamilton-v-svojo-garazo-koncno-pripeljal-svoj-sanjski-avto\\\/#respond\"]}]},{\"@type\":\"WebPage\",\"@id\":\"https:\\\/\\\/portalf1.si\\\/hamilton-v-svojo-garazo-koncno-pripeljal-svoj-sanjski-avto\\\/\",\"url\":\"https:\\\/\\\/portalf1.si\\\/hamilton-v-svojo-garazo-koncno-pripeljal-svoj-sanjski-avto\\\/\",\"name\":\"Hamilton v svojo gara\u017eo kon\u010dno pripeljal svoj sanjski avto - Portal F1\",\"isPartOf\":{\"@id\":\"https:\\\/\\\/portalf1.si\\\/#website\"},\"primaryImageOfPage\":{\"@id\":\"https:\\\/\\\/portalf1.si\\\/hamilton-v-svojo-garazo-koncno-pripeljal-svoj-sanjski-avto\\\/#primaryimage\"},\"image\":{\"@id\":\"https:\\\/\\\/portalf1.si\\\/hamilton-v-svojo-garazo-koncno-pripeljal-svoj-sanjski-avto\\\/#primaryimage\"},\"thumbnailUrl\":\"https:\\\/\\\/portalf1.si\\\/wp-content\\\/uploads\\\/2026\\\/09\\\/hamilton-ferrari-f40.avif\",\"datePublished\":\"2026-09-01T22:33:28+00:00\",\"description\":\"Dirka\u010d Formule 1 Lewis Hamilton je na dru\u017ebenih omre\u017ejih delil fotografije svojega na novo prenovljenega Ferrarija F40.\",\"breadcrumb\":{\"@id\":\"https:\\\/\\\/portalf1.si\\\/hamilton-v-svojo-garazo-koncno-pripeljal-svoj-sanjski-avto\\\/#breadcrumb\"},\"inLanguage\":\"en-US\",\"potentialAction\":[{\"@type\":\"ReadAction\",\"target\":[\"https:\\\/\\\/portalf1.si\\\/hamilton-v-svojo-garazo-koncno-pripeljal-svoj-sanjski-avto\\\/\"]}]},{\"@type\":\"ImageObject\",\"inLanguage\":\"en-US\",\"@id\":\"https:\\\/\\\/portalf1.si\\\/hamilton-v-svojo-garazo-koncno-pripeljal-svoj-sanjski-avto\\\/#primaryimage\",\"url\":\"https:\\\/\\\/portalf1.si\\\/wp-content\\\/uploads\\\/2026\\\/09\\\/hamilton-ferrari-f40.avif\",\"contentUrl\":\"https:\\\/\\\/portalf1.si\\\/wp-content\\\/uploads\\\/2026\\\/09\\\/hamilton-ferrari-f40.avif\",\"width\":1920,\"height\":1280},{\"@type\":\"BreadcrumbList\",\"@id\":\"https:\\\/\\\/portalf1.si\\\/hamilton-v-svojo-garazo-koncno-pripeljal-svoj-sanjski-avto\\\/#breadcrumb\",\"itemListElement\":[{\"@type\":\"ListItem\",\"position\":1,\"name\":\"Home\",\"item\":\"https:\\\/\\\/portalf1.si\\\/\"},{\"@type\":\"ListItem\",\"position\":2,\"name\":\"Hamilton v svojo gara\u017eo kon\u010dno pripeljal svoj sanjski avto\"}]},{\"@type\":\"WebSite\",\"@id\":\"https:\\\/\\\/portalf1.si\\\/#website\",\"url\":\"https:\\\/\\\/portalf1.si\\\/\",\"name\":\"Portal F1\",\"description\":\"Najnovej\u0161e novice iz sveta F1\",\"publisher\":{\"@id\":\"https:\\\/\\\/portalf1.si\\\/#organization\"},\"potentialAction\":[{\"@type\":\"SearchAction\",\"target\":{\"@type\":\"EntryPoint\",\"urlTemplate\":\"https:\\\/\\\/portalf1.si\\\/?s={search_term_string}\"},\"query-input\":{\"@type\":\"PropertyValueSpecification\",\"valueRequired\":true,\"valueName\":\"search_term_string\"}}],\"inLanguage\":\"en-US\"},{\"@type\":\"Organization\",\"@id\":\"https:\\\/\\\/portalf1.si\\\/#organization\",\"name\":\"Portal F1\",\"url\":\"https:\\\/\\\/portalf1.si\\\/\",\"logo\":{\"@type\":\"ImageObject\",\"inLanguage\":\"en-US\",\"@id\":\"https:\\\/\\\/portalf1.si\\\/#\\\/schema\\\/logo\\\/image\\\/\",\"url\":\"https:\\\/\\\/portalf1.si\\\/wp-content\\\/uploads\\\/2025\\\/02\\\/cropped-HiPaint_1738532868530.png\",\"contentUrl\":\"https:\\\/\\\/portalf1.si\\\/wp-content\\\/uploads\\\/2025\\\/02\\\/cropped-HiPaint_1738532868530.png\",\"width\":512,\"height\":512,\"caption\":\"Portal F1\"},\"image\":{\"@id\":\"https:\\\/\\\/portalf1.si\\\/#\\\/schema\\\/logo\\\/image\\\/\"},\"sameAs\":[\"https:\\\/\\\/www.facebook.com\\\/portalf1.si\\\/?locale=sl_SI\"]},{\"@type\":\"Person\",\"@id\":\"https:\\\/\\\/portalf1.si\\\/#\\\/schema\\\/person\\\/abfef3ba57233710daadfbdd742fecd5\",\"name\":\"Denis \u0160tojs\",\"image\":{\"@type\":\"ImageObject\",\"inLanguage\":\"en-US\",\"@id\":\"https:\\\/\\\/secure.gravatar.com\\\/avatar\\\/b006ce11dfb9c6e47e9de9803eefbdc14aa4afb445f3cca05acc735c22115b38?s=96&d=mm&r=g\",\"url\":\"https:\\\/\\\/secure.gravatar.com\\\/avatar\\\/b006ce11dfb9c6e47e9de9803eefbdc14aa4afb445f3cca05acc735c22115b38?s=96&d=mm&r=g\",\"contentUrl\":\"https:\\\/\\\/secure.gravatar.com\\\/avatar\\\/b006ce11dfb9c6e47e9de9803eefbdc14aa4afb445f3cca05acc735c22115b38?s=96&d=mm&r=g\",\"caption\":\"Denis \u0160tojs\"},\"sameAs\":[\"https:\\\/\\\/portalf1.si\"],\"url\":\"https:\\\/\\\/portalf1.si\\\/en\\\/author\\\/portalf1\\\/\"}]}<\/script>\n<!-- \/ Yoast SEO plugin. -->","yoast_head_json":{"title":"Hamilton v svojo gara\u017eo kon\u010dno pripeljal svoj sanjski avto - Portal F1","description":"Dirka\u010d Formule 1 Lewis Hamilton je na dru\u017ebenih omre\u017ejih delil fotografije svojega na novo prenovljenega Ferrarija F40.","robots":{"index":"index","follow":"follow","max-snippet":"max-snippet:-1","max-image-preview":"max-image-preview:large","max-video-preview":"max-video-preview:-1"},"canonical":"https:\/\/portalf1.si\/en\/hamilton-v-svojo-garazo-koncno-pripeljal-svoj-sanjski-avto\/","og_locale":"en_US","og_type":"article","og_title":"Hamilton v svojo gara\u017eo kon\u010dno pripeljal svoj sanjski avto - Portal F1","og_description":"Dirka\u010d Formule 1 Lewis Hamilton je na dru\u017ebenih omre\u017ejih delil fotografije svojega na novo prenovljenega Ferrarija F40.","og_url":"https:\/\/portalf1.si\/en\/hamilton-v-svojo-garazo-koncno-pripeljal-svoj-sanjski-avto\/","og_site_name":"Portal F1","article_publisher":"https:\/\/www.facebook.com\/portalf1.si\/?locale=sl_SI","article_published_time":"2026-09-01T22:33:28+00:00","og_image":[{"width":1920,"height":1280,"url":"https:\/\/portalf1.si\/wp-content\/uploads\/2026\/09\/hamilton-ferrari-f40.avif","type":"image\/jpeg"}],"author":"Denis \u0160tojs","twitter_card":"summary_large_image","twitter_misc":{"Written by":"Denis \u0160tojs","Est. reading time":"2 minutes"},"schema":{"@context":"https:\/\/schema.org","@graph":[{"@type":"Article","@id":"https:\/\/portalf1.si\/hamilton-v-svojo-garazo-koncno-pripeljal-svoj-sanjski-avto\/#article","isPartOf":{"@id":"https:\/\/portalf1.si\/hamilton-v-svojo-garazo-koncno-pripeljal-svoj-sanjski-avto\/"},"author":{"name":"Denis \u0160tojs","@id":"https:\/\/portalf1.si\/#\/schema\/person\/abfef3ba57233710daadfbdd742fecd5"},"headline":"Hamilton v svojo gara\u017eo kon\u010dno pripeljal svoj sanjski avto","datePublished":"2026-09-01T22:33:28+00:00","mainEntityOfPage":{"@id":"https:\/\/portalf1.si\/hamilton-v-svojo-garazo-koncno-pripeljal-svoj-sanjski-avto\/"},"wordCount":217,"commentCount":0,"publisher":{"@id":"https:\/\/portalf1.si\/#organization"},"image":{"@id":"https:\/\/portalf1.si\/hamilton-v-svojo-garazo-koncno-pripeljal-svoj-sanjski-avto\/#primaryimage"},"thumbnailUrl":"https:\/\/portalf1.si\/wp-content\/uploads\/2026\/09\/hamilton-ferrari-f40.avif","keywords":["F1","F1 2026","F1 Slovenija","Ferrari","Formula 1","Formula 1 2026","Formula 1 Slovenija","Lewis Hamilton"],"articleSection":["Ferrari","Formula 1","Lewis Hamilton","Novice"],"inLanguage":"en-US","potentialAction":[{"@type":"CommentAction","name":"Comment","target":["https:\/\/portalf1.si\/hamilton-v-svojo-garazo-koncno-pripeljal-svoj-sanjski-avto\/#respond"]}]},{"@type":"WebPage","@id":"https:\/\/portalf1.si\/hamilton-v-svojo-garazo-koncno-pripeljal-svoj-sanjski-avto\/","url":"https:\/\/portalf1.si\/hamilton-v-svojo-garazo-koncno-pripeljal-svoj-sanjski-avto\/","name":"Hamilton v svojo gara\u017eo kon\u010dno pripeljal svoj sanjski avto - Portal F1","isPartOf":{"@id":"https:\/\/portalf1.si\/#website"},"primaryImageOfPage":{"@id":"https:\/\/portalf1.si\/hamilton-v-svojo-garazo-koncno-pripeljal-svoj-sanjski-avto\/#primaryimage"},"image":{"@id":"https:\/\/portalf1.si\/hamilton-v-svojo-garazo-koncno-pripeljal-svoj-sanjski-avto\/#primaryimage"},"thumbnailUrl":"https:\/\/portalf1.si\/wp-content\/uploads\/2026\/09\/hamilton-ferrari-f40.avif","datePublished":"2026-09-01T22:33:28+00:00","description":"Dirka\u010d Formule 1 Lewis Hamilton je na dru\u017ebenih omre\u017ejih delil fotografije svojega na novo prenovljenega Ferrarija F40.","breadcrumb":{"@id":"https:\/\/portalf1.si\/hamilton-v-svojo-garazo-koncno-pripeljal-svoj-sanjski-avto\/#breadcrumb"},"inLanguage":"en-US","potentialAction":[{"@type":"ReadAction","target":["https:\/\/portalf1.si\/hamilton-v-svojo-garazo-koncno-pripeljal-svoj-sanjski-avto\/"]}]},{"@type":"ImageObject","inLanguage":"en-US","@id":"https:\/\/portalf1.si\/hamilton-v-svojo-garazo-koncno-pripeljal-svoj-sanjski-avto\/#primaryimage","url":"https:\/\/portalf1.si\/wp-content\/uploads\/2026\/09\/hamilton-ferrari-f40.avif","contentUrl":"https:\/\/portalf1.si\/wp-content\/uploads\/2026\/09\/hamilton-ferrari-f40.avif","width":1920,"height":1280},{"@type":"BreadcrumbList","@id":"https:\/\/portalf1.si\/hamilton-v-svojo-garazo-koncno-pripeljal-svoj-sanjski-avto\/#breadcrumb","itemListElement":[{"@type":"ListItem","position":1,"name":"Home","item":"https:\/\/portalf1.si\/"},{"@type":"ListItem","position":2,"name":"Hamilton v svojo gara\u017eo kon\u010dno pripeljal svoj sanjski avto"}]},{"@type":"WebSite","@id":"https:\/\/portalf1.si\/#website","url":"https:\/\/portalf1.si\/","name":"Portal F1","description":"Najnovej\u0161e novice iz sveta F1","publisher":{"@id":"https:\/\/portalf1.si\/#organization"},"potentialAction":[{"@type":"SearchAction","target":{"@type":"EntryPoint","urlTemplate":"https:\/\/portalf1.si\/?s={search_term_string}"},"query-input":{"@type":"PropertyValueSpecification","valueRequired":true,"valueName":"search_term_string"}}],"inLanguage":"en-US"},{"@type":"Organization","@id":"https:\/\/portalf1.si\/#organization","name":"Portal F1","url":"https:\/\/portalf1.si\/","logo":{"@type":"ImageObject","inLanguage":"en-US","@id":"https:\/\/portalf1.si\/#\/schema\/logo\/image\/","url":"https:\/\/portalf1.si\/wp-content\/uploads\/2025\/02\/cropped-HiPaint_1738532868530.png","contentUrl":"https:\/\/portalf1.si\/wp-content\/uploads\/2025\/02\/cropped-HiPaint_1738532868530.png","width":512,"height":512,"caption":"Portal F1"},"image":{"@id":"https:\/\/portalf1.si\/#\/schema\/logo\/image\/"},"sameAs":["https:\/\/www.facebook.com\/portalf1.si\/?locale=sl_SI"]},{"@type":"Person","@id":"https:\/\/portalf1.si\/#\/schema\/person\/abfef3ba57233710daadfbdd742fecd5","name":"Denis Stoy","image":{"@type":"ImageObject","inLanguage":"en-US","@id":"https:\/\/secure.gravatar.com\/avatar\/b006ce11dfb9c6e47e9de9803eefbdc14aa4afb445f3cca05acc735c22115b38?s=96&d=mm&r=g","url":"https:\/\/secure.gravatar.com\/avatar\/b006ce11dfb9c6e47e9de9803eefbdc14aa4afb445f3cca05acc735c22115b38?s=96&d=mm&r=g","contentUrl":"https:\/\/secure.gravatar.com\/avatar\/b006ce11dfb9c6e47e9de9803eefbdc14aa4afb445f3cca05acc735c22115b38?s=96&d=mm&r=g","caption":"Denis \u0160tojs"},"sameAs":["https:\/\/portalf1.si"],"url":"https:\/\/portalf1.si\/en\/author\/portalf1\/"}]}},"_links":{"self":[{"href":"https:\/\/portalf1.si\/en\/wp-json\/wp\/v2\/posts\/16037","targetHints":{"allow":["GET"]}}],"collection":[{"href":"https:\/\/portalf1.si\/en\/wp-json\/wp\/v2\/posts"}],"about":[{"href":"https:\/\/portalf1.si\/en\/wp-json\/wp\/v2\/types\/post"}],"author":[{"embeddable":true,"href":"https:\/\/portalf1.si\/en\/wp-json\/wp\/v2\/users\/1"}],"replies":[{"embeddable":true,"href":"https:\/\/portalf1.si\/en\/wp-json\/wp\/v2\/comments?post=16037"}],"version-history":[{"count":3,"href":"https:\/\/portalf1.si\/en\/wp-json\/wp\/v2\/posts\/16037\/revisions"}],"predecessor-version":[{"id":16041,"href":"https:\/\/portalf1.si\/en\/wp-json\/wp\/v2\/posts\/16037\/revisions\/16041"}],"wp:featuredmedia":[{"embeddable":true,"href":"https:\/\/portalf1.si\/en\/wp-json\/wp\/v2\/media\/16040"}],"wp:attachment":[{"href":"https:\/\/portalf1.si\/en\/wp-json\/wp\/v2\/media?parent=16037"}],"wp:term":[{"taxonomy":"category","embeddable":true,"href":"https:\/\/portalf1.si\/en\/wp-json\/wp\/v2\/categories?post=16037"},{"taxonomy":"post_tag","embeddable":true,"href":"https:\/\/portalf1.si\/en\/wp-json\/wp\/v2\/tags?post=16037"}],"curies":[{"name":"wp","href":"https:\/\/api.w.org\/{rel}","templated":true}]}}