{"id":16046,"date":"2026-09-02T10:09:49","date_gmt":"2026-09-02T10:09:49","guid":{"rendered":"https:\/\/portalf1.si\/?p=16046"},"modified":"2026-09-02T10:09:49","modified_gmt":"2026-09-02T10:09:49","slug":"verstappnu-se-nasmiha-nova-priloznost-za-dirkanje-v-seriji-gt3","status":"publish","type":"post","link":"https:\/\/portalf1.si\/en\/verstappnu-se-nasmiha-nova-priloznost-za-dirkanje-v-seriji-gt3\/","title":{"rendered":"Verstappnu se nasmiha nova prilo\u017enost za dirkanje v seriji GT3"},"content":{"rendered":"<p data-path-to-node=\"0\"><strong>Maxu Verstappnu se nasmiha nova prilo\u017enost v razredu GT3. \u0160tirikratni svetovni prvak Formule 1 bi namre\u010d lahko nastopil za svojo lastno ekipo Verstappen Racing na zadnji dirki sezone serije GT World Challenge Europe Endurance.\u00a0<\/strong><\/p>\n<p data-path-to-node=\"1\">Triurna dirka bo potekala v soboto, 17. oktobra, na dirkali\u0161\u010du Portimao na Portugalskem. Konec tedna se \u010dasovno prekriva z dirko svetovnega vzdr\u017eljivostnega prvenstva (WEC) v Barceloni, kjer bosta Dani Juncadella in Jules Gounon nastopila za ekipi Alpine oziroma Genesis v razredu hiperavtomobilov. \u010ceprav je dirka WEC 6 ur Barcelone na sporedu v nedeljo, 18. oktobra, se trenutno zdi malo verjetno, da bi oba dirka\u010da ekipe Verstappen Racing v istem koncu tedna nastopila na obeh dogodkih.<\/p>\n<p data-path-to-node=\"2\">Za Verstappnovo ekipo bi to pomenilo, da imajo na voljo le Chrisa Lulhama, za popolno posadko pa potrebujejo tri dirka\u010de. Ker ta oktobrski konec tedna pade natanko med Veliko nagrado Singapurja in Veliko nagrado ZDA, se ponuja prilo\u017enost, da vsko\u010di Verstappen sam.<\/p>\n<p data-path-to-node=\"3\">Informacija sicer \u0161e ni potrjena, se pa je govorica raz\u0161irila \u017ee med koncem tedna serije GT World Challenge na N\u00fcrburgringu, kjer je ve\u010d drugih dirka\u010dev kategorije GT3 potrdilo, da je verjetnost za tak\u0161en razplet visoka.<\/p>\n<p data-path-to-node=\"4\">V tem scenariju bi potrebovali le \u0161e enega dirka\u010da. Glede na govorice bi si Verstappen ob sebi in Lulhamu v dirkalniku \u017eelel petkratnega prvaka serije IndyCar Alexa Palouja. \u0160panec je leta 2024 z dirkalnikom Mercedes-AMG GT3 \u017ee nastopil na dirki 8 ur Indianapolisa, vendar se to tokrat po poro\u010danju ne bo zgodilo. Za zdaj ostaja neznano, kateri dirka\u010di bi sestavljali posadko, \u010de bosta Gounon in Juncadella res izpustila Portimao in \u010de do tega sploh bo pri\u0161lo.<\/p>\n<p data-path-to-node=\"5\">Organizatorji obeh prvenstev, tako WEC kot GT World Challenge, si sicer prizadevajo, da bi dirka\u010dem in osebju ve\u010d ekip omogo\u010dili tekmovanje na obeh dirkah v istem koncu tedna. Vodstvo GTWCE je \u017ee ukrepalo s prilagoditvijo urnika, saj bo dirka potekala v soboto zve\u010der, kvalifikacije pa prav tako v petek zve\u010der.<\/p>\n<p data-path-to-node=\"6\">Za dirka\u010de bi organizirali tudi prevoz za hitrej\u0161o pot med obema prizori\u0161\u010dema. Poleg Mercedes-AMG-ja se s tem logisti\u010dnim izzivom spopadajo tudi pri Ferrariju, McLarnu in BMW-ju. Kljub temu vo\u017enja od Portimaa do najbli\u017ejega letali\u0161\u010da v Faru traja pribli\u017eno eno uro, temu pa sledi \u0161e dvourni let do Barcelone.<\/p>\n<blockquote class=\"wp-embedded-content\" data-secret=\"WD9bk7PTsg\"><p><a href=\"https:\/\/portalf1.si\/en\/hadjar-ali-lawson-kdo-bo-v-monzi-dirkal-ob-verstappnu\/\">Hadjar ali Lawson? Kdo bo v Monzi dirkal ob Verstappnu?<\/a><\/p><\/blockquote>\n<p><iframe loading=\"lazy\" class=\"wp-embedded-content\" sandbox=\"allow-scripts\" security=\"restricted\" style=\"position: absolute; visibility: hidden;\" title=\"\u201cHadjar ali Lawson? Kdo bo v Monzi dirkal ob Verstappnu?\u201d \u2014 Portal F1\" src=\"https:\/\/portalf1.si\/hadjar-ali-lawson-kdo-bo-v-monzi-dirkal-ob-verstappnu\/embed\/#?secret=R1DlTCTtNu#?secret=WD9bk7PTsg\" data-secret=\"WD9bk7PTsg\" width=\"600\" height=\"338\" frameborder=\"0\" marginwidth=\"0\" marginheight=\"0\" scrolling=\"no\"><\/iframe><\/p>","protected":false},"excerpt":{"rendered":"<p>Maxu Verstappnu se nasmiha nova prilo\u017enost v razredu GT3. \u0160tirikratni svetovni prvak Formule 1 bi namre\u010d lahko nastopil za svojo lastno ekipo Verstappen Racing na zadnji dirki sezone serije GT World Challenge Europe Endurance.\u00a0 Triurna dirka bo potekala v soboto, 17. oktobra, na dirkali\u0161\u010du Portimao na Portugalskem. Konec tedna se \u010dasovno prekriva z dirko svetovnega [&hellip;]<\/p>\n","protected":false},"author":1,"featured_media":13252,"comment_status":"open","ping_status":"closed","sticky":false,"template":"","format":"standard","meta":{"footnotes":""},"categories":[30,413,63,31],"tags":[44,317,159,45,318,158,414,47],"class_list":["post-16046","post","type-post","status-publish","format-standard","has-post-thumbnail","hentry","category-formula-1","category-gtwc","category-max-verstappen","category-novice","tag-f1","tag-f1-2026","tag-f1-slovenija","tag-formula-1","tag-formula-1-2026","tag-formula-1-slovenija","tag-gtwc","tag-max-verstappen"],"blocksy_meta":{"styles_descriptor":{"styles":{"desktop":"","tablet":"","mobile":""},"google_fonts":[],"version":7}},"yoast_head":"<!-- This site is optimized with the Yoast SEO plugin v28.4 - https:\/\/yoast.com\/product\/yoast-seo-wordpress\/ -->\n<title>Verstappnu se nasmiha nova prilo\u017enost za dirkanje v seriji GT3 - Portal F1<\/title>\n<meta name=\"description\" content=\"Max Verstappen bi lahko nastopil za svojo lastno ekipo Verstappen Racing na zadnji dirki sezone serije GT World Challenge Europe Endurance.\u00a0\" \/>\n<meta name=\"robots\" content=\"index, follow, max-snippet:-1, max-image-preview:large, max-video-preview:-1\" \/>\n<link rel=\"canonical\" href=\"https:\/\/portalf1.si\/en\/verstappnu-se-nasmiha-nova-priloznost-za-dirkanje-v-seriji-gt3\/\" \/>\n<meta property=\"og:locale\" content=\"en_US\" \/>\n<meta property=\"og:type\" content=\"article\" \/>\n<meta property=\"og:title\" content=\"Verstappnu se nasmiha nova prilo\u017enost za dirkanje v seriji GT3 - Portal F1\" \/>\n<meta property=\"og:description\" content=\"Max Verstappen bi lahko nastopil za svojo lastno ekipo Verstappen Racing na zadnji dirki sezone serije GT World Challenge Europe Endurance.\u00a0\" \/>\n<meta property=\"og:url\" content=\"https:\/\/portalf1.si\/en\/verstappnu-se-nasmiha-nova-priloznost-za-dirkanje-v-seriji-gt3\/\" \/>\n<meta property=\"og:site_name\" content=\"Portal F1\" \/>\n<meta property=\"article:publisher\" content=\"https:\/\/www.facebook.com\/portalf1.si\/?locale=sl_SI\" \/>\n<meta property=\"article:published_time\" content=\"2026-09-02T10:09:49+00:00\" \/>\n<meta property=\"og:image\" content=\"https:\/\/portalf1.si\/wp-content\/uploads\/2026\/05\/verstappen-6a063ee93ce30.avif\" \/>\n\t<meta property=\"og:image:width\" content=\"828\" \/>\n\t<meta property=\"og:image:height\" content=\"552\" \/>\n\t<meta property=\"og:image:type\" content=\"image\/webp\" \/>\n<meta name=\"author\" content=\"Denis \u0160tojs\" \/>\n<meta name=\"twitter:card\" content=\"summary_large_image\" \/>\n<meta name=\"twitter:label1\" content=\"Written by\" \/>\n\t<meta name=\"twitter:data1\" content=\"Denis \u0160tojs\" \/>\n\t<meta name=\"twitter:label2\" content=\"Est. reading time\" \/>\n\t<meta name=\"twitter:data2\" content=\"3 minutes\" \/>\n<script type=\"application\/ld+json\" class=\"yoast-schema-graph\">{\"@context\":\"https:\\\/\\\/schema.org\",\"@graph\":[{\"@type\":\"Article\",\"@id\":\"https:\\\/\\\/portalf1.si\\\/verstappnu-se-nasmiha-nova-priloznost-za-dirkanje-v-seriji-gt3\\\/#article\",\"isPartOf\":{\"@id\":\"https:\\\/\\\/portalf1.si\\\/verstappnu-se-nasmiha-nova-priloznost-za-dirkanje-v-seriji-gt3\\\/\"},\"author\":{\"name\":\"Denis \u0160tojs\",\"@id\":\"https:\\\/\\\/portalf1.si\\\/#\\\/schema\\\/person\\\/abfef3ba57233710daadfbdd742fecd5\"},\"headline\":\"Verstappnu se nasmiha nova prilo\u017enost za dirkanje v seriji GT3\",\"datePublished\":\"2026-09-02T10:09:49+00:00\",\"mainEntityOfPage\":{\"@id\":\"https:\\\/\\\/portalf1.si\\\/verstappnu-se-nasmiha-nova-priloznost-za-dirkanje-v-seriji-gt3\\\/\"},\"wordCount\":396,\"commentCount\":0,\"publisher\":{\"@id\":\"https:\\\/\\\/portalf1.si\\\/#organization\"},\"image\":{\"@id\":\"https:\\\/\\\/portalf1.si\\\/verstappnu-se-nasmiha-nova-priloznost-za-dirkanje-v-seriji-gt3\\\/#primaryimage\"},\"thumbnailUrl\":\"https:\\\/\\\/portalf1.si\\\/wp-content\\\/uploads\\\/2026\\\/05\\\/verstappen-6a063ee93ce30.avif\",\"keywords\":[\"F1\",\"F1 2026\",\"F1 Slovenija\",\"Formula 1\",\"Formula 1 2026\",\"Formula 1 Slovenija\",\"GTWC\",\"Max Verstappen\"],\"articleSection\":[\"Formula 1\",\"GTWC\",\"Max Verstappen\",\"Novice\"],\"inLanguage\":\"en-US\",\"potentialAction\":[{\"@type\":\"CommentAction\",\"name\":\"Comment\",\"target\":[\"https:\\\/\\\/portalf1.si\\\/verstappnu-se-nasmiha-nova-priloznost-za-dirkanje-v-seriji-gt3\\\/#respond\"]}]},{\"@type\":\"WebPage\",\"@id\":\"https:\\\/\\\/portalf1.si\\\/verstappnu-se-nasmiha-nova-priloznost-za-dirkanje-v-seriji-gt3\\\/\",\"url\":\"https:\\\/\\\/portalf1.si\\\/verstappnu-se-nasmiha-nova-priloznost-za-dirkanje-v-seriji-gt3\\\/\",\"name\":\"Verstappnu se nasmiha nova prilo\u017enost za dirkanje v seriji GT3 - Portal F1\",\"isPartOf\":{\"@id\":\"https:\\\/\\\/portalf1.si\\\/#website\"},\"primaryImageOfPage\":{\"@id\":\"https:\\\/\\\/portalf1.si\\\/verstappnu-se-nasmiha-nova-priloznost-za-dirkanje-v-seriji-gt3\\\/#primaryimage\"},\"image\":{\"@id\":\"https:\\\/\\\/portalf1.si\\\/verstappnu-se-nasmiha-nova-priloznost-za-dirkanje-v-seriji-gt3\\\/#primaryimage\"},\"thumbnailUrl\":\"https:\\\/\\\/portalf1.si\\\/wp-content\\\/uploads\\\/2026\\\/05\\\/verstappen-6a063ee93ce30.avif\",\"datePublished\":\"2026-09-02T10:09:49+00:00\",\"description\":\"Max Verstappen bi lahko nastopil za svojo lastno ekipo Verstappen Racing na zadnji dirki sezone serije GT World Challenge Europe Endurance.\u00a0\",\"breadcrumb\":{\"@id\":\"https:\\\/\\\/portalf1.si\\\/verstappnu-se-nasmiha-nova-priloznost-za-dirkanje-v-seriji-gt3\\\/#breadcrumb\"},\"inLanguage\":\"en-US\",\"potentialAction\":[{\"@type\":\"ReadAction\",\"target\":[\"https:\\\/\\\/portalf1.si\\\/verstappnu-se-nasmiha-nova-priloznost-za-dirkanje-v-seriji-gt3\\\/\"]}]},{\"@type\":\"ImageObject\",\"inLanguage\":\"en-US\",\"@id\":\"https:\\\/\\\/portalf1.si\\\/verstappnu-se-nasmiha-nova-priloznost-za-dirkanje-v-seriji-gt3\\\/#primaryimage\",\"url\":\"https:\\\/\\\/portalf1.si\\\/wp-content\\\/uploads\\\/2026\\\/05\\\/verstappen-6a063ee93ce30.avif\",\"contentUrl\":\"https:\\\/\\\/portalf1.si\\\/wp-content\\\/uploads\\\/2026\\\/05\\\/verstappen-6a063ee93ce30.avif\",\"width\":828,\"height\":552},{\"@type\":\"BreadcrumbList\",\"@id\":\"https:\\\/\\\/portalf1.si\\\/verstappnu-se-nasmiha-nova-priloznost-za-dirkanje-v-seriji-gt3\\\/#breadcrumb\",\"itemListElement\":[{\"@type\":\"ListItem\",\"position\":1,\"name\":\"Home\",\"item\":\"https:\\\/\\\/portalf1.si\\\/\"},{\"@type\":\"ListItem\",\"position\":2,\"name\":\"Verstappnu se nasmiha nova prilo\u017enost za dirkanje v seriji GT3\"}]},{\"@type\":\"WebSite\",\"@id\":\"https:\\\/\\\/portalf1.si\\\/#website\",\"url\":\"https:\\\/\\\/portalf1.si\\\/\",\"name\":\"Portal F1\",\"description\":\"Najnovej\u0161e novice iz sveta F1\",\"publisher\":{\"@id\":\"https:\\\/\\\/portalf1.si\\\/#organization\"},\"potentialAction\":[{\"@type\":\"SearchAction\",\"target\":{\"@type\":\"EntryPoint\",\"urlTemplate\":\"https:\\\/\\\/portalf1.si\\\/?s={search_term_string}\"},\"query-input\":{\"@type\":\"PropertyValueSpecification\",\"valueRequired\":true,\"valueName\":\"search_term_string\"}}],\"inLanguage\":\"en-US\"},{\"@type\":\"Organization\",\"@id\":\"https:\\\/\\\/portalf1.si\\\/#organization\",\"name\":\"Portal F1\",\"url\":\"https:\\\/\\\/portalf1.si\\\/\",\"logo\":{\"@type\":\"ImageObject\",\"inLanguage\":\"en-US\",\"@id\":\"https:\\\/\\\/portalf1.si\\\/#\\\/schema\\\/logo\\\/image\\\/\",\"url\":\"https:\\\/\\\/portalf1.si\\\/wp-content\\\/uploads\\\/2025\\\/02\\\/cropped-HiPaint_1738532868530.png\",\"contentUrl\":\"https:\\\/\\\/portalf1.si\\\/wp-content\\\/uploads\\\/2025\\\/02\\\/cropped-HiPaint_1738532868530.png\",\"width\":512,\"height\":512,\"caption\":\"Portal F1\"},\"image\":{\"@id\":\"https:\\\/\\\/portalf1.si\\\/#\\\/schema\\\/logo\\\/image\\\/\"},\"sameAs\":[\"https:\\\/\\\/www.facebook.com\\\/portalf1.si\\\/?locale=sl_SI\"]},{\"@type\":\"Person\",\"@id\":\"https:\\\/\\\/portalf1.si\\\/#\\\/schema\\\/person\\\/abfef3ba57233710daadfbdd742fecd5\",\"name\":\"Denis \u0160tojs\",\"image\":{\"@type\":\"ImageObject\",\"inLanguage\":\"en-US\",\"@id\":\"https:\\\/\\\/secure.gravatar.com\\\/avatar\\\/b006ce11dfb9c6e47e9de9803eefbdc14aa4afb445f3cca05acc735c22115b38?s=96&d=mm&r=g\",\"url\":\"https:\\\/\\\/secure.gravatar.com\\\/avatar\\\/b006ce11dfb9c6e47e9de9803eefbdc14aa4afb445f3cca05acc735c22115b38?s=96&d=mm&r=g\",\"contentUrl\":\"https:\\\/\\\/secure.gravatar.com\\\/avatar\\\/b006ce11dfb9c6e47e9de9803eefbdc14aa4afb445f3cca05acc735c22115b38?s=96&d=mm&r=g\",\"caption\":\"Denis \u0160tojs\"},\"sameAs\":[\"https:\\\/\\\/portalf1.si\"],\"url\":\"https:\\\/\\\/portalf1.si\\\/en\\\/author\\\/portalf1\\\/\"}]}<\/script>\n<!-- \/ Yoast SEO plugin. -->","yoast_head_json":{"title":"Verstappnu se nasmiha nova prilo\u017enost za dirkanje v seriji GT3 - Portal F1","description":"Max Verstappen bi lahko nastopil za svojo lastno ekipo Verstappen Racing na zadnji dirki sezone serije GT World Challenge Europe Endurance.\u00a0","robots":{"index":"index","follow":"follow","max-snippet":"max-snippet:-1","max-image-preview":"max-image-preview:large","max-video-preview":"max-video-preview:-1"},"canonical":"https:\/\/portalf1.si\/en\/verstappnu-se-nasmiha-nova-priloznost-za-dirkanje-v-seriji-gt3\/","og_locale":"en_US","og_type":"article","og_title":"Verstappnu se nasmiha nova prilo\u017enost za dirkanje v seriji GT3 - Portal F1","og_description":"Max Verstappen bi lahko nastopil za svojo lastno ekipo Verstappen Racing na zadnji dirki sezone serije GT World Challenge Europe Endurance.\u00a0","og_url":"https:\/\/portalf1.si\/en\/verstappnu-se-nasmiha-nova-priloznost-za-dirkanje-v-seriji-gt3\/","og_site_name":"Portal F1","article_publisher":"https:\/\/www.facebook.com\/portalf1.si\/?locale=sl_SI","article_published_time":"2026-09-02T10:09:49+00:00","og_image":[{"width":828,"height":552,"url":"https:\/\/portalf1.si\/wp-content\/uploads\/2026\/05\/verstappen-6a063ee93ce30.avif","type":"image\/webp"}],"author":"Denis \u0160tojs","twitter_card":"summary_large_image","twitter_misc":{"Written by":"Denis \u0160tojs","Est. reading time":"3 minutes"},"schema":{"@context":"https:\/\/schema.org","@graph":[{"@type":"Article","@id":"https:\/\/portalf1.si\/verstappnu-se-nasmiha-nova-priloznost-za-dirkanje-v-seriji-gt3\/#article","isPartOf":{"@id":"https:\/\/portalf1.si\/verstappnu-se-nasmiha-nova-priloznost-za-dirkanje-v-seriji-gt3\/"},"author":{"name":"Denis \u0160tojs","@id":"https:\/\/portalf1.si\/#\/schema\/person\/abfef3ba57233710daadfbdd742fecd5"},"headline":"Verstappnu se nasmiha nova prilo\u017enost za dirkanje v seriji GT3","datePublished":"2026-09-02T10:09:49+00:00","mainEntityOfPage":{"@id":"https:\/\/portalf1.si\/verstappnu-se-nasmiha-nova-priloznost-za-dirkanje-v-seriji-gt3\/"},"wordCount":396,"commentCount":0,"publisher":{"@id":"https:\/\/portalf1.si\/#organization"},"image":{"@id":"https:\/\/portalf1.si\/verstappnu-se-nasmiha-nova-priloznost-za-dirkanje-v-seriji-gt3\/#primaryimage"},"thumbnailUrl":"https:\/\/portalf1.si\/wp-content\/uploads\/2026\/05\/verstappen-6a063ee93ce30.avif","keywords":["F1","F1 2026","F1 Slovenija","Formula 1","Formula 1 2026","Formula 1 Slovenija","GTWC","Max Verstappen"],"articleSection":["Formula 1","GTWC","Max Verstappen","Novice"],"inLanguage":"en-US","potentialAction":[{"@type":"CommentAction","name":"Comment","target":["https:\/\/portalf1.si\/verstappnu-se-nasmiha-nova-priloznost-za-dirkanje-v-seriji-gt3\/#respond"]}]},{"@type":"WebPage","@id":"https:\/\/portalf1.si\/verstappnu-se-nasmiha-nova-priloznost-za-dirkanje-v-seriji-gt3\/","url":"https:\/\/portalf1.si\/verstappnu-se-nasmiha-nova-priloznost-za-dirkanje-v-seriji-gt3\/","name":"Verstappnu se nasmiha nova prilo\u017enost za dirkanje v seriji GT3 - Portal F1","isPartOf":{"@id":"https:\/\/portalf1.si\/#website"},"primaryImageOfPage":{"@id":"https:\/\/portalf1.si\/verstappnu-se-nasmiha-nova-priloznost-za-dirkanje-v-seriji-gt3\/#primaryimage"},"image":{"@id":"https:\/\/portalf1.si\/verstappnu-se-nasmiha-nova-priloznost-za-dirkanje-v-seriji-gt3\/#primaryimage"},"thumbnailUrl":"https:\/\/portalf1.si\/wp-content\/uploads\/2026\/05\/verstappen-6a063ee93ce30.avif","datePublished":"2026-09-02T10:09:49+00:00","description":"Max Verstappen bi lahko nastopil za svojo lastno ekipo Verstappen Racing na zadnji dirki sezone serije GT World Challenge Europe Endurance.\u00a0","breadcrumb":{"@id":"https:\/\/portalf1.si\/verstappnu-se-nasmiha-nova-priloznost-za-dirkanje-v-seriji-gt3\/#breadcrumb"},"inLanguage":"en-US","potentialAction":[{"@type":"ReadAction","target":["https:\/\/portalf1.si\/verstappnu-se-nasmiha-nova-priloznost-za-dirkanje-v-seriji-gt3\/"]}]},{"@type":"ImageObject","inLanguage":"en-US","@id":"https:\/\/portalf1.si\/verstappnu-se-nasmiha-nova-priloznost-za-dirkanje-v-seriji-gt3\/#primaryimage","url":"https:\/\/portalf1.si\/wp-content\/uploads\/2026\/05\/verstappen-6a063ee93ce30.avif","contentUrl":"https:\/\/portalf1.si\/wp-content\/uploads\/2026\/05\/verstappen-6a063ee93ce30.avif","width":828,"height":552},{"@type":"BreadcrumbList","@id":"https:\/\/portalf1.si\/verstappnu-se-nasmiha-nova-priloznost-za-dirkanje-v-seriji-gt3\/#breadcrumb","itemListElement":[{"@type":"ListItem","position":1,"name":"Home","item":"https:\/\/portalf1.si\/"},{"@type":"ListItem","position":2,"name":"Verstappnu se nasmiha nova prilo\u017enost za dirkanje v seriji GT3"}]},{"@type":"WebSite","@id":"https:\/\/portalf1.si\/#website","url":"https:\/\/portalf1.si\/","name":"Portal F1","description":"Najnovej\u0161e novice iz sveta F1","publisher":{"@id":"https:\/\/portalf1.si\/#organization"},"potentialAction":[{"@type":"SearchAction","target":{"@type":"EntryPoint","urlTemplate":"https:\/\/portalf1.si\/?s={search_term_string}"},"query-input":{"@type":"PropertyValueSpecification","valueRequired":true,"valueName":"search_term_string"}}],"inLanguage":"en-US"},{"@type":"Organization","@id":"https:\/\/portalf1.si\/#organization","name":"Portal F1","url":"https:\/\/portalf1.si\/","logo":{"@type":"ImageObject","inLanguage":"en-US","@id":"https:\/\/portalf1.si\/#\/schema\/logo\/image\/","url":"https:\/\/portalf1.si\/wp-content\/uploads\/2025\/02\/cropped-HiPaint_1738532868530.png","contentUrl":"https:\/\/portalf1.si\/wp-content\/uploads\/2025\/02\/cropped-HiPaint_1738532868530.png","width":512,"height":512,"caption":"Portal F1"},"image":{"@id":"https:\/\/portalf1.si\/#\/schema\/logo\/image\/"},"sameAs":["https:\/\/www.facebook.com\/portalf1.si\/?locale=sl_SI"]},{"@type":"Person","@id":"https:\/\/portalf1.si\/#\/schema\/person\/abfef3ba57233710daadfbdd742fecd5","name":"Denis Stoy","image":{"@type":"ImageObject","inLanguage":"en-US","@id":"https:\/\/secure.gravatar.com\/avatar\/b006ce11dfb9c6e47e9de9803eefbdc14aa4afb445f3cca05acc735c22115b38?s=96&d=mm&r=g","url":"https:\/\/secure.gravatar.com\/avatar\/b006ce11dfb9c6e47e9de9803eefbdc14aa4afb445f3cca05acc735c22115b38?s=96&d=mm&r=g","contentUrl":"https:\/\/secure.gravatar.com\/avatar\/b006ce11dfb9c6e47e9de9803eefbdc14aa4afb445f3cca05acc735c22115b38?s=96&d=mm&r=g","caption":"Denis \u0160tojs"},"sameAs":["https:\/\/portalf1.si"],"url":"https:\/\/portalf1.si\/en\/author\/portalf1\/"}]}},"_links":{"self":[{"href":"https:\/\/portalf1.si\/en\/wp-json\/wp\/v2\/posts\/16046","targetHints":{"allow":["GET"]}}],"collection":[{"href":"https:\/\/portalf1.si\/en\/wp-json\/wp\/v2\/posts"}],"about":[{"href":"https:\/\/portalf1.si\/en\/wp-json\/wp\/v2\/types\/post"}],"author":[{"embeddable":true,"href":"https:\/\/portalf1.si\/en\/wp-json\/wp\/v2\/users\/1"}],"replies":[{"embeddable":true,"href":"https:\/\/portalf1.si\/en\/wp-json\/wp\/v2\/comments?post=16046"}],"version-history":[{"count":2,"href":"https:\/\/portalf1.si\/en\/wp-json\/wp\/v2\/posts\/16046\/revisions"}],"predecessor-version":[{"id":16048,"href":"https:\/\/portalf1.si\/en\/wp-json\/wp\/v2\/posts\/16046\/revisions\/16048"}],"wp:featuredmedia":[{"embeddable":true,"href":"https:\/\/portalf1.si\/en\/wp-json\/wp\/v2\/media\/13252"}],"wp:attachment":[{"href":"https:\/\/portalf1.si\/en\/wp-json\/wp\/v2\/media?parent=16046"}],"wp:term":[{"taxonomy":"category","embeddable":true,"href":"https:\/\/portalf1.si\/en\/wp-json\/wp\/v2\/categories?post=16046"},{"taxonomy":"post_tag","embeddable":true,"href":"https:\/\/portalf1.si\/en\/wp-json\/wp\/v2\/tags?post=16046"}],"curies":[{"name":"wp","href":"https:\/\/api.w.org\/{rel}","templated":true}]}}