{"id":16055,"date":"2026-09-02T15:29:20","date_gmt":"2026-09-02T15:29:20","guid":{"rendered":"https:\/\/portalf1.si\/?p=16055"},"modified":"2026-09-02T15:29:20","modified_gmt":"2026-09-02T15:29:20","slug":"norris-je-odkril-svojo-pravo-moc-sedaj-lahko-dosezem-karkoli","status":"publish","type":"post","link":"https:\/\/portalf1.si\/en\/norris-je-odkril-svojo-pravo-moc-sedaj-lahko-dosezem-karkoli\/","title":{"rendered":"Norris je odkril svojo pravo mo\u010d: Sedaj lahko dose\u017eem karkoli"},"content":{"rendered":"<p data-path-to-node=\"0\"><strong>Lando Norris je pojasnil, da je lahko zdaj bolj odlo\u010den pri oblikovanju sedanjosti in prihodnosti McLarna. Prej\u0161nji teden je bilo objavljeno, da je aktualni svetovni prvak Formule 1 z mo\u0161tvom iz Wokinga podpisal podalj\u0161anje pogodbe, ki ga bo v ekipi zadr\u017ealo vsaj do konca leta 2030.<\/strong><\/p>\n<p data-path-to-node=\"1\">V pogovoru za Sky Sports News je Britanec pojasnil, da se je skozi leta nau\u010dil, kako deliti svoje misli ter kdaj mora govoriti in kdaj ne. <em>&#8220;Kar zadeva to, koliko mo\u010di ima\u0161 kot dirka\u010d in kot posameznik &#8230; v prvih nekaj letih ne bo\u0161 prestopil nobene meje. Zagotovo ne bom dvigoval glasu nad nikomer drugim ali kaj podobnega.&#8221;<\/em><\/p>\n<p data-path-to-node=\"3\">Nato je poudaril pomembnost tega, da je zdaj vodja McLarnovega projekta. <em>&#8220;S\u010dasoma spozna\u0161, da moja vloga ni zgolj vo\u017enja dirkalnika. Gre tudi za to, kako sem lahko vodja, kako lahko vodim ekipo, kako sem lahko glas vseh ljudi, ki delajo tukaj, vseh fantov in deklet? Kako jih lahko spodbudim, da bodo bolj\u0161i, da bodo delali bolje? Seveda ob tem, da k napredku spodbujam tudi sam sebe. In kako lahko vsi skupaj delamo in to dose\u017eemo kot ekipa?&#8221;<\/em><\/p>\n<p data-path-to-node=\"4\"><em>&#8220;Enostavno sem spoznal mo\u010d in vpliv, ki ju lahko imam na smer, v katero se razvijamo kot ekipa. Seveda tega nikoli no\u010dem zlorabiti, a hkrati vem, da sem v polo\u017eaju, ko sem lahko odlo\u010den, da posku\u0161am dobiti tisto, kar si \u017eelim, od dirkalnika, od ekipe in od ljudi okoli sebe. In to je zelo pomembno. Mislim, da mora\u0161 to kot \u0161portnik izkoristiti, ne glede na to, v katerem \u0161portu si. Vedeti mora\u0161, kako posku\u0161ati dobiti tisto, kar si \u017eeli\u0161 kot posameznik.&#8221;<\/em><\/p>\n<blockquote class=\"wp-embedded-content\" data-secret=\"52imX031eV\"><p><a href=\"https:\/\/portalf1.si\/en\/norris-si-zeli-povratka-v-boj-za-naslov-v-slogu-lanskoletnega-naleta-verstappna\/\">Norris si \u017eeli povratka v boj za naslov v slogu lanskoletnega naleta Verstappna<\/a><\/p><\/blockquote>\n<p><iframe loading=\"lazy\" class=\"wp-embedded-content\" sandbox=\"allow-scripts\" security=\"restricted\" style=\"position: absolute; visibility: hidden;\" title=\"\u201cNorris si \u017eeli povratka v boj za naslov v slogu lanskoletnega naleta Verstappna\u201d \u2014 Portal F1\" src=\"https:\/\/portalf1.si\/norris-si-zeli-povratka-v-boj-za-naslov-v-slogu-lanskoletnega-naleta-verstappna\/embed\/#?secret=g8wNLreqjt#?secret=52imX031eV\" data-secret=\"52imX031eV\" width=\"600\" height=\"338\" frameborder=\"0\" marginwidth=\"0\" marginheight=\"0\" scrolling=\"no\"><\/iframe><\/p>","protected":false},"excerpt":{"rendered":"<p>Lando Norris je pojasnil, da je lahko zdaj bolj odlo\u010den pri oblikovanju sedanjosti in prihodnosti McLarna. Prej\u0161nji teden je bilo objavljeno, da je aktualni svetovni prvak Formule 1 z mo\u0161tvom iz Wokinga podpisal podalj\u0161anje pogodbe, ki ga bo v ekipi zadr\u017ealo vsaj do konca leta 2030. V pogovoru za Sky Sports News je Britanec pojasnil, [&hellip;]<\/p>\n","protected":false},"author":1,"featured_media":15632,"comment_status":"open","ping_status":"closed","sticky":false,"template":"","format":"standard","meta":{"footnotes":""},"categories":[30,65,40,31],"tags":[44,317,159,45,318,158,66,76],"class_list":["post-16055","post","type-post","status-publish","format-standard","has-post-thumbnail","hentry","category-formula-1","category-lando-norris","category-mclaren","category-novice","tag-f1","tag-f1-2026","tag-f1-slovenija","tag-formula-1","tag-formula-1-2026","tag-formula-1-slovenija","tag-lando-norris","tag-mclaren"],"blocksy_meta":{"styles_descriptor":{"styles":{"desktop":"","tablet":"","mobile":""},"google_fonts":[],"version":7}},"yoast_head":"<!-- This site is optimized with the Yoast SEO plugin v28.4 - https:\/\/yoast.com\/product\/yoast-seo-wordpress\/ -->\n<title>Norris je odkril svojo pravo mo\u010d: Sedaj lahko dose\u017eem karkoli - Portal F1<\/title>\n<meta name=\"description\" content=\"Aktualni svetovni prvak Formule 1 Lando Norris je pojasnil, da je lahko zdaj bolj odlo\u010den pri oblikovanju sedanjosti in prihodnosti McLarna.\" \/>\n<meta name=\"robots\" content=\"index, follow, max-snippet:-1, max-image-preview:large, max-video-preview:-1\" \/>\n<link rel=\"canonical\" href=\"https:\/\/portalf1.si\/en\/norris-je-odkril-svojo-pravo-moc-sedaj-lahko-dosezem-karkoli\/\" \/>\n<meta property=\"og:locale\" content=\"en_US\" \/>\n<meta property=\"og:type\" content=\"article\" \/>\n<meta property=\"og:title\" content=\"Norris je odkril svojo pravo mo\u010d: Sedaj lahko dose\u017eem karkoli - Portal F1\" \/>\n<meta property=\"og:description\" content=\"Aktualni svetovni prvak Formule 1 Lando Norris je pojasnil, da je lahko zdaj bolj odlo\u010den pri oblikovanju sedanjosti in prihodnosti McLarna.\" \/>\n<meta property=\"og:url\" content=\"https:\/\/portalf1.si\/en\/norris-je-odkril-svojo-pravo-moc-sedaj-lahko-dosezem-karkoli\/\" \/>\n<meta property=\"og:site_name\" content=\"Portal F1\" \/>\n<meta property=\"article:publisher\" content=\"https:\/\/www.facebook.com\/portalf1.si\/?locale=sl_SI\" \/>\n<meta property=\"article:published_time\" content=\"2026-09-02T15:29:20+00:00\" \/>\n<meta property=\"og:image\" content=\"https:\/\/portalf1.si\/wp-content\/uploads\/2026\/07\/lando-norris-mclaren-2.avif\" \/>\n\t<meta property=\"og:image:width\" content=\"1200\" \/>\n\t<meta property=\"og:image:height\" content=\"801\" \/>\n\t<meta property=\"og:image:type\" content=\"image\/jpeg\" \/>\n<meta name=\"author\" content=\"Denis \u0160tojs\" \/>\n<meta name=\"twitter:card\" content=\"summary_large_image\" \/>\n<meta name=\"twitter:label1\" content=\"Written by\" \/>\n\t<meta name=\"twitter:data1\" content=\"Denis \u0160tojs\" \/>\n\t<meta name=\"twitter:label2\" content=\"Est. reading time\" \/>\n\t<meta name=\"twitter:data2\" content=\"2 minutes\" \/>\n<script type=\"application\/ld+json\" class=\"yoast-schema-graph\">{\"@context\":\"https:\\\/\\\/schema.org\",\"@graph\":[{\"@type\":\"Article\",\"@id\":\"https:\\\/\\\/portalf1.si\\\/norris-je-odkril-svojo-pravo-moc-sedaj-lahko-dosezem-karkoli\\\/#article\",\"isPartOf\":{\"@id\":\"https:\\\/\\\/portalf1.si\\\/norris-je-odkril-svojo-pravo-moc-sedaj-lahko-dosezem-karkoli\\\/\"},\"author\":{\"name\":\"Denis \u0160tojs\",\"@id\":\"https:\\\/\\\/portalf1.si\\\/#\\\/schema\\\/person\\\/abfef3ba57233710daadfbdd742fecd5\"},\"headline\":\"Norris je odkril svojo pravo mo\u010d: Sedaj lahko dose\u017eem karkoli\",\"datePublished\":\"2026-09-02T15:29:20+00:00\",\"mainEntityOfPage\":{\"@id\":\"https:\\\/\\\/portalf1.si\\\/norris-je-odkril-svojo-pravo-moc-sedaj-lahko-dosezem-karkoli\\\/\"},\"wordCount\":290,\"commentCount\":0,\"publisher\":{\"@id\":\"https:\\\/\\\/portalf1.si\\\/#organization\"},\"image\":{\"@id\":\"https:\\\/\\\/portalf1.si\\\/norris-je-odkril-svojo-pravo-moc-sedaj-lahko-dosezem-karkoli\\\/#primaryimage\"},\"thumbnailUrl\":\"https:\\\/\\\/portalf1.si\\\/wp-content\\\/uploads\\\/2026\\\/07\\\/lando-norris-mclaren-2.avif\",\"keywords\":[\"F1\",\"F1 2026\",\"F1 Slovenija\",\"Formula 1\",\"Formula 1 2026\",\"Formula 1 Slovenija\",\"Lando Norris\",\"McLaren\"],\"articleSection\":[\"Formula 1\",\"Lando Norris\",\"Mclaren\",\"Novice\"],\"inLanguage\":\"en-US\",\"potentialAction\":[{\"@type\":\"CommentAction\",\"name\":\"Comment\",\"target\":[\"https:\\\/\\\/portalf1.si\\\/norris-je-odkril-svojo-pravo-moc-sedaj-lahko-dosezem-karkoli\\\/#respond\"]}]},{\"@type\":\"WebPage\",\"@id\":\"https:\\\/\\\/portalf1.si\\\/norris-je-odkril-svojo-pravo-moc-sedaj-lahko-dosezem-karkoli\\\/\",\"url\":\"https:\\\/\\\/portalf1.si\\\/norris-je-odkril-svojo-pravo-moc-sedaj-lahko-dosezem-karkoli\\\/\",\"name\":\"Norris je odkril svojo pravo mo\u010d: Sedaj lahko dose\u017eem karkoli - Portal F1\",\"isPartOf\":{\"@id\":\"https:\\\/\\\/portalf1.si\\\/#website\"},\"primaryImageOfPage\":{\"@id\":\"https:\\\/\\\/portalf1.si\\\/norris-je-odkril-svojo-pravo-moc-sedaj-lahko-dosezem-karkoli\\\/#primaryimage\"},\"image\":{\"@id\":\"https:\\\/\\\/portalf1.si\\\/norris-je-odkril-svojo-pravo-moc-sedaj-lahko-dosezem-karkoli\\\/#primaryimage\"},\"thumbnailUrl\":\"https:\\\/\\\/portalf1.si\\\/wp-content\\\/uploads\\\/2026\\\/07\\\/lando-norris-mclaren-2.avif\",\"datePublished\":\"2026-09-02T15:29:20+00:00\",\"description\":\"Aktualni svetovni prvak Formule 1 Lando Norris je pojasnil, da je lahko zdaj bolj odlo\u010den pri oblikovanju sedanjosti in prihodnosti McLarna.\",\"breadcrumb\":{\"@id\":\"https:\\\/\\\/portalf1.si\\\/norris-je-odkril-svojo-pravo-moc-sedaj-lahko-dosezem-karkoli\\\/#breadcrumb\"},\"inLanguage\":\"en-US\",\"potentialAction\":[{\"@type\":\"ReadAction\",\"target\":[\"https:\\\/\\\/portalf1.si\\\/norris-je-odkril-svojo-pravo-moc-sedaj-lahko-dosezem-karkoli\\\/\"]}]},{\"@type\":\"ImageObject\",\"inLanguage\":\"en-US\",\"@id\":\"https:\\\/\\\/portalf1.si\\\/norris-je-odkril-svojo-pravo-moc-sedaj-lahko-dosezem-karkoli\\\/#primaryimage\",\"url\":\"https:\\\/\\\/portalf1.si\\\/wp-content\\\/uploads\\\/2026\\\/07\\\/lando-norris-mclaren-2.avif\",\"contentUrl\":\"https:\\\/\\\/portalf1.si\\\/wp-content\\\/uploads\\\/2026\\\/07\\\/lando-norris-mclaren-2.avif\",\"width\":1200,\"height\":801},{\"@type\":\"BreadcrumbList\",\"@id\":\"https:\\\/\\\/portalf1.si\\\/norris-je-odkril-svojo-pravo-moc-sedaj-lahko-dosezem-karkoli\\\/#breadcrumb\",\"itemListElement\":[{\"@type\":\"ListItem\",\"position\":1,\"name\":\"Home\",\"item\":\"https:\\\/\\\/portalf1.si\\\/\"},{\"@type\":\"ListItem\",\"position\":2,\"name\":\"Norris je odkril svojo pravo mo\u010d: Sedaj lahko dose\u017eem karkoli\"}]},{\"@type\":\"WebSite\",\"@id\":\"https:\\\/\\\/portalf1.si\\\/#website\",\"url\":\"https:\\\/\\\/portalf1.si\\\/\",\"name\":\"Portal F1\",\"description\":\"Najnovej\u0161e novice iz sveta F1\",\"publisher\":{\"@id\":\"https:\\\/\\\/portalf1.si\\\/#organization\"},\"potentialAction\":[{\"@type\":\"SearchAction\",\"target\":{\"@type\":\"EntryPoint\",\"urlTemplate\":\"https:\\\/\\\/portalf1.si\\\/?s={search_term_string}\"},\"query-input\":{\"@type\":\"PropertyValueSpecification\",\"valueRequired\":true,\"valueName\":\"search_term_string\"}}],\"inLanguage\":\"en-US\"},{\"@type\":\"Organization\",\"@id\":\"https:\\\/\\\/portalf1.si\\\/#organization\",\"name\":\"Portal F1\",\"url\":\"https:\\\/\\\/portalf1.si\\\/\",\"logo\":{\"@type\":\"ImageObject\",\"inLanguage\":\"en-US\",\"@id\":\"https:\\\/\\\/portalf1.si\\\/#\\\/schema\\\/logo\\\/image\\\/\",\"url\":\"https:\\\/\\\/portalf1.si\\\/wp-content\\\/uploads\\\/2025\\\/02\\\/cropped-HiPaint_1738532868530.png\",\"contentUrl\":\"https:\\\/\\\/portalf1.si\\\/wp-content\\\/uploads\\\/2025\\\/02\\\/cropped-HiPaint_1738532868530.png\",\"width\":512,\"height\":512,\"caption\":\"Portal F1\"},\"image\":{\"@id\":\"https:\\\/\\\/portalf1.si\\\/#\\\/schema\\\/logo\\\/image\\\/\"},\"sameAs\":[\"https:\\\/\\\/www.facebook.com\\\/portalf1.si\\\/?locale=sl_SI\"]},{\"@type\":\"Person\",\"@id\":\"https:\\\/\\\/portalf1.si\\\/#\\\/schema\\\/person\\\/abfef3ba57233710daadfbdd742fecd5\",\"name\":\"Denis \u0160tojs\",\"image\":{\"@type\":\"ImageObject\",\"inLanguage\":\"en-US\",\"@id\":\"https:\\\/\\\/secure.gravatar.com\\\/avatar\\\/b006ce11dfb9c6e47e9de9803eefbdc14aa4afb445f3cca05acc735c22115b38?s=96&d=mm&r=g\",\"url\":\"https:\\\/\\\/secure.gravatar.com\\\/avatar\\\/b006ce11dfb9c6e47e9de9803eefbdc14aa4afb445f3cca05acc735c22115b38?s=96&d=mm&r=g\",\"contentUrl\":\"https:\\\/\\\/secure.gravatar.com\\\/avatar\\\/b006ce11dfb9c6e47e9de9803eefbdc14aa4afb445f3cca05acc735c22115b38?s=96&d=mm&r=g\",\"caption\":\"Denis \u0160tojs\"},\"sameAs\":[\"https:\\\/\\\/portalf1.si\"],\"url\":\"https:\\\/\\\/portalf1.si\\\/en\\\/author\\\/portalf1\\\/\"}]}<\/script>\n<!-- \/ Yoast SEO plugin. -->","yoast_head_json":{"title":"Norris je odkril svojo pravo mo\u010d: Sedaj lahko dose\u017eem karkoli - Portal F1","description":"Aktualni svetovni prvak Formule 1 Lando Norris je pojasnil, da je lahko zdaj bolj odlo\u010den pri oblikovanju sedanjosti in prihodnosti McLarna.","robots":{"index":"index","follow":"follow","max-snippet":"max-snippet:-1","max-image-preview":"max-image-preview:large","max-video-preview":"max-video-preview:-1"},"canonical":"https:\/\/portalf1.si\/en\/norris-je-odkril-svojo-pravo-moc-sedaj-lahko-dosezem-karkoli\/","og_locale":"en_US","og_type":"article","og_title":"Norris je odkril svojo pravo mo\u010d: Sedaj lahko dose\u017eem karkoli - Portal F1","og_description":"Aktualni svetovni prvak Formule 1 Lando Norris je pojasnil, da je lahko zdaj bolj odlo\u010den pri oblikovanju sedanjosti in prihodnosti McLarna.","og_url":"https:\/\/portalf1.si\/en\/norris-je-odkril-svojo-pravo-moc-sedaj-lahko-dosezem-karkoli\/","og_site_name":"Portal F1","article_publisher":"https:\/\/www.facebook.com\/portalf1.si\/?locale=sl_SI","article_published_time":"2026-09-02T15:29:20+00:00","og_image":[{"width":1200,"height":801,"url":"https:\/\/portalf1.si\/wp-content\/uploads\/2026\/07\/lando-norris-mclaren-2.avif","type":"image\/jpeg"}],"author":"Denis \u0160tojs","twitter_card":"summary_large_image","twitter_misc":{"Written by":"Denis \u0160tojs","Est. reading time":"2 minutes"},"schema":{"@context":"https:\/\/schema.org","@graph":[{"@type":"Article","@id":"https:\/\/portalf1.si\/norris-je-odkril-svojo-pravo-moc-sedaj-lahko-dosezem-karkoli\/#article","isPartOf":{"@id":"https:\/\/portalf1.si\/norris-je-odkril-svojo-pravo-moc-sedaj-lahko-dosezem-karkoli\/"},"author":{"name":"Denis \u0160tojs","@id":"https:\/\/portalf1.si\/#\/schema\/person\/abfef3ba57233710daadfbdd742fecd5"},"headline":"Norris je odkril svojo pravo mo\u010d: Sedaj lahko dose\u017eem karkoli","datePublished":"2026-09-02T15:29:20+00:00","mainEntityOfPage":{"@id":"https:\/\/portalf1.si\/norris-je-odkril-svojo-pravo-moc-sedaj-lahko-dosezem-karkoli\/"},"wordCount":290,"commentCount":0,"publisher":{"@id":"https:\/\/portalf1.si\/#organization"},"image":{"@id":"https:\/\/portalf1.si\/norris-je-odkril-svojo-pravo-moc-sedaj-lahko-dosezem-karkoli\/#primaryimage"},"thumbnailUrl":"https:\/\/portalf1.si\/wp-content\/uploads\/2026\/07\/lando-norris-mclaren-2.avif","keywords":["F1","F1 2026","F1 Slovenija","Formula 1","Formula 1 2026","Formula 1 Slovenija","Lando Norris","McLaren"],"articleSection":["Formula 1","Lando Norris","Mclaren","Novice"],"inLanguage":"en-US","potentialAction":[{"@type":"CommentAction","name":"Comment","target":["https:\/\/portalf1.si\/norris-je-odkril-svojo-pravo-moc-sedaj-lahko-dosezem-karkoli\/#respond"]}]},{"@type":"WebPage","@id":"https:\/\/portalf1.si\/norris-je-odkril-svojo-pravo-moc-sedaj-lahko-dosezem-karkoli\/","url":"https:\/\/portalf1.si\/norris-je-odkril-svojo-pravo-moc-sedaj-lahko-dosezem-karkoli\/","name":"Norris je odkril svojo pravo mo\u010d: Sedaj lahko dose\u017eem karkoli - Portal F1","isPartOf":{"@id":"https:\/\/portalf1.si\/#website"},"primaryImageOfPage":{"@id":"https:\/\/portalf1.si\/norris-je-odkril-svojo-pravo-moc-sedaj-lahko-dosezem-karkoli\/#primaryimage"},"image":{"@id":"https:\/\/portalf1.si\/norris-je-odkril-svojo-pravo-moc-sedaj-lahko-dosezem-karkoli\/#primaryimage"},"thumbnailUrl":"https:\/\/portalf1.si\/wp-content\/uploads\/2026\/07\/lando-norris-mclaren-2.avif","datePublished":"2026-09-02T15:29:20+00:00","description":"Aktualni svetovni prvak Formule 1 Lando Norris je pojasnil, da je lahko zdaj bolj odlo\u010den pri oblikovanju sedanjosti in prihodnosti McLarna.","breadcrumb":{"@id":"https:\/\/portalf1.si\/norris-je-odkril-svojo-pravo-moc-sedaj-lahko-dosezem-karkoli\/#breadcrumb"},"inLanguage":"en-US","potentialAction":[{"@type":"ReadAction","target":["https:\/\/portalf1.si\/norris-je-odkril-svojo-pravo-moc-sedaj-lahko-dosezem-karkoli\/"]}]},{"@type":"ImageObject","inLanguage":"en-US","@id":"https:\/\/portalf1.si\/norris-je-odkril-svojo-pravo-moc-sedaj-lahko-dosezem-karkoli\/#primaryimage","url":"https:\/\/portalf1.si\/wp-content\/uploads\/2026\/07\/lando-norris-mclaren-2.avif","contentUrl":"https:\/\/portalf1.si\/wp-content\/uploads\/2026\/07\/lando-norris-mclaren-2.avif","width":1200,"height":801},{"@type":"BreadcrumbList","@id":"https:\/\/portalf1.si\/norris-je-odkril-svojo-pravo-moc-sedaj-lahko-dosezem-karkoli\/#breadcrumb","itemListElement":[{"@type":"ListItem","position":1,"name":"Home","item":"https:\/\/portalf1.si\/"},{"@type":"ListItem","position":2,"name":"Norris je odkril svojo pravo mo\u010d: Sedaj lahko dose\u017eem karkoli"}]},{"@type":"WebSite","@id":"https:\/\/portalf1.si\/#website","url":"https:\/\/portalf1.si\/","name":"Portal F1","description":"Najnovej\u0161e novice iz sveta F1","publisher":{"@id":"https:\/\/portalf1.si\/#organization"},"potentialAction":[{"@type":"SearchAction","target":{"@type":"EntryPoint","urlTemplate":"https:\/\/portalf1.si\/?s={search_term_string}"},"query-input":{"@type":"PropertyValueSpecification","valueRequired":true,"valueName":"search_term_string"}}],"inLanguage":"en-US"},{"@type":"Organization","@id":"https:\/\/portalf1.si\/#organization","name":"Portal F1","url":"https:\/\/portalf1.si\/","logo":{"@type":"ImageObject","inLanguage":"en-US","@id":"https:\/\/portalf1.si\/#\/schema\/logo\/image\/","url":"https:\/\/portalf1.si\/wp-content\/uploads\/2025\/02\/cropped-HiPaint_1738532868530.png","contentUrl":"https:\/\/portalf1.si\/wp-content\/uploads\/2025\/02\/cropped-HiPaint_1738532868530.png","width":512,"height":512,"caption":"Portal F1"},"image":{"@id":"https:\/\/portalf1.si\/#\/schema\/logo\/image\/"},"sameAs":["https:\/\/www.facebook.com\/portalf1.si\/?locale=sl_SI"]},{"@type":"Person","@id":"https:\/\/portalf1.si\/#\/schema\/person\/abfef3ba57233710daadfbdd742fecd5","name":"Denis Stoy","image":{"@type":"ImageObject","inLanguage":"en-US","@id":"https:\/\/secure.gravatar.com\/avatar\/b006ce11dfb9c6e47e9de9803eefbdc14aa4afb445f3cca05acc735c22115b38?s=96&d=mm&r=g","url":"https:\/\/secure.gravatar.com\/avatar\/b006ce11dfb9c6e47e9de9803eefbdc14aa4afb445f3cca05acc735c22115b38?s=96&d=mm&r=g","contentUrl":"https:\/\/secure.gravatar.com\/avatar\/b006ce11dfb9c6e47e9de9803eefbdc14aa4afb445f3cca05acc735c22115b38?s=96&d=mm&r=g","caption":"Denis \u0160tojs"},"sameAs":["https:\/\/portalf1.si"],"url":"https:\/\/portalf1.si\/en\/author\/portalf1\/"}]}},"_links":{"self":[{"href":"https:\/\/portalf1.si\/en\/wp-json\/wp\/v2\/posts\/16055","targetHints":{"allow":["GET"]}}],"collection":[{"href":"https:\/\/portalf1.si\/en\/wp-json\/wp\/v2\/posts"}],"about":[{"href":"https:\/\/portalf1.si\/en\/wp-json\/wp\/v2\/types\/post"}],"author":[{"embeddable":true,"href":"https:\/\/portalf1.si\/en\/wp-json\/wp\/v2\/users\/1"}],"replies":[{"embeddable":true,"href":"https:\/\/portalf1.si\/en\/wp-json\/wp\/v2\/comments?post=16055"}],"version-history":[{"count":2,"href":"https:\/\/portalf1.si\/en\/wp-json\/wp\/v2\/posts\/16055\/revisions"}],"predecessor-version":[{"id":16060,"href":"https:\/\/portalf1.si\/en\/wp-json\/wp\/v2\/posts\/16055\/revisions\/16060"}],"wp:featuredmedia":[{"embeddable":true,"href":"https:\/\/portalf1.si\/en\/wp-json\/wp\/v2\/media\/15632"}],"wp:attachment":[{"href":"https:\/\/portalf1.si\/en\/wp-json\/wp\/v2\/media?parent=16055"}],"wp:term":[{"taxonomy":"category","embeddable":true,"href":"https:\/\/portalf1.si\/en\/wp-json\/wp\/v2\/categories?post=16055"},{"taxonomy":"post_tag","embeddable":true,"href":"https:\/\/portalf1.si\/en\/wp-json\/wp\/v2\/tags?post=16055"}],"curies":[{"name":"wp","href":"https:\/\/api.w.org\/{rel}","templated":true}]}}