{"id":16068,"date":"2026-09-03T06:16:01","date_gmt":"2026-09-03T06:16:01","guid":{"rendered":"https:\/\/portalf1.si\/?p=16068"},"modified":"2026-09-03T06:16:01","modified_gmt":"2026-09-03T06:16:01","slug":"dirkace-bodo-v-monzi-pricakale-ekstremne-vremenske-razmere","status":"publish","type":"post","link":"https:\/\/portalf1.si\/en\/dirkace-bodo-v-monzi-pricakale-ekstremne-vremenske-razmere\/","title":{"rendered":"Dirka\u010de bodo v Monzi pri\u010dakale ekstremne vremenske razmere"},"content":{"rendered":"<div class=\"container\">\n<div id=\"model-response-message-contentr_3aea88ad0a786d86\" class=\"markdown markdown-main-panel md-content enable-luminous-fast-follows enable-updated-hr-color\" dir=\"ltr\" aria-busy=\"false\" aria-live=\"polite\">\n<p data-path-to-node=\"1\"><strong>Za prihajajo\u010do Veliko nagrado Italije so napovedane izjemno visoke temperature. Po kar nekaj dirkah, ki so potekale v hladnih in ob\u010dasno celo de\u017eevnih razmerah, se Formula 1 zdaj podaja v \u017ego\u010do vro\u010dino Monze.<\/strong><\/p>\n<p data-path-to-node=\"2\">Dirka\u0161ki vikend za Veliko nagrado Italije v Monzi bo potekal od 4. do 6. septembra. Gre za prvi del zaporednega dvoj\u010dka dirk Monza\u2013Madrid ob samem izteku poletja, a vse ka\u017ee, da bosta prav ti zadnji dve evropski preizku\u0161nji prinesli morda celo najzahtevnej\u0161e razmere celotne sezone Formule 1.<\/p>\n<p data-path-to-node=\"3\">V petek, 4. septembra, sta v Monzi na sporedu prvi in drugi prosti trening, ob katerih vremenoslovci napovedujejo 33 stopinj Celzija. Temperatura samega asfalta bo med temi vo\u017enjami razumljivo \u0161e znatno vi\u0161ja.<\/p>\n<p data-path-to-node=\"4\">Verjetnost za de\u017e je minimalna. Portal <a href=\"https:\/\/weather.com\/\">Weather.com<\/a> jo ocenjuje na le 2 odstotka. Tudi veter \u010dez celoten vikend ne bo igral ve\u010dje vloge, saj bodo sunki dosegali najve\u010d 8 km\/h. Se pa bo med vikendom spremenila njegova smer. V petek in nedeljo bo pihal z jugovzhoda, v soboto pa z jugozahoda.<\/p>\n<p data-path-to-node=\"5\">Med kvalifikacijami se bo ozra\u010dje \u0161e dodatno segrelo. V soboto, 5. septembra, bi se \u017eivo srebro \u010dez dan lahko povzpelo do 34 stopinj Celzija. Tak\u0161nim temperaturam smo bili v tej sezoni pri\u010da le med dirka\u0161kim vikendom v Avstriji.<\/p>\n<p data-path-to-node=\"6\">Vsi, ki upajo na osve\u017eitev v nedeljo, bodo razo\u010darani. Za nedeljsko dirko, 6. septembra, napovedi \u0161e naprej ka\u017eejo 34 stopinj Celzija.<\/p>\n<p data-path-to-node=\"7\">\u010ceprav bi tako visoke temperature obi\u010dajno povzro\u010dile mo\u010dno obrabo pnevmatik, ostaja to na dirkali\u0161\u010du v bli\u017eini Milana pod velikim vpra\u0161ajem. Obraba gum je v Monzi namre\u010d minimalna, zato tudi precej vi\u0161je temperature praviloma ne vodijo do dirke z ve\u010d postanki v boksih od obi\u010dajnega enega, ki je za Veliko nagrado Italije \u017ee stalnica.<\/p>\n<blockquote class=\"wp-embedded-content\" data-secret=\"fVfDAYIxrD\"><p><a href=\"https:\/\/portalf1.si\/en\/vn-italije-razpored-in-opis-dirkalisca\/\">VN Italije &#8211; razpored in opis dirkali\u0161\u010da<\/a><\/p><\/blockquote>\n<p><iframe loading=\"lazy\" class=\"wp-embedded-content\" sandbox=\"allow-scripts\" security=\"restricted\" style=\"position: absolute; visibility: hidden;\" title=\"\u201cVN Italije \u2013 razpored in opis dirkali\u0161\u010da\u201d \u2014 Portal F1\" src=\"https:\/\/portalf1.si\/vn-italije-razpored-in-opis-dirkalisca\/embed\/#?secret=iCBmD4PTVM#?secret=fVfDAYIxrD\" data-secret=\"fVfDAYIxrD\" width=\"600\" height=\"338\" frameborder=\"0\" marginwidth=\"0\" marginheight=\"0\" scrolling=\"no\"><\/iframe><\/p>\n<\/div>\n<\/div>","protected":false},"excerpt":{"rendered":"<p>Za prihajajo\u010do Veliko nagrado Italije so napovedane izjemno visoke temperature. Po kar nekaj dirkah, ki so potekale v hladnih in ob\u010dasno celo de\u017eevnih razmerah, se Formula 1 zdaj podaja v \u017ego\u010do vro\u010dino Monze. Dirka\u0161ki vikend za Veliko nagrado Italije v Monzi bo potekal od 4. do 6. septembra. Gre za prvi del zaporednega dvoj\u010dka dirk [&hellip;]<\/p>\n","protected":false},"author":1,"featured_media":16069,"comment_status":"open","ping_status":"closed","sticky":false,"template":"","format":"standard","meta":{"footnotes":""},"categories":[30,31,351],"tags":[44,317,159,45,318,158,352],"class_list":["post-16068","post","type-post","status-publish","format-standard","has-post-thumbnail","hentry","category-formula-1","category-novice","category-vn-italije","tag-f1","tag-f1-2026","tag-f1-slovenija","tag-formula-1","tag-formula-1-2026","tag-formula-1-slovenija","tag-vn-italije"],"blocksy_meta":{"styles_descriptor":{"styles":{"desktop":"","tablet":"","mobile":""},"google_fonts":[],"version":8}},"yoast_head":"<!-- This site is optimized with the Yoast SEO plugin v28.4 - https:\/\/yoast.com\/product\/yoast-seo-wordpress\/ -->\n<title>Dirka\u010de bodo v Monzi pri\u010dakale ekstremne vremenske razmere - Portal F1<\/title>\n<meta name=\"description\" content=\"Po kar nekaj dirkah, ki so potekale v hladnih in ob\u010dasno celo de\u017eevnih razmerah, se Formula 1 zdaj podaja v \u017ego\u010do vro\u010dino Monze.\" \/>\n<meta name=\"robots\" content=\"index, follow, max-snippet:-1, max-image-preview:large, max-video-preview:-1\" \/>\n<link rel=\"canonical\" href=\"https:\/\/portalf1.si\/en\/dirkace-bodo-v-monzi-pricakale-ekstremne-vremenske-razmere\/\" \/>\n<meta property=\"og:locale\" content=\"en_US\" \/>\n<meta property=\"og:type\" content=\"article\" \/>\n<meta property=\"og:title\" content=\"Dirka\u010de bodo v Monzi pri\u010dakale ekstremne vremenske razmere - Portal F1\" \/>\n<meta property=\"og:description\" content=\"Po kar nekaj dirkah, ki so potekale v hladnih in ob\u010dasno celo de\u017eevnih razmerah, se Formula 1 zdaj podaja v \u017ego\u010do vro\u010dino Monze.\" \/>\n<meta property=\"og:url\" content=\"https:\/\/portalf1.si\/en\/dirkace-bodo-v-monzi-pricakale-ekstremne-vremenske-razmere\/\" \/>\n<meta property=\"og:site_name\" content=\"Portal F1\" \/>\n<meta property=\"article:publisher\" content=\"https:\/\/www.facebook.com\/portalf1.si\/?locale=sl_SI\" \/>\n<meta property=\"article:published_time\" content=\"2026-09-03T06:16:01+00:00\" \/>\n<meta property=\"og:image\" content=\"https:\/\/portalf1.si\/wp-content\/uploads\/2026\/09\/images.avif\" \/>\n\t<meta property=\"og:image:width\" content=\"701\" \/>\n\t<meta property=\"og:image:height\" content=\"438\" \/>\n\t<meta property=\"og:image:type\" content=\"image\/jpeg\" \/>\n<meta name=\"author\" content=\"Denis \u0160tojs\" \/>\n<meta name=\"twitter:card\" content=\"summary_large_image\" \/>\n<meta name=\"twitter:label1\" content=\"Written by\" \/>\n\t<meta name=\"twitter:data1\" content=\"Denis \u0160tojs\" \/>\n\t<meta name=\"twitter:label2\" content=\"Est. reading time\" \/>\n\t<meta name=\"twitter:data2\" content=\"2 minutes\" \/>\n<script type=\"application\/ld+json\" class=\"yoast-schema-graph\">{\"@context\":\"https:\\\/\\\/schema.org\",\"@graph\":[{\"@type\":\"Article\",\"@id\":\"https:\\\/\\\/portalf1.si\\\/dirkace-bodo-v-monzi-pricakale-ekstremne-vremenske-razmere\\\/#article\",\"isPartOf\":{\"@id\":\"https:\\\/\\\/portalf1.si\\\/dirkace-bodo-v-monzi-pricakale-ekstremne-vremenske-razmere\\\/\"},\"author\":{\"name\":\"Denis \u0160tojs\",\"@id\":\"https:\\\/\\\/portalf1.si\\\/#\\\/schema\\\/person\\\/abfef3ba57233710daadfbdd742fecd5\"},\"headline\":\"Dirka\u010de bodo v Monzi pri\u010dakale ekstremne vremenske razmere\",\"datePublished\":\"2026-09-03T06:16:01+00:00\",\"mainEntityOfPage\":{\"@id\":\"https:\\\/\\\/portalf1.si\\\/dirkace-bodo-v-monzi-pricakale-ekstremne-vremenske-razmere\\\/\"},\"wordCount\":308,\"commentCount\":0,\"publisher\":{\"@id\":\"https:\\\/\\\/portalf1.si\\\/#organization\"},\"image\":{\"@id\":\"https:\\\/\\\/portalf1.si\\\/dirkace-bodo-v-monzi-pricakale-ekstremne-vremenske-razmere\\\/#primaryimage\"},\"thumbnailUrl\":\"https:\\\/\\\/portalf1.si\\\/wp-content\\\/uploads\\\/2026\\\/09\\\/images.avif\",\"keywords\":[\"F1\",\"F1 2026\",\"F1 Slovenija\",\"Formula 1\",\"Formula 1 2026\",\"Formula 1 Slovenija\",\"VN Italije\"],\"articleSection\":[\"Formula 1\",\"Novice\",\"VN Italije\"],\"inLanguage\":\"en-US\",\"potentialAction\":[{\"@type\":\"CommentAction\",\"name\":\"Comment\",\"target\":[\"https:\\\/\\\/portalf1.si\\\/dirkace-bodo-v-monzi-pricakale-ekstremne-vremenske-razmere\\\/#respond\"]}]},{\"@type\":\"WebPage\",\"@id\":\"https:\\\/\\\/portalf1.si\\\/dirkace-bodo-v-monzi-pricakale-ekstremne-vremenske-razmere\\\/\",\"url\":\"https:\\\/\\\/portalf1.si\\\/dirkace-bodo-v-monzi-pricakale-ekstremne-vremenske-razmere\\\/\",\"name\":\"Dirka\u010de bodo v Monzi pri\u010dakale ekstremne vremenske razmere - Portal F1\",\"isPartOf\":{\"@id\":\"https:\\\/\\\/portalf1.si\\\/#website\"},\"primaryImageOfPage\":{\"@id\":\"https:\\\/\\\/portalf1.si\\\/dirkace-bodo-v-monzi-pricakale-ekstremne-vremenske-razmere\\\/#primaryimage\"},\"image\":{\"@id\":\"https:\\\/\\\/portalf1.si\\\/dirkace-bodo-v-monzi-pricakale-ekstremne-vremenske-razmere\\\/#primaryimage\"},\"thumbnailUrl\":\"https:\\\/\\\/portalf1.si\\\/wp-content\\\/uploads\\\/2026\\\/09\\\/images.avif\",\"datePublished\":\"2026-09-03T06:16:01+00:00\",\"description\":\"Po kar nekaj dirkah, ki so potekale v hladnih in ob\u010dasno celo de\u017eevnih razmerah, se Formula 1 zdaj podaja v \u017ego\u010do vro\u010dino Monze.\",\"breadcrumb\":{\"@id\":\"https:\\\/\\\/portalf1.si\\\/dirkace-bodo-v-monzi-pricakale-ekstremne-vremenske-razmere\\\/#breadcrumb\"},\"inLanguage\":\"en-US\",\"potentialAction\":[{\"@type\":\"ReadAction\",\"target\":[\"https:\\\/\\\/portalf1.si\\\/dirkace-bodo-v-monzi-pricakale-ekstremne-vremenske-razmere\\\/\"]}]},{\"@type\":\"ImageObject\",\"inLanguage\":\"en-US\",\"@id\":\"https:\\\/\\\/portalf1.si\\\/dirkace-bodo-v-monzi-pricakale-ekstremne-vremenske-razmere\\\/#primaryimage\",\"url\":\"https:\\\/\\\/portalf1.si\\\/wp-content\\\/uploads\\\/2026\\\/09\\\/images.avif\",\"contentUrl\":\"https:\\\/\\\/portalf1.si\\\/wp-content\\\/uploads\\\/2026\\\/09\\\/images.avif\",\"width\":701,\"height\":438},{\"@type\":\"BreadcrumbList\",\"@id\":\"https:\\\/\\\/portalf1.si\\\/dirkace-bodo-v-monzi-pricakale-ekstremne-vremenske-razmere\\\/#breadcrumb\",\"itemListElement\":[{\"@type\":\"ListItem\",\"position\":1,\"name\":\"Home\",\"item\":\"https:\\\/\\\/portalf1.si\\\/\"},{\"@type\":\"ListItem\",\"position\":2,\"name\":\"Dirka\u010de bodo v Monzi pri\u010dakale ekstremne vremenske razmere\"}]},{\"@type\":\"WebSite\",\"@id\":\"https:\\\/\\\/portalf1.si\\\/#website\",\"url\":\"https:\\\/\\\/portalf1.si\\\/\",\"name\":\"Portal F1\",\"description\":\"Najnovej\u0161e novice iz sveta F1\",\"publisher\":{\"@id\":\"https:\\\/\\\/portalf1.si\\\/#organization\"},\"potentialAction\":[{\"@type\":\"SearchAction\",\"target\":{\"@type\":\"EntryPoint\",\"urlTemplate\":\"https:\\\/\\\/portalf1.si\\\/?s={search_term_string}\"},\"query-input\":{\"@type\":\"PropertyValueSpecification\",\"valueRequired\":true,\"valueName\":\"search_term_string\"}}],\"inLanguage\":\"en-US\"},{\"@type\":\"Organization\",\"@id\":\"https:\\\/\\\/portalf1.si\\\/#organization\",\"name\":\"Portal F1\",\"url\":\"https:\\\/\\\/portalf1.si\\\/\",\"logo\":{\"@type\":\"ImageObject\",\"inLanguage\":\"en-US\",\"@id\":\"https:\\\/\\\/portalf1.si\\\/#\\\/schema\\\/logo\\\/image\\\/\",\"url\":\"https:\\\/\\\/portalf1.si\\\/wp-content\\\/uploads\\\/2025\\\/02\\\/cropped-HiPaint_1738532868530.png\",\"contentUrl\":\"https:\\\/\\\/portalf1.si\\\/wp-content\\\/uploads\\\/2025\\\/02\\\/cropped-HiPaint_1738532868530.png\",\"width\":512,\"height\":512,\"caption\":\"Portal F1\"},\"image\":{\"@id\":\"https:\\\/\\\/portalf1.si\\\/#\\\/schema\\\/logo\\\/image\\\/\"},\"sameAs\":[\"https:\\\/\\\/www.facebook.com\\\/portalf1.si\\\/?locale=sl_SI\"]},{\"@type\":\"Person\",\"@id\":\"https:\\\/\\\/portalf1.si\\\/#\\\/schema\\\/person\\\/abfef3ba57233710daadfbdd742fecd5\",\"name\":\"Denis \u0160tojs\",\"image\":{\"@type\":\"ImageObject\",\"inLanguage\":\"en-US\",\"@id\":\"https:\\\/\\\/secure.gravatar.com\\\/avatar\\\/b006ce11dfb9c6e47e9de9803eefbdc14aa4afb445f3cca05acc735c22115b38?s=96&d=mm&r=g\",\"url\":\"https:\\\/\\\/secure.gravatar.com\\\/avatar\\\/b006ce11dfb9c6e47e9de9803eefbdc14aa4afb445f3cca05acc735c22115b38?s=96&d=mm&r=g\",\"contentUrl\":\"https:\\\/\\\/secure.gravatar.com\\\/avatar\\\/b006ce11dfb9c6e47e9de9803eefbdc14aa4afb445f3cca05acc735c22115b38?s=96&d=mm&r=g\",\"caption\":\"Denis \u0160tojs\"},\"sameAs\":[\"https:\\\/\\\/portalf1.si\"],\"url\":\"https:\\\/\\\/portalf1.si\\\/en\\\/author\\\/portalf1\\\/\"}]}<\/script>\n<!-- \/ Yoast SEO plugin. -->","yoast_head_json":{"title":"Dirka\u010de bodo v Monzi pri\u010dakale ekstremne vremenske razmere - Portal F1","description":"Po kar nekaj dirkah, ki so potekale v hladnih in ob\u010dasno celo de\u017eevnih razmerah, se Formula 1 zdaj podaja v \u017ego\u010do vro\u010dino Monze.","robots":{"index":"index","follow":"follow","max-snippet":"max-snippet:-1","max-image-preview":"max-image-preview:large","max-video-preview":"max-video-preview:-1"},"canonical":"https:\/\/portalf1.si\/en\/dirkace-bodo-v-monzi-pricakale-ekstremne-vremenske-razmere\/","og_locale":"en_US","og_type":"article","og_title":"Dirka\u010de bodo v Monzi pri\u010dakale ekstremne vremenske razmere - Portal F1","og_description":"Po kar nekaj dirkah, ki so potekale v hladnih in ob\u010dasno celo de\u017eevnih razmerah, se Formula 1 zdaj podaja v \u017ego\u010do vro\u010dino Monze.","og_url":"https:\/\/portalf1.si\/en\/dirkace-bodo-v-monzi-pricakale-ekstremne-vremenske-razmere\/","og_site_name":"Portal F1","article_publisher":"https:\/\/www.facebook.com\/portalf1.si\/?locale=sl_SI","article_published_time":"2026-09-03T06:16:01+00:00","og_image":[{"width":701,"height":438,"url":"https:\/\/portalf1.si\/wp-content\/uploads\/2026\/09\/images.avif","type":"image\/jpeg"}],"author":"Denis \u0160tojs","twitter_card":"summary_large_image","twitter_misc":{"Written by":"Denis \u0160tojs","Est. reading time":"2 minutes"},"schema":{"@context":"https:\/\/schema.org","@graph":[{"@type":"Article","@id":"https:\/\/portalf1.si\/dirkace-bodo-v-monzi-pricakale-ekstremne-vremenske-razmere\/#article","isPartOf":{"@id":"https:\/\/portalf1.si\/dirkace-bodo-v-monzi-pricakale-ekstremne-vremenske-razmere\/"},"author":{"name":"Denis \u0160tojs","@id":"https:\/\/portalf1.si\/#\/schema\/person\/abfef3ba57233710daadfbdd742fecd5"},"headline":"Dirka\u010de bodo v Monzi pri\u010dakale ekstremne vremenske razmere","datePublished":"2026-09-03T06:16:01+00:00","mainEntityOfPage":{"@id":"https:\/\/portalf1.si\/dirkace-bodo-v-monzi-pricakale-ekstremne-vremenske-razmere\/"},"wordCount":308,"commentCount":0,"publisher":{"@id":"https:\/\/portalf1.si\/#organization"},"image":{"@id":"https:\/\/portalf1.si\/dirkace-bodo-v-monzi-pricakale-ekstremne-vremenske-razmere\/#primaryimage"},"thumbnailUrl":"https:\/\/portalf1.si\/wp-content\/uploads\/2026\/09\/images.avif","keywords":["F1","F1 2026","F1 Slovenija","Formula 1","Formula 1 2026","Formula 1 Slovenija","VN Italije"],"articleSection":["Formula 1","Novice","VN Italije"],"inLanguage":"en-US","potentialAction":[{"@type":"CommentAction","name":"Comment","target":["https:\/\/portalf1.si\/dirkace-bodo-v-monzi-pricakale-ekstremne-vremenske-razmere\/#respond"]}]},{"@type":"WebPage","@id":"https:\/\/portalf1.si\/dirkace-bodo-v-monzi-pricakale-ekstremne-vremenske-razmere\/","url":"https:\/\/portalf1.si\/dirkace-bodo-v-monzi-pricakale-ekstremne-vremenske-razmere\/","name":"Dirka\u010de bodo v Monzi pri\u010dakale ekstremne vremenske razmere - Portal F1","isPartOf":{"@id":"https:\/\/portalf1.si\/#website"},"primaryImageOfPage":{"@id":"https:\/\/portalf1.si\/dirkace-bodo-v-monzi-pricakale-ekstremne-vremenske-razmere\/#primaryimage"},"image":{"@id":"https:\/\/portalf1.si\/dirkace-bodo-v-monzi-pricakale-ekstremne-vremenske-razmere\/#primaryimage"},"thumbnailUrl":"https:\/\/portalf1.si\/wp-content\/uploads\/2026\/09\/images.avif","datePublished":"2026-09-03T06:16:01+00:00","description":"Po kar nekaj dirkah, ki so potekale v hladnih in ob\u010dasno celo de\u017eevnih razmerah, se Formula 1 zdaj podaja v \u017ego\u010do vro\u010dino Monze.","breadcrumb":{"@id":"https:\/\/portalf1.si\/dirkace-bodo-v-monzi-pricakale-ekstremne-vremenske-razmere\/#breadcrumb"},"inLanguage":"en-US","potentialAction":[{"@type":"ReadAction","target":["https:\/\/portalf1.si\/dirkace-bodo-v-monzi-pricakale-ekstremne-vremenske-razmere\/"]}]},{"@type":"ImageObject","inLanguage":"en-US","@id":"https:\/\/portalf1.si\/dirkace-bodo-v-monzi-pricakale-ekstremne-vremenske-razmere\/#primaryimage","url":"https:\/\/portalf1.si\/wp-content\/uploads\/2026\/09\/images.avif","contentUrl":"https:\/\/portalf1.si\/wp-content\/uploads\/2026\/09\/images.avif","width":701,"height":438},{"@type":"BreadcrumbList","@id":"https:\/\/portalf1.si\/dirkace-bodo-v-monzi-pricakale-ekstremne-vremenske-razmere\/#breadcrumb","itemListElement":[{"@type":"ListItem","position":1,"name":"Home","item":"https:\/\/portalf1.si\/"},{"@type":"ListItem","position":2,"name":"Dirka\u010de bodo v Monzi pri\u010dakale ekstremne vremenske razmere"}]},{"@type":"WebSite","@id":"https:\/\/portalf1.si\/#website","url":"https:\/\/portalf1.si\/","name":"Portal F1","description":"Najnovej\u0161e novice iz sveta F1","publisher":{"@id":"https:\/\/portalf1.si\/#organization"},"potentialAction":[{"@type":"SearchAction","target":{"@type":"EntryPoint","urlTemplate":"https:\/\/portalf1.si\/?s={search_term_string}"},"query-input":{"@type":"PropertyValueSpecification","valueRequired":true,"valueName":"search_term_string"}}],"inLanguage":"en-US"},{"@type":"Organization","@id":"https:\/\/portalf1.si\/#organization","name":"Portal F1","url":"https:\/\/portalf1.si\/","logo":{"@type":"ImageObject","inLanguage":"en-US","@id":"https:\/\/portalf1.si\/#\/schema\/logo\/image\/","url":"https:\/\/portalf1.si\/wp-content\/uploads\/2025\/02\/cropped-HiPaint_1738532868530.png","contentUrl":"https:\/\/portalf1.si\/wp-content\/uploads\/2025\/02\/cropped-HiPaint_1738532868530.png","width":512,"height":512,"caption":"Portal F1"},"image":{"@id":"https:\/\/portalf1.si\/#\/schema\/logo\/image\/"},"sameAs":["https:\/\/www.facebook.com\/portalf1.si\/?locale=sl_SI"]},{"@type":"Person","@id":"https:\/\/portalf1.si\/#\/schema\/person\/abfef3ba57233710daadfbdd742fecd5","name":"Denis Stoy","image":{"@type":"ImageObject","inLanguage":"en-US","@id":"https:\/\/secure.gravatar.com\/avatar\/b006ce11dfb9c6e47e9de9803eefbdc14aa4afb445f3cca05acc735c22115b38?s=96&d=mm&r=g","url":"https:\/\/secure.gravatar.com\/avatar\/b006ce11dfb9c6e47e9de9803eefbdc14aa4afb445f3cca05acc735c22115b38?s=96&d=mm&r=g","contentUrl":"https:\/\/secure.gravatar.com\/avatar\/b006ce11dfb9c6e47e9de9803eefbdc14aa4afb445f3cca05acc735c22115b38?s=96&d=mm&r=g","caption":"Denis \u0160tojs"},"sameAs":["https:\/\/portalf1.si"],"url":"https:\/\/portalf1.si\/en\/author\/portalf1\/"}]}},"_links":{"self":[{"href":"https:\/\/portalf1.si\/en\/wp-json\/wp\/v2\/posts\/16068","targetHints":{"allow":["GET"]}}],"collection":[{"href":"https:\/\/portalf1.si\/en\/wp-json\/wp\/v2\/posts"}],"about":[{"href":"https:\/\/portalf1.si\/en\/wp-json\/wp\/v2\/types\/post"}],"author":[{"embeddable":true,"href":"https:\/\/portalf1.si\/en\/wp-json\/wp\/v2\/users\/1"}],"replies":[{"embeddable":true,"href":"https:\/\/portalf1.si\/en\/wp-json\/wp\/v2\/comments?post=16068"}],"version-history":[{"count":4,"href":"https:\/\/portalf1.si\/en\/wp-json\/wp\/v2\/posts\/16068\/revisions"}],"predecessor-version":[{"id":16077,"href":"https:\/\/portalf1.si\/en\/wp-json\/wp\/v2\/posts\/16068\/revisions\/16077"}],"wp:featuredmedia":[{"embeddable":true,"href":"https:\/\/portalf1.si\/en\/wp-json\/wp\/v2\/media\/16069"}],"wp:attachment":[{"href":"https:\/\/portalf1.si\/en\/wp-json\/wp\/v2\/media?parent=16068"}],"wp:term":[{"taxonomy":"category","embeddable":true,"href":"https:\/\/portalf1.si\/en\/wp-json\/wp\/v2\/categories?post=16068"},{"taxonomy":"post_tag","embeddable":true,"href":"https:\/\/portalf1.si\/en\/wp-json\/wp\/v2\/tags?post=16068"}],"curies":[{"name":"wp","href":"https:\/\/api.w.org\/{rel}","templated":true}]}}