{"id":16078,"date":"2026-09-03T07:41:43","date_gmt":"2026-09-03T07:41:43","guid":{"rendered":"https:\/\/portalf1.si\/?p=16078"},"modified":"2026-09-03T07:41:43","modified_gmt":"2026-09-03T07:41:43","slug":"montezemolo-po-zapletu-med-hamiltonom-leclercom-brez-dlake-na-jeziku-sprejmi-ukaze-ali-pa-odidi","status":"publish","type":"post","link":"https:\/\/portalf1.si\/en\/montezemolo-po-zapletu-med-hamiltonom-leclercom-brez-dlake-na-jeziku-sprejmi-ukaze-ali-pa-odidi\/","title":{"rendered":"Montezemolo po zapletu med Hamiltonom Leclercom brez dlake na jeziku: Sprejmi ukaze ali pa odidi!"},"content":{"rendered":"<p data-path-to-node=\"0\"><strong>Nekdanji predsednik Ferrarija Luca Cordero di Montezemolo se je odzval na polemike glede mo\u0161tvenih ukazov Veliki nagradi Nizozemske. Italijan je potegnil vzporednico s podobnim dogodkom iz \u010dasa svojega vodenja ekipe.<\/strong><\/p>\n<p data-path-to-node=\"1\">Ferrari se na svojo doma\u010do dirko v Monzi odpravlja v senci dogajanja v Zandvoortu, kjer je bilo dogajanje med Charlesom Leclercom in Lewisom Hamiltonom osrednja tema razprav. Hamilton se je hitro pribli\u017eeval mo\u0161tvenemu kolegu in imel prilo\u017enost za boj za stopni\u010dke. Ko je Ferrari strategijo obeh kon\u010dno razdelil, je Hamiltonova prilo\u017enost za naskok na prva tri mesta \u017ee splavala po vodi.<\/p>\n<p data-path-to-node=\"2\">V intervjuju za <a href=\"https:\/\/www.quotidiano.net\/\">Quotidiano Nazionale<\/a> se je Montezemolo odzval na kritike, usmerjene proti Fredu Vasseurju po Ferrarijevem ravnanju s Hamiltonom in Leclercem na Nizozemskem. Nekdanji predsednik Ferrarija verjame, da je \u0161ir\u0161a te\u017eava veliko ve\u010dja od samih dogodkov v Zandvoortu, saj se spra\u0161uje, na koga se Vasseur sploh lahko opre, ko je treba sprejeti te\u017eke odlo\u010ditve. Po njegovem mnenju deluje Francoz izolirano in bi ostal brez zadostne podpore, \u010de bi bil prisiljen sprejeti nepriljubljeno odlo\u010ditev.<\/p>\n<p data-path-to-node=\"3\">Montezemolo je potegnil primerjavo s spornimi mo\u0161tvenimi ukazi med Michaelom Schumacherjem in Rubensom Barrichellom v Avstriji leta 2002 v \u010dasu njegovega predsedovanja. Spomnil je, kako je Jean Todt Barrichellu ukazal, naj prepusti zmago Schumacherju, saj je to veljalo za najbolj\u0161o odlo\u010ditev v interesu Ferrarija. Ko se je Barrichello prito\u017eil, je Montezemolo osebno posredoval in utrdil Todtovo avtoriteto ter Brazilcu jasno sporo\u010dil, da mora sprejeti odlo\u010ditve ekipe ali pa si poiskati drugega delodajalca.<\/p>\n<p data-path-to-node=\"4\"><em>&#8220;Po zadnji dirki na Nizozemskem sem sli\u0161al kritike na ra\u010dun Freda Vasseurja, ker med Hamiltonom in Leclercem ni uporabil mo\u0161tvenih ukazov. Vendar bi se morali ne glede na ta posami\u010dni dogodek vsi vpra\u0161ati, na koga v podjetju se francoski vodja sploh lahko obrne. Ob\u010dutim Vasseurjevo osamljenost. Kdo bi mu kril hrbet, \u010de bi moral sprejeti odlo\u010ditev, morda celo nepriljubljeno?\u00ab<\/em><\/p>\n<p data-path-to-node=\"5\"><em>&#8220;Ne \u017eelim zveneti nostalgi\u010dno, vendar se spominjam, ko je Todt v Avstriji Barrichellu ukazal, naj Schumacherju prepusti zmago na dirki, ker je bilo to, upravi\u010deno ali ne v o\u010deh javnosti, v najbolj\u0161em interesu ekipe. Zelo se je prito\u017eeval. Bil sem predsednik, zato sem ga poklical k sebi in mu rekel: jaz predstavljam Ferrari, ti pa si na\u0161 zaposleni. \u010ce se ne strinja\u0161 s Todtovimi odlo\u010ditvami, si lahko prosto poi\u0161\u010de\u0161 drugo ekipo.&#8221;<\/em><\/p>\n<blockquote class=\"wp-embedded-content\" data-secret=\"ZslRlzGCcH\"><p><a href=\"https:\/\/portalf1.si\/en\/cas-je-da-ferrari-sprejme-kruto-odlocitev-in-zacne-dajati-prednost-hamiltonu\/\">\u010cas je, da Ferrari sprejme kruto odlo\u010ditev in za\u010dne dajati prednost Hamiltonu<\/a><\/p><\/blockquote>\n<p><iframe loading=\"lazy\" class=\"wp-embedded-content\" sandbox=\"allow-scripts\" security=\"restricted\" style=\"position: absolute; visibility: hidden;\" title=\"\u201c\u010cas je, da Ferrari sprejme kruto odlo\u010ditev in za\u010dne dajati prednost Hamiltonu\u201d \u2014 Portal F1\" src=\"https:\/\/portalf1.si\/cas-je-da-ferrari-sprejme-kruto-odlocitev-in-zacne-dajati-prednost-hamiltonu\/embed\/#?secret=ZC8AcUSaka#?secret=ZslRlzGCcH\" data-secret=\"ZslRlzGCcH\" width=\"600\" height=\"338\" frameborder=\"0\" marginwidth=\"0\" marginheight=\"0\" scrolling=\"no\"><\/iframe><\/p>","protected":false},"excerpt":{"rendered":"<p>Nekdanji predsednik Ferrarija Luca Cordero di Montezemolo se je odzval na polemike glede mo\u0161tvenih ukazov Veliki nagradi Nizozemske. Italijan je potegnil vzporednico s podobnim dogodkom iz \u010dasa svojega vodenja ekipe. Ferrari se na svojo doma\u010do dirko v Monzi odpravlja v senci dogajanja v Zandvoortu, kjer je bilo dogajanje med Charlesom Leclercom in Lewisom Hamiltonom osrednja [&hellip;]<\/p>\n","protected":false},"author":1,"featured_media":12017,"comment_status":"open","ping_status":"closed","sticky":false,"template":"","format":"standard","meta":{"footnotes":""},"categories":[120,34,30,41,238,31],"tags":[95,44,317,159,46,45,318,158,42,239],"class_list":["post-16078","post","type-post","status-publish","format-standard","has-post-thumbnail","hentry","category-charles-leclerc","category-ferrari","category-formula-1","category-lewis-hamilton","category-luca-di-montezemolo","category-novice","tag-charles-leclerc","tag-f1","tag-f1-2026","tag-f1-slovenija","tag-ferrari","tag-formula-1","tag-formula-1-2026","tag-formula-1-slovenija","tag-lewis-hamilton","tag-luca-di-montezemolo"],"blocksy_meta":{"styles_descriptor":{"styles":{"desktop":"","tablet":"","mobile":""},"google_fonts":[],"version":8}},"yoast_head":"<!-- This site is optimized with the Yoast SEO plugin v28.4 - https:\/\/yoast.com\/product\/yoast-seo-wordpress\/ -->\n<title>Montezemolo po zapletu med Hamiltonom Leclercom brez dlake na jeziku: Sprejmi ukaze ali pa odidi! - Portal F1<\/title>\n<meta name=\"description\" content=\"Nekdanji predsednik Ferrarija Luca Cordero di Montezemolo se je odzval na polemike glede mo\u0161tvenih ukazov Veliki nagradi Nizozemske.\" \/>\n<meta name=\"robots\" content=\"index, follow, max-snippet:-1, max-image-preview:large, max-video-preview:-1\" \/>\n<link rel=\"canonical\" href=\"https:\/\/portalf1.si\/en\/montezemolo-po-zapletu-med-hamiltonom-leclercom-brez-dlake-na-jeziku-sprejmi-ukaze-ali-pa-odidi\/\" \/>\n<meta property=\"og:locale\" content=\"en_US\" \/>\n<meta property=\"og:type\" content=\"article\" \/>\n<meta property=\"og:title\" content=\"Montezemolo po zapletu med Hamiltonom Leclercom brez dlake na jeziku: Sprejmi ukaze ali pa odidi! - Portal F1\" \/>\n<meta property=\"og:description\" content=\"Nekdanji predsednik Ferrarija Luca Cordero di Montezemolo se je odzval na polemike glede mo\u0161tvenih ukazov Veliki nagradi Nizozemske.\" \/>\n<meta property=\"og:url\" content=\"https:\/\/portalf1.si\/en\/montezemolo-po-zapletu-med-hamiltonom-leclercom-brez-dlake-na-jeziku-sprejmi-ukaze-ali-pa-odidi\/\" \/>\n<meta property=\"og:site_name\" content=\"Portal F1\" \/>\n<meta property=\"article:publisher\" content=\"https:\/\/www.facebook.com\/portalf1.si\/?locale=sl_SI\" \/>\n<meta property=\"article:published_time\" content=\"2026-09-03T07:41:43+00:00\" \/>\n<meta property=\"og:image\" content=\"https:\/\/portalf1.si\/wp-content\/uploads\/2026\/03\/luca-di-montezemolo-68c7da84ad64c.avif\" \/>\n\t<meta property=\"og:image:width\" content=\"1079\" \/>\n\t<meta property=\"og:image:height\" content=\"720\" \/>\n\t<meta property=\"og:image:type\" content=\"image\/webp\" \/>\n<meta name=\"author\" content=\"Denis \u0160tojs\" \/>\n<meta name=\"twitter:card\" content=\"summary_large_image\" \/>\n<meta name=\"twitter:label1\" content=\"Written by\" \/>\n\t<meta name=\"twitter:data1\" content=\"Denis \u0160tojs\" \/>\n\t<meta name=\"twitter:label2\" content=\"Est. reading time\" \/>\n\t<meta name=\"twitter:data2\" content=\"3 minutes\" \/>\n<script type=\"application\/ld+json\" class=\"yoast-schema-graph\">{\"@context\":\"https:\\\/\\\/schema.org\",\"@graph\":[{\"@type\":\"Article\",\"@id\":\"https:\\\/\\\/portalf1.si\\\/montezemolo-po-zapletu-med-hamiltonom-leclercom-brez-dlake-na-jeziku-sprejmi-ukaze-ali-pa-odidi\\\/#article\",\"isPartOf\":{\"@id\":\"https:\\\/\\\/portalf1.si\\\/montezemolo-po-zapletu-med-hamiltonom-leclercom-brez-dlake-na-jeziku-sprejmi-ukaze-ali-pa-odidi\\\/\"},\"author\":{\"name\":\"Denis \u0160tojs\",\"@id\":\"https:\\\/\\\/portalf1.si\\\/#\\\/schema\\\/person\\\/abfef3ba57233710daadfbdd742fecd5\"},\"headline\":\"Montezemolo po zapletu med Hamiltonom Leclercom brez dlake na jeziku: Sprejmi ukaze ali pa odidi!\",\"datePublished\":\"2026-09-03T07:41:43+00:00\",\"mainEntityOfPage\":{\"@id\":\"https:\\\/\\\/portalf1.si\\\/montezemolo-po-zapletu-med-hamiltonom-leclercom-brez-dlake-na-jeziku-sprejmi-ukaze-ali-pa-odidi\\\/\"},\"wordCount\":420,\"commentCount\":0,\"publisher\":{\"@id\":\"https:\\\/\\\/portalf1.si\\\/#organization\"},\"image\":{\"@id\":\"https:\\\/\\\/portalf1.si\\\/montezemolo-po-zapletu-med-hamiltonom-leclercom-brez-dlake-na-jeziku-sprejmi-ukaze-ali-pa-odidi\\\/#primaryimage\"},\"thumbnailUrl\":\"https:\\\/\\\/portalf1.si\\\/wp-content\\\/uploads\\\/2026\\\/03\\\/luca-di-montezemolo-68c7da84ad64c.avif\",\"keywords\":[\"Charles Leclerc\",\"F1\",\"F1 2026\",\"F1 Slovenija\",\"Ferrari\",\"Formula 1\",\"Formula 1 2026\",\"Formula 1 Slovenija\",\"Lewis Hamilton\",\"Luca di Montezemolo\"],\"articleSection\":[\"Charles Leclerc\",\"Ferrari\",\"Formula 1\",\"Lewis Hamilton\",\"Luca di Montezemolo\",\"Novice\"],\"inLanguage\":\"en-US\",\"potentialAction\":[{\"@type\":\"CommentAction\",\"name\":\"Comment\",\"target\":[\"https:\\\/\\\/portalf1.si\\\/montezemolo-po-zapletu-med-hamiltonom-leclercom-brez-dlake-na-jeziku-sprejmi-ukaze-ali-pa-odidi\\\/#respond\"]}]},{\"@type\":\"WebPage\",\"@id\":\"https:\\\/\\\/portalf1.si\\\/montezemolo-po-zapletu-med-hamiltonom-leclercom-brez-dlake-na-jeziku-sprejmi-ukaze-ali-pa-odidi\\\/\",\"url\":\"https:\\\/\\\/portalf1.si\\\/montezemolo-po-zapletu-med-hamiltonom-leclercom-brez-dlake-na-jeziku-sprejmi-ukaze-ali-pa-odidi\\\/\",\"name\":\"Montezemolo po zapletu med Hamiltonom Leclercom brez dlake na jeziku: Sprejmi ukaze ali pa odidi! - Portal F1\",\"isPartOf\":{\"@id\":\"https:\\\/\\\/portalf1.si\\\/#website\"},\"primaryImageOfPage\":{\"@id\":\"https:\\\/\\\/portalf1.si\\\/montezemolo-po-zapletu-med-hamiltonom-leclercom-brez-dlake-na-jeziku-sprejmi-ukaze-ali-pa-odidi\\\/#primaryimage\"},\"image\":{\"@id\":\"https:\\\/\\\/portalf1.si\\\/montezemolo-po-zapletu-med-hamiltonom-leclercom-brez-dlake-na-jeziku-sprejmi-ukaze-ali-pa-odidi\\\/#primaryimage\"},\"thumbnailUrl\":\"https:\\\/\\\/portalf1.si\\\/wp-content\\\/uploads\\\/2026\\\/03\\\/luca-di-montezemolo-68c7da84ad64c.avif\",\"datePublished\":\"2026-09-03T07:41:43+00:00\",\"description\":\"Nekdanji predsednik Ferrarija Luca Cordero di Montezemolo se je odzval na polemike glede mo\u0161tvenih ukazov Veliki nagradi Nizozemske.\",\"breadcrumb\":{\"@id\":\"https:\\\/\\\/portalf1.si\\\/montezemolo-po-zapletu-med-hamiltonom-leclercom-brez-dlake-na-jeziku-sprejmi-ukaze-ali-pa-odidi\\\/#breadcrumb\"},\"inLanguage\":\"en-US\",\"potentialAction\":[{\"@type\":\"ReadAction\",\"target\":[\"https:\\\/\\\/portalf1.si\\\/montezemolo-po-zapletu-med-hamiltonom-leclercom-brez-dlake-na-jeziku-sprejmi-ukaze-ali-pa-odidi\\\/\"]}]},{\"@type\":\"ImageObject\",\"inLanguage\":\"en-US\",\"@id\":\"https:\\\/\\\/portalf1.si\\\/montezemolo-po-zapletu-med-hamiltonom-leclercom-brez-dlake-na-jeziku-sprejmi-ukaze-ali-pa-odidi\\\/#primaryimage\",\"url\":\"https:\\\/\\\/portalf1.si\\\/wp-content\\\/uploads\\\/2026\\\/03\\\/luca-di-montezemolo-68c7da84ad64c.avif\",\"contentUrl\":\"https:\\\/\\\/portalf1.si\\\/wp-content\\\/uploads\\\/2026\\\/03\\\/luca-di-montezemolo-68c7da84ad64c.avif\",\"width\":1079,\"height\":720},{\"@type\":\"BreadcrumbList\",\"@id\":\"https:\\\/\\\/portalf1.si\\\/montezemolo-po-zapletu-med-hamiltonom-leclercom-brez-dlake-na-jeziku-sprejmi-ukaze-ali-pa-odidi\\\/#breadcrumb\",\"itemListElement\":[{\"@type\":\"ListItem\",\"position\":1,\"name\":\"Home\",\"item\":\"https:\\\/\\\/portalf1.si\\\/\"},{\"@type\":\"ListItem\",\"position\":2,\"name\":\"Montezemolo po zapletu med Hamiltonom Leclercom brez dlake na jeziku: Sprejmi ukaze ali pa odidi!\"}]},{\"@type\":\"WebSite\",\"@id\":\"https:\\\/\\\/portalf1.si\\\/#website\",\"url\":\"https:\\\/\\\/portalf1.si\\\/\",\"name\":\"Portal F1\",\"description\":\"Najnovej\u0161e novice iz sveta F1\",\"publisher\":{\"@id\":\"https:\\\/\\\/portalf1.si\\\/#organization\"},\"potentialAction\":[{\"@type\":\"SearchAction\",\"target\":{\"@type\":\"EntryPoint\",\"urlTemplate\":\"https:\\\/\\\/portalf1.si\\\/?s={search_term_string}\"},\"query-input\":{\"@type\":\"PropertyValueSpecification\",\"valueRequired\":true,\"valueName\":\"search_term_string\"}}],\"inLanguage\":\"en-US\"},{\"@type\":\"Organization\",\"@id\":\"https:\\\/\\\/portalf1.si\\\/#organization\",\"name\":\"Portal F1\",\"url\":\"https:\\\/\\\/portalf1.si\\\/\",\"logo\":{\"@type\":\"ImageObject\",\"inLanguage\":\"en-US\",\"@id\":\"https:\\\/\\\/portalf1.si\\\/#\\\/schema\\\/logo\\\/image\\\/\",\"url\":\"https:\\\/\\\/portalf1.si\\\/wp-content\\\/uploads\\\/2025\\\/02\\\/cropped-HiPaint_1738532868530.png\",\"contentUrl\":\"https:\\\/\\\/portalf1.si\\\/wp-content\\\/uploads\\\/2025\\\/02\\\/cropped-HiPaint_1738532868530.png\",\"width\":512,\"height\":512,\"caption\":\"Portal F1\"},\"image\":{\"@id\":\"https:\\\/\\\/portalf1.si\\\/#\\\/schema\\\/logo\\\/image\\\/\"},\"sameAs\":[\"https:\\\/\\\/www.facebook.com\\\/portalf1.si\\\/?locale=sl_SI\"]},{\"@type\":\"Person\",\"@id\":\"https:\\\/\\\/portalf1.si\\\/#\\\/schema\\\/person\\\/abfef3ba57233710daadfbdd742fecd5\",\"name\":\"Denis \u0160tojs\",\"image\":{\"@type\":\"ImageObject\",\"inLanguage\":\"en-US\",\"@id\":\"https:\\\/\\\/secure.gravatar.com\\\/avatar\\\/b006ce11dfb9c6e47e9de9803eefbdc14aa4afb445f3cca05acc735c22115b38?s=96&d=mm&r=g\",\"url\":\"https:\\\/\\\/secure.gravatar.com\\\/avatar\\\/b006ce11dfb9c6e47e9de9803eefbdc14aa4afb445f3cca05acc735c22115b38?s=96&d=mm&r=g\",\"contentUrl\":\"https:\\\/\\\/secure.gravatar.com\\\/avatar\\\/b006ce11dfb9c6e47e9de9803eefbdc14aa4afb445f3cca05acc735c22115b38?s=96&d=mm&r=g\",\"caption\":\"Denis \u0160tojs\"},\"sameAs\":[\"https:\\\/\\\/portalf1.si\"],\"url\":\"https:\\\/\\\/portalf1.si\\\/en\\\/author\\\/portalf1\\\/\"}]}<\/script>\n<!-- \/ Yoast SEO plugin. -->","yoast_head_json":{"title":"Montezemolo po zapletu med Hamiltonom Leclercom brez dlake na jeziku: Sprejmi ukaze ali pa odidi! - Portal F1","description":"Nekdanji predsednik Ferrarija Luca Cordero di Montezemolo se je odzval na polemike glede mo\u0161tvenih ukazov Veliki nagradi Nizozemske.","robots":{"index":"index","follow":"follow","max-snippet":"max-snippet:-1","max-image-preview":"max-image-preview:large","max-video-preview":"max-video-preview:-1"},"canonical":"https:\/\/portalf1.si\/en\/montezemolo-po-zapletu-med-hamiltonom-leclercom-brez-dlake-na-jeziku-sprejmi-ukaze-ali-pa-odidi\/","og_locale":"en_US","og_type":"article","og_title":"Montezemolo po zapletu med Hamiltonom Leclercom brez dlake na jeziku: Sprejmi ukaze ali pa odidi! - Portal F1","og_description":"Nekdanji predsednik Ferrarija Luca Cordero di Montezemolo se je odzval na polemike glede mo\u0161tvenih ukazov Veliki nagradi Nizozemske.","og_url":"https:\/\/portalf1.si\/en\/montezemolo-po-zapletu-med-hamiltonom-leclercom-brez-dlake-na-jeziku-sprejmi-ukaze-ali-pa-odidi\/","og_site_name":"Portal F1","article_publisher":"https:\/\/www.facebook.com\/portalf1.si\/?locale=sl_SI","article_published_time":"2026-09-03T07:41:43+00:00","og_image":[{"width":1079,"height":720,"url":"https:\/\/portalf1.si\/wp-content\/uploads\/2026\/03\/luca-di-montezemolo-68c7da84ad64c.avif","type":"image\/webp"}],"author":"Denis \u0160tojs","twitter_card":"summary_large_image","twitter_misc":{"Written by":"Denis \u0160tojs","Est. reading time":"3 minutes"},"schema":{"@context":"https:\/\/schema.org","@graph":[{"@type":"Article","@id":"https:\/\/portalf1.si\/montezemolo-po-zapletu-med-hamiltonom-leclercom-brez-dlake-na-jeziku-sprejmi-ukaze-ali-pa-odidi\/#article","isPartOf":{"@id":"https:\/\/portalf1.si\/montezemolo-po-zapletu-med-hamiltonom-leclercom-brez-dlake-na-jeziku-sprejmi-ukaze-ali-pa-odidi\/"},"author":{"name":"Denis \u0160tojs","@id":"https:\/\/portalf1.si\/#\/schema\/person\/abfef3ba57233710daadfbdd742fecd5"},"headline":"Montezemolo po zapletu med Hamiltonom Leclercom brez dlake na jeziku: Sprejmi ukaze ali pa odidi!","datePublished":"2026-09-03T07:41:43+00:00","mainEntityOfPage":{"@id":"https:\/\/portalf1.si\/montezemolo-po-zapletu-med-hamiltonom-leclercom-brez-dlake-na-jeziku-sprejmi-ukaze-ali-pa-odidi\/"},"wordCount":420,"commentCount":0,"publisher":{"@id":"https:\/\/portalf1.si\/#organization"},"image":{"@id":"https:\/\/portalf1.si\/montezemolo-po-zapletu-med-hamiltonom-leclercom-brez-dlake-na-jeziku-sprejmi-ukaze-ali-pa-odidi\/#primaryimage"},"thumbnailUrl":"https:\/\/portalf1.si\/wp-content\/uploads\/2026\/03\/luca-di-montezemolo-68c7da84ad64c.avif","keywords":["Charles Leclerc","F1","F1 2026","F1 Slovenija","Ferrari","Formula 1","Formula 1 2026","Formula 1 Slovenija","Lewis Hamilton","Luca di Montezemolo"],"articleSection":["Charles Leclerc","Ferrari","Formula 1","Lewis Hamilton","Luca di Montezemolo","Novice"],"inLanguage":"en-US","potentialAction":[{"@type":"CommentAction","name":"Comment","target":["https:\/\/portalf1.si\/montezemolo-po-zapletu-med-hamiltonom-leclercom-brez-dlake-na-jeziku-sprejmi-ukaze-ali-pa-odidi\/#respond"]}]},{"@type":"WebPage","@id":"https:\/\/portalf1.si\/montezemolo-po-zapletu-med-hamiltonom-leclercom-brez-dlake-na-jeziku-sprejmi-ukaze-ali-pa-odidi\/","url":"https:\/\/portalf1.si\/montezemolo-po-zapletu-med-hamiltonom-leclercom-brez-dlake-na-jeziku-sprejmi-ukaze-ali-pa-odidi\/","name":"Montezemolo po zapletu med Hamiltonom Leclercom brez dlake na jeziku: Sprejmi ukaze ali pa odidi! - Portal F1","isPartOf":{"@id":"https:\/\/portalf1.si\/#website"},"primaryImageOfPage":{"@id":"https:\/\/portalf1.si\/montezemolo-po-zapletu-med-hamiltonom-leclercom-brez-dlake-na-jeziku-sprejmi-ukaze-ali-pa-odidi\/#primaryimage"},"image":{"@id":"https:\/\/portalf1.si\/montezemolo-po-zapletu-med-hamiltonom-leclercom-brez-dlake-na-jeziku-sprejmi-ukaze-ali-pa-odidi\/#primaryimage"},"thumbnailUrl":"https:\/\/portalf1.si\/wp-content\/uploads\/2026\/03\/luca-di-montezemolo-68c7da84ad64c.avif","datePublished":"2026-09-03T07:41:43+00:00","description":"Nekdanji predsednik Ferrarija Luca Cordero di Montezemolo se je odzval na polemike glede mo\u0161tvenih ukazov Veliki nagradi Nizozemske.","breadcrumb":{"@id":"https:\/\/portalf1.si\/montezemolo-po-zapletu-med-hamiltonom-leclercom-brez-dlake-na-jeziku-sprejmi-ukaze-ali-pa-odidi\/#breadcrumb"},"inLanguage":"en-US","potentialAction":[{"@type":"ReadAction","target":["https:\/\/portalf1.si\/montezemolo-po-zapletu-med-hamiltonom-leclercom-brez-dlake-na-jeziku-sprejmi-ukaze-ali-pa-odidi\/"]}]},{"@type":"ImageObject","inLanguage":"en-US","@id":"https:\/\/portalf1.si\/montezemolo-po-zapletu-med-hamiltonom-leclercom-brez-dlake-na-jeziku-sprejmi-ukaze-ali-pa-odidi\/#primaryimage","url":"https:\/\/portalf1.si\/wp-content\/uploads\/2026\/03\/luca-di-montezemolo-68c7da84ad64c.avif","contentUrl":"https:\/\/portalf1.si\/wp-content\/uploads\/2026\/03\/luca-di-montezemolo-68c7da84ad64c.avif","width":1079,"height":720},{"@type":"BreadcrumbList","@id":"https:\/\/portalf1.si\/montezemolo-po-zapletu-med-hamiltonom-leclercom-brez-dlake-na-jeziku-sprejmi-ukaze-ali-pa-odidi\/#breadcrumb","itemListElement":[{"@type":"ListItem","position":1,"name":"Home","item":"https:\/\/portalf1.si\/"},{"@type":"ListItem","position":2,"name":"Montezemolo po zapletu med Hamiltonom Leclercom brez dlake na jeziku: Sprejmi ukaze ali pa odidi!"}]},{"@type":"WebSite","@id":"https:\/\/portalf1.si\/#website","url":"https:\/\/portalf1.si\/","name":"Portal F1","description":"Najnovej\u0161e novice iz sveta F1","publisher":{"@id":"https:\/\/portalf1.si\/#organization"},"potentialAction":[{"@type":"SearchAction","target":{"@type":"EntryPoint","urlTemplate":"https:\/\/portalf1.si\/?s={search_term_string}"},"query-input":{"@type":"PropertyValueSpecification","valueRequired":true,"valueName":"search_term_string"}}],"inLanguage":"en-US"},{"@type":"Organization","@id":"https:\/\/portalf1.si\/#organization","name":"Portal F1","url":"https:\/\/portalf1.si\/","logo":{"@type":"ImageObject","inLanguage":"en-US","@id":"https:\/\/portalf1.si\/#\/schema\/logo\/image\/","url":"https:\/\/portalf1.si\/wp-content\/uploads\/2025\/02\/cropped-HiPaint_1738532868530.png","contentUrl":"https:\/\/portalf1.si\/wp-content\/uploads\/2025\/02\/cropped-HiPaint_1738532868530.png","width":512,"height":512,"caption":"Portal F1"},"image":{"@id":"https:\/\/portalf1.si\/#\/schema\/logo\/image\/"},"sameAs":["https:\/\/www.facebook.com\/portalf1.si\/?locale=sl_SI"]},{"@type":"Person","@id":"https:\/\/portalf1.si\/#\/schema\/person\/abfef3ba57233710daadfbdd742fecd5","name":"Denis Stoy","image":{"@type":"ImageObject","inLanguage":"en-US","@id":"https:\/\/secure.gravatar.com\/avatar\/b006ce11dfb9c6e47e9de9803eefbdc14aa4afb445f3cca05acc735c22115b38?s=96&d=mm&r=g","url":"https:\/\/secure.gravatar.com\/avatar\/b006ce11dfb9c6e47e9de9803eefbdc14aa4afb445f3cca05acc735c22115b38?s=96&d=mm&r=g","contentUrl":"https:\/\/secure.gravatar.com\/avatar\/b006ce11dfb9c6e47e9de9803eefbdc14aa4afb445f3cca05acc735c22115b38?s=96&d=mm&r=g","caption":"Denis \u0160tojs"},"sameAs":["https:\/\/portalf1.si"],"url":"https:\/\/portalf1.si\/en\/author\/portalf1\/"}]}},"_links":{"self":[{"href":"https:\/\/portalf1.si\/en\/wp-json\/wp\/v2\/posts\/16078","targetHints":{"allow":["GET"]}}],"collection":[{"href":"https:\/\/portalf1.si\/en\/wp-json\/wp\/v2\/posts"}],"about":[{"href":"https:\/\/portalf1.si\/en\/wp-json\/wp\/v2\/types\/post"}],"author":[{"embeddable":true,"href":"https:\/\/portalf1.si\/en\/wp-json\/wp\/v2\/users\/1"}],"replies":[{"embeddable":true,"href":"https:\/\/portalf1.si\/en\/wp-json\/wp\/v2\/comments?post=16078"}],"version-history":[{"count":2,"href":"https:\/\/portalf1.si\/en\/wp-json\/wp\/v2\/posts\/16078\/revisions"}],"predecessor-version":[{"id":16080,"href":"https:\/\/portalf1.si\/en\/wp-json\/wp\/v2\/posts\/16078\/revisions\/16080"}],"wp:featuredmedia":[{"embeddable":true,"href":"https:\/\/portalf1.si\/en\/wp-json\/wp\/v2\/media\/12017"}],"wp:attachment":[{"href":"https:\/\/portalf1.si\/en\/wp-json\/wp\/v2\/media?parent=16078"}],"wp:term":[{"taxonomy":"category","embeddable":true,"href":"https:\/\/portalf1.si\/en\/wp-json\/wp\/v2\/categories?post=16078"},{"taxonomy":"post_tag","embeddable":true,"href":"https:\/\/portalf1.si\/en\/wp-json\/wp\/v2\/tags?post=16078"}],"curies":[{"name":"wp","href":"https:\/\/api.w.org\/{rel}","templated":true}]}}