{"id":16090,"date":"2026-09-03T21:42:32","date_gmt":"2026-09-03T21:42:32","guid":{"rendered":"https:\/\/portalf1.si\/?p=16090"},"modified":"2026-09-03T21:42:32","modified_gmt":"2026-09-03T21:42:32","slug":"leclerc-pred-vn-monze-razkril-pomembno-novico-hamilton-bo-imel-v-kvalifikacijah-prednost","status":"publish","type":"post","link":"https:\/\/portalf1.si\/en\/leclerc-pred-vn-monze-razkril-pomembno-novico-hamilton-bo-imel-v-kvalifikacijah-prednost\/","title":{"rendered":"Leclerc pred VN Monze razkril pomembno novico: Hamilton bo imel v kvalifikacijah prednost"},"content":{"rendered":"<div class=\"container\">\n<div id=\"model-response-message-contentr_fd0f6d3db4d92797\" class=\"markdown markdown-main-panel md-content enable-luminous-fast-follows enable-updated-hr-color\" dir=\"ltr\" aria-busy=\"false\" aria-live=\"polite\">\n<p data-path-to-node=\"0\"><strong>Charles Leclerc je razkril, da bo imel Lewis Hamilton ta konec tedna prednost v kvalifikacijah Formule 1 za VN Italije v Monzi.<\/strong><\/p>\n<p data-path-to-node=\"0\">Po Veliki nagradi Nizozemske so \u0161tevilni analitiki in strokovnjaki postavili pod vpra\u0161aj pomanjkanje mo\u0161tvenih ukazov pri Ferrariju. Hamilton je vozil za Leclercom na alternativni strategiji, vendar je Ferrari \u010dakati ve\u010d krogov, preden je Mona\u010dana poklical v bokse.<\/p>\n<p data-path-to-node=\"1\">Ta konec tedna bo imel Hamilton prednost v kvalifikacijah, vendar to ne izhaja iz tega, da bi ekipa dajala prednost enemu dirka\u010du pred drugim. Leclerc je v Monzi pojasnil: <em>&#8220;Glede zavetrja imamo vsa ta leta enako filozofijo. En konec tedna ima Lewis prednost pri izbiri, kdaj \u017eeli na stezo, naslednji konec tedna pa jaz.&#8221;<\/em><\/p>\n<p data-path-to-node=\"2\"><em>&#8220;Ta konec tedna ima prednost Lewis, zato predvidevam, da se bo odlo\u010dil za izkori\u0161\u010danje zavetrja. Ali bomo zaradi tega \u017ertvovali kvalifikacije enega ali drugega, ne verjamem. Seveda pa si bova pomagala, da za\u010dneva krog na optimalni razdalji drug od drugega, \u010de bo to le mogo\u010de.&#8221;<\/em><\/p>\n<p data-path-to-node=\"3\"><em>&#8220;Sam pa si bom posku\u0161al najti drugo zavetrje ali drugega dirka\u010da, da se postavim v \u010dim bolj\u0161i polo\u017eaj,&#8221;<\/em> je dodal.<\/p>\n<p data-path-to-node=\"4\">Glede nedeljskega sodelovanja in izogibanja t. i. <em>&#8220;jo-jo dirkanju&#8221;<\/em> pa je povedal: <em>&#8220;To prou\u010dujemo \u017ee nekaj dni in posku\u0161amo razumeti situacijo. Vendar je stvari zelo te\u017eko predvideti. Ko si v dirkalniku, se zunaj vse zdi preprosto. Razlike so v\u010dasih tak\u0161ne, da se je izjemno te\u017eko odzvati na dirkalnik pred sabo. Ne gre za to, da se jo-jo dirkanju ne da izogniti, \u010de se znajde\u0161 v tak\u0161nem polo\u017eaju, ampak si bomo prizadeli opraviti \u010dim bolj\u0161e delo in se obnesli bolje.&#8221;<\/em><\/p>\n<blockquote class=\"wp-embedded-content\" data-secret=\"zRyL0gN38P\"><p><a href=\"https:\/\/portalf1.si\/en\/montezemolo-po-zapletu-med-hamiltonom-leclercom-brez-dlake-na-jeziku-sprejmi-ukaze-ali-pa-odidi\/\">Montezemolo po zapletu med Hamiltonom Leclercom brez dlake na jeziku: Sprejmi ukaze ali pa odidi!<\/a><\/p><\/blockquote>\n<p><iframe loading=\"lazy\" class=\"wp-embedded-content\" sandbox=\"allow-scripts\" security=\"restricted\" style=\"position: absolute; visibility: hidden;\" title=\"\u201cMontezemolo po zapletu med Hamiltonom Leclercom brez dlake na jeziku: Sprejmi ukaze ali pa odidi!\u201d \u2014 Portal F1\" src=\"https:\/\/portalf1.si\/montezemolo-po-zapletu-med-hamiltonom-leclercom-brez-dlake-na-jeziku-sprejmi-ukaze-ali-pa-odidi\/embed\/#?secret=iLAwbCDZJm#?secret=zRyL0gN38P\" data-secret=\"zRyL0gN38P\" width=\"600\" height=\"338\" frameborder=\"0\" marginwidth=\"0\" marginheight=\"0\" scrolling=\"no\"><\/iframe><\/p>\n<\/div>\n<\/div>","protected":false},"excerpt":{"rendered":"<p>Charles Leclerc je razkril, da bo imel Lewis Hamilton ta konec tedna prednost v kvalifikacijah Formule 1 za VN Italije v Monzi. Po Veliki nagradi Nizozemske so \u0161tevilni analitiki in strokovnjaki postavili pod vpra\u0161aj pomanjkanje mo\u0161tvenih ukazov pri Ferrariju. Hamilton je vozil za Leclercom na alternativni strategiji, vendar je Ferrari \u010dakati ve\u010d krogov, preden je [&hellip;]<\/p>\n","protected":false},"author":1,"featured_media":13657,"comment_status":"open","ping_status":"closed","sticky":false,"template":"","format":"standard","meta":{"footnotes":""},"categories":[120,34,30,41,31,351],"tags":[95,44,317,159,46,45,318,158,42,352],"class_list":["post-16090","post","type-post","status-publish","format-standard","has-post-thumbnail","hentry","category-charles-leclerc","category-ferrari","category-formula-1","category-lewis-hamilton","category-novice","category-vn-italije","tag-charles-leclerc","tag-f1","tag-f1-2026","tag-f1-slovenija","tag-ferrari","tag-formula-1","tag-formula-1-2026","tag-formula-1-slovenija","tag-lewis-hamilton","tag-vn-italije"],"blocksy_meta":{"styles_descriptor":{"styles":{"desktop":"","tablet":"","mobile":""},"google_fonts":[],"version":8}},"yoast_head":"<!-- This site is optimized with the Yoast SEO plugin v28.4 - https:\/\/yoast.com\/product\/yoast-seo-wordpress\/ -->\n<title>Leclerc pred VN Monze razkril pomembno novico: Hamilton bo imel v kvalifikacijah prednost - Portal F1<\/title>\n<meta name=\"description\" content=\"Charles Leclerc je razkril, da bo imel Lewis Hamilton ta konec tedna prednost v kvalifikacijah Formule 1 za VN Italije v Monzi.\" \/>\n<meta name=\"robots\" content=\"index, follow, max-snippet:-1, max-image-preview:large, max-video-preview:-1\" \/>\n<link rel=\"canonical\" href=\"https:\/\/portalf1.si\/en\/leclerc-pred-vn-monze-razkril-pomembno-novico-hamilton-bo-imel-v-kvalifikacijah-prednost\/\" \/>\n<meta property=\"og:locale\" content=\"en_US\" \/>\n<meta property=\"og:type\" content=\"article\" \/>\n<meta property=\"og:title\" content=\"Leclerc pred VN Monze razkril pomembno novico: Hamilton bo imel v kvalifikacijah prednost - Portal F1\" \/>\n<meta property=\"og:description\" content=\"Charles Leclerc je razkril, da bo imel Lewis Hamilton ta konec tedna prednost v kvalifikacijah Formule 1 za VN Italije v Monzi.\" \/>\n<meta property=\"og:url\" content=\"https:\/\/portalf1.si\/en\/leclerc-pred-vn-monze-razkril-pomembno-novico-hamilton-bo-imel-v-kvalifikacijah-prednost\/\" \/>\n<meta property=\"og:site_name\" content=\"Portal F1\" \/>\n<meta property=\"article:publisher\" content=\"https:\/\/www.facebook.com\/portalf1.si\/?locale=sl_SI\" \/>\n<meta property=\"article:published_time\" content=\"2026-09-03T21:42:32+00:00\" \/>\n<meta property=\"og:image\" content=\"https:\/\/portalf1.si\/wp-content\/uploads\/2026\/05\/Leclerc-Hamilton_2026-03-05-114022_fmgi.avif\" \/>\n\t<meta property=\"og:image:width\" content=\"1092\" \/>\n\t<meta property=\"og:image:height\" content=\"683\" \/>\n\t<meta property=\"og:image:type\" content=\"image\/webp\" \/>\n<meta name=\"author\" content=\"Denis \u0160tojs\" \/>\n<meta name=\"twitter:card\" content=\"summary_large_image\" \/>\n<meta name=\"twitter:label1\" content=\"Written by\" \/>\n\t<meta name=\"twitter:data1\" content=\"Denis \u0160tojs\" \/>\n\t<meta name=\"twitter:label2\" content=\"Est. reading time\" \/>\n\t<meta name=\"twitter:data2\" content=\"2 minutes\" \/>\n<script type=\"application\/ld+json\" class=\"yoast-schema-graph\">{\"@context\":\"https:\\\/\\\/schema.org\",\"@graph\":[{\"@type\":\"Article\",\"@id\":\"https:\\\/\\\/portalf1.si\\\/leclerc-pred-vn-monze-razkril-pomembno-novico-hamilton-bo-imel-v-kvalifikacijah-prednost\\\/#article\",\"isPartOf\":{\"@id\":\"https:\\\/\\\/portalf1.si\\\/leclerc-pred-vn-monze-razkril-pomembno-novico-hamilton-bo-imel-v-kvalifikacijah-prednost\\\/\"},\"author\":{\"name\":\"Denis \u0160tojs\",\"@id\":\"https:\\\/\\\/portalf1.si\\\/#\\\/schema\\\/person\\\/abfef3ba57233710daadfbdd742fecd5\"},\"headline\":\"Leclerc pred VN Monze razkril pomembno novico: Hamilton bo imel v kvalifikacijah prednost\",\"datePublished\":\"2026-09-03T21:42:32+00:00\",\"mainEntityOfPage\":{\"@id\":\"https:\\\/\\\/portalf1.si\\\/leclerc-pred-vn-monze-razkril-pomembno-novico-hamilton-bo-imel-v-kvalifikacijah-prednost\\\/\"},\"wordCount\":294,\"commentCount\":0,\"publisher\":{\"@id\":\"https:\\\/\\\/portalf1.si\\\/#organization\"},\"image\":{\"@id\":\"https:\\\/\\\/portalf1.si\\\/leclerc-pred-vn-monze-razkril-pomembno-novico-hamilton-bo-imel-v-kvalifikacijah-prednost\\\/#primaryimage\"},\"thumbnailUrl\":\"https:\\\/\\\/portalf1.si\\\/wp-content\\\/uploads\\\/2026\\\/05\\\/Leclerc-Hamilton_2026-03-05-114022_fmgi.avif\",\"keywords\":[\"Charles Leclerc\",\"F1\",\"F1 2026\",\"F1 Slovenija\",\"Ferrari\",\"Formula 1\",\"Formula 1 2026\",\"Formula 1 Slovenija\",\"Lewis Hamilton\",\"VN Italije\"],\"articleSection\":[\"Charles Leclerc\",\"Ferrari\",\"Formula 1\",\"Lewis Hamilton\",\"Novice\",\"VN Italije\"],\"inLanguage\":\"en-US\",\"potentialAction\":[{\"@type\":\"CommentAction\",\"name\":\"Comment\",\"target\":[\"https:\\\/\\\/portalf1.si\\\/leclerc-pred-vn-monze-razkril-pomembno-novico-hamilton-bo-imel-v-kvalifikacijah-prednost\\\/#respond\"]}]},{\"@type\":\"WebPage\",\"@id\":\"https:\\\/\\\/portalf1.si\\\/leclerc-pred-vn-monze-razkril-pomembno-novico-hamilton-bo-imel-v-kvalifikacijah-prednost\\\/\",\"url\":\"https:\\\/\\\/portalf1.si\\\/leclerc-pred-vn-monze-razkril-pomembno-novico-hamilton-bo-imel-v-kvalifikacijah-prednost\\\/\",\"name\":\"Leclerc pred VN Monze razkril pomembno novico: Hamilton bo imel v kvalifikacijah prednost - Portal F1\",\"isPartOf\":{\"@id\":\"https:\\\/\\\/portalf1.si\\\/#website\"},\"primaryImageOfPage\":{\"@id\":\"https:\\\/\\\/portalf1.si\\\/leclerc-pred-vn-monze-razkril-pomembno-novico-hamilton-bo-imel-v-kvalifikacijah-prednost\\\/#primaryimage\"},\"image\":{\"@id\":\"https:\\\/\\\/portalf1.si\\\/leclerc-pred-vn-monze-razkril-pomembno-novico-hamilton-bo-imel-v-kvalifikacijah-prednost\\\/#primaryimage\"},\"thumbnailUrl\":\"https:\\\/\\\/portalf1.si\\\/wp-content\\\/uploads\\\/2026\\\/05\\\/Leclerc-Hamilton_2026-03-05-114022_fmgi.avif\",\"datePublished\":\"2026-09-03T21:42:32+00:00\",\"description\":\"Charles Leclerc je razkril, da bo imel Lewis Hamilton ta konec tedna prednost v kvalifikacijah Formule 1 za VN Italije v Monzi.\",\"breadcrumb\":{\"@id\":\"https:\\\/\\\/portalf1.si\\\/leclerc-pred-vn-monze-razkril-pomembno-novico-hamilton-bo-imel-v-kvalifikacijah-prednost\\\/#breadcrumb\"},\"inLanguage\":\"en-US\",\"potentialAction\":[{\"@type\":\"ReadAction\",\"target\":[\"https:\\\/\\\/portalf1.si\\\/leclerc-pred-vn-monze-razkril-pomembno-novico-hamilton-bo-imel-v-kvalifikacijah-prednost\\\/\"]}]},{\"@type\":\"ImageObject\",\"inLanguage\":\"en-US\",\"@id\":\"https:\\\/\\\/portalf1.si\\\/leclerc-pred-vn-monze-razkril-pomembno-novico-hamilton-bo-imel-v-kvalifikacijah-prednost\\\/#primaryimage\",\"url\":\"https:\\\/\\\/portalf1.si\\\/wp-content\\\/uploads\\\/2026\\\/05\\\/Leclerc-Hamilton_2026-03-05-114022_fmgi.avif\",\"contentUrl\":\"https:\\\/\\\/portalf1.si\\\/wp-content\\\/uploads\\\/2026\\\/05\\\/Leclerc-Hamilton_2026-03-05-114022_fmgi.avif\",\"width\":1092,\"height\":683},{\"@type\":\"BreadcrumbList\",\"@id\":\"https:\\\/\\\/portalf1.si\\\/leclerc-pred-vn-monze-razkril-pomembno-novico-hamilton-bo-imel-v-kvalifikacijah-prednost\\\/#breadcrumb\",\"itemListElement\":[{\"@type\":\"ListItem\",\"position\":1,\"name\":\"Home\",\"item\":\"https:\\\/\\\/portalf1.si\\\/\"},{\"@type\":\"ListItem\",\"position\":2,\"name\":\"Leclerc pred VN Monze razkril pomembno novico: Hamilton bo imel v kvalifikacijah prednost\"}]},{\"@type\":\"WebSite\",\"@id\":\"https:\\\/\\\/portalf1.si\\\/#website\",\"url\":\"https:\\\/\\\/portalf1.si\\\/\",\"name\":\"Portal F1\",\"description\":\"Najnovej\u0161e novice iz sveta F1\",\"publisher\":{\"@id\":\"https:\\\/\\\/portalf1.si\\\/#organization\"},\"potentialAction\":[{\"@type\":\"SearchAction\",\"target\":{\"@type\":\"EntryPoint\",\"urlTemplate\":\"https:\\\/\\\/portalf1.si\\\/?s={search_term_string}\"},\"query-input\":{\"@type\":\"PropertyValueSpecification\",\"valueRequired\":true,\"valueName\":\"search_term_string\"}}],\"inLanguage\":\"en-US\"},{\"@type\":\"Organization\",\"@id\":\"https:\\\/\\\/portalf1.si\\\/#organization\",\"name\":\"Portal F1\",\"url\":\"https:\\\/\\\/portalf1.si\\\/\",\"logo\":{\"@type\":\"ImageObject\",\"inLanguage\":\"en-US\",\"@id\":\"https:\\\/\\\/portalf1.si\\\/#\\\/schema\\\/logo\\\/image\\\/\",\"url\":\"https:\\\/\\\/portalf1.si\\\/wp-content\\\/uploads\\\/2025\\\/02\\\/cropped-HiPaint_1738532868530.png\",\"contentUrl\":\"https:\\\/\\\/portalf1.si\\\/wp-content\\\/uploads\\\/2025\\\/02\\\/cropped-HiPaint_1738532868530.png\",\"width\":512,\"height\":512,\"caption\":\"Portal F1\"},\"image\":{\"@id\":\"https:\\\/\\\/portalf1.si\\\/#\\\/schema\\\/logo\\\/image\\\/\"},\"sameAs\":[\"https:\\\/\\\/www.facebook.com\\\/portalf1.si\\\/?locale=sl_SI\"]},{\"@type\":\"Person\",\"@id\":\"https:\\\/\\\/portalf1.si\\\/#\\\/schema\\\/person\\\/abfef3ba57233710daadfbdd742fecd5\",\"name\":\"Denis \u0160tojs\",\"image\":{\"@type\":\"ImageObject\",\"inLanguage\":\"en-US\",\"@id\":\"https:\\\/\\\/secure.gravatar.com\\\/avatar\\\/b006ce11dfb9c6e47e9de9803eefbdc14aa4afb445f3cca05acc735c22115b38?s=96&d=mm&r=g\",\"url\":\"https:\\\/\\\/secure.gravatar.com\\\/avatar\\\/b006ce11dfb9c6e47e9de9803eefbdc14aa4afb445f3cca05acc735c22115b38?s=96&d=mm&r=g\",\"contentUrl\":\"https:\\\/\\\/secure.gravatar.com\\\/avatar\\\/b006ce11dfb9c6e47e9de9803eefbdc14aa4afb445f3cca05acc735c22115b38?s=96&d=mm&r=g\",\"caption\":\"Denis \u0160tojs\"},\"sameAs\":[\"https:\\\/\\\/portalf1.si\"],\"url\":\"https:\\\/\\\/portalf1.si\\\/en\\\/author\\\/portalf1\\\/\"}]}<\/script>\n<!-- \/ Yoast SEO plugin. -->","yoast_head_json":{"title":"Leclerc pred VN Monze razkril pomembno novico: Hamilton bo imel v kvalifikacijah prednost - Portal F1","description":"Charles Leclerc je razkril, da bo imel Lewis Hamilton ta konec tedna prednost v kvalifikacijah Formule 1 za VN Italije v Monzi.","robots":{"index":"index","follow":"follow","max-snippet":"max-snippet:-1","max-image-preview":"max-image-preview:large","max-video-preview":"max-video-preview:-1"},"canonical":"https:\/\/portalf1.si\/en\/leclerc-pred-vn-monze-razkril-pomembno-novico-hamilton-bo-imel-v-kvalifikacijah-prednost\/","og_locale":"en_US","og_type":"article","og_title":"Leclerc pred VN Monze razkril pomembno novico: Hamilton bo imel v kvalifikacijah prednost - Portal F1","og_description":"Charles Leclerc je razkril, da bo imel Lewis Hamilton ta konec tedna prednost v kvalifikacijah Formule 1 za VN Italije v Monzi.","og_url":"https:\/\/portalf1.si\/en\/leclerc-pred-vn-monze-razkril-pomembno-novico-hamilton-bo-imel-v-kvalifikacijah-prednost\/","og_site_name":"Portal F1","article_publisher":"https:\/\/www.facebook.com\/portalf1.si\/?locale=sl_SI","article_published_time":"2026-09-03T21:42:32+00:00","og_image":[{"width":1092,"height":683,"url":"https:\/\/portalf1.si\/wp-content\/uploads\/2026\/05\/Leclerc-Hamilton_2026-03-05-114022_fmgi.avif","type":"image\/webp"}],"author":"Denis \u0160tojs","twitter_card":"summary_large_image","twitter_misc":{"Written by":"Denis \u0160tojs","Est. reading time":"2 minutes"},"schema":{"@context":"https:\/\/schema.org","@graph":[{"@type":"Article","@id":"https:\/\/portalf1.si\/leclerc-pred-vn-monze-razkril-pomembno-novico-hamilton-bo-imel-v-kvalifikacijah-prednost\/#article","isPartOf":{"@id":"https:\/\/portalf1.si\/leclerc-pred-vn-monze-razkril-pomembno-novico-hamilton-bo-imel-v-kvalifikacijah-prednost\/"},"author":{"name":"Denis \u0160tojs","@id":"https:\/\/portalf1.si\/#\/schema\/person\/abfef3ba57233710daadfbdd742fecd5"},"headline":"Leclerc pred VN Monze razkril pomembno novico: Hamilton bo imel v kvalifikacijah prednost","datePublished":"2026-09-03T21:42:32+00:00","mainEntityOfPage":{"@id":"https:\/\/portalf1.si\/leclerc-pred-vn-monze-razkril-pomembno-novico-hamilton-bo-imel-v-kvalifikacijah-prednost\/"},"wordCount":294,"commentCount":0,"publisher":{"@id":"https:\/\/portalf1.si\/#organization"},"image":{"@id":"https:\/\/portalf1.si\/leclerc-pred-vn-monze-razkril-pomembno-novico-hamilton-bo-imel-v-kvalifikacijah-prednost\/#primaryimage"},"thumbnailUrl":"https:\/\/portalf1.si\/wp-content\/uploads\/2026\/05\/Leclerc-Hamilton_2026-03-05-114022_fmgi.avif","keywords":["Charles Leclerc","F1","F1 2026","F1 Slovenija","Ferrari","Formula 1","Formula 1 2026","Formula 1 Slovenija","Lewis Hamilton","VN Italije"],"articleSection":["Charles Leclerc","Ferrari","Formula 1","Lewis Hamilton","Novice","VN Italije"],"inLanguage":"en-US","potentialAction":[{"@type":"CommentAction","name":"Comment","target":["https:\/\/portalf1.si\/leclerc-pred-vn-monze-razkril-pomembno-novico-hamilton-bo-imel-v-kvalifikacijah-prednost\/#respond"]}]},{"@type":"WebPage","@id":"https:\/\/portalf1.si\/leclerc-pred-vn-monze-razkril-pomembno-novico-hamilton-bo-imel-v-kvalifikacijah-prednost\/","url":"https:\/\/portalf1.si\/leclerc-pred-vn-monze-razkril-pomembno-novico-hamilton-bo-imel-v-kvalifikacijah-prednost\/","name":"Leclerc pred VN Monze razkril pomembno novico: Hamilton bo imel v kvalifikacijah prednost - Portal F1","isPartOf":{"@id":"https:\/\/portalf1.si\/#website"},"primaryImageOfPage":{"@id":"https:\/\/portalf1.si\/leclerc-pred-vn-monze-razkril-pomembno-novico-hamilton-bo-imel-v-kvalifikacijah-prednost\/#primaryimage"},"image":{"@id":"https:\/\/portalf1.si\/leclerc-pred-vn-monze-razkril-pomembno-novico-hamilton-bo-imel-v-kvalifikacijah-prednost\/#primaryimage"},"thumbnailUrl":"https:\/\/portalf1.si\/wp-content\/uploads\/2026\/05\/Leclerc-Hamilton_2026-03-05-114022_fmgi.avif","datePublished":"2026-09-03T21:42:32+00:00","description":"Charles Leclerc je razkril, da bo imel Lewis Hamilton ta konec tedna prednost v kvalifikacijah Formule 1 za VN Italije v Monzi.","breadcrumb":{"@id":"https:\/\/portalf1.si\/leclerc-pred-vn-monze-razkril-pomembno-novico-hamilton-bo-imel-v-kvalifikacijah-prednost\/#breadcrumb"},"inLanguage":"en-US","potentialAction":[{"@type":"ReadAction","target":["https:\/\/portalf1.si\/leclerc-pred-vn-monze-razkril-pomembno-novico-hamilton-bo-imel-v-kvalifikacijah-prednost\/"]}]},{"@type":"ImageObject","inLanguage":"en-US","@id":"https:\/\/portalf1.si\/leclerc-pred-vn-monze-razkril-pomembno-novico-hamilton-bo-imel-v-kvalifikacijah-prednost\/#primaryimage","url":"https:\/\/portalf1.si\/wp-content\/uploads\/2026\/05\/Leclerc-Hamilton_2026-03-05-114022_fmgi.avif","contentUrl":"https:\/\/portalf1.si\/wp-content\/uploads\/2026\/05\/Leclerc-Hamilton_2026-03-05-114022_fmgi.avif","width":1092,"height":683},{"@type":"BreadcrumbList","@id":"https:\/\/portalf1.si\/leclerc-pred-vn-monze-razkril-pomembno-novico-hamilton-bo-imel-v-kvalifikacijah-prednost\/#breadcrumb","itemListElement":[{"@type":"ListItem","position":1,"name":"Home","item":"https:\/\/portalf1.si\/"},{"@type":"ListItem","position":2,"name":"Leclerc pred VN Monze razkril pomembno novico: Hamilton bo imel v kvalifikacijah prednost"}]},{"@type":"WebSite","@id":"https:\/\/portalf1.si\/#website","url":"https:\/\/portalf1.si\/","name":"Portal F1","description":"Najnovej\u0161e novice iz sveta F1","publisher":{"@id":"https:\/\/portalf1.si\/#organization"},"potentialAction":[{"@type":"SearchAction","target":{"@type":"EntryPoint","urlTemplate":"https:\/\/portalf1.si\/?s={search_term_string}"},"query-input":{"@type":"PropertyValueSpecification","valueRequired":true,"valueName":"search_term_string"}}],"inLanguage":"en-US"},{"@type":"Organization","@id":"https:\/\/portalf1.si\/#organization","name":"Portal F1","url":"https:\/\/portalf1.si\/","logo":{"@type":"ImageObject","inLanguage":"en-US","@id":"https:\/\/portalf1.si\/#\/schema\/logo\/image\/","url":"https:\/\/portalf1.si\/wp-content\/uploads\/2025\/02\/cropped-HiPaint_1738532868530.png","contentUrl":"https:\/\/portalf1.si\/wp-content\/uploads\/2025\/02\/cropped-HiPaint_1738532868530.png","width":512,"height":512,"caption":"Portal F1"},"image":{"@id":"https:\/\/portalf1.si\/#\/schema\/logo\/image\/"},"sameAs":["https:\/\/www.facebook.com\/portalf1.si\/?locale=sl_SI"]},{"@type":"Person","@id":"https:\/\/portalf1.si\/#\/schema\/person\/abfef3ba57233710daadfbdd742fecd5","name":"Denis Stoy","image":{"@type":"ImageObject","inLanguage":"en-US","@id":"https:\/\/secure.gravatar.com\/avatar\/b006ce11dfb9c6e47e9de9803eefbdc14aa4afb445f3cca05acc735c22115b38?s=96&d=mm&r=g","url":"https:\/\/secure.gravatar.com\/avatar\/b006ce11dfb9c6e47e9de9803eefbdc14aa4afb445f3cca05acc735c22115b38?s=96&d=mm&r=g","contentUrl":"https:\/\/secure.gravatar.com\/avatar\/b006ce11dfb9c6e47e9de9803eefbdc14aa4afb445f3cca05acc735c22115b38?s=96&d=mm&r=g","caption":"Denis \u0160tojs"},"sameAs":["https:\/\/portalf1.si"],"url":"https:\/\/portalf1.si\/en\/author\/portalf1\/"}]}},"_links":{"self":[{"href":"https:\/\/portalf1.si\/en\/wp-json\/wp\/v2\/posts\/16090","targetHints":{"allow":["GET"]}}],"collection":[{"href":"https:\/\/portalf1.si\/en\/wp-json\/wp\/v2\/posts"}],"about":[{"href":"https:\/\/portalf1.si\/en\/wp-json\/wp\/v2\/types\/post"}],"author":[{"embeddable":true,"href":"https:\/\/portalf1.si\/en\/wp-json\/wp\/v2\/users\/1"}],"replies":[{"embeddable":true,"href":"https:\/\/portalf1.si\/en\/wp-json\/wp\/v2\/comments?post=16090"}],"version-history":[{"count":1,"href":"https:\/\/portalf1.si\/en\/wp-json\/wp\/v2\/posts\/16090\/revisions"}],"predecessor-version":[{"id":16091,"href":"https:\/\/portalf1.si\/en\/wp-json\/wp\/v2\/posts\/16090\/revisions\/16091"}],"wp:featuredmedia":[{"embeddable":true,"href":"https:\/\/portalf1.si\/en\/wp-json\/wp\/v2\/media\/13657"}],"wp:attachment":[{"href":"https:\/\/portalf1.si\/en\/wp-json\/wp\/v2\/media?parent=16090"}],"wp:term":[{"taxonomy":"category","embeddable":true,"href":"https:\/\/portalf1.si\/en\/wp-json\/wp\/v2\/categories?post=16090"},{"taxonomy":"post_tag","embeddable":true,"href":"https:\/\/portalf1.si\/en\/wp-json\/wp\/v2\/tags?post=16090"}],"curies":[{"name":"wp","href":"https:\/\/api.w.org\/{rel}","templated":true}]}}