{"id":16100,"date":"2026-09-04T09:53:28","date_gmt":"2026-09-04T09:53:28","guid":{"rendered":"https:\/\/portalf1.si\/?p=16100"},"modified":"2026-09-04T09:53:28","modified_gmt":"2026-09-04T09:53:28","slug":"uradno-formula-1-bo-naslednje-leto-skrajsala-dirke","status":"publish","type":"post","link":"https:\/\/portalf1.si\/en\/uradno-formula-1-bo-naslednje-leto-skrajsala-dirke\/","title":{"rendered":"Uradno! Formula 1 bo naslednje leto skraj\u0161ala dirke!"},"content":{"rendered":"<p data-path-to-node=\"0\"><strong>Dirke Formule 1 naj bi bile leta 2027 kraj\u0161e, saj so se ekipe sporazumele o na\u010drtu za splo\u0161no zmanj\u0161anje razdalje dirk s 305 km na 290 km.<\/strong><\/p>\n<p data-path-to-node=\"1\">Zaradi sprememb pravil, s katerimi \u017eelijo prepre\u010diti pomanjkanje energije v dirkalnikih, bodo za naslednje leto pove\u010dali pretok goriva. Vendar je ta poteza za izbolj\u0161anje spektakla ekipam povzro\u010dila druge preglavice, saj ve\u010dji pretok goriva skozi motor pomeni, da je za dokon\u010danje dirke potrebne ve\u010d goriva. To je predstavljalo te\u017eavo za ekipe, ki so svoje trenutne posode za gorivo zasnovale na podlagi zahtev za leto 2026 in za naslednjo sezono niso \u017eelele izdelati povsem novega dirkalnika.<\/p>\n<p data-path-to-node=\"1\">V okviru finan\u010dne kapice so bila predvidena odstopanja, ki ekipam, ki so na\u010drtovale prenos svoje \u0161asije, omogo\u010dajo nekaj dodatne svobode pri porabi za izvedbo sprememb.<\/p>\n<p data-path-to-node=\"1\">Poleg tega pa so sprejeli tudi ukrepe za zmanj\u0161anje razdalje, ki naj bi jo dirkalniki prevozili.\u00a0 Ko je bila prilagoditev pretoka goriva potrjena, so se za\u010deli pogovori o morebitnem skraj\u0161anju nekaterih dirk za nekaj krogov, dodatna sprememba pa je bila omejitev na le en sam ogrevalni krog pred \u0161tartno vrsto.<\/p>\n<p data-path-to-node=\"1\">Vendar se je med pogovori z ekipami o tem, katere dirke bi morale biti prilagojene, izkazalo, da bi raznolikost razdalj dirk skozi sezono lahko pripeljala do ne\u017eelenih posledic. Kot je razumeti, je obstajalo tveganje, da bi se nekatere preizku\u0161nje spremenile v dirke v var\u010devanju z gorivom. Zato je bilo po dialogu med FIO in ekipami dogovorjeno, da bi bilo bolje imeti enotno razdaljo za vse za Velike nagrade skozi celotno sezono, tako kot velja zdaj.<\/p>\n<p data-path-to-node=\"1\">Kot je prvi poro\u010dal <a href=\"https:\/\/autoracer.it\/\">Autoracer.it<\/a>, je ta ideja zdaj prejela soglasno podporo ekip, zato potekajo postopki za njen vnos v pravilnik. \u017de ve\u010d let razdalje dirk Formule 1 predstavljajo najmanj\u0161e \u0161tevilo krogov, potrebnih za preseganje 305 km. Edina izjema pri tem (poleg primerov, ko se Velika nagrada za\u010dne za varnostnim avtomobilom) je VN Monaka, ki meri 260 km.<\/p>\n<p data-path-to-node=\"1\">Sprememba, ki so jo ekipe potrdile za naslednje leto, bi pomenila, da se vse dirke (razen Monaka) skraj\u0161ajo na pribli\u017eno 290 km, kar bo dogodke skraj\u0161alo za pribli\u017eno tri kroge.<\/p>\n<p data-path-to-node=\"1\">\u010ceprav ekipe spremembo razdalje podpirajo, mora ta \u0161e vedno skozi uradni postopek, preden bo vklju\u010dena v \u0161portni pravilnik za leto 2027. To pomeni, da morajo biti spremenjena pravila predlagana Komisiji F1, ki jo sestavljajo ekipe, FIA in FOM. Ko jih ta odobri, jih mora ratificirati \u0161e Svetovni moto\u0161portni svet FIE (WMSC).<\/p>\n<p data-path-to-node=\"1\">Kot je znano, je zmanj\u0161anje razdalje dirk trenutno dogovorjeno le za naslednjo sezono zaradi kompromisa, ki ga je povzro\u010dila tako pozna sprememba pravil o pogonskih enotah. Vendar se ekipe lahko odlo\u010dijo, da jo na tej ravni ohranijo dlje, \u010de se izka\u017ee, da bodo dodatne spremembe pretoka goriva, na\u010drtovane za leto 2028, povzro\u010dile dodatne te\u017eave.<\/p>\n<blockquote class=\"wp-embedded-content\" data-secret=\"8kth09ktLK\"><p><a href=\"https:\/\/portalf1.si\/en\/vn-italije-razpored-in-opis-dirkalisca\/\">VN Italije &#8211; razpored in opis dirkali\u0161\u010da<\/a><\/p><\/blockquote>\n<p><iframe loading=\"lazy\" class=\"wp-embedded-content\" sandbox=\"allow-scripts\" security=\"restricted\" style=\"position: absolute; visibility: hidden;\" title=\"\u201cVN Italije \u2013 razpored in opis dirkali\u0161\u010da\u201d \u2014 Portal F1\" src=\"https:\/\/portalf1.si\/vn-italije-razpored-in-opis-dirkalisca\/embed\/#?secret=dV2myYqU4P#?secret=8kth09ktLK\" data-secret=\"8kth09ktLK\" width=\"600\" height=\"338\" frameborder=\"0\" marginwidth=\"0\" marginheight=\"0\" scrolling=\"no\"><\/iframe><\/p>","protected":false},"excerpt":{"rendered":"<p>Dirke Formule 1 naj bi bile leta 2027 kraj\u0161e, saj so se ekipe sporazumele o na\u010drtu za splo\u0161no zmanj\u0161anje razdalje dirk s 305 km na 290 km. Zaradi sprememb pravil, s katerimi \u017eelijo prepre\u010diti pomanjkanje energije v dirkalnikih, bodo za naslednje leto pove\u010dali pretok goriva. Vendar je ta poteza za izbolj\u0161anje spektakla ekipam povzro\u010dila druge [&hellip;]<\/p>\n","protected":false},"author":1,"featured_media":15566,"comment_status":"open","ping_status":"closed","sticky":false,"template":"","format":"standard","meta":{"footnotes":""},"categories":[60,30,31],"tags":[44,317,159,62,45,318,158],"class_list":["post-16100","post","type-post","status-publish","format-standard","has-post-thumbnail","hentry","category-fia","category-formula-1","category-novice","tag-f1","tag-f1-2026","tag-f1-slovenija","tag-fia","tag-formula-1","tag-formula-1-2026","tag-formula-1-slovenija"],"blocksy_meta":{"styles_descriptor":{"styles":{"desktop":"","tablet":"","mobile":""},"google_fonts":[],"version":8}},"yoast_head":"<!-- This site is optimized with the Yoast SEO plugin v28.4 - https:\/\/yoast.com\/product\/yoast-seo-wordpress\/ -->\n<title>Uradno! Formula 1 bo naslednje leto skraj\u0161ala dirke! - Portal F1<\/title>\n<meta name=\"description\" content=\"Dirke Formule 1 naj bi bile leta 2027 kraj\u0161e, saj so se ekipe sporazumele o na\u010drtu za splo\u0161no zmanj\u0161anje razdalje dirk s 305 km na 290 km.\" \/>\n<meta name=\"robots\" content=\"index, follow, max-snippet:-1, max-image-preview:large, max-video-preview:-1\" \/>\n<link rel=\"canonical\" href=\"https:\/\/portalf1.si\/en\/uradno-formula-1-bo-naslednje-leto-skrajsala-dirke\/\" \/>\n<meta property=\"og:locale\" content=\"en_US\" \/>\n<meta property=\"og:type\" content=\"article\" \/>\n<meta property=\"og:title\" content=\"Uradno! Formula 1 bo naslednje leto skraj\u0161ala dirke! - Portal F1\" \/>\n<meta property=\"og:description\" content=\"Dirke Formule 1 naj bi bile leta 2027 kraj\u0161e, saj so se ekipe sporazumele o na\u010drtu za splo\u0161no zmanj\u0161anje razdalje dirk s 305 km na 290 km.\" \/>\n<meta property=\"og:url\" content=\"https:\/\/portalf1.si\/en\/uradno-formula-1-bo-naslednje-leto-skrajsala-dirke\/\" \/>\n<meta property=\"og:site_name\" content=\"Portal F1\" \/>\n<meta property=\"article:publisher\" content=\"https:\/\/www.facebook.com\/portalf1.si\/?locale=sl_SI\" \/>\n<meta property=\"article:published_time\" content=\"2026-09-04T09:53:28+00:00\" \/>\n<meta property=\"og:image\" content=\"https:\/\/portalf1.si\/wp-content\/uploads\/2026\/07\/HOKBI5BWcAAj9Bj.avif\" \/>\n\t<meta property=\"og:image:width\" content=\"680\" \/>\n\t<meta property=\"og:image:height\" content=\"383\" \/>\n\t<meta property=\"og:image:type\" content=\"image\/jpeg\" \/>\n<meta name=\"author\" content=\"Denis \u0160tojs\" \/>\n<meta name=\"twitter:card\" content=\"summary_large_image\" \/>\n<meta name=\"twitter:label1\" content=\"Written by\" \/>\n\t<meta name=\"twitter:data1\" content=\"Denis \u0160tojs\" \/>\n\t<meta name=\"twitter:label2\" content=\"Est. reading time\" \/>\n\t<meta name=\"twitter:data2\" content=\"3 minutes\" \/>\n<script type=\"application\/ld+json\" class=\"yoast-schema-graph\">{\"@context\":\"https:\\\/\\\/schema.org\",\"@graph\":[{\"@type\":\"Article\",\"@id\":\"https:\\\/\\\/portalf1.si\\\/uradno-formula-1-bo-naslednje-leto-skrajsala-dirke\\\/#article\",\"isPartOf\":{\"@id\":\"https:\\\/\\\/portalf1.si\\\/uradno-formula-1-bo-naslednje-leto-skrajsala-dirke\\\/\"},\"author\":{\"name\":\"Denis \u0160tojs\",\"@id\":\"https:\\\/\\\/portalf1.si\\\/#\\\/schema\\\/person\\\/abfef3ba57233710daadfbdd742fecd5\"},\"headline\":\"Uradno! Formula 1 bo naslednje leto skraj\u0161ala dirke!\",\"datePublished\":\"2026-09-04T09:53:28+00:00\",\"mainEntityOfPage\":{\"@id\":\"https:\\\/\\\/portalf1.si\\\/uradno-formula-1-bo-naslednje-leto-skrajsala-dirke\\\/\"},\"wordCount\":482,\"commentCount\":0,\"publisher\":{\"@id\":\"https:\\\/\\\/portalf1.si\\\/#organization\"},\"image\":{\"@id\":\"https:\\\/\\\/portalf1.si\\\/uradno-formula-1-bo-naslednje-leto-skrajsala-dirke\\\/#primaryimage\"},\"thumbnailUrl\":\"https:\\\/\\\/portalf1.si\\\/wp-content\\\/uploads\\\/2026\\\/07\\\/HOKBI5BWcAAj9Bj.avif\",\"keywords\":[\"F1\",\"F1 2026\",\"F1 Slovenija\",\"FIA\",\"Formula 1\",\"Formula 1 2026\",\"Formula 1 Slovenija\"],\"articleSection\":[\"FIA\",\"Formula 1\",\"Novice\"],\"inLanguage\":\"en-US\",\"potentialAction\":[{\"@type\":\"CommentAction\",\"name\":\"Comment\",\"target\":[\"https:\\\/\\\/portalf1.si\\\/uradno-formula-1-bo-naslednje-leto-skrajsala-dirke\\\/#respond\"]}]},{\"@type\":\"WebPage\",\"@id\":\"https:\\\/\\\/portalf1.si\\\/uradno-formula-1-bo-naslednje-leto-skrajsala-dirke\\\/\",\"url\":\"https:\\\/\\\/portalf1.si\\\/uradno-formula-1-bo-naslednje-leto-skrajsala-dirke\\\/\",\"name\":\"Uradno! Formula 1 bo naslednje leto skraj\u0161ala dirke! - Portal F1\",\"isPartOf\":{\"@id\":\"https:\\\/\\\/portalf1.si\\\/#website\"},\"primaryImageOfPage\":{\"@id\":\"https:\\\/\\\/portalf1.si\\\/uradno-formula-1-bo-naslednje-leto-skrajsala-dirke\\\/#primaryimage\"},\"image\":{\"@id\":\"https:\\\/\\\/portalf1.si\\\/uradno-formula-1-bo-naslednje-leto-skrajsala-dirke\\\/#primaryimage\"},\"thumbnailUrl\":\"https:\\\/\\\/portalf1.si\\\/wp-content\\\/uploads\\\/2026\\\/07\\\/HOKBI5BWcAAj9Bj.avif\",\"datePublished\":\"2026-09-04T09:53:28+00:00\",\"description\":\"Dirke Formule 1 naj bi bile leta 2027 kraj\u0161e, saj so se ekipe sporazumele o na\u010drtu za splo\u0161no zmanj\u0161anje razdalje dirk s 305 km na 290 km.\",\"breadcrumb\":{\"@id\":\"https:\\\/\\\/portalf1.si\\\/uradno-formula-1-bo-naslednje-leto-skrajsala-dirke\\\/#breadcrumb\"},\"inLanguage\":\"en-US\",\"potentialAction\":[{\"@type\":\"ReadAction\",\"target\":[\"https:\\\/\\\/portalf1.si\\\/uradno-formula-1-bo-naslednje-leto-skrajsala-dirke\\\/\"]}]},{\"@type\":\"ImageObject\",\"inLanguage\":\"en-US\",\"@id\":\"https:\\\/\\\/portalf1.si\\\/uradno-formula-1-bo-naslednje-leto-skrajsala-dirke\\\/#primaryimage\",\"url\":\"https:\\\/\\\/portalf1.si\\\/wp-content\\\/uploads\\\/2026\\\/07\\\/HOKBI5BWcAAj9Bj.avif\",\"contentUrl\":\"https:\\\/\\\/portalf1.si\\\/wp-content\\\/uploads\\\/2026\\\/07\\\/HOKBI5BWcAAj9Bj.avif\",\"width\":680,\"height\":383},{\"@type\":\"BreadcrumbList\",\"@id\":\"https:\\\/\\\/portalf1.si\\\/uradno-formula-1-bo-naslednje-leto-skrajsala-dirke\\\/#breadcrumb\",\"itemListElement\":[{\"@type\":\"ListItem\",\"position\":1,\"name\":\"Home\",\"item\":\"https:\\\/\\\/portalf1.si\\\/\"},{\"@type\":\"ListItem\",\"position\":2,\"name\":\"Uradno! Formula 1 bo naslednje leto skraj\u0161ala dirke!\"}]},{\"@type\":\"WebSite\",\"@id\":\"https:\\\/\\\/portalf1.si\\\/#website\",\"url\":\"https:\\\/\\\/portalf1.si\\\/\",\"name\":\"Portal F1\",\"description\":\"Najnovej\u0161e novice iz sveta F1\",\"publisher\":{\"@id\":\"https:\\\/\\\/portalf1.si\\\/#organization\"},\"potentialAction\":[{\"@type\":\"SearchAction\",\"target\":{\"@type\":\"EntryPoint\",\"urlTemplate\":\"https:\\\/\\\/portalf1.si\\\/?s={search_term_string}\"},\"query-input\":{\"@type\":\"PropertyValueSpecification\",\"valueRequired\":true,\"valueName\":\"search_term_string\"}}],\"inLanguage\":\"en-US\"},{\"@type\":\"Organization\",\"@id\":\"https:\\\/\\\/portalf1.si\\\/#organization\",\"name\":\"Portal F1\",\"url\":\"https:\\\/\\\/portalf1.si\\\/\",\"logo\":{\"@type\":\"ImageObject\",\"inLanguage\":\"en-US\",\"@id\":\"https:\\\/\\\/portalf1.si\\\/#\\\/schema\\\/logo\\\/image\\\/\",\"url\":\"https:\\\/\\\/portalf1.si\\\/wp-content\\\/uploads\\\/2025\\\/02\\\/cropped-HiPaint_1738532868530.png\",\"contentUrl\":\"https:\\\/\\\/portalf1.si\\\/wp-content\\\/uploads\\\/2025\\\/02\\\/cropped-HiPaint_1738532868530.png\",\"width\":512,\"height\":512,\"caption\":\"Portal F1\"},\"image\":{\"@id\":\"https:\\\/\\\/portalf1.si\\\/#\\\/schema\\\/logo\\\/image\\\/\"},\"sameAs\":[\"https:\\\/\\\/www.facebook.com\\\/portalf1.si\\\/?locale=sl_SI\"]},{\"@type\":\"Person\",\"@id\":\"https:\\\/\\\/portalf1.si\\\/#\\\/schema\\\/person\\\/abfef3ba57233710daadfbdd742fecd5\",\"name\":\"Denis \u0160tojs\",\"image\":{\"@type\":\"ImageObject\",\"inLanguage\":\"en-US\",\"@id\":\"https:\\\/\\\/secure.gravatar.com\\\/avatar\\\/b006ce11dfb9c6e47e9de9803eefbdc14aa4afb445f3cca05acc735c22115b38?s=96&d=mm&r=g\",\"url\":\"https:\\\/\\\/secure.gravatar.com\\\/avatar\\\/b006ce11dfb9c6e47e9de9803eefbdc14aa4afb445f3cca05acc735c22115b38?s=96&d=mm&r=g\",\"contentUrl\":\"https:\\\/\\\/secure.gravatar.com\\\/avatar\\\/b006ce11dfb9c6e47e9de9803eefbdc14aa4afb445f3cca05acc735c22115b38?s=96&d=mm&r=g\",\"caption\":\"Denis \u0160tojs\"},\"sameAs\":[\"https:\\\/\\\/portalf1.si\"],\"url\":\"https:\\\/\\\/portalf1.si\\\/en\\\/author\\\/portalf1\\\/\"}]}<\/script>\n<!-- \/ Yoast SEO plugin. -->","yoast_head_json":{"title":"Uradno! Formula 1 bo naslednje leto skraj\u0161ala dirke! - Portal F1","description":"Dirke Formule 1 naj bi bile leta 2027 kraj\u0161e, saj so se ekipe sporazumele o na\u010drtu za splo\u0161no zmanj\u0161anje razdalje dirk s 305 km na 290 km.","robots":{"index":"index","follow":"follow","max-snippet":"max-snippet:-1","max-image-preview":"max-image-preview:large","max-video-preview":"max-video-preview:-1"},"canonical":"https:\/\/portalf1.si\/en\/uradno-formula-1-bo-naslednje-leto-skrajsala-dirke\/","og_locale":"en_US","og_type":"article","og_title":"Uradno! Formula 1 bo naslednje leto skraj\u0161ala dirke! - Portal F1","og_description":"Dirke Formule 1 naj bi bile leta 2027 kraj\u0161e, saj so se ekipe sporazumele o na\u010drtu za splo\u0161no zmanj\u0161anje razdalje dirk s 305 km na 290 km.","og_url":"https:\/\/portalf1.si\/en\/uradno-formula-1-bo-naslednje-leto-skrajsala-dirke\/","og_site_name":"Portal F1","article_publisher":"https:\/\/www.facebook.com\/portalf1.si\/?locale=sl_SI","article_published_time":"2026-09-04T09:53:28+00:00","og_image":[{"width":680,"height":383,"url":"https:\/\/portalf1.si\/wp-content\/uploads\/2026\/07\/HOKBI5BWcAAj9Bj.avif","type":"image\/jpeg"}],"author":"Denis \u0160tojs","twitter_card":"summary_large_image","twitter_misc":{"Written by":"Denis \u0160tojs","Est. reading time":"3 minutes"},"schema":{"@context":"https:\/\/schema.org","@graph":[{"@type":"Article","@id":"https:\/\/portalf1.si\/uradno-formula-1-bo-naslednje-leto-skrajsala-dirke\/#article","isPartOf":{"@id":"https:\/\/portalf1.si\/uradno-formula-1-bo-naslednje-leto-skrajsala-dirke\/"},"author":{"name":"Denis \u0160tojs","@id":"https:\/\/portalf1.si\/#\/schema\/person\/abfef3ba57233710daadfbdd742fecd5"},"headline":"Uradno! Formula 1 bo naslednje leto skraj\u0161ala dirke!","datePublished":"2026-09-04T09:53:28+00:00","mainEntityOfPage":{"@id":"https:\/\/portalf1.si\/uradno-formula-1-bo-naslednje-leto-skrajsala-dirke\/"},"wordCount":482,"commentCount":0,"publisher":{"@id":"https:\/\/portalf1.si\/#organization"},"image":{"@id":"https:\/\/portalf1.si\/uradno-formula-1-bo-naslednje-leto-skrajsala-dirke\/#primaryimage"},"thumbnailUrl":"https:\/\/portalf1.si\/wp-content\/uploads\/2026\/07\/HOKBI5BWcAAj9Bj.avif","keywords":["F1","F1 2026","F1 Slovenija","FIA","Formula 1","Formula 1 2026","Formula 1 Slovenija"],"articleSection":["FIA","Formula 1","Novice"],"inLanguage":"en-US","potentialAction":[{"@type":"CommentAction","name":"Comment","target":["https:\/\/portalf1.si\/uradno-formula-1-bo-naslednje-leto-skrajsala-dirke\/#respond"]}]},{"@type":"WebPage","@id":"https:\/\/portalf1.si\/uradno-formula-1-bo-naslednje-leto-skrajsala-dirke\/","url":"https:\/\/portalf1.si\/uradno-formula-1-bo-naslednje-leto-skrajsala-dirke\/","name":"Uradno! Formula 1 bo naslednje leto skraj\u0161ala dirke! - Portal F1","isPartOf":{"@id":"https:\/\/portalf1.si\/#website"},"primaryImageOfPage":{"@id":"https:\/\/portalf1.si\/uradno-formula-1-bo-naslednje-leto-skrajsala-dirke\/#primaryimage"},"image":{"@id":"https:\/\/portalf1.si\/uradno-formula-1-bo-naslednje-leto-skrajsala-dirke\/#primaryimage"},"thumbnailUrl":"https:\/\/portalf1.si\/wp-content\/uploads\/2026\/07\/HOKBI5BWcAAj9Bj.avif","datePublished":"2026-09-04T09:53:28+00:00","description":"Dirke Formule 1 naj bi bile leta 2027 kraj\u0161e, saj so se ekipe sporazumele o na\u010drtu za splo\u0161no zmanj\u0161anje razdalje dirk s 305 km na 290 km.","breadcrumb":{"@id":"https:\/\/portalf1.si\/uradno-formula-1-bo-naslednje-leto-skrajsala-dirke\/#breadcrumb"},"inLanguage":"en-US","potentialAction":[{"@type":"ReadAction","target":["https:\/\/portalf1.si\/uradno-formula-1-bo-naslednje-leto-skrajsala-dirke\/"]}]},{"@type":"ImageObject","inLanguage":"en-US","@id":"https:\/\/portalf1.si\/uradno-formula-1-bo-naslednje-leto-skrajsala-dirke\/#primaryimage","url":"https:\/\/portalf1.si\/wp-content\/uploads\/2026\/07\/HOKBI5BWcAAj9Bj.avif","contentUrl":"https:\/\/portalf1.si\/wp-content\/uploads\/2026\/07\/HOKBI5BWcAAj9Bj.avif","width":680,"height":383},{"@type":"BreadcrumbList","@id":"https:\/\/portalf1.si\/uradno-formula-1-bo-naslednje-leto-skrajsala-dirke\/#breadcrumb","itemListElement":[{"@type":"ListItem","position":1,"name":"Home","item":"https:\/\/portalf1.si\/"},{"@type":"ListItem","position":2,"name":"Uradno! Formula 1 bo naslednje leto skraj\u0161ala dirke!"}]},{"@type":"WebSite","@id":"https:\/\/portalf1.si\/#website","url":"https:\/\/portalf1.si\/","name":"Portal F1","description":"Najnovej\u0161e novice iz sveta F1","publisher":{"@id":"https:\/\/portalf1.si\/#organization"},"potentialAction":[{"@type":"SearchAction","target":{"@type":"EntryPoint","urlTemplate":"https:\/\/portalf1.si\/?s={search_term_string}"},"query-input":{"@type":"PropertyValueSpecification","valueRequired":true,"valueName":"search_term_string"}}],"inLanguage":"en-US"},{"@type":"Organization","@id":"https:\/\/portalf1.si\/#organization","name":"Portal F1","url":"https:\/\/portalf1.si\/","logo":{"@type":"ImageObject","inLanguage":"en-US","@id":"https:\/\/portalf1.si\/#\/schema\/logo\/image\/","url":"https:\/\/portalf1.si\/wp-content\/uploads\/2025\/02\/cropped-HiPaint_1738532868530.png","contentUrl":"https:\/\/portalf1.si\/wp-content\/uploads\/2025\/02\/cropped-HiPaint_1738532868530.png","width":512,"height":512,"caption":"Portal F1"},"image":{"@id":"https:\/\/portalf1.si\/#\/schema\/logo\/image\/"},"sameAs":["https:\/\/www.facebook.com\/portalf1.si\/?locale=sl_SI"]},{"@type":"Person","@id":"https:\/\/portalf1.si\/#\/schema\/person\/abfef3ba57233710daadfbdd742fecd5","name":"Denis Stoy","image":{"@type":"ImageObject","inLanguage":"en-US","@id":"https:\/\/secure.gravatar.com\/avatar\/b006ce11dfb9c6e47e9de9803eefbdc14aa4afb445f3cca05acc735c22115b38?s=96&d=mm&r=g","url":"https:\/\/secure.gravatar.com\/avatar\/b006ce11dfb9c6e47e9de9803eefbdc14aa4afb445f3cca05acc735c22115b38?s=96&d=mm&r=g","contentUrl":"https:\/\/secure.gravatar.com\/avatar\/b006ce11dfb9c6e47e9de9803eefbdc14aa4afb445f3cca05acc735c22115b38?s=96&d=mm&r=g","caption":"Denis \u0160tojs"},"sameAs":["https:\/\/portalf1.si"],"url":"https:\/\/portalf1.si\/en\/author\/portalf1\/"}]}},"_links":{"self":[{"href":"https:\/\/portalf1.si\/en\/wp-json\/wp\/v2\/posts\/16100","targetHints":{"allow":["GET"]}}],"collection":[{"href":"https:\/\/portalf1.si\/en\/wp-json\/wp\/v2\/posts"}],"about":[{"href":"https:\/\/portalf1.si\/en\/wp-json\/wp\/v2\/types\/post"}],"author":[{"embeddable":true,"href":"https:\/\/portalf1.si\/en\/wp-json\/wp\/v2\/users\/1"}],"replies":[{"embeddable":true,"href":"https:\/\/portalf1.si\/en\/wp-json\/wp\/v2\/comments?post=16100"}],"version-history":[{"count":2,"href":"https:\/\/portalf1.si\/en\/wp-json\/wp\/v2\/posts\/16100\/revisions"}],"predecessor-version":[{"id":16102,"href":"https:\/\/portalf1.si\/en\/wp-json\/wp\/v2\/posts\/16100\/revisions\/16102"}],"wp:featuredmedia":[{"embeddable":true,"href":"https:\/\/portalf1.si\/en\/wp-json\/wp\/v2\/media\/15566"}],"wp:attachment":[{"href":"https:\/\/portalf1.si\/en\/wp-json\/wp\/v2\/media?parent=16100"}],"wp:term":[{"taxonomy":"category","embeddable":true,"href":"https:\/\/portalf1.si\/en\/wp-json\/wp\/v2\/categories?post=16100"},{"taxonomy":"post_tag","embeddable":true,"href":"https:\/\/portalf1.si\/en\/wp-json\/wp\/v2\/tags?post=16100"}],"curies":[{"name":"wp","href":"https:\/\/api.w.org\/{rel}","templated":true}]}}