{"id":16112,"date":"2026-09-04T22:49:52","date_gmt":"2026-09-04T22:49:52","guid":{"rendered":"https:\/\/portalf1.si\/?p=16112"},"modified":"2026-09-04T22:49:52","modified_gmt":"2026-09-04T22:49:52","slug":"fia-po-pritozbi-mclarna-in-red-bulla-ponovno-spremenila-koncni-vrstni-red-dirke-v-monaku","status":"publish","type":"post","link":"https:\/\/portalf1.si\/en\/fia-po-pritozbi-mclarna-in-red-bulla-ponovno-spremenila-koncni-vrstni-red-dirke-v-monaku\/","title":{"rendered":"FIA po prito\u017ebi McLarna in Red Bulla ponovno spremenila kon\u010dni vrstni red dirke v Monaku!"},"content":{"rendered":"<p dir=\"ltr\"><strong>Mednarodno prito\u017ebeno sodi\u0161\u010de FIA je izreklo sodbo po obravnavi, ki je sledila prito\u017ebi mo\u0161tev Red Bull in McLaren na odlo\u010ditev komisarjev o preklicu \u010dasovnih kazni za Pierra Gaslyja na Veliki nagradi Monaka. Sodba je bila izre\u010dena v korist obeh ekip, kar pomeni, da je stopni\u010dke znova osvojil Isack Hadjar.<\/strong><\/p>\n<p dir=\"ltr\">\u200bPrimer sega v \u010das Velike nagrade Monaka, kjer so Pierru Gaslyju prisodili dve petsekundni \u010dasovni kazni, zaradi katerih je v kon\u010dni razvrstitvi padel s tretjega na sedmo mesto. Ekipa Alpine je naknadno vlo\u017eila zahtevo za ponovni pregled (Right of Review) in komisarji so 12. junija odlo\u010dili, da obe kazni razveljavijo ter vrnejo Gaslyjev prvotni rezultat.<\/p>\n<p dir=\"ltr\">\u200bNa to odlo\u010ditev sta se nato prito\u017eila McLaren in Red Bull, Mednarodno prito\u017ebeno sodi\u0161\u010de FIA pa je zdaj razsodilo v njuno korist. Gaslyjevi dve petsekundni kazni sta bili zato ponovno uveljavljeni, odlo\u010ditev komisarjev z dne 12. junija pa razveljavljena. To pomeni, da je treba uradno razvrstitev dirke in pripadajo\u010de to\u010dke prvenstva ustrezno spremeniti, s \u010dimer se dejansko vra\u010da prvotni izid, po katerem je bil Gasly uvr\u0161\u010den na sedmo mesto.<\/p>\n<p dir=\"ltr\">\u200bOrganu FIA in ekipi Alpine je bilo prav tako nalo\u017eeno, da vsak krije 50 % stro\u0161kov postopka, medtem ko bodo kavcije, ki so jih pla\u010dali McLaren, Red Bull in Racing Bulls, vrnjene.<\/p>\n<p dir=\"ltr\">\u200bFIA se je na izid odzvala z napovedjo \u0161ir\u0161ega pregleda nekaterih svojih postopkov v Formuli 1. Po sodbi sodi\u0161\u010da ICA bo krovna organizacija preu\u010dila delovanje in metodologijo sistema za merjenje \u010dasa v prvenstvu ter z njim povezane predpise, pod drobnogledom pa se bosta zna\u0161la tudi procesa za ponovni pregled in prito\u017ebo. Kljub razpletu primera je FIA poudarila svoje zaupanje v neodvisnost in objektivnost svojih komisarjev ter izpostavila razli\u010dne okoli\u0161\u010dine, v katerih odlo\u010dajo oni in sodi\u0161\u010de.<\/p>\n<p dir=\"ltr\">\u200b<em>&#8220;FIA jemlje na znanje dana\u0161njo odlo\u010ditev Mednarodnega prito\u017ebenega sodi\u0161\u010da (ICA) v zvezi z obravnavo v torek, 25. avgusta (primer ICA-2026-06-07-08-09). Odlo\u010ditev sodi\u0161\u010da ICA ugodi prito\u017ebam mo\u0161tev McLaren F1 Team in Red Bull Racing zoper odlo\u010ditve komisarjev iz dokumenta 99 Velike nagrade Monaka in te odlo\u010ditve dejansko razveljavlja.&#8221;<\/em><\/p>\n<p dir=\"ltr\"><em>&#8220;\u200bFIA preu\u010duje metodologijo in delovanje trenutnega sistema za merjenje \u010dasa v Formuli 1 ter z njim povezana regulativna vpra\u0161anja. Pregledala bo tudi druge pravosodne postopke in delovanje, vklju\u010dno s pravico do ponovnega pregleda in prito\u017ebenimi postopki.&#8221;<\/em><\/p>\n<p dir=\"ltr\"><em>&#8220;\u200bFIA v celoti podpira komisarski postopek ter neodvisnost in objektivnost raznolikih senatov komisarjev, ki so sestavni del svetovnega avtomobilskega \u0161porta. Odlo\u010ditve komisarjev so sprejete v druga\u010dnem okolju kot odlo\u010ditve sodi\u0161\u010da, saj ima sodi\u0161\u010de dostop do obse\u017enih in dodatnih pravnih nasvetov, argumentov ter dokazov.&#8221;<\/em><\/p>\n<p dir=\"ltr\"><em>&#8220;\u200bKomisarji FIA nenehno pregledujejo svoje postopke in se udele\u017eujejo obse\u017enih usposabljanj za profesionalni razvoj. Komisarji FIA skrbno preu\u010dijo vsako odlo\u010ditev sodi\u0161\u010da ICA, kar zagotavlja proces stalnih izbolj\u0161av.&#8221;<\/em><\/p>\n<blockquote class=\"wp-embedded-content\" data-secret=\"VSBzJxQAT1\"><p><a href=\"https:\/\/portalf1.si\/en\/uradno-gaslyju-po-uspesni-pritozbi-vrnjene-stopnicke-v-monaku\/\">Uradno! Gaslyju po uspe\u0161ni prito\u017ebi vrnjene stopni\u010dke v Monaku<\/a><\/p><\/blockquote>\n<p><iframe loading=\"lazy\" class=\"wp-embedded-content\" sandbox=\"allow-scripts\" security=\"restricted\" style=\"position: absolute; visibility: hidden;\" title=\"\u201cUradno! Gaslyju po uspe\u0161ni prito\u017ebi vrnjene stopni\u010dke v Monaku\u201d \u2014 Portal F1\" src=\"https:\/\/portalf1.si\/uradno-gaslyju-po-uspesni-pritozbi-vrnjene-stopnicke-v-monaku\/embed\/#?secret=EacgKPrjOm#?secret=VSBzJxQAT1\" data-secret=\"VSBzJxQAT1\" width=\"600\" height=\"338\" frameborder=\"0\" marginwidth=\"0\" marginheight=\"0\" scrolling=\"no\"><\/iframe><\/p>","protected":false},"excerpt":{"rendered":"<p>Mednarodno prito\u017ebeno sodi\u0161\u010de FIA je izreklo sodbo po obravnavi, ki je sledila prito\u017ebi mo\u0161tev Red Bull in McLaren na odlo\u010ditev komisarjev o preklicu \u010dasovnih kazni za Pierra Gaslyja na Veliki nagradi Monaka. Sodba je bila izre\u010dena v korist obeh ekip, kar pomeni, da je stopni\u010dke znova osvojil Isack Hadjar. \u200bPrimer sega v \u010das Velike nagrade [&hellip;]<\/p>\n","protected":false},"author":1,"featured_media":16115,"comment_status":"open","ping_status":"closed","sticky":false,"template":"","format":"standard","meta":{"footnotes":""},"categories":[30,40,31,36,122],"tags":[44,317,159,45,318,158,76,64,123],"class_list":["post-16112","post","type-post","status-publish","format-standard","has-post-thumbnail","hentry","category-formula-1","category-mclaren","category-novice","category-red-bull","category-vn-monaka","tag-f1","tag-f1-2026","tag-f1-slovenija","tag-formula-1","tag-formula-1-2026","tag-formula-1-slovenija","tag-mclaren","tag-red-bull","tag-vn-monaka"],"blocksy_meta":{"styles_descriptor":{"styles":{"desktop":"","tablet":"","mobile":""},"google_fonts":[],"version":8}},"yoast_head":"<!-- This site is optimized with the Yoast SEO plugin v28.4 - https:\/\/yoast.com\/product\/yoast-seo-wordpress\/ -->\n<title>FIA po prito\u017ebi McLarna in Red Bulla ponovno spremenila kon\u010dni vrstni red dirke v Monaku! - Portal F1<\/title>\n<meta name=\"description\" content=\"FIA je izrekla sodbo, ki je sledila prito\u017ebi mo\u0161tev Red Bull in McLaren na odlo\u010ditev o preklicu \u010dasovnih kazni za Pierra Gaslyja na VN Monaka.\" \/>\n<meta name=\"robots\" content=\"index, follow, max-snippet:-1, max-image-preview:large, max-video-preview:-1\" \/>\n<link rel=\"canonical\" href=\"https:\/\/portalf1.si\/en\/fia-po-pritozbi-mclarna-in-red-bulla-ponovno-spremenila-koncni-vrstni-red-dirke-v-monaku\/\" \/>\n<meta property=\"og:locale\" content=\"en_US\" \/>\n<meta property=\"og:type\" content=\"article\" \/>\n<meta property=\"og:title\" content=\"FIA po prito\u017ebi McLarna in Red Bulla ponovno spremenila kon\u010dni vrstni red dirke v Monaku! - Portal F1\" \/>\n<meta property=\"og:description\" content=\"FIA je izrekla sodbo, ki je sledila prito\u017ebi mo\u0161tev Red Bull in McLaren na odlo\u010ditev o preklicu \u010dasovnih kazni za Pierra Gaslyja na VN Monaka.\" \/>\n<meta property=\"og:url\" content=\"https:\/\/portalf1.si\/en\/fia-po-pritozbi-mclarna-in-red-bulla-ponovno-spremenila-koncni-vrstni-red-dirke-v-monaku\/\" \/>\n<meta property=\"og:site_name\" content=\"Portal F1\" \/>\n<meta property=\"article:publisher\" content=\"https:\/\/www.facebook.com\/portalf1.si\/?locale=sl_SI\" \/>\n<meta property=\"article:published_time\" content=\"2026-09-04T22:49:52+00:00\" \/>\n<meta property=\"og:image\" content=\"https:\/\/portalf1.si\/wp-content\/uploads\/2026\/09\/the-podium-for-monaco-2026-v0-ush42ihytv5h1.avif\" \/>\n\t<meta property=\"og:image:width\" content=\"1080\" \/>\n\t<meta property=\"og:image:height\" content=\"674\" \/>\n\t<meta property=\"og:image:type\" content=\"image\/jpeg\" \/>\n<meta name=\"author\" content=\"Denis \u0160tojs\" \/>\n<meta name=\"twitter:card\" content=\"summary_large_image\" \/>\n<meta name=\"twitter:label1\" content=\"Written by\" \/>\n\t<meta name=\"twitter:data1\" content=\"Denis \u0160tojs\" \/>\n\t<meta name=\"twitter:label2\" content=\"Est. reading time\" \/>\n\t<meta name=\"twitter:data2\" content=\"3 minutes\" \/>\n<script type=\"application\/ld+json\" class=\"yoast-schema-graph\">{\"@context\":\"https:\\\/\\\/schema.org\",\"@graph\":[{\"@type\":\"Article\",\"@id\":\"https:\\\/\\\/portalf1.si\\\/fia-po-pritozbi-mclarna-in-red-bulla-ponovno-spremenila-koncni-vrstni-red-dirke-v-monaku\\\/#article\",\"isPartOf\":{\"@id\":\"https:\\\/\\\/portalf1.si\\\/fia-po-pritozbi-mclarna-in-red-bulla-ponovno-spremenila-koncni-vrstni-red-dirke-v-monaku\\\/\"},\"author\":{\"name\":\"Denis \u0160tojs\",\"@id\":\"https:\\\/\\\/portalf1.si\\\/#\\\/schema\\\/person\\\/abfef3ba57233710daadfbdd742fecd5\"},\"headline\":\"FIA po prito\u017ebi McLarna in Red Bulla ponovno spremenila kon\u010dni vrstni red dirke v Monaku!\",\"datePublished\":\"2026-09-04T22:49:52+00:00\",\"mainEntityOfPage\":{\"@id\":\"https:\\\/\\\/portalf1.si\\\/fia-po-pritozbi-mclarna-in-red-bulla-ponovno-spremenila-koncni-vrstni-red-dirke-v-monaku\\\/\"},\"wordCount\":507,\"commentCount\":0,\"publisher\":{\"@id\":\"https:\\\/\\\/portalf1.si\\\/#organization\"},\"image\":{\"@id\":\"https:\\\/\\\/portalf1.si\\\/fia-po-pritozbi-mclarna-in-red-bulla-ponovno-spremenila-koncni-vrstni-red-dirke-v-monaku\\\/#primaryimage\"},\"thumbnailUrl\":\"https:\\\/\\\/portalf1.si\\\/wp-content\\\/uploads\\\/2026\\\/09\\\/the-podium-for-monaco-2026-v0-ush42ihytv5h1.avif\",\"keywords\":[\"F1\",\"F1 2026\",\"F1 Slovenija\",\"Formula 1\",\"Formula 1 2026\",\"Formula 1 Slovenija\",\"McLaren\",\"Red Bull\",\"VN Monaka\"],\"articleSection\":[\"Formula 1\",\"Mclaren\",\"Novice\",\"Red Bull\",\"VN Monaka\"],\"inLanguage\":\"en-US\",\"potentialAction\":[{\"@type\":\"CommentAction\",\"name\":\"Comment\",\"target\":[\"https:\\\/\\\/portalf1.si\\\/fia-po-pritozbi-mclarna-in-red-bulla-ponovno-spremenila-koncni-vrstni-red-dirke-v-monaku\\\/#respond\"]}]},{\"@type\":\"WebPage\",\"@id\":\"https:\\\/\\\/portalf1.si\\\/fia-po-pritozbi-mclarna-in-red-bulla-ponovno-spremenila-koncni-vrstni-red-dirke-v-monaku\\\/\",\"url\":\"https:\\\/\\\/portalf1.si\\\/fia-po-pritozbi-mclarna-in-red-bulla-ponovno-spremenila-koncni-vrstni-red-dirke-v-monaku\\\/\",\"name\":\"FIA po prito\u017ebi McLarna in Red Bulla ponovno spremenila kon\u010dni vrstni red dirke v Monaku! - Portal F1\",\"isPartOf\":{\"@id\":\"https:\\\/\\\/portalf1.si\\\/#website\"},\"primaryImageOfPage\":{\"@id\":\"https:\\\/\\\/portalf1.si\\\/fia-po-pritozbi-mclarna-in-red-bulla-ponovno-spremenila-koncni-vrstni-red-dirke-v-monaku\\\/#primaryimage\"},\"image\":{\"@id\":\"https:\\\/\\\/portalf1.si\\\/fia-po-pritozbi-mclarna-in-red-bulla-ponovno-spremenila-koncni-vrstni-red-dirke-v-monaku\\\/#primaryimage\"},\"thumbnailUrl\":\"https:\\\/\\\/portalf1.si\\\/wp-content\\\/uploads\\\/2026\\\/09\\\/the-podium-for-monaco-2026-v0-ush42ihytv5h1.avif\",\"datePublished\":\"2026-09-04T22:49:52+00:00\",\"description\":\"FIA je izrekla sodbo, ki je sledila prito\u017ebi mo\u0161tev Red Bull in McLaren na odlo\u010ditev o preklicu \u010dasovnih kazni za Pierra Gaslyja na VN Monaka.\",\"breadcrumb\":{\"@id\":\"https:\\\/\\\/portalf1.si\\\/fia-po-pritozbi-mclarna-in-red-bulla-ponovno-spremenila-koncni-vrstni-red-dirke-v-monaku\\\/#breadcrumb\"},\"inLanguage\":\"en-US\",\"potentialAction\":[{\"@type\":\"ReadAction\",\"target\":[\"https:\\\/\\\/portalf1.si\\\/fia-po-pritozbi-mclarna-in-red-bulla-ponovno-spremenila-koncni-vrstni-red-dirke-v-monaku\\\/\"]}]},{\"@type\":\"ImageObject\",\"inLanguage\":\"en-US\",\"@id\":\"https:\\\/\\\/portalf1.si\\\/fia-po-pritozbi-mclarna-in-red-bulla-ponovno-spremenila-koncni-vrstni-red-dirke-v-monaku\\\/#primaryimage\",\"url\":\"https:\\\/\\\/portalf1.si\\\/wp-content\\\/uploads\\\/2026\\\/09\\\/the-podium-for-monaco-2026-v0-ush42ihytv5h1.avif\",\"contentUrl\":\"https:\\\/\\\/portalf1.si\\\/wp-content\\\/uploads\\\/2026\\\/09\\\/the-podium-for-monaco-2026-v0-ush42ihytv5h1.avif\",\"width\":1080,\"height\":674},{\"@type\":\"BreadcrumbList\",\"@id\":\"https:\\\/\\\/portalf1.si\\\/fia-po-pritozbi-mclarna-in-red-bulla-ponovno-spremenila-koncni-vrstni-red-dirke-v-monaku\\\/#breadcrumb\",\"itemListElement\":[{\"@type\":\"ListItem\",\"position\":1,\"name\":\"Home\",\"item\":\"https:\\\/\\\/portalf1.si\\\/\"},{\"@type\":\"ListItem\",\"position\":2,\"name\":\"FIA po prito\u017ebi McLarna in Red Bulla ponovno spremenila kon\u010dni vrstni red dirke v Monaku!\"}]},{\"@type\":\"WebSite\",\"@id\":\"https:\\\/\\\/portalf1.si\\\/#website\",\"url\":\"https:\\\/\\\/portalf1.si\\\/\",\"name\":\"Portal F1\",\"description\":\"Najnovej\u0161e novice iz sveta F1\",\"publisher\":{\"@id\":\"https:\\\/\\\/portalf1.si\\\/#organization\"},\"potentialAction\":[{\"@type\":\"SearchAction\",\"target\":{\"@type\":\"EntryPoint\",\"urlTemplate\":\"https:\\\/\\\/portalf1.si\\\/?s={search_term_string}\"},\"query-input\":{\"@type\":\"PropertyValueSpecification\",\"valueRequired\":true,\"valueName\":\"search_term_string\"}}],\"inLanguage\":\"en-US\"},{\"@type\":\"Organization\",\"@id\":\"https:\\\/\\\/portalf1.si\\\/#organization\",\"name\":\"Portal F1\",\"url\":\"https:\\\/\\\/portalf1.si\\\/\",\"logo\":{\"@type\":\"ImageObject\",\"inLanguage\":\"en-US\",\"@id\":\"https:\\\/\\\/portalf1.si\\\/#\\\/schema\\\/logo\\\/image\\\/\",\"url\":\"https:\\\/\\\/portalf1.si\\\/wp-content\\\/uploads\\\/2025\\\/02\\\/cropped-HiPaint_1738532868530.png\",\"contentUrl\":\"https:\\\/\\\/portalf1.si\\\/wp-content\\\/uploads\\\/2025\\\/02\\\/cropped-HiPaint_1738532868530.png\",\"width\":512,\"height\":512,\"caption\":\"Portal F1\"},\"image\":{\"@id\":\"https:\\\/\\\/portalf1.si\\\/#\\\/schema\\\/logo\\\/image\\\/\"},\"sameAs\":[\"https:\\\/\\\/www.facebook.com\\\/portalf1.si\\\/?locale=sl_SI\"]},{\"@type\":\"Person\",\"@id\":\"https:\\\/\\\/portalf1.si\\\/#\\\/schema\\\/person\\\/abfef3ba57233710daadfbdd742fecd5\",\"name\":\"Denis \u0160tojs\",\"image\":{\"@type\":\"ImageObject\",\"inLanguage\":\"en-US\",\"@id\":\"https:\\\/\\\/secure.gravatar.com\\\/avatar\\\/b006ce11dfb9c6e47e9de9803eefbdc14aa4afb445f3cca05acc735c22115b38?s=96&d=mm&r=g\",\"url\":\"https:\\\/\\\/secure.gravatar.com\\\/avatar\\\/b006ce11dfb9c6e47e9de9803eefbdc14aa4afb445f3cca05acc735c22115b38?s=96&d=mm&r=g\",\"contentUrl\":\"https:\\\/\\\/secure.gravatar.com\\\/avatar\\\/b006ce11dfb9c6e47e9de9803eefbdc14aa4afb445f3cca05acc735c22115b38?s=96&d=mm&r=g\",\"caption\":\"Denis \u0160tojs\"},\"sameAs\":[\"https:\\\/\\\/portalf1.si\"],\"url\":\"https:\\\/\\\/portalf1.si\\\/en\\\/author\\\/portalf1\\\/\"}]}<\/script>\n<!-- \/ Yoast SEO plugin. -->","yoast_head_json":{"title":"FIA po prito\u017ebi McLarna in Red Bulla ponovno spremenila kon\u010dni vrstni red dirke v Monaku! - Portal F1","description":"FIA je izrekla sodbo, ki je sledila prito\u017ebi mo\u0161tev Red Bull in McLaren na odlo\u010ditev o preklicu \u010dasovnih kazni za Pierra Gaslyja na VN Monaka.","robots":{"index":"index","follow":"follow","max-snippet":"max-snippet:-1","max-image-preview":"max-image-preview:large","max-video-preview":"max-video-preview:-1"},"canonical":"https:\/\/portalf1.si\/en\/fia-po-pritozbi-mclarna-in-red-bulla-ponovno-spremenila-koncni-vrstni-red-dirke-v-monaku\/","og_locale":"en_US","og_type":"article","og_title":"FIA po prito\u017ebi McLarna in Red Bulla ponovno spremenila kon\u010dni vrstni red dirke v Monaku! - Portal F1","og_description":"FIA je izrekla sodbo, ki je sledila prito\u017ebi mo\u0161tev Red Bull in McLaren na odlo\u010ditev o preklicu \u010dasovnih kazni za Pierra Gaslyja na VN Monaka.","og_url":"https:\/\/portalf1.si\/en\/fia-po-pritozbi-mclarna-in-red-bulla-ponovno-spremenila-koncni-vrstni-red-dirke-v-monaku\/","og_site_name":"Portal F1","article_publisher":"https:\/\/www.facebook.com\/portalf1.si\/?locale=sl_SI","article_published_time":"2026-09-04T22:49:52+00:00","og_image":[{"width":1080,"height":674,"url":"https:\/\/portalf1.si\/wp-content\/uploads\/2026\/09\/the-podium-for-monaco-2026-v0-ush42ihytv5h1.avif","type":"image\/jpeg"}],"author":"Denis \u0160tojs","twitter_card":"summary_large_image","twitter_misc":{"Written by":"Denis \u0160tojs","Est. reading time":"3 minutes"},"schema":{"@context":"https:\/\/schema.org","@graph":[{"@type":"Article","@id":"https:\/\/portalf1.si\/fia-po-pritozbi-mclarna-in-red-bulla-ponovno-spremenila-koncni-vrstni-red-dirke-v-monaku\/#article","isPartOf":{"@id":"https:\/\/portalf1.si\/fia-po-pritozbi-mclarna-in-red-bulla-ponovno-spremenila-koncni-vrstni-red-dirke-v-monaku\/"},"author":{"name":"Denis \u0160tojs","@id":"https:\/\/portalf1.si\/#\/schema\/person\/abfef3ba57233710daadfbdd742fecd5"},"headline":"FIA po prito\u017ebi McLarna in Red Bulla ponovno spremenila kon\u010dni vrstni red dirke v Monaku!","datePublished":"2026-09-04T22:49:52+00:00","mainEntityOfPage":{"@id":"https:\/\/portalf1.si\/fia-po-pritozbi-mclarna-in-red-bulla-ponovno-spremenila-koncni-vrstni-red-dirke-v-monaku\/"},"wordCount":507,"commentCount":0,"publisher":{"@id":"https:\/\/portalf1.si\/#organization"},"image":{"@id":"https:\/\/portalf1.si\/fia-po-pritozbi-mclarna-in-red-bulla-ponovno-spremenila-koncni-vrstni-red-dirke-v-monaku\/#primaryimage"},"thumbnailUrl":"https:\/\/portalf1.si\/wp-content\/uploads\/2026\/09\/the-podium-for-monaco-2026-v0-ush42ihytv5h1.avif","keywords":["F1","F1 2026","F1 Slovenija","Formula 1","Formula 1 2026","Formula 1 Slovenija","McLaren","Red Bull","VN Monaka"],"articleSection":["Formula 1","Mclaren","Novice","Red Bull","VN Monaka"],"inLanguage":"en-US","potentialAction":[{"@type":"CommentAction","name":"Comment","target":["https:\/\/portalf1.si\/fia-po-pritozbi-mclarna-in-red-bulla-ponovno-spremenila-koncni-vrstni-red-dirke-v-monaku\/#respond"]}]},{"@type":"WebPage","@id":"https:\/\/portalf1.si\/fia-po-pritozbi-mclarna-in-red-bulla-ponovno-spremenila-koncni-vrstni-red-dirke-v-monaku\/","url":"https:\/\/portalf1.si\/fia-po-pritozbi-mclarna-in-red-bulla-ponovno-spremenila-koncni-vrstni-red-dirke-v-monaku\/","name":"FIA po prito\u017ebi McLarna in Red Bulla ponovno spremenila kon\u010dni vrstni red dirke v Monaku! - Portal F1","isPartOf":{"@id":"https:\/\/portalf1.si\/#website"},"primaryImageOfPage":{"@id":"https:\/\/portalf1.si\/fia-po-pritozbi-mclarna-in-red-bulla-ponovno-spremenila-koncni-vrstni-red-dirke-v-monaku\/#primaryimage"},"image":{"@id":"https:\/\/portalf1.si\/fia-po-pritozbi-mclarna-in-red-bulla-ponovno-spremenila-koncni-vrstni-red-dirke-v-monaku\/#primaryimage"},"thumbnailUrl":"https:\/\/portalf1.si\/wp-content\/uploads\/2026\/09\/the-podium-for-monaco-2026-v0-ush42ihytv5h1.avif","datePublished":"2026-09-04T22:49:52+00:00","description":"FIA je izrekla sodbo, ki je sledila prito\u017ebi mo\u0161tev Red Bull in McLaren na odlo\u010ditev o preklicu \u010dasovnih kazni za Pierra Gaslyja na VN Monaka.","breadcrumb":{"@id":"https:\/\/portalf1.si\/fia-po-pritozbi-mclarna-in-red-bulla-ponovno-spremenila-koncni-vrstni-red-dirke-v-monaku\/#breadcrumb"},"inLanguage":"en-US","potentialAction":[{"@type":"ReadAction","target":["https:\/\/portalf1.si\/fia-po-pritozbi-mclarna-in-red-bulla-ponovno-spremenila-koncni-vrstni-red-dirke-v-monaku\/"]}]},{"@type":"ImageObject","inLanguage":"en-US","@id":"https:\/\/portalf1.si\/fia-po-pritozbi-mclarna-in-red-bulla-ponovno-spremenila-koncni-vrstni-red-dirke-v-monaku\/#primaryimage","url":"https:\/\/portalf1.si\/wp-content\/uploads\/2026\/09\/the-podium-for-monaco-2026-v0-ush42ihytv5h1.avif","contentUrl":"https:\/\/portalf1.si\/wp-content\/uploads\/2026\/09\/the-podium-for-monaco-2026-v0-ush42ihytv5h1.avif","width":1080,"height":674},{"@type":"BreadcrumbList","@id":"https:\/\/portalf1.si\/fia-po-pritozbi-mclarna-in-red-bulla-ponovno-spremenila-koncni-vrstni-red-dirke-v-monaku\/#breadcrumb","itemListElement":[{"@type":"ListItem","position":1,"name":"Home","item":"https:\/\/portalf1.si\/"},{"@type":"ListItem","position":2,"name":"FIA po prito\u017ebi McLarna in Red Bulla ponovno spremenila kon\u010dni vrstni red dirke v Monaku!"}]},{"@type":"WebSite","@id":"https:\/\/portalf1.si\/#website","url":"https:\/\/portalf1.si\/","name":"Portal F1","description":"Najnovej\u0161e novice iz sveta F1","publisher":{"@id":"https:\/\/portalf1.si\/#organization"},"potentialAction":[{"@type":"SearchAction","target":{"@type":"EntryPoint","urlTemplate":"https:\/\/portalf1.si\/?s={search_term_string}"},"query-input":{"@type":"PropertyValueSpecification","valueRequired":true,"valueName":"search_term_string"}}],"inLanguage":"en-US"},{"@type":"Organization","@id":"https:\/\/portalf1.si\/#organization","name":"Portal F1","url":"https:\/\/portalf1.si\/","logo":{"@type":"ImageObject","inLanguage":"en-US","@id":"https:\/\/portalf1.si\/#\/schema\/logo\/image\/","url":"https:\/\/portalf1.si\/wp-content\/uploads\/2025\/02\/cropped-HiPaint_1738532868530.png","contentUrl":"https:\/\/portalf1.si\/wp-content\/uploads\/2025\/02\/cropped-HiPaint_1738532868530.png","width":512,"height":512,"caption":"Portal F1"},"image":{"@id":"https:\/\/portalf1.si\/#\/schema\/logo\/image\/"},"sameAs":["https:\/\/www.facebook.com\/portalf1.si\/?locale=sl_SI"]},{"@type":"Person","@id":"https:\/\/portalf1.si\/#\/schema\/person\/abfef3ba57233710daadfbdd742fecd5","name":"Denis Stoy","image":{"@type":"ImageObject","inLanguage":"en-US","@id":"https:\/\/secure.gravatar.com\/avatar\/b006ce11dfb9c6e47e9de9803eefbdc14aa4afb445f3cca05acc735c22115b38?s=96&d=mm&r=g","url":"https:\/\/secure.gravatar.com\/avatar\/b006ce11dfb9c6e47e9de9803eefbdc14aa4afb445f3cca05acc735c22115b38?s=96&d=mm&r=g","contentUrl":"https:\/\/secure.gravatar.com\/avatar\/b006ce11dfb9c6e47e9de9803eefbdc14aa4afb445f3cca05acc735c22115b38?s=96&d=mm&r=g","caption":"Denis \u0160tojs"},"sameAs":["https:\/\/portalf1.si"],"url":"https:\/\/portalf1.si\/en\/author\/portalf1\/"}]}},"_links":{"self":[{"href":"https:\/\/portalf1.si\/en\/wp-json\/wp\/v2\/posts\/16112","targetHints":{"allow":["GET"]}}],"collection":[{"href":"https:\/\/portalf1.si\/en\/wp-json\/wp\/v2\/posts"}],"about":[{"href":"https:\/\/portalf1.si\/en\/wp-json\/wp\/v2\/types\/post"}],"author":[{"embeddable":true,"href":"https:\/\/portalf1.si\/en\/wp-json\/wp\/v2\/users\/1"}],"replies":[{"embeddable":true,"href":"https:\/\/portalf1.si\/en\/wp-json\/wp\/v2\/comments?post=16112"}],"version-history":[{"count":2,"href":"https:\/\/portalf1.si\/en\/wp-json\/wp\/v2\/posts\/16112\/revisions"}],"predecessor-version":[{"id":16116,"href":"https:\/\/portalf1.si\/en\/wp-json\/wp\/v2\/posts\/16112\/revisions\/16116"}],"wp:featuredmedia":[{"embeddable":true,"href":"https:\/\/portalf1.si\/en\/wp-json\/wp\/v2\/media\/16115"}],"wp:attachment":[{"href":"https:\/\/portalf1.si\/en\/wp-json\/wp\/v2\/media?parent=16112"}],"wp:term":[{"taxonomy":"category","embeddable":true,"href":"https:\/\/portalf1.si\/en\/wp-json\/wp\/v2\/categories?post=16112"},{"taxonomy":"post_tag","embeddable":true,"href":"https:\/\/portalf1.si\/en\/wp-json\/wp\/v2\/tags?post=16112"}],"curies":[{"name":"wp","href":"https:\/\/api.w.org\/{rel}","templated":true}]}}