{"id":12714,"date":"2026-04-25T19:14:47","date_gmt":"2026-04-25T19:14:47","guid":{"rendered":"https:\/\/portalf1.si\/?p=12714"},"modified":"2026-04-25T19:14:47","modified_gmt":"2026-04-25T19:14:47","slug":"anketa-katero-dirkalisce-bi-si-zeleli-ponovno-videti-na-koledarju-formule-1","status":"publish","type":"post","link":"https:\/\/portalf1.si\/index.php\/2026\/04\/25\/anketa-katero-dirkalisce-bi-si-zeleli-ponovno-videti-na-koledarju-formule-1\/","title":{"rendered":"Anketa: Katero dirkali\u0161\u010de bi si \u017eeleli ponovno videti na koledarju Formule 1?"},"content":{"rendered":"<p><strong>Koledarju Formule 1 se pet let po njeni zadnji izvedbi ponovno pridru\u017euje tako med navija\u010di kot tudi med dirka\u010di pribljubljena Velika nagrada Tur\u010dije v Istanbulu. Ob tem pa se poraja vpra\u0161anje, katero od ostalih kultnih dirkali\u0161\u010d bi si tudi zaslu\u017eilo vrnitev na koledar dirk. Izbira je zelo pestra, a katero dirkali\u0161\u010de pa bi izbrali vi? Podajte nam svoje mnenje.<\/strong><\/p>\n<div id=\"polls-31\" class=\"wp-polls\">\n\t<form id=\"polls_form_31\" class=\"wp-polls-form\" action=\"\/index.php\" method=\"post\">\n\t\t<p style=\"display: none;\"><input type=\"hidden\" id=\"poll_31_nonce\" name=\"wp-polls-nonce\" value=\"9424186099\" \/><\/p>\n\t\t<p style=\"display: none;\"><input type=\"hidden\" name=\"poll_id\" value=\"31\" \/><\/p>\n\t\t<p style=\"text-align: center;\"><strong>Katero dirkali\u0161\u010de bi si \u017eeleli ponovno videti na koledarju Formule 1?<\/strong><\/p><div id=\"polls-31-ans\" class=\"wp-polls-ans\"><ul class=\"wp-polls-ul\">\n\t\t<li><input type=\"radio\" id=\"poll-answer-233\" name=\"poll_31\" value=\"233\" \/> <label for=\"poll-answer-233\">VN Ju\u017ene Afrike - Kyalami<\/label><\/li>\n\t\t<li><input type=\"radio\" id=\"poll-answer-234\" name=\"poll_31\" value=\"234\" \/> <label for=\"poll-answer-234\">VN Malezije - Sepang<\/label><\/li>\n\t\t<li><input type=\"radio\" id=\"poll-answer-235\" name=\"poll_31\" value=\"235\" \/> <label for=\"poll-answer-235\">VN Nem\u010dije - Hockenheimring<\/label><\/li>\n\t\t<li><input type=\"radio\" id=\"poll-answer-236\" name=\"poll_31\" value=\"236\" \/> <label for=\"poll-answer-236\">VN Japonske - Fuji Speedway<\/label><\/li>\n\t\t<li><input type=\"radio\" id=\"poll-answer-237\" name=\"poll_31\" value=\"237\" \/> <label for=\"poll-answer-237\">VN Nem\u010dije\/VN Eifela - N\u00fcrburgring<\/label><\/li>\n\t\t<li><input type=\"radio\" id=\"poll-answer-238\" name=\"poll_31\" value=\"238\" \/> <label for=\"poll-answer-238\">VN Emilije - Romanje - Imola<\/label><\/li>\n\t\t<li><input type=\"radio\" id=\"poll-answer-239\" name=\"poll_31\" value=\"239\" \/> <label for=\"poll-answer-239\">VN Francije - Magny-Cours<\/label><\/li>\n\t\t<li><input type=\"radio\" id=\"poll-answer-240\" name=\"poll_31\" value=\"240\" \/> <label for=\"poll-answer-240\">VN ZDA - Indianapolis Motor Speedway<\/label><\/li>\n\t\t<li><input type=\"radio\" id=\"poll-answer-241\" name=\"poll_31\" value=\"241\" \/> <label for=\"poll-answer-241\">Katero drugo<\/label><\/li>\n\t\t<\/ul><p style=\"text-align: center;\"><input type=\"button\" name=\"vote\" value=\"   Vote   \" class=\"Buttons\" onclick=\"poll_vote(31);\" \/><\/p><p style=\"text-align: center;\"><a href=\"#ViewPollResults\" onclick=\"poll_result(31); return false;\" title=\"View Results Of This Poll\">View Results<\/a><\/p><\/div>\n\t<\/form>\n<\/div>\n<div id=\"polls-31-loading\" class=\"wp-polls-loading\"><img loading=\"lazy\" decoding=\"async\" src=\"https:\/\/portalf1.si\/wp-content\/plugins\/wp-polls\/images\/loading.gif\" width=\"16\" height=\"16\" alt=\"Loading ...\" title=\"Loading ...\" class=\"wp-polls-image\" \/>&nbsp;Loading ...<\/div>\n\n<blockquote class=\"wp-embedded-content\" data-secret=\"Jgs8SyRsdr\"><p><a href=\"https:\/\/portalf1.si\/index.php\/2026\/04\/25\/kultna-a-pozabljena-katera-zgodovinska-dirkalisca-bi-si-zasluzila-vrnitev-na-koledar-formule-1\/\">Kultna, a pozabljena: Katera zgodovinska dirkali\u0161\u010da bi si zaslu\u017eila vrnitev na koledar Formule 1?<\/a><\/p><\/blockquote>\n<p><iframe loading=\"lazy\" class=\"wp-embedded-content\" sandbox=\"allow-scripts\" security=\"restricted\" style=\"position: absolute; visibility: hidden;\" title=\"&#8220;Kultna, a pozabljena: Katera zgodovinska dirkali\u0161\u010da bi si zaslu\u017eila vrnitev na koledar Formule 1?&#8221; &#8212; Portal F1\" src=\"https:\/\/portalf1.si\/index.php\/2026\/04\/25\/kultna-a-pozabljena-katera-zgodovinska-dirkalisca-bi-si-zasluzila-vrnitev-na-koledar-formule-1\/embed\/#?secret=y1ZutvoIKU#?secret=Jgs8SyRsdr\" data-secret=\"Jgs8SyRsdr\" width=\"600\" height=\"338\" frameborder=\"0\" marginwidth=\"0\" marginheight=\"0\" scrolling=\"no\"><\/iframe><\/p>\n","protected":false},"excerpt":{"rendered":"<p>Koledarju Formule 1 se pet let po njeni zadnji izvedbi ponovno pridru\u017euje tako med navija\u010di kot tudi med dirka\u010di pribljubljena Velika nagrada Tur\u010dije v Istanbulu. Ob tem pa se poraja vpra\u0161anje, katero od ostalih kultnih dirkali\u0161\u010d bi si tudi zaslu\u017eilo vrnitev na koledar dirk. Izbira je zelo pestra, a katero dirkali\u0161\u010de pa bi izbrali vi? [&hellip;]<\/p>\n","protected":false},"author":1,"featured_media":12717,"comment_status":"open","ping_status":"open","sticky":false,"template":"","format":"standard","meta":{"footnotes":""},"categories":[96,30,31],"tags":[44,317,159,45,318,158],"class_list":["post-12714","post","type-post","status-publish","format-standard","has-post-thumbnail","hentry","category-anketa","category-formula-1","category-novice","tag-f1","tag-f1-2026","tag-f1-slovenija","tag-formula-1","tag-formula-1-2026","tag-formula-1-slovenija"],"blocksy_meta":[],"yoast_head":"<!-- This site is optimized with the Yoast SEO plugin v27.4 - https:\/\/yoast.com\/product\/yoast-seo-wordpress\/ -->\n<title>Anketa: Katero dirkali\u0161\u010de bi si \u017eeleli ponovno videti na koledarju Formule 1? - Portal F1<\/title>\n<meta name=\"description\" content=\"Koledarju Formule 1 se pet let po njeni zadnji izvedbi ponovno pridru\u017euje pribljubljena Velika nagrada Tur\u010dije v Istanbulu.\" \/>\n<meta name=\"robots\" content=\"index, follow, max-snippet:-1, max-image-preview:large, max-video-preview:-1\" \/>\n<link rel=\"canonical\" href=\"https:\/\/portalf1.si\/index.php\/2026\/04\/25\/anketa-katero-dirkalisce-bi-si-zeleli-ponovno-videti-na-koledarju-formule-1\/\" \/>\n<meta property=\"og:locale\" content=\"sl_SI\" \/>\n<meta property=\"og:type\" content=\"article\" \/>\n<meta property=\"og:title\" content=\"Anketa: Katero dirkali\u0161\u010de bi si \u017eeleli ponovno videti na koledarju Formule 1? - Portal F1\" \/>\n<meta property=\"og:description\" content=\"Koledarju Formule 1 se pet let po njeni zadnji izvedbi ponovno pridru\u017euje pribljubljena Velika nagrada Tur\u010dije v Istanbulu.\" \/>\n<meta property=\"og:url\" content=\"https:\/\/portalf1.si\/index.php\/2026\/04\/25\/anketa-katero-dirkalisce-bi-si-zeleli-ponovno-videti-na-koledarju-formule-1\/\" \/>\n<meta property=\"og:site_name\" content=\"Portal F1\" \/>\n<meta property=\"article:publisher\" content=\"https:\/\/www.facebook.com\/portalf1.si\/?locale=sl_SI\" \/>\n<meta property=\"article:published_time\" content=\"2026-04-25T19:14:47+00:00\" \/>\n<meta property=\"og:image\" content=\"https:\/\/portalf1.si\/wp-content\/uploads\/2026\/04\/malaysia_1999.webp\" \/>\n\t<meta property=\"og:image:width\" content=\"1000\" \/>\n\t<meta property=\"og:image:height\" content=\"625\" \/>\n\t<meta property=\"og:image:type\" content=\"image\/jpeg\" \/>\n<meta name=\"author\" content=\"Denis \u0160tojs\" \/>\n<meta name=\"twitter:card\" content=\"summary_large_image\" \/>\n<meta name=\"twitter:label1\" content=\"Written by\" \/>\n\t<meta name=\"twitter:data1\" content=\"Denis \u0160tojs\" \/>\n\t<meta name=\"twitter:label2\" content=\"Est. reading time\" \/>\n\t<meta name=\"twitter:data2\" content=\"1 minuta\" \/>\n<script type=\"application\/ld+json\" class=\"yoast-schema-graph\">{\"@context\":\"https:\\\/\\\/schema.org\",\"@graph\":[{\"@type\":\"Article\",\"@id\":\"https:\\\/\\\/portalf1.si\\\/index.php\\\/2026\\\/04\\\/25\\\/anketa-katero-dirkalisce-bi-si-zeleli-ponovno-videti-na-koledarju-formule-1\\\/#article\",\"isPartOf\":{\"@id\":\"https:\\\/\\\/portalf1.si\\\/index.php\\\/2026\\\/04\\\/25\\\/anketa-katero-dirkalisce-bi-si-zeleli-ponovno-videti-na-koledarju-formule-1\\\/\"},\"author\":{\"name\":\"Denis \u0160tojs\",\"@id\":\"https:\\\/\\\/portalf1.si\\\/#\\\/schema\\\/person\\\/abfef3ba57233710daadfbdd742fecd5\"},\"headline\":\"Anketa: Katero dirkali\u0161\u010de bi si \u017eeleli ponovno videti na koledarju Formule 1?\",\"datePublished\":\"2026-04-25T19:14:47+00:00\",\"mainEntityOfPage\":{\"@id\":\"https:\\\/\\\/portalf1.si\\\/index.php\\\/2026\\\/04\\\/25\\\/anketa-katero-dirkalisce-bi-si-zeleli-ponovno-videti-na-koledarju-formule-1\\\/\"},\"wordCount\":85,\"commentCount\":0,\"publisher\":{\"@id\":\"https:\\\/\\\/portalf1.si\\\/#organization\"},\"image\":{\"@id\":\"https:\\\/\\\/portalf1.si\\\/index.php\\\/2026\\\/04\\\/25\\\/anketa-katero-dirkalisce-bi-si-zeleli-ponovno-videti-na-koledarju-formule-1\\\/#primaryimage\"},\"thumbnailUrl\":\"https:\\\/\\\/portalf1.si\\\/wp-content\\\/uploads\\\/2026\\\/04\\\/malaysia_1999.webp\",\"keywords\":[\"F1\",\"F1 2026\",\"F1 Slovenija\",\"Formula 1\",\"Formula 1 2026\",\"Formula 1 Slovenija\"],\"articleSection\":[\"Anketa\",\"Formula 1\",\"Novice\"],\"inLanguage\":\"sl-SI\",\"potentialAction\":[{\"@type\":\"CommentAction\",\"name\":\"Comment\",\"target\":[\"https:\\\/\\\/portalf1.si\\\/index.php\\\/2026\\\/04\\\/25\\\/anketa-katero-dirkalisce-bi-si-zeleli-ponovno-videti-na-koledarju-formule-1\\\/#respond\"]}]},{\"@type\":\"WebPage\",\"@id\":\"https:\\\/\\\/portalf1.si\\\/index.php\\\/2026\\\/04\\\/25\\\/anketa-katero-dirkalisce-bi-si-zeleli-ponovno-videti-na-koledarju-formule-1\\\/\",\"url\":\"https:\\\/\\\/portalf1.si\\\/index.php\\\/2026\\\/04\\\/25\\\/anketa-katero-dirkalisce-bi-si-zeleli-ponovno-videti-na-koledarju-formule-1\\\/\",\"name\":\"Anketa: Katero dirkali\u0161\u010de bi si \u017eeleli ponovno videti na koledarju Formule 1? - Portal F1\",\"isPartOf\":{\"@id\":\"https:\\\/\\\/portalf1.si\\\/#website\"},\"primaryImageOfPage\":{\"@id\":\"https:\\\/\\\/portalf1.si\\\/index.php\\\/2026\\\/04\\\/25\\\/anketa-katero-dirkalisce-bi-si-zeleli-ponovno-videti-na-koledarju-formule-1\\\/#primaryimage\"},\"image\":{\"@id\":\"https:\\\/\\\/portalf1.si\\\/index.php\\\/2026\\\/04\\\/25\\\/anketa-katero-dirkalisce-bi-si-zeleli-ponovno-videti-na-koledarju-formule-1\\\/#primaryimage\"},\"thumbnailUrl\":\"https:\\\/\\\/portalf1.si\\\/wp-content\\\/uploads\\\/2026\\\/04\\\/malaysia_1999.webp\",\"datePublished\":\"2026-04-25T19:14:47+00:00\",\"description\":\"Koledarju Formule 1 se pet let po njeni zadnji izvedbi ponovno pridru\u017euje pribljubljena Velika nagrada Tur\u010dije v Istanbulu.\",\"breadcrumb\":{\"@id\":\"https:\\\/\\\/portalf1.si\\\/index.php\\\/2026\\\/04\\\/25\\\/anketa-katero-dirkalisce-bi-si-zeleli-ponovno-videti-na-koledarju-formule-1\\\/#breadcrumb\"},\"inLanguage\":\"sl-SI\",\"potentialAction\":[{\"@type\":\"ReadAction\",\"target\":[\"https:\\\/\\\/portalf1.si\\\/index.php\\\/2026\\\/04\\\/25\\\/anketa-katero-dirkalisce-bi-si-zeleli-ponovno-videti-na-koledarju-formule-1\\\/\"]}]},{\"@type\":\"ImageObject\",\"inLanguage\":\"sl-SI\",\"@id\":\"https:\\\/\\\/portalf1.si\\\/index.php\\\/2026\\\/04\\\/25\\\/anketa-katero-dirkalisce-bi-si-zeleli-ponovno-videti-na-koledarju-formule-1\\\/#primaryimage\",\"url\":\"https:\\\/\\\/portalf1.si\\\/wp-content\\\/uploads\\\/2026\\\/04\\\/malaysia_1999.webp\",\"contentUrl\":\"https:\\\/\\\/portalf1.si\\\/wp-content\\\/uploads\\\/2026\\\/04\\\/malaysia_1999.webp\",\"width\":1000,\"height\":625},{\"@type\":\"BreadcrumbList\",\"@id\":\"https:\\\/\\\/portalf1.si\\\/index.php\\\/2026\\\/04\\\/25\\\/anketa-katero-dirkalisce-bi-si-zeleli-ponovno-videti-na-koledarju-formule-1\\\/#breadcrumb\",\"itemListElement\":[{\"@type\":\"ListItem\",\"position\":1,\"name\":\"Home\",\"item\":\"https:\\\/\\\/portalf1.si\\\/\"},{\"@type\":\"ListItem\",\"position\":2,\"name\":\"Anketa: Katero dirkali\u0161\u010de bi si \u017eeleli ponovno videti na koledarju Formule 1?\"}]},{\"@type\":\"WebSite\",\"@id\":\"https:\\\/\\\/portalf1.si\\\/#website\",\"url\":\"https:\\\/\\\/portalf1.si\\\/\",\"name\":\"Portal F1\",\"description\":\"Vstopite v svet hitrosti in adrenalina\",\"publisher\":{\"@id\":\"https:\\\/\\\/portalf1.si\\\/#organization\"},\"potentialAction\":[{\"@type\":\"SearchAction\",\"target\":{\"@type\":\"EntryPoint\",\"urlTemplate\":\"https:\\\/\\\/portalf1.si\\\/?s={search_term_string}\"},\"query-input\":{\"@type\":\"PropertyValueSpecification\",\"valueRequired\":true,\"valueName\":\"search_term_string\"}}],\"inLanguage\":\"sl-SI\"},{\"@type\":\"Organization\",\"@id\":\"https:\\\/\\\/portalf1.si\\\/#organization\",\"name\":\"Portal F1\",\"url\":\"https:\\\/\\\/portalf1.si\\\/\",\"logo\":{\"@type\":\"ImageObject\",\"inLanguage\":\"sl-SI\",\"@id\":\"https:\\\/\\\/portalf1.si\\\/#\\\/schema\\\/logo\\\/image\\\/\",\"url\":\"https:\\\/\\\/portalf1.si\\\/wp-content\\\/uploads\\\/2025\\\/02\\\/cropped-HiPaint_1738532868530.png\",\"contentUrl\":\"https:\\\/\\\/portalf1.si\\\/wp-content\\\/uploads\\\/2025\\\/02\\\/cropped-HiPaint_1738532868530.png\",\"width\":512,\"height\":512,\"caption\":\"Portal F1\"},\"image\":{\"@id\":\"https:\\\/\\\/portalf1.si\\\/#\\\/schema\\\/logo\\\/image\\\/\"},\"sameAs\":[\"https:\\\/\\\/www.facebook.com\\\/portalf1.si\\\/?locale=sl_SI\"]},{\"@type\":\"Person\",\"@id\":\"https:\\\/\\\/portalf1.si\\\/#\\\/schema\\\/person\\\/abfef3ba57233710daadfbdd742fecd5\",\"name\":\"Denis \u0160tojs\",\"image\":{\"@type\":\"ImageObject\",\"inLanguage\":\"sl-SI\",\"@id\":\"https:\\\/\\\/secure.gravatar.com\\\/avatar\\\/b006ce11dfb9c6e47e9de9803eefbdc14aa4afb445f3cca05acc735c22115b38?s=96&d=mm&r=g\",\"url\":\"https:\\\/\\\/secure.gravatar.com\\\/avatar\\\/b006ce11dfb9c6e47e9de9803eefbdc14aa4afb445f3cca05acc735c22115b38?s=96&d=mm&r=g\",\"contentUrl\":\"https:\\\/\\\/secure.gravatar.com\\\/avatar\\\/b006ce11dfb9c6e47e9de9803eefbdc14aa4afb445f3cca05acc735c22115b38?s=96&d=mm&r=g\",\"caption\":\"Denis \u0160tojs\"},\"sameAs\":[\"https:\\\/\\\/portalf1.si\"],\"url\":\"https:\\\/\\\/portalf1.si\\\/index.php\\\/author\\\/portalf1\\\/\"}]}<\/script>\n<!-- \/ Yoast SEO plugin. -->","yoast_head_json":{"title":"Anketa: Katero dirkali\u0161\u010de bi si \u017eeleli ponovno videti na koledarju Formule 1? - Portal F1","description":"Koledarju Formule 1 se pet let po njeni zadnji izvedbi ponovno pridru\u017euje pribljubljena Velika nagrada Tur\u010dije v Istanbulu.","robots":{"index":"index","follow":"follow","max-snippet":"max-snippet:-1","max-image-preview":"max-image-preview:large","max-video-preview":"max-video-preview:-1"},"canonical":"https:\/\/portalf1.si\/index.php\/2026\/04\/25\/anketa-katero-dirkalisce-bi-si-zeleli-ponovno-videti-na-koledarju-formule-1\/","og_locale":"sl_SI","og_type":"article","og_title":"Anketa: Katero dirkali\u0161\u010de bi si \u017eeleli ponovno videti na koledarju Formule 1? - Portal F1","og_description":"Koledarju Formule 1 se pet let po njeni zadnji izvedbi ponovno pridru\u017euje pribljubljena Velika nagrada Tur\u010dije v Istanbulu.","og_url":"https:\/\/portalf1.si\/index.php\/2026\/04\/25\/anketa-katero-dirkalisce-bi-si-zeleli-ponovno-videti-na-koledarju-formule-1\/","og_site_name":"Portal F1","article_publisher":"https:\/\/www.facebook.com\/portalf1.si\/?locale=sl_SI","article_published_time":"2026-04-25T19:14:47+00:00","og_image":[{"width":1000,"height":625,"url":"https:\/\/portalf1.si\/wp-content\/uploads\/2026\/04\/malaysia_1999.webp","type":"image\/jpeg"}],"author":"Denis \u0160tojs","twitter_card":"summary_large_image","twitter_misc":{"Written by":"Denis \u0160tojs","Est. reading time":"1 minuta"},"schema":{"@context":"https:\/\/schema.org","@graph":[{"@type":"Article","@id":"https:\/\/portalf1.si\/index.php\/2026\/04\/25\/anketa-katero-dirkalisce-bi-si-zeleli-ponovno-videti-na-koledarju-formule-1\/#article","isPartOf":{"@id":"https:\/\/portalf1.si\/index.php\/2026\/04\/25\/anketa-katero-dirkalisce-bi-si-zeleli-ponovno-videti-na-koledarju-formule-1\/"},"author":{"name":"Denis \u0160tojs","@id":"https:\/\/portalf1.si\/#\/schema\/person\/abfef3ba57233710daadfbdd742fecd5"},"headline":"Anketa: Katero dirkali\u0161\u010de bi si \u017eeleli ponovno videti na koledarju Formule 1?","datePublished":"2026-04-25T19:14:47+00:00","mainEntityOfPage":{"@id":"https:\/\/portalf1.si\/index.php\/2026\/04\/25\/anketa-katero-dirkalisce-bi-si-zeleli-ponovno-videti-na-koledarju-formule-1\/"},"wordCount":85,"commentCount":0,"publisher":{"@id":"https:\/\/portalf1.si\/#organization"},"image":{"@id":"https:\/\/portalf1.si\/index.php\/2026\/04\/25\/anketa-katero-dirkalisce-bi-si-zeleli-ponovno-videti-na-koledarju-formule-1\/#primaryimage"},"thumbnailUrl":"https:\/\/portalf1.si\/wp-content\/uploads\/2026\/04\/malaysia_1999.webp","keywords":["F1","F1 2026","F1 Slovenija","Formula 1","Formula 1 2026","Formula 1 Slovenija"],"articleSection":["Anketa","Formula 1","Novice"],"inLanguage":"sl-SI","potentialAction":[{"@type":"CommentAction","name":"Comment","target":["https:\/\/portalf1.si\/index.php\/2026\/04\/25\/anketa-katero-dirkalisce-bi-si-zeleli-ponovno-videti-na-koledarju-formule-1\/#respond"]}]},{"@type":"WebPage","@id":"https:\/\/portalf1.si\/index.php\/2026\/04\/25\/anketa-katero-dirkalisce-bi-si-zeleli-ponovno-videti-na-koledarju-formule-1\/","url":"https:\/\/portalf1.si\/index.php\/2026\/04\/25\/anketa-katero-dirkalisce-bi-si-zeleli-ponovno-videti-na-koledarju-formule-1\/","name":"Anketa: Katero dirkali\u0161\u010de bi si \u017eeleli ponovno videti na koledarju Formule 1? - Portal F1","isPartOf":{"@id":"https:\/\/portalf1.si\/#website"},"primaryImageOfPage":{"@id":"https:\/\/portalf1.si\/index.php\/2026\/04\/25\/anketa-katero-dirkalisce-bi-si-zeleli-ponovno-videti-na-koledarju-formule-1\/#primaryimage"},"image":{"@id":"https:\/\/portalf1.si\/index.php\/2026\/04\/25\/anketa-katero-dirkalisce-bi-si-zeleli-ponovno-videti-na-koledarju-formule-1\/#primaryimage"},"thumbnailUrl":"https:\/\/portalf1.si\/wp-content\/uploads\/2026\/04\/malaysia_1999.webp","datePublished":"2026-04-25T19:14:47+00:00","description":"Koledarju Formule 1 se pet let po njeni zadnji izvedbi ponovno pridru\u017euje pribljubljena Velika nagrada Tur\u010dije v Istanbulu.","breadcrumb":{"@id":"https:\/\/portalf1.si\/index.php\/2026\/04\/25\/anketa-katero-dirkalisce-bi-si-zeleli-ponovno-videti-na-koledarju-formule-1\/#breadcrumb"},"inLanguage":"sl-SI","potentialAction":[{"@type":"ReadAction","target":["https:\/\/portalf1.si\/index.php\/2026\/04\/25\/anketa-katero-dirkalisce-bi-si-zeleli-ponovno-videti-na-koledarju-formule-1\/"]}]},{"@type":"ImageObject","inLanguage":"sl-SI","@id":"https:\/\/portalf1.si\/index.php\/2026\/04\/25\/anketa-katero-dirkalisce-bi-si-zeleli-ponovno-videti-na-koledarju-formule-1\/#primaryimage","url":"https:\/\/portalf1.si\/wp-content\/uploads\/2026\/04\/malaysia_1999.webp","contentUrl":"https:\/\/portalf1.si\/wp-content\/uploads\/2026\/04\/malaysia_1999.webp","width":1000,"height":625},{"@type":"BreadcrumbList","@id":"https:\/\/portalf1.si\/index.php\/2026\/04\/25\/anketa-katero-dirkalisce-bi-si-zeleli-ponovno-videti-na-koledarju-formule-1\/#breadcrumb","itemListElement":[{"@type":"ListItem","position":1,"name":"Home","item":"https:\/\/portalf1.si\/"},{"@type":"ListItem","position":2,"name":"Anketa: Katero dirkali\u0161\u010de bi si \u017eeleli ponovno videti na koledarju Formule 1?"}]},{"@type":"WebSite","@id":"https:\/\/portalf1.si\/#website","url":"https:\/\/portalf1.si\/","name":"Portal F1","description":"Vstopite v svet hitrosti in adrenalina","publisher":{"@id":"https:\/\/portalf1.si\/#organization"},"potentialAction":[{"@type":"SearchAction","target":{"@type":"EntryPoint","urlTemplate":"https:\/\/portalf1.si\/?s={search_term_string}"},"query-input":{"@type":"PropertyValueSpecification","valueRequired":true,"valueName":"search_term_string"}}],"inLanguage":"sl-SI"},{"@type":"Organization","@id":"https:\/\/portalf1.si\/#organization","name":"Portal F1","url":"https:\/\/portalf1.si\/","logo":{"@type":"ImageObject","inLanguage":"sl-SI","@id":"https:\/\/portalf1.si\/#\/schema\/logo\/image\/","url":"https:\/\/portalf1.si\/wp-content\/uploads\/2025\/02\/cropped-HiPaint_1738532868530.png","contentUrl":"https:\/\/portalf1.si\/wp-content\/uploads\/2025\/02\/cropped-HiPaint_1738532868530.png","width":512,"height":512,"caption":"Portal F1"},"image":{"@id":"https:\/\/portalf1.si\/#\/schema\/logo\/image\/"},"sameAs":["https:\/\/www.facebook.com\/portalf1.si\/?locale=sl_SI"]},{"@type":"Person","@id":"https:\/\/portalf1.si\/#\/schema\/person\/abfef3ba57233710daadfbdd742fecd5","name":"Denis \u0160tojs","image":{"@type":"ImageObject","inLanguage":"sl-SI","@id":"https:\/\/secure.gravatar.com\/avatar\/b006ce11dfb9c6e47e9de9803eefbdc14aa4afb445f3cca05acc735c22115b38?s=96&d=mm&r=g","url":"https:\/\/secure.gravatar.com\/avatar\/b006ce11dfb9c6e47e9de9803eefbdc14aa4afb445f3cca05acc735c22115b38?s=96&d=mm&r=g","contentUrl":"https:\/\/secure.gravatar.com\/avatar\/b006ce11dfb9c6e47e9de9803eefbdc14aa4afb445f3cca05acc735c22115b38?s=96&d=mm&r=g","caption":"Denis \u0160tojs"},"sameAs":["https:\/\/portalf1.si"],"url":"https:\/\/portalf1.si\/index.php\/author\/portalf1\/"}]}},"_links":{"self":[{"href":"https:\/\/portalf1.si\/index.php\/wp-json\/wp\/v2\/posts\/12714","targetHints":{"allow":["GET"]}}],"collection":[{"href":"https:\/\/portalf1.si\/index.php\/wp-json\/wp\/v2\/posts"}],"about":[{"href":"https:\/\/portalf1.si\/index.php\/wp-json\/wp\/v2\/types\/post"}],"author":[{"embeddable":true,"href":"https:\/\/portalf1.si\/index.php\/wp-json\/wp\/v2\/users\/1"}],"replies":[{"embeddable":true,"href":"https:\/\/portalf1.si\/index.php\/wp-json\/wp\/v2\/comments?post=12714"}],"version-history":[{"count":2,"href":"https:\/\/portalf1.si\/index.php\/wp-json\/wp\/v2\/posts\/12714\/revisions"}],"predecessor-version":[{"id":12718,"href":"https:\/\/portalf1.si\/index.php\/wp-json\/wp\/v2\/posts\/12714\/revisions\/12718"}],"wp:featuredmedia":[{"embeddable":true,"href":"https:\/\/portalf1.si\/index.php\/wp-json\/wp\/v2\/media\/12717"}],"wp:attachment":[{"href":"https:\/\/portalf1.si\/index.php\/wp-json\/wp\/v2\/media?parent=12714"}],"wp:term":[{"taxonomy":"category","embeddable":true,"href":"https:\/\/portalf1.si\/index.php\/wp-json\/wp\/v2\/categories?post=12714"},{"taxonomy":"post_tag","embeddable":true,"href":"https:\/\/portalf1.si\/index.php\/wp-json\/wp\/v2\/tags?post=12714"}],"curies":[{"name":"wp","href":"https:\/\/api.w.org\/{rel}","templated":true}]}}