{"id":12719,"date":"2026-04-25T19:15:20","date_gmt":"2026-04-25T19:15:20","guid":{"rendered":"https:\/\/portalf1.si\/?p=12719"},"modified":"2026-04-25T19:15:20","modified_gmt":"2026-04-25T19:15:20","slug":"se-en-udarec-za-scuderio-red-bull-je-zamenjavo-za-lambiaseja-ze-nasel-pri-ferrariju","status":"publish","type":"post","link":"https:\/\/portalf1.si\/index.php\/2026\/04\/25\/se-en-udarec-za-scuderio-red-bull-je-zamenjavo-za-lambiaseja-ze-nasel-pri-ferrariju\/","title":{"rendered":"\u0160e en udarec za Scuderio? Red Bull je zamenjavo za Lambiaseja \u017ee na\u0161el pri Ferrariju"},"content":{"rendered":"<p data-path-to-node=\"0\"><strong>Helmut Marko je izjavil, da je Red Bull \u017ee na\u0161el zamenjavo za Gianpiera Lambiaseja, ki bo konec sezone Formule 1 2027 zapustil ekipo iz Milton Keynesa, in sicer s prihodom osebe iz Ferrarija.<\/strong><\/p>\n<p data-path-to-node=\"1\">Ekipa iz Milton Keynesa bo v nekaj ve\u010d kot letu dni izgubila \u0161e eno klju\u010dno osebnost, ki je imela pomembno vlogo ne le pri uspehih v zadnjem desetletju, temve\u010d tudi pri oblikovanju ene najbolj kultnih dvojic dirka\u010d-in\u017eenir v Formuli 1 skupaj z Maxom Verstappnom. Italijanski in\u017eenir bo namre\u010d postal novi glavni dirka\u0161ki direktor pri McLarnu, kjer bo odgovoren neposredno Andrei Stelli. Ekipa iz Wokinga je tako dosegla \u0161e en velik uspeh, potem ko je v zadnjih letih iz Red Bulla \u017ee pridobila Roba Marshalla in Willa Courtenaya.<\/p>\n<p data-path-to-node=\"2\">V pogovoru za OE24 je Helmut Marko izpostavil, da najuspe\u0161nej\u0161i posamezniki neizogibno pritegnejo zanimanje tekmecev, in opozoril, da se je Lambiasejev ugled mo\u010dno pove\u010dal prav zaradi dela z Verstappnom. Razkril je tudi, da se je Red Bull \u017ee odzval in si zagotovil zamenjavo iz Ferrarija.<\/p>\n<p data-path-to-node=\"3\"><em>&#8220;Uspe\u0161ne ljudi vedno sku\u0161ajo prevzeti, Lambiase pa je bil zaradi Maxa nenehno v o\u010deh javnosti. Zato smo pripeljali zamenjavo iz Ferrarija,&#8221;<\/em> je dejal in namignil, da novice v Red Bullu niso pri\u010dakali nepripravljeni. Avstrijec pa imena ni razkril, s \u010dimer je pustil tan\u010dico skrivnosti nad tem, za koga iz Maranella gre.<\/p>\n<blockquote class=\"wp-embedded-content\" data-secret=\"PHDFKikKz3\"><p><a href=\"https:\/\/portalf1.si\/index.php\/2026\/04\/17\/verstappen-s-prvim-odzivom-na-odhod-lambiaseja-presenetil-prav-vse\/\">Verstappen s prvim odzivom na odhod Lambiaseja presenetil prav vse<\/a><\/p><\/blockquote>\n<p><iframe loading=\"lazy\" class=\"wp-embedded-content\" sandbox=\"allow-scripts\" security=\"restricted\" style=\"position: absolute; visibility: hidden;\" title=\"&#8220;Verstappen s prvim odzivom na odhod Lambiaseja presenetil prav vse&#8221; &#8212; Portal F1\" src=\"https:\/\/portalf1.si\/index.php\/2026\/04\/17\/verstappen-s-prvim-odzivom-na-odhod-lambiaseja-presenetil-prav-vse\/embed\/#?secret=9sQyUWC3US#?secret=PHDFKikKz3\" data-secret=\"PHDFKikKz3\" width=\"600\" height=\"338\" frameborder=\"0\" marginwidth=\"0\" marginheight=\"0\" scrolling=\"no\"><\/iframe><\/p>\n","protected":false},"excerpt":{"rendered":"<p>Helmut Marko je izjavil, da je Red Bull \u017ee na\u0161el zamenjavo za Gianpiera Lambiaseja, ki bo konec sezone Formule 1 2027 zapustil ekipo iz Milton Keynesa, in sicer s prihodom osebe iz Ferrarija. Ekipa iz Milton Keynesa bo v nekaj ve\u010d kot letu dni izgubila \u0161e eno klju\u010dno osebnost, ki je imela pomembno vlogo ne [&hellip;]<\/p>\n","protected":false},"author":1,"featured_media":12414,"comment_status":"open","ping_status":"open","sticky":false,"template":"","format":"standard","meta":{"footnotes":""},"categories":[34,30,63,31,36],"tags":[44,317,159,46,45,318,158,47,64],"class_list":["post-12719","post","type-post","status-publish","format-standard","has-post-thumbnail","hentry","category-ferrari","category-formula-1","category-max-verstappen","category-novice","category-red-bull","tag-f1","tag-f1-2026","tag-f1-slovenija","tag-ferrari","tag-formula-1","tag-formula-1-2026","tag-formula-1-slovenija","tag-max-verstappen","tag-red-bull"],"blocksy_meta":[],"yoast_head":"<!-- This site is optimized with the Yoast SEO plugin v27.4 - https:\/\/yoast.com\/product\/yoast-seo-wordpress\/ -->\n<title>\u0160e en udarec za Scuderio? Red Bull je zamenjavo za Lambiaseja \u017ee na\u0161el pri Ferrariju - Portal F1<\/title>\n<meta name=\"description\" content=\"Helmut Marko je izjavil, da je Red Bull \u017ee na\u0161el zamenjavo za Gianpiera Lambiaseja, ki bo konec sezone Formule 1 2027 zapustil ekipo.\" \/>\n<meta name=\"robots\" content=\"index, follow, max-snippet:-1, max-image-preview:large, max-video-preview:-1\" \/>\n<link rel=\"canonical\" href=\"https:\/\/portalf1.si\/index.php\/2026\/04\/25\/se-en-udarec-za-scuderio-red-bull-je-zamenjavo-za-lambiaseja-ze-nasel-pri-ferrariju\/\" \/>\n<meta property=\"og:locale\" content=\"sl_SI\" \/>\n<meta property=\"og:type\" content=\"article\" \/>\n<meta property=\"og:title\" content=\"\u0160e en udarec za Scuderio? Red Bull je zamenjavo za Lambiaseja \u017ee na\u0161el pri Ferrariju - Portal F1\" \/>\n<meta property=\"og:description\" content=\"Helmut Marko je izjavil, da je Red Bull \u017ee na\u0161el zamenjavo za Gianpiera Lambiaseja, ki bo konec sezone Formule 1 2027 zapustil ekipo.\" \/>\n<meta property=\"og:url\" content=\"https:\/\/portalf1.si\/index.php\/2026\/04\/25\/se-en-udarec-za-scuderio-red-bull-je-zamenjavo-za-lambiaseja-ze-nasel-pri-ferrariju\/\" \/>\n<meta property=\"og:site_name\" content=\"Portal F1\" \/>\n<meta property=\"article:publisher\" content=\"https:\/\/www.facebook.com\/portalf1.si\/?locale=sl_SI\" \/>\n<meta property=\"article:published_time\" content=\"2026-04-25T19:15:20+00:00\" \/>\n<meta property=\"og:image\" content=\"https:\/\/portalf1.si\/wp-content\/uploads\/2026\/04\/red-bull-gianpiero-lambiase-2026-japanese-grand-prix-1320x742-1.webp\" \/>\n\t<meta property=\"og:image:width\" content=\"1320\" \/>\n\t<meta property=\"og:image:height\" content=\"742\" \/>\n\t<meta property=\"og:image:type\" content=\"image\/jpeg\" \/>\n<meta name=\"author\" content=\"Denis \u0160tojs\" \/>\n<meta name=\"twitter:card\" content=\"summary_large_image\" \/>\n<meta name=\"twitter:label1\" content=\"Written by\" \/>\n\t<meta name=\"twitter:data1\" content=\"Denis \u0160tojs\" \/>\n\t<meta name=\"twitter:label2\" content=\"Est. reading time\" \/>\n\t<meta name=\"twitter:data2\" content=\"2 minuti\" \/>\n<script type=\"application\/ld+json\" class=\"yoast-schema-graph\">{\"@context\":\"https:\\\/\\\/schema.org\",\"@graph\":[{\"@type\":\"Article\",\"@id\":\"https:\\\/\\\/portalf1.si\\\/index.php\\\/2026\\\/04\\\/25\\\/se-en-udarec-za-scuderio-red-bull-je-zamenjavo-za-lambiaseja-ze-nasel-pri-ferrariju\\\/#article\",\"isPartOf\":{\"@id\":\"https:\\\/\\\/portalf1.si\\\/index.php\\\/2026\\\/04\\\/25\\\/se-en-udarec-za-scuderio-red-bull-je-zamenjavo-za-lambiaseja-ze-nasel-pri-ferrariju\\\/\"},\"author\":{\"name\":\"Denis \u0160tojs\",\"@id\":\"https:\\\/\\\/portalf1.si\\\/#\\\/schema\\\/person\\\/abfef3ba57233710daadfbdd742fecd5\"},\"headline\":\"\u0160e en udarec za Scuderio? Red Bull je zamenjavo za Lambiaseja \u017ee na\u0161el pri Ferrariju\",\"datePublished\":\"2026-04-25T19:15:20+00:00\",\"mainEntityOfPage\":{\"@id\":\"https:\\\/\\\/portalf1.si\\\/index.php\\\/2026\\\/04\\\/25\\\/se-en-udarec-za-scuderio-red-bull-je-zamenjavo-za-lambiaseja-ze-nasel-pri-ferrariju\\\/\"},\"wordCount\":250,\"commentCount\":0,\"publisher\":{\"@id\":\"https:\\\/\\\/portalf1.si\\\/#organization\"},\"image\":{\"@id\":\"https:\\\/\\\/portalf1.si\\\/index.php\\\/2026\\\/04\\\/25\\\/se-en-udarec-za-scuderio-red-bull-je-zamenjavo-za-lambiaseja-ze-nasel-pri-ferrariju\\\/#primaryimage\"},\"thumbnailUrl\":\"https:\\\/\\\/portalf1.si\\\/wp-content\\\/uploads\\\/2026\\\/04\\\/red-bull-gianpiero-lambiase-2026-japanese-grand-prix-1320x742-1.webp\",\"keywords\":[\"F1\",\"F1 2026\",\"F1 Slovenija\",\"Ferrari\",\"Formula 1\",\"Formula 1 2026\",\"Formula 1 Slovenija\",\"Max Verstappen\",\"Red Bull\"],\"articleSection\":[\"Ferrari\",\"Formula 1\",\"Max Verstappen\",\"Novice\",\"Red Bull\"],\"inLanguage\":\"sl-SI\",\"potentialAction\":[{\"@type\":\"CommentAction\",\"name\":\"Comment\",\"target\":[\"https:\\\/\\\/portalf1.si\\\/index.php\\\/2026\\\/04\\\/25\\\/se-en-udarec-za-scuderio-red-bull-je-zamenjavo-za-lambiaseja-ze-nasel-pri-ferrariju\\\/#respond\"]}]},{\"@type\":\"WebPage\",\"@id\":\"https:\\\/\\\/portalf1.si\\\/index.php\\\/2026\\\/04\\\/25\\\/se-en-udarec-za-scuderio-red-bull-je-zamenjavo-za-lambiaseja-ze-nasel-pri-ferrariju\\\/\",\"url\":\"https:\\\/\\\/portalf1.si\\\/index.php\\\/2026\\\/04\\\/25\\\/se-en-udarec-za-scuderio-red-bull-je-zamenjavo-za-lambiaseja-ze-nasel-pri-ferrariju\\\/\",\"name\":\"\u0160e en udarec za Scuderio? Red Bull je zamenjavo za Lambiaseja \u017ee na\u0161el pri Ferrariju - Portal F1\",\"isPartOf\":{\"@id\":\"https:\\\/\\\/portalf1.si\\\/#website\"},\"primaryImageOfPage\":{\"@id\":\"https:\\\/\\\/portalf1.si\\\/index.php\\\/2026\\\/04\\\/25\\\/se-en-udarec-za-scuderio-red-bull-je-zamenjavo-za-lambiaseja-ze-nasel-pri-ferrariju\\\/#primaryimage\"},\"image\":{\"@id\":\"https:\\\/\\\/portalf1.si\\\/index.php\\\/2026\\\/04\\\/25\\\/se-en-udarec-za-scuderio-red-bull-je-zamenjavo-za-lambiaseja-ze-nasel-pri-ferrariju\\\/#primaryimage\"},\"thumbnailUrl\":\"https:\\\/\\\/portalf1.si\\\/wp-content\\\/uploads\\\/2026\\\/04\\\/red-bull-gianpiero-lambiase-2026-japanese-grand-prix-1320x742-1.webp\",\"datePublished\":\"2026-04-25T19:15:20+00:00\",\"description\":\"Helmut Marko je izjavil, da je Red Bull \u017ee na\u0161el zamenjavo za Gianpiera Lambiaseja, ki bo konec sezone Formule 1 2027 zapustil ekipo.\",\"breadcrumb\":{\"@id\":\"https:\\\/\\\/portalf1.si\\\/index.php\\\/2026\\\/04\\\/25\\\/se-en-udarec-za-scuderio-red-bull-je-zamenjavo-za-lambiaseja-ze-nasel-pri-ferrariju\\\/#breadcrumb\"},\"inLanguage\":\"sl-SI\",\"potentialAction\":[{\"@type\":\"ReadAction\",\"target\":[\"https:\\\/\\\/portalf1.si\\\/index.php\\\/2026\\\/04\\\/25\\\/se-en-udarec-za-scuderio-red-bull-je-zamenjavo-za-lambiaseja-ze-nasel-pri-ferrariju\\\/\"]}]},{\"@type\":\"ImageObject\",\"inLanguage\":\"sl-SI\",\"@id\":\"https:\\\/\\\/portalf1.si\\\/index.php\\\/2026\\\/04\\\/25\\\/se-en-udarec-za-scuderio-red-bull-je-zamenjavo-za-lambiaseja-ze-nasel-pri-ferrariju\\\/#primaryimage\",\"url\":\"https:\\\/\\\/portalf1.si\\\/wp-content\\\/uploads\\\/2026\\\/04\\\/red-bull-gianpiero-lambiase-2026-japanese-grand-prix-1320x742-1.webp\",\"contentUrl\":\"https:\\\/\\\/portalf1.si\\\/wp-content\\\/uploads\\\/2026\\\/04\\\/red-bull-gianpiero-lambiase-2026-japanese-grand-prix-1320x742-1.webp\",\"width\":1320,\"height\":742},{\"@type\":\"BreadcrumbList\",\"@id\":\"https:\\\/\\\/portalf1.si\\\/index.php\\\/2026\\\/04\\\/25\\\/se-en-udarec-za-scuderio-red-bull-je-zamenjavo-za-lambiaseja-ze-nasel-pri-ferrariju\\\/#breadcrumb\",\"itemListElement\":[{\"@type\":\"ListItem\",\"position\":1,\"name\":\"Home\",\"item\":\"https:\\\/\\\/portalf1.si\\\/\"},{\"@type\":\"ListItem\",\"position\":2,\"name\":\"\u0160e en udarec za Scuderio? Red Bull je zamenjavo za Lambiaseja \u017ee na\u0161el pri Ferrariju\"}]},{\"@type\":\"WebSite\",\"@id\":\"https:\\\/\\\/portalf1.si\\\/#website\",\"url\":\"https:\\\/\\\/portalf1.si\\\/\",\"name\":\"Portal F1\",\"description\":\"Vstopite v svet hitrosti in adrenalina\",\"publisher\":{\"@id\":\"https:\\\/\\\/portalf1.si\\\/#organization\"},\"potentialAction\":[{\"@type\":\"SearchAction\",\"target\":{\"@type\":\"EntryPoint\",\"urlTemplate\":\"https:\\\/\\\/portalf1.si\\\/?s={search_term_string}\"},\"query-input\":{\"@type\":\"PropertyValueSpecification\",\"valueRequired\":true,\"valueName\":\"search_term_string\"}}],\"inLanguage\":\"sl-SI\"},{\"@type\":\"Organization\",\"@id\":\"https:\\\/\\\/portalf1.si\\\/#organization\",\"name\":\"Portal F1\",\"url\":\"https:\\\/\\\/portalf1.si\\\/\",\"logo\":{\"@type\":\"ImageObject\",\"inLanguage\":\"sl-SI\",\"@id\":\"https:\\\/\\\/portalf1.si\\\/#\\\/schema\\\/logo\\\/image\\\/\",\"url\":\"https:\\\/\\\/portalf1.si\\\/wp-content\\\/uploads\\\/2025\\\/02\\\/cropped-HiPaint_1738532868530.png\",\"contentUrl\":\"https:\\\/\\\/portalf1.si\\\/wp-content\\\/uploads\\\/2025\\\/02\\\/cropped-HiPaint_1738532868530.png\",\"width\":512,\"height\":512,\"caption\":\"Portal F1\"},\"image\":{\"@id\":\"https:\\\/\\\/portalf1.si\\\/#\\\/schema\\\/logo\\\/image\\\/\"},\"sameAs\":[\"https:\\\/\\\/www.facebook.com\\\/portalf1.si\\\/?locale=sl_SI\"]},{\"@type\":\"Person\",\"@id\":\"https:\\\/\\\/portalf1.si\\\/#\\\/schema\\\/person\\\/abfef3ba57233710daadfbdd742fecd5\",\"name\":\"Denis \u0160tojs\",\"image\":{\"@type\":\"ImageObject\",\"inLanguage\":\"sl-SI\",\"@id\":\"https:\\\/\\\/secure.gravatar.com\\\/avatar\\\/b006ce11dfb9c6e47e9de9803eefbdc14aa4afb445f3cca05acc735c22115b38?s=96&d=mm&r=g\",\"url\":\"https:\\\/\\\/secure.gravatar.com\\\/avatar\\\/b006ce11dfb9c6e47e9de9803eefbdc14aa4afb445f3cca05acc735c22115b38?s=96&d=mm&r=g\",\"contentUrl\":\"https:\\\/\\\/secure.gravatar.com\\\/avatar\\\/b006ce11dfb9c6e47e9de9803eefbdc14aa4afb445f3cca05acc735c22115b38?s=96&d=mm&r=g\",\"caption\":\"Denis \u0160tojs\"},\"sameAs\":[\"https:\\\/\\\/portalf1.si\"],\"url\":\"https:\\\/\\\/portalf1.si\\\/index.php\\\/author\\\/portalf1\\\/\"}]}<\/script>\n<!-- \/ Yoast SEO plugin. -->","yoast_head_json":{"title":"\u0160e en udarec za Scuderio? Red Bull je zamenjavo za Lambiaseja \u017ee na\u0161el pri Ferrariju - Portal F1","description":"Helmut Marko je izjavil, da je Red Bull \u017ee na\u0161el zamenjavo za Gianpiera Lambiaseja, ki bo konec sezone Formule 1 2027 zapustil ekipo.","robots":{"index":"index","follow":"follow","max-snippet":"max-snippet:-1","max-image-preview":"max-image-preview:large","max-video-preview":"max-video-preview:-1"},"canonical":"https:\/\/portalf1.si\/index.php\/2026\/04\/25\/se-en-udarec-za-scuderio-red-bull-je-zamenjavo-za-lambiaseja-ze-nasel-pri-ferrariju\/","og_locale":"sl_SI","og_type":"article","og_title":"\u0160e en udarec za Scuderio? Red Bull je zamenjavo za Lambiaseja \u017ee na\u0161el pri Ferrariju - Portal F1","og_description":"Helmut Marko je izjavil, da je Red Bull \u017ee na\u0161el zamenjavo za Gianpiera Lambiaseja, ki bo konec sezone Formule 1 2027 zapustil ekipo.","og_url":"https:\/\/portalf1.si\/index.php\/2026\/04\/25\/se-en-udarec-za-scuderio-red-bull-je-zamenjavo-za-lambiaseja-ze-nasel-pri-ferrariju\/","og_site_name":"Portal F1","article_publisher":"https:\/\/www.facebook.com\/portalf1.si\/?locale=sl_SI","article_published_time":"2026-04-25T19:15:20+00:00","og_image":[{"width":1320,"height":742,"url":"https:\/\/portalf1.si\/wp-content\/uploads\/2026\/04\/red-bull-gianpiero-lambiase-2026-japanese-grand-prix-1320x742-1.webp","type":"image\/jpeg"}],"author":"Denis \u0160tojs","twitter_card":"summary_large_image","twitter_misc":{"Written by":"Denis \u0160tojs","Est. reading time":"2 minuti"},"schema":{"@context":"https:\/\/schema.org","@graph":[{"@type":"Article","@id":"https:\/\/portalf1.si\/index.php\/2026\/04\/25\/se-en-udarec-za-scuderio-red-bull-je-zamenjavo-za-lambiaseja-ze-nasel-pri-ferrariju\/#article","isPartOf":{"@id":"https:\/\/portalf1.si\/index.php\/2026\/04\/25\/se-en-udarec-za-scuderio-red-bull-je-zamenjavo-za-lambiaseja-ze-nasel-pri-ferrariju\/"},"author":{"name":"Denis \u0160tojs","@id":"https:\/\/portalf1.si\/#\/schema\/person\/abfef3ba57233710daadfbdd742fecd5"},"headline":"\u0160e en udarec za Scuderio? Red Bull je zamenjavo za Lambiaseja \u017ee na\u0161el pri Ferrariju","datePublished":"2026-04-25T19:15:20+00:00","mainEntityOfPage":{"@id":"https:\/\/portalf1.si\/index.php\/2026\/04\/25\/se-en-udarec-za-scuderio-red-bull-je-zamenjavo-za-lambiaseja-ze-nasel-pri-ferrariju\/"},"wordCount":250,"commentCount":0,"publisher":{"@id":"https:\/\/portalf1.si\/#organization"},"image":{"@id":"https:\/\/portalf1.si\/index.php\/2026\/04\/25\/se-en-udarec-za-scuderio-red-bull-je-zamenjavo-za-lambiaseja-ze-nasel-pri-ferrariju\/#primaryimage"},"thumbnailUrl":"https:\/\/portalf1.si\/wp-content\/uploads\/2026\/04\/red-bull-gianpiero-lambiase-2026-japanese-grand-prix-1320x742-1.webp","keywords":["F1","F1 2026","F1 Slovenija","Ferrari","Formula 1","Formula 1 2026","Formula 1 Slovenija","Max Verstappen","Red Bull"],"articleSection":["Ferrari","Formula 1","Max Verstappen","Novice","Red Bull"],"inLanguage":"sl-SI","potentialAction":[{"@type":"CommentAction","name":"Comment","target":["https:\/\/portalf1.si\/index.php\/2026\/04\/25\/se-en-udarec-za-scuderio-red-bull-je-zamenjavo-za-lambiaseja-ze-nasel-pri-ferrariju\/#respond"]}]},{"@type":"WebPage","@id":"https:\/\/portalf1.si\/index.php\/2026\/04\/25\/se-en-udarec-za-scuderio-red-bull-je-zamenjavo-za-lambiaseja-ze-nasel-pri-ferrariju\/","url":"https:\/\/portalf1.si\/index.php\/2026\/04\/25\/se-en-udarec-za-scuderio-red-bull-je-zamenjavo-za-lambiaseja-ze-nasel-pri-ferrariju\/","name":"\u0160e en udarec za Scuderio? Red Bull je zamenjavo za Lambiaseja \u017ee na\u0161el pri Ferrariju - Portal F1","isPartOf":{"@id":"https:\/\/portalf1.si\/#website"},"primaryImageOfPage":{"@id":"https:\/\/portalf1.si\/index.php\/2026\/04\/25\/se-en-udarec-za-scuderio-red-bull-je-zamenjavo-za-lambiaseja-ze-nasel-pri-ferrariju\/#primaryimage"},"image":{"@id":"https:\/\/portalf1.si\/index.php\/2026\/04\/25\/se-en-udarec-za-scuderio-red-bull-je-zamenjavo-za-lambiaseja-ze-nasel-pri-ferrariju\/#primaryimage"},"thumbnailUrl":"https:\/\/portalf1.si\/wp-content\/uploads\/2026\/04\/red-bull-gianpiero-lambiase-2026-japanese-grand-prix-1320x742-1.webp","datePublished":"2026-04-25T19:15:20+00:00","description":"Helmut Marko je izjavil, da je Red Bull \u017ee na\u0161el zamenjavo za Gianpiera Lambiaseja, ki bo konec sezone Formule 1 2027 zapustil ekipo.","breadcrumb":{"@id":"https:\/\/portalf1.si\/index.php\/2026\/04\/25\/se-en-udarec-za-scuderio-red-bull-je-zamenjavo-za-lambiaseja-ze-nasel-pri-ferrariju\/#breadcrumb"},"inLanguage":"sl-SI","potentialAction":[{"@type":"ReadAction","target":["https:\/\/portalf1.si\/index.php\/2026\/04\/25\/se-en-udarec-za-scuderio-red-bull-je-zamenjavo-za-lambiaseja-ze-nasel-pri-ferrariju\/"]}]},{"@type":"ImageObject","inLanguage":"sl-SI","@id":"https:\/\/portalf1.si\/index.php\/2026\/04\/25\/se-en-udarec-za-scuderio-red-bull-je-zamenjavo-za-lambiaseja-ze-nasel-pri-ferrariju\/#primaryimage","url":"https:\/\/portalf1.si\/wp-content\/uploads\/2026\/04\/red-bull-gianpiero-lambiase-2026-japanese-grand-prix-1320x742-1.webp","contentUrl":"https:\/\/portalf1.si\/wp-content\/uploads\/2026\/04\/red-bull-gianpiero-lambiase-2026-japanese-grand-prix-1320x742-1.webp","width":1320,"height":742},{"@type":"BreadcrumbList","@id":"https:\/\/portalf1.si\/index.php\/2026\/04\/25\/se-en-udarec-za-scuderio-red-bull-je-zamenjavo-za-lambiaseja-ze-nasel-pri-ferrariju\/#breadcrumb","itemListElement":[{"@type":"ListItem","position":1,"name":"Home","item":"https:\/\/portalf1.si\/"},{"@type":"ListItem","position":2,"name":"\u0160e en udarec za Scuderio? Red Bull je zamenjavo za Lambiaseja \u017ee na\u0161el pri Ferrariju"}]},{"@type":"WebSite","@id":"https:\/\/portalf1.si\/#website","url":"https:\/\/portalf1.si\/","name":"Portal F1","description":"Vstopite v svet hitrosti in adrenalina","publisher":{"@id":"https:\/\/portalf1.si\/#organization"},"potentialAction":[{"@type":"SearchAction","target":{"@type":"EntryPoint","urlTemplate":"https:\/\/portalf1.si\/?s={search_term_string}"},"query-input":{"@type":"PropertyValueSpecification","valueRequired":true,"valueName":"search_term_string"}}],"inLanguage":"sl-SI"},{"@type":"Organization","@id":"https:\/\/portalf1.si\/#organization","name":"Portal F1","url":"https:\/\/portalf1.si\/","logo":{"@type":"ImageObject","inLanguage":"sl-SI","@id":"https:\/\/portalf1.si\/#\/schema\/logo\/image\/","url":"https:\/\/portalf1.si\/wp-content\/uploads\/2025\/02\/cropped-HiPaint_1738532868530.png","contentUrl":"https:\/\/portalf1.si\/wp-content\/uploads\/2025\/02\/cropped-HiPaint_1738532868530.png","width":512,"height":512,"caption":"Portal F1"},"image":{"@id":"https:\/\/portalf1.si\/#\/schema\/logo\/image\/"},"sameAs":["https:\/\/www.facebook.com\/portalf1.si\/?locale=sl_SI"]},{"@type":"Person","@id":"https:\/\/portalf1.si\/#\/schema\/person\/abfef3ba57233710daadfbdd742fecd5","name":"Denis \u0160tojs","image":{"@type":"ImageObject","inLanguage":"sl-SI","@id":"https:\/\/secure.gravatar.com\/avatar\/b006ce11dfb9c6e47e9de9803eefbdc14aa4afb445f3cca05acc735c22115b38?s=96&d=mm&r=g","url":"https:\/\/secure.gravatar.com\/avatar\/b006ce11dfb9c6e47e9de9803eefbdc14aa4afb445f3cca05acc735c22115b38?s=96&d=mm&r=g","contentUrl":"https:\/\/secure.gravatar.com\/avatar\/b006ce11dfb9c6e47e9de9803eefbdc14aa4afb445f3cca05acc735c22115b38?s=96&d=mm&r=g","caption":"Denis \u0160tojs"},"sameAs":["https:\/\/portalf1.si"],"url":"https:\/\/portalf1.si\/index.php\/author\/portalf1\/"}]}},"_links":{"self":[{"href":"https:\/\/portalf1.si\/index.php\/wp-json\/wp\/v2\/posts\/12719","targetHints":{"allow":["GET"]}}],"collection":[{"href":"https:\/\/portalf1.si\/index.php\/wp-json\/wp\/v2\/posts"}],"about":[{"href":"https:\/\/portalf1.si\/index.php\/wp-json\/wp\/v2\/types\/post"}],"author":[{"embeddable":true,"href":"https:\/\/portalf1.si\/index.php\/wp-json\/wp\/v2\/users\/1"}],"replies":[{"embeddable":true,"href":"https:\/\/portalf1.si\/index.php\/wp-json\/wp\/v2\/comments?post=12719"}],"version-history":[{"count":1,"href":"https:\/\/portalf1.si\/index.php\/wp-json\/wp\/v2\/posts\/12719\/revisions"}],"predecessor-version":[{"id":12720,"href":"https:\/\/portalf1.si\/index.php\/wp-json\/wp\/v2\/posts\/12719\/revisions\/12720"}],"wp:featuredmedia":[{"embeddable":true,"href":"https:\/\/portalf1.si\/index.php\/wp-json\/wp\/v2\/media\/12414"}],"wp:attachment":[{"href":"https:\/\/portalf1.si\/index.php\/wp-json\/wp\/v2\/media?parent=12719"}],"wp:term":[{"taxonomy":"category","embeddable":true,"href":"https:\/\/portalf1.si\/index.php\/wp-json\/wp\/v2\/categories?post=12719"},{"taxonomy":"post_tag","embeddable":true,"href":"https:\/\/portalf1.si\/index.php\/wp-json\/wp\/v2\/tags?post=12719"}],"curies":[{"name":"wp","href":"https:\/\/api.w.org\/{rel}","templated":true}]}}