{"id":12745,"date":"2026-04-27T02:01:28","date_gmt":"2026-04-27T02:01:28","guid":{"rendered":"https:\/\/portalf1.si\/?p=12745"},"modified":"2026-04-27T02:01:28","modified_gmt":"2026-04-27T02:01:28","slug":"red-bull-hoce-naslednje-leto-drugacne-motorje","status":"publish","type":"post","link":"https:\/\/portalf1.si\/index.php\/2026\/04\/27\/red-bull-hoce-naslednje-leto-drugacne-motorje\/","title":{"rendered":"Red Bull ho\u010de naslednje leto druga\u010dne motorje"},"content":{"rendered":"<p data-path-to-node=\"1\"><strong>Red Bull Racing si \u017eeli, da bi se strojna oprema pogonskih enot spremenila do leta 2027. S tem se avstrijska ekipa o\u010ditno postavlja na stran Maxa Verstappna, ki se \u017ee dolgo zavzema za nadaljnje prilagoditve pogonskih enot trenutne generacije dirkalnikov Formule 1.<\/strong><\/p>\n<p data-path-to-node=\"2\">FIA in enajst ekip Formule 1 so prej\u0161nji teden objavili, da so bile uvedene spremembe pogonskih enot, ki bodo za\u010dele veljati s prihajajo\u010do Veliko nagrado Miamija. Te naj bi dirka\u010dem med drugim omogo\u010dile vo\u017enjo na polno med kvalifikacijami. Vendar gre pri tem za spremembe na ravni programske opremem, saj zapleten sistem z baterijo in motorjem z notranjim zgorevanjem ostaja nespremenjen.<\/p>\n<p data-path-to-node=\"3\">Vodja ekipe McLaren Andrea Stella je v pogovoru za medije izjavil, da bi bilo treba preu\u010diti tudi strojno opremo. To bi omogo\u010dilo prilagoditev koncepta 50\/50, pri katerem je mo\u010d pogonske enote enakomerno porazdeljena med baterijo in motor z notranjim zgorevanjem. To se lahko zgodi najprej v sezoni Formule 1 2027, saj bi bilo v tem primeru motorje dejansko treba zamenjati, kar je drag, zapleten in predvsem dolgotrajen postopek.<\/p>\n<p data-path-to-node=\"4\">Stellina pripomba je bila presenetljiva, saj njegov McLaren uporablja Mercedesove motorje. Nih\u010de ne more zanikati, da so to najmo\u010dnej\u0161e pogonske enote v karavani Formule 1. Mercedes se bo nedvomno uprl, \u010de bodo od njih zahtevali tak\u0161ne spremembe motorja.<\/p>\n<p data-path-to-node=\"5\">Vendar pa bo imel Mercedes malo izbire, \u010de bo za to idejo obstajala absolutna ve\u010dina, pri \u010demer bi na\u010drt podprli \u0161tirje od petih proizvajalcev, FIA in vodstvo Formule 1. Zato je \u0161e toliko bolj pomembno ugotoviti stali\u0161\u010da drugih proizvajalcev, kot je Red Bull Ford.<\/p>\n<p data-path-to-node=\"6\">Izkazalo se je, da omenjena ekipa zagovarja spremembe strojne opreme, da bi dirka\u010dem v prihodnosti znova omogo\u010dili vo\u017enjo s polnim plinom. Po poro\u010danju naj bi bil tak\u0161nim prilagoditvam na\u010deloma naklonjen tudi Audi. Posledi\u010dno postaja tak\u0161na absolutna ve\u010dina vse bolj realna.<\/p>\n<blockquote class=\"wp-embedded-content\" data-secret=\"p4Av7n3b24\"><p><a href=\"https:\/\/portalf1.si\/index.php\/2026\/04\/25\/red-bull-potrdil-drasticno-odlocitev-glede-pogonske-enote\/\">Red Bull potrdil drasti\u010dno odlo\u010ditev glede pogonske enote<\/a><\/p><\/blockquote>\n<p><iframe loading=\"lazy\" class=\"wp-embedded-content\" sandbox=\"allow-scripts\" security=\"restricted\" style=\"position: absolute; visibility: hidden;\" title=\"&#8220;Red Bull potrdil drasti\u010dno odlo\u010ditev glede pogonske enote&#8221; &#8212; Portal F1\" src=\"https:\/\/portalf1.si\/index.php\/2026\/04\/25\/red-bull-potrdil-drasticno-odlocitev-glede-pogonske-enote\/embed\/#?secret=gPquZz21dH#?secret=p4Av7n3b24\" data-secret=\"p4Av7n3b24\" width=\"600\" height=\"338\" frameborder=\"0\" marginwidth=\"0\" marginheight=\"0\" scrolling=\"no\"><\/iframe><\/p>\n","protected":false},"excerpt":{"rendered":"<p>Red Bull Racing si \u017eeli, da bi se strojna oprema pogonskih enot spremenila do leta 2027. S tem se avstrijska ekipa o\u010ditno postavlja na stran Maxa Verstappna, ki se \u017ee dolgo zavzema za nadaljnje prilagoditve pogonskih enot trenutne generacije dirkalnikov Formule 1. FIA in enajst ekip Formule 1 so prej\u0161nji teden objavili, da so bile [&hellip;]<\/p>\n","protected":false},"author":1,"featured_media":11225,"comment_status":"open","ping_status":"open","sticky":false,"template":"","format":"standard","meta":{"footnotes":""},"categories":[253,30,63,31,36],"tags":[44,317,159,254,45,318,158,64],"class_list":["post-12745","post","type-post","status-publish","format-standard","has-post-thumbnail","hentry","category-ford","category-formula-1","category-max-verstappen","category-novice","category-red-bull","tag-f1","tag-f1-2026","tag-f1-slovenija","tag-ford","tag-formula-1","tag-formula-1-2026","tag-formula-1-slovenija","tag-red-bull"],"blocksy_meta":[],"yoast_head":"<!-- This site is optimized with the Yoast SEO plugin v27.4 - https:\/\/yoast.com\/product\/yoast-seo-wordpress\/ -->\n<title>Red Bull ho\u010de naslednje leto druga\u010dne motorje - Portal F1<\/title>\n<meta name=\"description\" content=\"Red Bull si \u017eeli, da bi se strojna oprema pogonskih enot Formule 1 spremenila do leta 2027. S tem se ekipa postavlja na stran Verstappna.\" \/>\n<meta name=\"robots\" content=\"index, follow, max-snippet:-1, max-image-preview:large, max-video-preview:-1\" \/>\n<link rel=\"canonical\" href=\"https:\/\/portalf1.si\/index.php\/2026\/04\/27\/red-bull-hoce-naslednje-leto-drugacne-motorje\/\" \/>\n<meta property=\"og:locale\" content=\"sl_SI\" \/>\n<meta property=\"og:type\" content=\"article\" \/>\n<meta property=\"og:title\" content=\"Red Bull ho\u010de naslednje leto druga\u010dne motorje - Portal F1\" \/>\n<meta property=\"og:description\" content=\"Red Bull si \u017eeli, da bi se strojna oprema pogonskih enot Formule 1 spremenila do leta 2027. S tem se ekipa postavlja na stran Verstappna.\" \/>\n<meta property=\"og:url\" content=\"https:\/\/portalf1.si\/index.php\/2026\/04\/27\/red-bull-hoce-naslednje-leto-drugacne-motorje\/\" \/>\n<meta property=\"og:site_name\" content=\"Portal F1\" \/>\n<meta property=\"article:publisher\" content=\"https:\/\/www.facebook.com\/portalf1.si\/?locale=sl_SI\" \/>\n<meta property=\"article:published_time\" content=\"2026-04-27T02:01:28+00:00\" \/>\n<meta property=\"og:image\" content=\"https:\/\/portalf1.si\/wp-content\/uploads\/2026\/02\/Red-Bull-RB22-powerunit-install.webp\" \/>\n\t<meta property=\"og:image:width\" content=\"1600\" \/>\n\t<meta property=\"og:image:height\" content=\"900\" \/>\n\t<meta property=\"og:image:type\" content=\"image\/jpeg\" \/>\n<meta name=\"author\" content=\"Denis \u0160tojs\" \/>\n<meta name=\"twitter:card\" content=\"summary_large_image\" \/>\n<meta name=\"twitter:label1\" content=\"Written by\" \/>\n\t<meta name=\"twitter:data1\" content=\"Denis \u0160tojs\" \/>\n\t<meta name=\"twitter:label2\" content=\"Est. reading time\" \/>\n\t<meta name=\"twitter:data2\" content=\"2 minuti\" \/>\n<script type=\"application\/ld+json\" class=\"yoast-schema-graph\">{\"@context\":\"https:\\\/\\\/schema.org\",\"@graph\":[{\"@type\":\"Article\",\"@id\":\"https:\\\/\\\/portalf1.si\\\/index.php\\\/2026\\\/04\\\/27\\\/red-bull-hoce-naslednje-leto-drugacne-motorje\\\/#article\",\"isPartOf\":{\"@id\":\"https:\\\/\\\/portalf1.si\\\/index.php\\\/2026\\\/04\\\/27\\\/red-bull-hoce-naslednje-leto-drugacne-motorje\\\/\"},\"author\":{\"name\":\"Denis \u0160tojs\",\"@id\":\"https:\\\/\\\/portalf1.si\\\/#\\\/schema\\\/person\\\/abfef3ba57233710daadfbdd742fecd5\"},\"headline\":\"Red Bull ho\u010de naslednje leto druga\u010dne motorje\",\"datePublished\":\"2026-04-27T02:01:28+00:00\",\"mainEntityOfPage\":{\"@id\":\"https:\\\/\\\/portalf1.si\\\/index.php\\\/2026\\\/04\\\/27\\\/red-bull-hoce-naslednje-leto-drugacne-motorje\\\/\"},\"wordCount\":324,\"commentCount\":0,\"publisher\":{\"@id\":\"https:\\\/\\\/portalf1.si\\\/#organization\"},\"image\":{\"@id\":\"https:\\\/\\\/portalf1.si\\\/index.php\\\/2026\\\/04\\\/27\\\/red-bull-hoce-naslednje-leto-drugacne-motorje\\\/#primaryimage\"},\"thumbnailUrl\":\"https:\\\/\\\/portalf1.si\\\/wp-content\\\/uploads\\\/2026\\\/02\\\/Red-Bull-RB22-powerunit-install.webp\",\"keywords\":[\"F1\",\"F1 2026\",\"F1 Slovenija\",\"Ford\",\"Formula 1\",\"Formula 1 2026\",\"Formula 1 Slovenija\",\"Red Bull\"],\"articleSection\":[\"Ford\",\"Formula 1\",\"Max Verstappen\",\"Novice\",\"Red Bull\"],\"inLanguage\":\"sl-SI\",\"potentialAction\":[{\"@type\":\"CommentAction\",\"name\":\"Comment\",\"target\":[\"https:\\\/\\\/portalf1.si\\\/index.php\\\/2026\\\/04\\\/27\\\/red-bull-hoce-naslednje-leto-drugacne-motorje\\\/#respond\"]}]},{\"@type\":\"WebPage\",\"@id\":\"https:\\\/\\\/portalf1.si\\\/index.php\\\/2026\\\/04\\\/27\\\/red-bull-hoce-naslednje-leto-drugacne-motorje\\\/\",\"url\":\"https:\\\/\\\/portalf1.si\\\/index.php\\\/2026\\\/04\\\/27\\\/red-bull-hoce-naslednje-leto-drugacne-motorje\\\/\",\"name\":\"Red Bull ho\u010de naslednje leto druga\u010dne motorje - Portal F1\",\"isPartOf\":{\"@id\":\"https:\\\/\\\/portalf1.si\\\/#website\"},\"primaryImageOfPage\":{\"@id\":\"https:\\\/\\\/portalf1.si\\\/index.php\\\/2026\\\/04\\\/27\\\/red-bull-hoce-naslednje-leto-drugacne-motorje\\\/#primaryimage\"},\"image\":{\"@id\":\"https:\\\/\\\/portalf1.si\\\/index.php\\\/2026\\\/04\\\/27\\\/red-bull-hoce-naslednje-leto-drugacne-motorje\\\/#primaryimage\"},\"thumbnailUrl\":\"https:\\\/\\\/portalf1.si\\\/wp-content\\\/uploads\\\/2026\\\/02\\\/Red-Bull-RB22-powerunit-install.webp\",\"datePublished\":\"2026-04-27T02:01:28+00:00\",\"description\":\"Red Bull si \u017eeli, da bi se strojna oprema pogonskih enot Formule 1 spremenila do leta 2027. S tem se ekipa postavlja na stran Verstappna.\",\"breadcrumb\":{\"@id\":\"https:\\\/\\\/portalf1.si\\\/index.php\\\/2026\\\/04\\\/27\\\/red-bull-hoce-naslednje-leto-drugacne-motorje\\\/#breadcrumb\"},\"inLanguage\":\"sl-SI\",\"potentialAction\":[{\"@type\":\"ReadAction\",\"target\":[\"https:\\\/\\\/portalf1.si\\\/index.php\\\/2026\\\/04\\\/27\\\/red-bull-hoce-naslednje-leto-drugacne-motorje\\\/\"]}]},{\"@type\":\"ImageObject\",\"inLanguage\":\"sl-SI\",\"@id\":\"https:\\\/\\\/portalf1.si\\\/index.php\\\/2026\\\/04\\\/27\\\/red-bull-hoce-naslednje-leto-drugacne-motorje\\\/#primaryimage\",\"url\":\"https:\\\/\\\/portalf1.si\\\/wp-content\\\/uploads\\\/2026\\\/02\\\/Red-Bull-RB22-powerunit-install.webp\",\"contentUrl\":\"https:\\\/\\\/portalf1.si\\\/wp-content\\\/uploads\\\/2026\\\/02\\\/Red-Bull-RB22-powerunit-install.webp\",\"width\":1600,\"height\":900},{\"@type\":\"BreadcrumbList\",\"@id\":\"https:\\\/\\\/portalf1.si\\\/index.php\\\/2026\\\/04\\\/27\\\/red-bull-hoce-naslednje-leto-drugacne-motorje\\\/#breadcrumb\",\"itemListElement\":[{\"@type\":\"ListItem\",\"position\":1,\"name\":\"Home\",\"item\":\"https:\\\/\\\/portalf1.si\\\/\"},{\"@type\":\"ListItem\",\"position\":2,\"name\":\"Red Bull ho\u010de naslednje leto druga\u010dne motorje\"}]},{\"@type\":\"WebSite\",\"@id\":\"https:\\\/\\\/portalf1.si\\\/#website\",\"url\":\"https:\\\/\\\/portalf1.si\\\/\",\"name\":\"Portal F1\",\"description\":\"Vstopite v svet hitrosti in adrenalina\",\"publisher\":{\"@id\":\"https:\\\/\\\/portalf1.si\\\/#organization\"},\"potentialAction\":[{\"@type\":\"SearchAction\",\"target\":{\"@type\":\"EntryPoint\",\"urlTemplate\":\"https:\\\/\\\/portalf1.si\\\/?s={search_term_string}\"},\"query-input\":{\"@type\":\"PropertyValueSpecification\",\"valueRequired\":true,\"valueName\":\"search_term_string\"}}],\"inLanguage\":\"sl-SI\"},{\"@type\":\"Organization\",\"@id\":\"https:\\\/\\\/portalf1.si\\\/#organization\",\"name\":\"Portal F1\",\"url\":\"https:\\\/\\\/portalf1.si\\\/\",\"logo\":{\"@type\":\"ImageObject\",\"inLanguage\":\"sl-SI\",\"@id\":\"https:\\\/\\\/portalf1.si\\\/#\\\/schema\\\/logo\\\/image\\\/\",\"url\":\"https:\\\/\\\/portalf1.si\\\/wp-content\\\/uploads\\\/2025\\\/02\\\/cropped-HiPaint_1738532868530.png\",\"contentUrl\":\"https:\\\/\\\/portalf1.si\\\/wp-content\\\/uploads\\\/2025\\\/02\\\/cropped-HiPaint_1738532868530.png\",\"width\":512,\"height\":512,\"caption\":\"Portal F1\"},\"image\":{\"@id\":\"https:\\\/\\\/portalf1.si\\\/#\\\/schema\\\/logo\\\/image\\\/\"},\"sameAs\":[\"https:\\\/\\\/www.facebook.com\\\/portalf1.si\\\/?locale=sl_SI\"]},{\"@type\":\"Person\",\"@id\":\"https:\\\/\\\/portalf1.si\\\/#\\\/schema\\\/person\\\/abfef3ba57233710daadfbdd742fecd5\",\"name\":\"Denis \u0160tojs\",\"image\":{\"@type\":\"ImageObject\",\"inLanguage\":\"sl-SI\",\"@id\":\"https:\\\/\\\/secure.gravatar.com\\\/avatar\\\/b006ce11dfb9c6e47e9de9803eefbdc14aa4afb445f3cca05acc735c22115b38?s=96&d=mm&r=g\",\"url\":\"https:\\\/\\\/secure.gravatar.com\\\/avatar\\\/b006ce11dfb9c6e47e9de9803eefbdc14aa4afb445f3cca05acc735c22115b38?s=96&d=mm&r=g\",\"contentUrl\":\"https:\\\/\\\/secure.gravatar.com\\\/avatar\\\/b006ce11dfb9c6e47e9de9803eefbdc14aa4afb445f3cca05acc735c22115b38?s=96&d=mm&r=g\",\"caption\":\"Denis \u0160tojs\"},\"sameAs\":[\"https:\\\/\\\/portalf1.si\"],\"url\":\"https:\\\/\\\/portalf1.si\\\/index.php\\\/author\\\/portalf1\\\/\"}]}<\/script>\n<!-- \/ Yoast SEO plugin. -->","yoast_head_json":{"title":"Red Bull ho\u010de naslednje leto druga\u010dne motorje - Portal F1","description":"Red Bull si \u017eeli, da bi se strojna oprema pogonskih enot Formule 1 spremenila do leta 2027. S tem se ekipa postavlja na stran Verstappna.","robots":{"index":"index","follow":"follow","max-snippet":"max-snippet:-1","max-image-preview":"max-image-preview:large","max-video-preview":"max-video-preview:-1"},"canonical":"https:\/\/portalf1.si\/index.php\/2026\/04\/27\/red-bull-hoce-naslednje-leto-drugacne-motorje\/","og_locale":"sl_SI","og_type":"article","og_title":"Red Bull ho\u010de naslednje leto druga\u010dne motorje - Portal F1","og_description":"Red Bull si \u017eeli, da bi se strojna oprema pogonskih enot Formule 1 spremenila do leta 2027. S tem se ekipa postavlja na stran Verstappna.","og_url":"https:\/\/portalf1.si\/index.php\/2026\/04\/27\/red-bull-hoce-naslednje-leto-drugacne-motorje\/","og_site_name":"Portal F1","article_publisher":"https:\/\/www.facebook.com\/portalf1.si\/?locale=sl_SI","article_published_time":"2026-04-27T02:01:28+00:00","og_image":[{"width":1600,"height":900,"url":"https:\/\/portalf1.si\/wp-content\/uploads\/2026\/02\/Red-Bull-RB22-powerunit-install.webp","type":"image\/jpeg"}],"author":"Denis \u0160tojs","twitter_card":"summary_large_image","twitter_misc":{"Written by":"Denis \u0160tojs","Est. reading time":"2 minuti"},"schema":{"@context":"https:\/\/schema.org","@graph":[{"@type":"Article","@id":"https:\/\/portalf1.si\/index.php\/2026\/04\/27\/red-bull-hoce-naslednje-leto-drugacne-motorje\/#article","isPartOf":{"@id":"https:\/\/portalf1.si\/index.php\/2026\/04\/27\/red-bull-hoce-naslednje-leto-drugacne-motorje\/"},"author":{"name":"Denis \u0160tojs","@id":"https:\/\/portalf1.si\/#\/schema\/person\/abfef3ba57233710daadfbdd742fecd5"},"headline":"Red Bull ho\u010de naslednje leto druga\u010dne motorje","datePublished":"2026-04-27T02:01:28+00:00","mainEntityOfPage":{"@id":"https:\/\/portalf1.si\/index.php\/2026\/04\/27\/red-bull-hoce-naslednje-leto-drugacne-motorje\/"},"wordCount":324,"commentCount":0,"publisher":{"@id":"https:\/\/portalf1.si\/#organization"},"image":{"@id":"https:\/\/portalf1.si\/index.php\/2026\/04\/27\/red-bull-hoce-naslednje-leto-drugacne-motorje\/#primaryimage"},"thumbnailUrl":"https:\/\/portalf1.si\/wp-content\/uploads\/2026\/02\/Red-Bull-RB22-powerunit-install.webp","keywords":["F1","F1 2026","F1 Slovenija","Ford","Formula 1","Formula 1 2026","Formula 1 Slovenija","Red Bull"],"articleSection":["Ford","Formula 1","Max Verstappen","Novice","Red Bull"],"inLanguage":"sl-SI","potentialAction":[{"@type":"CommentAction","name":"Comment","target":["https:\/\/portalf1.si\/index.php\/2026\/04\/27\/red-bull-hoce-naslednje-leto-drugacne-motorje\/#respond"]}]},{"@type":"WebPage","@id":"https:\/\/portalf1.si\/index.php\/2026\/04\/27\/red-bull-hoce-naslednje-leto-drugacne-motorje\/","url":"https:\/\/portalf1.si\/index.php\/2026\/04\/27\/red-bull-hoce-naslednje-leto-drugacne-motorje\/","name":"Red Bull ho\u010de naslednje leto druga\u010dne motorje - Portal F1","isPartOf":{"@id":"https:\/\/portalf1.si\/#website"},"primaryImageOfPage":{"@id":"https:\/\/portalf1.si\/index.php\/2026\/04\/27\/red-bull-hoce-naslednje-leto-drugacne-motorje\/#primaryimage"},"image":{"@id":"https:\/\/portalf1.si\/index.php\/2026\/04\/27\/red-bull-hoce-naslednje-leto-drugacne-motorje\/#primaryimage"},"thumbnailUrl":"https:\/\/portalf1.si\/wp-content\/uploads\/2026\/02\/Red-Bull-RB22-powerunit-install.webp","datePublished":"2026-04-27T02:01:28+00:00","description":"Red Bull si \u017eeli, da bi se strojna oprema pogonskih enot Formule 1 spremenila do leta 2027. S tem se ekipa postavlja na stran Verstappna.","breadcrumb":{"@id":"https:\/\/portalf1.si\/index.php\/2026\/04\/27\/red-bull-hoce-naslednje-leto-drugacne-motorje\/#breadcrumb"},"inLanguage":"sl-SI","potentialAction":[{"@type":"ReadAction","target":["https:\/\/portalf1.si\/index.php\/2026\/04\/27\/red-bull-hoce-naslednje-leto-drugacne-motorje\/"]}]},{"@type":"ImageObject","inLanguage":"sl-SI","@id":"https:\/\/portalf1.si\/index.php\/2026\/04\/27\/red-bull-hoce-naslednje-leto-drugacne-motorje\/#primaryimage","url":"https:\/\/portalf1.si\/wp-content\/uploads\/2026\/02\/Red-Bull-RB22-powerunit-install.webp","contentUrl":"https:\/\/portalf1.si\/wp-content\/uploads\/2026\/02\/Red-Bull-RB22-powerunit-install.webp","width":1600,"height":900},{"@type":"BreadcrumbList","@id":"https:\/\/portalf1.si\/index.php\/2026\/04\/27\/red-bull-hoce-naslednje-leto-drugacne-motorje\/#breadcrumb","itemListElement":[{"@type":"ListItem","position":1,"name":"Home","item":"https:\/\/portalf1.si\/"},{"@type":"ListItem","position":2,"name":"Red Bull ho\u010de naslednje leto druga\u010dne motorje"}]},{"@type":"WebSite","@id":"https:\/\/portalf1.si\/#website","url":"https:\/\/portalf1.si\/","name":"Portal F1","description":"Vstopite v svet hitrosti in adrenalina","publisher":{"@id":"https:\/\/portalf1.si\/#organization"},"potentialAction":[{"@type":"SearchAction","target":{"@type":"EntryPoint","urlTemplate":"https:\/\/portalf1.si\/?s={search_term_string}"},"query-input":{"@type":"PropertyValueSpecification","valueRequired":true,"valueName":"search_term_string"}}],"inLanguage":"sl-SI"},{"@type":"Organization","@id":"https:\/\/portalf1.si\/#organization","name":"Portal F1","url":"https:\/\/portalf1.si\/","logo":{"@type":"ImageObject","inLanguage":"sl-SI","@id":"https:\/\/portalf1.si\/#\/schema\/logo\/image\/","url":"https:\/\/portalf1.si\/wp-content\/uploads\/2025\/02\/cropped-HiPaint_1738532868530.png","contentUrl":"https:\/\/portalf1.si\/wp-content\/uploads\/2025\/02\/cropped-HiPaint_1738532868530.png","width":512,"height":512,"caption":"Portal F1"},"image":{"@id":"https:\/\/portalf1.si\/#\/schema\/logo\/image\/"},"sameAs":["https:\/\/www.facebook.com\/portalf1.si\/?locale=sl_SI"]},{"@type":"Person","@id":"https:\/\/portalf1.si\/#\/schema\/person\/abfef3ba57233710daadfbdd742fecd5","name":"Denis \u0160tojs","image":{"@type":"ImageObject","inLanguage":"sl-SI","@id":"https:\/\/secure.gravatar.com\/avatar\/b006ce11dfb9c6e47e9de9803eefbdc14aa4afb445f3cca05acc735c22115b38?s=96&d=mm&r=g","url":"https:\/\/secure.gravatar.com\/avatar\/b006ce11dfb9c6e47e9de9803eefbdc14aa4afb445f3cca05acc735c22115b38?s=96&d=mm&r=g","contentUrl":"https:\/\/secure.gravatar.com\/avatar\/b006ce11dfb9c6e47e9de9803eefbdc14aa4afb445f3cca05acc735c22115b38?s=96&d=mm&r=g","caption":"Denis \u0160tojs"},"sameAs":["https:\/\/portalf1.si"],"url":"https:\/\/portalf1.si\/index.php\/author\/portalf1\/"}]}},"_links":{"self":[{"href":"https:\/\/portalf1.si\/index.php\/wp-json\/wp\/v2\/posts\/12745","targetHints":{"allow":["GET"]}}],"collection":[{"href":"https:\/\/portalf1.si\/index.php\/wp-json\/wp\/v2\/posts"}],"about":[{"href":"https:\/\/portalf1.si\/index.php\/wp-json\/wp\/v2\/types\/post"}],"author":[{"embeddable":true,"href":"https:\/\/portalf1.si\/index.php\/wp-json\/wp\/v2\/users\/1"}],"replies":[{"embeddable":true,"href":"https:\/\/portalf1.si\/index.php\/wp-json\/wp\/v2\/comments?post=12745"}],"version-history":[{"count":1,"href":"https:\/\/portalf1.si\/index.php\/wp-json\/wp\/v2\/posts\/12745\/revisions"}],"predecessor-version":[{"id":12746,"href":"https:\/\/portalf1.si\/index.php\/wp-json\/wp\/v2\/posts\/12745\/revisions\/12746"}],"wp:featuredmedia":[{"embeddable":true,"href":"https:\/\/portalf1.si\/index.php\/wp-json\/wp\/v2\/media\/11225"}],"wp:attachment":[{"href":"https:\/\/portalf1.si\/index.php\/wp-json\/wp\/v2\/media?parent=12745"}],"wp:term":[{"taxonomy":"category","embeddable":true,"href":"https:\/\/portalf1.si\/index.php\/wp-json\/wp\/v2\/categories?post=12745"},{"taxonomy":"post_tag","embeddable":true,"href":"https:\/\/portalf1.si\/index.php\/wp-json\/wp\/v2\/tags?post=12745"}],"curies":[{"name":"wp","href":"https:\/\/api.w.org\/{rel}","templated":true}]}}