{"id":12747,"date":"2026-04-27T13:48:15","date_gmt":"2026-04-27T13:48:15","guid":{"rendered":"https:\/\/portalf1.si\/?p=12747"},"modified":"2026-04-27T13:48:15","modified_gmt":"2026-04-27T13:48:15","slug":"kje-bo-kariero-nadaljeval-verstappen-nekdanji-f1-dirkac-podal-zanimiv-vpogled","status":"publish","type":"post","link":"https:\/\/portalf1.si\/index.php\/2026\/04\/27\/kje-bo-kariero-nadaljeval-verstappen-nekdanji-f1-dirkac-podal-zanimiv-vpogled\/","title":{"rendered":"Kje bo kariero nadaljeval Verstappen? Nekdanji F1 dirka\u010d podal zanimiv vpogled"},"content":{"rendered":"<p data-path-to-node=\"1\"><strong>Medtem ko se sezona Formule 1 za\u010denja stopnjevati, se mnogi spra\u0161ujejo, ali bo to zadnje leto Maxa Verstappna v karavani. Nizozemec je bil precej glasen glede novih pravil, njegovo odlo\u010dno mnenje pa sega \u017ee v leto 2023. Nekdanji dirka\u010d F1 in sedanji komentator David Coulthard je podal svoje videnje o tem, ali bi \u0161tirikratni prvak dejansko od\u0161el.<\/strong><\/p>\n<p data-path-to-node=\"2\"><em>&#8220;Vse je mogo\u010de. Nisem prepri\u010dan, da Max v tem trenutku ve, kaj bo storil. Gre za to, da mu zdaj ni treba sprejeti odlo\u010ditve, torej zakaj bi se sploh odlo\u010dal?&#8221;<\/em> je dejal Coulthard. Iz paddocka \u017ee prihajajo namigi, da Verstappnova prihodnost pri avstrijski ekipi postaja vse bolj jasna. Po nekaterih informacijah se zdi, da je nadaljevanje pri Red Bullu mo\u017enost, ki se uvr\u0161\u010da precej ni\u017eje od nekaterih drugih prilo\u017enosti.<\/p>\n<p data-path-to-node=\"3\">Verstappnova trenutna pogodba pote\u010de leta 2028. Vendar se Nizozemec vedno bolj vklju\u010duje v druge serije (predvsem NLS), ki se zdijo bolj usmerjene k &#8220;pravemu dirkanju&#8221; v primerjavi s tem, kar so Formuli 1 prinesla nova pravila.<\/p>\n<p data-path-to-node=\"4\"><em>&#8220;\u0160port je prestal ogromno preobrazbo. Okoli novih pravil je bilo o\u010ditno veliko hrupa, FIA, F1 in dirka\u010di pa so o\u010ditno posku\u0161ali uvesti dolo\u010dene spremembe, da bi to te\u017eavo zmanj\u0161ali. Zdi se, da so nekateri dirka\u010di glasnej\u0161i od drugih, kar verjetno izhaja iz samozavesti zaradi njihovih dose\u017eenih rezultatov in polo\u017eaja, ki ga imajo v \u0161portu.&#8221;<\/em><\/p>\n<p data-path-to-node=\"5\"><em>&#8220;Mislim, da nih\u010de ne bi smel biti uti\u0161an. Narava svobode govora je, da ima lahko vsakdo svoje mnenje, dokler se ne prepira o dejstvih. \u010ce gre za ob\u010dutek, je to stvar posameznika. In kdo lahko kritizira dirka\u010da, kdorkoli \u017ee to je, \u010de podaja mnenje na podlagi lastnih izku\u0161enj.&#8221;<\/em><\/p>\n<p data-path-to-node=\"6\">Tako kot mnogi dirka\u010di ima tudi Coulthard raje bolj klasi\u010den pogled na Formulo 1. <em>&#8220;\u010ce bi bil \u0161e vedno dirka\u010d, bi po\u010del to, kar rad po\u010dnem. Dirkal bi in posku\u0161al po svojih najbolj\u0161ih mo\u010deh izkoristiti kakr\u0161na koli \u017ee so pravila in predpisi. Ker zdaj nisem ve\u010d dirka\u010d, z veseljem razmi\u0161ljam o obdobju, v katerem sem dirkal, saj bi to veljalo za nekak\u0161no bolj klasi\u010dno ero moto\u0161porta.&#8221;<\/em><\/p>\n<p data-path-to-node=\"7\"><em>&#8220;Ko pogledamo dirkalnik Jima Clarka iz 60-ih let prej\u0161njega stoletja in ga primerjamo s sedanjimi, vidimo, da je Formula 1 o\u010ditno napredovala, tako kot svet, proti elektrifikaciji in hibridom. Ti dirkalniki so tehnolo\u0161ko neverjetno napredni.&#8221;<\/em><\/p>\n<p data-path-to-node=\"8\"><em>&#8220;To je verjetno tisto, zaradi \u010desar je uvajanje novih pravil in predpisov tako zahtevno. Prihajamo iz ene najbolj izena\u010denih sezon v zgodovini Formule 1, kar je postavilo merila za to, kaj ljudje pri\u010dakujejo od Formule 1. Zdaj nekateri dirkalniki sploh ne pridejo do \u0161tarta in podobne stvari, kar bo vedno izziv na za\u010detku razvoja katerega koli novega pravilnika.&#8221;<\/em><\/p>\n<blockquote class=\"wp-embedded-content\" data-secret=\"k7ClB1p0OV\"><p><a href=\"https:\/\/portalf1.si\/index.php\/2026\/04\/20\/russell-opozarja-verstappna-formula-1-vecja-od-katerega-koli-dirkaca\/\">Russell opozarja Verstappna: Formula 1 ve\u010dja od katerega koli dirka\u010da<\/a><\/p><\/blockquote>\n<p><iframe loading=\"lazy\" class=\"wp-embedded-content\" sandbox=\"allow-scripts\" security=\"restricted\" style=\"position: absolute; visibility: hidden;\" title=\"&#8220;Russell opozarja Verstappna: Formula 1 ve\u010dja od katerega koli dirka\u010da&#8221; &#8212; Portal F1\" src=\"https:\/\/portalf1.si\/index.php\/2026\/04\/20\/russell-opozarja-verstappna-formula-1-vecja-od-katerega-koli-dirkaca\/embed\/#?secret=RpmU4J2IK6#?secret=k7ClB1p0OV\" data-secret=\"k7ClB1p0OV\" width=\"600\" height=\"338\" frameborder=\"0\" marginwidth=\"0\" marginheight=\"0\" scrolling=\"no\"><\/iframe><\/p>\n","protected":false},"excerpt":{"rendered":"<p>Medtem ko se sezona Formule 1 za\u010denja stopnjevati, se mnogi spra\u0161ujejo, ali bo to zadnje leto Maxa Verstappna v karavani. Nizozemec je bil precej glasen glede novih pravil, njegovo odlo\u010dno mnenje pa sega \u017ee v leto 2023. Nekdanji dirka\u010d F1 in sedanji komentator David Coulthard je podal svoje videnje o tem, ali bi \u0161tirikratni prvak [&hellip;]<\/p>\n","protected":false},"author":1,"featured_media":12185,"comment_status":"open","ping_status":"open","sticky":false,"template":"","format":"standard","meta":{"footnotes":""},"categories":[119,30,63,31,36],"tags":[121,44,317,159,45,318,158,47,64],"class_list":["post-12747","post","type-post","status-publish","format-standard","has-post-thumbnail","hentry","category-david-coulthard","category-formula-1","category-max-verstappen","category-novice","category-red-bull","tag-david-coulthard","tag-f1","tag-f1-2026","tag-f1-slovenija","tag-formula-1","tag-formula-1-2026","tag-formula-1-slovenija","tag-max-verstappen","tag-red-bull"],"blocksy_meta":[],"yoast_head":"<!-- This site is optimized with the Yoast SEO plugin v27.4 - https:\/\/yoast.com\/product\/yoast-seo-wordpress\/ -->\n<title>Kje bo kariero nadaljeval Verstappen? Nekdanji F1 dirka\u010d podal zanimiv vpogled - Portal F1<\/title>\n<meta name=\"description\" content=\"Medtem ko se sezona Formule 1 za\u010denja stopnjevati, se mnogi spra\u0161ujejo, ali bo to zadnje leto Maxa Verstappna v karavani.\" \/>\n<meta name=\"robots\" content=\"index, follow, max-snippet:-1, max-image-preview:large, max-video-preview:-1\" \/>\n<link rel=\"canonical\" href=\"https:\/\/portalf1.si\/index.php\/2026\/04\/27\/kje-bo-kariero-nadaljeval-verstappen-nekdanji-f1-dirkac-podal-zanimiv-vpogled\/\" \/>\n<meta property=\"og:locale\" content=\"sl_SI\" \/>\n<meta property=\"og:type\" content=\"article\" \/>\n<meta property=\"og:title\" content=\"Kje bo kariero nadaljeval Verstappen? Nekdanji F1 dirka\u010d podal zanimiv vpogled - Portal F1\" \/>\n<meta property=\"og:description\" content=\"Medtem ko se sezona Formule 1 za\u010denja stopnjevati, se mnogi spra\u0161ujejo, ali bo to zadnje leto Maxa Verstappna v karavani.\" \/>\n<meta property=\"og:url\" content=\"https:\/\/portalf1.si\/index.php\/2026\/04\/27\/kje-bo-kariero-nadaljeval-verstappen-nekdanji-f1-dirkac-podal-zanimiv-vpogled\/\" \/>\n<meta property=\"og:site_name\" content=\"Portal F1\" \/>\n<meta property=\"article:publisher\" content=\"https:\/\/www.facebook.com\/portalf1.si\/?locale=sl_SI\" \/>\n<meta property=\"article:published_time\" content=\"2026-04-27T13:48:15+00:00\" \/>\n<meta property=\"og:image\" content=\"https:\/\/portalf1.si\/wp-content\/uploads\/2026\/03\/max-verstappen-gelijk-f1-is-kapot.webp\" \/>\n\t<meta property=\"og:image:width\" content=\"1079\" \/>\n\t<meta property=\"og:image:height\" content=\"720\" \/>\n\t<meta property=\"og:image:type\" content=\"image\/webp\" \/>\n<meta name=\"author\" content=\"Denis \u0160tojs\" \/>\n<meta name=\"twitter:card\" content=\"summary_large_image\" \/>\n<meta name=\"twitter:label1\" content=\"Written by\" \/>\n\t<meta name=\"twitter:data1\" content=\"Denis \u0160tojs\" \/>\n\t<meta name=\"twitter:label2\" content=\"Est. reading time\" \/>\n\t<meta name=\"twitter:data2\" content=\"3 minute\" \/>\n<script type=\"application\/ld+json\" class=\"yoast-schema-graph\">{\"@context\":\"https:\\\/\\\/schema.org\",\"@graph\":[{\"@type\":\"Article\",\"@id\":\"https:\\\/\\\/portalf1.si\\\/index.php\\\/2026\\\/04\\\/27\\\/kje-bo-kariero-nadaljeval-verstappen-nekdanji-f1-dirkac-podal-zanimiv-vpogled\\\/#article\",\"isPartOf\":{\"@id\":\"https:\\\/\\\/portalf1.si\\\/index.php\\\/2026\\\/04\\\/27\\\/kje-bo-kariero-nadaljeval-verstappen-nekdanji-f1-dirkac-podal-zanimiv-vpogled\\\/\"},\"author\":{\"name\":\"Denis \u0160tojs\",\"@id\":\"https:\\\/\\\/portalf1.si\\\/#\\\/schema\\\/person\\\/abfef3ba57233710daadfbdd742fecd5\"},\"headline\":\"Kje bo kariero nadaljeval Verstappen? Nekdanji F1 dirka\u010d podal zanimiv vpogled\",\"datePublished\":\"2026-04-27T13:48:15+00:00\",\"mainEntityOfPage\":{\"@id\":\"https:\\\/\\\/portalf1.si\\\/index.php\\\/2026\\\/04\\\/27\\\/kje-bo-kariero-nadaljeval-verstappen-nekdanji-f1-dirkac-podal-zanimiv-vpogled\\\/\"},\"wordCount\":481,\"commentCount\":0,\"publisher\":{\"@id\":\"https:\\\/\\\/portalf1.si\\\/#organization\"},\"image\":{\"@id\":\"https:\\\/\\\/portalf1.si\\\/index.php\\\/2026\\\/04\\\/27\\\/kje-bo-kariero-nadaljeval-verstappen-nekdanji-f1-dirkac-podal-zanimiv-vpogled\\\/#primaryimage\"},\"thumbnailUrl\":\"https:\\\/\\\/portalf1.si\\\/wp-content\\\/uploads\\\/2026\\\/03\\\/max-verstappen-gelijk-f1-is-kapot.webp\",\"keywords\":[\"David Coulthard\",\"F1\",\"F1 2026\",\"F1 Slovenija\",\"Formula 1\",\"Formula 1 2026\",\"Formula 1 Slovenija\",\"Max Verstappen\",\"Red Bull\"],\"articleSection\":[\"David Coulthard\",\"Formula 1\",\"Max Verstappen\",\"Novice\",\"Red Bull\"],\"inLanguage\":\"sl-SI\",\"potentialAction\":[{\"@type\":\"CommentAction\",\"name\":\"Comment\",\"target\":[\"https:\\\/\\\/portalf1.si\\\/index.php\\\/2026\\\/04\\\/27\\\/kje-bo-kariero-nadaljeval-verstappen-nekdanji-f1-dirkac-podal-zanimiv-vpogled\\\/#respond\"]}]},{\"@type\":\"WebPage\",\"@id\":\"https:\\\/\\\/portalf1.si\\\/index.php\\\/2026\\\/04\\\/27\\\/kje-bo-kariero-nadaljeval-verstappen-nekdanji-f1-dirkac-podal-zanimiv-vpogled\\\/\",\"url\":\"https:\\\/\\\/portalf1.si\\\/index.php\\\/2026\\\/04\\\/27\\\/kje-bo-kariero-nadaljeval-verstappen-nekdanji-f1-dirkac-podal-zanimiv-vpogled\\\/\",\"name\":\"Kje bo kariero nadaljeval Verstappen? Nekdanji F1 dirka\u010d podal zanimiv vpogled - Portal F1\",\"isPartOf\":{\"@id\":\"https:\\\/\\\/portalf1.si\\\/#website\"},\"primaryImageOfPage\":{\"@id\":\"https:\\\/\\\/portalf1.si\\\/index.php\\\/2026\\\/04\\\/27\\\/kje-bo-kariero-nadaljeval-verstappen-nekdanji-f1-dirkac-podal-zanimiv-vpogled\\\/#primaryimage\"},\"image\":{\"@id\":\"https:\\\/\\\/portalf1.si\\\/index.php\\\/2026\\\/04\\\/27\\\/kje-bo-kariero-nadaljeval-verstappen-nekdanji-f1-dirkac-podal-zanimiv-vpogled\\\/#primaryimage\"},\"thumbnailUrl\":\"https:\\\/\\\/portalf1.si\\\/wp-content\\\/uploads\\\/2026\\\/03\\\/max-verstappen-gelijk-f1-is-kapot.webp\",\"datePublished\":\"2026-04-27T13:48:15+00:00\",\"description\":\"Medtem ko se sezona Formule 1 za\u010denja stopnjevati, se mnogi spra\u0161ujejo, ali bo to zadnje leto Maxa Verstappna v karavani.\",\"breadcrumb\":{\"@id\":\"https:\\\/\\\/portalf1.si\\\/index.php\\\/2026\\\/04\\\/27\\\/kje-bo-kariero-nadaljeval-verstappen-nekdanji-f1-dirkac-podal-zanimiv-vpogled\\\/#breadcrumb\"},\"inLanguage\":\"sl-SI\",\"potentialAction\":[{\"@type\":\"ReadAction\",\"target\":[\"https:\\\/\\\/portalf1.si\\\/index.php\\\/2026\\\/04\\\/27\\\/kje-bo-kariero-nadaljeval-verstappen-nekdanji-f1-dirkac-podal-zanimiv-vpogled\\\/\"]}]},{\"@type\":\"ImageObject\",\"inLanguage\":\"sl-SI\",\"@id\":\"https:\\\/\\\/portalf1.si\\\/index.php\\\/2026\\\/04\\\/27\\\/kje-bo-kariero-nadaljeval-verstappen-nekdanji-f1-dirkac-podal-zanimiv-vpogled\\\/#primaryimage\",\"url\":\"https:\\\/\\\/portalf1.si\\\/wp-content\\\/uploads\\\/2026\\\/03\\\/max-verstappen-gelijk-f1-is-kapot.webp\",\"contentUrl\":\"https:\\\/\\\/portalf1.si\\\/wp-content\\\/uploads\\\/2026\\\/03\\\/max-verstappen-gelijk-f1-is-kapot.webp\",\"width\":1079,\"height\":720},{\"@type\":\"BreadcrumbList\",\"@id\":\"https:\\\/\\\/portalf1.si\\\/index.php\\\/2026\\\/04\\\/27\\\/kje-bo-kariero-nadaljeval-verstappen-nekdanji-f1-dirkac-podal-zanimiv-vpogled\\\/#breadcrumb\",\"itemListElement\":[{\"@type\":\"ListItem\",\"position\":1,\"name\":\"Home\",\"item\":\"https:\\\/\\\/portalf1.si\\\/\"},{\"@type\":\"ListItem\",\"position\":2,\"name\":\"Kje bo kariero nadaljeval Verstappen? Nekdanji F1 dirka\u010d podal zanimiv vpogled\"}]},{\"@type\":\"WebSite\",\"@id\":\"https:\\\/\\\/portalf1.si\\\/#website\",\"url\":\"https:\\\/\\\/portalf1.si\\\/\",\"name\":\"Portal F1\",\"description\":\"Vstopite v svet hitrosti in adrenalina\",\"publisher\":{\"@id\":\"https:\\\/\\\/portalf1.si\\\/#organization\"},\"potentialAction\":[{\"@type\":\"SearchAction\",\"target\":{\"@type\":\"EntryPoint\",\"urlTemplate\":\"https:\\\/\\\/portalf1.si\\\/?s={search_term_string}\"},\"query-input\":{\"@type\":\"PropertyValueSpecification\",\"valueRequired\":true,\"valueName\":\"search_term_string\"}}],\"inLanguage\":\"sl-SI\"},{\"@type\":\"Organization\",\"@id\":\"https:\\\/\\\/portalf1.si\\\/#organization\",\"name\":\"Portal F1\",\"url\":\"https:\\\/\\\/portalf1.si\\\/\",\"logo\":{\"@type\":\"ImageObject\",\"inLanguage\":\"sl-SI\",\"@id\":\"https:\\\/\\\/portalf1.si\\\/#\\\/schema\\\/logo\\\/image\\\/\",\"url\":\"https:\\\/\\\/portalf1.si\\\/wp-content\\\/uploads\\\/2025\\\/02\\\/cropped-HiPaint_1738532868530.png\",\"contentUrl\":\"https:\\\/\\\/portalf1.si\\\/wp-content\\\/uploads\\\/2025\\\/02\\\/cropped-HiPaint_1738532868530.png\",\"width\":512,\"height\":512,\"caption\":\"Portal F1\"},\"image\":{\"@id\":\"https:\\\/\\\/portalf1.si\\\/#\\\/schema\\\/logo\\\/image\\\/\"},\"sameAs\":[\"https:\\\/\\\/www.facebook.com\\\/portalf1.si\\\/?locale=sl_SI\"]},{\"@type\":\"Person\",\"@id\":\"https:\\\/\\\/portalf1.si\\\/#\\\/schema\\\/person\\\/abfef3ba57233710daadfbdd742fecd5\",\"name\":\"Denis \u0160tojs\",\"image\":{\"@type\":\"ImageObject\",\"inLanguage\":\"sl-SI\",\"@id\":\"https:\\\/\\\/secure.gravatar.com\\\/avatar\\\/b006ce11dfb9c6e47e9de9803eefbdc14aa4afb445f3cca05acc735c22115b38?s=96&d=mm&r=g\",\"url\":\"https:\\\/\\\/secure.gravatar.com\\\/avatar\\\/b006ce11dfb9c6e47e9de9803eefbdc14aa4afb445f3cca05acc735c22115b38?s=96&d=mm&r=g\",\"contentUrl\":\"https:\\\/\\\/secure.gravatar.com\\\/avatar\\\/b006ce11dfb9c6e47e9de9803eefbdc14aa4afb445f3cca05acc735c22115b38?s=96&d=mm&r=g\",\"caption\":\"Denis \u0160tojs\"},\"sameAs\":[\"https:\\\/\\\/portalf1.si\"],\"url\":\"https:\\\/\\\/portalf1.si\\\/index.php\\\/author\\\/portalf1\\\/\"}]}<\/script>\n<!-- \/ Yoast SEO plugin. -->","yoast_head_json":{"title":"Kje bo kariero nadaljeval Verstappen? Nekdanji F1 dirka\u010d podal zanimiv vpogled - Portal F1","description":"Medtem ko se sezona Formule 1 za\u010denja stopnjevati, se mnogi spra\u0161ujejo, ali bo to zadnje leto Maxa Verstappna v karavani.","robots":{"index":"index","follow":"follow","max-snippet":"max-snippet:-1","max-image-preview":"max-image-preview:large","max-video-preview":"max-video-preview:-1"},"canonical":"https:\/\/portalf1.si\/index.php\/2026\/04\/27\/kje-bo-kariero-nadaljeval-verstappen-nekdanji-f1-dirkac-podal-zanimiv-vpogled\/","og_locale":"sl_SI","og_type":"article","og_title":"Kje bo kariero nadaljeval Verstappen? Nekdanji F1 dirka\u010d podal zanimiv vpogled - Portal F1","og_description":"Medtem ko se sezona Formule 1 za\u010denja stopnjevati, se mnogi spra\u0161ujejo, ali bo to zadnje leto Maxa Verstappna v karavani.","og_url":"https:\/\/portalf1.si\/index.php\/2026\/04\/27\/kje-bo-kariero-nadaljeval-verstappen-nekdanji-f1-dirkac-podal-zanimiv-vpogled\/","og_site_name":"Portal F1","article_publisher":"https:\/\/www.facebook.com\/portalf1.si\/?locale=sl_SI","article_published_time":"2026-04-27T13:48:15+00:00","og_image":[{"width":1079,"height":720,"url":"https:\/\/portalf1.si\/wp-content\/uploads\/2026\/03\/max-verstappen-gelijk-f1-is-kapot.webp","type":"image\/webp"}],"author":"Denis \u0160tojs","twitter_card":"summary_large_image","twitter_misc":{"Written by":"Denis \u0160tojs","Est. reading time":"3 minute"},"schema":{"@context":"https:\/\/schema.org","@graph":[{"@type":"Article","@id":"https:\/\/portalf1.si\/index.php\/2026\/04\/27\/kje-bo-kariero-nadaljeval-verstappen-nekdanji-f1-dirkac-podal-zanimiv-vpogled\/#article","isPartOf":{"@id":"https:\/\/portalf1.si\/index.php\/2026\/04\/27\/kje-bo-kariero-nadaljeval-verstappen-nekdanji-f1-dirkac-podal-zanimiv-vpogled\/"},"author":{"name":"Denis \u0160tojs","@id":"https:\/\/portalf1.si\/#\/schema\/person\/abfef3ba57233710daadfbdd742fecd5"},"headline":"Kje bo kariero nadaljeval Verstappen? Nekdanji F1 dirka\u010d podal zanimiv vpogled","datePublished":"2026-04-27T13:48:15+00:00","mainEntityOfPage":{"@id":"https:\/\/portalf1.si\/index.php\/2026\/04\/27\/kje-bo-kariero-nadaljeval-verstappen-nekdanji-f1-dirkac-podal-zanimiv-vpogled\/"},"wordCount":481,"commentCount":0,"publisher":{"@id":"https:\/\/portalf1.si\/#organization"},"image":{"@id":"https:\/\/portalf1.si\/index.php\/2026\/04\/27\/kje-bo-kariero-nadaljeval-verstappen-nekdanji-f1-dirkac-podal-zanimiv-vpogled\/#primaryimage"},"thumbnailUrl":"https:\/\/portalf1.si\/wp-content\/uploads\/2026\/03\/max-verstappen-gelijk-f1-is-kapot.webp","keywords":["David Coulthard","F1","F1 2026","F1 Slovenija","Formula 1","Formula 1 2026","Formula 1 Slovenija","Max Verstappen","Red Bull"],"articleSection":["David Coulthard","Formula 1","Max Verstappen","Novice","Red Bull"],"inLanguage":"sl-SI","potentialAction":[{"@type":"CommentAction","name":"Comment","target":["https:\/\/portalf1.si\/index.php\/2026\/04\/27\/kje-bo-kariero-nadaljeval-verstappen-nekdanji-f1-dirkac-podal-zanimiv-vpogled\/#respond"]}]},{"@type":"WebPage","@id":"https:\/\/portalf1.si\/index.php\/2026\/04\/27\/kje-bo-kariero-nadaljeval-verstappen-nekdanji-f1-dirkac-podal-zanimiv-vpogled\/","url":"https:\/\/portalf1.si\/index.php\/2026\/04\/27\/kje-bo-kariero-nadaljeval-verstappen-nekdanji-f1-dirkac-podal-zanimiv-vpogled\/","name":"Kje bo kariero nadaljeval Verstappen? Nekdanji F1 dirka\u010d podal zanimiv vpogled - Portal F1","isPartOf":{"@id":"https:\/\/portalf1.si\/#website"},"primaryImageOfPage":{"@id":"https:\/\/portalf1.si\/index.php\/2026\/04\/27\/kje-bo-kariero-nadaljeval-verstappen-nekdanji-f1-dirkac-podal-zanimiv-vpogled\/#primaryimage"},"image":{"@id":"https:\/\/portalf1.si\/index.php\/2026\/04\/27\/kje-bo-kariero-nadaljeval-verstappen-nekdanji-f1-dirkac-podal-zanimiv-vpogled\/#primaryimage"},"thumbnailUrl":"https:\/\/portalf1.si\/wp-content\/uploads\/2026\/03\/max-verstappen-gelijk-f1-is-kapot.webp","datePublished":"2026-04-27T13:48:15+00:00","description":"Medtem ko se sezona Formule 1 za\u010denja stopnjevati, se mnogi spra\u0161ujejo, ali bo to zadnje leto Maxa Verstappna v karavani.","breadcrumb":{"@id":"https:\/\/portalf1.si\/index.php\/2026\/04\/27\/kje-bo-kariero-nadaljeval-verstappen-nekdanji-f1-dirkac-podal-zanimiv-vpogled\/#breadcrumb"},"inLanguage":"sl-SI","potentialAction":[{"@type":"ReadAction","target":["https:\/\/portalf1.si\/index.php\/2026\/04\/27\/kje-bo-kariero-nadaljeval-verstappen-nekdanji-f1-dirkac-podal-zanimiv-vpogled\/"]}]},{"@type":"ImageObject","inLanguage":"sl-SI","@id":"https:\/\/portalf1.si\/index.php\/2026\/04\/27\/kje-bo-kariero-nadaljeval-verstappen-nekdanji-f1-dirkac-podal-zanimiv-vpogled\/#primaryimage","url":"https:\/\/portalf1.si\/wp-content\/uploads\/2026\/03\/max-verstappen-gelijk-f1-is-kapot.webp","contentUrl":"https:\/\/portalf1.si\/wp-content\/uploads\/2026\/03\/max-verstappen-gelijk-f1-is-kapot.webp","width":1079,"height":720},{"@type":"BreadcrumbList","@id":"https:\/\/portalf1.si\/index.php\/2026\/04\/27\/kje-bo-kariero-nadaljeval-verstappen-nekdanji-f1-dirkac-podal-zanimiv-vpogled\/#breadcrumb","itemListElement":[{"@type":"ListItem","position":1,"name":"Home","item":"https:\/\/portalf1.si\/"},{"@type":"ListItem","position":2,"name":"Kje bo kariero nadaljeval Verstappen? Nekdanji F1 dirka\u010d podal zanimiv vpogled"}]},{"@type":"WebSite","@id":"https:\/\/portalf1.si\/#website","url":"https:\/\/portalf1.si\/","name":"Portal F1","description":"Vstopite v svet hitrosti in adrenalina","publisher":{"@id":"https:\/\/portalf1.si\/#organization"},"potentialAction":[{"@type":"SearchAction","target":{"@type":"EntryPoint","urlTemplate":"https:\/\/portalf1.si\/?s={search_term_string}"},"query-input":{"@type":"PropertyValueSpecification","valueRequired":true,"valueName":"search_term_string"}}],"inLanguage":"sl-SI"},{"@type":"Organization","@id":"https:\/\/portalf1.si\/#organization","name":"Portal F1","url":"https:\/\/portalf1.si\/","logo":{"@type":"ImageObject","inLanguage":"sl-SI","@id":"https:\/\/portalf1.si\/#\/schema\/logo\/image\/","url":"https:\/\/portalf1.si\/wp-content\/uploads\/2025\/02\/cropped-HiPaint_1738532868530.png","contentUrl":"https:\/\/portalf1.si\/wp-content\/uploads\/2025\/02\/cropped-HiPaint_1738532868530.png","width":512,"height":512,"caption":"Portal F1"},"image":{"@id":"https:\/\/portalf1.si\/#\/schema\/logo\/image\/"},"sameAs":["https:\/\/www.facebook.com\/portalf1.si\/?locale=sl_SI"]},{"@type":"Person","@id":"https:\/\/portalf1.si\/#\/schema\/person\/abfef3ba57233710daadfbdd742fecd5","name":"Denis \u0160tojs","image":{"@type":"ImageObject","inLanguage":"sl-SI","@id":"https:\/\/secure.gravatar.com\/avatar\/b006ce11dfb9c6e47e9de9803eefbdc14aa4afb445f3cca05acc735c22115b38?s=96&d=mm&r=g","url":"https:\/\/secure.gravatar.com\/avatar\/b006ce11dfb9c6e47e9de9803eefbdc14aa4afb445f3cca05acc735c22115b38?s=96&d=mm&r=g","contentUrl":"https:\/\/secure.gravatar.com\/avatar\/b006ce11dfb9c6e47e9de9803eefbdc14aa4afb445f3cca05acc735c22115b38?s=96&d=mm&r=g","caption":"Denis \u0160tojs"},"sameAs":["https:\/\/portalf1.si"],"url":"https:\/\/portalf1.si\/index.php\/author\/portalf1\/"}]}},"_links":{"self":[{"href":"https:\/\/portalf1.si\/index.php\/wp-json\/wp\/v2\/posts\/12747","targetHints":{"allow":["GET"]}}],"collection":[{"href":"https:\/\/portalf1.si\/index.php\/wp-json\/wp\/v2\/posts"}],"about":[{"href":"https:\/\/portalf1.si\/index.php\/wp-json\/wp\/v2\/types\/post"}],"author":[{"embeddable":true,"href":"https:\/\/portalf1.si\/index.php\/wp-json\/wp\/v2\/users\/1"}],"replies":[{"embeddable":true,"href":"https:\/\/portalf1.si\/index.php\/wp-json\/wp\/v2\/comments?post=12747"}],"version-history":[{"count":1,"href":"https:\/\/portalf1.si\/index.php\/wp-json\/wp\/v2\/posts\/12747\/revisions"}],"predecessor-version":[{"id":12748,"href":"https:\/\/portalf1.si\/index.php\/wp-json\/wp\/v2\/posts\/12747\/revisions\/12748"}],"wp:featuredmedia":[{"embeddable":true,"href":"https:\/\/portalf1.si\/index.php\/wp-json\/wp\/v2\/media\/12185"}],"wp:attachment":[{"href":"https:\/\/portalf1.si\/index.php\/wp-json\/wp\/v2\/media?parent=12747"}],"wp:term":[{"taxonomy":"category","embeddable":true,"href":"https:\/\/portalf1.si\/index.php\/wp-json\/wp\/v2\/categories?post=12747"},{"taxonomy":"post_tag","embeddable":true,"href":"https:\/\/portalf1.si\/index.php\/wp-json\/wp\/v2\/tags?post=12747"}],"curies":[{"name":"wp","href":"https:\/\/api.w.org\/{rel}","templated":true}]}}