{"id":12749,"date":"2026-04-27T13:52:46","date_gmt":"2026-04-27T13:52:46","guid":{"rendered":"https:\/\/portalf1.si\/?p=12749"},"modified":"2026-04-27T13:52:46","modified_gmt":"2026-04-27T13:52:46","slug":"brez-pocitka-kako-je-ferrari-prisiljen-premor-spremenil-v-tehnicni-vzpon-ekipe","status":"publish","type":"post","link":"https:\/\/portalf1.si\/index.php\/2026\/04\/27\/brez-pocitka-kako-je-ferrari-prisiljen-premor-spremenil-v-tehnicni-vzpon-ekipe\/","title":{"rendered":"Brez po\u010ditka: Kako je Ferrari prisiljen premor spremenil v tehni\u010dni vzpon ekipe"},"content":{"rendered":"<p data-path-to-node=\"1\"><strong>Lo\u00efc Serra je v intervjuju pojasnil Ferrarijev na\u010din dela med aprilom, ko ni bilo uradnih dirk Formule 1. Kot ka\u017ee, v Maranellu nih\u010de ni po\u010dival.<\/strong><\/p>\n<p data-path-to-node=\"2\">Formula 1 se je za\u010dasno ustavila. Ne zaradi \u0161portne odlo\u010ditve, ampak zaradi geopoliti\u010dnih napetosti, ki so privedle do odpovedi dirk za Veliko nagrado Bahrajna in Savdske Arabije, kar je nepri\u010dakovano preoblikovalo koledar. Za \u0161tevilne ekipe je bil to korak nazaj. Za Ferrari je bila to, sode\u010d po besedah tehni\u010dnega direktorja Lo\u00efca Serre, predvsem prilo\u017enost, ki jo je treba izkoristiti z jasnostjo in osredoto\u010denostjo.<\/p>\n<p data-path-to-node=\"3\">Miami bo pravi preizkus. \u0160e preden so dirkalnik SF-26 zapakirali in odposlali na Florido, so paket nadgradenj, ki jih je pripravila ekipa iz Maranella, ocenili med snemalnim dnem v Monzi. To je eden tistih dni, ki jih dovoljujejo predpisi, a v pravih rokah postane veliko ve\u010d kot preprosta promocijska vo\u017enja. Nadzorovan predogled, zadnja primerjava med simulacijo in pravim asfaltom, preden se podajo v tekmovalno negotovost.<\/p>\n<p data-path-to-node=\"4\">Najbolj neposredna razlaga dveh odpovedanih dirka\u0161kih koncev tednov bi bila \u0161koda: manjkajo\u010di podatki, prekinjene korelacije, poru\u0161en ritem. Serra tega ne zanika, vendar to postavlja v kontekst: <em>&#8220;Korelacijo za nekaj \u010dasa zamrzne\u0161, za dva ali tri tedne ve\u010d, a to je le zamrznitev,&#8221;<\/em> je pojasnil.<\/p>\n<p data-path-to-node=\"5\">Ni \u0161lo za dokon\u010dno prekinitev, ne za korak nazaj. Preprosto premor pri zbiranju novih vzorcev, med katerim je imela ekipa ve\u010d \u010dasa, da podrobneje razi\u0161\u010de obstoje\u010di nabor podatkov.<\/p>\n<p data-path-to-node=\"7\">Kar zadeva sam razvoj, je bil Serra enako jasen pri zavra\u010danju \u0161e ene interpretacije: da bi tak\u0161en premor ekipe potisnil k bolj agresivnim ali eksperimentalnim izbiram. <em>&#8220;Ne ravno,&#8221;<\/em> je odgovoril brez oklevanja.<\/p>\n<p data-path-to-node=\"8\"><em>&#8220;Na\u010drt je na\u010drt in tovarna mu sledi, ne glede na to, koliko dirk se odvije ali ne. Spremeni se ne smer, temve\u010d stopnja natan\u010dnosti analize na poti.&#8221;<\/em><\/p>\n<p data-path-to-node=\"9\">Ferrari se je moral soo\u010diti tudi s specifi\u010dno odsotnostjo in sicer podatki iz D\u017eede. Savdsko dirkali\u0161\u010de, s svojo izjemno hitro postavitvijo in edinstvenimi zna\u010dilnostmi oprijema, bi zagotovilo manjkajo\u010di ko\u0161\u010dek sestavljanke, ki ga nikoli ne bo mogo\u010de v celoti nadomestiti.<\/p>\n<p data-path-to-node=\"10\"><em>&#8220;Del tega bomo nadomestil na naslednji dirki ali v kombinaciji naslednjih, vendar bo tisti ko\u0161\u010dek zagotovo manjkal,&#8221;<\/em> je priznal nekdanji Mercedesov in\u017eenir.<\/p>\n<p data-path-to-node=\"15\">\u010ce so tisti, ki delajo na prihodnosti, nenehno potegnjeni v nujnost sedanjosti, prihodnost preprosto nikoli ne pride. V tem smislu je imel spomladanski premor paradoksalen u\u010dinek: zmanj\u0161al je kratkoro\u010dno nujnost (ni bilo neposredne dirke, ki bi zahtevala podrobne operativne priprave), ne da bi pri tem sprostil dodatne vire za dolgoro\u010dni razvoj.<\/p>\n<p data-path-to-node=\"16\">Serra je bil pri tem jasen, skorajda zato, da bi prepre\u010dil romanti\u010dno branje situacije: <em>&#8220;Vem, da od zunaj izgleda kot prosti \u010das, vendar ni. Program je popolnoma enak.&#8221;<\/em><\/p>\n<blockquote class=\"wp-embedded-content\" data-secret=\"U4Nd3ukwNs\"><p><a href=\"https:\/\/portalf1.si\/index.php\/2026\/04\/25\/ferrari-je-za-miami-pripravil-pravega-aerodinamicnega-aduta-ki-ni-vrtljivo-macarena-krilce\/\">Ferrari je za Miami pripravil pravega aerodinami\u010dnega aduta, ki ni vrtljivo &#8220;Macarena&#8221; krilce<\/a><\/p><\/blockquote>\n<p><iframe loading=\"lazy\" class=\"wp-embedded-content\" sandbox=\"allow-scripts\" security=\"restricted\" style=\"position: absolute; visibility: hidden;\" title=\"&#8220;Ferrari je za Miami pripravil pravega aerodinami\u010dnega aduta, ki ni vrtljivo &#8220;Macarena&#8221; krilce&#8221; &#8212; Portal F1\" src=\"https:\/\/portalf1.si\/index.php\/2026\/04\/25\/ferrari-je-za-miami-pripravil-pravega-aerodinamicnega-aduta-ki-ni-vrtljivo-macarena-krilce\/embed\/#?secret=7M9iz4n0cb#?secret=U4Nd3ukwNs\" data-secret=\"U4Nd3ukwNs\" width=\"600\" height=\"338\" frameborder=\"0\" marginwidth=\"0\" marginheight=\"0\" scrolling=\"no\"><\/iframe><\/p>\n","protected":false},"excerpt":{"rendered":"<p>Lo\u00efc Serra je v intervjuju pojasnil Ferrarijev na\u010din dela med aprilom, ko ni bilo uradnih dirk Formule 1. Kot ka\u017ee, v Maranellu nih\u010de ni po\u010dival. Formula 1 se je za\u010dasno ustavila. Ne zaradi \u0161portne odlo\u010ditve, ampak zaradi geopoliti\u010dnih napetosti, ki so privedle do odpovedi dirk za Veliko nagrado Bahrajna in Savdske Arabije, kar je nepri\u010dakovano [&hellip;]<\/p>\n","protected":false},"author":1,"featured_media":12750,"comment_status":"open","ping_status":"open","sticky":false,"template":"","format":"standard","meta":{"footnotes":""},"categories":[34,30,31],"tags":[44,317,159,46,45,318,158],"class_list":["post-12749","post","type-post","status-publish","format-standard","has-post-thumbnail","hentry","category-ferrari","category-formula-1","category-novice","tag-f1","tag-f1-2026","tag-f1-slovenija","tag-ferrari","tag-formula-1","tag-formula-1-2026","tag-formula-1-slovenija"],"blocksy_meta":[],"yoast_head":"<!-- This site is optimized with the Yoast SEO plugin v27.4 - https:\/\/yoast.com\/product\/yoast-seo-wordpress\/ -->\n<title>Brez po\u010ditka: Kako je Ferrari prisiljen premor spremenil v tehni\u010dni vzpon ekipe - Portal F1<\/title>\n<meta name=\"description\" content=\"Lo\u00efc Serra je v intervjuju pojasnil Ferrarijev na\u010din dela med aprilom, ko ni bilo uradnih dirk Formule 1. V Maranellu nih\u010de ni po\u010dival.\" \/>\n<meta name=\"robots\" content=\"index, follow, max-snippet:-1, max-image-preview:large, max-video-preview:-1\" \/>\n<link rel=\"canonical\" href=\"https:\/\/portalf1.si\/index.php\/2026\/04\/27\/brez-pocitka-kako-je-ferrari-prisiljen-premor-spremenil-v-tehnicni-vzpon-ekipe\/\" \/>\n<meta property=\"og:locale\" content=\"sl_SI\" \/>\n<meta property=\"og:type\" content=\"article\" \/>\n<meta property=\"og:title\" content=\"Brez po\u010ditka: Kako je Ferrari prisiljen premor spremenil v tehni\u010dni vzpon ekipe - Portal F1\" \/>\n<meta property=\"og:description\" content=\"Lo\u00efc Serra je v intervjuju pojasnil Ferrarijev na\u010din dela med aprilom, ko ni bilo uradnih dirk Formule 1. V Maranellu nih\u010de ni po\u010dival.\" \/>\n<meta property=\"og:url\" content=\"https:\/\/portalf1.si\/index.php\/2026\/04\/27\/brez-pocitka-kako-je-ferrari-prisiljen-premor-spremenil-v-tehnicni-vzpon-ekipe\/\" \/>\n<meta property=\"og:site_name\" content=\"Portal F1\" \/>\n<meta property=\"article:publisher\" content=\"https:\/\/www.facebook.com\/portalf1.si\/?locale=sl_SI\" \/>\n<meta property=\"article:published_time\" content=\"2026-04-27T13:52:46+00:00\" \/>\n<meta property=\"og:image\" content=\"https:\/\/portalf1.si\/wp-content\/uploads\/2026\/04\/Ferrari-SF-26-1.webp\" \/>\n\t<meta property=\"og:image:width\" content=\"1600\" \/>\n\t<meta property=\"og:image:height\" content=\"900\" \/>\n\t<meta property=\"og:image:type\" content=\"image\/webp\" \/>\n<meta name=\"author\" content=\"Denis \u0160tojs\" \/>\n<meta name=\"twitter:card\" content=\"summary_large_image\" \/>\n<meta name=\"twitter:label1\" content=\"Written by\" \/>\n\t<meta name=\"twitter:data1\" content=\"Denis \u0160tojs\" \/>\n\t<meta name=\"twitter:label2\" content=\"Est. reading time\" \/>\n\t<meta name=\"twitter:data2\" content=\"3 minute\" \/>\n<script type=\"application\/ld+json\" class=\"yoast-schema-graph\">{\"@context\":\"https:\\\/\\\/schema.org\",\"@graph\":[{\"@type\":\"Article\",\"@id\":\"https:\\\/\\\/portalf1.si\\\/index.php\\\/2026\\\/04\\\/27\\\/brez-pocitka-kako-je-ferrari-prisiljen-premor-spremenil-v-tehnicni-vzpon-ekipe\\\/#article\",\"isPartOf\":{\"@id\":\"https:\\\/\\\/portalf1.si\\\/index.php\\\/2026\\\/04\\\/27\\\/brez-pocitka-kako-je-ferrari-prisiljen-premor-spremenil-v-tehnicni-vzpon-ekipe\\\/\"},\"author\":{\"name\":\"Denis \u0160tojs\",\"@id\":\"https:\\\/\\\/portalf1.si\\\/#\\\/schema\\\/person\\\/abfef3ba57233710daadfbdd742fecd5\"},\"headline\":\"Brez po\u010ditka: Kako je Ferrari prisiljen premor spremenil v tehni\u010dni vzpon ekipe\",\"datePublished\":\"2026-04-27T13:52:46+00:00\",\"mainEntityOfPage\":{\"@id\":\"https:\\\/\\\/portalf1.si\\\/index.php\\\/2026\\\/04\\\/27\\\/brez-pocitka-kako-je-ferrari-prisiljen-premor-spremenil-v-tehnicni-vzpon-ekipe\\\/\"},\"wordCount\":483,\"commentCount\":0,\"publisher\":{\"@id\":\"https:\\\/\\\/portalf1.si\\\/#organization\"},\"image\":{\"@id\":\"https:\\\/\\\/portalf1.si\\\/index.php\\\/2026\\\/04\\\/27\\\/brez-pocitka-kako-je-ferrari-prisiljen-premor-spremenil-v-tehnicni-vzpon-ekipe\\\/#primaryimage\"},\"thumbnailUrl\":\"https:\\\/\\\/portalf1.si\\\/wp-content\\\/uploads\\\/2026\\\/04\\\/Ferrari-SF-26-1.webp\",\"keywords\":[\"F1\",\"F1 2026\",\"F1 Slovenija\",\"Ferrari\",\"Formula 1\",\"Formula 1 2026\",\"Formula 1 Slovenija\"],\"articleSection\":[\"Ferrari\",\"Formula 1\",\"Novice\"],\"inLanguage\":\"sl-SI\",\"potentialAction\":[{\"@type\":\"CommentAction\",\"name\":\"Comment\",\"target\":[\"https:\\\/\\\/portalf1.si\\\/index.php\\\/2026\\\/04\\\/27\\\/brez-pocitka-kako-je-ferrari-prisiljen-premor-spremenil-v-tehnicni-vzpon-ekipe\\\/#respond\"]}]},{\"@type\":\"WebPage\",\"@id\":\"https:\\\/\\\/portalf1.si\\\/index.php\\\/2026\\\/04\\\/27\\\/brez-pocitka-kako-je-ferrari-prisiljen-premor-spremenil-v-tehnicni-vzpon-ekipe\\\/\",\"url\":\"https:\\\/\\\/portalf1.si\\\/index.php\\\/2026\\\/04\\\/27\\\/brez-pocitka-kako-je-ferrari-prisiljen-premor-spremenil-v-tehnicni-vzpon-ekipe\\\/\",\"name\":\"Brez po\u010ditka: Kako je Ferrari prisiljen premor spremenil v tehni\u010dni vzpon ekipe - Portal F1\",\"isPartOf\":{\"@id\":\"https:\\\/\\\/portalf1.si\\\/#website\"},\"primaryImageOfPage\":{\"@id\":\"https:\\\/\\\/portalf1.si\\\/index.php\\\/2026\\\/04\\\/27\\\/brez-pocitka-kako-je-ferrari-prisiljen-premor-spremenil-v-tehnicni-vzpon-ekipe\\\/#primaryimage\"},\"image\":{\"@id\":\"https:\\\/\\\/portalf1.si\\\/index.php\\\/2026\\\/04\\\/27\\\/brez-pocitka-kako-je-ferrari-prisiljen-premor-spremenil-v-tehnicni-vzpon-ekipe\\\/#primaryimage\"},\"thumbnailUrl\":\"https:\\\/\\\/portalf1.si\\\/wp-content\\\/uploads\\\/2026\\\/04\\\/Ferrari-SF-26-1.webp\",\"datePublished\":\"2026-04-27T13:52:46+00:00\",\"description\":\"Lo\u00efc Serra je v intervjuju pojasnil Ferrarijev na\u010din dela med aprilom, ko ni bilo uradnih dirk Formule 1. V Maranellu nih\u010de ni po\u010dival.\",\"breadcrumb\":{\"@id\":\"https:\\\/\\\/portalf1.si\\\/index.php\\\/2026\\\/04\\\/27\\\/brez-pocitka-kako-je-ferrari-prisiljen-premor-spremenil-v-tehnicni-vzpon-ekipe\\\/#breadcrumb\"},\"inLanguage\":\"sl-SI\",\"potentialAction\":[{\"@type\":\"ReadAction\",\"target\":[\"https:\\\/\\\/portalf1.si\\\/index.php\\\/2026\\\/04\\\/27\\\/brez-pocitka-kako-je-ferrari-prisiljen-premor-spremenil-v-tehnicni-vzpon-ekipe\\\/\"]}]},{\"@type\":\"ImageObject\",\"inLanguage\":\"sl-SI\",\"@id\":\"https:\\\/\\\/portalf1.si\\\/index.php\\\/2026\\\/04\\\/27\\\/brez-pocitka-kako-je-ferrari-prisiljen-premor-spremenil-v-tehnicni-vzpon-ekipe\\\/#primaryimage\",\"url\":\"https:\\\/\\\/portalf1.si\\\/wp-content\\\/uploads\\\/2026\\\/04\\\/Ferrari-SF-26-1.webp\",\"contentUrl\":\"https:\\\/\\\/portalf1.si\\\/wp-content\\\/uploads\\\/2026\\\/04\\\/Ferrari-SF-26-1.webp\",\"width\":1600,\"height\":900},{\"@type\":\"BreadcrumbList\",\"@id\":\"https:\\\/\\\/portalf1.si\\\/index.php\\\/2026\\\/04\\\/27\\\/brez-pocitka-kako-je-ferrari-prisiljen-premor-spremenil-v-tehnicni-vzpon-ekipe\\\/#breadcrumb\",\"itemListElement\":[{\"@type\":\"ListItem\",\"position\":1,\"name\":\"Home\",\"item\":\"https:\\\/\\\/portalf1.si\\\/\"},{\"@type\":\"ListItem\",\"position\":2,\"name\":\"Brez po\u010ditka: Kako je Ferrari prisiljen premor spremenil v tehni\u010dni vzpon ekipe\"}]},{\"@type\":\"WebSite\",\"@id\":\"https:\\\/\\\/portalf1.si\\\/#website\",\"url\":\"https:\\\/\\\/portalf1.si\\\/\",\"name\":\"Portal F1\",\"description\":\"Vstopite v svet hitrosti in adrenalina\",\"publisher\":{\"@id\":\"https:\\\/\\\/portalf1.si\\\/#organization\"},\"potentialAction\":[{\"@type\":\"SearchAction\",\"target\":{\"@type\":\"EntryPoint\",\"urlTemplate\":\"https:\\\/\\\/portalf1.si\\\/?s={search_term_string}\"},\"query-input\":{\"@type\":\"PropertyValueSpecification\",\"valueRequired\":true,\"valueName\":\"search_term_string\"}}],\"inLanguage\":\"sl-SI\"},{\"@type\":\"Organization\",\"@id\":\"https:\\\/\\\/portalf1.si\\\/#organization\",\"name\":\"Portal F1\",\"url\":\"https:\\\/\\\/portalf1.si\\\/\",\"logo\":{\"@type\":\"ImageObject\",\"inLanguage\":\"sl-SI\",\"@id\":\"https:\\\/\\\/portalf1.si\\\/#\\\/schema\\\/logo\\\/image\\\/\",\"url\":\"https:\\\/\\\/portalf1.si\\\/wp-content\\\/uploads\\\/2025\\\/02\\\/cropped-HiPaint_1738532868530.png\",\"contentUrl\":\"https:\\\/\\\/portalf1.si\\\/wp-content\\\/uploads\\\/2025\\\/02\\\/cropped-HiPaint_1738532868530.png\",\"width\":512,\"height\":512,\"caption\":\"Portal F1\"},\"image\":{\"@id\":\"https:\\\/\\\/portalf1.si\\\/#\\\/schema\\\/logo\\\/image\\\/\"},\"sameAs\":[\"https:\\\/\\\/www.facebook.com\\\/portalf1.si\\\/?locale=sl_SI\"]},{\"@type\":\"Person\",\"@id\":\"https:\\\/\\\/portalf1.si\\\/#\\\/schema\\\/person\\\/abfef3ba57233710daadfbdd742fecd5\",\"name\":\"Denis \u0160tojs\",\"image\":{\"@type\":\"ImageObject\",\"inLanguage\":\"sl-SI\",\"@id\":\"https:\\\/\\\/secure.gravatar.com\\\/avatar\\\/b006ce11dfb9c6e47e9de9803eefbdc14aa4afb445f3cca05acc735c22115b38?s=96&d=mm&r=g\",\"url\":\"https:\\\/\\\/secure.gravatar.com\\\/avatar\\\/b006ce11dfb9c6e47e9de9803eefbdc14aa4afb445f3cca05acc735c22115b38?s=96&d=mm&r=g\",\"contentUrl\":\"https:\\\/\\\/secure.gravatar.com\\\/avatar\\\/b006ce11dfb9c6e47e9de9803eefbdc14aa4afb445f3cca05acc735c22115b38?s=96&d=mm&r=g\",\"caption\":\"Denis \u0160tojs\"},\"sameAs\":[\"https:\\\/\\\/portalf1.si\"],\"url\":\"https:\\\/\\\/portalf1.si\\\/index.php\\\/author\\\/portalf1\\\/\"}]}<\/script>\n<!-- \/ Yoast SEO plugin. -->","yoast_head_json":{"title":"Brez po\u010ditka: Kako je Ferrari prisiljen premor spremenil v tehni\u010dni vzpon ekipe - Portal F1","description":"Lo\u00efc Serra je v intervjuju pojasnil Ferrarijev na\u010din dela med aprilom, ko ni bilo uradnih dirk Formule 1. V Maranellu nih\u010de ni po\u010dival.","robots":{"index":"index","follow":"follow","max-snippet":"max-snippet:-1","max-image-preview":"max-image-preview:large","max-video-preview":"max-video-preview:-1"},"canonical":"https:\/\/portalf1.si\/index.php\/2026\/04\/27\/brez-pocitka-kako-je-ferrari-prisiljen-premor-spremenil-v-tehnicni-vzpon-ekipe\/","og_locale":"sl_SI","og_type":"article","og_title":"Brez po\u010ditka: Kako je Ferrari prisiljen premor spremenil v tehni\u010dni vzpon ekipe - Portal F1","og_description":"Lo\u00efc Serra je v intervjuju pojasnil Ferrarijev na\u010din dela med aprilom, ko ni bilo uradnih dirk Formule 1. V Maranellu nih\u010de ni po\u010dival.","og_url":"https:\/\/portalf1.si\/index.php\/2026\/04\/27\/brez-pocitka-kako-je-ferrari-prisiljen-premor-spremenil-v-tehnicni-vzpon-ekipe\/","og_site_name":"Portal F1","article_publisher":"https:\/\/www.facebook.com\/portalf1.si\/?locale=sl_SI","article_published_time":"2026-04-27T13:52:46+00:00","og_image":[{"width":1600,"height":900,"url":"https:\/\/portalf1.si\/wp-content\/uploads\/2026\/04\/Ferrari-SF-26-1.webp","type":"image\/webp"}],"author":"Denis \u0160tojs","twitter_card":"summary_large_image","twitter_misc":{"Written by":"Denis \u0160tojs","Est. reading time":"3 minute"},"schema":{"@context":"https:\/\/schema.org","@graph":[{"@type":"Article","@id":"https:\/\/portalf1.si\/index.php\/2026\/04\/27\/brez-pocitka-kako-je-ferrari-prisiljen-premor-spremenil-v-tehnicni-vzpon-ekipe\/#article","isPartOf":{"@id":"https:\/\/portalf1.si\/index.php\/2026\/04\/27\/brez-pocitka-kako-je-ferrari-prisiljen-premor-spremenil-v-tehnicni-vzpon-ekipe\/"},"author":{"name":"Denis \u0160tojs","@id":"https:\/\/portalf1.si\/#\/schema\/person\/abfef3ba57233710daadfbdd742fecd5"},"headline":"Brez po\u010ditka: Kako je Ferrari prisiljen premor spremenil v tehni\u010dni vzpon ekipe","datePublished":"2026-04-27T13:52:46+00:00","mainEntityOfPage":{"@id":"https:\/\/portalf1.si\/index.php\/2026\/04\/27\/brez-pocitka-kako-je-ferrari-prisiljen-premor-spremenil-v-tehnicni-vzpon-ekipe\/"},"wordCount":483,"commentCount":0,"publisher":{"@id":"https:\/\/portalf1.si\/#organization"},"image":{"@id":"https:\/\/portalf1.si\/index.php\/2026\/04\/27\/brez-pocitka-kako-je-ferrari-prisiljen-premor-spremenil-v-tehnicni-vzpon-ekipe\/#primaryimage"},"thumbnailUrl":"https:\/\/portalf1.si\/wp-content\/uploads\/2026\/04\/Ferrari-SF-26-1.webp","keywords":["F1","F1 2026","F1 Slovenija","Ferrari","Formula 1","Formula 1 2026","Formula 1 Slovenija"],"articleSection":["Ferrari","Formula 1","Novice"],"inLanguage":"sl-SI","potentialAction":[{"@type":"CommentAction","name":"Comment","target":["https:\/\/portalf1.si\/index.php\/2026\/04\/27\/brez-pocitka-kako-je-ferrari-prisiljen-premor-spremenil-v-tehnicni-vzpon-ekipe\/#respond"]}]},{"@type":"WebPage","@id":"https:\/\/portalf1.si\/index.php\/2026\/04\/27\/brez-pocitka-kako-je-ferrari-prisiljen-premor-spremenil-v-tehnicni-vzpon-ekipe\/","url":"https:\/\/portalf1.si\/index.php\/2026\/04\/27\/brez-pocitka-kako-je-ferrari-prisiljen-premor-spremenil-v-tehnicni-vzpon-ekipe\/","name":"Brez po\u010ditka: Kako je Ferrari prisiljen premor spremenil v tehni\u010dni vzpon ekipe - Portal F1","isPartOf":{"@id":"https:\/\/portalf1.si\/#website"},"primaryImageOfPage":{"@id":"https:\/\/portalf1.si\/index.php\/2026\/04\/27\/brez-pocitka-kako-je-ferrari-prisiljen-premor-spremenil-v-tehnicni-vzpon-ekipe\/#primaryimage"},"image":{"@id":"https:\/\/portalf1.si\/index.php\/2026\/04\/27\/brez-pocitka-kako-je-ferrari-prisiljen-premor-spremenil-v-tehnicni-vzpon-ekipe\/#primaryimage"},"thumbnailUrl":"https:\/\/portalf1.si\/wp-content\/uploads\/2026\/04\/Ferrari-SF-26-1.webp","datePublished":"2026-04-27T13:52:46+00:00","description":"Lo\u00efc Serra je v intervjuju pojasnil Ferrarijev na\u010din dela med aprilom, ko ni bilo uradnih dirk Formule 1. V Maranellu nih\u010de ni po\u010dival.","breadcrumb":{"@id":"https:\/\/portalf1.si\/index.php\/2026\/04\/27\/brez-pocitka-kako-je-ferrari-prisiljen-premor-spremenil-v-tehnicni-vzpon-ekipe\/#breadcrumb"},"inLanguage":"sl-SI","potentialAction":[{"@type":"ReadAction","target":["https:\/\/portalf1.si\/index.php\/2026\/04\/27\/brez-pocitka-kako-je-ferrari-prisiljen-premor-spremenil-v-tehnicni-vzpon-ekipe\/"]}]},{"@type":"ImageObject","inLanguage":"sl-SI","@id":"https:\/\/portalf1.si\/index.php\/2026\/04\/27\/brez-pocitka-kako-je-ferrari-prisiljen-premor-spremenil-v-tehnicni-vzpon-ekipe\/#primaryimage","url":"https:\/\/portalf1.si\/wp-content\/uploads\/2026\/04\/Ferrari-SF-26-1.webp","contentUrl":"https:\/\/portalf1.si\/wp-content\/uploads\/2026\/04\/Ferrari-SF-26-1.webp","width":1600,"height":900},{"@type":"BreadcrumbList","@id":"https:\/\/portalf1.si\/index.php\/2026\/04\/27\/brez-pocitka-kako-je-ferrari-prisiljen-premor-spremenil-v-tehnicni-vzpon-ekipe\/#breadcrumb","itemListElement":[{"@type":"ListItem","position":1,"name":"Home","item":"https:\/\/portalf1.si\/"},{"@type":"ListItem","position":2,"name":"Brez po\u010ditka: Kako je Ferrari prisiljen premor spremenil v tehni\u010dni vzpon ekipe"}]},{"@type":"WebSite","@id":"https:\/\/portalf1.si\/#website","url":"https:\/\/portalf1.si\/","name":"Portal F1","description":"Vstopite v svet hitrosti in adrenalina","publisher":{"@id":"https:\/\/portalf1.si\/#organization"},"potentialAction":[{"@type":"SearchAction","target":{"@type":"EntryPoint","urlTemplate":"https:\/\/portalf1.si\/?s={search_term_string}"},"query-input":{"@type":"PropertyValueSpecification","valueRequired":true,"valueName":"search_term_string"}}],"inLanguage":"sl-SI"},{"@type":"Organization","@id":"https:\/\/portalf1.si\/#organization","name":"Portal F1","url":"https:\/\/portalf1.si\/","logo":{"@type":"ImageObject","inLanguage":"sl-SI","@id":"https:\/\/portalf1.si\/#\/schema\/logo\/image\/","url":"https:\/\/portalf1.si\/wp-content\/uploads\/2025\/02\/cropped-HiPaint_1738532868530.png","contentUrl":"https:\/\/portalf1.si\/wp-content\/uploads\/2025\/02\/cropped-HiPaint_1738532868530.png","width":512,"height":512,"caption":"Portal F1"},"image":{"@id":"https:\/\/portalf1.si\/#\/schema\/logo\/image\/"},"sameAs":["https:\/\/www.facebook.com\/portalf1.si\/?locale=sl_SI"]},{"@type":"Person","@id":"https:\/\/portalf1.si\/#\/schema\/person\/abfef3ba57233710daadfbdd742fecd5","name":"Denis \u0160tojs","image":{"@type":"ImageObject","inLanguage":"sl-SI","@id":"https:\/\/secure.gravatar.com\/avatar\/b006ce11dfb9c6e47e9de9803eefbdc14aa4afb445f3cca05acc735c22115b38?s=96&d=mm&r=g","url":"https:\/\/secure.gravatar.com\/avatar\/b006ce11dfb9c6e47e9de9803eefbdc14aa4afb445f3cca05acc735c22115b38?s=96&d=mm&r=g","contentUrl":"https:\/\/secure.gravatar.com\/avatar\/b006ce11dfb9c6e47e9de9803eefbdc14aa4afb445f3cca05acc735c22115b38?s=96&d=mm&r=g","caption":"Denis \u0160tojs"},"sameAs":["https:\/\/portalf1.si"],"url":"https:\/\/portalf1.si\/index.php\/author\/portalf1\/"}]}},"_links":{"self":[{"href":"https:\/\/portalf1.si\/index.php\/wp-json\/wp\/v2\/posts\/12749","targetHints":{"allow":["GET"]}}],"collection":[{"href":"https:\/\/portalf1.si\/index.php\/wp-json\/wp\/v2\/posts"}],"about":[{"href":"https:\/\/portalf1.si\/index.php\/wp-json\/wp\/v2\/types\/post"}],"author":[{"embeddable":true,"href":"https:\/\/portalf1.si\/index.php\/wp-json\/wp\/v2\/users\/1"}],"replies":[{"embeddable":true,"href":"https:\/\/portalf1.si\/index.php\/wp-json\/wp\/v2\/comments?post=12749"}],"version-history":[{"count":3,"href":"https:\/\/portalf1.si\/index.php\/wp-json\/wp\/v2\/posts\/12749\/revisions"}],"predecessor-version":[{"id":12758,"href":"https:\/\/portalf1.si\/index.php\/wp-json\/wp\/v2\/posts\/12749\/revisions\/12758"}],"wp:featuredmedia":[{"embeddable":true,"href":"https:\/\/portalf1.si\/index.php\/wp-json\/wp\/v2\/media\/12750"}],"wp:attachment":[{"href":"https:\/\/portalf1.si\/index.php\/wp-json\/wp\/v2\/media?parent=12749"}],"wp:term":[{"taxonomy":"category","embeddable":true,"href":"https:\/\/portalf1.si\/index.php\/wp-json\/wp\/v2\/categories?post=12749"},{"taxonomy":"post_tag","embeddable":true,"href":"https:\/\/portalf1.si\/index.php\/wp-json\/wp\/v2\/tags?post=12749"}],"curies":[{"name":"wp","href":"https:\/\/api.w.org\/{rel}","templated":true}]}}