{"id":12761,"date":"2026-04-27T21:12:35","date_gmt":"2026-04-27T21:12:35","guid":{"rendered":"https:\/\/portalf1.si\/?p=12761"},"modified":"2026-04-27T21:12:35","modified_gmt":"2026-04-27T21:12:35","slug":"pretresljivi-amaterski-posnetki-prikazujejo-silovito-nesreco-josa-verstappna-na-reliju","status":"publish","type":"post","link":"https:\/\/portalf1.si\/index.php\/2026\/04\/27\/pretresljivi-amaterski-posnetki-prikazujejo-silovito-nesreco-josa-verstappna-na-reliju\/","title":{"rendered":"Pretresljivi amaterski posnetki prikazujejo silovito nesre\u010do Josa Verstappna na reliju"},"content":{"rendered":"<p data-path-to-node=\"0\"><strong>Nekdanji dirka\u010d Formule 1 Jos Verstappen in njegov sovoznik Jasper Vermeulen sta v nedeljo do\u017eivela hudo nesre\u010do med relijem po Valoniji. Na dru\u017ebenih omre\u017ejih so se pojavili amaterski posnetki silovitega tr\u010denja, ki ka\u017eejo, kako sre\u010dna sta bila oba udele\u017eenca.<\/strong><\/p>\n<p data-path-to-node=\"1\">Moto\u0161port je nevaren, kar se je jasno pokazalo v nedeljo zgodaj zjutraj. Jos Verstappen je prvo etapo dneva kon\u010dal na strehi avtomobila. Kasneje je povedal: <em>&#8220;Na cesti je bil pesek in mislim, da sem v ovinek zapeljal nekoliko prehitro. Na koncu ovinka je zadnji del avtomobila odneslo. Nato sva zadela drog, po \u010demer je avtomobil obrnilo in pristala sva na strehi.&#8221;<\/em><\/p>\n<p data-path-to-node=\"2\"><em>&#8220;Najpomembneje je, da sva z Jasperjem varno izstopila iz avtomobila. Bil je mo\u010dan udarec, vendar se je izkazalo, da so na\u0161i avtomobili varni. Vesel sem, da sva jo dobro odnesla,&#8221;<\/em> je zaklju\u010dil nekdanji dirka\u010d formule 1.<\/p>\n<p data-path-to-node=\"3\">O\u010de Maxa Verstappna je ta konec tedna vozil z drugim sovoznikom, Jasperjem Vermeulenom. Redni navigator Verstappna starej\u0161ega si je namre\u010d prej\u0161nji teden zlomil gle\u017eenj. Za zdaj ni znano, kdaj se bo Renaud Jamoul lahko vrnil.<\/p>\n<p data-path-to-node=\"3\">V vsakem primeru je najprej treba opraviti veliko dela, da bi zakrpali Verstappnovo \u0160kodo. Fotografije so \u017ee pokazale, da je bil avtomobil mo\u010dno po\u0161kodovan. Videoposnetek, objavljen na ra\u010dunu Iamjoaopereira, potrjuje, da je bil udarec res silovit. Vidi se tudi vzrok nesre\u010de. Oglejte si posnetek spodaj!<\/p>\n<blockquote class=\"instagram-media\" style=\"background: #FFF; border: 0; border-radius: 3px; box-shadow: 0 0 1px 0 rgba(0,0,0,0.5),0 1px 10px 0 rgba(0,0,0,0.15); margin: 1px; max-width: 540px; min-width: 326px; padding: 0; width: calc(100% - 2px);\" data-instgrm-captioned=\"\" data-instgrm-permalink=\"https:\/\/www.instagram.com\/reel\/DXmip0uiCGm\/?utm_source=ig_embed&amp;utm_campaign=loading\" data-instgrm-version=\"14\">\n<div style=\"padding: 16px;\">\n<p>&nbsp;<\/p>\n<div style=\"display: flex; flex-direction: row; align-items: center;\">\n<div style=\"background-color: #f4f4f4; border-radius: 50%; flex-grow: 0; height: 40px; margin-right: 14px; width: 40px;\"><\/div>\n<div style=\"display: flex; flex-direction: column; flex-grow: 1; justify-content: center;\">\n<div style=\"background-color: #f4f4f4; border-radius: 4px; flex-grow: 0; height: 14px; margin-bottom: 6px; width: 100px;\"><\/div>\n<div style=\"background-color: #f4f4f4; border-radius: 4px; flex-grow: 0; height: 14px; width: 60px;\"><\/div>\n<\/div>\n<\/div>\n<div style=\"padding: 19% 0;\"><\/div>\n<div style=\"display: block; height: 50px; margin: 0 auto 12px; width: 50px;\"><\/div>\n<div style=\"padding-top: 8px;\">\n<div style=\"color: #3897f0; font-family: Arial,sans-serif; font-size: 14px; font-style: normal; font-weight: 550; line-height: 18px;\">View this post on Instagram<\/div>\n<\/div>\n<div style=\"padding: 12.5% 0;\"><\/div>\n<div style=\"display: flex; flex-direction: row; margin-bottom: 14px; align-items: center;\">\n<div>\n<div style=\"background-color: #f4f4f4; border-radius: 50%; height: 12.5px; width: 12.5px; transform: translateX(0px) translateY(7px);\"><\/div>\n<div style=\"background-color: #f4f4f4; height: 12.5px; transform: rotate(-45deg) translateX(3px) translateY(1px); width: 12.5px; flex-grow: 0; margin-right: 14px; margin-left: 2px;\"><\/div>\n<div style=\"background-color: #f4f4f4; border-radius: 50%; height: 12.5px; width: 12.5px; transform: translateX(9px) translateY(-18px);\"><\/div>\n<\/div>\n<div style=\"margin-left: 8px;\">\n<div style=\"background-color: #f4f4f4; border-radius: 50%; flex-grow: 0; height: 20px; width: 20px;\"><\/div>\n<div style=\"width: 0; height: 0; border-top: 2px solid transparent; border-left: 6px solid #f4f4f4; border-bottom: 2px solid transparent; transform: translateX(16px) translateY(-4px) rotate(30deg);\"><\/div>\n<\/div>\n<div style=\"margin-left: auto;\">\n<div style=\"width: 0px; border-top: 8px solid #F4F4F4; border-right: 8px solid transparent; transform: translateY(16px);\"><\/div>\n<div style=\"background-color: #f4f4f4; flex-grow: 0; height: 12px; width: 16px; transform: translateY(-4px);\"><\/div>\n<div style=\"width: 0; height: 0; border-top: 8px solid #F4F4F4; border-left: 8px solid transparent; transform: translateY(-4px) translateX(8px);\"><\/div>\n<\/div>\n<\/div>\n<div style=\"display: flex; flex-direction: column; flex-grow: 1; justify-content: center; margin-bottom: 24px;\">\n<div style=\"background-color: #f4f4f4; border-radius: 4px; flex-grow: 0; height: 14px; margin-bottom: 6px; width: 224px;\"><\/div>\n<div style=\"background-color: #f4f4f4; border-radius: 4px; flex-grow: 0; height: 14px; width: 144px;\"><\/div>\n<\/div>\n<p>&nbsp;<\/p>\n<p style=\"color: #c9c8cd; font-family: Arial,sans-serif; font-size: 14px; line-height: 17px; margin-bottom: 0; margin-top: 8px; overflow: hidden; padding: 8px 0 7px; text-align: center; text-overflow: ellipsis; white-space: nowrap;\"><a style=\"color: #c9c8cd; font-family: Arial,sans-serif; font-size: 14px; font-style: normal; font-weight: normal; line-height: 17px; text-decoration: none;\" href=\"https:\/\/www.instagram.com\/reel\/DXmip0uiCGm\/?utm_source=ig_embed&amp;utm_campaign=loading\" target=\"_blank\" rel=\"noopener\">A post shared by Jo\u00e3o Pereira (@iamjoaopereira)<\/a><\/p>\n<\/div>\n<\/blockquote>\n<p><script async src=\"\/\/www.instagram.com\/embed.js\"><\/script><\/p>\n<blockquote class=\"wp-embedded-content\" data-secret=\"W980aZy9NK\"><p><a href=\"https:\/\/portalf1.si\/index.php\/2026\/04\/27\/kje-bo-kariero-nadaljeval-verstappen-nekdanji-f1-dirkac-podal-zanimiv-vpogled\/\">Kje bo kariero nadaljeval Verstappen? Nekdanji F1 dirka\u010d podal zanimiv vpogled<\/a><\/p><\/blockquote>\n<p><iframe loading=\"lazy\" class=\"wp-embedded-content\" sandbox=\"allow-scripts\" security=\"restricted\" style=\"position: absolute; visibility: hidden;\" title=\"&#8220;Kje bo kariero nadaljeval Verstappen? Nekdanji F1 dirka\u010d podal zanimiv vpogled&#8221; &#8212; Portal F1\" src=\"https:\/\/portalf1.si\/index.php\/2026\/04\/27\/kje-bo-kariero-nadaljeval-verstappen-nekdanji-f1-dirkac-podal-zanimiv-vpogled\/embed\/#?secret=gUFcQyXQki#?secret=W980aZy9NK\" data-secret=\"W980aZy9NK\" width=\"600\" height=\"338\" frameborder=\"0\" marginwidth=\"0\" marginheight=\"0\" scrolling=\"no\"><\/iframe><\/p>\n","protected":false},"excerpt":{"rendered":"<p>Nekdanji dirka\u010d Formule 1 Jos Verstappen in njegov sovoznik Jasper Vermeulen sta v nedeljo do\u017eivela hudo nesre\u010do med relijem po Valoniji. Na dru\u017ebenih omre\u017ejih so se pojavili amaterski posnetki silovitega tr\u010denja, ki ka\u017eejo, kako sre\u010dna sta bila oba udele\u017eenca. Moto\u0161port je nevaren, kar se je jasno pokazalo v nedeljo zgodaj zjutraj. Jos Verstappen je prvo [&hellip;]<\/p>\n","protected":false},"author":1,"featured_media":12763,"comment_status":"open","ping_status":"open","sticky":false,"template":"","format":"standard","meta":{"footnotes":""},"categories":[30,90,63,31,89],"tags":[44,317,159,45,318,158,91,47],"class_list":["post-12761","post","type-post","status-publish","format-standard","has-post-thumbnail","hentry","category-formula-1","category-jos-verstappen","category-max-verstappen","category-novice","category-video","tag-f1","tag-f1-2026","tag-f1-slovenija","tag-formula-1","tag-formula-1-2026","tag-formula-1-slovenija","tag-jos-verstappen","tag-max-verstappen"],"blocksy_meta":[],"yoast_head":"<!-- This site is optimized with the Yoast SEO plugin v27.4 - https:\/\/yoast.com\/product\/yoast-seo-wordpress\/ -->\n<title>Pretresljivi amaterski posnetki prikazujejo silovito nesre\u010do Josa Verstappna na reliju - Portal F1<\/title>\n<meta name=\"description\" content=\"Nekdanji dirka\u010d Formule 1 Jos Verstappen in njegov sovoznik Jasper Vermeulen sta v nedeljo do\u017eivela hudo nesre\u010do med relijem po Valoniji.\" \/>\n<meta name=\"robots\" content=\"index, follow, max-snippet:-1, max-image-preview:large, max-video-preview:-1\" \/>\n<link rel=\"canonical\" href=\"https:\/\/portalf1.si\/index.php\/2026\/04\/27\/pretresljivi-amaterski-posnetki-prikazujejo-silovito-nesreco-josa-verstappna-na-reliju\/\" \/>\n<meta property=\"og:locale\" content=\"sl_SI\" \/>\n<meta property=\"og:type\" content=\"article\" \/>\n<meta property=\"og:title\" content=\"Pretresljivi amaterski posnetki prikazujejo silovito nesre\u010do Josa Verstappna na reliju - Portal F1\" \/>\n<meta property=\"og:description\" content=\"Nekdanji dirka\u010d Formule 1 Jos Verstappen in njegov sovoznik Jasper Vermeulen sta v nedeljo do\u017eivela hudo nesre\u010do med relijem po Valoniji.\" \/>\n<meta property=\"og:url\" content=\"https:\/\/portalf1.si\/index.php\/2026\/04\/27\/pretresljivi-amaterski-posnetki-prikazujejo-silovito-nesreco-josa-verstappna-na-reliju\/\" \/>\n<meta property=\"og:site_name\" content=\"Portal F1\" \/>\n<meta property=\"article:publisher\" content=\"https:\/\/www.facebook.com\/portalf1.si\/?locale=sl_SI\" \/>\n<meta property=\"article:published_time\" content=\"2026-04-27T21:12:35+00:00\" \/>\n<meta property=\"og:image\" content=\"https:\/\/portalf1.si\/wp-content\/uploads\/2026\/04\/rgSIGBgC.webp\" \/>\n\t<meta property=\"og:image:width\" content=\"1200\" \/>\n\t<meta property=\"og:image:height\" content=\"630\" \/>\n\t<meta property=\"og:image:type\" content=\"image\/jpeg\" \/>\n<meta name=\"author\" content=\"Denis \u0160tojs\" \/>\n<meta name=\"twitter:card\" content=\"summary_large_image\" \/>\n<meta name=\"twitter:label1\" content=\"Written by\" \/>\n\t<meta name=\"twitter:data1\" content=\"Denis \u0160tojs\" \/>\n\t<meta name=\"twitter:label2\" content=\"Est. reading time\" \/>\n\t<meta name=\"twitter:data2\" content=\"2 minuti\" \/>\n<script type=\"application\/ld+json\" class=\"yoast-schema-graph\">{\"@context\":\"https:\\\/\\\/schema.org\",\"@graph\":[{\"@type\":\"Article\",\"@id\":\"https:\\\/\\\/portalf1.si\\\/index.php\\\/2026\\\/04\\\/27\\\/pretresljivi-amaterski-posnetki-prikazujejo-silovito-nesreco-josa-verstappna-na-reliju\\\/#article\",\"isPartOf\":{\"@id\":\"https:\\\/\\\/portalf1.si\\\/index.php\\\/2026\\\/04\\\/27\\\/pretresljivi-amaterski-posnetki-prikazujejo-silovito-nesreco-josa-verstappna-na-reliju\\\/\"},\"author\":{\"name\":\"Denis \u0160tojs\",\"@id\":\"https:\\\/\\\/portalf1.si\\\/#\\\/schema\\\/person\\\/abfef3ba57233710daadfbdd742fecd5\"},\"headline\":\"Pretresljivi amaterski posnetki prikazujejo silovito nesre\u010do Josa Verstappna na reliju\",\"datePublished\":\"2026-04-27T21:12:35+00:00\",\"mainEntityOfPage\":{\"@id\":\"https:\\\/\\\/portalf1.si\\\/index.php\\\/2026\\\/04\\\/27\\\/pretresljivi-amaterski-posnetki-prikazujejo-silovito-nesreco-josa-verstappna-na-reliju\\\/\"},\"wordCount\":268,\"commentCount\":0,\"publisher\":{\"@id\":\"https:\\\/\\\/portalf1.si\\\/#organization\"},\"image\":{\"@id\":\"https:\\\/\\\/portalf1.si\\\/index.php\\\/2026\\\/04\\\/27\\\/pretresljivi-amaterski-posnetki-prikazujejo-silovito-nesreco-josa-verstappna-na-reliju\\\/#primaryimage\"},\"thumbnailUrl\":\"https:\\\/\\\/portalf1.si\\\/wp-content\\\/uploads\\\/2026\\\/04\\\/rgSIGBgC.webp\",\"keywords\":[\"F1\",\"F1 2026\",\"F1 Slovenija\",\"Formula 1\",\"Formula 1 2026\",\"Formula 1 Slovenija\",\"Jos Verstappen\",\"Max Verstappen\"],\"articleSection\":[\"Formula 1\",\"Jos Verstappen\",\"Max Verstappen\",\"Novice\",\"Video\"],\"inLanguage\":\"sl-SI\",\"potentialAction\":[{\"@type\":\"CommentAction\",\"name\":\"Comment\",\"target\":[\"https:\\\/\\\/portalf1.si\\\/index.php\\\/2026\\\/04\\\/27\\\/pretresljivi-amaterski-posnetki-prikazujejo-silovito-nesreco-josa-verstappna-na-reliju\\\/#respond\"]}]},{\"@type\":\"WebPage\",\"@id\":\"https:\\\/\\\/portalf1.si\\\/index.php\\\/2026\\\/04\\\/27\\\/pretresljivi-amaterski-posnetki-prikazujejo-silovito-nesreco-josa-verstappna-na-reliju\\\/\",\"url\":\"https:\\\/\\\/portalf1.si\\\/index.php\\\/2026\\\/04\\\/27\\\/pretresljivi-amaterski-posnetki-prikazujejo-silovito-nesreco-josa-verstappna-na-reliju\\\/\",\"name\":\"Pretresljivi amaterski posnetki prikazujejo silovito nesre\u010do Josa Verstappna na reliju - Portal F1\",\"isPartOf\":{\"@id\":\"https:\\\/\\\/portalf1.si\\\/#website\"},\"primaryImageOfPage\":{\"@id\":\"https:\\\/\\\/portalf1.si\\\/index.php\\\/2026\\\/04\\\/27\\\/pretresljivi-amaterski-posnetki-prikazujejo-silovito-nesreco-josa-verstappna-na-reliju\\\/#primaryimage\"},\"image\":{\"@id\":\"https:\\\/\\\/portalf1.si\\\/index.php\\\/2026\\\/04\\\/27\\\/pretresljivi-amaterski-posnetki-prikazujejo-silovito-nesreco-josa-verstappna-na-reliju\\\/#primaryimage\"},\"thumbnailUrl\":\"https:\\\/\\\/portalf1.si\\\/wp-content\\\/uploads\\\/2026\\\/04\\\/rgSIGBgC.webp\",\"datePublished\":\"2026-04-27T21:12:35+00:00\",\"description\":\"Nekdanji dirka\u010d Formule 1 Jos Verstappen in njegov sovoznik Jasper Vermeulen sta v nedeljo do\u017eivela hudo nesre\u010do med relijem po Valoniji.\",\"breadcrumb\":{\"@id\":\"https:\\\/\\\/portalf1.si\\\/index.php\\\/2026\\\/04\\\/27\\\/pretresljivi-amaterski-posnetki-prikazujejo-silovito-nesreco-josa-verstappna-na-reliju\\\/#breadcrumb\"},\"inLanguage\":\"sl-SI\",\"potentialAction\":[{\"@type\":\"ReadAction\",\"target\":[\"https:\\\/\\\/portalf1.si\\\/index.php\\\/2026\\\/04\\\/27\\\/pretresljivi-amaterski-posnetki-prikazujejo-silovito-nesreco-josa-verstappna-na-reliju\\\/\"]}]},{\"@type\":\"ImageObject\",\"inLanguage\":\"sl-SI\",\"@id\":\"https:\\\/\\\/portalf1.si\\\/index.php\\\/2026\\\/04\\\/27\\\/pretresljivi-amaterski-posnetki-prikazujejo-silovito-nesreco-josa-verstappna-na-reliju\\\/#primaryimage\",\"url\":\"https:\\\/\\\/portalf1.si\\\/wp-content\\\/uploads\\\/2026\\\/04\\\/rgSIGBgC.webp\",\"contentUrl\":\"https:\\\/\\\/portalf1.si\\\/wp-content\\\/uploads\\\/2026\\\/04\\\/rgSIGBgC.webp\",\"width\":1200,\"height\":630},{\"@type\":\"BreadcrumbList\",\"@id\":\"https:\\\/\\\/portalf1.si\\\/index.php\\\/2026\\\/04\\\/27\\\/pretresljivi-amaterski-posnetki-prikazujejo-silovito-nesreco-josa-verstappna-na-reliju\\\/#breadcrumb\",\"itemListElement\":[{\"@type\":\"ListItem\",\"position\":1,\"name\":\"Home\",\"item\":\"https:\\\/\\\/portalf1.si\\\/\"},{\"@type\":\"ListItem\",\"position\":2,\"name\":\"Pretresljivi amaterski posnetki prikazujejo silovito nesre\u010do Josa Verstappna na reliju\"}]},{\"@type\":\"WebSite\",\"@id\":\"https:\\\/\\\/portalf1.si\\\/#website\",\"url\":\"https:\\\/\\\/portalf1.si\\\/\",\"name\":\"Portal F1\",\"description\":\"Vstopite v svet hitrosti in adrenalina\",\"publisher\":{\"@id\":\"https:\\\/\\\/portalf1.si\\\/#organization\"},\"potentialAction\":[{\"@type\":\"SearchAction\",\"target\":{\"@type\":\"EntryPoint\",\"urlTemplate\":\"https:\\\/\\\/portalf1.si\\\/?s={search_term_string}\"},\"query-input\":{\"@type\":\"PropertyValueSpecification\",\"valueRequired\":true,\"valueName\":\"search_term_string\"}}],\"inLanguage\":\"sl-SI\"},{\"@type\":\"Organization\",\"@id\":\"https:\\\/\\\/portalf1.si\\\/#organization\",\"name\":\"Portal F1\",\"url\":\"https:\\\/\\\/portalf1.si\\\/\",\"logo\":{\"@type\":\"ImageObject\",\"inLanguage\":\"sl-SI\",\"@id\":\"https:\\\/\\\/portalf1.si\\\/#\\\/schema\\\/logo\\\/image\\\/\",\"url\":\"https:\\\/\\\/portalf1.si\\\/wp-content\\\/uploads\\\/2025\\\/02\\\/cropped-HiPaint_1738532868530.png\",\"contentUrl\":\"https:\\\/\\\/portalf1.si\\\/wp-content\\\/uploads\\\/2025\\\/02\\\/cropped-HiPaint_1738532868530.png\",\"width\":512,\"height\":512,\"caption\":\"Portal F1\"},\"image\":{\"@id\":\"https:\\\/\\\/portalf1.si\\\/#\\\/schema\\\/logo\\\/image\\\/\"},\"sameAs\":[\"https:\\\/\\\/www.facebook.com\\\/portalf1.si\\\/?locale=sl_SI\"]},{\"@type\":\"Person\",\"@id\":\"https:\\\/\\\/portalf1.si\\\/#\\\/schema\\\/person\\\/abfef3ba57233710daadfbdd742fecd5\",\"name\":\"Denis \u0160tojs\",\"image\":{\"@type\":\"ImageObject\",\"inLanguage\":\"sl-SI\",\"@id\":\"https:\\\/\\\/secure.gravatar.com\\\/avatar\\\/b006ce11dfb9c6e47e9de9803eefbdc14aa4afb445f3cca05acc735c22115b38?s=96&d=mm&r=g\",\"url\":\"https:\\\/\\\/secure.gravatar.com\\\/avatar\\\/b006ce11dfb9c6e47e9de9803eefbdc14aa4afb445f3cca05acc735c22115b38?s=96&d=mm&r=g\",\"contentUrl\":\"https:\\\/\\\/secure.gravatar.com\\\/avatar\\\/b006ce11dfb9c6e47e9de9803eefbdc14aa4afb445f3cca05acc735c22115b38?s=96&d=mm&r=g\",\"caption\":\"Denis \u0160tojs\"},\"sameAs\":[\"https:\\\/\\\/portalf1.si\"],\"url\":\"https:\\\/\\\/portalf1.si\\\/index.php\\\/author\\\/portalf1\\\/\"}]}<\/script>\n<!-- \/ Yoast SEO plugin. -->","yoast_head_json":{"title":"Pretresljivi amaterski posnetki prikazujejo silovito nesre\u010do Josa Verstappna na reliju - Portal F1","description":"Nekdanji dirka\u010d Formule 1 Jos Verstappen in njegov sovoznik Jasper Vermeulen sta v nedeljo do\u017eivela hudo nesre\u010do med relijem po Valoniji.","robots":{"index":"index","follow":"follow","max-snippet":"max-snippet:-1","max-image-preview":"max-image-preview:large","max-video-preview":"max-video-preview:-1"},"canonical":"https:\/\/portalf1.si\/index.php\/2026\/04\/27\/pretresljivi-amaterski-posnetki-prikazujejo-silovito-nesreco-josa-verstappna-na-reliju\/","og_locale":"sl_SI","og_type":"article","og_title":"Pretresljivi amaterski posnetki prikazujejo silovito nesre\u010do Josa Verstappna na reliju - Portal F1","og_description":"Nekdanji dirka\u010d Formule 1 Jos Verstappen in njegov sovoznik Jasper Vermeulen sta v nedeljo do\u017eivela hudo nesre\u010do med relijem po Valoniji.","og_url":"https:\/\/portalf1.si\/index.php\/2026\/04\/27\/pretresljivi-amaterski-posnetki-prikazujejo-silovito-nesreco-josa-verstappna-na-reliju\/","og_site_name":"Portal F1","article_publisher":"https:\/\/www.facebook.com\/portalf1.si\/?locale=sl_SI","article_published_time":"2026-04-27T21:12:35+00:00","og_image":[{"width":1200,"height":630,"url":"https:\/\/portalf1.si\/wp-content\/uploads\/2026\/04\/rgSIGBgC.webp","type":"image\/jpeg"}],"author":"Denis \u0160tojs","twitter_card":"summary_large_image","twitter_misc":{"Written by":"Denis \u0160tojs","Est. reading time":"2 minuti"},"schema":{"@context":"https:\/\/schema.org","@graph":[{"@type":"Article","@id":"https:\/\/portalf1.si\/index.php\/2026\/04\/27\/pretresljivi-amaterski-posnetki-prikazujejo-silovito-nesreco-josa-verstappna-na-reliju\/#article","isPartOf":{"@id":"https:\/\/portalf1.si\/index.php\/2026\/04\/27\/pretresljivi-amaterski-posnetki-prikazujejo-silovito-nesreco-josa-verstappna-na-reliju\/"},"author":{"name":"Denis \u0160tojs","@id":"https:\/\/portalf1.si\/#\/schema\/person\/abfef3ba57233710daadfbdd742fecd5"},"headline":"Pretresljivi amaterski posnetki prikazujejo silovito nesre\u010do Josa Verstappna na reliju","datePublished":"2026-04-27T21:12:35+00:00","mainEntityOfPage":{"@id":"https:\/\/portalf1.si\/index.php\/2026\/04\/27\/pretresljivi-amaterski-posnetki-prikazujejo-silovito-nesreco-josa-verstappna-na-reliju\/"},"wordCount":268,"commentCount":0,"publisher":{"@id":"https:\/\/portalf1.si\/#organization"},"image":{"@id":"https:\/\/portalf1.si\/index.php\/2026\/04\/27\/pretresljivi-amaterski-posnetki-prikazujejo-silovito-nesreco-josa-verstappna-na-reliju\/#primaryimage"},"thumbnailUrl":"https:\/\/portalf1.si\/wp-content\/uploads\/2026\/04\/rgSIGBgC.webp","keywords":["F1","F1 2026","F1 Slovenija","Formula 1","Formula 1 2026","Formula 1 Slovenija","Jos Verstappen","Max Verstappen"],"articleSection":["Formula 1","Jos Verstappen","Max Verstappen","Novice","Video"],"inLanguage":"sl-SI","potentialAction":[{"@type":"CommentAction","name":"Comment","target":["https:\/\/portalf1.si\/index.php\/2026\/04\/27\/pretresljivi-amaterski-posnetki-prikazujejo-silovito-nesreco-josa-verstappna-na-reliju\/#respond"]}]},{"@type":"WebPage","@id":"https:\/\/portalf1.si\/index.php\/2026\/04\/27\/pretresljivi-amaterski-posnetki-prikazujejo-silovito-nesreco-josa-verstappna-na-reliju\/","url":"https:\/\/portalf1.si\/index.php\/2026\/04\/27\/pretresljivi-amaterski-posnetki-prikazujejo-silovito-nesreco-josa-verstappna-na-reliju\/","name":"Pretresljivi amaterski posnetki prikazujejo silovito nesre\u010do Josa Verstappna na reliju - Portal F1","isPartOf":{"@id":"https:\/\/portalf1.si\/#website"},"primaryImageOfPage":{"@id":"https:\/\/portalf1.si\/index.php\/2026\/04\/27\/pretresljivi-amaterski-posnetki-prikazujejo-silovito-nesreco-josa-verstappna-na-reliju\/#primaryimage"},"image":{"@id":"https:\/\/portalf1.si\/index.php\/2026\/04\/27\/pretresljivi-amaterski-posnetki-prikazujejo-silovito-nesreco-josa-verstappna-na-reliju\/#primaryimage"},"thumbnailUrl":"https:\/\/portalf1.si\/wp-content\/uploads\/2026\/04\/rgSIGBgC.webp","datePublished":"2026-04-27T21:12:35+00:00","description":"Nekdanji dirka\u010d Formule 1 Jos Verstappen in njegov sovoznik Jasper Vermeulen sta v nedeljo do\u017eivela hudo nesre\u010do med relijem po Valoniji.","breadcrumb":{"@id":"https:\/\/portalf1.si\/index.php\/2026\/04\/27\/pretresljivi-amaterski-posnetki-prikazujejo-silovito-nesreco-josa-verstappna-na-reliju\/#breadcrumb"},"inLanguage":"sl-SI","potentialAction":[{"@type":"ReadAction","target":["https:\/\/portalf1.si\/index.php\/2026\/04\/27\/pretresljivi-amaterski-posnetki-prikazujejo-silovito-nesreco-josa-verstappna-na-reliju\/"]}]},{"@type":"ImageObject","inLanguage":"sl-SI","@id":"https:\/\/portalf1.si\/index.php\/2026\/04\/27\/pretresljivi-amaterski-posnetki-prikazujejo-silovito-nesreco-josa-verstappna-na-reliju\/#primaryimage","url":"https:\/\/portalf1.si\/wp-content\/uploads\/2026\/04\/rgSIGBgC.webp","contentUrl":"https:\/\/portalf1.si\/wp-content\/uploads\/2026\/04\/rgSIGBgC.webp","width":1200,"height":630},{"@type":"BreadcrumbList","@id":"https:\/\/portalf1.si\/index.php\/2026\/04\/27\/pretresljivi-amaterski-posnetki-prikazujejo-silovito-nesreco-josa-verstappna-na-reliju\/#breadcrumb","itemListElement":[{"@type":"ListItem","position":1,"name":"Home","item":"https:\/\/portalf1.si\/"},{"@type":"ListItem","position":2,"name":"Pretresljivi amaterski posnetki prikazujejo silovito nesre\u010do Josa Verstappna na reliju"}]},{"@type":"WebSite","@id":"https:\/\/portalf1.si\/#website","url":"https:\/\/portalf1.si\/","name":"Portal F1","description":"Vstopite v svet hitrosti in adrenalina","publisher":{"@id":"https:\/\/portalf1.si\/#organization"},"potentialAction":[{"@type":"SearchAction","target":{"@type":"EntryPoint","urlTemplate":"https:\/\/portalf1.si\/?s={search_term_string}"},"query-input":{"@type":"PropertyValueSpecification","valueRequired":true,"valueName":"search_term_string"}}],"inLanguage":"sl-SI"},{"@type":"Organization","@id":"https:\/\/portalf1.si\/#organization","name":"Portal F1","url":"https:\/\/portalf1.si\/","logo":{"@type":"ImageObject","inLanguage":"sl-SI","@id":"https:\/\/portalf1.si\/#\/schema\/logo\/image\/","url":"https:\/\/portalf1.si\/wp-content\/uploads\/2025\/02\/cropped-HiPaint_1738532868530.png","contentUrl":"https:\/\/portalf1.si\/wp-content\/uploads\/2025\/02\/cropped-HiPaint_1738532868530.png","width":512,"height":512,"caption":"Portal F1"},"image":{"@id":"https:\/\/portalf1.si\/#\/schema\/logo\/image\/"},"sameAs":["https:\/\/www.facebook.com\/portalf1.si\/?locale=sl_SI"]},{"@type":"Person","@id":"https:\/\/portalf1.si\/#\/schema\/person\/abfef3ba57233710daadfbdd742fecd5","name":"Denis \u0160tojs","image":{"@type":"ImageObject","inLanguage":"sl-SI","@id":"https:\/\/secure.gravatar.com\/avatar\/b006ce11dfb9c6e47e9de9803eefbdc14aa4afb445f3cca05acc735c22115b38?s=96&d=mm&r=g","url":"https:\/\/secure.gravatar.com\/avatar\/b006ce11dfb9c6e47e9de9803eefbdc14aa4afb445f3cca05acc735c22115b38?s=96&d=mm&r=g","contentUrl":"https:\/\/secure.gravatar.com\/avatar\/b006ce11dfb9c6e47e9de9803eefbdc14aa4afb445f3cca05acc735c22115b38?s=96&d=mm&r=g","caption":"Denis \u0160tojs"},"sameAs":["https:\/\/portalf1.si"],"url":"https:\/\/portalf1.si\/index.php\/author\/portalf1\/"}]}},"_links":{"self":[{"href":"https:\/\/portalf1.si\/index.php\/wp-json\/wp\/v2\/posts\/12761","targetHints":{"allow":["GET"]}}],"collection":[{"href":"https:\/\/portalf1.si\/index.php\/wp-json\/wp\/v2\/posts"}],"about":[{"href":"https:\/\/portalf1.si\/index.php\/wp-json\/wp\/v2\/types\/post"}],"author":[{"embeddable":true,"href":"https:\/\/portalf1.si\/index.php\/wp-json\/wp\/v2\/users\/1"}],"replies":[{"embeddable":true,"href":"https:\/\/portalf1.si\/index.php\/wp-json\/wp\/v2\/comments?post=12761"}],"version-history":[{"count":2,"href":"https:\/\/portalf1.si\/index.php\/wp-json\/wp\/v2\/posts\/12761\/revisions"}],"predecessor-version":[{"id":12764,"href":"https:\/\/portalf1.si\/index.php\/wp-json\/wp\/v2\/posts\/12761\/revisions\/12764"}],"wp:featuredmedia":[{"embeddable":true,"href":"https:\/\/portalf1.si\/index.php\/wp-json\/wp\/v2\/media\/12763"}],"wp:attachment":[{"href":"https:\/\/portalf1.si\/index.php\/wp-json\/wp\/v2\/media?parent=12761"}],"wp:term":[{"taxonomy":"category","embeddable":true,"href":"https:\/\/portalf1.si\/index.php\/wp-json\/wp\/v2\/categories?post=12761"},{"taxonomy":"post_tag","embeddable":true,"href":"https:\/\/portalf1.si\/index.php\/wp-json\/wp\/v2\/tags?post=12761"}],"curies":[{"name":"wp","href":"https:\/\/api.w.org\/{rel}","templated":true}]}}