{"id":12789,"date":"2026-04-28T21:28:27","date_gmt":"2026-04-28T21:28:27","guid":{"rendered":"https:\/\/portalf1.si\/?p=12789"},"modified":"2026-04-28T21:28:27","modified_gmt":"2026-04-28T21:28:27","slug":"verstappen-bo-ob-koncu-letosnje-sezone-zapustil-red-bull","status":"publish","type":"post","link":"https:\/\/portalf1.si\/index.php\/2026\/04\/28\/verstappen-bo-ob-koncu-letosnje-sezone-zapustil-red-bull\/","title":{"rendered":"Verstappen bo ob koncu leto\u0161nje sezone zapustil Red Bull"},"content":{"rendered":"<p data-path-to-node=\"0\"><strong>Maxu Verstappnu se morda obeta \u0161okanten odhod iz Red Bulla. Nekdanji dirka\u010d Formule 1 Riccardo Patrese namre\u010d napoveduje, da bo sledil GianPieru Lambiaseju in si poiskal izhodna vrata. Edino vpra\u0161anje po njegovem mnenju ostaja, ali bo Verstappen \u0161port povsem zapustil ali pa se bo preselil k Mercedesu.<\/strong><\/p>\n<p data-path-to-node=\"1\">Verstappen in &#8220;GP&#8221; sta tvorila izjemen tandem vse od leta 2016, ko se je nizozemski dirka\u010d pridru\u017eil Red Bullu in zmagal \u017ee na svojem prvih nastopu za VN \u0160panije. Lambiase je bil glas v njegovih u\u0161esih, ko si je dirka\u010d med letoma 2021 in 2024 zagotovil \u0161tiri naslove svetovnega prvaka Formule 1. Partnerstvo je bilo tako mo\u010dno, da je Lambiase leta 2023 izjavil: <em>&#8220;Dan, ko bova z Maxom v tej postavi prenehala sodelovati, bo dan, ko si bom za\u017eelel novega izziva.&#8221;<\/em><\/p>\n<p data-path-to-node=\"2\">In 45-letnika zdaj \u010daka prav to. McLaren je prej\u0161nji teden sporo\u010dil, da si je zagotovil storitve Verstappnovega dolgoletnega dirka\u0161kega in\u017eenirja Lambiaseja, ki se bo ekipi iz Wokinga pridru\u017eil najpozneje leta 2028. Strokovnjaki in navija\u010di se zdaj spra\u0161ujejo, kaj sledi Verstappnu in ali je Lambiasejev odhod znak, da je tudi 28-letnik pripravljen zapustiti Red Bull, bodisi zaradi selitve k drugi ekipi bodisi zaradi upokojitve.<\/p>\n<p data-path-to-node=\"3\"><em>&#8220;\u010ce Lambiase odhaja, to pomeni, da bo tudi Max prihodnje leto zapustil Red Bull. Ne po\u010duti se sre\u010dnega. Zato bo ob koncu te sezone verjetno naredil svojo potezo. Max mora v vo\u017enji teh dirkalnikov predvsem u\u017eivati. O\u010ditno pa mu to sploh ni v\u0161e\u010d,&#8221;<\/em> je dejal Patrese.<\/p>\n<p data-path-to-node=\"4\"><em>&#8220;Je dovolj mo\u010dna osebnost, da mu verjame\u0161, ko re\u010de: &#8216;\u010ce ne bom u\u017eival, bom zapustil Formulo 1.&#8217; V tem \u0161portu je \u017ee dosegel ogromno zado\u0161\u010denje. Dokazal je, da je najbolj\u0161i. \u010ce se F1 spremeni in dobi spet dober ob\u010dutek, bo nadaljeval. V nasprotnem primeru bi utegnil zamenjati kategorijo. Zelo rad ima dirke GT. A na koncu vsega mislim, da le govori. Vsekakor pa potrebuje zmagovit dirkalnik. Naveli\u010dan je, to je dejstvo.&#8221;<\/em><\/p>\n<p data-path-to-node=\"5\">Na vpra\u0161anje, ali bi Verstappen lahko na\u0161el &#8220;bolj\u0161o&#8221; serijo od Formule 1, Patrese odgovarja, da je F1 morda res vrhunec, a da je Verstappen v njej dosegel \u017ee vse. \u0160tirikratni svetovni prvak je jasno povedal, da se \u017eeli pri dirkanju &#8220;zabavati&#8221;, trenutno pa to najde le v seriji GT3, ko se pripravlja na 24 ur N\u00fcrburgringa.<\/p>\n<p data-path-to-node=\"6\"><em>&#8220;Da, F1 je najbolj\u0161a,&#8221;<\/em> pravi Patrese. <em>&#8220;A on je \u017ee \u0161tirikratni prvak. Njegov ban\u010dni ra\u010dun je dovolj velik, da lahko do konca \u017eivljenja \u017eivi zelo dobro. Lahko po\u010dne, kar \u017eeli. V mojem \u010dasu denar ni bil tako dober, kot je zdaj. Toda o denarju nismo razmi\u0161ljali. Radi smo vozili in radi smo imeli izziv Formule 1. Kak\u0161en pa je letos izziv za dirka\u010da s temi dirkalniki pod novimi pravili? To, da dirkalnik naredi vse sam. Sam pospe\u0161uje, da dobi nazaj elektri\u010dno energijo, nato pa ima\u0161 dodatno mo\u010d za prehitevanje na ravnini. Morate popu\u0161\u010dati plin, da napolnite baterijo. To je povsem v nasprotju s filozofijo dirka\u010da. Max si \u017eeli u\u017eitka pri vo\u017enji.&#8221;<\/em><\/p>\n<p data-path-to-node=\"7\">Italijan verjame, da bi bil Mercedes, ki je trenutno pred aktualnimi prvaki McLarnom, bolj zanimiva mo\u017enost za Verstappna, \u010de bi se odlo\u010dil ostati v Formuli 1, a zapustiti Red Bull.<em> &#8220;McLaren ne dominira ve\u010d tako kot lani, temve\u010d dominira Mercedes,&#8221;<\/em> je dejal.<em> &#8220;Z novimi specifikacijami so naredili zelo dober dirkalnik. Imajo dober motor in trenutno so pred McLarnom. Ne vem, \u010de ima McLaren druga\u010dne nastavitve motorja, saj je Mercedes uradni proizvajalec, ostali pa so stranke. To je \u0161e ena te\u017eava.&#8221;<\/em><\/p>\n<blockquote class=\"wp-embedded-content\" data-secret=\"QczdslIC6D\"><p><a href=\"https:\/\/portalf1.si\/index.php\/2026\/04\/11\/ekskluzivno-jos-verstappen-razkriva-kaj-bo-max-storil-po-odhodu-lambiaseja\/\">Ekskluzivno! Jos Verstappen razkriva, kaj bo Max storil po odhodu Lambiaseja<\/a><\/p><\/blockquote>\n<p><iframe loading=\"lazy\" class=\"wp-embedded-content\" sandbox=\"allow-scripts\" security=\"restricted\" style=\"position: absolute; visibility: hidden;\" title=\"&#8220;Ekskluzivno! Jos Verstappen razkriva, kaj bo Max storil po odhodu Lambiaseja&#8221; &#8212; Portal F1\" src=\"https:\/\/portalf1.si\/index.php\/2026\/04\/11\/ekskluzivno-jos-verstappen-razkriva-kaj-bo-max-storil-po-odhodu-lambiaseja\/embed\/#?secret=yRPVfUdUy5#?secret=QczdslIC6D\" data-secret=\"QczdslIC6D\" width=\"600\" height=\"338\" frameborder=\"0\" marginwidth=\"0\" marginheight=\"0\" scrolling=\"no\"><\/iframe><\/p>\n","protected":false},"excerpt":{"rendered":"<p>Maxu Verstappnu se morda obeta \u0161okanten odhod iz Red Bulla. Nekdanji dirka\u010d Formule 1 Riccardo Patrese namre\u010d napoveduje, da bo sledil GianPieru Lambiaseju in si poiskal izhodna vrata. Edino vpra\u0161anje po njegovem mnenju ostaja, ali bo Verstappen \u0161port povsem zapustil ali pa se bo preselil k Mercedesu. Verstappen in &#8220;GP&#8221; sta tvorila izjemen tandem vse [&hellip;]<\/p>\n","protected":false},"author":1,"featured_media":11611,"comment_status":"open","ping_status":"open","sticky":false,"template":"","format":"standard","meta":{"footnotes":""},"categories":[30,63,31,36],"tags":[44,317,159,45,318,158,47,64],"class_list":["post-12789","post","type-post","status-publish","format-standard","has-post-thumbnail","hentry","category-formula-1","category-max-verstappen","category-novice","category-red-bull","tag-f1","tag-f1-2026","tag-f1-slovenija","tag-formula-1","tag-formula-1-2026","tag-formula-1-slovenija","tag-max-verstappen","tag-red-bull"],"blocksy_meta":[],"yoast_head":"<!-- This site is optimized with the Yoast SEO plugin v27.4 - https:\/\/yoast.com\/product\/yoast-seo-wordpress\/ -->\n<title>Verstappen bo ob koncu leto\u0161nje sezone zapustil Red Bull - Portal F1<\/title>\n<meta name=\"description\" content=\"Nekdanji dirka\u010d Formule 1 Riccardo Patrese napoveduje, da bo Max Verstappen sledil GianPieru Lambiaseju in si poiskal izhodna vrata.\" \/>\n<meta name=\"robots\" content=\"index, follow, max-snippet:-1, max-image-preview:large, max-video-preview:-1\" \/>\n<link rel=\"canonical\" href=\"https:\/\/portalf1.si\/index.php\/2026\/04\/28\/verstappen-bo-ob-koncu-letosnje-sezone-zapustil-red-bull\/\" \/>\n<meta property=\"og:locale\" content=\"sl_SI\" \/>\n<meta property=\"og:type\" content=\"article\" \/>\n<meta property=\"og:title\" content=\"Verstappen bo ob koncu leto\u0161nje sezone zapustil Red Bull - Portal F1\" \/>\n<meta property=\"og:description\" content=\"Nekdanji dirka\u010d Formule 1 Riccardo Patrese napoveduje, da bo Max Verstappen sledil GianPieru Lambiaseju in si poiskal izhodna vrata.\" \/>\n<meta property=\"og:url\" content=\"https:\/\/portalf1.si\/index.php\/2026\/04\/28\/verstappen-bo-ob-koncu-letosnje-sezone-zapustil-red-bull\/\" \/>\n<meta property=\"og:site_name\" content=\"Portal F1\" \/>\n<meta property=\"article:publisher\" content=\"https:\/\/www.facebook.com\/portalf1.si\/?locale=sl_SI\" \/>\n<meta property=\"article:published_time\" content=\"2026-04-28T21:28:27+00:00\" \/>\n<meta property=\"og:image\" content=\"https:\/\/portalf1.si\/wp-content\/uploads\/2026\/03\/max-verstappen-red-bull-racing.webp\" \/>\n\t<meta property=\"og:image:width\" content=\"1000\" \/>\n\t<meta property=\"og:image:height\" content=\"666\" \/>\n\t<meta property=\"og:image:type\" content=\"image\/jpeg\" \/>\n<meta name=\"author\" content=\"Denis \u0160tojs\" \/>\n<meta name=\"twitter:card\" content=\"summary_large_image\" \/>\n<meta name=\"twitter:label1\" content=\"Written by\" \/>\n\t<meta name=\"twitter:data1\" content=\"Denis \u0160tojs\" \/>\n\t<meta name=\"twitter:label2\" content=\"Est. reading time\" \/>\n\t<meta name=\"twitter:data2\" content=\"4 minute\" \/>\n<script type=\"application\/ld+json\" class=\"yoast-schema-graph\">{\"@context\":\"https:\\\/\\\/schema.org\",\"@graph\":[{\"@type\":\"Article\",\"@id\":\"https:\\\/\\\/portalf1.si\\\/index.php\\\/2026\\\/04\\\/28\\\/verstappen-bo-ob-koncu-letosnje-sezone-zapustil-red-bull\\\/#article\",\"isPartOf\":{\"@id\":\"https:\\\/\\\/portalf1.si\\\/index.php\\\/2026\\\/04\\\/28\\\/verstappen-bo-ob-koncu-letosnje-sezone-zapustil-red-bull\\\/\"},\"author\":{\"name\":\"Denis \u0160tojs\",\"@id\":\"https:\\\/\\\/portalf1.si\\\/#\\\/schema\\\/person\\\/abfef3ba57233710daadfbdd742fecd5\"},\"headline\":\"Verstappen bo ob koncu leto\u0161nje sezone zapustil Red Bull\",\"datePublished\":\"2026-04-28T21:28:27+00:00\",\"mainEntityOfPage\":{\"@id\":\"https:\\\/\\\/portalf1.si\\\/index.php\\\/2026\\\/04\\\/28\\\/verstappen-bo-ob-koncu-letosnje-sezone-zapustil-red-bull\\\/\"},\"wordCount\":607,\"commentCount\":0,\"publisher\":{\"@id\":\"https:\\\/\\\/portalf1.si\\\/#organization\"},\"image\":{\"@id\":\"https:\\\/\\\/portalf1.si\\\/index.php\\\/2026\\\/04\\\/28\\\/verstappen-bo-ob-koncu-letosnje-sezone-zapustil-red-bull\\\/#primaryimage\"},\"thumbnailUrl\":\"https:\\\/\\\/portalf1.si\\\/wp-content\\\/uploads\\\/2026\\\/03\\\/max-verstappen-red-bull-racing.webp\",\"keywords\":[\"F1\",\"F1 2026\",\"F1 Slovenija\",\"Formula 1\",\"Formula 1 2026\",\"Formula 1 Slovenija\",\"Max Verstappen\",\"Red Bull\"],\"articleSection\":[\"Formula 1\",\"Max Verstappen\",\"Novice\",\"Red Bull\"],\"inLanguage\":\"sl-SI\",\"potentialAction\":[{\"@type\":\"CommentAction\",\"name\":\"Comment\",\"target\":[\"https:\\\/\\\/portalf1.si\\\/index.php\\\/2026\\\/04\\\/28\\\/verstappen-bo-ob-koncu-letosnje-sezone-zapustil-red-bull\\\/#respond\"]}]},{\"@type\":\"WebPage\",\"@id\":\"https:\\\/\\\/portalf1.si\\\/index.php\\\/2026\\\/04\\\/28\\\/verstappen-bo-ob-koncu-letosnje-sezone-zapustil-red-bull\\\/\",\"url\":\"https:\\\/\\\/portalf1.si\\\/index.php\\\/2026\\\/04\\\/28\\\/verstappen-bo-ob-koncu-letosnje-sezone-zapustil-red-bull\\\/\",\"name\":\"Verstappen bo ob koncu leto\u0161nje sezone zapustil Red Bull - Portal F1\",\"isPartOf\":{\"@id\":\"https:\\\/\\\/portalf1.si\\\/#website\"},\"primaryImageOfPage\":{\"@id\":\"https:\\\/\\\/portalf1.si\\\/index.php\\\/2026\\\/04\\\/28\\\/verstappen-bo-ob-koncu-letosnje-sezone-zapustil-red-bull\\\/#primaryimage\"},\"image\":{\"@id\":\"https:\\\/\\\/portalf1.si\\\/index.php\\\/2026\\\/04\\\/28\\\/verstappen-bo-ob-koncu-letosnje-sezone-zapustil-red-bull\\\/#primaryimage\"},\"thumbnailUrl\":\"https:\\\/\\\/portalf1.si\\\/wp-content\\\/uploads\\\/2026\\\/03\\\/max-verstappen-red-bull-racing.webp\",\"datePublished\":\"2026-04-28T21:28:27+00:00\",\"description\":\"Nekdanji dirka\u010d Formule 1 Riccardo Patrese napoveduje, da bo Max Verstappen sledil GianPieru Lambiaseju in si poiskal izhodna vrata.\",\"breadcrumb\":{\"@id\":\"https:\\\/\\\/portalf1.si\\\/index.php\\\/2026\\\/04\\\/28\\\/verstappen-bo-ob-koncu-letosnje-sezone-zapustil-red-bull\\\/#breadcrumb\"},\"inLanguage\":\"sl-SI\",\"potentialAction\":[{\"@type\":\"ReadAction\",\"target\":[\"https:\\\/\\\/portalf1.si\\\/index.php\\\/2026\\\/04\\\/28\\\/verstappen-bo-ob-koncu-letosnje-sezone-zapustil-red-bull\\\/\"]}]},{\"@type\":\"ImageObject\",\"inLanguage\":\"sl-SI\",\"@id\":\"https:\\\/\\\/portalf1.si\\\/index.php\\\/2026\\\/04\\\/28\\\/verstappen-bo-ob-koncu-letosnje-sezone-zapustil-red-bull\\\/#primaryimage\",\"url\":\"https:\\\/\\\/portalf1.si\\\/wp-content\\\/uploads\\\/2026\\\/03\\\/max-verstappen-red-bull-racing.webp\",\"contentUrl\":\"https:\\\/\\\/portalf1.si\\\/wp-content\\\/uploads\\\/2026\\\/03\\\/max-verstappen-red-bull-racing.webp\",\"width\":1000,\"height\":666},{\"@type\":\"BreadcrumbList\",\"@id\":\"https:\\\/\\\/portalf1.si\\\/index.php\\\/2026\\\/04\\\/28\\\/verstappen-bo-ob-koncu-letosnje-sezone-zapustil-red-bull\\\/#breadcrumb\",\"itemListElement\":[{\"@type\":\"ListItem\",\"position\":1,\"name\":\"Home\",\"item\":\"https:\\\/\\\/portalf1.si\\\/\"},{\"@type\":\"ListItem\",\"position\":2,\"name\":\"Verstappen bo ob koncu leto\u0161nje sezone zapustil Red Bull\"}]},{\"@type\":\"WebSite\",\"@id\":\"https:\\\/\\\/portalf1.si\\\/#website\",\"url\":\"https:\\\/\\\/portalf1.si\\\/\",\"name\":\"Portal F1\",\"description\":\"Vstopite v svet hitrosti in adrenalina\",\"publisher\":{\"@id\":\"https:\\\/\\\/portalf1.si\\\/#organization\"},\"potentialAction\":[{\"@type\":\"SearchAction\",\"target\":{\"@type\":\"EntryPoint\",\"urlTemplate\":\"https:\\\/\\\/portalf1.si\\\/?s={search_term_string}\"},\"query-input\":{\"@type\":\"PropertyValueSpecification\",\"valueRequired\":true,\"valueName\":\"search_term_string\"}}],\"inLanguage\":\"sl-SI\"},{\"@type\":\"Organization\",\"@id\":\"https:\\\/\\\/portalf1.si\\\/#organization\",\"name\":\"Portal F1\",\"url\":\"https:\\\/\\\/portalf1.si\\\/\",\"logo\":{\"@type\":\"ImageObject\",\"inLanguage\":\"sl-SI\",\"@id\":\"https:\\\/\\\/portalf1.si\\\/#\\\/schema\\\/logo\\\/image\\\/\",\"url\":\"https:\\\/\\\/portalf1.si\\\/wp-content\\\/uploads\\\/2025\\\/02\\\/cropped-HiPaint_1738532868530.png\",\"contentUrl\":\"https:\\\/\\\/portalf1.si\\\/wp-content\\\/uploads\\\/2025\\\/02\\\/cropped-HiPaint_1738532868530.png\",\"width\":512,\"height\":512,\"caption\":\"Portal F1\"},\"image\":{\"@id\":\"https:\\\/\\\/portalf1.si\\\/#\\\/schema\\\/logo\\\/image\\\/\"},\"sameAs\":[\"https:\\\/\\\/www.facebook.com\\\/portalf1.si\\\/?locale=sl_SI\"]},{\"@type\":\"Person\",\"@id\":\"https:\\\/\\\/portalf1.si\\\/#\\\/schema\\\/person\\\/abfef3ba57233710daadfbdd742fecd5\",\"name\":\"Denis \u0160tojs\",\"image\":{\"@type\":\"ImageObject\",\"inLanguage\":\"sl-SI\",\"@id\":\"https:\\\/\\\/secure.gravatar.com\\\/avatar\\\/b006ce11dfb9c6e47e9de9803eefbdc14aa4afb445f3cca05acc735c22115b38?s=96&d=mm&r=g\",\"url\":\"https:\\\/\\\/secure.gravatar.com\\\/avatar\\\/b006ce11dfb9c6e47e9de9803eefbdc14aa4afb445f3cca05acc735c22115b38?s=96&d=mm&r=g\",\"contentUrl\":\"https:\\\/\\\/secure.gravatar.com\\\/avatar\\\/b006ce11dfb9c6e47e9de9803eefbdc14aa4afb445f3cca05acc735c22115b38?s=96&d=mm&r=g\",\"caption\":\"Denis \u0160tojs\"},\"sameAs\":[\"https:\\\/\\\/portalf1.si\"],\"url\":\"https:\\\/\\\/portalf1.si\\\/index.php\\\/author\\\/portalf1\\\/\"}]}<\/script>\n<!-- \/ Yoast SEO plugin. -->","yoast_head_json":{"title":"Verstappen bo ob koncu leto\u0161nje sezone zapustil Red Bull - Portal F1","description":"Nekdanji dirka\u010d Formule 1 Riccardo Patrese napoveduje, da bo Max Verstappen sledil GianPieru Lambiaseju in si poiskal izhodna vrata.","robots":{"index":"index","follow":"follow","max-snippet":"max-snippet:-1","max-image-preview":"max-image-preview:large","max-video-preview":"max-video-preview:-1"},"canonical":"https:\/\/portalf1.si\/index.php\/2026\/04\/28\/verstappen-bo-ob-koncu-letosnje-sezone-zapustil-red-bull\/","og_locale":"sl_SI","og_type":"article","og_title":"Verstappen bo ob koncu leto\u0161nje sezone zapustil Red Bull - Portal F1","og_description":"Nekdanji dirka\u010d Formule 1 Riccardo Patrese napoveduje, da bo Max Verstappen sledil GianPieru Lambiaseju in si poiskal izhodna vrata.","og_url":"https:\/\/portalf1.si\/index.php\/2026\/04\/28\/verstappen-bo-ob-koncu-letosnje-sezone-zapustil-red-bull\/","og_site_name":"Portal F1","article_publisher":"https:\/\/www.facebook.com\/portalf1.si\/?locale=sl_SI","article_published_time":"2026-04-28T21:28:27+00:00","og_image":[{"width":1000,"height":666,"url":"https:\/\/portalf1.si\/wp-content\/uploads\/2026\/03\/max-verstappen-red-bull-racing.webp","type":"image\/jpeg"}],"author":"Denis \u0160tojs","twitter_card":"summary_large_image","twitter_misc":{"Written by":"Denis \u0160tojs","Est. reading time":"4 minute"},"schema":{"@context":"https:\/\/schema.org","@graph":[{"@type":"Article","@id":"https:\/\/portalf1.si\/index.php\/2026\/04\/28\/verstappen-bo-ob-koncu-letosnje-sezone-zapustil-red-bull\/#article","isPartOf":{"@id":"https:\/\/portalf1.si\/index.php\/2026\/04\/28\/verstappen-bo-ob-koncu-letosnje-sezone-zapustil-red-bull\/"},"author":{"name":"Denis \u0160tojs","@id":"https:\/\/portalf1.si\/#\/schema\/person\/abfef3ba57233710daadfbdd742fecd5"},"headline":"Verstappen bo ob koncu leto\u0161nje sezone zapustil Red Bull","datePublished":"2026-04-28T21:28:27+00:00","mainEntityOfPage":{"@id":"https:\/\/portalf1.si\/index.php\/2026\/04\/28\/verstappen-bo-ob-koncu-letosnje-sezone-zapustil-red-bull\/"},"wordCount":607,"commentCount":0,"publisher":{"@id":"https:\/\/portalf1.si\/#organization"},"image":{"@id":"https:\/\/portalf1.si\/index.php\/2026\/04\/28\/verstappen-bo-ob-koncu-letosnje-sezone-zapustil-red-bull\/#primaryimage"},"thumbnailUrl":"https:\/\/portalf1.si\/wp-content\/uploads\/2026\/03\/max-verstappen-red-bull-racing.webp","keywords":["F1","F1 2026","F1 Slovenija","Formula 1","Formula 1 2026","Formula 1 Slovenija","Max Verstappen","Red Bull"],"articleSection":["Formula 1","Max Verstappen","Novice","Red Bull"],"inLanguage":"sl-SI","potentialAction":[{"@type":"CommentAction","name":"Comment","target":["https:\/\/portalf1.si\/index.php\/2026\/04\/28\/verstappen-bo-ob-koncu-letosnje-sezone-zapustil-red-bull\/#respond"]}]},{"@type":"WebPage","@id":"https:\/\/portalf1.si\/index.php\/2026\/04\/28\/verstappen-bo-ob-koncu-letosnje-sezone-zapustil-red-bull\/","url":"https:\/\/portalf1.si\/index.php\/2026\/04\/28\/verstappen-bo-ob-koncu-letosnje-sezone-zapustil-red-bull\/","name":"Verstappen bo ob koncu leto\u0161nje sezone zapustil Red Bull - Portal F1","isPartOf":{"@id":"https:\/\/portalf1.si\/#website"},"primaryImageOfPage":{"@id":"https:\/\/portalf1.si\/index.php\/2026\/04\/28\/verstappen-bo-ob-koncu-letosnje-sezone-zapustil-red-bull\/#primaryimage"},"image":{"@id":"https:\/\/portalf1.si\/index.php\/2026\/04\/28\/verstappen-bo-ob-koncu-letosnje-sezone-zapustil-red-bull\/#primaryimage"},"thumbnailUrl":"https:\/\/portalf1.si\/wp-content\/uploads\/2026\/03\/max-verstappen-red-bull-racing.webp","datePublished":"2026-04-28T21:28:27+00:00","description":"Nekdanji dirka\u010d Formule 1 Riccardo Patrese napoveduje, da bo Max Verstappen sledil GianPieru Lambiaseju in si poiskal izhodna vrata.","breadcrumb":{"@id":"https:\/\/portalf1.si\/index.php\/2026\/04\/28\/verstappen-bo-ob-koncu-letosnje-sezone-zapustil-red-bull\/#breadcrumb"},"inLanguage":"sl-SI","potentialAction":[{"@type":"ReadAction","target":["https:\/\/portalf1.si\/index.php\/2026\/04\/28\/verstappen-bo-ob-koncu-letosnje-sezone-zapustil-red-bull\/"]}]},{"@type":"ImageObject","inLanguage":"sl-SI","@id":"https:\/\/portalf1.si\/index.php\/2026\/04\/28\/verstappen-bo-ob-koncu-letosnje-sezone-zapustil-red-bull\/#primaryimage","url":"https:\/\/portalf1.si\/wp-content\/uploads\/2026\/03\/max-verstappen-red-bull-racing.webp","contentUrl":"https:\/\/portalf1.si\/wp-content\/uploads\/2026\/03\/max-verstappen-red-bull-racing.webp","width":1000,"height":666},{"@type":"BreadcrumbList","@id":"https:\/\/portalf1.si\/index.php\/2026\/04\/28\/verstappen-bo-ob-koncu-letosnje-sezone-zapustil-red-bull\/#breadcrumb","itemListElement":[{"@type":"ListItem","position":1,"name":"Home","item":"https:\/\/portalf1.si\/"},{"@type":"ListItem","position":2,"name":"Verstappen bo ob koncu leto\u0161nje sezone zapustil Red Bull"}]},{"@type":"WebSite","@id":"https:\/\/portalf1.si\/#website","url":"https:\/\/portalf1.si\/","name":"Portal F1","description":"Vstopite v svet hitrosti in adrenalina","publisher":{"@id":"https:\/\/portalf1.si\/#organization"},"potentialAction":[{"@type":"SearchAction","target":{"@type":"EntryPoint","urlTemplate":"https:\/\/portalf1.si\/?s={search_term_string}"},"query-input":{"@type":"PropertyValueSpecification","valueRequired":true,"valueName":"search_term_string"}}],"inLanguage":"sl-SI"},{"@type":"Organization","@id":"https:\/\/portalf1.si\/#organization","name":"Portal F1","url":"https:\/\/portalf1.si\/","logo":{"@type":"ImageObject","inLanguage":"sl-SI","@id":"https:\/\/portalf1.si\/#\/schema\/logo\/image\/","url":"https:\/\/portalf1.si\/wp-content\/uploads\/2025\/02\/cropped-HiPaint_1738532868530.png","contentUrl":"https:\/\/portalf1.si\/wp-content\/uploads\/2025\/02\/cropped-HiPaint_1738532868530.png","width":512,"height":512,"caption":"Portal F1"},"image":{"@id":"https:\/\/portalf1.si\/#\/schema\/logo\/image\/"},"sameAs":["https:\/\/www.facebook.com\/portalf1.si\/?locale=sl_SI"]},{"@type":"Person","@id":"https:\/\/portalf1.si\/#\/schema\/person\/abfef3ba57233710daadfbdd742fecd5","name":"Denis \u0160tojs","image":{"@type":"ImageObject","inLanguage":"sl-SI","@id":"https:\/\/secure.gravatar.com\/avatar\/b006ce11dfb9c6e47e9de9803eefbdc14aa4afb445f3cca05acc735c22115b38?s=96&d=mm&r=g","url":"https:\/\/secure.gravatar.com\/avatar\/b006ce11dfb9c6e47e9de9803eefbdc14aa4afb445f3cca05acc735c22115b38?s=96&d=mm&r=g","contentUrl":"https:\/\/secure.gravatar.com\/avatar\/b006ce11dfb9c6e47e9de9803eefbdc14aa4afb445f3cca05acc735c22115b38?s=96&d=mm&r=g","caption":"Denis \u0160tojs"},"sameAs":["https:\/\/portalf1.si"],"url":"https:\/\/portalf1.si\/index.php\/author\/portalf1\/"}]}},"_links":{"self":[{"href":"https:\/\/portalf1.si\/index.php\/wp-json\/wp\/v2\/posts\/12789","targetHints":{"allow":["GET"]}}],"collection":[{"href":"https:\/\/portalf1.si\/index.php\/wp-json\/wp\/v2\/posts"}],"about":[{"href":"https:\/\/portalf1.si\/index.php\/wp-json\/wp\/v2\/types\/post"}],"author":[{"embeddable":true,"href":"https:\/\/portalf1.si\/index.php\/wp-json\/wp\/v2\/users\/1"}],"replies":[{"embeddable":true,"href":"https:\/\/portalf1.si\/index.php\/wp-json\/wp\/v2\/comments?post=12789"}],"version-history":[{"count":2,"href":"https:\/\/portalf1.si\/index.php\/wp-json\/wp\/v2\/posts\/12789\/revisions"}],"predecessor-version":[{"id":12791,"href":"https:\/\/portalf1.si\/index.php\/wp-json\/wp\/v2\/posts\/12789\/revisions\/12791"}],"wp:featuredmedia":[{"embeddable":true,"href":"https:\/\/portalf1.si\/index.php\/wp-json\/wp\/v2\/media\/11611"}],"wp:attachment":[{"href":"https:\/\/portalf1.si\/index.php\/wp-json\/wp\/v2\/media?parent=12789"}],"wp:term":[{"taxonomy":"category","embeddable":true,"href":"https:\/\/portalf1.si\/index.php\/wp-json\/wp\/v2\/categories?post=12789"},{"taxonomy":"post_tag","embeddable":true,"href":"https:\/\/portalf1.si\/index.php\/wp-json\/wp\/v2\/tags?post=12789"}],"curies":[{"name":"wp","href":"https:\/\/api.w.org\/{rel}","templated":true}]}}