{"id":12794,"date":"2026-04-29T09:50:15","date_gmt":"2026-04-29T09:50:15","guid":{"rendered":"https:\/\/portalf1.si\/?p=12794"},"modified":"2026-04-29T09:50:15","modified_gmt":"2026-04-29T09:50:15","slug":"alonso-se-se-nima-namena-upokojiti-tezko-sprejmem-misel-na-upokojitev","status":"publish","type":"post","link":"https:\/\/portalf1.si\/index.php\/2026\/04\/29\/alonso-se-se-nima-namena-upokojiti-tezko-sprejmem-misel-na-upokojitev\/","title":{"rendered":"Alonso se \u0161e nima namena upokojiti: Te\u017eko sprejmem misel na upokojitev"},"content":{"rendered":"<p data-path-to-node=\"0\"><strong>Fernando Alonso je prvi\u010d jasno izjavil, da si \u017eeli ostati v Formuli 1 tudi po koncu leto\u0161nje sezone, saj mu je misel na upokojitev <em>&#8220;te\u017eko sprejeti&#8221;<\/em>. \u0160pancu pogodba pote\u010de konec leta, kar je spro\u017eilo ugibanja, ali bo to leto za 44-letnika zadnje na startni vrsti.<\/strong><\/p>\n<p data-path-to-node=\"1\">Dvakratni svetovni prvak Formule 1 je leta 2024 z Astonom Martinom podpisal novo pogodbo in se ekipi zavezal za dodatni dve sezoni, kar ga je popeljalo v nov regulativni cikel leta 2026. Vendar pa se nova era za Aston Martin ne odvija po na\u010drtih.<\/p>\n<p data-path-to-node=\"2\">Ekipa se soo\u010da s te\u017ekim za\u010detkom z novim partnerjem za motorje, Hondo. Dirkalnik in pogonsko enoto ovirajo te\u017eave in pomanjkanje zmogljivosti. Tresljaji motorja povzro\u010dajo preglavice, \u0161asiji pa primanjkuje aerodinami\u010dnega potiska.<\/p>\n<p data-path-to-node=\"3\">Zaradi novih pravil in dejstva, da je dirkalnik \u0161ele v za\u010detni fazi razvoja, je Alonso pred tem izjavil, da bo njegova prihodnost v Formuli 1 odvisna od leto\u0161njih rezultatov Astona Martina.<\/p>\n<p data-path-to-node=\"4\"><em>&#8220;Ne vem. Mislim, da bo letos treba po\u010dakati malo dlje, ker bosta napredek in razvoj dirkalnikov neverjetna,&#8221;<\/em> je \u0160panec februarja povedal za \u0161panski dnevnik AS. <em>&#8220;Odlo\u010ditev v aprilu ali maju bi se lahko do septembra izkazala za pravilno ali napa\u010dno, odvisno od tega, kako bodo napredovale izbolj\u0161ave. Dlje kot lahko \u010daka\u0161, bolje je.&#8221;<\/em><\/p>\n<p data-path-to-node=\"5\"><em>&#8220;Moj namen bi bil po\u010dakati do septembra, preden se odlo\u010dim. Bomo pa videli. Videti moram, kako se po\u010dutim, koliko sem motiviran in koliko me obremenjujejo potovanja, dogodki, marketing in vse ostalo zunaj steze.&#8221;<\/em><\/p>\n<p data-path-to-node=\"6\">Vendar pa je dva meseca kasneje Alonso namignil, da resno razmi\u0161lja o podalj\u0161anju z Astonom Martinom, saj na upokojitev \u0161e ni pripravljen. Med vikendom zgodovinske velike nagrade Monaka je v pogovoru za Automobile Club de Monaco podal svoj doslej najjasnej\u0161i namig, da s \u0161portom \u0161e ni zaklju\u010dil.<\/p>\n<p data-path-to-node=\"7\"><em>&#8220;Rad imam to, kar po\u010dnem,&#8221;<\/em> je dejal. <em>&#8220;Rad dirkam. Svojo prvo dirko sem odpeljal pri treh letih, zdaj jih imam 44, torej sem bil 41 let svojega \u017eivljenja za volanom. Zato bo trenutek, ko bom moral nehati dirkati, prinesel zelo te\u017eko odlo\u010ditev, ki jo bo te\u017eko sprejeti.&#8221;<\/em><\/p>\n<p data-path-to-node=\"8\"><em>&#8220;\u010cas bo pokazal. Za\u010dutil bom. Trenutno \u0161e ne \u010dutim, da je ta \u010das \u017ee pri\u0161el. Po\u010dutim se konkuren\u010dnega, po\u010dutim se motiviranega in sre\u010den sem, ko vozim. Zato upam, da to ni moja zadnja sezona.&#8221;<\/em><\/p>\n<blockquote class=\"wp-embedded-content\" data-secret=\"46E3i5cHOs\"><p><a href=\"https:\/\/portalf1.si\/index.php\/2026\/04\/23\/alonso-v-novi-primerjavi-zasencil-hamiltona-2\/\">Alonso v novi primerjavi zasen\u010dil Hamiltona<\/a><\/p><\/blockquote>\n<p><iframe loading=\"lazy\" class=\"wp-embedded-content\" sandbox=\"allow-scripts\" security=\"restricted\" style=\"position: absolute; visibility: hidden;\" title=\"&#8220;Alonso v novi primerjavi zasen\u010dil Hamiltona&#8221; &#8212; Portal F1\" src=\"https:\/\/portalf1.si\/index.php\/2026\/04\/23\/alonso-v-novi-primerjavi-zasencil-hamiltona-2\/embed\/#?secret=DMjy8g3ysA#?secret=46E3i5cHOs\" data-secret=\"46E3i5cHOs\" width=\"600\" height=\"338\" frameborder=\"0\" marginwidth=\"0\" marginheight=\"0\" scrolling=\"no\"><\/iframe><\/p>\n","protected":false},"excerpt":{"rendered":"<p>Fernando Alonso je prvi\u010d jasno izjavil, da si \u017eeli ostati v Formuli 1 tudi po koncu leto\u0161nje sezone, saj mu je misel na upokojitev &#8220;te\u017eko sprejeti&#8221;. \u0160pancu pogodba pote\u010de konec leta, kar je spro\u017eilo ugibanja, ali bo to leto za 44-letnika zadnje na startni vrsti. Dvakratni svetovni prvak Formule 1 je leta 2024 z Astonom [&hellip;]<\/p>\n","protected":false},"author":1,"featured_media":11850,"comment_status":"open","ping_status":"open","sticky":false,"template":"","format":"standard","meta":{"footnotes":""},"categories":[37,81,30,31],"tags":[88,44,317,159,84,45,318,158],"class_list":["post-12794","post","type-post","status-publish","format-standard","has-post-thumbnail","hentry","category-aston-martin","category-fernando-alonso","category-formula-1","category-novice","tag-aston-martin","tag-f1","tag-f1-2026","tag-f1-slovenija","tag-fernando-alonso","tag-formula-1","tag-formula-1-2026","tag-formula-1-slovenija"],"blocksy_meta":[],"yoast_head":"<!-- This site is optimized with the Yoast SEO plugin v27.4 - https:\/\/yoast.com\/product\/yoast-seo-wordpress\/ -->\n<title>Alonso se \u0161e nima namena upokojiti: Te\u017eko sprejmem misel na upokojitev - Portal F1<\/title>\n<meta name=\"description\" content=\"Fernando Alonso je izjavil, da si \u017eeli ostati v Formuli 1 tudi po koncu leto\u0161nje sezone, saj mu je misel na upokojitev &quot;te\u017eko sprejeti&quot;.\" \/>\n<meta name=\"robots\" content=\"index, follow, max-snippet:-1, max-image-preview:large, max-video-preview:-1\" \/>\n<link rel=\"canonical\" href=\"https:\/\/portalf1.si\/index.php\/2026\/04\/29\/alonso-se-se-nima-namena-upokojiti-tezko-sprejmem-misel-na-upokojitev\/\" \/>\n<meta property=\"og:locale\" content=\"sl_SI\" \/>\n<meta property=\"og:type\" content=\"article\" \/>\n<meta property=\"og:title\" content=\"Alonso se \u0161e nima namena upokojiti: Te\u017eko sprejmem misel na upokojitev - Portal F1\" \/>\n<meta property=\"og:description\" content=\"Fernando Alonso je izjavil, da si \u017eeli ostati v Formuli 1 tudi po koncu leto\u0161nje sezone, saj mu je misel na upokojitev &quot;te\u017eko sprejeti&quot;.\" \/>\n<meta property=\"og:url\" content=\"https:\/\/portalf1.si\/index.php\/2026\/04\/29\/alonso-se-se-nima-namena-upokojiti-tezko-sprejmem-misel-na-upokojitev\/\" \/>\n<meta property=\"og:site_name\" content=\"Portal F1\" \/>\n<meta property=\"article:publisher\" content=\"https:\/\/www.facebook.com\/portalf1.si\/?locale=sl_SI\" \/>\n<meta property=\"article:published_time\" content=\"2026-04-29T09:50:15+00:00\" \/>\n<meta property=\"og:image\" content=\"https:\/\/portalf1.si\/wp-content\/uploads\/2026\/03\/fernando-alonso-aston-martin-r-1.webp\" \/>\n\t<meta property=\"og:image:width\" content=\"1000\" \/>\n\t<meta property=\"og:image:height\" content=\"666\" \/>\n\t<meta property=\"og:image:type\" content=\"image\/jpeg\" \/>\n<meta name=\"author\" content=\"Denis \u0160tojs\" \/>\n<meta name=\"twitter:card\" content=\"summary_large_image\" \/>\n<meta name=\"twitter:label1\" content=\"Written by\" \/>\n\t<meta name=\"twitter:data1\" content=\"Denis \u0160tojs\" \/>\n\t<meta name=\"twitter:label2\" content=\"Est. reading time\" \/>\n\t<meta name=\"twitter:data2\" content=\"3 minute\" \/>\n<script type=\"application\/ld+json\" class=\"yoast-schema-graph\">{\"@context\":\"https:\\\/\\\/schema.org\",\"@graph\":[{\"@type\":\"Article\",\"@id\":\"https:\\\/\\\/portalf1.si\\\/index.php\\\/2026\\\/04\\\/29\\\/alonso-se-se-nima-namena-upokojiti-tezko-sprejmem-misel-na-upokojitev\\\/#article\",\"isPartOf\":{\"@id\":\"https:\\\/\\\/portalf1.si\\\/index.php\\\/2026\\\/04\\\/29\\\/alonso-se-se-nima-namena-upokojiti-tezko-sprejmem-misel-na-upokojitev\\\/\"},\"author\":{\"name\":\"Denis \u0160tojs\",\"@id\":\"https:\\\/\\\/portalf1.si\\\/#\\\/schema\\\/person\\\/abfef3ba57233710daadfbdd742fecd5\"},\"headline\":\"Alonso se \u0161e nima namena upokojiti: Te\u017eko sprejmem misel na upokojitev\",\"datePublished\":\"2026-04-29T09:50:15+00:00\",\"mainEntityOfPage\":{\"@id\":\"https:\\\/\\\/portalf1.si\\\/index.php\\\/2026\\\/04\\\/29\\\/alonso-se-se-nima-namena-upokojiti-tezko-sprejmem-misel-na-upokojitev\\\/\"},\"wordCount\":409,\"commentCount\":0,\"publisher\":{\"@id\":\"https:\\\/\\\/portalf1.si\\\/#organization\"},\"image\":{\"@id\":\"https:\\\/\\\/portalf1.si\\\/index.php\\\/2026\\\/04\\\/29\\\/alonso-se-se-nima-namena-upokojiti-tezko-sprejmem-misel-na-upokojitev\\\/#primaryimage\"},\"thumbnailUrl\":\"https:\\\/\\\/portalf1.si\\\/wp-content\\\/uploads\\\/2026\\\/03\\\/fernando-alonso-aston-martin-r-1.webp\",\"keywords\":[\"Aston Martin\",\"F1\",\"F1 2026\",\"F1 Slovenija\",\"Fernando Alonso\",\"Formula 1\",\"Formula 1 2026\",\"Formula 1 Slovenija\"],\"articleSection\":[\"Aston Martin\",\"Fernando Alonso\",\"Formula 1\",\"Novice\"],\"inLanguage\":\"sl-SI\",\"potentialAction\":[{\"@type\":\"CommentAction\",\"name\":\"Comment\",\"target\":[\"https:\\\/\\\/portalf1.si\\\/index.php\\\/2026\\\/04\\\/29\\\/alonso-se-se-nima-namena-upokojiti-tezko-sprejmem-misel-na-upokojitev\\\/#respond\"]}]},{\"@type\":\"WebPage\",\"@id\":\"https:\\\/\\\/portalf1.si\\\/index.php\\\/2026\\\/04\\\/29\\\/alonso-se-se-nima-namena-upokojiti-tezko-sprejmem-misel-na-upokojitev\\\/\",\"url\":\"https:\\\/\\\/portalf1.si\\\/index.php\\\/2026\\\/04\\\/29\\\/alonso-se-se-nima-namena-upokojiti-tezko-sprejmem-misel-na-upokojitev\\\/\",\"name\":\"Alonso se \u0161e nima namena upokojiti: Te\u017eko sprejmem misel na upokojitev - Portal F1\",\"isPartOf\":{\"@id\":\"https:\\\/\\\/portalf1.si\\\/#website\"},\"primaryImageOfPage\":{\"@id\":\"https:\\\/\\\/portalf1.si\\\/index.php\\\/2026\\\/04\\\/29\\\/alonso-se-se-nima-namena-upokojiti-tezko-sprejmem-misel-na-upokojitev\\\/#primaryimage\"},\"image\":{\"@id\":\"https:\\\/\\\/portalf1.si\\\/index.php\\\/2026\\\/04\\\/29\\\/alonso-se-se-nima-namena-upokojiti-tezko-sprejmem-misel-na-upokojitev\\\/#primaryimage\"},\"thumbnailUrl\":\"https:\\\/\\\/portalf1.si\\\/wp-content\\\/uploads\\\/2026\\\/03\\\/fernando-alonso-aston-martin-r-1.webp\",\"datePublished\":\"2026-04-29T09:50:15+00:00\",\"description\":\"Fernando Alonso je izjavil, da si \u017eeli ostati v Formuli 1 tudi po koncu leto\u0161nje sezone, saj mu je misel na upokojitev \\\"te\u017eko sprejeti\\\".\",\"breadcrumb\":{\"@id\":\"https:\\\/\\\/portalf1.si\\\/index.php\\\/2026\\\/04\\\/29\\\/alonso-se-se-nima-namena-upokojiti-tezko-sprejmem-misel-na-upokojitev\\\/#breadcrumb\"},\"inLanguage\":\"sl-SI\",\"potentialAction\":[{\"@type\":\"ReadAction\",\"target\":[\"https:\\\/\\\/portalf1.si\\\/index.php\\\/2026\\\/04\\\/29\\\/alonso-se-se-nima-namena-upokojiti-tezko-sprejmem-misel-na-upokojitev\\\/\"]}]},{\"@type\":\"ImageObject\",\"inLanguage\":\"sl-SI\",\"@id\":\"https:\\\/\\\/portalf1.si\\\/index.php\\\/2026\\\/04\\\/29\\\/alonso-se-se-nima-namena-upokojiti-tezko-sprejmem-misel-na-upokojitev\\\/#primaryimage\",\"url\":\"https:\\\/\\\/portalf1.si\\\/wp-content\\\/uploads\\\/2026\\\/03\\\/fernando-alonso-aston-martin-r-1.webp\",\"contentUrl\":\"https:\\\/\\\/portalf1.si\\\/wp-content\\\/uploads\\\/2026\\\/03\\\/fernando-alonso-aston-martin-r-1.webp\",\"width\":1000,\"height\":666},{\"@type\":\"BreadcrumbList\",\"@id\":\"https:\\\/\\\/portalf1.si\\\/index.php\\\/2026\\\/04\\\/29\\\/alonso-se-se-nima-namena-upokojiti-tezko-sprejmem-misel-na-upokojitev\\\/#breadcrumb\",\"itemListElement\":[{\"@type\":\"ListItem\",\"position\":1,\"name\":\"Home\",\"item\":\"https:\\\/\\\/portalf1.si\\\/\"},{\"@type\":\"ListItem\",\"position\":2,\"name\":\"Alonso se \u0161e nima namena upokojiti: Te\u017eko sprejmem misel na upokojitev\"}]},{\"@type\":\"WebSite\",\"@id\":\"https:\\\/\\\/portalf1.si\\\/#website\",\"url\":\"https:\\\/\\\/portalf1.si\\\/\",\"name\":\"Portal F1\",\"description\":\"Vstopite v svet hitrosti in adrenalina\",\"publisher\":{\"@id\":\"https:\\\/\\\/portalf1.si\\\/#organization\"},\"potentialAction\":[{\"@type\":\"SearchAction\",\"target\":{\"@type\":\"EntryPoint\",\"urlTemplate\":\"https:\\\/\\\/portalf1.si\\\/?s={search_term_string}\"},\"query-input\":{\"@type\":\"PropertyValueSpecification\",\"valueRequired\":true,\"valueName\":\"search_term_string\"}}],\"inLanguage\":\"sl-SI\"},{\"@type\":\"Organization\",\"@id\":\"https:\\\/\\\/portalf1.si\\\/#organization\",\"name\":\"Portal F1\",\"url\":\"https:\\\/\\\/portalf1.si\\\/\",\"logo\":{\"@type\":\"ImageObject\",\"inLanguage\":\"sl-SI\",\"@id\":\"https:\\\/\\\/portalf1.si\\\/#\\\/schema\\\/logo\\\/image\\\/\",\"url\":\"https:\\\/\\\/portalf1.si\\\/wp-content\\\/uploads\\\/2025\\\/02\\\/cropped-HiPaint_1738532868530.png\",\"contentUrl\":\"https:\\\/\\\/portalf1.si\\\/wp-content\\\/uploads\\\/2025\\\/02\\\/cropped-HiPaint_1738532868530.png\",\"width\":512,\"height\":512,\"caption\":\"Portal F1\"},\"image\":{\"@id\":\"https:\\\/\\\/portalf1.si\\\/#\\\/schema\\\/logo\\\/image\\\/\"},\"sameAs\":[\"https:\\\/\\\/www.facebook.com\\\/portalf1.si\\\/?locale=sl_SI\"]},{\"@type\":\"Person\",\"@id\":\"https:\\\/\\\/portalf1.si\\\/#\\\/schema\\\/person\\\/abfef3ba57233710daadfbdd742fecd5\",\"name\":\"Denis \u0160tojs\",\"image\":{\"@type\":\"ImageObject\",\"inLanguage\":\"sl-SI\",\"@id\":\"https:\\\/\\\/secure.gravatar.com\\\/avatar\\\/b006ce11dfb9c6e47e9de9803eefbdc14aa4afb445f3cca05acc735c22115b38?s=96&d=mm&r=g\",\"url\":\"https:\\\/\\\/secure.gravatar.com\\\/avatar\\\/b006ce11dfb9c6e47e9de9803eefbdc14aa4afb445f3cca05acc735c22115b38?s=96&d=mm&r=g\",\"contentUrl\":\"https:\\\/\\\/secure.gravatar.com\\\/avatar\\\/b006ce11dfb9c6e47e9de9803eefbdc14aa4afb445f3cca05acc735c22115b38?s=96&d=mm&r=g\",\"caption\":\"Denis \u0160tojs\"},\"sameAs\":[\"https:\\\/\\\/portalf1.si\"],\"url\":\"https:\\\/\\\/portalf1.si\\\/index.php\\\/author\\\/portalf1\\\/\"}]}<\/script>\n<!-- \/ Yoast SEO plugin. -->","yoast_head_json":{"title":"Alonso se \u0161e nima namena upokojiti: Te\u017eko sprejmem misel na upokojitev - Portal F1","description":"Fernando Alonso je izjavil, da si \u017eeli ostati v Formuli 1 tudi po koncu leto\u0161nje sezone, saj mu je misel na upokojitev \"te\u017eko sprejeti\".","robots":{"index":"index","follow":"follow","max-snippet":"max-snippet:-1","max-image-preview":"max-image-preview:large","max-video-preview":"max-video-preview:-1"},"canonical":"https:\/\/portalf1.si\/index.php\/2026\/04\/29\/alonso-se-se-nima-namena-upokojiti-tezko-sprejmem-misel-na-upokojitev\/","og_locale":"sl_SI","og_type":"article","og_title":"Alonso se \u0161e nima namena upokojiti: Te\u017eko sprejmem misel na upokojitev - Portal F1","og_description":"Fernando Alonso je izjavil, da si \u017eeli ostati v Formuli 1 tudi po koncu leto\u0161nje sezone, saj mu je misel na upokojitev \"te\u017eko sprejeti\".","og_url":"https:\/\/portalf1.si\/index.php\/2026\/04\/29\/alonso-se-se-nima-namena-upokojiti-tezko-sprejmem-misel-na-upokojitev\/","og_site_name":"Portal F1","article_publisher":"https:\/\/www.facebook.com\/portalf1.si\/?locale=sl_SI","article_published_time":"2026-04-29T09:50:15+00:00","og_image":[{"width":1000,"height":666,"url":"https:\/\/portalf1.si\/wp-content\/uploads\/2026\/03\/fernando-alonso-aston-martin-r-1.webp","type":"image\/jpeg"}],"author":"Denis \u0160tojs","twitter_card":"summary_large_image","twitter_misc":{"Written by":"Denis \u0160tojs","Est. reading time":"3 minute"},"schema":{"@context":"https:\/\/schema.org","@graph":[{"@type":"Article","@id":"https:\/\/portalf1.si\/index.php\/2026\/04\/29\/alonso-se-se-nima-namena-upokojiti-tezko-sprejmem-misel-na-upokojitev\/#article","isPartOf":{"@id":"https:\/\/portalf1.si\/index.php\/2026\/04\/29\/alonso-se-se-nima-namena-upokojiti-tezko-sprejmem-misel-na-upokojitev\/"},"author":{"name":"Denis \u0160tojs","@id":"https:\/\/portalf1.si\/#\/schema\/person\/abfef3ba57233710daadfbdd742fecd5"},"headline":"Alonso se \u0161e nima namena upokojiti: Te\u017eko sprejmem misel na upokojitev","datePublished":"2026-04-29T09:50:15+00:00","mainEntityOfPage":{"@id":"https:\/\/portalf1.si\/index.php\/2026\/04\/29\/alonso-se-se-nima-namena-upokojiti-tezko-sprejmem-misel-na-upokojitev\/"},"wordCount":409,"commentCount":0,"publisher":{"@id":"https:\/\/portalf1.si\/#organization"},"image":{"@id":"https:\/\/portalf1.si\/index.php\/2026\/04\/29\/alonso-se-se-nima-namena-upokojiti-tezko-sprejmem-misel-na-upokojitev\/#primaryimage"},"thumbnailUrl":"https:\/\/portalf1.si\/wp-content\/uploads\/2026\/03\/fernando-alonso-aston-martin-r-1.webp","keywords":["Aston Martin","F1","F1 2026","F1 Slovenija","Fernando Alonso","Formula 1","Formula 1 2026","Formula 1 Slovenija"],"articleSection":["Aston Martin","Fernando Alonso","Formula 1","Novice"],"inLanguage":"sl-SI","potentialAction":[{"@type":"CommentAction","name":"Comment","target":["https:\/\/portalf1.si\/index.php\/2026\/04\/29\/alonso-se-se-nima-namena-upokojiti-tezko-sprejmem-misel-na-upokojitev\/#respond"]}]},{"@type":"WebPage","@id":"https:\/\/portalf1.si\/index.php\/2026\/04\/29\/alonso-se-se-nima-namena-upokojiti-tezko-sprejmem-misel-na-upokojitev\/","url":"https:\/\/portalf1.si\/index.php\/2026\/04\/29\/alonso-se-se-nima-namena-upokojiti-tezko-sprejmem-misel-na-upokojitev\/","name":"Alonso se \u0161e nima namena upokojiti: Te\u017eko sprejmem misel na upokojitev - Portal F1","isPartOf":{"@id":"https:\/\/portalf1.si\/#website"},"primaryImageOfPage":{"@id":"https:\/\/portalf1.si\/index.php\/2026\/04\/29\/alonso-se-se-nima-namena-upokojiti-tezko-sprejmem-misel-na-upokojitev\/#primaryimage"},"image":{"@id":"https:\/\/portalf1.si\/index.php\/2026\/04\/29\/alonso-se-se-nima-namena-upokojiti-tezko-sprejmem-misel-na-upokojitev\/#primaryimage"},"thumbnailUrl":"https:\/\/portalf1.si\/wp-content\/uploads\/2026\/03\/fernando-alonso-aston-martin-r-1.webp","datePublished":"2026-04-29T09:50:15+00:00","description":"Fernando Alonso je izjavil, da si \u017eeli ostati v Formuli 1 tudi po koncu leto\u0161nje sezone, saj mu je misel na upokojitev \"te\u017eko sprejeti\".","breadcrumb":{"@id":"https:\/\/portalf1.si\/index.php\/2026\/04\/29\/alonso-se-se-nima-namena-upokojiti-tezko-sprejmem-misel-na-upokojitev\/#breadcrumb"},"inLanguage":"sl-SI","potentialAction":[{"@type":"ReadAction","target":["https:\/\/portalf1.si\/index.php\/2026\/04\/29\/alonso-se-se-nima-namena-upokojiti-tezko-sprejmem-misel-na-upokojitev\/"]}]},{"@type":"ImageObject","inLanguage":"sl-SI","@id":"https:\/\/portalf1.si\/index.php\/2026\/04\/29\/alonso-se-se-nima-namena-upokojiti-tezko-sprejmem-misel-na-upokojitev\/#primaryimage","url":"https:\/\/portalf1.si\/wp-content\/uploads\/2026\/03\/fernando-alonso-aston-martin-r-1.webp","contentUrl":"https:\/\/portalf1.si\/wp-content\/uploads\/2026\/03\/fernando-alonso-aston-martin-r-1.webp","width":1000,"height":666},{"@type":"BreadcrumbList","@id":"https:\/\/portalf1.si\/index.php\/2026\/04\/29\/alonso-se-se-nima-namena-upokojiti-tezko-sprejmem-misel-na-upokojitev\/#breadcrumb","itemListElement":[{"@type":"ListItem","position":1,"name":"Home","item":"https:\/\/portalf1.si\/"},{"@type":"ListItem","position":2,"name":"Alonso se \u0161e nima namena upokojiti: Te\u017eko sprejmem misel na upokojitev"}]},{"@type":"WebSite","@id":"https:\/\/portalf1.si\/#website","url":"https:\/\/portalf1.si\/","name":"Portal F1","description":"Vstopite v svet hitrosti in adrenalina","publisher":{"@id":"https:\/\/portalf1.si\/#organization"},"potentialAction":[{"@type":"SearchAction","target":{"@type":"EntryPoint","urlTemplate":"https:\/\/portalf1.si\/?s={search_term_string}"},"query-input":{"@type":"PropertyValueSpecification","valueRequired":true,"valueName":"search_term_string"}}],"inLanguage":"sl-SI"},{"@type":"Organization","@id":"https:\/\/portalf1.si\/#organization","name":"Portal F1","url":"https:\/\/portalf1.si\/","logo":{"@type":"ImageObject","inLanguage":"sl-SI","@id":"https:\/\/portalf1.si\/#\/schema\/logo\/image\/","url":"https:\/\/portalf1.si\/wp-content\/uploads\/2025\/02\/cropped-HiPaint_1738532868530.png","contentUrl":"https:\/\/portalf1.si\/wp-content\/uploads\/2025\/02\/cropped-HiPaint_1738532868530.png","width":512,"height":512,"caption":"Portal F1"},"image":{"@id":"https:\/\/portalf1.si\/#\/schema\/logo\/image\/"},"sameAs":["https:\/\/www.facebook.com\/portalf1.si\/?locale=sl_SI"]},{"@type":"Person","@id":"https:\/\/portalf1.si\/#\/schema\/person\/abfef3ba57233710daadfbdd742fecd5","name":"Denis \u0160tojs","image":{"@type":"ImageObject","inLanguage":"sl-SI","@id":"https:\/\/secure.gravatar.com\/avatar\/b006ce11dfb9c6e47e9de9803eefbdc14aa4afb445f3cca05acc735c22115b38?s=96&d=mm&r=g","url":"https:\/\/secure.gravatar.com\/avatar\/b006ce11dfb9c6e47e9de9803eefbdc14aa4afb445f3cca05acc735c22115b38?s=96&d=mm&r=g","contentUrl":"https:\/\/secure.gravatar.com\/avatar\/b006ce11dfb9c6e47e9de9803eefbdc14aa4afb445f3cca05acc735c22115b38?s=96&d=mm&r=g","caption":"Denis \u0160tojs"},"sameAs":["https:\/\/portalf1.si"],"url":"https:\/\/portalf1.si\/index.php\/author\/portalf1\/"}]}},"_links":{"self":[{"href":"https:\/\/portalf1.si\/index.php\/wp-json\/wp\/v2\/posts\/12794","targetHints":{"allow":["GET"]}}],"collection":[{"href":"https:\/\/portalf1.si\/index.php\/wp-json\/wp\/v2\/posts"}],"about":[{"href":"https:\/\/portalf1.si\/index.php\/wp-json\/wp\/v2\/types\/post"}],"author":[{"embeddable":true,"href":"https:\/\/portalf1.si\/index.php\/wp-json\/wp\/v2\/users\/1"}],"replies":[{"embeddable":true,"href":"https:\/\/portalf1.si\/index.php\/wp-json\/wp\/v2\/comments?post=12794"}],"version-history":[{"count":5,"href":"https:\/\/portalf1.si\/index.php\/wp-json\/wp\/v2\/posts\/12794\/revisions"}],"predecessor-version":[{"id":12803,"href":"https:\/\/portalf1.si\/index.php\/wp-json\/wp\/v2\/posts\/12794\/revisions\/12803"}],"wp:featuredmedia":[{"embeddable":true,"href":"https:\/\/portalf1.si\/index.php\/wp-json\/wp\/v2\/media\/11850"}],"wp:attachment":[{"href":"https:\/\/portalf1.si\/index.php\/wp-json\/wp\/v2\/media?parent=12794"}],"wp:term":[{"taxonomy":"category","embeddable":true,"href":"https:\/\/portalf1.si\/index.php\/wp-json\/wp\/v2\/categories?post=12794"},{"taxonomy":"post_tag","embeddable":true,"href":"https:\/\/portalf1.si\/index.php\/wp-json\/wp\/v2\/tags?post=12794"}],"curies":[{"name":"wp","href":"https:\/\/api.w.org\/{rel}","templated":true}]}}