{"id":12818,"date":"2026-04-30T09:41:28","date_gmt":"2026-04-30T09:41:28","guid":{"rendered":"https:\/\/portalf1.si\/?p=12818"},"modified":"2026-04-30T09:41:28","modified_gmt":"2026-04-30T09:41:28","slug":"pri-ferrariju-so-prepricani-da-lahko-z-novimi-posodobitvami-napadejo-mercedes","status":"publish","type":"post","link":"https:\/\/portalf1.si\/index.php\/2026\/04\/30\/pri-ferrariju-so-prepricani-da-lahko-z-novimi-posodobitvami-napadejo-mercedes\/","title":{"rendered":"Pri Ferrariju so prepri\u010dani, da lahko z novimi posodobitvami napadejo Mercedes"},"content":{"rendered":"<p data-path-to-node=\"0\"><strong>V mo\u0161tvu Ferrari raste prepri\u010danje, da bi lahko prihajajo\u010di paket posodobitev za Veliko nagrado Miamija bistveno spremenil potek leto\u0161nje sezone Formule 1 in preobrazil tisto, \u010demur v Maranellu zdaj pravijo &#8220;scenarij&#8221; prvenstva.<\/strong><\/p>\n<p data-path-to-node=\"0\">Po solidnem, a ne zmagovitem za\u010detku sezone Formule 1, je Ferrariju s Charlesom Leclercom in Lewisom Hamiltonom uspelo osvojiti ve\u010d uvrstitev na stopni\u010dke. \u010ceprav je dirkalnik SF-26 pokazal jasno konkuren\u010dnost na razli\u010dnih stezah, Scuderia \u0161e vedno zaostaja za merilom, ki ga je postavil Mercedes, kjer sta George Russell in Kimi Antonelli dosegla zgodnjo prednost v zmagah in to\u010dkah, kar srebrnim pu\u0161\u010dicam zagotavlja udobno vodstvo v konstruktorskem prvenstvu.<\/p>\n<p data-path-to-node=\"1\">Med nedavnim prisilnim premorom v koledarju Formule 1 so ekipe intenzivno delale na uvedbi izbolj\u0161av, namenjenih zmanj\u0161anju zaostanka za Mercedesom. Ferrari ni bil izjema. Poro\u010dila nakazujejo, da bo italijanska ekipa na Veliki nagradi Miamija predstavila obse\u017eno evolucijo paketa SF-26.<\/p>\n<p data-path-to-node=\"1\">Po poro\u010danju italijanskega medija La Gazzetta dello Sport vodilno osebje Ferrarija verjame, da ima prihajajo\u010di paket posodobitev potencial za preoblikovanje konkuren\u010dnega reda sezone 2026. Znotraj ekipe se krepi ob\u010dutek, da bi posodobitev v Miamiju lahko redefinirala Ferrarijevo pot v boju za naslov.<\/p>\n<p data-path-to-node=\"2\">Viri nakazujejo, da so Ferrarijevi in\u017eenirji obse\u017eno delali na tem, da bi SF-26 postal znatno stabilnej\u0161i in manj ranljiv skozi celoten dirka\u0161ki konec tedna, zlasti v kvalifikacijskem na\u010dinu in v poznej\u0161ih fazah dirk, ko so obremenitve z gorivom manj\u0161e, aerodinami\u010dno ravnovesje pa postane bolj kriti\u010dno. Na\u010drtovana posodobitev naj bi predstavljala \u0161iroko aerodinami\u010dno evolucijo in ne le manj\u0161ih prilagoditev, z izbolj\u0161avami na skoraj vseh zmogljivostno kriti\u010dnih podro\u010djih dirkalnika. To vklju\u010duje klju\u010dne strukturne komponente in elemente za pretok zraka, zasnovane za maksimiranje u\u010dinkovitosti pod trenutnimi tehni\u010dnimi predpisi.<\/p>\n<p data-path-to-node=\"3\">Med pri\u010dakovanimi spremembami so revizije sklopa prednjega krilca, vklju\u010dno s posodobljeno geometrijo loput in prilagoditvami profila krilc, pa tudi modifikacije na podro\u010dju strukturnih pregrad z namenom izbolj\u0161anja konstantnosti pretoka zraka in stabilnosti potisne sile k tlom.<\/p>\n<p data-path-to-node=\"3\">Dodatno razvojno delo naj bi vklju\u010devalo tudi posodobitve aerodinami\u010dne obdelave sistema halo, izbolj\u0161ave zasnove stranskih robov dirkalnika in nadaljnjo optimizacijo upravljanja zra\u010dnega toka za zadnjimi kolesi. Pozornost naj bi bila namenjena tudi strukturi podvozja, ob stalnem ocenjevanju Ferrarijevega inovativnega koncepta zadnje aerodinamike, imenovanega krilce &#8220;Macarena&#8221;, ki bi po programih zasebnih testiranj v Miamiju lahko do\u017eivel svoj tekmovalni debi.<\/p>\n<blockquote class=\"wp-embedded-content\" data-secret=\"KgTI9B4Gwx\"><p><a href=\"https:\/\/portalf1.si\/index.php\/2026\/04\/27\/brez-pocitka-kako-je-ferrari-prisiljen-premor-spremenil-v-tehnicni-vzpon-ekipe\/\">Brez po\u010ditka: Kako je Ferrari prisiljen premor spremenil v tehni\u010dni vzpon ekipe<\/a><\/p><\/blockquote>\n<p><iframe loading=\"lazy\" class=\"wp-embedded-content\" sandbox=\"allow-scripts\" security=\"restricted\" style=\"position: absolute; visibility: hidden;\" title=\"&#8220;Brez po\u010ditka: Kako je Ferrari prisiljen premor spremenil v tehni\u010dni vzpon ekipe&#8221; &#8212; Portal F1\" src=\"https:\/\/portalf1.si\/index.php\/2026\/04\/27\/brez-pocitka-kako-je-ferrari-prisiljen-premor-spremenil-v-tehnicni-vzpon-ekipe\/embed\/#?secret=IJOdMmxUWS#?secret=KgTI9B4Gwx\" data-secret=\"KgTI9B4Gwx\" width=\"600\" height=\"338\" frameborder=\"0\" marginwidth=\"0\" marginheight=\"0\" scrolling=\"no\"><\/iframe><\/p>\n","protected":false},"excerpt":{"rendered":"<p>V mo\u0161tvu Ferrari raste prepri\u010danje, da bi lahko prihajajo\u010di paket posodobitev za Veliko nagrado Miamija bistveno spremenil potek leto\u0161nje sezone Formule 1 in preobrazil tisto, \u010demur v Maranellu zdaj pravijo &#8220;scenarij&#8221; prvenstva. Po solidnem, a ne zmagovitem za\u010detku sezone Formule 1, je Ferrariju s Charlesom Leclercom in Lewisom Hamiltonom uspelo osvojiti ve\u010d uvrstitev na stopni\u010dke. [&hellip;]<\/p>\n","protected":false},"author":1,"featured_media":12750,"comment_status":"open","ping_status":"open","sticky":false,"template":"","format":"standard","meta":{"footnotes":""},"categories":[34,30,31],"tags":[44,317,159,46,45,318,158],"class_list":["post-12818","post","type-post","status-publish","format-standard","has-post-thumbnail","hentry","category-ferrari","category-formula-1","category-novice","tag-f1","tag-f1-2026","tag-f1-slovenija","tag-ferrari","tag-formula-1","tag-formula-1-2026","tag-formula-1-slovenija"],"blocksy_meta":[],"yoast_head":"<!-- This site is optimized with the Yoast SEO plugin v27.4 - https:\/\/yoast.com\/product\/yoast-seo-wordpress\/ -->\n<title>Pri Ferrariju so prepri\u010dani, da lahko z novimi posodobitvami napadejo Mercedes - Portal F1<\/title>\n<meta name=\"description\" content=\"V mo\u0161tvu Ferrari raste prepri\u010danje, da bi lahko prihajajo\u010di paket bistveno spremenil potek leto\u0161nje sezone Formule 1.\" \/>\n<meta name=\"robots\" content=\"index, follow, max-snippet:-1, max-image-preview:large, max-video-preview:-1\" \/>\n<link rel=\"canonical\" href=\"https:\/\/portalf1.si\/index.php\/2026\/04\/30\/pri-ferrariju-so-prepricani-da-lahko-z-novimi-posodobitvami-napadejo-mercedes\/\" \/>\n<meta property=\"og:locale\" content=\"sl_SI\" \/>\n<meta property=\"og:type\" content=\"article\" \/>\n<meta property=\"og:title\" content=\"Pri Ferrariju so prepri\u010dani, da lahko z novimi posodobitvami napadejo Mercedes - Portal F1\" \/>\n<meta property=\"og:description\" content=\"V mo\u0161tvu Ferrari raste prepri\u010danje, da bi lahko prihajajo\u010di paket bistveno spremenil potek leto\u0161nje sezone Formule 1.\" \/>\n<meta property=\"og:url\" content=\"https:\/\/portalf1.si\/index.php\/2026\/04\/30\/pri-ferrariju-so-prepricani-da-lahko-z-novimi-posodobitvami-napadejo-mercedes\/\" \/>\n<meta property=\"og:site_name\" content=\"Portal F1\" \/>\n<meta property=\"article:publisher\" content=\"https:\/\/www.facebook.com\/portalf1.si\/?locale=sl_SI\" \/>\n<meta property=\"article:published_time\" content=\"2026-04-30T09:41:28+00:00\" \/>\n<meta property=\"og:image\" content=\"https:\/\/portalf1.si\/wp-content\/uploads\/2026\/04\/Ferrari-SF-26-1.webp\" \/>\n\t<meta property=\"og:image:width\" content=\"1600\" \/>\n\t<meta property=\"og:image:height\" content=\"900\" \/>\n\t<meta property=\"og:image:type\" content=\"image\/webp\" \/>\n<meta name=\"author\" content=\"Denis \u0160tojs\" \/>\n<meta name=\"twitter:card\" content=\"summary_large_image\" \/>\n<meta name=\"twitter:label1\" content=\"Written by\" \/>\n\t<meta name=\"twitter:data1\" content=\"Denis \u0160tojs\" \/>\n\t<meta name=\"twitter:label2\" content=\"Est. reading time\" \/>\n\t<meta name=\"twitter:data2\" content=\"3 minute\" \/>\n<script type=\"application\/ld+json\" class=\"yoast-schema-graph\">{\"@context\":\"https:\\\/\\\/schema.org\",\"@graph\":[{\"@type\":\"Article\",\"@id\":\"https:\\\/\\\/portalf1.si\\\/index.php\\\/2026\\\/04\\\/30\\\/pri-ferrariju-so-prepricani-da-lahko-z-novimi-posodobitvami-napadejo-mercedes\\\/#article\",\"isPartOf\":{\"@id\":\"https:\\\/\\\/portalf1.si\\\/index.php\\\/2026\\\/04\\\/30\\\/pri-ferrariju-so-prepricani-da-lahko-z-novimi-posodobitvami-napadejo-mercedes\\\/\"},\"author\":{\"name\":\"Denis \u0160tojs\",\"@id\":\"https:\\\/\\\/portalf1.si\\\/#\\\/schema\\\/person\\\/abfef3ba57233710daadfbdd742fecd5\"},\"headline\":\"Pri Ferrariju so prepri\u010dani, da lahko z novimi posodobitvami napadejo Mercedes\",\"datePublished\":\"2026-04-30T09:41:28+00:00\",\"mainEntityOfPage\":{\"@id\":\"https:\\\/\\\/portalf1.si\\\/index.php\\\/2026\\\/04\\\/30\\\/pri-ferrariju-so-prepricani-da-lahko-z-novimi-posodobitvami-napadejo-mercedes\\\/\"},\"wordCount\":419,\"commentCount\":0,\"publisher\":{\"@id\":\"https:\\\/\\\/portalf1.si\\\/#organization\"},\"image\":{\"@id\":\"https:\\\/\\\/portalf1.si\\\/index.php\\\/2026\\\/04\\\/30\\\/pri-ferrariju-so-prepricani-da-lahko-z-novimi-posodobitvami-napadejo-mercedes\\\/#primaryimage\"},\"thumbnailUrl\":\"https:\\\/\\\/portalf1.si\\\/wp-content\\\/uploads\\\/2026\\\/04\\\/Ferrari-SF-26-1.webp\",\"keywords\":[\"F1\",\"F1 2026\",\"F1 Slovenija\",\"Ferrari\",\"Formula 1\",\"Formula 1 2026\",\"Formula 1 Slovenija\"],\"articleSection\":[\"Ferrari\",\"Formula 1\",\"Novice\"],\"inLanguage\":\"sl-SI\",\"potentialAction\":[{\"@type\":\"CommentAction\",\"name\":\"Comment\",\"target\":[\"https:\\\/\\\/portalf1.si\\\/index.php\\\/2026\\\/04\\\/30\\\/pri-ferrariju-so-prepricani-da-lahko-z-novimi-posodobitvami-napadejo-mercedes\\\/#respond\"]}]},{\"@type\":\"WebPage\",\"@id\":\"https:\\\/\\\/portalf1.si\\\/index.php\\\/2026\\\/04\\\/30\\\/pri-ferrariju-so-prepricani-da-lahko-z-novimi-posodobitvami-napadejo-mercedes\\\/\",\"url\":\"https:\\\/\\\/portalf1.si\\\/index.php\\\/2026\\\/04\\\/30\\\/pri-ferrariju-so-prepricani-da-lahko-z-novimi-posodobitvami-napadejo-mercedes\\\/\",\"name\":\"Pri Ferrariju so prepri\u010dani, da lahko z novimi posodobitvami napadejo Mercedes - Portal F1\",\"isPartOf\":{\"@id\":\"https:\\\/\\\/portalf1.si\\\/#website\"},\"primaryImageOfPage\":{\"@id\":\"https:\\\/\\\/portalf1.si\\\/index.php\\\/2026\\\/04\\\/30\\\/pri-ferrariju-so-prepricani-da-lahko-z-novimi-posodobitvami-napadejo-mercedes\\\/#primaryimage\"},\"image\":{\"@id\":\"https:\\\/\\\/portalf1.si\\\/index.php\\\/2026\\\/04\\\/30\\\/pri-ferrariju-so-prepricani-da-lahko-z-novimi-posodobitvami-napadejo-mercedes\\\/#primaryimage\"},\"thumbnailUrl\":\"https:\\\/\\\/portalf1.si\\\/wp-content\\\/uploads\\\/2026\\\/04\\\/Ferrari-SF-26-1.webp\",\"datePublished\":\"2026-04-30T09:41:28+00:00\",\"description\":\"V mo\u0161tvu Ferrari raste prepri\u010danje, da bi lahko prihajajo\u010di paket bistveno spremenil potek leto\u0161nje sezone Formule 1.\",\"breadcrumb\":{\"@id\":\"https:\\\/\\\/portalf1.si\\\/index.php\\\/2026\\\/04\\\/30\\\/pri-ferrariju-so-prepricani-da-lahko-z-novimi-posodobitvami-napadejo-mercedes\\\/#breadcrumb\"},\"inLanguage\":\"sl-SI\",\"potentialAction\":[{\"@type\":\"ReadAction\",\"target\":[\"https:\\\/\\\/portalf1.si\\\/index.php\\\/2026\\\/04\\\/30\\\/pri-ferrariju-so-prepricani-da-lahko-z-novimi-posodobitvami-napadejo-mercedes\\\/\"]}]},{\"@type\":\"ImageObject\",\"inLanguage\":\"sl-SI\",\"@id\":\"https:\\\/\\\/portalf1.si\\\/index.php\\\/2026\\\/04\\\/30\\\/pri-ferrariju-so-prepricani-da-lahko-z-novimi-posodobitvami-napadejo-mercedes\\\/#primaryimage\",\"url\":\"https:\\\/\\\/portalf1.si\\\/wp-content\\\/uploads\\\/2026\\\/04\\\/Ferrari-SF-26-1.webp\",\"contentUrl\":\"https:\\\/\\\/portalf1.si\\\/wp-content\\\/uploads\\\/2026\\\/04\\\/Ferrari-SF-26-1.webp\",\"width\":1600,\"height\":900},{\"@type\":\"BreadcrumbList\",\"@id\":\"https:\\\/\\\/portalf1.si\\\/index.php\\\/2026\\\/04\\\/30\\\/pri-ferrariju-so-prepricani-da-lahko-z-novimi-posodobitvami-napadejo-mercedes\\\/#breadcrumb\",\"itemListElement\":[{\"@type\":\"ListItem\",\"position\":1,\"name\":\"Home\",\"item\":\"https:\\\/\\\/portalf1.si\\\/\"},{\"@type\":\"ListItem\",\"position\":2,\"name\":\"Pri Ferrariju so prepri\u010dani, da lahko z novimi posodobitvami napadejo Mercedes\"}]},{\"@type\":\"WebSite\",\"@id\":\"https:\\\/\\\/portalf1.si\\\/#website\",\"url\":\"https:\\\/\\\/portalf1.si\\\/\",\"name\":\"Portal F1\",\"description\":\"Vstopite v svet hitrosti in adrenalina\",\"publisher\":{\"@id\":\"https:\\\/\\\/portalf1.si\\\/#organization\"},\"potentialAction\":[{\"@type\":\"SearchAction\",\"target\":{\"@type\":\"EntryPoint\",\"urlTemplate\":\"https:\\\/\\\/portalf1.si\\\/?s={search_term_string}\"},\"query-input\":{\"@type\":\"PropertyValueSpecification\",\"valueRequired\":true,\"valueName\":\"search_term_string\"}}],\"inLanguage\":\"sl-SI\"},{\"@type\":\"Organization\",\"@id\":\"https:\\\/\\\/portalf1.si\\\/#organization\",\"name\":\"Portal F1\",\"url\":\"https:\\\/\\\/portalf1.si\\\/\",\"logo\":{\"@type\":\"ImageObject\",\"inLanguage\":\"sl-SI\",\"@id\":\"https:\\\/\\\/portalf1.si\\\/#\\\/schema\\\/logo\\\/image\\\/\",\"url\":\"https:\\\/\\\/portalf1.si\\\/wp-content\\\/uploads\\\/2025\\\/02\\\/cropped-HiPaint_1738532868530.png\",\"contentUrl\":\"https:\\\/\\\/portalf1.si\\\/wp-content\\\/uploads\\\/2025\\\/02\\\/cropped-HiPaint_1738532868530.png\",\"width\":512,\"height\":512,\"caption\":\"Portal F1\"},\"image\":{\"@id\":\"https:\\\/\\\/portalf1.si\\\/#\\\/schema\\\/logo\\\/image\\\/\"},\"sameAs\":[\"https:\\\/\\\/www.facebook.com\\\/portalf1.si\\\/?locale=sl_SI\"]},{\"@type\":\"Person\",\"@id\":\"https:\\\/\\\/portalf1.si\\\/#\\\/schema\\\/person\\\/abfef3ba57233710daadfbdd742fecd5\",\"name\":\"Denis \u0160tojs\",\"image\":{\"@type\":\"ImageObject\",\"inLanguage\":\"sl-SI\",\"@id\":\"https:\\\/\\\/secure.gravatar.com\\\/avatar\\\/b006ce11dfb9c6e47e9de9803eefbdc14aa4afb445f3cca05acc735c22115b38?s=96&d=mm&r=g\",\"url\":\"https:\\\/\\\/secure.gravatar.com\\\/avatar\\\/b006ce11dfb9c6e47e9de9803eefbdc14aa4afb445f3cca05acc735c22115b38?s=96&d=mm&r=g\",\"contentUrl\":\"https:\\\/\\\/secure.gravatar.com\\\/avatar\\\/b006ce11dfb9c6e47e9de9803eefbdc14aa4afb445f3cca05acc735c22115b38?s=96&d=mm&r=g\",\"caption\":\"Denis \u0160tojs\"},\"sameAs\":[\"https:\\\/\\\/portalf1.si\"],\"url\":\"https:\\\/\\\/portalf1.si\\\/index.php\\\/author\\\/portalf1\\\/\"}]}<\/script>\n<!-- \/ Yoast SEO plugin. -->","yoast_head_json":{"title":"Pri Ferrariju so prepri\u010dani, da lahko z novimi posodobitvami napadejo Mercedes - Portal F1","description":"V mo\u0161tvu Ferrari raste prepri\u010danje, da bi lahko prihajajo\u010di paket bistveno spremenil potek leto\u0161nje sezone Formule 1.","robots":{"index":"index","follow":"follow","max-snippet":"max-snippet:-1","max-image-preview":"max-image-preview:large","max-video-preview":"max-video-preview:-1"},"canonical":"https:\/\/portalf1.si\/index.php\/2026\/04\/30\/pri-ferrariju-so-prepricani-da-lahko-z-novimi-posodobitvami-napadejo-mercedes\/","og_locale":"sl_SI","og_type":"article","og_title":"Pri Ferrariju so prepri\u010dani, da lahko z novimi posodobitvami napadejo Mercedes - Portal F1","og_description":"V mo\u0161tvu Ferrari raste prepri\u010danje, da bi lahko prihajajo\u010di paket bistveno spremenil potek leto\u0161nje sezone Formule 1.","og_url":"https:\/\/portalf1.si\/index.php\/2026\/04\/30\/pri-ferrariju-so-prepricani-da-lahko-z-novimi-posodobitvami-napadejo-mercedes\/","og_site_name":"Portal F1","article_publisher":"https:\/\/www.facebook.com\/portalf1.si\/?locale=sl_SI","article_published_time":"2026-04-30T09:41:28+00:00","og_image":[{"width":1600,"height":900,"url":"https:\/\/portalf1.si\/wp-content\/uploads\/2026\/04\/Ferrari-SF-26-1.webp","type":"image\/webp"}],"author":"Denis \u0160tojs","twitter_card":"summary_large_image","twitter_misc":{"Written by":"Denis \u0160tojs","Est. reading time":"3 minute"},"schema":{"@context":"https:\/\/schema.org","@graph":[{"@type":"Article","@id":"https:\/\/portalf1.si\/index.php\/2026\/04\/30\/pri-ferrariju-so-prepricani-da-lahko-z-novimi-posodobitvami-napadejo-mercedes\/#article","isPartOf":{"@id":"https:\/\/portalf1.si\/index.php\/2026\/04\/30\/pri-ferrariju-so-prepricani-da-lahko-z-novimi-posodobitvami-napadejo-mercedes\/"},"author":{"name":"Denis \u0160tojs","@id":"https:\/\/portalf1.si\/#\/schema\/person\/abfef3ba57233710daadfbdd742fecd5"},"headline":"Pri Ferrariju so prepri\u010dani, da lahko z novimi posodobitvami napadejo Mercedes","datePublished":"2026-04-30T09:41:28+00:00","mainEntityOfPage":{"@id":"https:\/\/portalf1.si\/index.php\/2026\/04\/30\/pri-ferrariju-so-prepricani-da-lahko-z-novimi-posodobitvami-napadejo-mercedes\/"},"wordCount":419,"commentCount":0,"publisher":{"@id":"https:\/\/portalf1.si\/#organization"},"image":{"@id":"https:\/\/portalf1.si\/index.php\/2026\/04\/30\/pri-ferrariju-so-prepricani-da-lahko-z-novimi-posodobitvami-napadejo-mercedes\/#primaryimage"},"thumbnailUrl":"https:\/\/portalf1.si\/wp-content\/uploads\/2026\/04\/Ferrari-SF-26-1.webp","keywords":["F1","F1 2026","F1 Slovenija","Ferrari","Formula 1","Formula 1 2026","Formula 1 Slovenija"],"articleSection":["Ferrari","Formula 1","Novice"],"inLanguage":"sl-SI","potentialAction":[{"@type":"CommentAction","name":"Comment","target":["https:\/\/portalf1.si\/index.php\/2026\/04\/30\/pri-ferrariju-so-prepricani-da-lahko-z-novimi-posodobitvami-napadejo-mercedes\/#respond"]}]},{"@type":"WebPage","@id":"https:\/\/portalf1.si\/index.php\/2026\/04\/30\/pri-ferrariju-so-prepricani-da-lahko-z-novimi-posodobitvami-napadejo-mercedes\/","url":"https:\/\/portalf1.si\/index.php\/2026\/04\/30\/pri-ferrariju-so-prepricani-da-lahko-z-novimi-posodobitvami-napadejo-mercedes\/","name":"Pri Ferrariju so prepri\u010dani, da lahko z novimi posodobitvami napadejo Mercedes - Portal F1","isPartOf":{"@id":"https:\/\/portalf1.si\/#website"},"primaryImageOfPage":{"@id":"https:\/\/portalf1.si\/index.php\/2026\/04\/30\/pri-ferrariju-so-prepricani-da-lahko-z-novimi-posodobitvami-napadejo-mercedes\/#primaryimage"},"image":{"@id":"https:\/\/portalf1.si\/index.php\/2026\/04\/30\/pri-ferrariju-so-prepricani-da-lahko-z-novimi-posodobitvami-napadejo-mercedes\/#primaryimage"},"thumbnailUrl":"https:\/\/portalf1.si\/wp-content\/uploads\/2026\/04\/Ferrari-SF-26-1.webp","datePublished":"2026-04-30T09:41:28+00:00","description":"V mo\u0161tvu Ferrari raste prepri\u010danje, da bi lahko prihajajo\u010di paket bistveno spremenil potek leto\u0161nje sezone Formule 1.","breadcrumb":{"@id":"https:\/\/portalf1.si\/index.php\/2026\/04\/30\/pri-ferrariju-so-prepricani-da-lahko-z-novimi-posodobitvami-napadejo-mercedes\/#breadcrumb"},"inLanguage":"sl-SI","potentialAction":[{"@type":"ReadAction","target":["https:\/\/portalf1.si\/index.php\/2026\/04\/30\/pri-ferrariju-so-prepricani-da-lahko-z-novimi-posodobitvami-napadejo-mercedes\/"]}]},{"@type":"ImageObject","inLanguage":"sl-SI","@id":"https:\/\/portalf1.si\/index.php\/2026\/04\/30\/pri-ferrariju-so-prepricani-da-lahko-z-novimi-posodobitvami-napadejo-mercedes\/#primaryimage","url":"https:\/\/portalf1.si\/wp-content\/uploads\/2026\/04\/Ferrari-SF-26-1.webp","contentUrl":"https:\/\/portalf1.si\/wp-content\/uploads\/2026\/04\/Ferrari-SF-26-1.webp","width":1600,"height":900},{"@type":"BreadcrumbList","@id":"https:\/\/portalf1.si\/index.php\/2026\/04\/30\/pri-ferrariju-so-prepricani-da-lahko-z-novimi-posodobitvami-napadejo-mercedes\/#breadcrumb","itemListElement":[{"@type":"ListItem","position":1,"name":"Home","item":"https:\/\/portalf1.si\/"},{"@type":"ListItem","position":2,"name":"Pri Ferrariju so prepri\u010dani, da lahko z novimi posodobitvami napadejo Mercedes"}]},{"@type":"WebSite","@id":"https:\/\/portalf1.si\/#website","url":"https:\/\/portalf1.si\/","name":"Portal F1","description":"Vstopite v svet hitrosti in adrenalina","publisher":{"@id":"https:\/\/portalf1.si\/#organization"},"potentialAction":[{"@type":"SearchAction","target":{"@type":"EntryPoint","urlTemplate":"https:\/\/portalf1.si\/?s={search_term_string}"},"query-input":{"@type":"PropertyValueSpecification","valueRequired":true,"valueName":"search_term_string"}}],"inLanguage":"sl-SI"},{"@type":"Organization","@id":"https:\/\/portalf1.si\/#organization","name":"Portal F1","url":"https:\/\/portalf1.si\/","logo":{"@type":"ImageObject","inLanguage":"sl-SI","@id":"https:\/\/portalf1.si\/#\/schema\/logo\/image\/","url":"https:\/\/portalf1.si\/wp-content\/uploads\/2025\/02\/cropped-HiPaint_1738532868530.png","contentUrl":"https:\/\/portalf1.si\/wp-content\/uploads\/2025\/02\/cropped-HiPaint_1738532868530.png","width":512,"height":512,"caption":"Portal F1"},"image":{"@id":"https:\/\/portalf1.si\/#\/schema\/logo\/image\/"},"sameAs":["https:\/\/www.facebook.com\/portalf1.si\/?locale=sl_SI"]},{"@type":"Person","@id":"https:\/\/portalf1.si\/#\/schema\/person\/abfef3ba57233710daadfbdd742fecd5","name":"Denis \u0160tojs","image":{"@type":"ImageObject","inLanguage":"sl-SI","@id":"https:\/\/secure.gravatar.com\/avatar\/b006ce11dfb9c6e47e9de9803eefbdc14aa4afb445f3cca05acc735c22115b38?s=96&d=mm&r=g","url":"https:\/\/secure.gravatar.com\/avatar\/b006ce11dfb9c6e47e9de9803eefbdc14aa4afb445f3cca05acc735c22115b38?s=96&d=mm&r=g","contentUrl":"https:\/\/secure.gravatar.com\/avatar\/b006ce11dfb9c6e47e9de9803eefbdc14aa4afb445f3cca05acc735c22115b38?s=96&d=mm&r=g","caption":"Denis \u0160tojs"},"sameAs":["https:\/\/portalf1.si"],"url":"https:\/\/portalf1.si\/index.php\/author\/portalf1\/"}]}},"_links":{"self":[{"href":"https:\/\/portalf1.si\/index.php\/wp-json\/wp\/v2\/posts\/12818","targetHints":{"allow":["GET"]}}],"collection":[{"href":"https:\/\/portalf1.si\/index.php\/wp-json\/wp\/v2\/posts"}],"about":[{"href":"https:\/\/portalf1.si\/index.php\/wp-json\/wp\/v2\/types\/post"}],"author":[{"embeddable":true,"href":"https:\/\/portalf1.si\/index.php\/wp-json\/wp\/v2\/users\/1"}],"replies":[{"embeddable":true,"href":"https:\/\/portalf1.si\/index.php\/wp-json\/wp\/v2\/comments?post=12818"}],"version-history":[{"count":4,"href":"https:\/\/portalf1.si\/index.php\/wp-json\/wp\/v2\/posts\/12818\/revisions"}],"predecessor-version":[{"id":12823,"href":"https:\/\/portalf1.si\/index.php\/wp-json\/wp\/v2\/posts\/12818\/revisions\/12823"}],"wp:featuredmedia":[{"embeddable":true,"href":"https:\/\/portalf1.si\/index.php\/wp-json\/wp\/v2\/media\/12750"}],"wp:attachment":[{"href":"https:\/\/portalf1.si\/index.php\/wp-json\/wp\/v2\/media?parent=12818"}],"wp:term":[{"taxonomy":"category","embeddable":true,"href":"https:\/\/portalf1.si\/index.php\/wp-json\/wp\/v2\/categories?post=12818"},{"taxonomy":"post_tag","embeddable":true,"href":"https:\/\/portalf1.si\/index.php\/wp-json\/wp\/v2\/tags?post=12818"}],"curies":[{"name":"wp","href":"https:\/\/api.w.org\/{rel}","templated":true}]}}