{"id":12828,"date":"2026-04-30T16:00:33","date_gmt":"2026-04-30T16:00:33","guid":{"rendered":"https:\/\/portalf1.si\/?p=12828"},"modified":"2026-04-30T16:00:33","modified_gmt":"2026-04-30T16:00:33","slug":"mclaren-vse-bolj-resna-moznost-za-verstappna","status":"publish","type":"post","link":"https:\/\/portalf1.si\/index.php\/2026\/04\/30\/mclaren-vse-bolj-resna-moznost-za-verstappna\/","title":{"rendered":"McLaren vse bolj resna mo\u017enost za Verstappna"},"content":{"rendered":"<p dir=\"ltr\"><strong>Nekdanji dirka\u010d Formule 1 Ralf Schumacher meni, da bi McLaren lahko postal resna mo\u017enost za Maxa Verstappna, \u010de se Nizozemec na koncu odlo\u010di, da po koncu sezone zapusti Red Bull.<\/strong><\/p>\n<p dir=\"ltr\">\u200bPrihodnost \u0161tirikratnega svetovnega prvaka Formule 1 visi na nitki, saj Red Bull prestaja katastrofalen za\u010detek sezone, Nizozem\u010devo nezadovoljstvo nad novimi pravili pa ne ka\u017ee znakov popu\u0161\u010danja.<\/p>\n<p dir=\"ltr\">V podkastu Backstage Boxengasse je Schumacher namignil, da nedavni Verstappnovi komentarji morda ka\u017eejo na priprave na prihodnost stran od Red Bulla in ne na razmi\u0161ljanje o upokojitvi.<\/p>\n<p dir=\"ltr\">Nekdanji dirka\u010d Formule 1 meni, da Nizozemec verjetno ne bo \u010dakal ve\u010d let, da se Red Bull vrne na vrh, \u0161e posebej glede na te\u017eaven za\u010detek ekipe v novi regulativni dobi. Izpostavil je tudi McLaren kot mo\u017eno destinacijo, pri \u010demer je poudaril tako trenutno mo\u010d ekipe kot tudi dolgoletno zanimanje Zaka Browna za Verstappna v zakulisju.<\/p>\n<p dir=\"ltr\">\u200b<em>&#8220;Ko sli\u0161ite, kaj je Verstappen takrat rekel o svojem in\u017eenirju, potem obstajata zares le dve mo\u017enosti. Ali se \u017eeli upokojiti, v kar ne verjamem, ali pa se vse pripravlja za to, da bi se on in njegova ekipa preselila nekam drugam, nekam, kjer mu ponuja bolj\u0161o prihodnost.&#8221;<\/em><\/p>\n<p dir=\"ltr\">\u200b<em>&#8220;Ena stvar je z mojega vidika prav tako jasna. Red Bull zdaj potrebuje \u010das, precej \u010dasa, Max pa je zelo nepotrpe\u017eljiv. Zato nisem povsem prepri\u010dan, ali je ostati tam, dokler ne za\u010dne vse pravilno delovati, zanj sploh opcija. Govorimo o vsaj dveh ali treh letih.&#8221;<\/em><\/p>\n<p dir=\"ltr\">\u200b<em>&#8220;Torej da, mo\u017eno je. McLaren je zelo dobra ekipa in ima enega najbolj\u0161ih motorjev v Formuli 1. Zak Brown je to poskusil \u017ee prej, to je bilo nekaj, kar so ljudje v paddocku \u017ee vedeli. In seveda, \u010de Max Verstappen postane na voljo, potem mora\u0161 poskusiti.&#8221;<\/em><\/p>\n<blockquote class=\"wp-embedded-content\" data-secret=\"rX1pOE0Ykq\"><p><a href=\"https:\/\/portalf1.si\/index.php\/2026\/04\/28\/verstappen-bo-ob-koncu-letosnje-sezone-zapustil-red-bull\/\">Verstappen bo ob koncu leto\u0161nje sezone zapustil Red Bull<\/a><\/p><\/blockquote>\n<p><iframe loading=\"lazy\" class=\"wp-embedded-content\" sandbox=\"allow-scripts\" security=\"restricted\" style=\"position: absolute; visibility: hidden;\" title=\"&#8220;Verstappen bo ob koncu leto\u0161nje sezone zapustil Red Bull&#8221; &#8212; Portal F1\" src=\"https:\/\/portalf1.si\/index.php\/2026\/04\/28\/verstappen-bo-ob-koncu-letosnje-sezone-zapustil-red-bull\/embed\/#?secret=Snz9Wq0YY6#?secret=rX1pOE0Ykq\" data-secret=\"rX1pOE0Ykq\" width=\"600\" height=\"338\" frameborder=\"0\" marginwidth=\"0\" marginheight=\"0\" scrolling=\"no\"><\/iframe><\/p>\n","protected":false},"excerpt":{"rendered":"<p>Nekdanji dirka\u010d Formule 1 Ralf Schumacher meni, da bi McLaren lahko postal resna mo\u017enost za Maxa Verstappna, \u010de se Nizozemec na koncu odlo\u010di, da po koncu sezone zapusti Red Bull. \u200bPrihodnost \u0161tirikratnega svetovnega prvaka Formule 1 visi na nitki, saj Red Bull prestaja katastrofalen za\u010detek sezone, Nizozem\u010devo nezadovoljstvo nad novimi pravili pa ne ka\u017ee znakov [&hellip;]<\/p>\n","protected":false},"author":1,"featured_media":12179,"comment_status":"open","ping_status":"open","sticky":false,"template":"","format":"standard","meta":{"footnotes":""},"categories":[30,63,40,31,36],"tags":[44,317,159,45,318,158,47,76,64],"class_list":["post-12828","post","type-post","status-publish","format-standard","has-post-thumbnail","hentry","category-formula-1","category-max-verstappen","category-mclaren","category-novice","category-red-bull","tag-f1","tag-f1-2026","tag-f1-slovenija","tag-formula-1","tag-formula-1-2026","tag-formula-1-slovenija","tag-max-verstappen","tag-mclaren","tag-red-bull"],"blocksy_meta":[],"yoast_head":"<!-- This site is optimized with the Yoast SEO plugin v27.4 - https:\/\/yoast.com\/product\/yoast-seo-wordpress\/ -->\n<title>McLaren vse bolj resna mo\u017enost za Verstappna - Portal F1<\/title>\n<meta name=\"description\" content=\"Nekdanji dirka\u010d Formule 1 meni, da bi McLaren lahko postal resna mo\u017enost za Verstappna, \u010de se Nizozemec na odlo\u010di, da zapusti Red Bull.\" \/>\n<meta name=\"robots\" content=\"index, follow, max-snippet:-1, max-image-preview:large, max-video-preview:-1\" \/>\n<link rel=\"canonical\" href=\"https:\/\/portalf1.si\/index.php\/2026\/04\/30\/mclaren-vse-bolj-resna-moznost-za-verstappna\/\" \/>\n<meta property=\"og:locale\" content=\"sl_SI\" \/>\n<meta property=\"og:type\" content=\"article\" \/>\n<meta property=\"og:title\" content=\"McLaren vse bolj resna mo\u017enost za Verstappna - Portal F1\" \/>\n<meta property=\"og:description\" content=\"Nekdanji dirka\u010d Formule 1 meni, da bi McLaren lahko postal resna mo\u017enost za Verstappna, \u010de se Nizozemec na odlo\u010di, da zapusti Red Bull.\" \/>\n<meta property=\"og:url\" content=\"https:\/\/portalf1.si\/index.php\/2026\/04\/30\/mclaren-vse-bolj-resna-moznost-za-verstappna\/\" \/>\n<meta property=\"og:site_name\" content=\"Portal F1\" \/>\n<meta property=\"article:publisher\" content=\"https:\/\/www.facebook.com\/portalf1.si\/?locale=sl_SI\" \/>\n<meta property=\"article:published_time\" content=\"2026-04-30T16:00:33+00:00\" \/>\n<meta property=\"og:image\" content=\"https:\/\/portalf1.si\/wp-content\/uploads\/2026\/03\/max-verstappen-red-bull-japan-gp-2026-planetf1.webp\" \/>\n\t<meta property=\"og:image:width\" content=\"1600\" \/>\n\t<meta property=\"og:image:height\" content=\"900\" \/>\n\t<meta property=\"og:image:type\" content=\"image\/jpeg\" \/>\n<meta name=\"author\" content=\"Denis \u0160tojs\" \/>\n<meta name=\"twitter:card\" content=\"summary_large_image\" \/>\n<meta name=\"twitter:label1\" content=\"Written by\" \/>\n\t<meta name=\"twitter:data1\" content=\"Denis \u0160tojs\" \/>\n\t<meta name=\"twitter:label2\" content=\"Est. reading time\" \/>\n\t<meta name=\"twitter:data2\" content=\"2 minuti\" \/>\n<script type=\"application\/ld+json\" class=\"yoast-schema-graph\">{\"@context\":\"https:\\\/\\\/schema.org\",\"@graph\":[{\"@type\":\"Article\",\"@id\":\"https:\\\/\\\/portalf1.si\\\/index.php\\\/2026\\\/04\\\/30\\\/mclaren-vse-bolj-resna-moznost-za-verstappna\\\/#article\",\"isPartOf\":{\"@id\":\"https:\\\/\\\/portalf1.si\\\/index.php\\\/2026\\\/04\\\/30\\\/mclaren-vse-bolj-resna-moznost-za-verstappna\\\/\"},\"author\":{\"name\":\"Denis \u0160tojs\",\"@id\":\"https:\\\/\\\/portalf1.si\\\/#\\\/schema\\\/person\\\/abfef3ba57233710daadfbdd742fecd5\"},\"headline\":\"McLaren vse bolj resna mo\u017enost za Verstappna\",\"datePublished\":\"2026-04-30T16:00:33+00:00\",\"mainEntityOfPage\":{\"@id\":\"https:\\\/\\\/portalf1.si\\\/index.php\\\/2026\\\/04\\\/30\\\/mclaren-vse-bolj-resna-moznost-za-verstappna\\\/\"},\"wordCount\":307,\"commentCount\":0,\"publisher\":{\"@id\":\"https:\\\/\\\/portalf1.si\\\/#organization\"},\"image\":{\"@id\":\"https:\\\/\\\/portalf1.si\\\/index.php\\\/2026\\\/04\\\/30\\\/mclaren-vse-bolj-resna-moznost-za-verstappna\\\/#primaryimage\"},\"thumbnailUrl\":\"https:\\\/\\\/portalf1.si\\\/wp-content\\\/uploads\\\/2026\\\/03\\\/max-verstappen-red-bull-japan-gp-2026-planetf1.webp\",\"keywords\":[\"F1\",\"F1 2026\",\"F1 Slovenija\",\"Formula 1\",\"Formula 1 2026\",\"Formula 1 Slovenija\",\"Max Verstappen\",\"McLaren\",\"Red Bull\"],\"articleSection\":[\"Formula 1\",\"Max Verstappen\",\"Mclaren\",\"Novice\",\"Red Bull\"],\"inLanguage\":\"sl-SI\",\"potentialAction\":[{\"@type\":\"CommentAction\",\"name\":\"Comment\",\"target\":[\"https:\\\/\\\/portalf1.si\\\/index.php\\\/2026\\\/04\\\/30\\\/mclaren-vse-bolj-resna-moznost-za-verstappna\\\/#respond\"]}]},{\"@type\":\"WebPage\",\"@id\":\"https:\\\/\\\/portalf1.si\\\/index.php\\\/2026\\\/04\\\/30\\\/mclaren-vse-bolj-resna-moznost-za-verstappna\\\/\",\"url\":\"https:\\\/\\\/portalf1.si\\\/index.php\\\/2026\\\/04\\\/30\\\/mclaren-vse-bolj-resna-moznost-za-verstappna\\\/\",\"name\":\"McLaren vse bolj resna mo\u017enost za Verstappna - Portal F1\",\"isPartOf\":{\"@id\":\"https:\\\/\\\/portalf1.si\\\/#website\"},\"primaryImageOfPage\":{\"@id\":\"https:\\\/\\\/portalf1.si\\\/index.php\\\/2026\\\/04\\\/30\\\/mclaren-vse-bolj-resna-moznost-za-verstappna\\\/#primaryimage\"},\"image\":{\"@id\":\"https:\\\/\\\/portalf1.si\\\/index.php\\\/2026\\\/04\\\/30\\\/mclaren-vse-bolj-resna-moznost-za-verstappna\\\/#primaryimage\"},\"thumbnailUrl\":\"https:\\\/\\\/portalf1.si\\\/wp-content\\\/uploads\\\/2026\\\/03\\\/max-verstappen-red-bull-japan-gp-2026-planetf1.webp\",\"datePublished\":\"2026-04-30T16:00:33+00:00\",\"description\":\"Nekdanji dirka\u010d Formule 1 meni, da bi McLaren lahko postal resna mo\u017enost za Verstappna, \u010de se Nizozemec na odlo\u010di, da zapusti Red Bull.\",\"breadcrumb\":{\"@id\":\"https:\\\/\\\/portalf1.si\\\/index.php\\\/2026\\\/04\\\/30\\\/mclaren-vse-bolj-resna-moznost-za-verstappna\\\/#breadcrumb\"},\"inLanguage\":\"sl-SI\",\"potentialAction\":[{\"@type\":\"ReadAction\",\"target\":[\"https:\\\/\\\/portalf1.si\\\/index.php\\\/2026\\\/04\\\/30\\\/mclaren-vse-bolj-resna-moznost-za-verstappna\\\/\"]}]},{\"@type\":\"ImageObject\",\"inLanguage\":\"sl-SI\",\"@id\":\"https:\\\/\\\/portalf1.si\\\/index.php\\\/2026\\\/04\\\/30\\\/mclaren-vse-bolj-resna-moznost-za-verstappna\\\/#primaryimage\",\"url\":\"https:\\\/\\\/portalf1.si\\\/wp-content\\\/uploads\\\/2026\\\/03\\\/max-verstappen-red-bull-japan-gp-2026-planetf1.webp\",\"contentUrl\":\"https:\\\/\\\/portalf1.si\\\/wp-content\\\/uploads\\\/2026\\\/03\\\/max-verstappen-red-bull-japan-gp-2026-planetf1.webp\",\"width\":1600,\"height\":900},{\"@type\":\"BreadcrumbList\",\"@id\":\"https:\\\/\\\/portalf1.si\\\/index.php\\\/2026\\\/04\\\/30\\\/mclaren-vse-bolj-resna-moznost-za-verstappna\\\/#breadcrumb\",\"itemListElement\":[{\"@type\":\"ListItem\",\"position\":1,\"name\":\"Home\",\"item\":\"https:\\\/\\\/portalf1.si\\\/\"},{\"@type\":\"ListItem\",\"position\":2,\"name\":\"McLaren vse bolj resna mo\u017enost za Verstappna\"}]},{\"@type\":\"WebSite\",\"@id\":\"https:\\\/\\\/portalf1.si\\\/#website\",\"url\":\"https:\\\/\\\/portalf1.si\\\/\",\"name\":\"Portal F1\",\"description\":\"Vstopite v svet hitrosti in adrenalina\",\"publisher\":{\"@id\":\"https:\\\/\\\/portalf1.si\\\/#organization\"},\"potentialAction\":[{\"@type\":\"SearchAction\",\"target\":{\"@type\":\"EntryPoint\",\"urlTemplate\":\"https:\\\/\\\/portalf1.si\\\/?s={search_term_string}\"},\"query-input\":{\"@type\":\"PropertyValueSpecification\",\"valueRequired\":true,\"valueName\":\"search_term_string\"}}],\"inLanguage\":\"sl-SI\"},{\"@type\":\"Organization\",\"@id\":\"https:\\\/\\\/portalf1.si\\\/#organization\",\"name\":\"Portal F1\",\"url\":\"https:\\\/\\\/portalf1.si\\\/\",\"logo\":{\"@type\":\"ImageObject\",\"inLanguage\":\"sl-SI\",\"@id\":\"https:\\\/\\\/portalf1.si\\\/#\\\/schema\\\/logo\\\/image\\\/\",\"url\":\"https:\\\/\\\/portalf1.si\\\/wp-content\\\/uploads\\\/2025\\\/02\\\/cropped-HiPaint_1738532868530.png\",\"contentUrl\":\"https:\\\/\\\/portalf1.si\\\/wp-content\\\/uploads\\\/2025\\\/02\\\/cropped-HiPaint_1738532868530.png\",\"width\":512,\"height\":512,\"caption\":\"Portal F1\"},\"image\":{\"@id\":\"https:\\\/\\\/portalf1.si\\\/#\\\/schema\\\/logo\\\/image\\\/\"},\"sameAs\":[\"https:\\\/\\\/www.facebook.com\\\/portalf1.si\\\/?locale=sl_SI\"]},{\"@type\":\"Person\",\"@id\":\"https:\\\/\\\/portalf1.si\\\/#\\\/schema\\\/person\\\/abfef3ba57233710daadfbdd742fecd5\",\"name\":\"Denis \u0160tojs\",\"image\":{\"@type\":\"ImageObject\",\"inLanguage\":\"sl-SI\",\"@id\":\"https:\\\/\\\/secure.gravatar.com\\\/avatar\\\/b006ce11dfb9c6e47e9de9803eefbdc14aa4afb445f3cca05acc735c22115b38?s=96&d=mm&r=g\",\"url\":\"https:\\\/\\\/secure.gravatar.com\\\/avatar\\\/b006ce11dfb9c6e47e9de9803eefbdc14aa4afb445f3cca05acc735c22115b38?s=96&d=mm&r=g\",\"contentUrl\":\"https:\\\/\\\/secure.gravatar.com\\\/avatar\\\/b006ce11dfb9c6e47e9de9803eefbdc14aa4afb445f3cca05acc735c22115b38?s=96&d=mm&r=g\",\"caption\":\"Denis \u0160tojs\"},\"sameAs\":[\"https:\\\/\\\/portalf1.si\"],\"url\":\"https:\\\/\\\/portalf1.si\\\/index.php\\\/author\\\/portalf1\\\/\"}]}<\/script>\n<!-- \/ Yoast SEO plugin. -->","yoast_head_json":{"title":"McLaren vse bolj resna mo\u017enost za Verstappna - Portal F1","description":"Nekdanji dirka\u010d Formule 1 meni, da bi McLaren lahko postal resna mo\u017enost za Verstappna, \u010de se Nizozemec na odlo\u010di, da zapusti Red Bull.","robots":{"index":"index","follow":"follow","max-snippet":"max-snippet:-1","max-image-preview":"max-image-preview:large","max-video-preview":"max-video-preview:-1"},"canonical":"https:\/\/portalf1.si\/index.php\/2026\/04\/30\/mclaren-vse-bolj-resna-moznost-za-verstappna\/","og_locale":"sl_SI","og_type":"article","og_title":"McLaren vse bolj resna mo\u017enost za Verstappna - Portal F1","og_description":"Nekdanji dirka\u010d Formule 1 meni, da bi McLaren lahko postal resna mo\u017enost za Verstappna, \u010de se Nizozemec na odlo\u010di, da zapusti Red Bull.","og_url":"https:\/\/portalf1.si\/index.php\/2026\/04\/30\/mclaren-vse-bolj-resna-moznost-za-verstappna\/","og_site_name":"Portal F1","article_publisher":"https:\/\/www.facebook.com\/portalf1.si\/?locale=sl_SI","article_published_time":"2026-04-30T16:00:33+00:00","og_image":[{"width":1600,"height":900,"url":"https:\/\/portalf1.si\/wp-content\/uploads\/2026\/03\/max-verstappen-red-bull-japan-gp-2026-planetf1.webp","type":"image\/jpeg"}],"author":"Denis \u0160tojs","twitter_card":"summary_large_image","twitter_misc":{"Written by":"Denis \u0160tojs","Est. reading time":"2 minuti"},"schema":{"@context":"https:\/\/schema.org","@graph":[{"@type":"Article","@id":"https:\/\/portalf1.si\/index.php\/2026\/04\/30\/mclaren-vse-bolj-resna-moznost-za-verstappna\/#article","isPartOf":{"@id":"https:\/\/portalf1.si\/index.php\/2026\/04\/30\/mclaren-vse-bolj-resna-moznost-za-verstappna\/"},"author":{"name":"Denis \u0160tojs","@id":"https:\/\/portalf1.si\/#\/schema\/person\/abfef3ba57233710daadfbdd742fecd5"},"headline":"McLaren vse bolj resna mo\u017enost za Verstappna","datePublished":"2026-04-30T16:00:33+00:00","mainEntityOfPage":{"@id":"https:\/\/portalf1.si\/index.php\/2026\/04\/30\/mclaren-vse-bolj-resna-moznost-za-verstappna\/"},"wordCount":307,"commentCount":0,"publisher":{"@id":"https:\/\/portalf1.si\/#organization"},"image":{"@id":"https:\/\/portalf1.si\/index.php\/2026\/04\/30\/mclaren-vse-bolj-resna-moznost-za-verstappna\/#primaryimage"},"thumbnailUrl":"https:\/\/portalf1.si\/wp-content\/uploads\/2026\/03\/max-verstappen-red-bull-japan-gp-2026-planetf1.webp","keywords":["F1","F1 2026","F1 Slovenija","Formula 1","Formula 1 2026","Formula 1 Slovenija","Max Verstappen","McLaren","Red Bull"],"articleSection":["Formula 1","Max Verstappen","Mclaren","Novice","Red Bull"],"inLanguage":"sl-SI","potentialAction":[{"@type":"CommentAction","name":"Comment","target":["https:\/\/portalf1.si\/index.php\/2026\/04\/30\/mclaren-vse-bolj-resna-moznost-za-verstappna\/#respond"]}]},{"@type":"WebPage","@id":"https:\/\/portalf1.si\/index.php\/2026\/04\/30\/mclaren-vse-bolj-resna-moznost-za-verstappna\/","url":"https:\/\/portalf1.si\/index.php\/2026\/04\/30\/mclaren-vse-bolj-resna-moznost-za-verstappna\/","name":"McLaren vse bolj resna mo\u017enost za Verstappna - Portal F1","isPartOf":{"@id":"https:\/\/portalf1.si\/#website"},"primaryImageOfPage":{"@id":"https:\/\/portalf1.si\/index.php\/2026\/04\/30\/mclaren-vse-bolj-resna-moznost-za-verstappna\/#primaryimage"},"image":{"@id":"https:\/\/portalf1.si\/index.php\/2026\/04\/30\/mclaren-vse-bolj-resna-moznost-za-verstappna\/#primaryimage"},"thumbnailUrl":"https:\/\/portalf1.si\/wp-content\/uploads\/2026\/03\/max-verstappen-red-bull-japan-gp-2026-planetf1.webp","datePublished":"2026-04-30T16:00:33+00:00","description":"Nekdanji dirka\u010d Formule 1 meni, da bi McLaren lahko postal resna mo\u017enost za Verstappna, \u010de se Nizozemec na odlo\u010di, da zapusti Red Bull.","breadcrumb":{"@id":"https:\/\/portalf1.si\/index.php\/2026\/04\/30\/mclaren-vse-bolj-resna-moznost-za-verstappna\/#breadcrumb"},"inLanguage":"sl-SI","potentialAction":[{"@type":"ReadAction","target":["https:\/\/portalf1.si\/index.php\/2026\/04\/30\/mclaren-vse-bolj-resna-moznost-za-verstappna\/"]}]},{"@type":"ImageObject","inLanguage":"sl-SI","@id":"https:\/\/portalf1.si\/index.php\/2026\/04\/30\/mclaren-vse-bolj-resna-moznost-za-verstappna\/#primaryimage","url":"https:\/\/portalf1.si\/wp-content\/uploads\/2026\/03\/max-verstappen-red-bull-japan-gp-2026-planetf1.webp","contentUrl":"https:\/\/portalf1.si\/wp-content\/uploads\/2026\/03\/max-verstappen-red-bull-japan-gp-2026-planetf1.webp","width":1600,"height":900},{"@type":"BreadcrumbList","@id":"https:\/\/portalf1.si\/index.php\/2026\/04\/30\/mclaren-vse-bolj-resna-moznost-za-verstappna\/#breadcrumb","itemListElement":[{"@type":"ListItem","position":1,"name":"Home","item":"https:\/\/portalf1.si\/"},{"@type":"ListItem","position":2,"name":"McLaren vse bolj resna mo\u017enost za Verstappna"}]},{"@type":"WebSite","@id":"https:\/\/portalf1.si\/#website","url":"https:\/\/portalf1.si\/","name":"Portal F1","description":"Vstopite v svet hitrosti in adrenalina","publisher":{"@id":"https:\/\/portalf1.si\/#organization"},"potentialAction":[{"@type":"SearchAction","target":{"@type":"EntryPoint","urlTemplate":"https:\/\/portalf1.si\/?s={search_term_string}"},"query-input":{"@type":"PropertyValueSpecification","valueRequired":true,"valueName":"search_term_string"}}],"inLanguage":"sl-SI"},{"@type":"Organization","@id":"https:\/\/portalf1.si\/#organization","name":"Portal F1","url":"https:\/\/portalf1.si\/","logo":{"@type":"ImageObject","inLanguage":"sl-SI","@id":"https:\/\/portalf1.si\/#\/schema\/logo\/image\/","url":"https:\/\/portalf1.si\/wp-content\/uploads\/2025\/02\/cropped-HiPaint_1738532868530.png","contentUrl":"https:\/\/portalf1.si\/wp-content\/uploads\/2025\/02\/cropped-HiPaint_1738532868530.png","width":512,"height":512,"caption":"Portal F1"},"image":{"@id":"https:\/\/portalf1.si\/#\/schema\/logo\/image\/"},"sameAs":["https:\/\/www.facebook.com\/portalf1.si\/?locale=sl_SI"]},{"@type":"Person","@id":"https:\/\/portalf1.si\/#\/schema\/person\/abfef3ba57233710daadfbdd742fecd5","name":"Denis \u0160tojs","image":{"@type":"ImageObject","inLanguage":"sl-SI","@id":"https:\/\/secure.gravatar.com\/avatar\/b006ce11dfb9c6e47e9de9803eefbdc14aa4afb445f3cca05acc735c22115b38?s=96&d=mm&r=g","url":"https:\/\/secure.gravatar.com\/avatar\/b006ce11dfb9c6e47e9de9803eefbdc14aa4afb445f3cca05acc735c22115b38?s=96&d=mm&r=g","contentUrl":"https:\/\/secure.gravatar.com\/avatar\/b006ce11dfb9c6e47e9de9803eefbdc14aa4afb445f3cca05acc735c22115b38?s=96&d=mm&r=g","caption":"Denis \u0160tojs"},"sameAs":["https:\/\/portalf1.si"],"url":"https:\/\/portalf1.si\/index.php\/author\/portalf1\/"}]}},"_links":{"self":[{"href":"https:\/\/portalf1.si\/index.php\/wp-json\/wp\/v2\/posts\/12828","targetHints":{"allow":["GET"]}}],"collection":[{"href":"https:\/\/portalf1.si\/index.php\/wp-json\/wp\/v2\/posts"}],"about":[{"href":"https:\/\/portalf1.si\/index.php\/wp-json\/wp\/v2\/types\/post"}],"author":[{"embeddable":true,"href":"https:\/\/portalf1.si\/index.php\/wp-json\/wp\/v2\/users\/1"}],"replies":[{"embeddable":true,"href":"https:\/\/portalf1.si\/index.php\/wp-json\/wp\/v2\/comments?post=12828"}],"version-history":[{"count":1,"href":"https:\/\/portalf1.si\/index.php\/wp-json\/wp\/v2\/posts\/12828\/revisions"}],"predecessor-version":[{"id":12829,"href":"https:\/\/portalf1.si\/index.php\/wp-json\/wp\/v2\/posts\/12828\/revisions\/12829"}],"wp:featuredmedia":[{"embeddable":true,"href":"https:\/\/portalf1.si\/index.php\/wp-json\/wp\/v2\/media\/12179"}],"wp:attachment":[{"href":"https:\/\/portalf1.si\/index.php\/wp-json\/wp\/v2\/media?parent=12828"}],"wp:term":[{"taxonomy":"category","embeddable":true,"href":"https:\/\/portalf1.si\/index.php\/wp-json\/wp\/v2\/categories?post=12828"},{"taxonomy":"post_tag","embeddable":true,"href":"https:\/\/portalf1.si\/index.php\/wp-json\/wp\/v2\/tags?post=12828"}],"curies":[{"name":"wp","href":"https:\/\/api.w.org\/{rel}","templated":true}]}}