{"id":12832,"date":"2026-05-01T00:23:15","date_gmt":"2026-05-01T00:23:15","guid":{"rendered":"https:\/\/portalf1.si\/?p=12832"},"modified":"2026-05-01T00:23:15","modified_gmt":"2026-05-01T00:23:15","slug":"leclerc-se-boji-da-ferrari-kljub-visokoletecim-nadgradnjam-ne-bo-dohitel-mercedesa","status":"publish","type":"post","link":"https:\/\/portalf1.si\/index.php\/2026\/05\/01\/leclerc-se-boji-da-ferrari-kljub-visokoletecim-nadgradnjam-ne-bo-dohitel-mercedesa\/","title":{"rendered":"Leclerc se boji, da Ferrari kljub visokolete\u010dim nadgradnjam ne bo dohitel Mercedesa"},"content":{"rendered":"<p dir=\"ltr\"><strong>Charles Leclerc je izrazil dvom o mo\u017enosti spremembe razmerij mo\u010di po dolgem premoru med sezono, kljub pri\u010dakovanemu valu nadgradenj pred dirko Formule 1 za Veliko nagrado Miamija.<\/strong><\/p>\n<p dir=\"ltr\">\u200bDirka\u010d Ferrarija, ki je pred tem \u017ee izpostavil podro\u010dja, na katerih se mora mo\u0161tvo izbolj\u0161ati, da bi zmanj\u0161alo zaostanek za vodilnim Mercedesom, je skepti\u010den glede ve\u010djih pretresov v vrstnem redu v Miamiju.<\/p>\n<p dir=\"ltr\">Leclerc je za medije namignil, da se razlike med ekipami sicer lahko zmanj\u0161ajo, a da je bistvena sprememba v celotni hierarhiji Formule 1 malo verjetna.<\/p>\n<p dir=\"ltr\">\u200b<em>&#8220;Precej nenavadno bo videti toliko nadgradenj pri toliko razli\u010dnih ekipah znotraj istih pravil, tudi zaradi na\u010dina, kako je potekala sezona s pettedenskim premorom. Zato sem prepri\u010dan, da bodo imeli ve\u010dinoma vsi nekak\u0161ne nove dirkalnike. Ali bo to bistveno spremenilo vrstni red, ki smo ga videli od za\u010detka leta, pa dvomim. Morda bomo videli manj\u0161e ali ve\u010dje razlike med nekaterimi ekipami. A ne vem,&#8221;<\/em> je dejal Leclerc.<\/p>\n<p dir=\"ltr\">\u200bKo se je osredoto\u010dil na obete za Ferrari, je Mona\u010dan opozoril, da bo boj z McLarnom verjetno ostal tesen, medtem ko bi lahko bilo zmanj\u0161anje zaostanka za Mercedesom te\u017eja naloga.<\/p>\n<p dir=\"ltr\">\u200b<em>&#8220;Mislim, vsaj za nas, tu je McLaren. V zadnjih nekaj tednih in prej\u0161nji konec tedna je bilo zelo tesno, zato mislim, da bo paket naredil razliko, upam, da v na\u0161o korist. Toda ko gre za to, da bi ujeli Mercedes, mislim, da so bili preve\u010d spredaj, da bi jih dejansko ujeli samo s tem, kar prina\u0161amo sem. Vendar bo zelo zanimivo. Mislim, da bo to narekovalo veliko tega, kar se bo dogajalo zatem, saj bodo to nove smeri razvoja in nove stvari, ki jih bomo morda \u017eeleli raziskati po koncu tedna in potem, ko bomo analizirali, kaj bodo prinesle druge ekipe.&#8221;<\/em><\/p>\n<blockquote class=\"wp-embedded-content\" data-secret=\"D5PZ9YwEkl\"><p><a href=\"https:\/\/portalf1.si\/index.php\/2026\/04\/30\/pri-ferrariju-so-prepricani-da-lahko-z-novimi-posodobitvami-napadejo-mercedes\/\">Pri Ferrariju so prepri\u010dani, da lahko z novimi posodobitvami napadejo Mercedes<\/a><\/p><\/blockquote>\n<p><iframe loading=\"lazy\" class=\"wp-embedded-content\" sandbox=\"allow-scripts\" security=\"restricted\" style=\"position: absolute; visibility: hidden;\" title=\"&#8220;Pri Ferrariju so prepri\u010dani, da lahko z novimi posodobitvami napadejo Mercedes&#8221; &#8212; Portal F1\" src=\"https:\/\/portalf1.si\/index.php\/2026\/04\/30\/pri-ferrariju-so-prepricani-da-lahko-z-novimi-posodobitvami-napadejo-mercedes\/embed\/#?secret=gvks5oHDtk#?secret=D5PZ9YwEkl\" data-secret=\"D5PZ9YwEkl\" width=\"600\" height=\"338\" frameborder=\"0\" marginwidth=\"0\" marginheight=\"0\" scrolling=\"no\"><\/iframe><\/p>\n","protected":false},"excerpt":{"rendered":"<p>Charles Leclerc je izrazil dvom o mo\u017enosti spremembe razmerij mo\u010di po dolgem premoru med sezono, kljub pri\u010dakovanemu valu nadgradenj pred dirko Formule 1 za Veliko nagrado Miamija. \u200bDirka\u010d Ferrarija, ki je pred tem \u017ee izpostavil podro\u010dja, na katerih se mora mo\u0161tvo izbolj\u0161ati, da bi zmanj\u0161alo zaostanek za vodilnim Mercedesom, je skepti\u010den glede ve\u010djih pretresov v [&hellip;]<\/p>\n","protected":false},"author":1,"featured_media":12611,"comment_status":"open","ping_status":"open","sticky":false,"template":"","format":"standard","meta":{"footnotes":""},"categories":[120,34,30,31],"tags":[95,44,317,159,46,45,318,158],"class_list":["post-12832","post","type-post","status-publish","format-standard","has-post-thumbnail","hentry","category-charles-leclerc","category-ferrari","category-formula-1","category-novice","tag-charles-leclerc","tag-f1","tag-f1-2026","tag-f1-slovenija","tag-ferrari","tag-formula-1","tag-formula-1-2026","tag-formula-1-slovenija"],"blocksy_meta":[],"yoast_head":"<!-- This site is optimized with the Yoast SEO plugin v27.4 - https:\/\/yoast.com\/product\/yoast-seo-wordpress\/ -->\n<title>Leclerc se boji, da Ferrari kljub visokolete\u010dim nadgradnjam ne bo dohitel Mercedesa - Portal F1<\/title>\n<meta name=\"description\" content=\"Charles Leclerc je izrazil dvom o mo\u017enosti spremembe razmerij mo\u010di po dolgem premoru med sezono Formule 1 2026.\" \/>\n<meta name=\"robots\" content=\"index, follow, max-snippet:-1, max-image-preview:large, max-video-preview:-1\" \/>\n<link rel=\"canonical\" href=\"https:\/\/portalf1.si\/index.php\/2026\/05\/01\/leclerc-se-boji-da-ferrari-kljub-visokoletecim-nadgradnjam-ne-bo-dohitel-mercedesa\/\" \/>\n<meta property=\"og:locale\" content=\"sl_SI\" \/>\n<meta property=\"og:type\" content=\"article\" \/>\n<meta property=\"og:title\" content=\"Leclerc se boji, da Ferrari kljub visokolete\u010dim nadgradnjam ne bo dohitel Mercedesa - Portal F1\" \/>\n<meta property=\"og:description\" content=\"Charles Leclerc je izrazil dvom o mo\u017enosti spremembe razmerij mo\u010di po dolgem premoru med sezono Formule 1 2026.\" \/>\n<meta property=\"og:url\" content=\"https:\/\/portalf1.si\/index.php\/2026\/05\/01\/leclerc-se-boji-da-ferrari-kljub-visokoletecim-nadgradnjam-ne-bo-dohitel-mercedesa\/\" \/>\n<meta property=\"og:site_name\" content=\"Portal F1\" \/>\n<meta property=\"article:publisher\" content=\"https:\/\/www.facebook.com\/portalf1.si\/?locale=sl_SI\" \/>\n<meta property=\"article:published_time\" content=\"2026-05-01T00:23:15+00:00\" \/>\n<meta property=\"og:image\" content=\"https:\/\/portalf1.si\/wp-content\/uploads\/2026\/04\/XPB_1404331_HiRes.webp\" \/>\n\t<meta property=\"og:image:width\" content=\"1092\" \/>\n\t<meta property=\"og:image:height\" content=\"683\" \/>\n\t<meta property=\"og:image:type\" content=\"image\/webp\" \/>\n<meta name=\"author\" content=\"Denis \u0160tojs\" \/>\n<meta name=\"twitter:card\" content=\"summary_large_image\" \/>\n<meta name=\"twitter:label1\" content=\"Written by\" \/>\n\t<meta name=\"twitter:data1\" content=\"Denis \u0160tojs\" \/>\n\t<meta name=\"twitter:label2\" content=\"Est. reading time\" \/>\n\t<meta name=\"twitter:data2\" content=\"2 minuti\" \/>\n<script type=\"application\/ld+json\" class=\"yoast-schema-graph\">{\"@context\":\"https:\\\/\\\/schema.org\",\"@graph\":[{\"@type\":\"Article\",\"@id\":\"https:\\\/\\\/portalf1.si\\\/index.php\\\/2026\\\/05\\\/01\\\/leclerc-se-boji-da-ferrari-kljub-visokoletecim-nadgradnjam-ne-bo-dohitel-mercedesa\\\/#article\",\"isPartOf\":{\"@id\":\"https:\\\/\\\/portalf1.si\\\/index.php\\\/2026\\\/05\\\/01\\\/leclerc-se-boji-da-ferrari-kljub-visokoletecim-nadgradnjam-ne-bo-dohitel-mercedesa\\\/\"},\"author\":{\"name\":\"Denis \u0160tojs\",\"@id\":\"https:\\\/\\\/portalf1.si\\\/#\\\/schema\\\/person\\\/abfef3ba57233710daadfbdd742fecd5\"},\"headline\":\"Leclerc se boji, da Ferrari kljub visokolete\u010dim nadgradnjam ne bo dohitel Mercedesa\",\"datePublished\":\"2026-05-01T00:23:15+00:00\",\"mainEntityOfPage\":{\"@id\":\"https:\\\/\\\/portalf1.si\\\/index.php\\\/2026\\\/05\\\/01\\\/leclerc-se-boji-da-ferrari-kljub-visokoletecim-nadgradnjam-ne-bo-dohitel-mercedesa\\\/\"},\"wordCount\":323,\"commentCount\":0,\"publisher\":{\"@id\":\"https:\\\/\\\/portalf1.si\\\/#organization\"},\"image\":{\"@id\":\"https:\\\/\\\/portalf1.si\\\/index.php\\\/2026\\\/05\\\/01\\\/leclerc-se-boji-da-ferrari-kljub-visokoletecim-nadgradnjam-ne-bo-dohitel-mercedesa\\\/#primaryimage\"},\"thumbnailUrl\":\"https:\\\/\\\/portalf1.si\\\/wp-content\\\/uploads\\\/2026\\\/04\\\/XPB_1404331_HiRes.webp\",\"keywords\":[\"Charles Leclerc\",\"F1\",\"F1 2026\",\"F1 Slovenija\",\"Ferrari\",\"Formula 1\",\"Formula 1 2026\",\"Formula 1 Slovenija\"],\"articleSection\":[\"Charles Leclerc\",\"Ferrari\",\"Formula 1\",\"Novice\"],\"inLanguage\":\"sl-SI\",\"potentialAction\":[{\"@type\":\"CommentAction\",\"name\":\"Comment\",\"target\":[\"https:\\\/\\\/portalf1.si\\\/index.php\\\/2026\\\/05\\\/01\\\/leclerc-se-boji-da-ferrari-kljub-visokoletecim-nadgradnjam-ne-bo-dohitel-mercedesa\\\/#respond\"]}]},{\"@type\":\"WebPage\",\"@id\":\"https:\\\/\\\/portalf1.si\\\/index.php\\\/2026\\\/05\\\/01\\\/leclerc-se-boji-da-ferrari-kljub-visokoletecim-nadgradnjam-ne-bo-dohitel-mercedesa\\\/\",\"url\":\"https:\\\/\\\/portalf1.si\\\/index.php\\\/2026\\\/05\\\/01\\\/leclerc-se-boji-da-ferrari-kljub-visokoletecim-nadgradnjam-ne-bo-dohitel-mercedesa\\\/\",\"name\":\"Leclerc se boji, da Ferrari kljub visokolete\u010dim nadgradnjam ne bo dohitel Mercedesa - Portal F1\",\"isPartOf\":{\"@id\":\"https:\\\/\\\/portalf1.si\\\/#website\"},\"primaryImageOfPage\":{\"@id\":\"https:\\\/\\\/portalf1.si\\\/index.php\\\/2026\\\/05\\\/01\\\/leclerc-se-boji-da-ferrari-kljub-visokoletecim-nadgradnjam-ne-bo-dohitel-mercedesa\\\/#primaryimage\"},\"image\":{\"@id\":\"https:\\\/\\\/portalf1.si\\\/index.php\\\/2026\\\/05\\\/01\\\/leclerc-se-boji-da-ferrari-kljub-visokoletecim-nadgradnjam-ne-bo-dohitel-mercedesa\\\/#primaryimage\"},\"thumbnailUrl\":\"https:\\\/\\\/portalf1.si\\\/wp-content\\\/uploads\\\/2026\\\/04\\\/XPB_1404331_HiRes.webp\",\"datePublished\":\"2026-05-01T00:23:15+00:00\",\"description\":\"Charles Leclerc je izrazil dvom o mo\u017enosti spremembe razmerij mo\u010di po dolgem premoru med sezono Formule 1 2026.\",\"breadcrumb\":{\"@id\":\"https:\\\/\\\/portalf1.si\\\/index.php\\\/2026\\\/05\\\/01\\\/leclerc-se-boji-da-ferrari-kljub-visokoletecim-nadgradnjam-ne-bo-dohitel-mercedesa\\\/#breadcrumb\"},\"inLanguage\":\"sl-SI\",\"potentialAction\":[{\"@type\":\"ReadAction\",\"target\":[\"https:\\\/\\\/portalf1.si\\\/index.php\\\/2026\\\/05\\\/01\\\/leclerc-se-boji-da-ferrari-kljub-visokoletecim-nadgradnjam-ne-bo-dohitel-mercedesa\\\/\"]}]},{\"@type\":\"ImageObject\",\"inLanguage\":\"sl-SI\",\"@id\":\"https:\\\/\\\/portalf1.si\\\/index.php\\\/2026\\\/05\\\/01\\\/leclerc-se-boji-da-ferrari-kljub-visokoletecim-nadgradnjam-ne-bo-dohitel-mercedesa\\\/#primaryimage\",\"url\":\"https:\\\/\\\/portalf1.si\\\/wp-content\\\/uploads\\\/2026\\\/04\\\/XPB_1404331_HiRes.webp\",\"contentUrl\":\"https:\\\/\\\/portalf1.si\\\/wp-content\\\/uploads\\\/2026\\\/04\\\/XPB_1404331_HiRes.webp\",\"width\":1092,\"height\":683},{\"@type\":\"BreadcrumbList\",\"@id\":\"https:\\\/\\\/portalf1.si\\\/index.php\\\/2026\\\/05\\\/01\\\/leclerc-se-boji-da-ferrari-kljub-visokoletecim-nadgradnjam-ne-bo-dohitel-mercedesa\\\/#breadcrumb\",\"itemListElement\":[{\"@type\":\"ListItem\",\"position\":1,\"name\":\"Home\",\"item\":\"https:\\\/\\\/portalf1.si\\\/\"},{\"@type\":\"ListItem\",\"position\":2,\"name\":\"Leclerc se boji, da Ferrari kljub visokolete\u010dim nadgradnjam ne bo dohitel Mercedesa\"}]},{\"@type\":\"WebSite\",\"@id\":\"https:\\\/\\\/portalf1.si\\\/#website\",\"url\":\"https:\\\/\\\/portalf1.si\\\/\",\"name\":\"Portal F1\",\"description\":\"Vstopite v svet hitrosti in adrenalina\",\"publisher\":{\"@id\":\"https:\\\/\\\/portalf1.si\\\/#organization\"},\"potentialAction\":[{\"@type\":\"SearchAction\",\"target\":{\"@type\":\"EntryPoint\",\"urlTemplate\":\"https:\\\/\\\/portalf1.si\\\/?s={search_term_string}\"},\"query-input\":{\"@type\":\"PropertyValueSpecification\",\"valueRequired\":true,\"valueName\":\"search_term_string\"}}],\"inLanguage\":\"sl-SI\"},{\"@type\":\"Organization\",\"@id\":\"https:\\\/\\\/portalf1.si\\\/#organization\",\"name\":\"Portal F1\",\"url\":\"https:\\\/\\\/portalf1.si\\\/\",\"logo\":{\"@type\":\"ImageObject\",\"inLanguage\":\"sl-SI\",\"@id\":\"https:\\\/\\\/portalf1.si\\\/#\\\/schema\\\/logo\\\/image\\\/\",\"url\":\"https:\\\/\\\/portalf1.si\\\/wp-content\\\/uploads\\\/2025\\\/02\\\/cropped-HiPaint_1738532868530.png\",\"contentUrl\":\"https:\\\/\\\/portalf1.si\\\/wp-content\\\/uploads\\\/2025\\\/02\\\/cropped-HiPaint_1738532868530.png\",\"width\":512,\"height\":512,\"caption\":\"Portal F1\"},\"image\":{\"@id\":\"https:\\\/\\\/portalf1.si\\\/#\\\/schema\\\/logo\\\/image\\\/\"},\"sameAs\":[\"https:\\\/\\\/www.facebook.com\\\/portalf1.si\\\/?locale=sl_SI\"]},{\"@type\":\"Person\",\"@id\":\"https:\\\/\\\/portalf1.si\\\/#\\\/schema\\\/person\\\/abfef3ba57233710daadfbdd742fecd5\",\"name\":\"Denis \u0160tojs\",\"image\":{\"@type\":\"ImageObject\",\"inLanguage\":\"sl-SI\",\"@id\":\"https:\\\/\\\/secure.gravatar.com\\\/avatar\\\/b006ce11dfb9c6e47e9de9803eefbdc14aa4afb445f3cca05acc735c22115b38?s=96&d=mm&r=g\",\"url\":\"https:\\\/\\\/secure.gravatar.com\\\/avatar\\\/b006ce11dfb9c6e47e9de9803eefbdc14aa4afb445f3cca05acc735c22115b38?s=96&d=mm&r=g\",\"contentUrl\":\"https:\\\/\\\/secure.gravatar.com\\\/avatar\\\/b006ce11dfb9c6e47e9de9803eefbdc14aa4afb445f3cca05acc735c22115b38?s=96&d=mm&r=g\",\"caption\":\"Denis \u0160tojs\"},\"sameAs\":[\"https:\\\/\\\/portalf1.si\"],\"url\":\"https:\\\/\\\/portalf1.si\\\/index.php\\\/author\\\/portalf1\\\/\"}]}<\/script>\n<!-- \/ Yoast SEO plugin. -->","yoast_head_json":{"title":"Leclerc se boji, da Ferrari kljub visokolete\u010dim nadgradnjam ne bo dohitel Mercedesa - Portal F1","description":"Charles Leclerc je izrazil dvom o mo\u017enosti spremembe razmerij mo\u010di po dolgem premoru med sezono Formule 1 2026.","robots":{"index":"index","follow":"follow","max-snippet":"max-snippet:-1","max-image-preview":"max-image-preview:large","max-video-preview":"max-video-preview:-1"},"canonical":"https:\/\/portalf1.si\/index.php\/2026\/05\/01\/leclerc-se-boji-da-ferrari-kljub-visokoletecim-nadgradnjam-ne-bo-dohitel-mercedesa\/","og_locale":"sl_SI","og_type":"article","og_title":"Leclerc se boji, da Ferrari kljub visokolete\u010dim nadgradnjam ne bo dohitel Mercedesa - Portal F1","og_description":"Charles Leclerc je izrazil dvom o mo\u017enosti spremembe razmerij mo\u010di po dolgem premoru med sezono Formule 1 2026.","og_url":"https:\/\/portalf1.si\/index.php\/2026\/05\/01\/leclerc-se-boji-da-ferrari-kljub-visokoletecim-nadgradnjam-ne-bo-dohitel-mercedesa\/","og_site_name":"Portal F1","article_publisher":"https:\/\/www.facebook.com\/portalf1.si\/?locale=sl_SI","article_published_time":"2026-05-01T00:23:15+00:00","og_image":[{"width":1092,"height":683,"url":"https:\/\/portalf1.si\/wp-content\/uploads\/2026\/04\/XPB_1404331_HiRes.webp","type":"image\/webp"}],"author":"Denis \u0160tojs","twitter_card":"summary_large_image","twitter_misc":{"Written by":"Denis \u0160tojs","Est. reading time":"2 minuti"},"schema":{"@context":"https:\/\/schema.org","@graph":[{"@type":"Article","@id":"https:\/\/portalf1.si\/index.php\/2026\/05\/01\/leclerc-se-boji-da-ferrari-kljub-visokoletecim-nadgradnjam-ne-bo-dohitel-mercedesa\/#article","isPartOf":{"@id":"https:\/\/portalf1.si\/index.php\/2026\/05\/01\/leclerc-se-boji-da-ferrari-kljub-visokoletecim-nadgradnjam-ne-bo-dohitel-mercedesa\/"},"author":{"name":"Denis \u0160tojs","@id":"https:\/\/portalf1.si\/#\/schema\/person\/abfef3ba57233710daadfbdd742fecd5"},"headline":"Leclerc se boji, da Ferrari kljub visokolete\u010dim nadgradnjam ne bo dohitel Mercedesa","datePublished":"2026-05-01T00:23:15+00:00","mainEntityOfPage":{"@id":"https:\/\/portalf1.si\/index.php\/2026\/05\/01\/leclerc-se-boji-da-ferrari-kljub-visokoletecim-nadgradnjam-ne-bo-dohitel-mercedesa\/"},"wordCount":323,"commentCount":0,"publisher":{"@id":"https:\/\/portalf1.si\/#organization"},"image":{"@id":"https:\/\/portalf1.si\/index.php\/2026\/05\/01\/leclerc-se-boji-da-ferrari-kljub-visokoletecim-nadgradnjam-ne-bo-dohitel-mercedesa\/#primaryimage"},"thumbnailUrl":"https:\/\/portalf1.si\/wp-content\/uploads\/2026\/04\/XPB_1404331_HiRes.webp","keywords":["Charles Leclerc","F1","F1 2026","F1 Slovenija","Ferrari","Formula 1","Formula 1 2026","Formula 1 Slovenija"],"articleSection":["Charles Leclerc","Ferrari","Formula 1","Novice"],"inLanguage":"sl-SI","potentialAction":[{"@type":"CommentAction","name":"Comment","target":["https:\/\/portalf1.si\/index.php\/2026\/05\/01\/leclerc-se-boji-da-ferrari-kljub-visokoletecim-nadgradnjam-ne-bo-dohitel-mercedesa\/#respond"]}]},{"@type":"WebPage","@id":"https:\/\/portalf1.si\/index.php\/2026\/05\/01\/leclerc-se-boji-da-ferrari-kljub-visokoletecim-nadgradnjam-ne-bo-dohitel-mercedesa\/","url":"https:\/\/portalf1.si\/index.php\/2026\/05\/01\/leclerc-se-boji-da-ferrari-kljub-visokoletecim-nadgradnjam-ne-bo-dohitel-mercedesa\/","name":"Leclerc se boji, da Ferrari kljub visokolete\u010dim nadgradnjam ne bo dohitel Mercedesa - Portal F1","isPartOf":{"@id":"https:\/\/portalf1.si\/#website"},"primaryImageOfPage":{"@id":"https:\/\/portalf1.si\/index.php\/2026\/05\/01\/leclerc-se-boji-da-ferrari-kljub-visokoletecim-nadgradnjam-ne-bo-dohitel-mercedesa\/#primaryimage"},"image":{"@id":"https:\/\/portalf1.si\/index.php\/2026\/05\/01\/leclerc-se-boji-da-ferrari-kljub-visokoletecim-nadgradnjam-ne-bo-dohitel-mercedesa\/#primaryimage"},"thumbnailUrl":"https:\/\/portalf1.si\/wp-content\/uploads\/2026\/04\/XPB_1404331_HiRes.webp","datePublished":"2026-05-01T00:23:15+00:00","description":"Charles Leclerc je izrazil dvom o mo\u017enosti spremembe razmerij mo\u010di po dolgem premoru med sezono Formule 1 2026.","breadcrumb":{"@id":"https:\/\/portalf1.si\/index.php\/2026\/05\/01\/leclerc-se-boji-da-ferrari-kljub-visokoletecim-nadgradnjam-ne-bo-dohitel-mercedesa\/#breadcrumb"},"inLanguage":"sl-SI","potentialAction":[{"@type":"ReadAction","target":["https:\/\/portalf1.si\/index.php\/2026\/05\/01\/leclerc-se-boji-da-ferrari-kljub-visokoletecim-nadgradnjam-ne-bo-dohitel-mercedesa\/"]}]},{"@type":"ImageObject","inLanguage":"sl-SI","@id":"https:\/\/portalf1.si\/index.php\/2026\/05\/01\/leclerc-se-boji-da-ferrari-kljub-visokoletecim-nadgradnjam-ne-bo-dohitel-mercedesa\/#primaryimage","url":"https:\/\/portalf1.si\/wp-content\/uploads\/2026\/04\/XPB_1404331_HiRes.webp","contentUrl":"https:\/\/portalf1.si\/wp-content\/uploads\/2026\/04\/XPB_1404331_HiRes.webp","width":1092,"height":683},{"@type":"BreadcrumbList","@id":"https:\/\/portalf1.si\/index.php\/2026\/05\/01\/leclerc-se-boji-da-ferrari-kljub-visokoletecim-nadgradnjam-ne-bo-dohitel-mercedesa\/#breadcrumb","itemListElement":[{"@type":"ListItem","position":1,"name":"Home","item":"https:\/\/portalf1.si\/"},{"@type":"ListItem","position":2,"name":"Leclerc se boji, da Ferrari kljub visokolete\u010dim nadgradnjam ne bo dohitel Mercedesa"}]},{"@type":"WebSite","@id":"https:\/\/portalf1.si\/#website","url":"https:\/\/portalf1.si\/","name":"Portal F1","description":"Vstopite v svet hitrosti in adrenalina","publisher":{"@id":"https:\/\/portalf1.si\/#organization"},"potentialAction":[{"@type":"SearchAction","target":{"@type":"EntryPoint","urlTemplate":"https:\/\/portalf1.si\/?s={search_term_string}"},"query-input":{"@type":"PropertyValueSpecification","valueRequired":true,"valueName":"search_term_string"}}],"inLanguage":"sl-SI"},{"@type":"Organization","@id":"https:\/\/portalf1.si\/#organization","name":"Portal F1","url":"https:\/\/portalf1.si\/","logo":{"@type":"ImageObject","inLanguage":"sl-SI","@id":"https:\/\/portalf1.si\/#\/schema\/logo\/image\/","url":"https:\/\/portalf1.si\/wp-content\/uploads\/2025\/02\/cropped-HiPaint_1738532868530.png","contentUrl":"https:\/\/portalf1.si\/wp-content\/uploads\/2025\/02\/cropped-HiPaint_1738532868530.png","width":512,"height":512,"caption":"Portal F1"},"image":{"@id":"https:\/\/portalf1.si\/#\/schema\/logo\/image\/"},"sameAs":["https:\/\/www.facebook.com\/portalf1.si\/?locale=sl_SI"]},{"@type":"Person","@id":"https:\/\/portalf1.si\/#\/schema\/person\/abfef3ba57233710daadfbdd742fecd5","name":"Denis \u0160tojs","image":{"@type":"ImageObject","inLanguage":"sl-SI","@id":"https:\/\/secure.gravatar.com\/avatar\/b006ce11dfb9c6e47e9de9803eefbdc14aa4afb445f3cca05acc735c22115b38?s=96&d=mm&r=g","url":"https:\/\/secure.gravatar.com\/avatar\/b006ce11dfb9c6e47e9de9803eefbdc14aa4afb445f3cca05acc735c22115b38?s=96&d=mm&r=g","contentUrl":"https:\/\/secure.gravatar.com\/avatar\/b006ce11dfb9c6e47e9de9803eefbdc14aa4afb445f3cca05acc735c22115b38?s=96&d=mm&r=g","caption":"Denis \u0160tojs"},"sameAs":["https:\/\/portalf1.si"],"url":"https:\/\/portalf1.si\/index.php\/author\/portalf1\/"}]}},"_links":{"self":[{"href":"https:\/\/portalf1.si\/index.php\/wp-json\/wp\/v2\/posts\/12832","targetHints":{"allow":["GET"]}}],"collection":[{"href":"https:\/\/portalf1.si\/index.php\/wp-json\/wp\/v2\/posts"}],"about":[{"href":"https:\/\/portalf1.si\/index.php\/wp-json\/wp\/v2\/types\/post"}],"author":[{"embeddable":true,"href":"https:\/\/portalf1.si\/index.php\/wp-json\/wp\/v2\/users\/1"}],"replies":[{"embeddable":true,"href":"https:\/\/portalf1.si\/index.php\/wp-json\/wp\/v2\/comments?post=12832"}],"version-history":[{"count":2,"href":"https:\/\/portalf1.si\/index.php\/wp-json\/wp\/v2\/posts\/12832\/revisions"}],"predecessor-version":[{"id":12834,"href":"https:\/\/portalf1.si\/index.php\/wp-json\/wp\/v2\/posts\/12832\/revisions\/12834"}],"wp:featuredmedia":[{"embeddable":true,"href":"https:\/\/portalf1.si\/index.php\/wp-json\/wp\/v2\/media\/12611"}],"wp:attachment":[{"href":"https:\/\/portalf1.si\/index.php\/wp-json\/wp\/v2\/media?parent=12832"}],"wp:term":[{"taxonomy":"category","embeddable":true,"href":"https:\/\/portalf1.si\/index.php\/wp-json\/wp\/v2\/categories?post=12832"},{"taxonomy":"post_tag","embeddable":true,"href":"https:\/\/portalf1.si\/index.php\/wp-json\/wp\/v2\/tags?post=12832"}],"curies":[{"name":"wp","href":"https:\/\/api.w.org\/{rel}","templated":true}]}}