{"id":12887,"date":"2026-05-02T21:51:59","date_gmt":"2026-05-02T21:51:59","guid":{"rendered":"https:\/\/portalf1.si\/?p=12887"},"modified":"2026-05-02T21:51:59","modified_gmt":"2026-05-02T21:51:59","slug":"verstappen-po-odlicnih-kvalifikacijah-za-vn-miamija-po-dolgem-casu-ponovno-zadovoljen-vidim-luc-na-koncu-tunela","status":"publish","type":"post","link":"https:\/\/portalf1.si\/index.php\/2026\/05\/02\/verstappen-po-odlicnih-kvalifikacijah-za-vn-miamija-po-dolgem-casu-ponovno-zadovoljen-vidim-luc-na-koncu-tunela\/","title":{"rendered":"Verstappen po odli\u010dnih kvalifikacijah za VN Miamija po dolgem \u010dasu ponovno zadovoljen: Vidim lu\u010d na koncu tunela"},"content":{"rendered":"<p data-path-to-node=\"0\"><strong>Max Verstappen je pokazal zobe in si v kvalifikacijah Formule 1 za Veliko nagrado Miamija zagotovil drugo mesto, pri \u010demer mu je le za las u\u0161el najbolj\u0161i \u0161tartni polo\u017eaj.<\/strong><\/p>\n<p data-path-to-node=\"0\">\u0160tirikratni svetovni prvak Formule 1 je po kvalifikacijah priznal, da so k te\u017eavam na nedavnih dirkah prispevali tako zmogljivost dirkalnika kot tudi njegovo osebno neudobje z njegovo splo\u0161no zasnovo. Pojasnil je, da je Red Bull v zadnjih tednih trdo delal, da bi vpeljal nadgradnje in mu pomagal do bolj\u0161ega po\u010dutja za volanom.<\/p>\n<p data-path-to-node=\"1\"><em>&#8220;Zame sta bili to dve stvari. Zagotovo dirkalnik na prej\u0161njih dirkah ni bil odli\u010den, prav tako pa se sam nikoli nisem po\u010dutil udobno z njegovo zasnovo. V zadnjih nekaj tednih je ekipa trdo delala, da bi na dirkalnik namestila nadgradnje in poskrbela, da se z mnogimi stvarmi v njem po\u010dutim bolj udobno. To se res obrestuje, spet se po\u010dutim bolj gospodar dirkalnika in lahko malce bolj pritisnem. Nadgradnje torej delujejo. Biti v prvi \u0161tartni vrsti je veliko bolje, kot sem pri\u010dakoval pred za\u010detkom tega konca tedna.&#8221;<\/em><\/p>\n<p data-path-to-node=\"2\">Ko so ga vpra\u0161ali, kaj lahko pri\u010dakuje na dirki, je Verstappen poudaril, da bo prva prioriteta dober \u0161tart, potem ko je imel na tem podro\u010dju v leto\u0161nji sezoni Formule 1 \u017ee ve\u010dkrat te\u017eave. Nizozemec je opozoril tudi na negotovo vremensko napoved, hkrati pa priznal, da je z napredkom, ki ga je dosegel Red Bull, \u017ee zadovoljen. Pojasnil je, da kon\u010dno vidi <em>&#8220;lu\u010d na koncu predora&#8221;<\/em>, in dodal, da lahko ekipa zdaj \u0161e naprej pritiska, da bi dodatno zmanj\u0161ala zaostanek.<\/p>\n<p data-path-to-node=\"3\"><em>&#8220;Najprej za\u010dnimo z dobrim \u0161tartom. Teh letos nisem imel veliko. Posku\u0161ali bomo preu\u010diti to in videti, kaj bo jutri prineslo vreme. Toda \u017ee zdaj sem zelo zadovoljen s tem, kje smo. Od tu naprej vidim lu\u010d na koncu predora in lahko gremo naprej ter posku\u0161amo \u0161e bolj zmanj\u0161ati zaostanek. Dirka\u0161ki ritem je bil na \u0161print dirki videti v redu, ko sem enkrat vozil v \u010distem zraku. Jutri je povsem nov dan.&#8221;<\/em><\/p>\n<blockquote class=\"wp-embedded-content\" data-secret=\"a0xmm8Doz3\"><p><a href=\"https:\/\/portalf1.si\/index.php\/2026\/05\/02\/fia-pred-dirko-v-miamiju-uradno-razglasila-nevarnost-neviht\/\">FIA pred dirko v Miamiju uradno razglasila nevarnost neviht<\/a><\/p><\/blockquote>\n<p><iframe loading=\"lazy\" class=\"wp-embedded-content\" sandbox=\"allow-scripts\" security=\"restricted\" style=\"position: absolute; visibility: hidden;\" title=\"&#8220;FIA pred dirko v Miamiju uradno razglasila nevarnost neviht&#8221; &#8212; Portal F1\" src=\"https:\/\/portalf1.si\/index.php\/2026\/05\/02\/fia-pred-dirko-v-miamiju-uradno-razglasila-nevarnost-neviht\/embed\/#?secret=2eX6mWmBlx#?secret=a0xmm8Doz3\" data-secret=\"a0xmm8Doz3\" width=\"600\" height=\"338\" frameborder=\"0\" marginwidth=\"0\" marginheight=\"0\" scrolling=\"no\"><\/iframe><\/p>\n","protected":false},"excerpt":{"rendered":"<p>Max Verstappen je pokazal zobe in si v kvalifikacijah Formule 1 za Veliko nagrado Miamija zagotovil drugo mesto, pri \u010demer mu je le za las u\u0161el najbolj\u0161i \u0161tartni polo\u017eaj. \u0160tirikratni svetovni prvak Formule 1 je po kvalifikacijah priznal, da so k te\u017eavam na nedavnih dirkah prispevali tako zmogljivost dirkalnika kot tudi njegovo osebno neudobje z [&hellip;]<\/p>\n","protected":false},"author":1,"featured_media":12888,"comment_status":"open","ping_status":"open","sticky":false,"template":"","format":"standard","meta":{"footnotes":""},"categories":[30,63,31,236],"tags":[44,317,159,45,318,158,47,237],"class_list":["post-12887","post","type-post","status-publish","format-standard","has-post-thumbnail","hentry","category-formula-1","category-max-verstappen","category-novice","category-vn-miamija","tag-f1","tag-f1-2026","tag-f1-slovenija","tag-formula-1","tag-formula-1-2026","tag-formula-1-slovenija","tag-max-verstappen","tag-vn-miamija"],"blocksy_meta":[],"yoast_head":"<!-- This site is optimized with the Yoast SEO plugin v27.4 - https:\/\/yoast.com\/product\/yoast-seo-wordpress\/ -->\n<title>Verstappen po odli\u010dnih kvalifikacijah za VN Miamija po dolgem \u010dasu ponovno zadovoljen: Vidim lu\u010d na koncu tunela - Portal F1<\/title>\n<meta name=\"description\" content=\"Max Verstappen je pokazal zobe in si v kvalifikacijah Formule 1 za VN Miamija zagotovil drugo mesto, pri \u010demer mu je le za las u\u0161el pole.\" \/>\n<meta name=\"robots\" content=\"index, follow, max-snippet:-1, max-image-preview:large, max-video-preview:-1\" \/>\n<link rel=\"canonical\" href=\"https:\/\/portalf1.si\/index.php\/2026\/05\/02\/verstappen-po-odlicnih-kvalifikacijah-za-vn-miamija-po-dolgem-casu-ponovno-zadovoljen-vidim-luc-na-koncu-tunela\/\" \/>\n<meta property=\"og:locale\" content=\"sl_SI\" \/>\n<meta property=\"og:type\" content=\"article\" \/>\n<meta property=\"og:title\" content=\"Verstappen po odli\u010dnih kvalifikacijah za VN Miamija po dolgem \u010dasu ponovno zadovoljen: Vidim lu\u010d na koncu tunela - Portal F1\" \/>\n<meta property=\"og:description\" content=\"Max Verstappen je pokazal zobe in si v kvalifikacijah Formule 1 za VN Miamija zagotovil drugo mesto, pri \u010demer mu je le za las u\u0161el pole.\" \/>\n<meta property=\"og:url\" content=\"https:\/\/portalf1.si\/index.php\/2026\/05\/02\/verstappen-po-odlicnih-kvalifikacijah-za-vn-miamija-po-dolgem-casu-ponovno-zadovoljen-vidim-luc-na-koncu-tunela\/\" \/>\n<meta property=\"og:site_name\" content=\"Portal F1\" \/>\n<meta property=\"article:publisher\" content=\"https:\/\/www.facebook.com\/portalf1.si\/?locale=sl_SI\" \/>\n<meta property=\"article:published_time\" content=\"2026-05-02T21:51:59+00:00\" \/>\n<meta property=\"og:image\" content=\"https:\/\/portalf1.si\/wp-content\/uploads\/2026\/05\/i.webp\" \/>\n\t<meta property=\"og:image:width\" content=\"1296\" \/>\n\t<meta property=\"og:image:height\" content=\"729\" \/>\n\t<meta property=\"og:image:type\" content=\"image\/jpeg\" \/>\n<meta name=\"author\" content=\"Denis \u0160tojs\" \/>\n<meta name=\"twitter:card\" content=\"summary_large_image\" \/>\n<meta name=\"twitter:label1\" content=\"Written by\" \/>\n\t<meta name=\"twitter:data1\" content=\"Denis \u0160tojs\" \/>\n\t<meta name=\"twitter:label2\" content=\"Est. reading time\" \/>\n\t<meta name=\"twitter:data2\" content=\"2 minuti\" \/>\n<script type=\"application\/ld+json\" class=\"yoast-schema-graph\">{\"@context\":\"https:\\\/\\\/schema.org\",\"@graph\":[{\"@type\":\"Article\",\"@id\":\"https:\\\/\\\/portalf1.si\\\/index.php\\\/2026\\\/05\\\/02\\\/verstappen-po-odlicnih-kvalifikacijah-za-vn-miamija-po-dolgem-casu-ponovno-zadovoljen-vidim-luc-na-koncu-tunela\\\/#article\",\"isPartOf\":{\"@id\":\"https:\\\/\\\/portalf1.si\\\/index.php\\\/2026\\\/05\\\/02\\\/verstappen-po-odlicnih-kvalifikacijah-za-vn-miamija-po-dolgem-casu-ponovno-zadovoljen-vidim-luc-na-koncu-tunela\\\/\"},\"author\":{\"name\":\"Denis \u0160tojs\",\"@id\":\"https:\\\/\\\/portalf1.si\\\/#\\\/schema\\\/person\\\/abfef3ba57233710daadfbdd742fecd5\"},\"headline\":\"Verstappen po odli\u010dnih kvalifikacijah za VN Miamija po dolgem \u010dasu ponovno zadovoljen: Vidim lu\u010d na koncu tunela\",\"datePublished\":\"2026-05-02T21:51:59+00:00\",\"mainEntityOfPage\":{\"@id\":\"https:\\\/\\\/portalf1.si\\\/index.php\\\/2026\\\/05\\\/02\\\/verstappen-po-odlicnih-kvalifikacijah-za-vn-miamija-po-dolgem-casu-ponovno-zadovoljen-vidim-luc-na-koncu-tunela\\\/\"},\"wordCount\":366,\"commentCount\":0,\"publisher\":{\"@id\":\"https:\\\/\\\/portalf1.si\\\/#organization\"},\"image\":{\"@id\":\"https:\\\/\\\/portalf1.si\\\/index.php\\\/2026\\\/05\\\/02\\\/verstappen-po-odlicnih-kvalifikacijah-za-vn-miamija-po-dolgem-casu-ponovno-zadovoljen-vidim-luc-na-koncu-tunela\\\/#primaryimage\"},\"thumbnailUrl\":\"https:\\\/\\\/portalf1.si\\\/wp-content\\\/uploads\\\/2026\\\/05\\\/i.webp\",\"keywords\":[\"F1\",\"F1 2026\",\"F1 Slovenija\",\"Formula 1\",\"Formula 1 2026\",\"Formula 1 Slovenija\",\"Max Verstappen\",\"VN Miamija\"],\"articleSection\":[\"Formula 1\",\"Max Verstappen\",\"Novice\",\"VN Miamija\"],\"inLanguage\":\"sl-SI\",\"potentialAction\":[{\"@type\":\"CommentAction\",\"name\":\"Comment\",\"target\":[\"https:\\\/\\\/portalf1.si\\\/index.php\\\/2026\\\/05\\\/02\\\/verstappen-po-odlicnih-kvalifikacijah-za-vn-miamija-po-dolgem-casu-ponovno-zadovoljen-vidim-luc-na-koncu-tunela\\\/#respond\"]}]},{\"@type\":\"WebPage\",\"@id\":\"https:\\\/\\\/portalf1.si\\\/index.php\\\/2026\\\/05\\\/02\\\/verstappen-po-odlicnih-kvalifikacijah-za-vn-miamija-po-dolgem-casu-ponovno-zadovoljen-vidim-luc-na-koncu-tunela\\\/\",\"url\":\"https:\\\/\\\/portalf1.si\\\/index.php\\\/2026\\\/05\\\/02\\\/verstappen-po-odlicnih-kvalifikacijah-za-vn-miamija-po-dolgem-casu-ponovno-zadovoljen-vidim-luc-na-koncu-tunela\\\/\",\"name\":\"Verstappen po odli\u010dnih kvalifikacijah za VN Miamija po dolgem \u010dasu ponovno zadovoljen: Vidim lu\u010d na koncu tunela - Portal F1\",\"isPartOf\":{\"@id\":\"https:\\\/\\\/portalf1.si\\\/#website\"},\"primaryImageOfPage\":{\"@id\":\"https:\\\/\\\/portalf1.si\\\/index.php\\\/2026\\\/05\\\/02\\\/verstappen-po-odlicnih-kvalifikacijah-za-vn-miamija-po-dolgem-casu-ponovno-zadovoljen-vidim-luc-na-koncu-tunela\\\/#primaryimage\"},\"image\":{\"@id\":\"https:\\\/\\\/portalf1.si\\\/index.php\\\/2026\\\/05\\\/02\\\/verstappen-po-odlicnih-kvalifikacijah-za-vn-miamija-po-dolgem-casu-ponovno-zadovoljen-vidim-luc-na-koncu-tunela\\\/#primaryimage\"},\"thumbnailUrl\":\"https:\\\/\\\/portalf1.si\\\/wp-content\\\/uploads\\\/2026\\\/05\\\/i.webp\",\"datePublished\":\"2026-05-02T21:51:59+00:00\",\"description\":\"Max Verstappen je pokazal zobe in si v kvalifikacijah Formule 1 za VN Miamija zagotovil drugo mesto, pri \u010demer mu je le za las u\u0161el pole.\",\"breadcrumb\":{\"@id\":\"https:\\\/\\\/portalf1.si\\\/index.php\\\/2026\\\/05\\\/02\\\/verstappen-po-odlicnih-kvalifikacijah-za-vn-miamija-po-dolgem-casu-ponovno-zadovoljen-vidim-luc-na-koncu-tunela\\\/#breadcrumb\"},\"inLanguage\":\"sl-SI\",\"potentialAction\":[{\"@type\":\"ReadAction\",\"target\":[\"https:\\\/\\\/portalf1.si\\\/index.php\\\/2026\\\/05\\\/02\\\/verstappen-po-odlicnih-kvalifikacijah-za-vn-miamija-po-dolgem-casu-ponovno-zadovoljen-vidim-luc-na-koncu-tunela\\\/\"]}]},{\"@type\":\"ImageObject\",\"inLanguage\":\"sl-SI\",\"@id\":\"https:\\\/\\\/portalf1.si\\\/index.php\\\/2026\\\/05\\\/02\\\/verstappen-po-odlicnih-kvalifikacijah-za-vn-miamija-po-dolgem-casu-ponovno-zadovoljen-vidim-luc-na-koncu-tunela\\\/#primaryimage\",\"url\":\"https:\\\/\\\/portalf1.si\\\/wp-content\\\/uploads\\\/2026\\\/05\\\/i.webp\",\"contentUrl\":\"https:\\\/\\\/portalf1.si\\\/wp-content\\\/uploads\\\/2026\\\/05\\\/i.webp\",\"width\":1296,\"height\":729},{\"@type\":\"BreadcrumbList\",\"@id\":\"https:\\\/\\\/portalf1.si\\\/index.php\\\/2026\\\/05\\\/02\\\/verstappen-po-odlicnih-kvalifikacijah-za-vn-miamija-po-dolgem-casu-ponovno-zadovoljen-vidim-luc-na-koncu-tunela\\\/#breadcrumb\",\"itemListElement\":[{\"@type\":\"ListItem\",\"position\":1,\"name\":\"Home\",\"item\":\"https:\\\/\\\/portalf1.si\\\/\"},{\"@type\":\"ListItem\",\"position\":2,\"name\":\"Verstappen po odli\u010dnih kvalifikacijah za VN Miamija po dolgem \u010dasu ponovno zadovoljen: Vidim lu\u010d na koncu tunela\"}]},{\"@type\":\"WebSite\",\"@id\":\"https:\\\/\\\/portalf1.si\\\/#website\",\"url\":\"https:\\\/\\\/portalf1.si\\\/\",\"name\":\"Portal F1\",\"description\":\"Vstopite v svet hitrosti in adrenalina\",\"publisher\":{\"@id\":\"https:\\\/\\\/portalf1.si\\\/#organization\"},\"potentialAction\":[{\"@type\":\"SearchAction\",\"target\":{\"@type\":\"EntryPoint\",\"urlTemplate\":\"https:\\\/\\\/portalf1.si\\\/?s={search_term_string}\"},\"query-input\":{\"@type\":\"PropertyValueSpecification\",\"valueRequired\":true,\"valueName\":\"search_term_string\"}}],\"inLanguage\":\"sl-SI\"},{\"@type\":\"Organization\",\"@id\":\"https:\\\/\\\/portalf1.si\\\/#organization\",\"name\":\"Portal F1\",\"url\":\"https:\\\/\\\/portalf1.si\\\/\",\"logo\":{\"@type\":\"ImageObject\",\"inLanguage\":\"sl-SI\",\"@id\":\"https:\\\/\\\/portalf1.si\\\/#\\\/schema\\\/logo\\\/image\\\/\",\"url\":\"https:\\\/\\\/portalf1.si\\\/wp-content\\\/uploads\\\/2025\\\/02\\\/cropped-HiPaint_1738532868530.png\",\"contentUrl\":\"https:\\\/\\\/portalf1.si\\\/wp-content\\\/uploads\\\/2025\\\/02\\\/cropped-HiPaint_1738532868530.png\",\"width\":512,\"height\":512,\"caption\":\"Portal F1\"},\"image\":{\"@id\":\"https:\\\/\\\/portalf1.si\\\/#\\\/schema\\\/logo\\\/image\\\/\"},\"sameAs\":[\"https:\\\/\\\/www.facebook.com\\\/portalf1.si\\\/?locale=sl_SI\"]},{\"@type\":\"Person\",\"@id\":\"https:\\\/\\\/portalf1.si\\\/#\\\/schema\\\/person\\\/abfef3ba57233710daadfbdd742fecd5\",\"name\":\"Denis \u0160tojs\",\"image\":{\"@type\":\"ImageObject\",\"inLanguage\":\"sl-SI\",\"@id\":\"https:\\\/\\\/secure.gravatar.com\\\/avatar\\\/b006ce11dfb9c6e47e9de9803eefbdc14aa4afb445f3cca05acc735c22115b38?s=96&d=mm&r=g\",\"url\":\"https:\\\/\\\/secure.gravatar.com\\\/avatar\\\/b006ce11dfb9c6e47e9de9803eefbdc14aa4afb445f3cca05acc735c22115b38?s=96&d=mm&r=g\",\"contentUrl\":\"https:\\\/\\\/secure.gravatar.com\\\/avatar\\\/b006ce11dfb9c6e47e9de9803eefbdc14aa4afb445f3cca05acc735c22115b38?s=96&d=mm&r=g\",\"caption\":\"Denis \u0160tojs\"},\"sameAs\":[\"https:\\\/\\\/portalf1.si\"],\"url\":\"https:\\\/\\\/portalf1.si\\\/index.php\\\/author\\\/portalf1\\\/\"}]}<\/script>\n<!-- \/ Yoast SEO plugin. -->","yoast_head_json":{"title":"Verstappen po odli\u010dnih kvalifikacijah za VN Miamija po dolgem \u010dasu ponovno zadovoljen: Vidim lu\u010d na koncu tunela - Portal F1","description":"Max Verstappen je pokazal zobe in si v kvalifikacijah Formule 1 za VN Miamija zagotovil drugo mesto, pri \u010demer mu je le za las u\u0161el pole.","robots":{"index":"index","follow":"follow","max-snippet":"max-snippet:-1","max-image-preview":"max-image-preview:large","max-video-preview":"max-video-preview:-1"},"canonical":"https:\/\/portalf1.si\/index.php\/2026\/05\/02\/verstappen-po-odlicnih-kvalifikacijah-za-vn-miamija-po-dolgem-casu-ponovno-zadovoljen-vidim-luc-na-koncu-tunela\/","og_locale":"sl_SI","og_type":"article","og_title":"Verstappen po odli\u010dnih kvalifikacijah za VN Miamija po dolgem \u010dasu ponovno zadovoljen: Vidim lu\u010d na koncu tunela - Portal F1","og_description":"Max Verstappen je pokazal zobe in si v kvalifikacijah Formule 1 za VN Miamija zagotovil drugo mesto, pri \u010demer mu je le za las u\u0161el pole.","og_url":"https:\/\/portalf1.si\/index.php\/2026\/05\/02\/verstappen-po-odlicnih-kvalifikacijah-za-vn-miamija-po-dolgem-casu-ponovno-zadovoljen-vidim-luc-na-koncu-tunela\/","og_site_name":"Portal F1","article_publisher":"https:\/\/www.facebook.com\/portalf1.si\/?locale=sl_SI","article_published_time":"2026-05-02T21:51:59+00:00","og_image":[{"width":1296,"height":729,"url":"https:\/\/portalf1.si\/wp-content\/uploads\/2026\/05\/i.webp","type":"image\/jpeg"}],"author":"Denis \u0160tojs","twitter_card":"summary_large_image","twitter_misc":{"Written by":"Denis \u0160tojs","Est. reading time":"2 minuti"},"schema":{"@context":"https:\/\/schema.org","@graph":[{"@type":"Article","@id":"https:\/\/portalf1.si\/index.php\/2026\/05\/02\/verstappen-po-odlicnih-kvalifikacijah-za-vn-miamija-po-dolgem-casu-ponovno-zadovoljen-vidim-luc-na-koncu-tunela\/#article","isPartOf":{"@id":"https:\/\/portalf1.si\/index.php\/2026\/05\/02\/verstappen-po-odlicnih-kvalifikacijah-za-vn-miamija-po-dolgem-casu-ponovno-zadovoljen-vidim-luc-na-koncu-tunela\/"},"author":{"name":"Denis \u0160tojs","@id":"https:\/\/portalf1.si\/#\/schema\/person\/abfef3ba57233710daadfbdd742fecd5"},"headline":"Verstappen po odli\u010dnih kvalifikacijah za VN Miamija po dolgem \u010dasu ponovno zadovoljen: Vidim lu\u010d na koncu tunela","datePublished":"2026-05-02T21:51:59+00:00","mainEntityOfPage":{"@id":"https:\/\/portalf1.si\/index.php\/2026\/05\/02\/verstappen-po-odlicnih-kvalifikacijah-za-vn-miamija-po-dolgem-casu-ponovno-zadovoljen-vidim-luc-na-koncu-tunela\/"},"wordCount":366,"commentCount":0,"publisher":{"@id":"https:\/\/portalf1.si\/#organization"},"image":{"@id":"https:\/\/portalf1.si\/index.php\/2026\/05\/02\/verstappen-po-odlicnih-kvalifikacijah-za-vn-miamija-po-dolgem-casu-ponovno-zadovoljen-vidim-luc-na-koncu-tunela\/#primaryimage"},"thumbnailUrl":"https:\/\/portalf1.si\/wp-content\/uploads\/2026\/05\/i.webp","keywords":["F1","F1 2026","F1 Slovenija","Formula 1","Formula 1 2026","Formula 1 Slovenija","Max Verstappen","VN Miamija"],"articleSection":["Formula 1","Max Verstappen","Novice","VN Miamija"],"inLanguage":"sl-SI","potentialAction":[{"@type":"CommentAction","name":"Comment","target":["https:\/\/portalf1.si\/index.php\/2026\/05\/02\/verstappen-po-odlicnih-kvalifikacijah-za-vn-miamija-po-dolgem-casu-ponovno-zadovoljen-vidim-luc-na-koncu-tunela\/#respond"]}]},{"@type":"WebPage","@id":"https:\/\/portalf1.si\/index.php\/2026\/05\/02\/verstappen-po-odlicnih-kvalifikacijah-za-vn-miamija-po-dolgem-casu-ponovno-zadovoljen-vidim-luc-na-koncu-tunela\/","url":"https:\/\/portalf1.si\/index.php\/2026\/05\/02\/verstappen-po-odlicnih-kvalifikacijah-za-vn-miamija-po-dolgem-casu-ponovno-zadovoljen-vidim-luc-na-koncu-tunela\/","name":"Verstappen po odli\u010dnih kvalifikacijah za VN Miamija po dolgem \u010dasu ponovno zadovoljen: Vidim lu\u010d na koncu tunela - Portal F1","isPartOf":{"@id":"https:\/\/portalf1.si\/#website"},"primaryImageOfPage":{"@id":"https:\/\/portalf1.si\/index.php\/2026\/05\/02\/verstappen-po-odlicnih-kvalifikacijah-za-vn-miamija-po-dolgem-casu-ponovno-zadovoljen-vidim-luc-na-koncu-tunela\/#primaryimage"},"image":{"@id":"https:\/\/portalf1.si\/index.php\/2026\/05\/02\/verstappen-po-odlicnih-kvalifikacijah-za-vn-miamija-po-dolgem-casu-ponovno-zadovoljen-vidim-luc-na-koncu-tunela\/#primaryimage"},"thumbnailUrl":"https:\/\/portalf1.si\/wp-content\/uploads\/2026\/05\/i.webp","datePublished":"2026-05-02T21:51:59+00:00","description":"Max Verstappen je pokazal zobe in si v kvalifikacijah Formule 1 za VN Miamija zagotovil drugo mesto, pri \u010demer mu je le za las u\u0161el pole.","breadcrumb":{"@id":"https:\/\/portalf1.si\/index.php\/2026\/05\/02\/verstappen-po-odlicnih-kvalifikacijah-za-vn-miamija-po-dolgem-casu-ponovno-zadovoljen-vidim-luc-na-koncu-tunela\/#breadcrumb"},"inLanguage":"sl-SI","potentialAction":[{"@type":"ReadAction","target":["https:\/\/portalf1.si\/index.php\/2026\/05\/02\/verstappen-po-odlicnih-kvalifikacijah-za-vn-miamija-po-dolgem-casu-ponovno-zadovoljen-vidim-luc-na-koncu-tunela\/"]}]},{"@type":"ImageObject","inLanguage":"sl-SI","@id":"https:\/\/portalf1.si\/index.php\/2026\/05\/02\/verstappen-po-odlicnih-kvalifikacijah-za-vn-miamija-po-dolgem-casu-ponovno-zadovoljen-vidim-luc-na-koncu-tunela\/#primaryimage","url":"https:\/\/portalf1.si\/wp-content\/uploads\/2026\/05\/i.webp","contentUrl":"https:\/\/portalf1.si\/wp-content\/uploads\/2026\/05\/i.webp","width":1296,"height":729},{"@type":"BreadcrumbList","@id":"https:\/\/portalf1.si\/index.php\/2026\/05\/02\/verstappen-po-odlicnih-kvalifikacijah-za-vn-miamija-po-dolgem-casu-ponovno-zadovoljen-vidim-luc-na-koncu-tunela\/#breadcrumb","itemListElement":[{"@type":"ListItem","position":1,"name":"Home","item":"https:\/\/portalf1.si\/"},{"@type":"ListItem","position":2,"name":"Verstappen po odli\u010dnih kvalifikacijah za VN Miamija po dolgem \u010dasu ponovno zadovoljen: Vidim lu\u010d na koncu tunela"}]},{"@type":"WebSite","@id":"https:\/\/portalf1.si\/#website","url":"https:\/\/portalf1.si\/","name":"Portal F1","description":"Vstopite v svet hitrosti in adrenalina","publisher":{"@id":"https:\/\/portalf1.si\/#organization"},"potentialAction":[{"@type":"SearchAction","target":{"@type":"EntryPoint","urlTemplate":"https:\/\/portalf1.si\/?s={search_term_string}"},"query-input":{"@type":"PropertyValueSpecification","valueRequired":true,"valueName":"search_term_string"}}],"inLanguage":"sl-SI"},{"@type":"Organization","@id":"https:\/\/portalf1.si\/#organization","name":"Portal F1","url":"https:\/\/portalf1.si\/","logo":{"@type":"ImageObject","inLanguage":"sl-SI","@id":"https:\/\/portalf1.si\/#\/schema\/logo\/image\/","url":"https:\/\/portalf1.si\/wp-content\/uploads\/2025\/02\/cropped-HiPaint_1738532868530.png","contentUrl":"https:\/\/portalf1.si\/wp-content\/uploads\/2025\/02\/cropped-HiPaint_1738532868530.png","width":512,"height":512,"caption":"Portal F1"},"image":{"@id":"https:\/\/portalf1.si\/#\/schema\/logo\/image\/"},"sameAs":["https:\/\/www.facebook.com\/portalf1.si\/?locale=sl_SI"]},{"@type":"Person","@id":"https:\/\/portalf1.si\/#\/schema\/person\/abfef3ba57233710daadfbdd742fecd5","name":"Denis \u0160tojs","image":{"@type":"ImageObject","inLanguage":"sl-SI","@id":"https:\/\/secure.gravatar.com\/avatar\/b006ce11dfb9c6e47e9de9803eefbdc14aa4afb445f3cca05acc735c22115b38?s=96&d=mm&r=g","url":"https:\/\/secure.gravatar.com\/avatar\/b006ce11dfb9c6e47e9de9803eefbdc14aa4afb445f3cca05acc735c22115b38?s=96&d=mm&r=g","contentUrl":"https:\/\/secure.gravatar.com\/avatar\/b006ce11dfb9c6e47e9de9803eefbdc14aa4afb445f3cca05acc735c22115b38?s=96&d=mm&r=g","caption":"Denis \u0160tojs"},"sameAs":["https:\/\/portalf1.si"],"url":"https:\/\/portalf1.si\/index.php\/author\/portalf1\/"}]}},"_links":{"self":[{"href":"https:\/\/portalf1.si\/index.php\/wp-json\/wp\/v2\/posts\/12887","targetHints":{"allow":["GET"]}}],"collection":[{"href":"https:\/\/portalf1.si\/index.php\/wp-json\/wp\/v2\/posts"}],"about":[{"href":"https:\/\/portalf1.si\/index.php\/wp-json\/wp\/v2\/types\/post"}],"author":[{"embeddable":true,"href":"https:\/\/portalf1.si\/index.php\/wp-json\/wp\/v2\/users\/1"}],"replies":[{"embeddable":true,"href":"https:\/\/portalf1.si\/index.php\/wp-json\/wp\/v2\/comments?post=12887"}],"version-history":[{"count":1,"href":"https:\/\/portalf1.si\/index.php\/wp-json\/wp\/v2\/posts\/12887\/revisions"}],"predecessor-version":[{"id":12889,"href":"https:\/\/portalf1.si\/index.php\/wp-json\/wp\/v2\/posts\/12887\/revisions\/12889"}],"wp:featuredmedia":[{"embeddable":true,"href":"https:\/\/portalf1.si\/index.php\/wp-json\/wp\/v2\/media\/12888"}],"wp:attachment":[{"href":"https:\/\/portalf1.si\/index.php\/wp-json\/wp\/v2\/media?parent=12887"}],"wp:term":[{"taxonomy":"category","embeddable":true,"href":"https:\/\/portalf1.si\/index.php\/wp-json\/wp\/v2\/categories?post=12887"},{"taxonomy":"post_tag","embeddable":true,"href":"https:\/\/portalf1.si\/index.php\/wp-json\/wp\/v2\/tags?post=12887"}],"curies":[{"name":"wp","href":"https:\/\/api.w.org\/{rel}","templated":true}]}}