{"id":12890,"date":"2026-05-03T05:09:22","date_gmt":"2026-05-03T05:09:22","guid":{"rendered":"https:\/\/portalf1.si\/?p=12890"},"modified":"2026-05-03T05:09:22","modified_gmt":"2026-05-03T05:09:22","slug":"uradno-formula-1-prestavila-cas-dirke-v-miamiju","status":"publish","type":"post","link":"https:\/\/portalf1.si\/index.php\/2026\/05\/03\/uradno-formula-1-prestavila-cas-dirke-v-miamiju\/","title":{"rendered":"Uradno: Formula 1 prestavila \u010das dirke v Miamiju"},"content":{"rendered":"<p dir=\"ltr\"><strong>Po razpravah, opravljenih po kvalifikacijah, je bilo odlo\u010deno, da se \u010das starta dirke Formule 1 za VN Miamija prestavi naprej, da bi se izognili morebitnim zapletom zaradi vremena.<\/strong><\/p>\n<p dir=\"ltr\">\u200bFormula 1 se je odlo\u010dila za previden pristop zaradi negotovih vremenskih razmer, ki jih pri\u010dakujejo v nedeljo, dan, ko bo potekala \u010detrta dirka sezone Formule 1 po sobotni sprinterski dirki, ki jo je dobil Lando Norris v do tedaj povsem suhem vikendu.<\/p>\n<p dir=\"ltr\">\u200b<em>&#8220;Po razpravah med FIA, FOM in promotorjem dirke v Miamiju je bila sprejeta odlo\u010ditev, da se za\u010detek nedeljske dirke za VN Miamija prestavi na 13.00 po lokalnem \u010dasu v Miamiju zaradi vremenske napovedi, ki za pozno popoldne, blizu prvotno na\u010drtovanega \u010dasa starta, napoveduje mo\u010dnej\u0161e nevihte.&#8221;<\/em><\/p>\n<p dir=\"ltr\"><em>&#8220;\u200bTa odlo\u010ditev je bila sprejeta, da bi zagotovili \u010dim manj\u0161e motnje dirke, zagotovili \u010dim ve\u010dje \u010dasovno okno za izvedbo velike nagrade v najbolj\u0161ih mo\u017enih pogojih ter dali prednost varnosti dirka\u010dev, navija\u010dev, ekip in osebja.&#8221;<\/em><\/p>\n<p dir=\"ltr\">\u200bLokalne vremenske napovedi so kazale na nevihte in mo\u010dan de\u017e, ki naj bi nastopili okoli popoldneva, kar je spro\u017eilo pomisleke, da bi se na\u010drtovani start dirke lahko ujel z najslab\u0161imi razmerami. Formula 1 se je zato odlo\u010dila, da \u010das starta prestavi naprej.<\/p>\n<p dir=\"ltr\">Dirka Formule 1 za VN Miamija se bo zdaj za\u010dela tri ure prej, ob 13.00 po lokalnem \u010dasu, v poskusu, da se izognejo pri\u010dakovanemu vremenu kasneje \u010dez dan. Nov \u010das starta bo vplival tudi na razpored Formule 2, kjer se bo glavna dirka zdaj za\u010dela ob 09.25 po lokalnem \u010dasu.<\/p>\n<blockquote class=\"wp-embedded-content\" data-secret=\"ItB9rbgw6t\"><p><a href=\"https:\/\/portalf1.si\/index.php\/2026\/05\/02\/fia-pred-dirko-v-miamiju-uradno-razglasila-nevarnost-neviht\/\">FIA pred dirko v Miamiju uradno razglasila nevarnost neviht<\/a><\/p><\/blockquote>\n<p><iframe loading=\"lazy\" class=\"wp-embedded-content\" sandbox=\"allow-scripts\" security=\"restricted\" style=\"position: absolute; visibility: hidden;\" title=\"&#8220;FIA pred dirko v Miamiju uradno razglasila nevarnost neviht&#8221; &#8212; Portal F1\" src=\"https:\/\/portalf1.si\/index.php\/2026\/05\/02\/fia-pred-dirko-v-miamiju-uradno-razglasila-nevarnost-neviht\/embed\/#?secret=6t3yXPJq15#?secret=ItB9rbgw6t\" data-secret=\"ItB9rbgw6t\" width=\"600\" height=\"338\" frameborder=\"0\" marginwidth=\"0\" marginheight=\"0\" scrolling=\"no\"><\/iframe><\/p>\n","protected":false},"excerpt":{"rendered":"<p>Po razpravah, opravljenih po kvalifikacijah, je bilo odlo\u010deno, da se \u010das starta dirke Formule 1 za VN Miamija prestavi naprej, da bi se izognili morebitnim zapletom zaradi vremena. \u200bFormula 1 se je odlo\u010dila za previden pristop zaradi negotovih vremenskih razmer, ki jih pri\u010dakujejo v nedeljo, dan, ko bo potekala \u010detrta dirka sezone Formule 1 po [&hellip;]<\/p>\n","protected":false},"author":1,"featured_media":12766,"comment_status":"open","ping_status":"open","sticky":false,"template":"","format":"standard","meta":{"footnotes":""},"categories":[30,31,236],"tags":[44,317,159,45,318,158,237],"class_list":["post-12890","post","type-post","status-publish","format-standard","has-post-thumbnail","hentry","category-formula-1","category-novice","category-vn-miamija","tag-f1","tag-f1-2026","tag-f1-slovenija","tag-formula-1","tag-formula-1-2026","tag-formula-1-slovenija","tag-vn-miamija"],"blocksy_meta":[],"yoast_head":"<!-- This site is optimized with the Yoast SEO plugin v27.4 - https:\/\/yoast.com\/product\/yoast-seo-wordpress\/ -->\n<title>Uradno: Formula 1 prestavila \u010das dirke v Miamiju - Portal F1<\/title>\n<meta name=\"description\" content=\"Po razpravah, opravljenih po kvalifikacijah, je bilo odlo\u010deno, da se \u010das starta dirke Formule 1 za VN Miamija prestavi naprej.\" \/>\n<meta name=\"robots\" content=\"index, follow, max-snippet:-1, max-image-preview:large, max-video-preview:-1\" \/>\n<link rel=\"canonical\" href=\"https:\/\/portalf1.si\/index.php\/2026\/05\/03\/uradno-formula-1-prestavila-cas-dirke-v-miamiju\/\" \/>\n<meta property=\"og:locale\" content=\"sl_SI\" \/>\n<meta property=\"og:type\" content=\"article\" \/>\n<meta property=\"og:title\" content=\"Uradno: Formula 1 prestavila \u010das dirke v Miamiju - Portal F1\" \/>\n<meta property=\"og:description\" content=\"Po razpravah, opravljenih po kvalifikacijah, je bilo odlo\u010deno, da se \u010das starta dirke Formule 1 za VN Miamija prestavi naprej.\" \/>\n<meta property=\"og:url\" content=\"https:\/\/portalf1.si\/index.php\/2026\/05\/03\/uradno-formula-1-prestavila-cas-dirke-v-miamiju\/\" \/>\n<meta property=\"og:site_name\" content=\"Portal F1\" \/>\n<meta property=\"article:publisher\" content=\"https:\/\/www.facebook.com\/portalf1.si\/?locale=sl_SI\" \/>\n<meta property=\"article:published_time\" content=\"2026-05-03T05:09:22+00:00\" \/>\n<meta property=\"og:image\" content=\"https:\/\/portalf1.si\/wp-content\/uploads\/2026\/04\/rain-miami-69ef5d93b506d.webp\" \/>\n\t<meta property=\"og:image:width\" content=\"1079\" \/>\n\t<meta property=\"og:image:height\" content=\"720\" \/>\n\t<meta property=\"og:image:type\" content=\"image\/webp\" \/>\n<meta name=\"author\" content=\"Denis \u0160tojs\" \/>\n<meta name=\"twitter:card\" content=\"summary_large_image\" \/>\n<meta name=\"twitter:label1\" content=\"Written by\" \/>\n\t<meta name=\"twitter:data1\" content=\"Denis \u0160tojs\" \/>\n\t<meta name=\"twitter:label2\" content=\"Est. reading time\" \/>\n\t<meta name=\"twitter:data2\" content=\"2 minuti\" \/>\n<script type=\"application\/ld+json\" class=\"yoast-schema-graph\">{\"@context\":\"https:\\\/\\\/schema.org\",\"@graph\":[{\"@type\":\"Article\",\"@id\":\"https:\\\/\\\/portalf1.si\\\/index.php\\\/2026\\\/05\\\/03\\\/uradno-formula-1-prestavila-cas-dirke-v-miamiju\\\/#article\",\"isPartOf\":{\"@id\":\"https:\\\/\\\/portalf1.si\\\/index.php\\\/2026\\\/05\\\/03\\\/uradno-formula-1-prestavila-cas-dirke-v-miamiju\\\/\"},\"author\":{\"name\":\"Denis \u0160tojs\",\"@id\":\"https:\\\/\\\/portalf1.si\\\/#\\\/schema\\\/person\\\/abfef3ba57233710daadfbdd742fecd5\"},\"headline\":\"Uradno: Formula 1 prestavila \u010das dirke v Miamiju\",\"datePublished\":\"2026-05-03T05:09:22+00:00\",\"mainEntityOfPage\":{\"@id\":\"https:\\\/\\\/portalf1.si\\\/index.php\\\/2026\\\/05\\\/03\\\/uradno-formula-1-prestavila-cas-dirke-v-miamiju\\\/\"},\"wordCount\":268,\"commentCount\":0,\"publisher\":{\"@id\":\"https:\\\/\\\/portalf1.si\\\/#organization\"},\"image\":{\"@id\":\"https:\\\/\\\/portalf1.si\\\/index.php\\\/2026\\\/05\\\/03\\\/uradno-formula-1-prestavila-cas-dirke-v-miamiju\\\/#primaryimage\"},\"thumbnailUrl\":\"https:\\\/\\\/portalf1.si\\\/wp-content\\\/uploads\\\/2026\\\/04\\\/rain-miami-69ef5d93b506d.webp\",\"keywords\":[\"F1\",\"F1 2026\",\"F1 Slovenija\",\"Formula 1\",\"Formula 1 2026\",\"Formula 1 Slovenija\",\"VN Miamija\"],\"articleSection\":[\"Formula 1\",\"Novice\",\"VN Miamija\"],\"inLanguage\":\"sl-SI\",\"potentialAction\":[{\"@type\":\"CommentAction\",\"name\":\"Comment\",\"target\":[\"https:\\\/\\\/portalf1.si\\\/index.php\\\/2026\\\/05\\\/03\\\/uradno-formula-1-prestavila-cas-dirke-v-miamiju\\\/#respond\"]}]},{\"@type\":\"WebPage\",\"@id\":\"https:\\\/\\\/portalf1.si\\\/index.php\\\/2026\\\/05\\\/03\\\/uradno-formula-1-prestavila-cas-dirke-v-miamiju\\\/\",\"url\":\"https:\\\/\\\/portalf1.si\\\/index.php\\\/2026\\\/05\\\/03\\\/uradno-formula-1-prestavila-cas-dirke-v-miamiju\\\/\",\"name\":\"Uradno: Formula 1 prestavila \u010das dirke v Miamiju - Portal F1\",\"isPartOf\":{\"@id\":\"https:\\\/\\\/portalf1.si\\\/#website\"},\"primaryImageOfPage\":{\"@id\":\"https:\\\/\\\/portalf1.si\\\/index.php\\\/2026\\\/05\\\/03\\\/uradno-formula-1-prestavila-cas-dirke-v-miamiju\\\/#primaryimage\"},\"image\":{\"@id\":\"https:\\\/\\\/portalf1.si\\\/index.php\\\/2026\\\/05\\\/03\\\/uradno-formula-1-prestavila-cas-dirke-v-miamiju\\\/#primaryimage\"},\"thumbnailUrl\":\"https:\\\/\\\/portalf1.si\\\/wp-content\\\/uploads\\\/2026\\\/04\\\/rain-miami-69ef5d93b506d.webp\",\"datePublished\":\"2026-05-03T05:09:22+00:00\",\"description\":\"Po razpravah, opravljenih po kvalifikacijah, je bilo odlo\u010deno, da se \u010das starta dirke Formule 1 za VN Miamija prestavi naprej.\",\"breadcrumb\":{\"@id\":\"https:\\\/\\\/portalf1.si\\\/index.php\\\/2026\\\/05\\\/03\\\/uradno-formula-1-prestavila-cas-dirke-v-miamiju\\\/#breadcrumb\"},\"inLanguage\":\"sl-SI\",\"potentialAction\":[{\"@type\":\"ReadAction\",\"target\":[\"https:\\\/\\\/portalf1.si\\\/index.php\\\/2026\\\/05\\\/03\\\/uradno-formula-1-prestavila-cas-dirke-v-miamiju\\\/\"]}]},{\"@type\":\"ImageObject\",\"inLanguage\":\"sl-SI\",\"@id\":\"https:\\\/\\\/portalf1.si\\\/index.php\\\/2026\\\/05\\\/03\\\/uradno-formula-1-prestavila-cas-dirke-v-miamiju\\\/#primaryimage\",\"url\":\"https:\\\/\\\/portalf1.si\\\/wp-content\\\/uploads\\\/2026\\\/04\\\/rain-miami-69ef5d93b506d.webp\",\"contentUrl\":\"https:\\\/\\\/portalf1.si\\\/wp-content\\\/uploads\\\/2026\\\/04\\\/rain-miami-69ef5d93b506d.webp\",\"width\":1079,\"height\":720},{\"@type\":\"BreadcrumbList\",\"@id\":\"https:\\\/\\\/portalf1.si\\\/index.php\\\/2026\\\/05\\\/03\\\/uradno-formula-1-prestavila-cas-dirke-v-miamiju\\\/#breadcrumb\",\"itemListElement\":[{\"@type\":\"ListItem\",\"position\":1,\"name\":\"Home\",\"item\":\"https:\\\/\\\/portalf1.si\\\/\"},{\"@type\":\"ListItem\",\"position\":2,\"name\":\"Uradno: Formula 1 prestavila \u010das dirke v Miamiju\"}]},{\"@type\":\"WebSite\",\"@id\":\"https:\\\/\\\/portalf1.si\\\/#website\",\"url\":\"https:\\\/\\\/portalf1.si\\\/\",\"name\":\"Portal F1\",\"description\":\"Vstopite v svet hitrosti in adrenalina\",\"publisher\":{\"@id\":\"https:\\\/\\\/portalf1.si\\\/#organization\"},\"potentialAction\":[{\"@type\":\"SearchAction\",\"target\":{\"@type\":\"EntryPoint\",\"urlTemplate\":\"https:\\\/\\\/portalf1.si\\\/?s={search_term_string}\"},\"query-input\":{\"@type\":\"PropertyValueSpecification\",\"valueRequired\":true,\"valueName\":\"search_term_string\"}}],\"inLanguage\":\"sl-SI\"},{\"@type\":\"Organization\",\"@id\":\"https:\\\/\\\/portalf1.si\\\/#organization\",\"name\":\"Portal F1\",\"url\":\"https:\\\/\\\/portalf1.si\\\/\",\"logo\":{\"@type\":\"ImageObject\",\"inLanguage\":\"sl-SI\",\"@id\":\"https:\\\/\\\/portalf1.si\\\/#\\\/schema\\\/logo\\\/image\\\/\",\"url\":\"https:\\\/\\\/portalf1.si\\\/wp-content\\\/uploads\\\/2025\\\/02\\\/cropped-HiPaint_1738532868530.png\",\"contentUrl\":\"https:\\\/\\\/portalf1.si\\\/wp-content\\\/uploads\\\/2025\\\/02\\\/cropped-HiPaint_1738532868530.png\",\"width\":512,\"height\":512,\"caption\":\"Portal F1\"},\"image\":{\"@id\":\"https:\\\/\\\/portalf1.si\\\/#\\\/schema\\\/logo\\\/image\\\/\"},\"sameAs\":[\"https:\\\/\\\/www.facebook.com\\\/portalf1.si\\\/?locale=sl_SI\"]},{\"@type\":\"Person\",\"@id\":\"https:\\\/\\\/portalf1.si\\\/#\\\/schema\\\/person\\\/abfef3ba57233710daadfbdd742fecd5\",\"name\":\"Denis \u0160tojs\",\"image\":{\"@type\":\"ImageObject\",\"inLanguage\":\"sl-SI\",\"@id\":\"https:\\\/\\\/secure.gravatar.com\\\/avatar\\\/b006ce11dfb9c6e47e9de9803eefbdc14aa4afb445f3cca05acc735c22115b38?s=96&d=mm&r=g\",\"url\":\"https:\\\/\\\/secure.gravatar.com\\\/avatar\\\/b006ce11dfb9c6e47e9de9803eefbdc14aa4afb445f3cca05acc735c22115b38?s=96&d=mm&r=g\",\"contentUrl\":\"https:\\\/\\\/secure.gravatar.com\\\/avatar\\\/b006ce11dfb9c6e47e9de9803eefbdc14aa4afb445f3cca05acc735c22115b38?s=96&d=mm&r=g\",\"caption\":\"Denis \u0160tojs\"},\"sameAs\":[\"https:\\\/\\\/portalf1.si\"],\"url\":\"https:\\\/\\\/portalf1.si\\\/index.php\\\/author\\\/portalf1\\\/\"}]}<\/script>\n<!-- \/ Yoast SEO plugin. -->","yoast_head_json":{"title":"Uradno: Formula 1 prestavila \u010das dirke v Miamiju - Portal F1","description":"Po razpravah, opravljenih po kvalifikacijah, je bilo odlo\u010deno, da se \u010das starta dirke Formule 1 za VN Miamija prestavi naprej.","robots":{"index":"index","follow":"follow","max-snippet":"max-snippet:-1","max-image-preview":"max-image-preview:large","max-video-preview":"max-video-preview:-1"},"canonical":"https:\/\/portalf1.si\/index.php\/2026\/05\/03\/uradno-formula-1-prestavila-cas-dirke-v-miamiju\/","og_locale":"sl_SI","og_type":"article","og_title":"Uradno: Formula 1 prestavila \u010das dirke v Miamiju - Portal F1","og_description":"Po razpravah, opravljenih po kvalifikacijah, je bilo odlo\u010deno, da se \u010das starta dirke Formule 1 za VN Miamija prestavi naprej.","og_url":"https:\/\/portalf1.si\/index.php\/2026\/05\/03\/uradno-formula-1-prestavila-cas-dirke-v-miamiju\/","og_site_name":"Portal F1","article_publisher":"https:\/\/www.facebook.com\/portalf1.si\/?locale=sl_SI","article_published_time":"2026-05-03T05:09:22+00:00","og_image":[{"width":1079,"height":720,"url":"https:\/\/portalf1.si\/wp-content\/uploads\/2026\/04\/rain-miami-69ef5d93b506d.webp","type":"image\/webp"}],"author":"Denis \u0160tojs","twitter_card":"summary_large_image","twitter_misc":{"Written by":"Denis \u0160tojs","Est. reading time":"2 minuti"},"schema":{"@context":"https:\/\/schema.org","@graph":[{"@type":"Article","@id":"https:\/\/portalf1.si\/index.php\/2026\/05\/03\/uradno-formula-1-prestavila-cas-dirke-v-miamiju\/#article","isPartOf":{"@id":"https:\/\/portalf1.si\/index.php\/2026\/05\/03\/uradno-formula-1-prestavila-cas-dirke-v-miamiju\/"},"author":{"name":"Denis \u0160tojs","@id":"https:\/\/portalf1.si\/#\/schema\/person\/abfef3ba57233710daadfbdd742fecd5"},"headline":"Uradno: Formula 1 prestavila \u010das dirke v Miamiju","datePublished":"2026-05-03T05:09:22+00:00","mainEntityOfPage":{"@id":"https:\/\/portalf1.si\/index.php\/2026\/05\/03\/uradno-formula-1-prestavila-cas-dirke-v-miamiju\/"},"wordCount":268,"commentCount":0,"publisher":{"@id":"https:\/\/portalf1.si\/#organization"},"image":{"@id":"https:\/\/portalf1.si\/index.php\/2026\/05\/03\/uradno-formula-1-prestavila-cas-dirke-v-miamiju\/#primaryimage"},"thumbnailUrl":"https:\/\/portalf1.si\/wp-content\/uploads\/2026\/04\/rain-miami-69ef5d93b506d.webp","keywords":["F1","F1 2026","F1 Slovenija","Formula 1","Formula 1 2026","Formula 1 Slovenija","VN Miamija"],"articleSection":["Formula 1","Novice","VN Miamija"],"inLanguage":"sl-SI","potentialAction":[{"@type":"CommentAction","name":"Comment","target":["https:\/\/portalf1.si\/index.php\/2026\/05\/03\/uradno-formula-1-prestavila-cas-dirke-v-miamiju\/#respond"]}]},{"@type":"WebPage","@id":"https:\/\/portalf1.si\/index.php\/2026\/05\/03\/uradno-formula-1-prestavila-cas-dirke-v-miamiju\/","url":"https:\/\/portalf1.si\/index.php\/2026\/05\/03\/uradno-formula-1-prestavila-cas-dirke-v-miamiju\/","name":"Uradno: Formula 1 prestavila \u010das dirke v Miamiju - Portal F1","isPartOf":{"@id":"https:\/\/portalf1.si\/#website"},"primaryImageOfPage":{"@id":"https:\/\/portalf1.si\/index.php\/2026\/05\/03\/uradno-formula-1-prestavila-cas-dirke-v-miamiju\/#primaryimage"},"image":{"@id":"https:\/\/portalf1.si\/index.php\/2026\/05\/03\/uradno-formula-1-prestavila-cas-dirke-v-miamiju\/#primaryimage"},"thumbnailUrl":"https:\/\/portalf1.si\/wp-content\/uploads\/2026\/04\/rain-miami-69ef5d93b506d.webp","datePublished":"2026-05-03T05:09:22+00:00","description":"Po razpravah, opravljenih po kvalifikacijah, je bilo odlo\u010deno, da se \u010das starta dirke Formule 1 za VN Miamija prestavi naprej.","breadcrumb":{"@id":"https:\/\/portalf1.si\/index.php\/2026\/05\/03\/uradno-formula-1-prestavila-cas-dirke-v-miamiju\/#breadcrumb"},"inLanguage":"sl-SI","potentialAction":[{"@type":"ReadAction","target":["https:\/\/portalf1.si\/index.php\/2026\/05\/03\/uradno-formula-1-prestavila-cas-dirke-v-miamiju\/"]}]},{"@type":"ImageObject","inLanguage":"sl-SI","@id":"https:\/\/portalf1.si\/index.php\/2026\/05\/03\/uradno-formula-1-prestavila-cas-dirke-v-miamiju\/#primaryimage","url":"https:\/\/portalf1.si\/wp-content\/uploads\/2026\/04\/rain-miami-69ef5d93b506d.webp","contentUrl":"https:\/\/portalf1.si\/wp-content\/uploads\/2026\/04\/rain-miami-69ef5d93b506d.webp","width":1079,"height":720},{"@type":"BreadcrumbList","@id":"https:\/\/portalf1.si\/index.php\/2026\/05\/03\/uradno-formula-1-prestavila-cas-dirke-v-miamiju\/#breadcrumb","itemListElement":[{"@type":"ListItem","position":1,"name":"Home","item":"https:\/\/portalf1.si\/"},{"@type":"ListItem","position":2,"name":"Uradno: Formula 1 prestavila \u010das dirke v Miamiju"}]},{"@type":"WebSite","@id":"https:\/\/portalf1.si\/#website","url":"https:\/\/portalf1.si\/","name":"Portal F1","description":"Vstopite v svet hitrosti in adrenalina","publisher":{"@id":"https:\/\/portalf1.si\/#organization"},"potentialAction":[{"@type":"SearchAction","target":{"@type":"EntryPoint","urlTemplate":"https:\/\/portalf1.si\/?s={search_term_string}"},"query-input":{"@type":"PropertyValueSpecification","valueRequired":true,"valueName":"search_term_string"}}],"inLanguage":"sl-SI"},{"@type":"Organization","@id":"https:\/\/portalf1.si\/#organization","name":"Portal F1","url":"https:\/\/portalf1.si\/","logo":{"@type":"ImageObject","inLanguage":"sl-SI","@id":"https:\/\/portalf1.si\/#\/schema\/logo\/image\/","url":"https:\/\/portalf1.si\/wp-content\/uploads\/2025\/02\/cropped-HiPaint_1738532868530.png","contentUrl":"https:\/\/portalf1.si\/wp-content\/uploads\/2025\/02\/cropped-HiPaint_1738532868530.png","width":512,"height":512,"caption":"Portal F1"},"image":{"@id":"https:\/\/portalf1.si\/#\/schema\/logo\/image\/"},"sameAs":["https:\/\/www.facebook.com\/portalf1.si\/?locale=sl_SI"]},{"@type":"Person","@id":"https:\/\/portalf1.si\/#\/schema\/person\/abfef3ba57233710daadfbdd742fecd5","name":"Denis \u0160tojs","image":{"@type":"ImageObject","inLanguage":"sl-SI","@id":"https:\/\/secure.gravatar.com\/avatar\/b006ce11dfb9c6e47e9de9803eefbdc14aa4afb445f3cca05acc735c22115b38?s=96&d=mm&r=g","url":"https:\/\/secure.gravatar.com\/avatar\/b006ce11dfb9c6e47e9de9803eefbdc14aa4afb445f3cca05acc735c22115b38?s=96&d=mm&r=g","contentUrl":"https:\/\/secure.gravatar.com\/avatar\/b006ce11dfb9c6e47e9de9803eefbdc14aa4afb445f3cca05acc735c22115b38?s=96&d=mm&r=g","caption":"Denis \u0160tojs"},"sameAs":["https:\/\/portalf1.si"],"url":"https:\/\/portalf1.si\/index.php\/author\/portalf1\/"}]}},"_links":{"self":[{"href":"https:\/\/portalf1.si\/index.php\/wp-json\/wp\/v2\/posts\/12890","targetHints":{"allow":["GET"]}}],"collection":[{"href":"https:\/\/portalf1.si\/index.php\/wp-json\/wp\/v2\/posts"}],"about":[{"href":"https:\/\/portalf1.si\/index.php\/wp-json\/wp\/v2\/types\/post"}],"author":[{"embeddable":true,"href":"https:\/\/portalf1.si\/index.php\/wp-json\/wp\/v2\/users\/1"}],"replies":[{"embeddable":true,"href":"https:\/\/portalf1.si\/index.php\/wp-json\/wp\/v2\/comments?post=12890"}],"version-history":[{"count":3,"href":"https:\/\/portalf1.si\/index.php\/wp-json\/wp\/v2\/posts\/12890\/revisions"}],"predecessor-version":[{"id":12894,"href":"https:\/\/portalf1.si\/index.php\/wp-json\/wp\/v2\/posts\/12890\/revisions\/12894"}],"wp:featuredmedia":[{"embeddable":true,"href":"https:\/\/portalf1.si\/index.php\/wp-json\/wp\/v2\/media\/12766"}],"wp:attachment":[{"href":"https:\/\/portalf1.si\/index.php\/wp-json\/wp\/v2\/media?parent=12890"}],"wp:term":[{"taxonomy":"category","embeddable":true,"href":"https:\/\/portalf1.si\/index.php\/wp-json\/wp\/v2\/categories?post=12890"},{"taxonomy":"post_tag","embeddable":true,"href":"https:\/\/portalf1.si\/index.php\/wp-json\/wp\/v2\/tags?post=12890"}],"curies":[{"name":"wp","href":"https:\/\/api.w.org\/{rel}","templated":true}]}}