{"id":4962,"date":"2025-04-17T05:49:11","date_gmt":"2025-04-17T05:49:11","guid":{"rendered":"https:\/\/portalf1.si\/?p=4962"},"modified":"2025-04-17T05:49:11","modified_gmt":"2025-04-17T05:49:11","slug":"wolff-bi-russella-zamenjal-z-verstappnom-tudi-ce-bi-britanec-vodil-v-prvenstvu","status":"publish","type":"post","link":"https:\/\/portalf1.si\/index.php\/2025\/04\/17\/wolff-bi-russella-zamenjal-z-verstappnom-tudi-ce-bi-britanec-vodil-v-prvenstvu\/","title":{"rendered":"&#8220;Wolff bi Russella zamenjal z Verstappnom, tudi \u010de bi Britanec vodil v prvenstvu&#8221;"},"content":{"rendered":"<p><strong>Novinar in analitik britanskega Sky Sports Ted Kravitz verjame, da bi \u0161ef ekipe Mercedes Toto Wolff svojega varovanca Georgea Russella zamenjal z aktualnim svetovnim prvakom Maxom Verstappnom, tudi \u010de bi Britanec vodil v prvenstvu.<\/strong><\/p>\n<p>Zdi se, da govorice o nezadovoljstvu Verstappna z njegovo trenutno ekipo Red Bull in so\u010dasno povezovanje z ostalimi ekipami, ki se zanimajo zanj, kar ne potihnejo. Po dirki za VN Bahrajna so tako mnogi ponovno za\u010deli poro\u010dati, da Nizozemca mika odhod k Mercedesu, ki ima zaenkrat letos mirno in uspe\u0161no sezono.<\/p>\n<p>Mercedes trenutno zaseda drugo mesto v konstruktorski razvrstitvi, pri \u010demer je najve\u010dji del to\u010dk prispeval George Russell, ki s tremi uvrstitvami na zmagovalni oder in le \u0161estimi to\u010dkami zaostanka za Verstappnom, ki je na Japonskem osvojil zmago, bele\u017ei izjemno uspe\u0161en za\u010detek nove sezone Formule 1. Kravitz je kljub temu prepri\u010dan, da bi Wolff brez ob\u017ealovanja Russella zamenjal z aktualnim svetovnim prvakom, tudi \u010de britanski dirka\u010d vodil v prvenstvu ali celo postal svetovni prvak.<\/p>\n<blockquote>\n<p style=\"text-align: center;\"><em>&#8220;Mislim, da Russellova forma na to nima vpliva. \u010ce bi dobil prilo\u017enost, bi Wolff po vsej verjetnosti Russella zamenjal z Verstappnom, tudi \u010de bi Britanec vodil v prvenstvu. Formula 1 je \u017eal tako neizprosna, da Wolff ne bi dvakrat premislil o menjavi.&#8221;<\/em><\/p>\n<\/blockquote>\n<blockquote class=\"wp-embedded-content\" data-secret=\"8lNpQQCyNN\"><p><a href=\"https:\/\/portalf1.si\/index.php\/2025\/04\/16\/schumacher-je-razkril-nepricakovano-ekipo-kamor-bi-lahko-odsel-verstappen\/\">Schumacher je razkril nepri\u010dakovano ekipo, kamor bi lahko od\u0161el Verstappen<\/a><\/p><\/blockquote>\n<p><iframe loading=\"lazy\" class=\"wp-embedded-content\" sandbox=\"allow-scripts\" security=\"restricted\" style=\"position: absolute; visibility: hidden;\" title=\"&#8220;Schumacher je razkril nepri\u010dakovano ekipo, kamor bi lahko od\u0161el Verstappen&#8221; &#8212; Portal F1\" src=\"https:\/\/portalf1.si\/index.php\/2025\/04\/16\/schumacher-je-razkril-nepricakovano-ekipo-kamor-bi-lahko-odsel-verstappen\/embed\/#?secret=ZALJJldRbl#?secret=8lNpQQCyNN\" data-secret=\"8lNpQQCyNN\" width=\"600\" height=\"338\" frameborder=\"0\" marginwidth=\"0\" marginheight=\"0\" scrolling=\"no\"><\/iframe><\/p>\n","protected":false},"excerpt":{"rendered":"<p>Novinar in analitik britanskega Sky Sports Ted Kravitz verjame, da bi \u0161ef ekipe Mercedes Toto Wolff svojega varovanca Georgea Russella zamenjal z aktualnim svetovnim prvakom Maxom Verstappnom, tudi \u010de bi Britanec vodil v prvenstvu. Zdi se, da govorice o nezadovoljstvu Verstappna z njegovo trenutno ekipo Red Bull in so\u010dasno povezovanje z ostalimi ekipami, ki se [&hellip;]<\/p>\n","protected":false},"author":1,"featured_media":4963,"comment_status":"open","ping_status":"open","sticky":false,"template":"","format":"standard","meta":{"footnotes":""},"categories":[30,52,63,31,216,53],"tags":[44,50,159,45,51,158,55,47,54,217,56],"class_list":["post-4962","post","type-post","status-publish","format-standard","has-post-thumbnail","hentry","category-formula-1","category-george-russell","category-max-verstappen","category-novice","category-ted-kravitz","category-toto-wolff","tag-f1","tag-f1-2025","tag-f1-slovenija","tag-formula-1","tag-formula-1-2025","tag-formula-1-slovenija","tag-george-russell","tag-max-verstappen","tag-mercedes","tag-ted-kravitz","tag-toto-wolff"],"blocksy_meta":[],"yoast_head":"<!-- This site is optimized with the Yoast SEO plugin v27.4 - https:\/\/yoast.com\/product\/yoast-seo-wordpress\/ -->\n<title>&quot;Wolff bi Russella zamenjal z Verstappnom, tudi \u010de bi Britanec vodil v prvenstvu&quot; - Portal F1<\/title>\n<meta name=\"description\" content=\"Ted Kravitz verjame, da bi \u0161ef Mercedesa Toto Wolff Georgea Russella zamenjal z Maxom Verstappnom, tudi \u010de bi Britanec vodil v prvenstvu.\" \/>\n<meta name=\"robots\" content=\"index, follow, max-snippet:-1, max-image-preview:large, max-video-preview:-1\" \/>\n<link rel=\"canonical\" href=\"https:\/\/portalf1.si\/index.php\/2025\/04\/17\/wolff-bi-russella-zamenjal-z-verstappnom-tudi-ce-bi-britanec-vodil-v-prvenstvu\/\" \/>\n<meta property=\"og:locale\" content=\"sl_SI\" \/>\n<meta property=\"og:type\" content=\"article\" \/>\n<meta property=\"og:title\" content=\"&quot;Wolff bi Russella zamenjal z Verstappnom, tudi \u010de bi Britanec vodil v prvenstvu&quot; - Portal F1\" \/>\n<meta property=\"og:description\" content=\"Ted Kravitz verjame, da bi \u0161ef Mercedesa Toto Wolff Georgea Russella zamenjal z Maxom Verstappnom, tudi \u010de bi Britanec vodil v prvenstvu.\" \/>\n<meta property=\"og:url\" content=\"https:\/\/portalf1.si\/index.php\/2025\/04\/17\/wolff-bi-russella-zamenjal-z-verstappnom-tudi-ce-bi-britanec-vodil-v-prvenstvu\/\" \/>\n<meta property=\"og:site_name\" content=\"Portal F1\" \/>\n<meta property=\"article:publisher\" content=\"https:\/\/www.facebook.com\/portalf1.si\/?locale=sl_SI\" \/>\n<meta property=\"article:published_time\" content=\"2025-04-17T05:49:11+00:00\" \/>\n<meta property=\"og:image\" content=\"https:\/\/portalf1.si\/wp-content\/uploads\/2025\/04\/max-verstappen-red-bull-racing-4.webp\" \/>\n\t<meta property=\"og:image:width\" content=\"1000\" \/>\n\t<meta property=\"og:image:height\" content=\"667\" \/>\n\t<meta property=\"og:image:type\" content=\"image\/jpeg\" \/>\n<meta name=\"author\" content=\"Denis \u0160tojs\" \/>\n<meta name=\"twitter:card\" content=\"summary_large_image\" \/>\n<meta name=\"twitter:label1\" content=\"Written by\" \/>\n\t<meta name=\"twitter:data1\" content=\"Denis \u0160tojs\" \/>\n\t<meta name=\"twitter:label2\" content=\"Est. reading time\" \/>\n\t<meta name=\"twitter:data2\" content=\"2 minuti\" \/>\n<script type=\"application\/ld+json\" class=\"yoast-schema-graph\">{\"@context\":\"https:\\\/\\\/schema.org\",\"@graph\":[{\"@type\":\"Article\",\"@id\":\"https:\\\/\\\/portalf1.si\\\/index.php\\\/2025\\\/04\\\/17\\\/wolff-bi-russella-zamenjal-z-verstappnom-tudi-ce-bi-britanec-vodil-v-prvenstvu\\\/#article\",\"isPartOf\":{\"@id\":\"https:\\\/\\\/portalf1.si\\\/index.php\\\/2025\\\/04\\\/17\\\/wolff-bi-russella-zamenjal-z-verstappnom-tudi-ce-bi-britanec-vodil-v-prvenstvu\\\/\"},\"author\":{\"name\":\"Denis \u0160tojs\",\"@id\":\"https:\\\/\\\/portalf1.si\\\/#\\\/schema\\\/person\\\/abfef3ba57233710daadfbdd742fecd5\"},\"headline\":\"&#8220;Wolff bi Russella zamenjal z Verstappnom, tudi \u010de bi Britanec vodil v prvenstvu&#8221;\",\"datePublished\":\"2025-04-17T05:49:11+00:00\",\"mainEntityOfPage\":{\"@id\":\"https:\\\/\\\/portalf1.si\\\/index.php\\\/2025\\\/04\\\/17\\\/wolff-bi-russella-zamenjal-z-verstappnom-tudi-ce-bi-britanec-vodil-v-prvenstvu\\\/\"},\"wordCount\":230,\"commentCount\":0,\"publisher\":{\"@id\":\"https:\\\/\\\/portalf1.si\\\/#organization\"},\"image\":{\"@id\":\"https:\\\/\\\/portalf1.si\\\/index.php\\\/2025\\\/04\\\/17\\\/wolff-bi-russella-zamenjal-z-verstappnom-tudi-ce-bi-britanec-vodil-v-prvenstvu\\\/#primaryimage\"},\"thumbnailUrl\":\"https:\\\/\\\/portalf1.si\\\/wp-content\\\/uploads\\\/2025\\\/04\\\/max-verstappen-red-bull-racing-4.webp\",\"keywords\":[\"F1\",\"F1 2025\",\"F1 Slovenija\",\"Formula 1\",\"Formula 1 2025\",\"Formula 1 Slovenija\",\"George Russell\",\"Max Verstappen\",\"Mercedes\",\"Ted Kravitz\",\"Toto Wolff\"],\"articleSection\":[\"Formula 1\",\"George Russell\",\"Max Verstappen\",\"Novice\",\"Ted Kravitz\",\"Toto Wolff\"],\"inLanguage\":\"sl-SI\",\"potentialAction\":[{\"@type\":\"CommentAction\",\"name\":\"Comment\",\"target\":[\"https:\\\/\\\/portalf1.si\\\/index.php\\\/2025\\\/04\\\/17\\\/wolff-bi-russella-zamenjal-z-verstappnom-tudi-ce-bi-britanec-vodil-v-prvenstvu\\\/#respond\"]}]},{\"@type\":\"WebPage\",\"@id\":\"https:\\\/\\\/portalf1.si\\\/index.php\\\/2025\\\/04\\\/17\\\/wolff-bi-russella-zamenjal-z-verstappnom-tudi-ce-bi-britanec-vodil-v-prvenstvu\\\/\",\"url\":\"https:\\\/\\\/portalf1.si\\\/index.php\\\/2025\\\/04\\\/17\\\/wolff-bi-russella-zamenjal-z-verstappnom-tudi-ce-bi-britanec-vodil-v-prvenstvu\\\/\",\"name\":\"\\\"Wolff bi Russella zamenjal z Verstappnom, tudi \u010de bi Britanec vodil v prvenstvu\\\" - Portal F1\",\"isPartOf\":{\"@id\":\"https:\\\/\\\/portalf1.si\\\/#website\"},\"primaryImageOfPage\":{\"@id\":\"https:\\\/\\\/portalf1.si\\\/index.php\\\/2025\\\/04\\\/17\\\/wolff-bi-russella-zamenjal-z-verstappnom-tudi-ce-bi-britanec-vodil-v-prvenstvu\\\/#primaryimage\"},\"image\":{\"@id\":\"https:\\\/\\\/portalf1.si\\\/index.php\\\/2025\\\/04\\\/17\\\/wolff-bi-russella-zamenjal-z-verstappnom-tudi-ce-bi-britanec-vodil-v-prvenstvu\\\/#primaryimage\"},\"thumbnailUrl\":\"https:\\\/\\\/portalf1.si\\\/wp-content\\\/uploads\\\/2025\\\/04\\\/max-verstappen-red-bull-racing-4.webp\",\"datePublished\":\"2025-04-17T05:49:11+00:00\",\"description\":\"Ted Kravitz verjame, da bi \u0161ef Mercedesa Toto Wolff Georgea Russella zamenjal z Maxom Verstappnom, tudi \u010de bi Britanec vodil v prvenstvu.\",\"breadcrumb\":{\"@id\":\"https:\\\/\\\/portalf1.si\\\/index.php\\\/2025\\\/04\\\/17\\\/wolff-bi-russella-zamenjal-z-verstappnom-tudi-ce-bi-britanec-vodil-v-prvenstvu\\\/#breadcrumb\"},\"inLanguage\":\"sl-SI\",\"potentialAction\":[{\"@type\":\"ReadAction\",\"target\":[\"https:\\\/\\\/portalf1.si\\\/index.php\\\/2025\\\/04\\\/17\\\/wolff-bi-russella-zamenjal-z-verstappnom-tudi-ce-bi-britanec-vodil-v-prvenstvu\\\/\"]}]},{\"@type\":\"ImageObject\",\"inLanguage\":\"sl-SI\",\"@id\":\"https:\\\/\\\/portalf1.si\\\/index.php\\\/2025\\\/04\\\/17\\\/wolff-bi-russella-zamenjal-z-verstappnom-tudi-ce-bi-britanec-vodil-v-prvenstvu\\\/#primaryimage\",\"url\":\"https:\\\/\\\/portalf1.si\\\/wp-content\\\/uploads\\\/2025\\\/04\\\/max-verstappen-red-bull-racing-4.webp\",\"contentUrl\":\"https:\\\/\\\/portalf1.si\\\/wp-content\\\/uploads\\\/2025\\\/04\\\/max-verstappen-red-bull-racing-4.webp\",\"width\":1000,\"height\":667},{\"@type\":\"BreadcrumbList\",\"@id\":\"https:\\\/\\\/portalf1.si\\\/index.php\\\/2025\\\/04\\\/17\\\/wolff-bi-russella-zamenjal-z-verstappnom-tudi-ce-bi-britanec-vodil-v-prvenstvu\\\/#breadcrumb\",\"itemListElement\":[{\"@type\":\"ListItem\",\"position\":1,\"name\":\"Home\",\"item\":\"https:\\\/\\\/portalf1.si\\\/\"},{\"@type\":\"ListItem\",\"position\":2,\"name\":\"&#8220;Wolff bi Russella zamenjal z Verstappnom, tudi \u010de bi Britanec vodil v prvenstvu&#8221;\"}]},{\"@type\":\"WebSite\",\"@id\":\"https:\\\/\\\/portalf1.si\\\/#website\",\"url\":\"https:\\\/\\\/portalf1.si\\\/\",\"name\":\"Portal F1\",\"description\":\"Vstopite v svet hitrosti in adrenalina\",\"publisher\":{\"@id\":\"https:\\\/\\\/portalf1.si\\\/#organization\"},\"potentialAction\":[{\"@type\":\"SearchAction\",\"target\":{\"@type\":\"EntryPoint\",\"urlTemplate\":\"https:\\\/\\\/portalf1.si\\\/?s={search_term_string}\"},\"query-input\":{\"@type\":\"PropertyValueSpecification\",\"valueRequired\":true,\"valueName\":\"search_term_string\"}}],\"inLanguage\":\"sl-SI\"},{\"@type\":\"Organization\",\"@id\":\"https:\\\/\\\/portalf1.si\\\/#organization\",\"name\":\"Portal F1\",\"url\":\"https:\\\/\\\/portalf1.si\\\/\",\"logo\":{\"@type\":\"ImageObject\",\"inLanguage\":\"sl-SI\",\"@id\":\"https:\\\/\\\/portalf1.si\\\/#\\\/schema\\\/logo\\\/image\\\/\",\"url\":\"https:\\\/\\\/portalf1.si\\\/wp-content\\\/uploads\\\/2025\\\/02\\\/cropped-HiPaint_1738532868530.png\",\"contentUrl\":\"https:\\\/\\\/portalf1.si\\\/wp-content\\\/uploads\\\/2025\\\/02\\\/cropped-HiPaint_1738532868530.png\",\"width\":512,\"height\":512,\"caption\":\"Portal F1\"},\"image\":{\"@id\":\"https:\\\/\\\/portalf1.si\\\/#\\\/schema\\\/logo\\\/image\\\/\"},\"sameAs\":[\"https:\\\/\\\/www.facebook.com\\\/portalf1.si\\\/?locale=sl_SI\"]},{\"@type\":\"Person\",\"@id\":\"https:\\\/\\\/portalf1.si\\\/#\\\/schema\\\/person\\\/abfef3ba57233710daadfbdd742fecd5\",\"name\":\"Denis \u0160tojs\",\"image\":{\"@type\":\"ImageObject\",\"inLanguage\":\"sl-SI\",\"@id\":\"https:\\\/\\\/secure.gravatar.com\\\/avatar\\\/b006ce11dfb9c6e47e9de9803eefbdc14aa4afb445f3cca05acc735c22115b38?s=96&d=mm&r=g\",\"url\":\"https:\\\/\\\/secure.gravatar.com\\\/avatar\\\/b006ce11dfb9c6e47e9de9803eefbdc14aa4afb445f3cca05acc735c22115b38?s=96&d=mm&r=g\",\"contentUrl\":\"https:\\\/\\\/secure.gravatar.com\\\/avatar\\\/b006ce11dfb9c6e47e9de9803eefbdc14aa4afb445f3cca05acc735c22115b38?s=96&d=mm&r=g\",\"caption\":\"Denis \u0160tojs\"},\"sameAs\":[\"https:\\\/\\\/portalf1.si\"],\"url\":\"https:\\\/\\\/portalf1.si\\\/index.php\\\/author\\\/portalf1\\\/\"}]}<\/script>\n<!-- \/ Yoast SEO plugin. -->","yoast_head_json":{"title":"\"Wolff bi Russella zamenjal z Verstappnom, tudi \u010de bi Britanec vodil v prvenstvu\" - Portal F1","description":"Ted Kravitz verjame, da bi \u0161ef Mercedesa Toto Wolff Georgea Russella zamenjal z Maxom Verstappnom, tudi \u010de bi Britanec vodil v prvenstvu.","robots":{"index":"index","follow":"follow","max-snippet":"max-snippet:-1","max-image-preview":"max-image-preview:large","max-video-preview":"max-video-preview:-1"},"canonical":"https:\/\/portalf1.si\/index.php\/2025\/04\/17\/wolff-bi-russella-zamenjal-z-verstappnom-tudi-ce-bi-britanec-vodil-v-prvenstvu\/","og_locale":"sl_SI","og_type":"article","og_title":"\"Wolff bi Russella zamenjal z Verstappnom, tudi \u010de bi Britanec vodil v prvenstvu\" - Portal F1","og_description":"Ted Kravitz verjame, da bi \u0161ef Mercedesa Toto Wolff Georgea Russella zamenjal z Maxom Verstappnom, tudi \u010de bi Britanec vodil v prvenstvu.","og_url":"https:\/\/portalf1.si\/index.php\/2025\/04\/17\/wolff-bi-russella-zamenjal-z-verstappnom-tudi-ce-bi-britanec-vodil-v-prvenstvu\/","og_site_name":"Portal F1","article_publisher":"https:\/\/www.facebook.com\/portalf1.si\/?locale=sl_SI","article_published_time":"2025-04-17T05:49:11+00:00","og_image":[{"width":1000,"height":667,"url":"https:\/\/portalf1.si\/wp-content\/uploads\/2025\/04\/max-verstappen-red-bull-racing-4.webp","type":"image\/jpeg"}],"author":"Denis \u0160tojs","twitter_card":"summary_large_image","twitter_misc":{"Written by":"Denis \u0160tojs","Est. reading time":"2 minuti"},"schema":{"@context":"https:\/\/schema.org","@graph":[{"@type":"Article","@id":"https:\/\/portalf1.si\/index.php\/2025\/04\/17\/wolff-bi-russella-zamenjal-z-verstappnom-tudi-ce-bi-britanec-vodil-v-prvenstvu\/#article","isPartOf":{"@id":"https:\/\/portalf1.si\/index.php\/2025\/04\/17\/wolff-bi-russella-zamenjal-z-verstappnom-tudi-ce-bi-britanec-vodil-v-prvenstvu\/"},"author":{"name":"Denis \u0160tojs","@id":"https:\/\/portalf1.si\/#\/schema\/person\/abfef3ba57233710daadfbdd742fecd5"},"headline":"&#8220;Wolff bi Russella zamenjal z Verstappnom, tudi \u010de bi Britanec vodil v prvenstvu&#8221;","datePublished":"2025-04-17T05:49:11+00:00","mainEntityOfPage":{"@id":"https:\/\/portalf1.si\/index.php\/2025\/04\/17\/wolff-bi-russella-zamenjal-z-verstappnom-tudi-ce-bi-britanec-vodil-v-prvenstvu\/"},"wordCount":230,"commentCount":0,"publisher":{"@id":"https:\/\/portalf1.si\/#organization"},"image":{"@id":"https:\/\/portalf1.si\/index.php\/2025\/04\/17\/wolff-bi-russella-zamenjal-z-verstappnom-tudi-ce-bi-britanec-vodil-v-prvenstvu\/#primaryimage"},"thumbnailUrl":"https:\/\/portalf1.si\/wp-content\/uploads\/2025\/04\/max-verstappen-red-bull-racing-4.webp","keywords":["F1","F1 2025","F1 Slovenija","Formula 1","Formula 1 2025","Formula 1 Slovenija","George Russell","Max Verstappen","Mercedes","Ted Kravitz","Toto Wolff"],"articleSection":["Formula 1","George Russell","Max Verstappen","Novice","Ted Kravitz","Toto Wolff"],"inLanguage":"sl-SI","potentialAction":[{"@type":"CommentAction","name":"Comment","target":["https:\/\/portalf1.si\/index.php\/2025\/04\/17\/wolff-bi-russella-zamenjal-z-verstappnom-tudi-ce-bi-britanec-vodil-v-prvenstvu\/#respond"]}]},{"@type":"WebPage","@id":"https:\/\/portalf1.si\/index.php\/2025\/04\/17\/wolff-bi-russella-zamenjal-z-verstappnom-tudi-ce-bi-britanec-vodil-v-prvenstvu\/","url":"https:\/\/portalf1.si\/index.php\/2025\/04\/17\/wolff-bi-russella-zamenjal-z-verstappnom-tudi-ce-bi-britanec-vodil-v-prvenstvu\/","name":"\"Wolff bi Russella zamenjal z Verstappnom, tudi \u010de bi Britanec vodil v prvenstvu\" - Portal F1","isPartOf":{"@id":"https:\/\/portalf1.si\/#website"},"primaryImageOfPage":{"@id":"https:\/\/portalf1.si\/index.php\/2025\/04\/17\/wolff-bi-russella-zamenjal-z-verstappnom-tudi-ce-bi-britanec-vodil-v-prvenstvu\/#primaryimage"},"image":{"@id":"https:\/\/portalf1.si\/index.php\/2025\/04\/17\/wolff-bi-russella-zamenjal-z-verstappnom-tudi-ce-bi-britanec-vodil-v-prvenstvu\/#primaryimage"},"thumbnailUrl":"https:\/\/portalf1.si\/wp-content\/uploads\/2025\/04\/max-verstappen-red-bull-racing-4.webp","datePublished":"2025-04-17T05:49:11+00:00","description":"Ted Kravitz verjame, da bi \u0161ef Mercedesa Toto Wolff Georgea Russella zamenjal z Maxom Verstappnom, tudi \u010de bi Britanec vodil v prvenstvu.","breadcrumb":{"@id":"https:\/\/portalf1.si\/index.php\/2025\/04\/17\/wolff-bi-russella-zamenjal-z-verstappnom-tudi-ce-bi-britanec-vodil-v-prvenstvu\/#breadcrumb"},"inLanguage":"sl-SI","potentialAction":[{"@type":"ReadAction","target":["https:\/\/portalf1.si\/index.php\/2025\/04\/17\/wolff-bi-russella-zamenjal-z-verstappnom-tudi-ce-bi-britanec-vodil-v-prvenstvu\/"]}]},{"@type":"ImageObject","inLanguage":"sl-SI","@id":"https:\/\/portalf1.si\/index.php\/2025\/04\/17\/wolff-bi-russella-zamenjal-z-verstappnom-tudi-ce-bi-britanec-vodil-v-prvenstvu\/#primaryimage","url":"https:\/\/portalf1.si\/wp-content\/uploads\/2025\/04\/max-verstappen-red-bull-racing-4.webp","contentUrl":"https:\/\/portalf1.si\/wp-content\/uploads\/2025\/04\/max-verstappen-red-bull-racing-4.webp","width":1000,"height":667},{"@type":"BreadcrumbList","@id":"https:\/\/portalf1.si\/index.php\/2025\/04\/17\/wolff-bi-russella-zamenjal-z-verstappnom-tudi-ce-bi-britanec-vodil-v-prvenstvu\/#breadcrumb","itemListElement":[{"@type":"ListItem","position":1,"name":"Home","item":"https:\/\/portalf1.si\/"},{"@type":"ListItem","position":2,"name":"&#8220;Wolff bi Russella zamenjal z Verstappnom, tudi \u010de bi Britanec vodil v prvenstvu&#8221;"}]},{"@type":"WebSite","@id":"https:\/\/portalf1.si\/#website","url":"https:\/\/portalf1.si\/","name":"Portal F1","description":"Vstopite v svet hitrosti in adrenalina","publisher":{"@id":"https:\/\/portalf1.si\/#organization"},"potentialAction":[{"@type":"SearchAction","target":{"@type":"EntryPoint","urlTemplate":"https:\/\/portalf1.si\/?s={search_term_string}"},"query-input":{"@type":"PropertyValueSpecification","valueRequired":true,"valueName":"search_term_string"}}],"inLanguage":"sl-SI"},{"@type":"Organization","@id":"https:\/\/portalf1.si\/#organization","name":"Portal F1","url":"https:\/\/portalf1.si\/","logo":{"@type":"ImageObject","inLanguage":"sl-SI","@id":"https:\/\/portalf1.si\/#\/schema\/logo\/image\/","url":"https:\/\/portalf1.si\/wp-content\/uploads\/2025\/02\/cropped-HiPaint_1738532868530.png","contentUrl":"https:\/\/portalf1.si\/wp-content\/uploads\/2025\/02\/cropped-HiPaint_1738532868530.png","width":512,"height":512,"caption":"Portal F1"},"image":{"@id":"https:\/\/portalf1.si\/#\/schema\/logo\/image\/"},"sameAs":["https:\/\/www.facebook.com\/portalf1.si\/?locale=sl_SI"]},{"@type":"Person","@id":"https:\/\/portalf1.si\/#\/schema\/person\/abfef3ba57233710daadfbdd742fecd5","name":"Denis \u0160tojs","image":{"@type":"ImageObject","inLanguage":"sl-SI","@id":"https:\/\/secure.gravatar.com\/avatar\/b006ce11dfb9c6e47e9de9803eefbdc14aa4afb445f3cca05acc735c22115b38?s=96&d=mm&r=g","url":"https:\/\/secure.gravatar.com\/avatar\/b006ce11dfb9c6e47e9de9803eefbdc14aa4afb445f3cca05acc735c22115b38?s=96&d=mm&r=g","contentUrl":"https:\/\/secure.gravatar.com\/avatar\/b006ce11dfb9c6e47e9de9803eefbdc14aa4afb445f3cca05acc735c22115b38?s=96&d=mm&r=g","caption":"Denis \u0160tojs"},"sameAs":["https:\/\/portalf1.si"],"url":"https:\/\/portalf1.si\/index.php\/author\/portalf1\/"}]}},"_links":{"self":[{"href":"https:\/\/portalf1.si\/index.php\/wp-json\/wp\/v2\/posts\/4962","targetHints":{"allow":["GET"]}}],"collection":[{"href":"https:\/\/portalf1.si\/index.php\/wp-json\/wp\/v2\/posts"}],"about":[{"href":"https:\/\/portalf1.si\/index.php\/wp-json\/wp\/v2\/types\/post"}],"author":[{"embeddable":true,"href":"https:\/\/portalf1.si\/index.php\/wp-json\/wp\/v2\/users\/1"}],"replies":[{"embeddable":true,"href":"https:\/\/portalf1.si\/index.php\/wp-json\/wp\/v2\/comments?post=4962"}],"version-history":[{"count":3,"href":"https:\/\/portalf1.si\/index.php\/wp-json\/wp\/v2\/posts\/4962\/revisions"}],"predecessor-version":[{"id":4968,"href":"https:\/\/portalf1.si\/index.php\/wp-json\/wp\/v2\/posts\/4962\/revisions\/4968"}],"wp:featuredmedia":[{"embeddable":true,"href":"https:\/\/portalf1.si\/index.php\/wp-json\/wp\/v2\/media\/4963"}],"wp:attachment":[{"href":"https:\/\/portalf1.si\/index.php\/wp-json\/wp\/v2\/media?parent=4962"}],"wp:term":[{"taxonomy":"category","embeddable":true,"href":"https:\/\/portalf1.si\/index.php\/wp-json\/wp\/v2\/categories?post=4962"},{"taxonomy":"post_tag","embeddable":true,"href":"https:\/\/portalf1.si\/index.php\/wp-json\/wp\/v2\/tags?post=4962"}],"curies":[{"name":"wp","href":"https:\/\/api.w.org\/{rel}","templated":true}]}}