{"id":5181,"date":"2025-04-28T21:32:42","date_gmt":"2025-04-28T21:32:42","guid":{"rendered":"https:\/\/portalf1.si\/?p=5181"},"modified":"2025-04-28T21:32:42","modified_gmt":"2025-04-28T21:32:42","slug":"se-bo-formula-1-spremenila-v-formulo-e-prihodnost-je-elektricna","status":"publish","type":"post","link":"https:\/\/portalf1.si\/index.php\/2025\/04\/28\/se-bo-formula-1-spremenila-v-formulo-e-prihodnost-je-elektricna\/","title":{"rendered":"Se bo Formula 1 spremenila v Formulo E? Prihodnost je elektri\u010dna &#8230;"},"content":{"rendered":"<p><strong>Ali bo Formula 1 v prihodnosti postala naslednjica Formule E? Audijev generalni direktor, \u010digar znamka bo naslednje leto postala del karavane kraljice moto\u0161porta, meni, da je ta opcija zelo verjetna.<\/strong><\/p>\n<p>Nobena skrivnost ni, da pri Audiju \u017ee pred njihovo prvo sezono glasno podpirajo trajnostni prehod v Formuli 1. Izdaten napredek v tej smeri je bil tudi glavni razlog, da bo nem\u0161ka znamka z naslednjim letom postala del karavane kraljice moto\u0161porta.<\/p>\n<p>Vsi proizvajalci, ki so prisotni v Formuli 1, si prizadevajo, da bi znanja, ki so jih pridobili pri razvoju cestnih avtomobilov, lahko \u010dim bolj uspe\u0161no uporabili pri razvoju dirkalnikov. Audijev generalni direktor Gernot D\u00f6llner je v pogovoru za <a href=\"https:\/\/www.sueddeutsche.de\/\">S\u00fcddeutsche Zeitung<\/a> spregovoril o elektri\u010dni prihodnosti.<\/p>\n<p><em>&#8220;Samo poglejte si, kaj se je zgodilo v zadnjih dveh letih. E-mobilnost najprej ni mogla dovolj hitro napredovati, zato so ljudje prepri\u010dani, da se to ne bo nikoli zgodilo. Toda to so le dolgoro\u010dne ovire. Prihodnost bo zagotovo elektri\u010dna,&#8221;<\/em> je povedal D\u00f6llner. \u010ceprav se Nemec ob tem ni obregnil ob Formulo 1, je nedavno dal jasno vedeti, da mora kraljica moto\u0161porta delati podobne korake kot avtomobilska industrija, saj bi bil v nasportnem primeru Audijev prihod nesmiseln.<\/p>\n<blockquote class=\"wp-embedded-content\" data-secret=\"XrsvEjSNMD\"><p><a href=\"https:\/\/portalf1.si\/index.php\/2025\/04\/17\/kako-je-preminuli-jordan-zlil-gnev-nad-formulo-1-sramota-za-tiste-ki-so-to-dovolili\/\">Kako je preminuli Jordan zlil gnev nad Formulo 1: Sramota za tiste, ki so to dovolili<\/a><\/p><\/blockquote>\n<p><iframe loading=\"lazy\" class=\"wp-embedded-content\" sandbox=\"allow-scripts\" security=\"restricted\" style=\"position: absolute; visibility: hidden;\" title=\"&#8220;Kako je preminuli Jordan zlil gnev nad Formulo 1: Sramota za tiste, ki so to dovolili&#8221; &#8212; Portal F1\" src=\"https:\/\/portalf1.si\/index.php\/2025\/04\/17\/kako-je-preminuli-jordan-zlil-gnev-nad-formulo-1-sramota-za-tiste-ki-so-to-dovolili\/embed\/#?secret=jGGMTHZCR8#?secret=XrsvEjSNMD\" data-secret=\"XrsvEjSNMD\" width=\"600\" height=\"338\" frameborder=\"0\" marginwidth=\"0\" marginheight=\"0\" scrolling=\"no\"><\/iframe><\/p>\n","protected":false},"excerpt":{"rendered":"<p>Ali bo Formula 1 v prihodnosti postala naslednjica Formule E? Audijev generalni direktor, \u010digar znamka bo naslednje leto postala del karavane kraljice moto\u0161porta, meni, da je ta opcija zelo verjetna. Nobena skrivnost ni, da pri Audiju \u017ee pred njihovo prvo sezono glasno podpirajo trajnostni prehod v Formuli 1. Izdaten napredek v tej smeri je bil [&hellip;]<\/p>\n","protected":false},"author":1,"featured_media":5184,"comment_status":"open","ping_status":"open","sticky":false,"template":"","format":"standard","meta":{"footnotes":""},"categories":[234,30,31],"tags":[235,44,50,159,45,51,158],"class_list":["post-5181","post","type-post","status-publish","format-standard","has-post-thumbnail","hentry","category-audi","category-formula-1","category-novice","tag-audi","tag-f1","tag-f1-2025","tag-f1-slovenija","tag-formula-1","tag-formula-1-2025","tag-formula-1-slovenija"],"blocksy_meta":[],"yoast_head":"<!-- This site is optimized with the Yoast SEO plugin v27.4 - https:\/\/yoast.com\/product\/yoast-seo-wordpress\/ -->\n<title>Se bo Formula 1 spremenila v Formulo E? Prihodnost je elektri\u010dna ... - Portal F1<\/title>\n<meta name=\"description\" content=\"Ali bo Formula 1 v prihodnosti postala naslednjica Formule E? Audijev generalni direktor meni, da je ta opcija zelo verjetna.\" \/>\n<meta name=\"robots\" content=\"index, follow, max-snippet:-1, max-image-preview:large, max-video-preview:-1\" \/>\n<link rel=\"canonical\" href=\"https:\/\/portalf1.si\/index.php\/2025\/04\/28\/se-bo-formula-1-spremenila-v-formulo-e-prihodnost-je-elektricna\/\" \/>\n<meta property=\"og:locale\" content=\"sl_SI\" \/>\n<meta property=\"og:type\" content=\"article\" \/>\n<meta property=\"og:title\" content=\"Se bo Formula 1 spremenila v Formulo E? Prihodnost je elektri\u010dna ... - Portal F1\" \/>\n<meta property=\"og:description\" content=\"Ali bo Formula 1 v prihodnosti postala naslednjica Formule E? Audijev generalni direktor meni, da je ta opcija zelo verjetna.\" \/>\n<meta property=\"og:url\" content=\"https:\/\/portalf1.si\/index.php\/2025\/04\/28\/se-bo-formula-1-spremenila-v-formulo-e-prihodnost-je-elektricna\/\" \/>\n<meta property=\"og:site_name\" content=\"Portal F1\" \/>\n<meta property=\"article:publisher\" content=\"https:\/\/www.facebook.com\/portalf1.si\/?locale=sl_SI\" \/>\n<meta property=\"article:published_time\" content=\"2025-04-28T21:32:42+00:00\" \/>\n<meta property=\"og:image\" content=\"https:\/\/portalf1.si\/wp-content\/uploads\/2025\/04\/Spacesuit-Media-Paddy-McGrath-474802.webp\" \/>\n\t<meta property=\"og:image:width\" content=\"2000\" \/>\n\t<meta property=\"og:image:height\" content=\"1334\" \/>\n\t<meta property=\"og:image:type\" content=\"image\/jpeg\" \/>\n<meta name=\"author\" content=\"Denis \u0160tojs\" \/>\n<meta name=\"twitter:card\" content=\"summary_large_image\" \/>\n<meta name=\"twitter:label1\" content=\"Written by\" \/>\n\t<meta name=\"twitter:data1\" content=\"Denis \u0160tojs\" \/>\n\t<meta name=\"twitter:label2\" content=\"Est. reading time\" \/>\n\t<meta name=\"twitter:data2\" content=\"2 minuti\" \/>\n<script type=\"application\/ld+json\" class=\"yoast-schema-graph\">{\"@context\":\"https:\\\/\\\/schema.org\",\"@graph\":[{\"@type\":\"Article\",\"@id\":\"https:\\\/\\\/portalf1.si\\\/index.php\\\/2025\\\/04\\\/28\\\/se-bo-formula-1-spremenila-v-formulo-e-prihodnost-je-elektricna\\\/#article\",\"isPartOf\":{\"@id\":\"https:\\\/\\\/portalf1.si\\\/index.php\\\/2025\\\/04\\\/28\\\/se-bo-formula-1-spremenila-v-formulo-e-prihodnost-je-elektricna\\\/\"},\"author\":{\"name\":\"Denis \u0160tojs\",\"@id\":\"https:\\\/\\\/portalf1.si\\\/#\\\/schema\\\/person\\\/abfef3ba57233710daadfbdd742fecd5\"},\"headline\":\"Se bo Formula 1 spremenila v Formulo E? Prihodnost je elektri\u010dna &#8230;\",\"datePublished\":\"2025-04-28T21:32:42+00:00\",\"mainEntityOfPage\":{\"@id\":\"https:\\\/\\\/portalf1.si\\\/index.php\\\/2025\\\/04\\\/28\\\/se-bo-formula-1-spremenila-v-formulo-e-prihodnost-je-elektricna\\\/\"},\"wordCount\":216,\"commentCount\":1,\"publisher\":{\"@id\":\"https:\\\/\\\/portalf1.si\\\/#organization\"},\"image\":{\"@id\":\"https:\\\/\\\/portalf1.si\\\/index.php\\\/2025\\\/04\\\/28\\\/se-bo-formula-1-spremenila-v-formulo-e-prihodnost-je-elektricna\\\/#primaryimage\"},\"thumbnailUrl\":\"https:\\\/\\\/portalf1.si\\\/wp-content\\\/uploads\\\/2025\\\/04\\\/Spacesuit-Media-Paddy-McGrath-474802.webp\",\"keywords\":[\"Audi\",\"F1\",\"F1 2025\",\"F1 Slovenija\",\"Formula 1\",\"Formula 1 2025\",\"Formula 1 Slovenija\"],\"articleSection\":[\"Audi\",\"Formula 1\",\"Novice\"],\"inLanguage\":\"sl-SI\",\"potentialAction\":[{\"@type\":\"CommentAction\",\"name\":\"Comment\",\"target\":[\"https:\\\/\\\/portalf1.si\\\/index.php\\\/2025\\\/04\\\/28\\\/se-bo-formula-1-spremenila-v-formulo-e-prihodnost-je-elektricna\\\/#respond\"]}]},{\"@type\":\"WebPage\",\"@id\":\"https:\\\/\\\/portalf1.si\\\/index.php\\\/2025\\\/04\\\/28\\\/se-bo-formula-1-spremenila-v-formulo-e-prihodnost-je-elektricna\\\/\",\"url\":\"https:\\\/\\\/portalf1.si\\\/index.php\\\/2025\\\/04\\\/28\\\/se-bo-formula-1-spremenila-v-formulo-e-prihodnost-je-elektricna\\\/\",\"name\":\"Se bo Formula 1 spremenila v Formulo E? Prihodnost je elektri\u010dna ... - Portal F1\",\"isPartOf\":{\"@id\":\"https:\\\/\\\/portalf1.si\\\/#website\"},\"primaryImageOfPage\":{\"@id\":\"https:\\\/\\\/portalf1.si\\\/index.php\\\/2025\\\/04\\\/28\\\/se-bo-formula-1-spremenila-v-formulo-e-prihodnost-je-elektricna\\\/#primaryimage\"},\"image\":{\"@id\":\"https:\\\/\\\/portalf1.si\\\/index.php\\\/2025\\\/04\\\/28\\\/se-bo-formula-1-spremenila-v-formulo-e-prihodnost-je-elektricna\\\/#primaryimage\"},\"thumbnailUrl\":\"https:\\\/\\\/portalf1.si\\\/wp-content\\\/uploads\\\/2025\\\/04\\\/Spacesuit-Media-Paddy-McGrath-474802.webp\",\"datePublished\":\"2025-04-28T21:32:42+00:00\",\"description\":\"Ali bo Formula 1 v prihodnosti postala naslednjica Formule E? Audijev generalni direktor meni, da je ta opcija zelo verjetna.\",\"breadcrumb\":{\"@id\":\"https:\\\/\\\/portalf1.si\\\/index.php\\\/2025\\\/04\\\/28\\\/se-bo-formula-1-spremenila-v-formulo-e-prihodnost-je-elektricna\\\/#breadcrumb\"},\"inLanguage\":\"sl-SI\",\"potentialAction\":[{\"@type\":\"ReadAction\",\"target\":[\"https:\\\/\\\/portalf1.si\\\/index.php\\\/2025\\\/04\\\/28\\\/se-bo-formula-1-spremenila-v-formulo-e-prihodnost-je-elektricna\\\/\"]}]},{\"@type\":\"ImageObject\",\"inLanguage\":\"sl-SI\",\"@id\":\"https:\\\/\\\/portalf1.si\\\/index.php\\\/2025\\\/04\\\/28\\\/se-bo-formula-1-spremenila-v-formulo-e-prihodnost-je-elektricna\\\/#primaryimage\",\"url\":\"https:\\\/\\\/portalf1.si\\\/wp-content\\\/uploads\\\/2025\\\/04\\\/Spacesuit-Media-Paddy-McGrath-474802.webp\",\"contentUrl\":\"https:\\\/\\\/portalf1.si\\\/wp-content\\\/uploads\\\/2025\\\/04\\\/Spacesuit-Media-Paddy-McGrath-474802.webp\",\"width\":2000,\"height\":1334},{\"@type\":\"BreadcrumbList\",\"@id\":\"https:\\\/\\\/portalf1.si\\\/index.php\\\/2025\\\/04\\\/28\\\/se-bo-formula-1-spremenila-v-formulo-e-prihodnost-je-elektricna\\\/#breadcrumb\",\"itemListElement\":[{\"@type\":\"ListItem\",\"position\":1,\"name\":\"Home\",\"item\":\"https:\\\/\\\/portalf1.si\\\/\"},{\"@type\":\"ListItem\",\"position\":2,\"name\":\"Se bo Formula 1 spremenila v Formulo E? Prihodnost je elektri\u010dna &#8230;\"}]},{\"@type\":\"WebSite\",\"@id\":\"https:\\\/\\\/portalf1.si\\\/#website\",\"url\":\"https:\\\/\\\/portalf1.si\\\/\",\"name\":\"Portal F1\",\"description\":\"Vstopite v svet hitrosti in adrenalina\",\"publisher\":{\"@id\":\"https:\\\/\\\/portalf1.si\\\/#organization\"},\"potentialAction\":[{\"@type\":\"SearchAction\",\"target\":{\"@type\":\"EntryPoint\",\"urlTemplate\":\"https:\\\/\\\/portalf1.si\\\/?s={search_term_string}\"},\"query-input\":{\"@type\":\"PropertyValueSpecification\",\"valueRequired\":true,\"valueName\":\"search_term_string\"}}],\"inLanguage\":\"sl-SI\"},{\"@type\":\"Organization\",\"@id\":\"https:\\\/\\\/portalf1.si\\\/#organization\",\"name\":\"Portal F1\",\"url\":\"https:\\\/\\\/portalf1.si\\\/\",\"logo\":{\"@type\":\"ImageObject\",\"inLanguage\":\"sl-SI\",\"@id\":\"https:\\\/\\\/portalf1.si\\\/#\\\/schema\\\/logo\\\/image\\\/\",\"url\":\"https:\\\/\\\/portalf1.si\\\/wp-content\\\/uploads\\\/2025\\\/02\\\/cropped-HiPaint_1738532868530.png\",\"contentUrl\":\"https:\\\/\\\/portalf1.si\\\/wp-content\\\/uploads\\\/2025\\\/02\\\/cropped-HiPaint_1738532868530.png\",\"width\":512,\"height\":512,\"caption\":\"Portal F1\"},\"image\":{\"@id\":\"https:\\\/\\\/portalf1.si\\\/#\\\/schema\\\/logo\\\/image\\\/\"},\"sameAs\":[\"https:\\\/\\\/www.facebook.com\\\/portalf1.si\\\/?locale=sl_SI\"]},{\"@type\":\"Person\",\"@id\":\"https:\\\/\\\/portalf1.si\\\/#\\\/schema\\\/person\\\/abfef3ba57233710daadfbdd742fecd5\",\"name\":\"Denis \u0160tojs\",\"image\":{\"@type\":\"ImageObject\",\"inLanguage\":\"sl-SI\",\"@id\":\"https:\\\/\\\/secure.gravatar.com\\\/avatar\\\/b006ce11dfb9c6e47e9de9803eefbdc14aa4afb445f3cca05acc735c22115b38?s=96&d=mm&r=g\",\"url\":\"https:\\\/\\\/secure.gravatar.com\\\/avatar\\\/b006ce11dfb9c6e47e9de9803eefbdc14aa4afb445f3cca05acc735c22115b38?s=96&d=mm&r=g\",\"contentUrl\":\"https:\\\/\\\/secure.gravatar.com\\\/avatar\\\/b006ce11dfb9c6e47e9de9803eefbdc14aa4afb445f3cca05acc735c22115b38?s=96&d=mm&r=g\",\"caption\":\"Denis \u0160tojs\"},\"sameAs\":[\"https:\\\/\\\/portalf1.si\"],\"url\":\"https:\\\/\\\/portalf1.si\\\/index.php\\\/author\\\/portalf1\\\/\"}]}<\/script>\n<!-- \/ Yoast SEO plugin. -->","yoast_head_json":{"title":"Se bo Formula 1 spremenila v Formulo E? Prihodnost je elektri\u010dna ... - Portal F1","description":"Ali bo Formula 1 v prihodnosti postala naslednjica Formule E? Audijev generalni direktor meni, da je ta opcija zelo verjetna.","robots":{"index":"index","follow":"follow","max-snippet":"max-snippet:-1","max-image-preview":"max-image-preview:large","max-video-preview":"max-video-preview:-1"},"canonical":"https:\/\/portalf1.si\/index.php\/2025\/04\/28\/se-bo-formula-1-spremenila-v-formulo-e-prihodnost-je-elektricna\/","og_locale":"sl_SI","og_type":"article","og_title":"Se bo Formula 1 spremenila v Formulo E? Prihodnost je elektri\u010dna ... - Portal F1","og_description":"Ali bo Formula 1 v prihodnosti postala naslednjica Formule E? Audijev generalni direktor meni, da je ta opcija zelo verjetna.","og_url":"https:\/\/portalf1.si\/index.php\/2025\/04\/28\/se-bo-formula-1-spremenila-v-formulo-e-prihodnost-je-elektricna\/","og_site_name":"Portal F1","article_publisher":"https:\/\/www.facebook.com\/portalf1.si\/?locale=sl_SI","article_published_time":"2025-04-28T21:32:42+00:00","og_image":[{"width":2000,"height":1334,"url":"https:\/\/portalf1.si\/wp-content\/uploads\/2025\/04\/Spacesuit-Media-Paddy-McGrath-474802.webp","type":"image\/jpeg"}],"author":"Denis \u0160tojs","twitter_card":"summary_large_image","twitter_misc":{"Written by":"Denis \u0160tojs","Est. reading time":"2 minuti"},"schema":{"@context":"https:\/\/schema.org","@graph":[{"@type":"Article","@id":"https:\/\/portalf1.si\/index.php\/2025\/04\/28\/se-bo-formula-1-spremenila-v-formulo-e-prihodnost-je-elektricna\/#article","isPartOf":{"@id":"https:\/\/portalf1.si\/index.php\/2025\/04\/28\/se-bo-formula-1-spremenila-v-formulo-e-prihodnost-je-elektricna\/"},"author":{"name":"Denis \u0160tojs","@id":"https:\/\/portalf1.si\/#\/schema\/person\/abfef3ba57233710daadfbdd742fecd5"},"headline":"Se bo Formula 1 spremenila v Formulo E? Prihodnost je elektri\u010dna &#8230;","datePublished":"2025-04-28T21:32:42+00:00","mainEntityOfPage":{"@id":"https:\/\/portalf1.si\/index.php\/2025\/04\/28\/se-bo-formula-1-spremenila-v-formulo-e-prihodnost-je-elektricna\/"},"wordCount":216,"commentCount":1,"publisher":{"@id":"https:\/\/portalf1.si\/#organization"},"image":{"@id":"https:\/\/portalf1.si\/index.php\/2025\/04\/28\/se-bo-formula-1-spremenila-v-formulo-e-prihodnost-je-elektricna\/#primaryimage"},"thumbnailUrl":"https:\/\/portalf1.si\/wp-content\/uploads\/2025\/04\/Spacesuit-Media-Paddy-McGrath-474802.webp","keywords":["Audi","F1","F1 2025","F1 Slovenija","Formula 1","Formula 1 2025","Formula 1 Slovenija"],"articleSection":["Audi","Formula 1","Novice"],"inLanguage":"sl-SI","potentialAction":[{"@type":"CommentAction","name":"Comment","target":["https:\/\/portalf1.si\/index.php\/2025\/04\/28\/se-bo-formula-1-spremenila-v-formulo-e-prihodnost-je-elektricna\/#respond"]}]},{"@type":"WebPage","@id":"https:\/\/portalf1.si\/index.php\/2025\/04\/28\/se-bo-formula-1-spremenila-v-formulo-e-prihodnost-je-elektricna\/","url":"https:\/\/portalf1.si\/index.php\/2025\/04\/28\/se-bo-formula-1-spremenila-v-formulo-e-prihodnost-je-elektricna\/","name":"Se bo Formula 1 spremenila v Formulo E? Prihodnost je elektri\u010dna ... - Portal F1","isPartOf":{"@id":"https:\/\/portalf1.si\/#website"},"primaryImageOfPage":{"@id":"https:\/\/portalf1.si\/index.php\/2025\/04\/28\/se-bo-formula-1-spremenila-v-formulo-e-prihodnost-je-elektricna\/#primaryimage"},"image":{"@id":"https:\/\/portalf1.si\/index.php\/2025\/04\/28\/se-bo-formula-1-spremenila-v-formulo-e-prihodnost-je-elektricna\/#primaryimage"},"thumbnailUrl":"https:\/\/portalf1.si\/wp-content\/uploads\/2025\/04\/Spacesuit-Media-Paddy-McGrath-474802.webp","datePublished":"2025-04-28T21:32:42+00:00","description":"Ali bo Formula 1 v prihodnosti postala naslednjica Formule E? Audijev generalni direktor meni, da je ta opcija zelo verjetna.","breadcrumb":{"@id":"https:\/\/portalf1.si\/index.php\/2025\/04\/28\/se-bo-formula-1-spremenila-v-formulo-e-prihodnost-je-elektricna\/#breadcrumb"},"inLanguage":"sl-SI","potentialAction":[{"@type":"ReadAction","target":["https:\/\/portalf1.si\/index.php\/2025\/04\/28\/se-bo-formula-1-spremenila-v-formulo-e-prihodnost-je-elektricna\/"]}]},{"@type":"ImageObject","inLanguage":"sl-SI","@id":"https:\/\/portalf1.si\/index.php\/2025\/04\/28\/se-bo-formula-1-spremenila-v-formulo-e-prihodnost-je-elektricna\/#primaryimage","url":"https:\/\/portalf1.si\/wp-content\/uploads\/2025\/04\/Spacesuit-Media-Paddy-McGrath-474802.webp","contentUrl":"https:\/\/portalf1.si\/wp-content\/uploads\/2025\/04\/Spacesuit-Media-Paddy-McGrath-474802.webp","width":2000,"height":1334},{"@type":"BreadcrumbList","@id":"https:\/\/portalf1.si\/index.php\/2025\/04\/28\/se-bo-formula-1-spremenila-v-formulo-e-prihodnost-je-elektricna\/#breadcrumb","itemListElement":[{"@type":"ListItem","position":1,"name":"Home","item":"https:\/\/portalf1.si\/"},{"@type":"ListItem","position":2,"name":"Se bo Formula 1 spremenila v Formulo E? Prihodnost je elektri\u010dna &#8230;"}]},{"@type":"WebSite","@id":"https:\/\/portalf1.si\/#website","url":"https:\/\/portalf1.si\/","name":"Portal F1","description":"Vstopite v svet hitrosti in adrenalina","publisher":{"@id":"https:\/\/portalf1.si\/#organization"},"potentialAction":[{"@type":"SearchAction","target":{"@type":"EntryPoint","urlTemplate":"https:\/\/portalf1.si\/?s={search_term_string}"},"query-input":{"@type":"PropertyValueSpecification","valueRequired":true,"valueName":"search_term_string"}}],"inLanguage":"sl-SI"},{"@type":"Organization","@id":"https:\/\/portalf1.si\/#organization","name":"Portal F1","url":"https:\/\/portalf1.si\/","logo":{"@type":"ImageObject","inLanguage":"sl-SI","@id":"https:\/\/portalf1.si\/#\/schema\/logo\/image\/","url":"https:\/\/portalf1.si\/wp-content\/uploads\/2025\/02\/cropped-HiPaint_1738532868530.png","contentUrl":"https:\/\/portalf1.si\/wp-content\/uploads\/2025\/02\/cropped-HiPaint_1738532868530.png","width":512,"height":512,"caption":"Portal F1"},"image":{"@id":"https:\/\/portalf1.si\/#\/schema\/logo\/image\/"},"sameAs":["https:\/\/www.facebook.com\/portalf1.si\/?locale=sl_SI"]},{"@type":"Person","@id":"https:\/\/portalf1.si\/#\/schema\/person\/abfef3ba57233710daadfbdd742fecd5","name":"Denis \u0160tojs","image":{"@type":"ImageObject","inLanguage":"sl-SI","@id":"https:\/\/secure.gravatar.com\/avatar\/b006ce11dfb9c6e47e9de9803eefbdc14aa4afb445f3cca05acc735c22115b38?s=96&d=mm&r=g","url":"https:\/\/secure.gravatar.com\/avatar\/b006ce11dfb9c6e47e9de9803eefbdc14aa4afb445f3cca05acc735c22115b38?s=96&d=mm&r=g","contentUrl":"https:\/\/secure.gravatar.com\/avatar\/b006ce11dfb9c6e47e9de9803eefbdc14aa4afb445f3cca05acc735c22115b38?s=96&d=mm&r=g","caption":"Denis \u0160tojs"},"sameAs":["https:\/\/portalf1.si"],"url":"https:\/\/portalf1.si\/index.php\/author\/portalf1\/"}]}},"_links":{"self":[{"href":"https:\/\/portalf1.si\/index.php\/wp-json\/wp\/v2\/posts\/5181","targetHints":{"allow":["GET"]}}],"collection":[{"href":"https:\/\/portalf1.si\/index.php\/wp-json\/wp\/v2\/posts"}],"about":[{"href":"https:\/\/portalf1.si\/index.php\/wp-json\/wp\/v2\/types\/post"}],"author":[{"embeddable":true,"href":"https:\/\/portalf1.si\/index.php\/wp-json\/wp\/v2\/users\/1"}],"replies":[{"embeddable":true,"href":"https:\/\/portalf1.si\/index.php\/wp-json\/wp\/v2\/comments?post=5181"}],"version-history":[{"count":2,"href":"https:\/\/portalf1.si\/index.php\/wp-json\/wp\/v2\/posts\/5181\/revisions"}],"predecessor-version":[{"id":5185,"href":"https:\/\/portalf1.si\/index.php\/wp-json\/wp\/v2\/posts\/5181\/revisions\/5185"}],"wp:featuredmedia":[{"embeddable":true,"href":"https:\/\/portalf1.si\/index.php\/wp-json\/wp\/v2\/media\/5184"}],"wp:attachment":[{"href":"https:\/\/portalf1.si\/index.php\/wp-json\/wp\/v2\/media?parent=5181"}],"wp:term":[{"taxonomy":"category","embeddable":true,"href":"https:\/\/portalf1.si\/index.php\/wp-json\/wp\/v2\/categories?post=5181"},{"taxonomy":"post_tag","embeddable":true,"href":"https:\/\/portalf1.si\/index.php\/wp-json\/wp\/v2\/tags?post=5181"}],"curies":[{"name":"wp","href":"https:\/\/api.w.org\/{rel}","templated":true}]}}