{"id":6505,"date":"2025-07-01T12:58:31","date_gmt":"2025-07-01T12:58:31","guid":{"rendered":"https:\/\/portalf1.si\/?p=6505"},"modified":"2025-07-01T12:58:31","modified_gmt":"2025-07-01T12:58:31","slug":"pogovori-med-verstappnom-in-mercedesom-naj-bi-bili-ze-zelo-intenzivni","status":"publish","type":"post","link":"https:\/\/portalf1.si\/index.php\/2025\/07\/01\/pogovori-med-verstappnom-in-mercedesom-naj-bi-bili-ze-zelo-intenzivni\/","title":{"rendered":"Pogovori med Verstappnom in Mercedesom naj bi bili \u017ee zelo intenzivni"},"content":{"rendered":"<p><strong>Novinar priznane nem\u0161ke spletne strani je zapisal, da naj bi se Max Verstappen in Mercedes v prihodnjih tednih \u0161e intenzivneje pogovarjala o morebitnem sodelovanju, pri \u010demer se sklicuje na razmere in dinamiko znotraj Red Bulla.<\/strong><\/p>\n<p>Znano je, da Verstappen \u0161e vedno daje prednost Red Bullu, a Nizozemec ni naiven in si pu\u0161\u010da odprte vse mo\u017enosti, zato so pogovori z Mercedesom logi\u010dna poteza. Tudi Toto Wolff je v petek priznal, da pogovori potekajo, a \u0161e ni\u010d ni dogovorjeno.<\/p>\n<p>Za zdaj Verstappen to in naslednjo sezono ostaja pri Red Bullu. Bi se to lahko spremenilo? V primeru, da Christian Horner obdr\u017ei svojo mo\u010d znotraj ekipe, je odgovor vereljetno pozitiven. To je znano \u017ee nekaj \u010dasa, saj se tega zavedajo tudi pri Red Bull GmbH. Odlo\u010ditev je jasna. Ekipa iz Milton Keynesa se bo morala odlo\u010diti med Verstappnom in Hornerjem.<\/p>\n<p>\u010ce se bo ekipa odlo\u010dila za Hornerja, se bodo Mercedesova vrata verjetno na ste\u017eaj odprla. Verstappen tako logi\u010dno ohranja stik z Wolffom. V prihodnjih tednih bodo verjetno znane \u0161e kak\u0161ne informacije.<\/p>\n<p>Toda ali je Mercedes sploh nujno pomeni napredek? Nekateri zanesljivi viri navajajo, da Mercedes trenutno ni najprivla\u010dnej\u0161a izbira. Dober primer je prav dirka v Spielbergu, kjer je George Russell zaostal za zmagovalcem Landom Norrisom ve\u010d kot 62 sekund.<\/p>\n<p>\u010ceprav se je dolgo pri\u010dakovalo, da bo Mercedesov pogonski sklop najmo\u010dnej\u0161i, naj bi pozna sprememba razmerja med baterijo in motorjem z notranjim izgorevanjem prinesla precej manj\u0161e razlike med ekipami. Tako je na koncu vse odvisno od \u0161asije oziroma aerodinamike in tu ima Red Bull v zadnjih letih o\u010ditno prednost pred Mercedesom.<\/p>\n<blockquote class=\"wp-embedded-content\" data-secret=\"ZUJxZpjF4v\"><p><a href=\"https:\/\/portalf1.si\/index.php\/2025\/06\/30\/wolff-je-razkril-kdaj-bo-mercedes-predstavil-dirkasko-zasedbo-za-sezono-2026\/\">Wolff je razkril, kdaj bo Mercedes predstavil dirka\u0161ko zasedbo za sezono 2026<\/a><\/p><\/blockquote>\n<p><iframe loading=\"lazy\" class=\"wp-embedded-content\" sandbox=\"allow-scripts\" security=\"restricted\" style=\"position: absolute; visibility: hidden;\" title=\"&#8220;Wolff je razkril, kdaj bo Mercedes predstavil dirka\u0161ko zasedbo za sezono 2026&#8221; &#8212; Portal F1\" src=\"https:\/\/portalf1.si\/index.php\/2025\/06\/30\/wolff-je-razkril-kdaj-bo-mercedes-predstavil-dirkasko-zasedbo-za-sezono-2026\/embed\/#?secret=tWWwwAWN9M#?secret=ZUJxZpjF4v\" data-secret=\"ZUJxZpjF4v\" width=\"600\" height=\"338\" frameborder=\"0\" marginwidth=\"0\" marginheight=\"0\" scrolling=\"no\"><\/iframe><\/p>\n","protected":false},"excerpt":{"rendered":"<p>Novinar priznane nem\u0161ke spletne strani je zapisal, da naj bi se Max Verstappen in Mercedes v prihodnjih tednih \u0161e intenzivneje pogovarjala o morebitnem sodelovanju, pri \u010demer se sklicuje na razmere in dinamiko znotraj Red Bulla. Znano je, da Verstappen \u0161e vedno daje prednost Red Bullu, a Nizozemec ni naiven in si pu\u0161\u010da odprte vse mo\u017enosti, [&hellip;]<\/p>\n","protected":false},"author":1,"featured_media":6509,"comment_status":"open","ping_status":"open","sticky":false,"template":"","format":"standard","meta":{"footnotes":""},"categories":[30,63,35,31],"tags":[44,50,159,45,51,158,47,54,64],"class_list":["post-6505","post","type-post","status-publish","format-standard","has-post-thumbnail","hentry","category-formula-1","category-max-verstappen","category-mercedes","category-novice","tag-f1","tag-f1-2025","tag-f1-slovenija","tag-formula-1","tag-formula-1-2025","tag-formula-1-slovenija","tag-max-verstappen","tag-mercedes","tag-red-bull"],"blocksy_meta":[],"yoast_head":"<!-- This site is optimized with the Yoast SEO plugin v27.4 - https:\/\/yoast.com\/product\/yoast-seo-wordpress\/ -->\n<title>Pogovori med Verstappnom in Mercedesom naj bi bili \u017ee zelo intenzivni - Portal F1<\/title>\n<meta name=\"description\" content=\"Novinar priznane nem\u0161ke spletne strani je zapisal, da naj bi se Max Verstappen in Mercedes \u017ee intenzivno pogovarjala o morebitnem sodelovanju.\" \/>\n<meta name=\"robots\" content=\"index, follow, max-snippet:-1, max-image-preview:large, max-video-preview:-1\" \/>\n<link rel=\"canonical\" href=\"https:\/\/portalf1.si\/index.php\/2025\/07\/01\/pogovori-med-verstappnom-in-mercedesom-naj-bi-bili-ze-zelo-intenzivni\/\" \/>\n<meta property=\"og:locale\" content=\"sl_SI\" \/>\n<meta property=\"og:type\" content=\"article\" \/>\n<meta property=\"og:title\" content=\"Pogovori med Verstappnom in Mercedesom naj bi bili \u017ee zelo intenzivni - Portal F1\" \/>\n<meta property=\"og:description\" content=\"Novinar priznane nem\u0161ke spletne strani je zapisal, da naj bi se Max Verstappen in Mercedes \u017ee intenzivno pogovarjala o morebitnem sodelovanju.\" \/>\n<meta property=\"og:url\" content=\"https:\/\/portalf1.si\/index.php\/2025\/07\/01\/pogovori-med-verstappnom-in-mercedesom-naj-bi-bili-ze-zelo-intenzivni\/\" \/>\n<meta property=\"og:site_name\" content=\"Portal F1\" \/>\n<meta property=\"article:publisher\" content=\"https:\/\/www.facebook.com\/portalf1.si\/?locale=sl_SI\" \/>\n<meta property=\"article:published_time\" content=\"2025-07-01T12:58:31+00:00\" \/>\n<meta property=\"og:image\" content=\"https:\/\/portalf1.si\/wp-content\/uploads\/2025\/07\/Verstappen-Mercedes.webp\" \/>\n\t<meta property=\"og:image:width\" content=\"1800\" \/>\n\t<meta property=\"og:image:height\" content=\"1200\" \/>\n\t<meta property=\"og:image:type\" content=\"image\/jpeg\" \/>\n<meta name=\"author\" content=\"Denis \u0160tojs\" \/>\n<meta name=\"twitter:card\" content=\"summary_large_image\" \/>\n<meta name=\"twitter:label1\" content=\"Written by\" \/>\n\t<meta name=\"twitter:data1\" content=\"Denis \u0160tojs\" \/>\n\t<meta name=\"twitter:label2\" content=\"Est. reading time\" \/>\n\t<meta name=\"twitter:data2\" content=\"2 minuti\" \/>\n<script type=\"application\/ld+json\" class=\"yoast-schema-graph\">{\"@context\":\"https:\\\/\\\/schema.org\",\"@graph\":[{\"@type\":\"Article\",\"@id\":\"https:\\\/\\\/portalf1.si\\\/index.php\\\/2025\\\/07\\\/01\\\/pogovori-med-verstappnom-in-mercedesom-naj-bi-bili-ze-zelo-intenzivni\\\/#article\",\"isPartOf\":{\"@id\":\"https:\\\/\\\/portalf1.si\\\/index.php\\\/2025\\\/07\\\/01\\\/pogovori-med-verstappnom-in-mercedesom-naj-bi-bili-ze-zelo-intenzivni\\\/\"},\"author\":{\"name\":\"Denis \u0160tojs\",\"@id\":\"https:\\\/\\\/portalf1.si\\\/#\\\/schema\\\/person\\\/abfef3ba57233710daadfbdd742fecd5\"},\"headline\":\"Pogovori med Verstappnom in Mercedesom naj bi bili \u017ee zelo intenzivni\",\"datePublished\":\"2025-07-01T12:58:31+00:00\",\"mainEntityOfPage\":{\"@id\":\"https:\\\/\\\/portalf1.si\\\/index.php\\\/2025\\\/07\\\/01\\\/pogovori-med-verstappnom-in-mercedesom-naj-bi-bili-ze-zelo-intenzivni\\\/\"},\"wordCount\":291,\"commentCount\":1,\"publisher\":{\"@id\":\"https:\\\/\\\/portalf1.si\\\/#organization\"},\"image\":{\"@id\":\"https:\\\/\\\/portalf1.si\\\/index.php\\\/2025\\\/07\\\/01\\\/pogovori-med-verstappnom-in-mercedesom-naj-bi-bili-ze-zelo-intenzivni\\\/#primaryimage\"},\"thumbnailUrl\":\"https:\\\/\\\/portalf1.si\\\/wp-content\\\/uploads\\\/2025\\\/07\\\/Verstappen-Mercedes.webp\",\"keywords\":[\"F1\",\"F1 2025\",\"F1 Slovenija\",\"Formula 1\",\"Formula 1 2025\",\"Formula 1 Slovenija\",\"Max Verstappen\",\"Mercedes\",\"Red Bull\"],\"articleSection\":[\"Formula 1\",\"Max Verstappen\",\"Mercedes\",\"Novice\"],\"inLanguage\":\"sl-SI\",\"potentialAction\":[{\"@type\":\"CommentAction\",\"name\":\"Comment\",\"target\":[\"https:\\\/\\\/portalf1.si\\\/index.php\\\/2025\\\/07\\\/01\\\/pogovori-med-verstappnom-in-mercedesom-naj-bi-bili-ze-zelo-intenzivni\\\/#respond\"]}]},{\"@type\":\"WebPage\",\"@id\":\"https:\\\/\\\/portalf1.si\\\/index.php\\\/2025\\\/07\\\/01\\\/pogovori-med-verstappnom-in-mercedesom-naj-bi-bili-ze-zelo-intenzivni\\\/\",\"url\":\"https:\\\/\\\/portalf1.si\\\/index.php\\\/2025\\\/07\\\/01\\\/pogovori-med-verstappnom-in-mercedesom-naj-bi-bili-ze-zelo-intenzivni\\\/\",\"name\":\"Pogovori med Verstappnom in Mercedesom naj bi bili \u017ee zelo intenzivni - Portal F1\",\"isPartOf\":{\"@id\":\"https:\\\/\\\/portalf1.si\\\/#website\"},\"primaryImageOfPage\":{\"@id\":\"https:\\\/\\\/portalf1.si\\\/index.php\\\/2025\\\/07\\\/01\\\/pogovori-med-verstappnom-in-mercedesom-naj-bi-bili-ze-zelo-intenzivni\\\/#primaryimage\"},\"image\":{\"@id\":\"https:\\\/\\\/portalf1.si\\\/index.php\\\/2025\\\/07\\\/01\\\/pogovori-med-verstappnom-in-mercedesom-naj-bi-bili-ze-zelo-intenzivni\\\/#primaryimage\"},\"thumbnailUrl\":\"https:\\\/\\\/portalf1.si\\\/wp-content\\\/uploads\\\/2025\\\/07\\\/Verstappen-Mercedes.webp\",\"datePublished\":\"2025-07-01T12:58:31+00:00\",\"description\":\"Novinar priznane nem\u0161ke spletne strani je zapisal, da naj bi se Max Verstappen in Mercedes \u017ee intenzivno pogovarjala o morebitnem sodelovanju.\",\"breadcrumb\":{\"@id\":\"https:\\\/\\\/portalf1.si\\\/index.php\\\/2025\\\/07\\\/01\\\/pogovori-med-verstappnom-in-mercedesom-naj-bi-bili-ze-zelo-intenzivni\\\/#breadcrumb\"},\"inLanguage\":\"sl-SI\",\"potentialAction\":[{\"@type\":\"ReadAction\",\"target\":[\"https:\\\/\\\/portalf1.si\\\/index.php\\\/2025\\\/07\\\/01\\\/pogovori-med-verstappnom-in-mercedesom-naj-bi-bili-ze-zelo-intenzivni\\\/\"]}]},{\"@type\":\"ImageObject\",\"inLanguage\":\"sl-SI\",\"@id\":\"https:\\\/\\\/portalf1.si\\\/index.php\\\/2025\\\/07\\\/01\\\/pogovori-med-verstappnom-in-mercedesom-naj-bi-bili-ze-zelo-intenzivni\\\/#primaryimage\",\"url\":\"https:\\\/\\\/portalf1.si\\\/wp-content\\\/uploads\\\/2025\\\/07\\\/Verstappen-Mercedes.webp\",\"contentUrl\":\"https:\\\/\\\/portalf1.si\\\/wp-content\\\/uploads\\\/2025\\\/07\\\/Verstappen-Mercedes.webp\",\"width\":1800,\"height\":1200,\"caption\":\"Mercedes-AMG F1 W14 E Performance Launch\"},{\"@type\":\"BreadcrumbList\",\"@id\":\"https:\\\/\\\/portalf1.si\\\/index.php\\\/2025\\\/07\\\/01\\\/pogovori-med-verstappnom-in-mercedesom-naj-bi-bili-ze-zelo-intenzivni\\\/#breadcrumb\",\"itemListElement\":[{\"@type\":\"ListItem\",\"position\":1,\"name\":\"Home\",\"item\":\"https:\\\/\\\/portalf1.si\\\/\"},{\"@type\":\"ListItem\",\"position\":2,\"name\":\"Pogovori med Verstappnom in Mercedesom naj bi bili \u017ee zelo intenzivni\"}]},{\"@type\":\"WebSite\",\"@id\":\"https:\\\/\\\/portalf1.si\\\/#website\",\"url\":\"https:\\\/\\\/portalf1.si\\\/\",\"name\":\"Portal F1\",\"description\":\"Vstopite v svet hitrosti in adrenalina\",\"publisher\":{\"@id\":\"https:\\\/\\\/portalf1.si\\\/#organization\"},\"potentialAction\":[{\"@type\":\"SearchAction\",\"target\":{\"@type\":\"EntryPoint\",\"urlTemplate\":\"https:\\\/\\\/portalf1.si\\\/?s={search_term_string}\"},\"query-input\":{\"@type\":\"PropertyValueSpecification\",\"valueRequired\":true,\"valueName\":\"search_term_string\"}}],\"inLanguage\":\"sl-SI\"},{\"@type\":\"Organization\",\"@id\":\"https:\\\/\\\/portalf1.si\\\/#organization\",\"name\":\"Portal F1\",\"url\":\"https:\\\/\\\/portalf1.si\\\/\",\"logo\":{\"@type\":\"ImageObject\",\"inLanguage\":\"sl-SI\",\"@id\":\"https:\\\/\\\/portalf1.si\\\/#\\\/schema\\\/logo\\\/image\\\/\",\"url\":\"https:\\\/\\\/portalf1.si\\\/wp-content\\\/uploads\\\/2025\\\/02\\\/cropped-HiPaint_1738532868530.png\",\"contentUrl\":\"https:\\\/\\\/portalf1.si\\\/wp-content\\\/uploads\\\/2025\\\/02\\\/cropped-HiPaint_1738532868530.png\",\"width\":512,\"height\":512,\"caption\":\"Portal F1\"},\"image\":{\"@id\":\"https:\\\/\\\/portalf1.si\\\/#\\\/schema\\\/logo\\\/image\\\/\"},\"sameAs\":[\"https:\\\/\\\/www.facebook.com\\\/portalf1.si\\\/?locale=sl_SI\"]},{\"@type\":\"Person\",\"@id\":\"https:\\\/\\\/portalf1.si\\\/#\\\/schema\\\/person\\\/abfef3ba57233710daadfbdd742fecd5\",\"name\":\"Denis \u0160tojs\",\"image\":{\"@type\":\"ImageObject\",\"inLanguage\":\"sl-SI\",\"@id\":\"https:\\\/\\\/secure.gravatar.com\\\/avatar\\\/b006ce11dfb9c6e47e9de9803eefbdc14aa4afb445f3cca05acc735c22115b38?s=96&d=mm&r=g\",\"url\":\"https:\\\/\\\/secure.gravatar.com\\\/avatar\\\/b006ce11dfb9c6e47e9de9803eefbdc14aa4afb445f3cca05acc735c22115b38?s=96&d=mm&r=g\",\"contentUrl\":\"https:\\\/\\\/secure.gravatar.com\\\/avatar\\\/b006ce11dfb9c6e47e9de9803eefbdc14aa4afb445f3cca05acc735c22115b38?s=96&d=mm&r=g\",\"caption\":\"Denis \u0160tojs\"},\"sameAs\":[\"https:\\\/\\\/portalf1.si\"],\"url\":\"https:\\\/\\\/portalf1.si\\\/index.php\\\/author\\\/portalf1\\\/\"}]}<\/script>\n<!-- \/ Yoast SEO plugin. -->","yoast_head_json":{"title":"Pogovori med Verstappnom in Mercedesom naj bi bili \u017ee zelo intenzivni - Portal F1","description":"Novinar priznane nem\u0161ke spletne strani je zapisal, da naj bi se Max Verstappen in Mercedes \u017ee intenzivno pogovarjala o morebitnem sodelovanju.","robots":{"index":"index","follow":"follow","max-snippet":"max-snippet:-1","max-image-preview":"max-image-preview:large","max-video-preview":"max-video-preview:-1"},"canonical":"https:\/\/portalf1.si\/index.php\/2025\/07\/01\/pogovori-med-verstappnom-in-mercedesom-naj-bi-bili-ze-zelo-intenzivni\/","og_locale":"sl_SI","og_type":"article","og_title":"Pogovori med Verstappnom in Mercedesom naj bi bili \u017ee zelo intenzivni - Portal F1","og_description":"Novinar priznane nem\u0161ke spletne strani je zapisal, da naj bi se Max Verstappen in Mercedes \u017ee intenzivno pogovarjala o morebitnem sodelovanju.","og_url":"https:\/\/portalf1.si\/index.php\/2025\/07\/01\/pogovori-med-verstappnom-in-mercedesom-naj-bi-bili-ze-zelo-intenzivni\/","og_site_name":"Portal F1","article_publisher":"https:\/\/www.facebook.com\/portalf1.si\/?locale=sl_SI","article_published_time":"2025-07-01T12:58:31+00:00","og_image":[{"width":1800,"height":1200,"url":"https:\/\/portalf1.si\/wp-content\/uploads\/2025\/07\/Verstappen-Mercedes.webp","type":"image\/jpeg"}],"author":"Denis \u0160tojs","twitter_card":"summary_large_image","twitter_misc":{"Written by":"Denis \u0160tojs","Est. reading time":"2 minuti"},"schema":{"@context":"https:\/\/schema.org","@graph":[{"@type":"Article","@id":"https:\/\/portalf1.si\/index.php\/2025\/07\/01\/pogovori-med-verstappnom-in-mercedesom-naj-bi-bili-ze-zelo-intenzivni\/#article","isPartOf":{"@id":"https:\/\/portalf1.si\/index.php\/2025\/07\/01\/pogovori-med-verstappnom-in-mercedesom-naj-bi-bili-ze-zelo-intenzivni\/"},"author":{"name":"Denis \u0160tojs","@id":"https:\/\/portalf1.si\/#\/schema\/person\/abfef3ba57233710daadfbdd742fecd5"},"headline":"Pogovori med Verstappnom in Mercedesom naj bi bili \u017ee zelo intenzivni","datePublished":"2025-07-01T12:58:31+00:00","mainEntityOfPage":{"@id":"https:\/\/portalf1.si\/index.php\/2025\/07\/01\/pogovori-med-verstappnom-in-mercedesom-naj-bi-bili-ze-zelo-intenzivni\/"},"wordCount":291,"commentCount":1,"publisher":{"@id":"https:\/\/portalf1.si\/#organization"},"image":{"@id":"https:\/\/portalf1.si\/index.php\/2025\/07\/01\/pogovori-med-verstappnom-in-mercedesom-naj-bi-bili-ze-zelo-intenzivni\/#primaryimage"},"thumbnailUrl":"https:\/\/portalf1.si\/wp-content\/uploads\/2025\/07\/Verstappen-Mercedes.webp","keywords":["F1","F1 2025","F1 Slovenija","Formula 1","Formula 1 2025","Formula 1 Slovenija","Max Verstappen","Mercedes","Red Bull"],"articleSection":["Formula 1","Max Verstappen","Mercedes","Novice"],"inLanguage":"sl-SI","potentialAction":[{"@type":"CommentAction","name":"Comment","target":["https:\/\/portalf1.si\/index.php\/2025\/07\/01\/pogovori-med-verstappnom-in-mercedesom-naj-bi-bili-ze-zelo-intenzivni\/#respond"]}]},{"@type":"WebPage","@id":"https:\/\/portalf1.si\/index.php\/2025\/07\/01\/pogovori-med-verstappnom-in-mercedesom-naj-bi-bili-ze-zelo-intenzivni\/","url":"https:\/\/portalf1.si\/index.php\/2025\/07\/01\/pogovori-med-verstappnom-in-mercedesom-naj-bi-bili-ze-zelo-intenzivni\/","name":"Pogovori med Verstappnom in Mercedesom naj bi bili \u017ee zelo intenzivni - Portal F1","isPartOf":{"@id":"https:\/\/portalf1.si\/#website"},"primaryImageOfPage":{"@id":"https:\/\/portalf1.si\/index.php\/2025\/07\/01\/pogovori-med-verstappnom-in-mercedesom-naj-bi-bili-ze-zelo-intenzivni\/#primaryimage"},"image":{"@id":"https:\/\/portalf1.si\/index.php\/2025\/07\/01\/pogovori-med-verstappnom-in-mercedesom-naj-bi-bili-ze-zelo-intenzivni\/#primaryimage"},"thumbnailUrl":"https:\/\/portalf1.si\/wp-content\/uploads\/2025\/07\/Verstappen-Mercedes.webp","datePublished":"2025-07-01T12:58:31+00:00","description":"Novinar priznane nem\u0161ke spletne strani je zapisal, da naj bi se Max Verstappen in Mercedes \u017ee intenzivno pogovarjala o morebitnem sodelovanju.","breadcrumb":{"@id":"https:\/\/portalf1.si\/index.php\/2025\/07\/01\/pogovori-med-verstappnom-in-mercedesom-naj-bi-bili-ze-zelo-intenzivni\/#breadcrumb"},"inLanguage":"sl-SI","potentialAction":[{"@type":"ReadAction","target":["https:\/\/portalf1.si\/index.php\/2025\/07\/01\/pogovori-med-verstappnom-in-mercedesom-naj-bi-bili-ze-zelo-intenzivni\/"]}]},{"@type":"ImageObject","inLanguage":"sl-SI","@id":"https:\/\/portalf1.si\/index.php\/2025\/07\/01\/pogovori-med-verstappnom-in-mercedesom-naj-bi-bili-ze-zelo-intenzivni\/#primaryimage","url":"https:\/\/portalf1.si\/wp-content\/uploads\/2025\/07\/Verstappen-Mercedes.webp","contentUrl":"https:\/\/portalf1.si\/wp-content\/uploads\/2025\/07\/Verstappen-Mercedes.webp","width":1800,"height":1200,"caption":"Mercedes-AMG F1 W14 E Performance Launch"},{"@type":"BreadcrumbList","@id":"https:\/\/portalf1.si\/index.php\/2025\/07\/01\/pogovori-med-verstappnom-in-mercedesom-naj-bi-bili-ze-zelo-intenzivni\/#breadcrumb","itemListElement":[{"@type":"ListItem","position":1,"name":"Home","item":"https:\/\/portalf1.si\/"},{"@type":"ListItem","position":2,"name":"Pogovori med Verstappnom in Mercedesom naj bi bili \u017ee zelo intenzivni"}]},{"@type":"WebSite","@id":"https:\/\/portalf1.si\/#website","url":"https:\/\/portalf1.si\/","name":"Portal F1","description":"Vstopite v svet hitrosti in adrenalina","publisher":{"@id":"https:\/\/portalf1.si\/#organization"},"potentialAction":[{"@type":"SearchAction","target":{"@type":"EntryPoint","urlTemplate":"https:\/\/portalf1.si\/?s={search_term_string}"},"query-input":{"@type":"PropertyValueSpecification","valueRequired":true,"valueName":"search_term_string"}}],"inLanguage":"sl-SI"},{"@type":"Organization","@id":"https:\/\/portalf1.si\/#organization","name":"Portal F1","url":"https:\/\/portalf1.si\/","logo":{"@type":"ImageObject","inLanguage":"sl-SI","@id":"https:\/\/portalf1.si\/#\/schema\/logo\/image\/","url":"https:\/\/portalf1.si\/wp-content\/uploads\/2025\/02\/cropped-HiPaint_1738532868530.png","contentUrl":"https:\/\/portalf1.si\/wp-content\/uploads\/2025\/02\/cropped-HiPaint_1738532868530.png","width":512,"height":512,"caption":"Portal F1"},"image":{"@id":"https:\/\/portalf1.si\/#\/schema\/logo\/image\/"},"sameAs":["https:\/\/www.facebook.com\/portalf1.si\/?locale=sl_SI"]},{"@type":"Person","@id":"https:\/\/portalf1.si\/#\/schema\/person\/abfef3ba57233710daadfbdd742fecd5","name":"Denis \u0160tojs","image":{"@type":"ImageObject","inLanguage":"sl-SI","@id":"https:\/\/secure.gravatar.com\/avatar\/b006ce11dfb9c6e47e9de9803eefbdc14aa4afb445f3cca05acc735c22115b38?s=96&d=mm&r=g","url":"https:\/\/secure.gravatar.com\/avatar\/b006ce11dfb9c6e47e9de9803eefbdc14aa4afb445f3cca05acc735c22115b38?s=96&d=mm&r=g","contentUrl":"https:\/\/secure.gravatar.com\/avatar\/b006ce11dfb9c6e47e9de9803eefbdc14aa4afb445f3cca05acc735c22115b38?s=96&d=mm&r=g","caption":"Denis \u0160tojs"},"sameAs":["https:\/\/portalf1.si"],"url":"https:\/\/portalf1.si\/index.php\/author\/portalf1\/"}]}},"_links":{"self":[{"href":"https:\/\/portalf1.si\/index.php\/wp-json\/wp\/v2\/posts\/6505","targetHints":{"allow":["GET"]}}],"collection":[{"href":"https:\/\/portalf1.si\/index.php\/wp-json\/wp\/v2\/posts"}],"about":[{"href":"https:\/\/portalf1.si\/index.php\/wp-json\/wp\/v2\/types\/post"}],"author":[{"embeddable":true,"href":"https:\/\/portalf1.si\/index.php\/wp-json\/wp\/v2\/users\/1"}],"replies":[{"embeddable":true,"href":"https:\/\/portalf1.si\/index.php\/wp-json\/wp\/v2\/comments?post=6505"}],"version-history":[{"count":2,"href":"https:\/\/portalf1.si\/index.php\/wp-json\/wp\/v2\/posts\/6505\/revisions"}],"predecessor-version":[{"id":6510,"href":"https:\/\/portalf1.si\/index.php\/wp-json\/wp\/v2\/posts\/6505\/revisions\/6510"}],"wp:featuredmedia":[{"embeddable":true,"href":"https:\/\/portalf1.si\/index.php\/wp-json\/wp\/v2\/media\/6509"}],"wp:attachment":[{"href":"https:\/\/portalf1.si\/index.php\/wp-json\/wp\/v2\/media?parent=6505"}],"wp:term":[{"taxonomy":"category","embeddable":true,"href":"https:\/\/portalf1.si\/index.php\/wp-json\/wp\/v2\/categories?post=6505"},{"taxonomy":"post_tag","embeddable":true,"href":"https:\/\/portalf1.si\/index.php\/wp-json\/wp\/v2\/tags?post=6505"}],"curies":[{"name":"wp","href":"https:\/\/api.w.org\/{rel}","templated":true}]}}