{"id":6653,"date":"2025-07-06T18:33:55","date_gmt":"2025-07-06T18:33:55","guid":{"rendered":"https:\/\/portalf1.si\/?p=6653"},"modified":"2025-07-06T18:33:55","modified_gmt":"2025-07-06T18:33:55","slug":"anketa-kaj-menite-o-kazni-ki-jo-je-piastri-prejel-na-dirki-v-silverstonu","status":"publish","type":"post","link":"https:\/\/portalf1.si\/index.php\/2025\/07\/06\/anketa-kaj-menite-o-kazni-ki-jo-je-piastri-prejel-na-dirki-v-silverstonu\/","title":{"rendered":"Anketa: Kaj menite o kazni, ki jo je Piastri prejel na dirki v Silverstonu?"},"content":{"rendered":"<p><strong style=\"box-sizing: border-box; color: #000000; font-family: -apple-system, BlinkMacSystemFont, 'Segoe UI', Roboto, Helvetica, Arial, sans-serif, 'Apple Color Emoji', 'Segoe UI Emoji', 'Segoe UI Symbol'; background-color: #fafbfc;\">Po dirki Formule 1 za VN Velike Britanije \u0161e vedno odmeva incident, ki se je zgodil sredi dirke. Ob tem, ko se je s steze umikal varnostni avto, je Oscar Piastri po mnenju komisarjev zaviral preve\u010d naglo, zaradi \u010desar je prejel kazen desetih sekund. Avstralec je posledi\u010dno izgubil mo\u017enosti za zmago. Medtem ko eni menijo, da je bila kazen na mestu, so drugi prepri\u010dani, da si Avstralec te ni zaslu\u017eil. Kaj pa menite vi? Podajte nam svoje mnenje.<\/strong><\/p>\n<div id=\"polls-18\" class=\"wp-polls\">\n\t<form id=\"polls_form_18\" class=\"wp-polls-form\" action=\"\/index.php\" method=\"post\">\n\t\t<p style=\"display: none;\"><input type=\"hidden\" id=\"poll_18_nonce\" name=\"wp-polls-nonce\" value=\"eaf122ee12\" \/><\/p>\n\t\t<p style=\"display: none;\"><input type=\"hidden\" name=\"poll_id\" value=\"18\" \/><\/p>\n\t\t<p style=\"text-align: center;\"><strong>Kaj menite o kazni, ki jo je Oscar Piastri prejel na dirki v Silverstonu?<\/strong><\/p><div id=\"polls-18-ans\" class=\"wp-polls-ans\"><ul class=\"wp-polls-ul\">\n\t\t<li><input type=\"radio\" id=\"poll-answer-131\" name=\"poll_18\" value=\"131\" \/> <label for=\"poll-answer-131\">Oscar Piastri si ni zaslu\u017eil kazni<\/label><\/li>\n\t\t<li><input type=\"radio\" id=\"poll-answer-132\" name=\"poll_18\" value=\"132\" \/> <label for=\"poll-answer-132\">Oscar Piastri si je zaslu\u017eil kazen, a je bila ta prestroga<\/label><\/li>\n\t\t<li><input type=\"radio\" id=\"poll-answer-133\" name=\"poll_18\" value=\"133\" \/> <label for=\"poll-answer-133\">Oscar Piastri je prejel primerno kazen<\/label><\/li>\n\t\t<li><input type=\"radio\" id=\"poll-answer-134\" name=\"poll_18\" value=\"134\" \/> <label for=\"poll-answer-134\">Oscar Piastri je prejel premilo kazen<\/label><\/li>\n\t\t<\/ul><p style=\"text-align: center;\"><input type=\"button\" name=\"vote\" value=\"   Vote   \" class=\"Buttons\" onclick=\"poll_vote(18);\" \/><\/p><p style=\"text-align: center;\"><a href=\"#ViewPollResults\" onclick=\"poll_result(18); return false;\" title=\"View Results Of This Poll\">View Results<\/a><\/p><\/div>\n\t<\/form>\n<\/div>\n<div id=\"polls-18-loading\" class=\"wp-polls-loading\"><img loading=\"lazy\" decoding=\"async\" src=\"https:\/\/portalf1.si\/wp-content\/plugins\/wp-polls\/images\/loading.gif\" width=\"16\" height=\"16\" alt=\"Loading ...\" title=\"Loading ...\" class=\"wp-polls-image\" \/>&nbsp;Loading ...<\/div>\n\n<blockquote class=\"wp-embedded-content\" data-secret=\"qGhQdyOe6r\"><p><a href=\"https:\/\/portalf1.si\/index.php\/2025\/07\/06\/piastri-brez-zadrzkov-kot-kaze-ne-smes-vec-zavirati-za-varnostnim-avtom\/\">Piastri brez zadr\u017ekov: Kot ka\u017ee, ne sme\u0161 ve\u010d zavirati za varnostnim avtom<\/a><\/p><\/blockquote>\n<p><iframe loading=\"lazy\" class=\"wp-embedded-content\" sandbox=\"allow-scripts\" security=\"restricted\" style=\"position: absolute; visibility: hidden;\" title=\"&#8220;Piastri brez zadr\u017ekov: Kot ka\u017ee, ne sme\u0161 ve\u010d zavirati za varnostnim avtom&#8221; &#8212; Portal F1\" src=\"https:\/\/portalf1.si\/index.php\/2025\/07\/06\/piastri-brez-zadrzkov-kot-kaze-ne-smes-vec-zavirati-za-varnostnim-avtom\/embed\/#?secret=QGDov9Hqul#?secret=qGhQdyOe6r\" data-secret=\"qGhQdyOe6r\" width=\"600\" height=\"338\" frameborder=\"0\" marginwidth=\"0\" marginheight=\"0\" scrolling=\"no\"><\/iframe><\/p>\n","protected":false},"excerpt":{"rendered":"<p>Po dirki Formule 1 za VN Velike Britanije \u0161e vedno odmeva incident, ki se je zgodil sredi dirke. Ob tem, ko se je s steze umikal varnostni avto, je Oscar Piastri po mnenju komisarjev zaviral preve\u010d naglo, zaradi \u010desar je prejel kazen desetih sekund. Avstralec je posledi\u010dno izgubil mo\u017enosti za zmago. Medtem ko eni menijo, [&hellip;]<\/p>\n","protected":false},"author":1,"featured_media":6654,"comment_status":"open","ping_status":"open","sticky":false,"template":"","format":"standard","meta":{"footnotes":""},"categories":[96,30,31,75,319],"tags":[44,50,159,51,158,77,320],"class_list":["post-6653","post","type-post","status-publish","format-standard","has-post-thumbnail","hentry","category-anketa","category-formula-1","category-novice","category-oscar-piastri","category-vn-velike-britanije","tag-f1","tag-f1-2025","tag-f1-slovenija","tag-formula-1-2025","tag-formula-1-slovenija","tag-oscar-piastri","tag-vn-velike-britanije"],"blocksy_meta":[],"yoast_head":"<!-- This site is optimized with the Yoast SEO plugin v27.4 - https:\/\/yoast.com\/product\/yoast-seo-wordpress\/ -->\n<title>Anketa: Kaj menite o kazni, ki jo je Piastri prejel na dirki v Silverstonu? - Portal F1<\/title>\n<meta name=\"description\" content=\"Po dirki Formule 1 za VN Velike Britanije \u0161e vedno odmeva incident, ki se je zgodil sredi dirke za varnostnim avtom.\" \/>\n<meta name=\"robots\" content=\"index, follow, max-snippet:-1, max-image-preview:large, max-video-preview:-1\" \/>\n<link rel=\"canonical\" href=\"https:\/\/portalf1.si\/index.php\/2025\/07\/06\/anketa-kaj-menite-o-kazni-ki-jo-je-piastri-prejel-na-dirki-v-silverstonu\/\" \/>\n<meta property=\"og:locale\" content=\"sl_SI\" \/>\n<meta property=\"og:type\" content=\"article\" \/>\n<meta property=\"og:title\" content=\"Anketa: Kaj menite o kazni, ki jo je Piastri prejel na dirki v Silverstonu? - Portal F1\" \/>\n<meta property=\"og:description\" content=\"Po dirki Formule 1 za VN Velike Britanije \u0161e vedno odmeva incident, ki se je zgodil sredi dirke za varnostnim avtom.\" \/>\n<meta property=\"og:url\" content=\"https:\/\/portalf1.si\/index.php\/2025\/07\/06\/anketa-kaj-menite-o-kazni-ki-jo-je-piastri-prejel-na-dirki-v-silverstonu\/\" \/>\n<meta property=\"og:site_name\" content=\"Portal F1\" \/>\n<meta property=\"article:publisher\" content=\"https:\/\/www.facebook.com\/portalf1.si\/?locale=sl_SI\" \/>\n<meta property=\"article:published_time\" content=\"2025-07-06T18:33:55+00:00\" \/>\n<meta property=\"og:image\" content=\"https:\/\/portalf1.si\/wp-content\/uploads\/2025\/07\/Verstappen-Piastri-2025-British-GP-scaled-1.webp\" \/>\n\t<meta property=\"og:image:width\" content=\"1920\" \/>\n\t<meta property=\"og:image:height\" content=\"1205\" \/>\n\t<meta property=\"og:image:type\" content=\"image\/jpeg\" \/>\n<meta name=\"author\" content=\"Denis \u0160tojs\" \/>\n<meta name=\"twitter:card\" content=\"summary_large_image\" \/>\n<meta name=\"twitter:label1\" content=\"Written by\" \/>\n\t<meta name=\"twitter:data1\" content=\"Denis \u0160tojs\" \/>\n\t<meta name=\"twitter:label2\" content=\"Est. reading time\" \/>\n\t<meta name=\"twitter:data2\" content=\"1 minuta\" \/>\n<script type=\"application\/ld+json\" class=\"yoast-schema-graph\">{\"@context\":\"https:\\\/\\\/schema.org\",\"@graph\":[{\"@type\":\"Article\",\"@id\":\"https:\\\/\\\/portalf1.si\\\/index.php\\\/2025\\\/07\\\/06\\\/anketa-kaj-menite-o-kazni-ki-jo-je-piastri-prejel-na-dirki-v-silverstonu\\\/#article\",\"isPartOf\":{\"@id\":\"https:\\\/\\\/portalf1.si\\\/index.php\\\/2025\\\/07\\\/06\\\/anketa-kaj-menite-o-kazni-ki-jo-je-piastri-prejel-na-dirki-v-silverstonu\\\/\"},\"author\":{\"name\":\"Denis \u0160tojs\",\"@id\":\"https:\\\/\\\/portalf1.si\\\/#\\\/schema\\\/person\\\/abfef3ba57233710daadfbdd742fecd5\"},\"headline\":\"Anketa: Kaj menite o kazni, ki jo je Piastri prejel na dirki v Silverstonu?\",\"datePublished\":\"2025-07-06T18:33:55+00:00\",\"mainEntityOfPage\":{\"@id\":\"https:\\\/\\\/portalf1.si\\\/index.php\\\/2025\\\/07\\\/06\\\/anketa-kaj-menite-o-kazni-ki-jo-je-piastri-prejel-na-dirki-v-silverstonu\\\/\"},\"wordCount\":103,\"commentCount\":1,\"publisher\":{\"@id\":\"https:\\\/\\\/portalf1.si\\\/#organization\"},\"image\":{\"@id\":\"https:\\\/\\\/portalf1.si\\\/index.php\\\/2025\\\/07\\\/06\\\/anketa-kaj-menite-o-kazni-ki-jo-je-piastri-prejel-na-dirki-v-silverstonu\\\/#primaryimage\"},\"thumbnailUrl\":\"https:\\\/\\\/portalf1.si\\\/wp-content\\\/uploads\\\/2025\\\/07\\\/Verstappen-Piastri-2025-British-GP-scaled-1.webp\",\"keywords\":[\"F1\",\"F1 2025\",\"F1 Slovenija\",\"Formula 1 2025\",\"Formula 1 Slovenija\",\"Oscar Piastri\",\"VN Velike Britanije\"],\"articleSection\":[\"Anketa\",\"Formula 1\",\"Novice\",\"Oscar Piastri\",\"VN Velike Britanije\"],\"inLanguage\":\"sl-SI\",\"potentialAction\":[{\"@type\":\"CommentAction\",\"name\":\"Comment\",\"target\":[\"https:\\\/\\\/portalf1.si\\\/index.php\\\/2025\\\/07\\\/06\\\/anketa-kaj-menite-o-kazni-ki-jo-je-piastri-prejel-na-dirki-v-silverstonu\\\/#respond\"]}]},{\"@type\":\"WebPage\",\"@id\":\"https:\\\/\\\/portalf1.si\\\/index.php\\\/2025\\\/07\\\/06\\\/anketa-kaj-menite-o-kazni-ki-jo-je-piastri-prejel-na-dirki-v-silverstonu\\\/\",\"url\":\"https:\\\/\\\/portalf1.si\\\/index.php\\\/2025\\\/07\\\/06\\\/anketa-kaj-menite-o-kazni-ki-jo-je-piastri-prejel-na-dirki-v-silverstonu\\\/\",\"name\":\"Anketa: Kaj menite o kazni, ki jo je Piastri prejel na dirki v Silverstonu? - Portal F1\",\"isPartOf\":{\"@id\":\"https:\\\/\\\/portalf1.si\\\/#website\"},\"primaryImageOfPage\":{\"@id\":\"https:\\\/\\\/portalf1.si\\\/index.php\\\/2025\\\/07\\\/06\\\/anketa-kaj-menite-o-kazni-ki-jo-je-piastri-prejel-na-dirki-v-silverstonu\\\/#primaryimage\"},\"image\":{\"@id\":\"https:\\\/\\\/portalf1.si\\\/index.php\\\/2025\\\/07\\\/06\\\/anketa-kaj-menite-o-kazni-ki-jo-je-piastri-prejel-na-dirki-v-silverstonu\\\/#primaryimage\"},\"thumbnailUrl\":\"https:\\\/\\\/portalf1.si\\\/wp-content\\\/uploads\\\/2025\\\/07\\\/Verstappen-Piastri-2025-British-GP-scaled-1.webp\",\"datePublished\":\"2025-07-06T18:33:55+00:00\",\"description\":\"Po dirki Formule 1 za VN Velike Britanije \u0161e vedno odmeva incident, ki se je zgodil sredi dirke za varnostnim avtom.\",\"breadcrumb\":{\"@id\":\"https:\\\/\\\/portalf1.si\\\/index.php\\\/2025\\\/07\\\/06\\\/anketa-kaj-menite-o-kazni-ki-jo-je-piastri-prejel-na-dirki-v-silverstonu\\\/#breadcrumb\"},\"inLanguage\":\"sl-SI\",\"potentialAction\":[{\"@type\":\"ReadAction\",\"target\":[\"https:\\\/\\\/portalf1.si\\\/index.php\\\/2025\\\/07\\\/06\\\/anketa-kaj-menite-o-kazni-ki-jo-je-piastri-prejel-na-dirki-v-silverstonu\\\/\"]}]},{\"@type\":\"ImageObject\",\"inLanguage\":\"sl-SI\",\"@id\":\"https:\\\/\\\/portalf1.si\\\/index.php\\\/2025\\\/07\\\/06\\\/anketa-kaj-menite-o-kazni-ki-jo-je-piastri-prejel-na-dirki-v-silverstonu\\\/#primaryimage\",\"url\":\"https:\\\/\\\/portalf1.si\\\/wp-content\\\/uploads\\\/2025\\\/07\\\/Verstappen-Piastri-2025-British-GP-scaled-1.webp\",\"contentUrl\":\"https:\\\/\\\/portalf1.si\\\/wp-content\\\/uploads\\\/2025\\\/07\\\/Verstappen-Piastri-2025-British-GP-scaled-1.webp\",\"width\":1920,\"height\":1205},{\"@type\":\"BreadcrumbList\",\"@id\":\"https:\\\/\\\/portalf1.si\\\/index.php\\\/2025\\\/07\\\/06\\\/anketa-kaj-menite-o-kazni-ki-jo-je-piastri-prejel-na-dirki-v-silverstonu\\\/#breadcrumb\",\"itemListElement\":[{\"@type\":\"ListItem\",\"position\":1,\"name\":\"Home\",\"item\":\"https:\\\/\\\/portalf1.si\\\/\"},{\"@type\":\"ListItem\",\"position\":2,\"name\":\"Anketa: Kaj menite o kazni, ki jo je Piastri prejel na dirki v Silverstonu?\"}]},{\"@type\":\"WebSite\",\"@id\":\"https:\\\/\\\/portalf1.si\\\/#website\",\"url\":\"https:\\\/\\\/portalf1.si\\\/\",\"name\":\"Portal F1\",\"description\":\"Vstopite v svet hitrosti in adrenalina\",\"publisher\":{\"@id\":\"https:\\\/\\\/portalf1.si\\\/#organization\"},\"potentialAction\":[{\"@type\":\"SearchAction\",\"target\":{\"@type\":\"EntryPoint\",\"urlTemplate\":\"https:\\\/\\\/portalf1.si\\\/?s={search_term_string}\"},\"query-input\":{\"@type\":\"PropertyValueSpecification\",\"valueRequired\":true,\"valueName\":\"search_term_string\"}}],\"inLanguage\":\"sl-SI\"},{\"@type\":\"Organization\",\"@id\":\"https:\\\/\\\/portalf1.si\\\/#organization\",\"name\":\"Portal F1\",\"url\":\"https:\\\/\\\/portalf1.si\\\/\",\"logo\":{\"@type\":\"ImageObject\",\"inLanguage\":\"sl-SI\",\"@id\":\"https:\\\/\\\/portalf1.si\\\/#\\\/schema\\\/logo\\\/image\\\/\",\"url\":\"https:\\\/\\\/portalf1.si\\\/wp-content\\\/uploads\\\/2025\\\/02\\\/cropped-HiPaint_1738532868530.png\",\"contentUrl\":\"https:\\\/\\\/portalf1.si\\\/wp-content\\\/uploads\\\/2025\\\/02\\\/cropped-HiPaint_1738532868530.png\",\"width\":512,\"height\":512,\"caption\":\"Portal F1\"},\"image\":{\"@id\":\"https:\\\/\\\/portalf1.si\\\/#\\\/schema\\\/logo\\\/image\\\/\"},\"sameAs\":[\"https:\\\/\\\/www.facebook.com\\\/portalf1.si\\\/?locale=sl_SI\"]},{\"@type\":\"Person\",\"@id\":\"https:\\\/\\\/portalf1.si\\\/#\\\/schema\\\/person\\\/abfef3ba57233710daadfbdd742fecd5\",\"name\":\"Denis \u0160tojs\",\"image\":{\"@type\":\"ImageObject\",\"inLanguage\":\"sl-SI\",\"@id\":\"https:\\\/\\\/secure.gravatar.com\\\/avatar\\\/b006ce11dfb9c6e47e9de9803eefbdc14aa4afb445f3cca05acc735c22115b38?s=96&d=mm&r=g\",\"url\":\"https:\\\/\\\/secure.gravatar.com\\\/avatar\\\/b006ce11dfb9c6e47e9de9803eefbdc14aa4afb445f3cca05acc735c22115b38?s=96&d=mm&r=g\",\"contentUrl\":\"https:\\\/\\\/secure.gravatar.com\\\/avatar\\\/b006ce11dfb9c6e47e9de9803eefbdc14aa4afb445f3cca05acc735c22115b38?s=96&d=mm&r=g\",\"caption\":\"Denis \u0160tojs\"},\"sameAs\":[\"https:\\\/\\\/portalf1.si\"],\"url\":\"https:\\\/\\\/portalf1.si\\\/index.php\\\/author\\\/portalf1\\\/\"}]}<\/script>\n<!-- \/ Yoast SEO plugin. -->","yoast_head_json":{"title":"Anketa: Kaj menite o kazni, ki jo je Piastri prejel na dirki v Silverstonu? - Portal F1","description":"Po dirki Formule 1 za VN Velike Britanije \u0161e vedno odmeva incident, ki se je zgodil sredi dirke za varnostnim avtom.","robots":{"index":"index","follow":"follow","max-snippet":"max-snippet:-1","max-image-preview":"max-image-preview:large","max-video-preview":"max-video-preview:-1"},"canonical":"https:\/\/portalf1.si\/index.php\/2025\/07\/06\/anketa-kaj-menite-o-kazni-ki-jo-je-piastri-prejel-na-dirki-v-silverstonu\/","og_locale":"sl_SI","og_type":"article","og_title":"Anketa: Kaj menite o kazni, ki jo je Piastri prejel na dirki v Silverstonu? - Portal F1","og_description":"Po dirki Formule 1 za VN Velike Britanije \u0161e vedno odmeva incident, ki se je zgodil sredi dirke za varnostnim avtom.","og_url":"https:\/\/portalf1.si\/index.php\/2025\/07\/06\/anketa-kaj-menite-o-kazni-ki-jo-je-piastri-prejel-na-dirki-v-silverstonu\/","og_site_name":"Portal F1","article_publisher":"https:\/\/www.facebook.com\/portalf1.si\/?locale=sl_SI","article_published_time":"2025-07-06T18:33:55+00:00","og_image":[{"width":1920,"height":1205,"url":"https:\/\/portalf1.si\/wp-content\/uploads\/2025\/07\/Verstappen-Piastri-2025-British-GP-scaled-1.webp","type":"image\/jpeg"}],"author":"Denis \u0160tojs","twitter_card":"summary_large_image","twitter_misc":{"Written by":"Denis \u0160tojs","Est. reading time":"1 minuta"},"schema":{"@context":"https:\/\/schema.org","@graph":[{"@type":"Article","@id":"https:\/\/portalf1.si\/index.php\/2025\/07\/06\/anketa-kaj-menite-o-kazni-ki-jo-je-piastri-prejel-na-dirki-v-silverstonu\/#article","isPartOf":{"@id":"https:\/\/portalf1.si\/index.php\/2025\/07\/06\/anketa-kaj-menite-o-kazni-ki-jo-je-piastri-prejel-na-dirki-v-silverstonu\/"},"author":{"name":"Denis \u0160tojs","@id":"https:\/\/portalf1.si\/#\/schema\/person\/abfef3ba57233710daadfbdd742fecd5"},"headline":"Anketa: Kaj menite o kazni, ki jo je Piastri prejel na dirki v Silverstonu?","datePublished":"2025-07-06T18:33:55+00:00","mainEntityOfPage":{"@id":"https:\/\/portalf1.si\/index.php\/2025\/07\/06\/anketa-kaj-menite-o-kazni-ki-jo-je-piastri-prejel-na-dirki-v-silverstonu\/"},"wordCount":103,"commentCount":1,"publisher":{"@id":"https:\/\/portalf1.si\/#organization"},"image":{"@id":"https:\/\/portalf1.si\/index.php\/2025\/07\/06\/anketa-kaj-menite-o-kazni-ki-jo-je-piastri-prejel-na-dirki-v-silverstonu\/#primaryimage"},"thumbnailUrl":"https:\/\/portalf1.si\/wp-content\/uploads\/2025\/07\/Verstappen-Piastri-2025-British-GP-scaled-1.webp","keywords":["F1","F1 2025","F1 Slovenija","Formula 1 2025","Formula 1 Slovenija","Oscar Piastri","VN Velike Britanije"],"articleSection":["Anketa","Formula 1","Novice","Oscar Piastri","VN Velike Britanije"],"inLanguage":"sl-SI","potentialAction":[{"@type":"CommentAction","name":"Comment","target":["https:\/\/portalf1.si\/index.php\/2025\/07\/06\/anketa-kaj-menite-o-kazni-ki-jo-je-piastri-prejel-na-dirki-v-silverstonu\/#respond"]}]},{"@type":"WebPage","@id":"https:\/\/portalf1.si\/index.php\/2025\/07\/06\/anketa-kaj-menite-o-kazni-ki-jo-je-piastri-prejel-na-dirki-v-silverstonu\/","url":"https:\/\/portalf1.si\/index.php\/2025\/07\/06\/anketa-kaj-menite-o-kazni-ki-jo-je-piastri-prejel-na-dirki-v-silverstonu\/","name":"Anketa: Kaj menite o kazni, ki jo je Piastri prejel na dirki v Silverstonu? - Portal F1","isPartOf":{"@id":"https:\/\/portalf1.si\/#website"},"primaryImageOfPage":{"@id":"https:\/\/portalf1.si\/index.php\/2025\/07\/06\/anketa-kaj-menite-o-kazni-ki-jo-je-piastri-prejel-na-dirki-v-silverstonu\/#primaryimage"},"image":{"@id":"https:\/\/portalf1.si\/index.php\/2025\/07\/06\/anketa-kaj-menite-o-kazni-ki-jo-je-piastri-prejel-na-dirki-v-silverstonu\/#primaryimage"},"thumbnailUrl":"https:\/\/portalf1.si\/wp-content\/uploads\/2025\/07\/Verstappen-Piastri-2025-British-GP-scaled-1.webp","datePublished":"2025-07-06T18:33:55+00:00","description":"Po dirki Formule 1 za VN Velike Britanije \u0161e vedno odmeva incident, ki se je zgodil sredi dirke za varnostnim avtom.","breadcrumb":{"@id":"https:\/\/portalf1.si\/index.php\/2025\/07\/06\/anketa-kaj-menite-o-kazni-ki-jo-je-piastri-prejel-na-dirki-v-silverstonu\/#breadcrumb"},"inLanguage":"sl-SI","potentialAction":[{"@type":"ReadAction","target":["https:\/\/portalf1.si\/index.php\/2025\/07\/06\/anketa-kaj-menite-o-kazni-ki-jo-je-piastri-prejel-na-dirki-v-silverstonu\/"]}]},{"@type":"ImageObject","inLanguage":"sl-SI","@id":"https:\/\/portalf1.si\/index.php\/2025\/07\/06\/anketa-kaj-menite-o-kazni-ki-jo-je-piastri-prejel-na-dirki-v-silverstonu\/#primaryimage","url":"https:\/\/portalf1.si\/wp-content\/uploads\/2025\/07\/Verstappen-Piastri-2025-British-GP-scaled-1.webp","contentUrl":"https:\/\/portalf1.si\/wp-content\/uploads\/2025\/07\/Verstappen-Piastri-2025-British-GP-scaled-1.webp","width":1920,"height":1205},{"@type":"BreadcrumbList","@id":"https:\/\/portalf1.si\/index.php\/2025\/07\/06\/anketa-kaj-menite-o-kazni-ki-jo-je-piastri-prejel-na-dirki-v-silverstonu\/#breadcrumb","itemListElement":[{"@type":"ListItem","position":1,"name":"Home","item":"https:\/\/portalf1.si\/"},{"@type":"ListItem","position":2,"name":"Anketa: Kaj menite o kazni, ki jo je Piastri prejel na dirki v Silverstonu?"}]},{"@type":"WebSite","@id":"https:\/\/portalf1.si\/#website","url":"https:\/\/portalf1.si\/","name":"Portal F1","description":"Vstopite v svet hitrosti in adrenalina","publisher":{"@id":"https:\/\/portalf1.si\/#organization"},"potentialAction":[{"@type":"SearchAction","target":{"@type":"EntryPoint","urlTemplate":"https:\/\/portalf1.si\/?s={search_term_string}"},"query-input":{"@type":"PropertyValueSpecification","valueRequired":true,"valueName":"search_term_string"}}],"inLanguage":"sl-SI"},{"@type":"Organization","@id":"https:\/\/portalf1.si\/#organization","name":"Portal F1","url":"https:\/\/portalf1.si\/","logo":{"@type":"ImageObject","inLanguage":"sl-SI","@id":"https:\/\/portalf1.si\/#\/schema\/logo\/image\/","url":"https:\/\/portalf1.si\/wp-content\/uploads\/2025\/02\/cropped-HiPaint_1738532868530.png","contentUrl":"https:\/\/portalf1.si\/wp-content\/uploads\/2025\/02\/cropped-HiPaint_1738532868530.png","width":512,"height":512,"caption":"Portal F1"},"image":{"@id":"https:\/\/portalf1.si\/#\/schema\/logo\/image\/"},"sameAs":["https:\/\/www.facebook.com\/portalf1.si\/?locale=sl_SI"]},{"@type":"Person","@id":"https:\/\/portalf1.si\/#\/schema\/person\/abfef3ba57233710daadfbdd742fecd5","name":"Denis \u0160tojs","image":{"@type":"ImageObject","inLanguage":"sl-SI","@id":"https:\/\/secure.gravatar.com\/avatar\/b006ce11dfb9c6e47e9de9803eefbdc14aa4afb445f3cca05acc735c22115b38?s=96&d=mm&r=g","url":"https:\/\/secure.gravatar.com\/avatar\/b006ce11dfb9c6e47e9de9803eefbdc14aa4afb445f3cca05acc735c22115b38?s=96&d=mm&r=g","contentUrl":"https:\/\/secure.gravatar.com\/avatar\/b006ce11dfb9c6e47e9de9803eefbdc14aa4afb445f3cca05acc735c22115b38?s=96&d=mm&r=g","caption":"Denis \u0160tojs"},"sameAs":["https:\/\/portalf1.si"],"url":"https:\/\/portalf1.si\/index.php\/author\/portalf1\/"}]}},"_links":{"self":[{"href":"https:\/\/portalf1.si\/index.php\/wp-json\/wp\/v2\/posts\/6653","targetHints":{"allow":["GET"]}}],"collection":[{"href":"https:\/\/portalf1.si\/index.php\/wp-json\/wp\/v2\/posts"}],"about":[{"href":"https:\/\/portalf1.si\/index.php\/wp-json\/wp\/v2\/types\/post"}],"author":[{"embeddable":true,"href":"https:\/\/portalf1.si\/index.php\/wp-json\/wp\/v2\/users\/1"}],"replies":[{"embeddable":true,"href":"https:\/\/portalf1.si\/index.php\/wp-json\/wp\/v2\/comments?post=6653"}],"version-history":[{"count":1,"href":"https:\/\/portalf1.si\/index.php\/wp-json\/wp\/v2\/posts\/6653\/revisions"}],"predecessor-version":[{"id":6655,"href":"https:\/\/portalf1.si\/index.php\/wp-json\/wp\/v2\/posts\/6653\/revisions\/6655"}],"wp:featuredmedia":[{"embeddable":true,"href":"https:\/\/portalf1.si\/index.php\/wp-json\/wp\/v2\/media\/6654"}],"wp:attachment":[{"href":"https:\/\/portalf1.si\/index.php\/wp-json\/wp\/v2\/media?parent=6653"}],"wp:term":[{"taxonomy":"category","embeddable":true,"href":"https:\/\/portalf1.si\/index.php\/wp-json\/wp\/v2\/categories?post=6653"},{"taxonomy":"post_tag","embeddable":true,"href":"https:\/\/portalf1.si\/index.php\/wp-json\/wp\/v2\/tags?post=6653"}],"curies":[{"name":"wp","href":"https:\/\/api.w.org\/{rel}","templated":true}]}}