{"id":6726,"date":"2025-07-09T09:46:31","date_gmt":"2025-07-09T09:46:31","guid":{"rendered":"https:\/\/portalf1.si\/?p=6726"},"modified":"2025-07-09T09:47:17","modified_gmt":"2025-07-09T09:47:17","slug":"neverjetna-novica-christian-horner-zapusca-red-bull","status":"publish","type":"post","link":"https:\/\/portalf1.si\/index.php\/2025\/07\/09\/neverjetna-novica-christian-horner-zapusca-red-bull\/","title":{"rendered":"Neverjetna novica &#8211; Christian Horner zapu\u0161\u010da Red Bull"},"content":{"rendered":"<p data-start=\"0\" data-end=\"213\"><strong>Iz tabora Red Bulla prihaja prelomna novica. Po poro\u010danju zanesljivih medijev so zaposleni pri Red Bullu \u017ee obve\u0161\u010deni o odhodu \u0161efa mo\u0161tva Christiana Hornerja<\/strong><\/p>\n<p data-start=\"0\" data-end=\"213\">Odlo\u010ditev je padla. Christian Horner je bil razre\u0161en s strani vodstva Red Bulla. Britanec, ki je ekipo vodil kar dve desetletji in z njo dosegel izjemne uspehe, bo moral oditi. Njegovo mesto bo prevzel Laurent Mekies, zdaj\u0161nji vodja ekipe Racing Bulls.<\/p>\n<p data-start=\"0\" data-end=\"213\">Kot navajajo viri, so zaposleni o spremembi \u017ee seznanjeni, uradno sporo\u010dilo za javnost pa naj bi sledilo kmalu. \u017de ve\u010d tednov so se \u0161irile govorice, da je Hornerjeva prihodnost pri Red Bullu vpra\u0161ljiva. \u017de ve\u010dkrat smo poro\u010dali o tem, da je Britanec izgubil vpliv, med drugim tudi na sestavo dirka\u0161ke zasedbe po zimskem premoru. Hornerjev polo\u017eaj je bila tema tudi znotraj tabora Maxa Verstappna.<\/p>\n<p data-start=\"808\" data-end=\"971\">Od za\u010detka leta 2024 so v Red Bullu vladale napetosti, ki se bodo verjetno umirile \u0161ele z zdaj\u0161njo odlo\u010ditvijo. Znotraj ekipe so \u017ee dlje \u010dasa pozivali k njegovi razre\u0161itvi. Horner je \u0161e en v vrsti klju\u010dnih mo\u017e, ki zapu\u0161\u010dajo ekipo, po Adrianu Neweyju, Jonathanu Wheatleyju in Robu Marshallu, a njegov odhod je zgodba zase.<\/p>\n<blockquote class=\"wp-embedded-content\" data-secret=\"aFuPpwXtwR\"><p><a href=\"https:\/\/portalf1.si\/index.php\/2025\/06\/24\/zakaj-nihce-ne-mara-christiana-hornerja-in-zakaj-britanca-to-ne-gane\/\">Zakaj nih\u010de ne mara Christiana Hornerja in zakaj Britanca to ne gane<\/a><\/p><\/blockquote>\n<p><iframe loading=\"lazy\" class=\"wp-embedded-content\" sandbox=\"allow-scripts\" security=\"restricted\" style=\"position: absolute; visibility: hidden;\" title=\"&#8220;Zakaj nih\u010de ne mara Christiana Hornerja in zakaj Britanca to ne gane&#8221; &#8212; Portal F1\" src=\"https:\/\/portalf1.si\/index.php\/2025\/06\/24\/zakaj-nihce-ne-mara-christiana-hornerja-in-zakaj-britanca-to-ne-gane\/embed\/#?secret=z0YK5GdaJ6#?secret=aFuPpwXtwR\" data-secret=\"aFuPpwXtwR\" width=\"600\" height=\"338\" frameborder=\"0\" marginwidth=\"0\" marginheight=\"0\" scrolling=\"no\"><\/iframe><\/p>\n","protected":false},"excerpt":{"rendered":"<p>Iz tabora Red Bulla prihaja prelomna novica. Po poro\u010danju zanesljivih medijev so zaposleni pri Red Bullu \u017ee obve\u0161\u010deni o odhodu \u0161efa mo\u0161tva Christiana Hornerja Odlo\u010ditev je padla. Christian Horner je bil razre\u0161en s strani vodstva Red Bulla. Britanec, ki je ekipo vodil kar dve desetletji in z njo dosegel izjemne uspehe, bo moral oditi. Njegovo [&hellip;]<\/p>\n","protected":false},"author":1,"featured_media":6308,"comment_status":"open","ping_status":"open","sticky":false,"template":"","format":"standard","meta":{"footnotes":""},"categories":[107,30,31,36],"tags":[92,44,50,159,45,51,158,64],"class_list":["post-6726","post","type-post","status-publish","format-standard","has-post-thumbnail","hentry","category-christian-horner","category-formula-1","category-novice","category-red-bull","tag-christian-horner","tag-f1","tag-f1-2025","tag-f1-slovenija","tag-formula-1","tag-formula-1-2025","tag-formula-1-slovenija","tag-red-bull"],"blocksy_meta":[],"yoast_head":"<!-- This site is optimized with the Yoast SEO plugin v27.4 - https:\/\/yoast.com\/product\/yoast-seo-wordpress\/ -->\n<title>Neverjetna novica - Christian Horner zapu\u0161\u010da Red Bull - Portal F1<\/title>\n<meta name=\"description\" content=\"Po poro\u010danju zanesljivih medijev, ki spremljajo Formulo 1, so zaposleni pri Red Bullu \u017ee obve\u0161\u010deni o odhodu \u0161efa mo\u0161tva Christiana Hornerja.\" \/>\n<meta name=\"robots\" content=\"index, follow, max-snippet:-1, max-image-preview:large, max-video-preview:-1\" \/>\n<link rel=\"canonical\" href=\"https:\/\/portalf1.si\/index.php\/2025\/07\/09\/neverjetna-novica-christian-horner-zapusca-red-bull\/\" \/>\n<meta property=\"og:locale\" content=\"sl_SI\" \/>\n<meta property=\"og:type\" content=\"article\" \/>\n<meta property=\"og:title\" content=\"Neverjetna novica - Christian Horner zapu\u0161\u010da Red Bull - Portal F1\" \/>\n<meta property=\"og:description\" content=\"Po poro\u010danju zanesljivih medijev, ki spremljajo Formulo 1, so zaposleni pri Red Bullu \u017ee obve\u0161\u010deni o odhodu \u0161efa mo\u0161tva Christiana Hornerja.\" \/>\n<meta property=\"og:url\" content=\"https:\/\/portalf1.si\/index.php\/2025\/07\/09\/neverjetna-novica-christian-horner-zapusca-red-bull\/\" \/>\n<meta property=\"og:site_name\" content=\"Portal F1\" \/>\n<meta property=\"article:publisher\" content=\"https:\/\/www.facebook.com\/portalf1.si\/?locale=sl_SI\" \/>\n<meta property=\"article:published_time\" content=\"2025-07-09T09:46:31+00:00\" \/>\n<meta property=\"article:modified_time\" content=\"2025-07-09T09:47:17+00:00\" \/>\n<meta property=\"og:image\" content=\"https:\/\/portalf1.si\/wp-content\/uploads\/2025\/06\/Horner_2025-06-15-180053_dnfb.webp\" \/>\n\t<meta property=\"og:image:width\" content=\"1092\" \/>\n\t<meta property=\"og:image:height\" content=\"683\" \/>\n\t<meta property=\"og:image:type\" content=\"image\/jpeg\" \/>\n<meta name=\"author\" content=\"Denis \u0160tojs\" \/>\n<meta name=\"twitter:card\" content=\"summary_large_image\" \/>\n<meta name=\"twitter:label1\" content=\"Written by\" \/>\n\t<meta name=\"twitter:data1\" content=\"Denis \u0160tojs\" \/>\n\t<meta name=\"twitter:label2\" content=\"Est. reading time\" \/>\n\t<meta name=\"twitter:data2\" content=\"2 minuti\" \/>\n<script type=\"application\/ld+json\" class=\"yoast-schema-graph\">{\"@context\":\"https:\\\/\\\/schema.org\",\"@graph\":[{\"@type\":\"Article\",\"@id\":\"https:\\\/\\\/portalf1.si\\\/index.php\\\/2025\\\/07\\\/09\\\/neverjetna-novica-christian-horner-zapusca-red-bull\\\/#article\",\"isPartOf\":{\"@id\":\"https:\\\/\\\/portalf1.si\\\/index.php\\\/2025\\\/07\\\/09\\\/neverjetna-novica-christian-horner-zapusca-red-bull\\\/\"},\"author\":{\"name\":\"Denis \u0160tojs\",\"@id\":\"https:\\\/\\\/portalf1.si\\\/#\\\/schema\\\/person\\\/abfef3ba57233710daadfbdd742fecd5\"},\"headline\":\"Neverjetna novica &#8211; Christian Horner zapu\u0161\u010da Red Bull\",\"datePublished\":\"2025-07-09T09:46:31+00:00\",\"dateModified\":\"2025-07-09T09:47:17+00:00\",\"mainEntityOfPage\":{\"@id\":\"https:\\\/\\\/portalf1.si\\\/index.php\\\/2025\\\/07\\\/09\\\/neverjetna-novica-christian-horner-zapusca-red-bull\\\/\"},\"wordCount\":215,\"commentCount\":1,\"publisher\":{\"@id\":\"https:\\\/\\\/portalf1.si\\\/#organization\"},\"image\":{\"@id\":\"https:\\\/\\\/portalf1.si\\\/index.php\\\/2025\\\/07\\\/09\\\/neverjetna-novica-christian-horner-zapusca-red-bull\\\/#primaryimage\"},\"thumbnailUrl\":\"https:\\\/\\\/portalf1.si\\\/wp-content\\\/uploads\\\/2025\\\/06\\\/Horner_2025-06-15-180053_dnfb.webp\",\"keywords\":[\"Christian Horner\",\"F1\",\"F1 2025\",\"F1 Slovenija\",\"Formula 1\",\"Formula 1 2025\",\"Formula 1 Slovenija\",\"Red Bull\"],\"articleSection\":[\"Christian Horner\",\"Formula 1\",\"Novice\",\"Red Bull\"],\"inLanguage\":\"sl-SI\",\"potentialAction\":[{\"@type\":\"CommentAction\",\"name\":\"Comment\",\"target\":[\"https:\\\/\\\/portalf1.si\\\/index.php\\\/2025\\\/07\\\/09\\\/neverjetna-novica-christian-horner-zapusca-red-bull\\\/#respond\"]}]},{\"@type\":\"WebPage\",\"@id\":\"https:\\\/\\\/portalf1.si\\\/index.php\\\/2025\\\/07\\\/09\\\/neverjetna-novica-christian-horner-zapusca-red-bull\\\/\",\"url\":\"https:\\\/\\\/portalf1.si\\\/index.php\\\/2025\\\/07\\\/09\\\/neverjetna-novica-christian-horner-zapusca-red-bull\\\/\",\"name\":\"Neverjetna novica - Christian Horner zapu\u0161\u010da Red Bull - Portal F1\",\"isPartOf\":{\"@id\":\"https:\\\/\\\/portalf1.si\\\/#website\"},\"primaryImageOfPage\":{\"@id\":\"https:\\\/\\\/portalf1.si\\\/index.php\\\/2025\\\/07\\\/09\\\/neverjetna-novica-christian-horner-zapusca-red-bull\\\/#primaryimage\"},\"image\":{\"@id\":\"https:\\\/\\\/portalf1.si\\\/index.php\\\/2025\\\/07\\\/09\\\/neverjetna-novica-christian-horner-zapusca-red-bull\\\/#primaryimage\"},\"thumbnailUrl\":\"https:\\\/\\\/portalf1.si\\\/wp-content\\\/uploads\\\/2025\\\/06\\\/Horner_2025-06-15-180053_dnfb.webp\",\"datePublished\":\"2025-07-09T09:46:31+00:00\",\"dateModified\":\"2025-07-09T09:47:17+00:00\",\"description\":\"Po poro\u010danju zanesljivih medijev, ki spremljajo Formulo 1, so zaposleni pri Red Bullu \u017ee obve\u0161\u010deni o odhodu \u0161efa mo\u0161tva Christiana Hornerja.\",\"breadcrumb\":{\"@id\":\"https:\\\/\\\/portalf1.si\\\/index.php\\\/2025\\\/07\\\/09\\\/neverjetna-novica-christian-horner-zapusca-red-bull\\\/#breadcrumb\"},\"inLanguage\":\"sl-SI\",\"potentialAction\":[{\"@type\":\"ReadAction\",\"target\":[\"https:\\\/\\\/portalf1.si\\\/index.php\\\/2025\\\/07\\\/09\\\/neverjetna-novica-christian-horner-zapusca-red-bull\\\/\"]}]},{\"@type\":\"ImageObject\",\"inLanguage\":\"sl-SI\",\"@id\":\"https:\\\/\\\/portalf1.si\\\/index.php\\\/2025\\\/07\\\/09\\\/neverjetna-novica-christian-horner-zapusca-red-bull\\\/#primaryimage\",\"url\":\"https:\\\/\\\/portalf1.si\\\/wp-content\\\/uploads\\\/2025\\\/06\\\/Horner_2025-06-15-180053_dnfb.webp\",\"contentUrl\":\"https:\\\/\\\/portalf1.si\\\/wp-content\\\/uploads\\\/2025\\\/06\\\/Horner_2025-06-15-180053_dnfb.webp\",\"width\":1092,\"height\":683},{\"@type\":\"BreadcrumbList\",\"@id\":\"https:\\\/\\\/portalf1.si\\\/index.php\\\/2025\\\/07\\\/09\\\/neverjetna-novica-christian-horner-zapusca-red-bull\\\/#breadcrumb\",\"itemListElement\":[{\"@type\":\"ListItem\",\"position\":1,\"name\":\"Home\",\"item\":\"https:\\\/\\\/portalf1.si\\\/\"},{\"@type\":\"ListItem\",\"position\":2,\"name\":\"Neverjetna novica &#8211; Christian Horner zapu\u0161\u010da Red Bull\"}]},{\"@type\":\"WebSite\",\"@id\":\"https:\\\/\\\/portalf1.si\\\/#website\",\"url\":\"https:\\\/\\\/portalf1.si\\\/\",\"name\":\"Portal F1\",\"description\":\"Vstopite v svet hitrosti in adrenalina\",\"publisher\":{\"@id\":\"https:\\\/\\\/portalf1.si\\\/#organization\"},\"potentialAction\":[{\"@type\":\"SearchAction\",\"target\":{\"@type\":\"EntryPoint\",\"urlTemplate\":\"https:\\\/\\\/portalf1.si\\\/?s={search_term_string}\"},\"query-input\":{\"@type\":\"PropertyValueSpecification\",\"valueRequired\":true,\"valueName\":\"search_term_string\"}}],\"inLanguage\":\"sl-SI\"},{\"@type\":\"Organization\",\"@id\":\"https:\\\/\\\/portalf1.si\\\/#organization\",\"name\":\"Portal F1\",\"url\":\"https:\\\/\\\/portalf1.si\\\/\",\"logo\":{\"@type\":\"ImageObject\",\"inLanguage\":\"sl-SI\",\"@id\":\"https:\\\/\\\/portalf1.si\\\/#\\\/schema\\\/logo\\\/image\\\/\",\"url\":\"https:\\\/\\\/portalf1.si\\\/wp-content\\\/uploads\\\/2025\\\/02\\\/cropped-HiPaint_1738532868530.png\",\"contentUrl\":\"https:\\\/\\\/portalf1.si\\\/wp-content\\\/uploads\\\/2025\\\/02\\\/cropped-HiPaint_1738532868530.png\",\"width\":512,\"height\":512,\"caption\":\"Portal F1\"},\"image\":{\"@id\":\"https:\\\/\\\/portalf1.si\\\/#\\\/schema\\\/logo\\\/image\\\/\"},\"sameAs\":[\"https:\\\/\\\/www.facebook.com\\\/portalf1.si\\\/?locale=sl_SI\"]},{\"@type\":\"Person\",\"@id\":\"https:\\\/\\\/portalf1.si\\\/#\\\/schema\\\/person\\\/abfef3ba57233710daadfbdd742fecd5\",\"name\":\"Denis \u0160tojs\",\"image\":{\"@type\":\"ImageObject\",\"inLanguage\":\"sl-SI\",\"@id\":\"https:\\\/\\\/secure.gravatar.com\\\/avatar\\\/b006ce11dfb9c6e47e9de9803eefbdc14aa4afb445f3cca05acc735c22115b38?s=96&d=mm&r=g\",\"url\":\"https:\\\/\\\/secure.gravatar.com\\\/avatar\\\/b006ce11dfb9c6e47e9de9803eefbdc14aa4afb445f3cca05acc735c22115b38?s=96&d=mm&r=g\",\"contentUrl\":\"https:\\\/\\\/secure.gravatar.com\\\/avatar\\\/b006ce11dfb9c6e47e9de9803eefbdc14aa4afb445f3cca05acc735c22115b38?s=96&d=mm&r=g\",\"caption\":\"Denis \u0160tojs\"},\"sameAs\":[\"https:\\\/\\\/portalf1.si\"],\"url\":\"https:\\\/\\\/portalf1.si\\\/index.php\\\/author\\\/portalf1\\\/\"}]}<\/script>\n<!-- \/ Yoast SEO plugin. -->","yoast_head_json":{"title":"Neverjetna novica - Christian Horner zapu\u0161\u010da Red Bull - Portal F1","description":"Po poro\u010danju zanesljivih medijev, ki spremljajo Formulo 1, so zaposleni pri Red Bullu \u017ee obve\u0161\u010deni o odhodu \u0161efa mo\u0161tva Christiana Hornerja.","robots":{"index":"index","follow":"follow","max-snippet":"max-snippet:-1","max-image-preview":"max-image-preview:large","max-video-preview":"max-video-preview:-1"},"canonical":"https:\/\/portalf1.si\/index.php\/2025\/07\/09\/neverjetna-novica-christian-horner-zapusca-red-bull\/","og_locale":"sl_SI","og_type":"article","og_title":"Neverjetna novica - Christian Horner zapu\u0161\u010da Red Bull - Portal F1","og_description":"Po poro\u010danju zanesljivih medijev, ki spremljajo Formulo 1, so zaposleni pri Red Bullu \u017ee obve\u0161\u010deni o odhodu \u0161efa mo\u0161tva Christiana Hornerja.","og_url":"https:\/\/portalf1.si\/index.php\/2025\/07\/09\/neverjetna-novica-christian-horner-zapusca-red-bull\/","og_site_name":"Portal F1","article_publisher":"https:\/\/www.facebook.com\/portalf1.si\/?locale=sl_SI","article_published_time":"2025-07-09T09:46:31+00:00","article_modified_time":"2025-07-09T09:47:17+00:00","og_image":[{"width":1092,"height":683,"url":"https:\/\/portalf1.si\/wp-content\/uploads\/2025\/06\/Horner_2025-06-15-180053_dnfb.webp","type":"image\/jpeg"}],"author":"Denis \u0160tojs","twitter_card":"summary_large_image","twitter_misc":{"Written by":"Denis \u0160tojs","Est. reading time":"2 minuti"},"schema":{"@context":"https:\/\/schema.org","@graph":[{"@type":"Article","@id":"https:\/\/portalf1.si\/index.php\/2025\/07\/09\/neverjetna-novica-christian-horner-zapusca-red-bull\/#article","isPartOf":{"@id":"https:\/\/portalf1.si\/index.php\/2025\/07\/09\/neverjetna-novica-christian-horner-zapusca-red-bull\/"},"author":{"name":"Denis \u0160tojs","@id":"https:\/\/portalf1.si\/#\/schema\/person\/abfef3ba57233710daadfbdd742fecd5"},"headline":"Neverjetna novica &#8211; Christian Horner zapu\u0161\u010da Red Bull","datePublished":"2025-07-09T09:46:31+00:00","dateModified":"2025-07-09T09:47:17+00:00","mainEntityOfPage":{"@id":"https:\/\/portalf1.si\/index.php\/2025\/07\/09\/neverjetna-novica-christian-horner-zapusca-red-bull\/"},"wordCount":215,"commentCount":1,"publisher":{"@id":"https:\/\/portalf1.si\/#organization"},"image":{"@id":"https:\/\/portalf1.si\/index.php\/2025\/07\/09\/neverjetna-novica-christian-horner-zapusca-red-bull\/#primaryimage"},"thumbnailUrl":"https:\/\/portalf1.si\/wp-content\/uploads\/2025\/06\/Horner_2025-06-15-180053_dnfb.webp","keywords":["Christian Horner","F1","F1 2025","F1 Slovenija","Formula 1","Formula 1 2025","Formula 1 Slovenija","Red Bull"],"articleSection":["Christian Horner","Formula 1","Novice","Red Bull"],"inLanguage":"sl-SI","potentialAction":[{"@type":"CommentAction","name":"Comment","target":["https:\/\/portalf1.si\/index.php\/2025\/07\/09\/neverjetna-novica-christian-horner-zapusca-red-bull\/#respond"]}]},{"@type":"WebPage","@id":"https:\/\/portalf1.si\/index.php\/2025\/07\/09\/neverjetna-novica-christian-horner-zapusca-red-bull\/","url":"https:\/\/portalf1.si\/index.php\/2025\/07\/09\/neverjetna-novica-christian-horner-zapusca-red-bull\/","name":"Neverjetna novica - Christian Horner zapu\u0161\u010da Red Bull - Portal F1","isPartOf":{"@id":"https:\/\/portalf1.si\/#website"},"primaryImageOfPage":{"@id":"https:\/\/portalf1.si\/index.php\/2025\/07\/09\/neverjetna-novica-christian-horner-zapusca-red-bull\/#primaryimage"},"image":{"@id":"https:\/\/portalf1.si\/index.php\/2025\/07\/09\/neverjetna-novica-christian-horner-zapusca-red-bull\/#primaryimage"},"thumbnailUrl":"https:\/\/portalf1.si\/wp-content\/uploads\/2025\/06\/Horner_2025-06-15-180053_dnfb.webp","datePublished":"2025-07-09T09:46:31+00:00","dateModified":"2025-07-09T09:47:17+00:00","description":"Po poro\u010danju zanesljivih medijev, ki spremljajo Formulo 1, so zaposleni pri Red Bullu \u017ee obve\u0161\u010deni o odhodu \u0161efa mo\u0161tva Christiana Hornerja.","breadcrumb":{"@id":"https:\/\/portalf1.si\/index.php\/2025\/07\/09\/neverjetna-novica-christian-horner-zapusca-red-bull\/#breadcrumb"},"inLanguage":"sl-SI","potentialAction":[{"@type":"ReadAction","target":["https:\/\/portalf1.si\/index.php\/2025\/07\/09\/neverjetna-novica-christian-horner-zapusca-red-bull\/"]}]},{"@type":"ImageObject","inLanguage":"sl-SI","@id":"https:\/\/portalf1.si\/index.php\/2025\/07\/09\/neverjetna-novica-christian-horner-zapusca-red-bull\/#primaryimage","url":"https:\/\/portalf1.si\/wp-content\/uploads\/2025\/06\/Horner_2025-06-15-180053_dnfb.webp","contentUrl":"https:\/\/portalf1.si\/wp-content\/uploads\/2025\/06\/Horner_2025-06-15-180053_dnfb.webp","width":1092,"height":683},{"@type":"BreadcrumbList","@id":"https:\/\/portalf1.si\/index.php\/2025\/07\/09\/neverjetna-novica-christian-horner-zapusca-red-bull\/#breadcrumb","itemListElement":[{"@type":"ListItem","position":1,"name":"Home","item":"https:\/\/portalf1.si\/"},{"@type":"ListItem","position":2,"name":"Neverjetna novica &#8211; Christian Horner zapu\u0161\u010da Red Bull"}]},{"@type":"WebSite","@id":"https:\/\/portalf1.si\/#website","url":"https:\/\/portalf1.si\/","name":"Portal F1","description":"Vstopite v svet hitrosti in adrenalina","publisher":{"@id":"https:\/\/portalf1.si\/#organization"},"potentialAction":[{"@type":"SearchAction","target":{"@type":"EntryPoint","urlTemplate":"https:\/\/portalf1.si\/?s={search_term_string}"},"query-input":{"@type":"PropertyValueSpecification","valueRequired":true,"valueName":"search_term_string"}}],"inLanguage":"sl-SI"},{"@type":"Organization","@id":"https:\/\/portalf1.si\/#organization","name":"Portal F1","url":"https:\/\/portalf1.si\/","logo":{"@type":"ImageObject","inLanguage":"sl-SI","@id":"https:\/\/portalf1.si\/#\/schema\/logo\/image\/","url":"https:\/\/portalf1.si\/wp-content\/uploads\/2025\/02\/cropped-HiPaint_1738532868530.png","contentUrl":"https:\/\/portalf1.si\/wp-content\/uploads\/2025\/02\/cropped-HiPaint_1738532868530.png","width":512,"height":512,"caption":"Portal F1"},"image":{"@id":"https:\/\/portalf1.si\/#\/schema\/logo\/image\/"},"sameAs":["https:\/\/www.facebook.com\/portalf1.si\/?locale=sl_SI"]},{"@type":"Person","@id":"https:\/\/portalf1.si\/#\/schema\/person\/abfef3ba57233710daadfbdd742fecd5","name":"Denis \u0160tojs","image":{"@type":"ImageObject","inLanguage":"sl-SI","@id":"https:\/\/secure.gravatar.com\/avatar\/b006ce11dfb9c6e47e9de9803eefbdc14aa4afb445f3cca05acc735c22115b38?s=96&d=mm&r=g","url":"https:\/\/secure.gravatar.com\/avatar\/b006ce11dfb9c6e47e9de9803eefbdc14aa4afb445f3cca05acc735c22115b38?s=96&d=mm&r=g","contentUrl":"https:\/\/secure.gravatar.com\/avatar\/b006ce11dfb9c6e47e9de9803eefbdc14aa4afb445f3cca05acc735c22115b38?s=96&d=mm&r=g","caption":"Denis \u0160tojs"},"sameAs":["https:\/\/portalf1.si"],"url":"https:\/\/portalf1.si\/index.php\/author\/portalf1\/"}]}},"_links":{"self":[{"href":"https:\/\/portalf1.si\/index.php\/wp-json\/wp\/v2\/posts\/6726","targetHints":{"allow":["GET"]}}],"collection":[{"href":"https:\/\/portalf1.si\/index.php\/wp-json\/wp\/v2\/posts"}],"about":[{"href":"https:\/\/portalf1.si\/index.php\/wp-json\/wp\/v2\/types\/post"}],"author":[{"embeddable":true,"href":"https:\/\/portalf1.si\/index.php\/wp-json\/wp\/v2\/users\/1"}],"replies":[{"embeddable":true,"href":"https:\/\/portalf1.si\/index.php\/wp-json\/wp\/v2\/comments?post=6726"}],"version-history":[{"count":2,"href":"https:\/\/portalf1.si\/index.php\/wp-json\/wp\/v2\/posts\/6726\/revisions"}],"predecessor-version":[{"id":6728,"href":"https:\/\/portalf1.si\/index.php\/wp-json\/wp\/v2\/posts\/6726\/revisions\/6728"}],"wp:featuredmedia":[{"embeddable":true,"href":"https:\/\/portalf1.si\/index.php\/wp-json\/wp\/v2\/media\/6308"}],"wp:attachment":[{"href":"https:\/\/portalf1.si\/index.php\/wp-json\/wp\/v2\/media?parent=6726"}],"wp:term":[{"taxonomy":"category","embeddable":true,"href":"https:\/\/portalf1.si\/index.php\/wp-json\/wp\/v2\/categories?post=6726"},{"taxonomy":"post_tag","embeddable":true,"href":"https:\/\/portalf1.si\/index.php\/wp-json\/wp\/v2\/tags?post=6726"}],"curies":[{"name":"wp","href":"https:\/\/api.w.org\/{rel}","templated":true}]}}