{"id":6835,"date":"2025-07-13T15:47:10","date_gmt":"2025-07-13T15:47:10","guid":{"rendered":"https:\/\/portalf1.si\/?p=6835"},"modified":"2025-07-13T15:47:10","modified_gmt":"2025-07-13T15:47:10","slug":"kako-je-marko-prevzel-vajeti-v-red-bullu-in-premagal-hornerja","status":"publish","type":"post","link":"https:\/\/portalf1.si\/index.php\/2025\/07\/13\/kako-je-marko-prevzel-vajeti-v-red-bullu-in-premagal-hornerja\/","title":{"rendered":"Kako je Marko prevzel vajeti v Red Bullu in premagal Hornerja"},"content":{"rendered":"<p><strong>Laurent Mekies je ta teden uradno postal novi \u0161ef Red Bull Racinga. Toda klju\u010dno vpra\u0161anje je, kako dale\u010d danes sega mo\u010d Helmuta Marka, \u010dloveka, ki naj bi pravzaprav pripeljal Mekiesa, in kaj se bo zgodilo po letu 2026, ko Avstrijcu pote\u010de pogodba?<\/strong><\/p>\n<p>Z odstavitvijo Christiana Hornerja se je Red Bull GmbH jasno postavil na Markovo stran. Kar leto in pol je namre\u010d potekal javni obra\u010dun med nekdanjim \u0161efom ekipe in glavnim svetovalcem, pri \u010demer je Horner celo posku\u0161al odstraniti Marka. Znano je, da je Max Verstappen to prepre\u010dil z izjavo: <em>&#8220;\u010ce gre Helmut, grem tudi jaz.&#8221;<\/em><\/p>\n<p>Na koncu je Marko ostal, Horner pa je moral oditi. \u010ceprav 82-letnik uradno ni imel neposredne vloge pri odhodu Britanca, sta mu tako tajska kot avstrijska stran o\u010ditno prisluhnili. Glede na dogajanje zadnjih 18 mesecev je te\u017eko verjeti, da je Marko o Hornerju podal pozitivno mnenje.<\/p>\n<p>Mekies je na mesto \u0161efa ekipe pri\u0161el po Markovem priporo\u010dilu, kar je Red Bull GmbH jasno izpostavil v nedavni izjavi za javnost. S tem je Marko dosegel \u0161e eno zmago, zaradi \u010desar mu je Francoz vsaj kratkoro\u010dno dol\u017enik, zato mu ni treba skrbeti, da bi mu novi \u0161ef za\u010del spodkopavati polo\u017eaj.<\/p>\n<p style=\"text-align: left;\">Markova pozicija je zdaj mo\u010dnej\u0161a kot pred poldrugim letom, saj je njegov &#8216;sovra\u017enik&#8217; Horner od\u0161el, njegov \u010dlovek vodi ekipo, sam pa \u0161e vedno vle\u010de niti iz ozadja. Toda obstaja en velik &#8216;ampak&#8217; &#8211; Verstappen ne sme oditi. \u010ce bi Nizozemec zapustil ekipo, bi Red Bull GmbH utegnil izvesti popolno \u010distko in za\u010deti z novo garnituro vodilnih.<\/p>\n<p>\u010ce pa Verstappen ostane vsaj do 2026, je logi\u010dno pri\u010dakovati, da bo Marko svojo pogodbo oddelal do konca leta.<\/p>\n<blockquote class=\"wp-embedded-content\" data-secret=\"Gi2sbwjZJX\"><p><a href=\"https:\/\/portalf1.si\/index.php\/2025\/07\/13\/helmut-marko-je-odigral-kljucno-vlogo-pri-odstavitvi-hornerja\/\">Helmut Marko je odigral klju\u010dno vlogo pri odstavitvi Hornerja<\/a><\/p><\/blockquote>\n<p><iframe loading=\"lazy\" class=\"wp-embedded-content\" sandbox=\"allow-scripts\" security=\"restricted\" style=\"position: absolute; visibility: hidden;\" title=\"&#8220;Helmut Marko je odigral klju\u010dno vlogo pri odstavitvi Hornerja&#8221; &#8212; Portal F1\" src=\"https:\/\/portalf1.si\/index.php\/2025\/07\/13\/helmut-marko-je-odigral-kljucno-vlogo-pri-odstavitvi-hornerja\/embed\/#?secret=Rppc8mmLow#?secret=Gi2sbwjZJX\" data-secret=\"Gi2sbwjZJX\" width=\"600\" height=\"338\" frameborder=\"0\" marginwidth=\"0\" marginheight=\"0\" scrolling=\"no\"><\/iframe><\/p>\n","protected":false},"excerpt":{"rendered":"<p>Laurent Mekies je ta teden uradno postal novi \u0161ef Red Bull Racinga. Toda klju\u010dno vpra\u0161anje je, kako dale\u010d danes sega mo\u010d Helmuta Marka, \u010dloveka, ki naj bi pravzaprav pripeljal Mekiesa, in kaj se bo zgodilo po letu 2026, ko Avstrijcu pote\u010de pogodba? Z odstavitvijo Christiana Hornerja se je Red Bull GmbH jasno postavil na Markovo [&hellip;]<\/p>\n","protected":false},"author":1,"featured_media":4972,"comment_status":"open","ping_status":"open","sticky":false,"template":"","format":"standard","meta":{"footnotes":""},"categories":[107,30,99,31,36],"tags":[92,44,50,159,45,51,158,100,64],"class_list":["post-6835","post","type-post","status-publish","format-standard","has-post-thumbnail","hentry","category-christian-horner","category-formula-1","category-helmut-marko","category-novice","category-red-bull","tag-christian-horner","tag-f1","tag-f1-2025","tag-f1-slovenija","tag-formula-1","tag-formula-1-2025","tag-formula-1-slovenija","tag-helmut-marko","tag-red-bull"],"blocksy_meta":[],"yoast_head":"<!-- This site is optimized with the Yoast SEO plugin v27.4 - https:\/\/yoast.com\/product\/yoast-seo-wordpress\/ -->\n<title>Kako je Marko prevzel vajeti v Red Bullu in premagal Hornerja - Portal F1<\/title>\n<meta name=\"description\" content=\"Kako dale\u010d sega mo\u010d Helmuta Marka, \u010dloveka, ki naj bi pravzaprav pripeljal Mekiesa, in kaj se bo zgodilo po letu 2026, ko mu pote\u010de pogodba?\" \/>\n<meta name=\"robots\" content=\"index, follow, max-snippet:-1, max-image-preview:large, max-video-preview:-1\" \/>\n<link rel=\"canonical\" href=\"https:\/\/portalf1.si\/index.php\/2025\/07\/13\/kako-je-marko-prevzel-vajeti-v-red-bullu-in-premagal-hornerja\/\" \/>\n<meta property=\"og:locale\" content=\"sl_SI\" \/>\n<meta property=\"og:type\" content=\"article\" \/>\n<meta property=\"og:title\" content=\"Kako je Marko prevzel vajeti v Red Bullu in premagal Hornerja - Portal F1\" \/>\n<meta property=\"og:description\" content=\"Kako dale\u010d sega mo\u010d Helmuta Marka, \u010dloveka, ki naj bi pravzaprav pripeljal Mekiesa, in kaj se bo zgodilo po letu 2026, ko mu pote\u010de pogodba?\" \/>\n<meta property=\"og:url\" content=\"https:\/\/portalf1.si\/index.php\/2025\/07\/13\/kako-je-marko-prevzel-vajeti-v-red-bullu-in-premagal-hornerja\/\" \/>\n<meta property=\"og:site_name\" content=\"Portal F1\" \/>\n<meta property=\"article:publisher\" content=\"https:\/\/www.facebook.com\/portalf1.si\/?locale=sl_SI\" \/>\n<meta property=\"article:published_time\" content=\"2025-07-13T15:47:10+00:00\" \/>\n<meta property=\"og:image\" content=\"https:\/\/portalf1.si\/wp-content\/uploads\/2025\/04\/Marko.webp\" \/>\n\t<meta property=\"og:image:width\" content=\"1092\" \/>\n\t<meta property=\"og:image:height\" content=\"683\" \/>\n\t<meta property=\"og:image:type\" content=\"image\/jpeg\" \/>\n<meta name=\"author\" content=\"Denis \u0160tojs\" \/>\n<meta name=\"twitter:card\" content=\"summary_large_image\" \/>\n<meta name=\"twitter:label1\" content=\"Written by\" \/>\n\t<meta name=\"twitter:data1\" content=\"Denis \u0160tojs\" \/>\n\t<meta name=\"twitter:label2\" content=\"Est. reading time\" \/>\n\t<meta name=\"twitter:data2\" content=\"2 minuti\" \/>\n<script type=\"application\/ld+json\" class=\"yoast-schema-graph\">{\"@context\":\"https:\\\/\\\/schema.org\",\"@graph\":[{\"@type\":\"Article\",\"@id\":\"https:\\\/\\\/portalf1.si\\\/index.php\\\/2025\\\/07\\\/13\\\/kako-je-marko-prevzel-vajeti-v-red-bullu-in-premagal-hornerja\\\/#article\",\"isPartOf\":{\"@id\":\"https:\\\/\\\/portalf1.si\\\/index.php\\\/2025\\\/07\\\/13\\\/kako-je-marko-prevzel-vajeti-v-red-bullu-in-premagal-hornerja\\\/\"},\"author\":{\"name\":\"Denis \u0160tojs\",\"@id\":\"https:\\\/\\\/portalf1.si\\\/#\\\/schema\\\/person\\\/abfef3ba57233710daadfbdd742fecd5\"},\"headline\":\"Kako je Marko prevzel vajeti v Red Bullu in premagal Hornerja\",\"datePublished\":\"2025-07-13T15:47:10+00:00\",\"mainEntityOfPage\":{\"@id\":\"https:\\\/\\\/portalf1.si\\\/index.php\\\/2025\\\/07\\\/13\\\/kako-je-marko-prevzel-vajeti-v-red-bullu-in-premagal-hornerja\\\/\"},\"wordCount\":304,\"commentCount\":0,\"publisher\":{\"@id\":\"https:\\\/\\\/portalf1.si\\\/#organization\"},\"image\":{\"@id\":\"https:\\\/\\\/portalf1.si\\\/index.php\\\/2025\\\/07\\\/13\\\/kako-je-marko-prevzel-vajeti-v-red-bullu-in-premagal-hornerja\\\/#primaryimage\"},\"thumbnailUrl\":\"https:\\\/\\\/portalf1.si\\\/wp-content\\\/uploads\\\/2025\\\/04\\\/Marko.webp\",\"keywords\":[\"Christian Horner\",\"F1\",\"F1 2025\",\"F1 Slovenija\",\"Formula 1\",\"Formula 1 2025\",\"Formula 1 Slovenija\",\"Helmut Marko\",\"Red Bull\"],\"articleSection\":[\"Christian Horner\",\"Formula 1\",\"Helmut Marko\",\"Novice\",\"Red Bull\"],\"inLanguage\":\"sl-SI\",\"potentialAction\":[{\"@type\":\"CommentAction\",\"name\":\"Comment\",\"target\":[\"https:\\\/\\\/portalf1.si\\\/index.php\\\/2025\\\/07\\\/13\\\/kako-je-marko-prevzel-vajeti-v-red-bullu-in-premagal-hornerja\\\/#respond\"]}]},{\"@type\":\"WebPage\",\"@id\":\"https:\\\/\\\/portalf1.si\\\/index.php\\\/2025\\\/07\\\/13\\\/kako-je-marko-prevzel-vajeti-v-red-bullu-in-premagal-hornerja\\\/\",\"url\":\"https:\\\/\\\/portalf1.si\\\/index.php\\\/2025\\\/07\\\/13\\\/kako-je-marko-prevzel-vajeti-v-red-bullu-in-premagal-hornerja\\\/\",\"name\":\"Kako je Marko prevzel vajeti v Red Bullu in premagal Hornerja - Portal F1\",\"isPartOf\":{\"@id\":\"https:\\\/\\\/portalf1.si\\\/#website\"},\"primaryImageOfPage\":{\"@id\":\"https:\\\/\\\/portalf1.si\\\/index.php\\\/2025\\\/07\\\/13\\\/kako-je-marko-prevzel-vajeti-v-red-bullu-in-premagal-hornerja\\\/#primaryimage\"},\"image\":{\"@id\":\"https:\\\/\\\/portalf1.si\\\/index.php\\\/2025\\\/07\\\/13\\\/kako-je-marko-prevzel-vajeti-v-red-bullu-in-premagal-hornerja\\\/#primaryimage\"},\"thumbnailUrl\":\"https:\\\/\\\/portalf1.si\\\/wp-content\\\/uploads\\\/2025\\\/04\\\/Marko.webp\",\"datePublished\":\"2025-07-13T15:47:10+00:00\",\"description\":\"Kako dale\u010d sega mo\u010d Helmuta Marka, \u010dloveka, ki naj bi pravzaprav pripeljal Mekiesa, in kaj se bo zgodilo po letu 2026, ko mu pote\u010de pogodba?\",\"breadcrumb\":{\"@id\":\"https:\\\/\\\/portalf1.si\\\/index.php\\\/2025\\\/07\\\/13\\\/kako-je-marko-prevzel-vajeti-v-red-bullu-in-premagal-hornerja\\\/#breadcrumb\"},\"inLanguage\":\"sl-SI\",\"potentialAction\":[{\"@type\":\"ReadAction\",\"target\":[\"https:\\\/\\\/portalf1.si\\\/index.php\\\/2025\\\/07\\\/13\\\/kako-je-marko-prevzel-vajeti-v-red-bullu-in-premagal-hornerja\\\/\"]}]},{\"@type\":\"ImageObject\",\"inLanguage\":\"sl-SI\",\"@id\":\"https:\\\/\\\/portalf1.si\\\/index.php\\\/2025\\\/07\\\/13\\\/kako-je-marko-prevzel-vajeti-v-red-bullu-in-premagal-hornerja\\\/#primaryimage\",\"url\":\"https:\\\/\\\/portalf1.si\\\/wp-content\\\/uploads\\\/2025\\\/04\\\/Marko.webp\",\"contentUrl\":\"https:\\\/\\\/portalf1.si\\\/wp-content\\\/uploads\\\/2025\\\/04\\\/Marko.webp\",\"width\":1092,\"height\":683},{\"@type\":\"BreadcrumbList\",\"@id\":\"https:\\\/\\\/portalf1.si\\\/index.php\\\/2025\\\/07\\\/13\\\/kako-je-marko-prevzel-vajeti-v-red-bullu-in-premagal-hornerja\\\/#breadcrumb\",\"itemListElement\":[{\"@type\":\"ListItem\",\"position\":1,\"name\":\"Home\",\"item\":\"https:\\\/\\\/portalf1.si\\\/\"},{\"@type\":\"ListItem\",\"position\":2,\"name\":\"Kako je Marko prevzel vajeti v Red Bullu in premagal Hornerja\"}]},{\"@type\":\"WebSite\",\"@id\":\"https:\\\/\\\/portalf1.si\\\/#website\",\"url\":\"https:\\\/\\\/portalf1.si\\\/\",\"name\":\"Portal F1\",\"description\":\"Vstopite v svet hitrosti in adrenalina\",\"publisher\":{\"@id\":\"https:\\\/\\\/portalf1.si\\\/#organization\"},\"potentialAction\":[{\"@type\":\"SearchAction\",\"target\":{\"@type\":\"EntryPoint\",\"urlTemplate\":\"https:\\\/\\\/portalf1.si\\\/?s={search_term_string}\"},\"query-input\":{\"@type\":\"PropertyValueSpecification\",\"valueRequired\":true,\"valueName\":\"search_term_string\"}}],\"inLanguage\":\"sl-SI\"},{\"@type\":\"Organization\",\"@id\":\"https:\\\/\\\/portalf1.si\\\/#organization\",\"name\":\"Portal F1\",\"url\":\"https:\\\/\\\/portalf1.si\\\/\",\"logo\":{\"@type\":\"ImageObject\",\"inLanguage\":\"sl-SI\",\"@id\":\"https:\\\/\\\/portalf1.si\\\/#\\\/schema\\\/logo\\\/image\\\/\",\"url\":\"https:\\\/\\\/portalf1.si\\\/wp-content\\\/uploads\\\/2025\\\/02\\\/cropped-HiPaint_1738532868530.png\",\"contentUrl\":\"https:\\\/\\\/portalf1.si\\\/wp-content\\\/uploads\\\/2025\\\/02\\\/cropped-HiPaint_1738532868530.png\",\"width\":512,\"height\":512,\"caption\":\"Portal F1\"},\"image\":{\"@id\":\"https:\\\/\\\/portalf1.si\\\/#\\\/schema\\\/logo\\\/image\\\/\"},\"sameAs\":[\"https:\\\/\\\/www.facebook.com\\\/portalf1.si\\\/?locale=sl_SI\"]},{\"@type\":\"Person\",\"@id\":\"https:\\\/\\\/portalf1.si\\\/#\\\/schema\\\/person\\\/abfef3ba57233710daadfbdd742fecd5\",\"name\":\"Denis \u0160tojs\",\"image\":{\"@type\":\"ImageObject\",\"inLanguage\":\"sl-SI\",\"@id\":\"https:\\\/\\\/secure.gravatar.com\\\/avatar\\\/b006ce11dfb9c6e47e9de9803eefbdc14aa4afb445f3cca05acc735c22115b38?s=96&d=mm&r=g\",\"url\":\"https:\\\/\\\/secure.gravatar.com\\\/avatar\\\/b006ce11dfb9c6e47e9de9803eefbdc14aa4afb445f3cca05acc735c22115b38?s=96&d=mm&r=g\",\"contentUrl\":\"https:\\\/\\\/secure.gravatar.com\\\/avatar\\\/b006ce11dfb9c6e47e9de9803eefbdc14aa4afb445f3cca05acc735c22115b38?s=96&d=mm&r=g\",\"caption\":\"Denis \u0160tojs\"},\"sameAs\":[\"https:\\\/\\\/portalf1.si\"],\"url\":\"https:\\\/\\\/portalf1.si\\\/index.php\\\/author\\\/portalf1\\\/\"}]}<\/script>\n<!-- \/ Yoast SEO plugin. -->","yoast_head_json":{"title":"Kako je Marko prevzel vajeti v Red Bullu in premagal Hornerja - Portal F1","description":"Kako dale\u010d sega mo\u010d Helmuta Marka, \u010dloveka, ki naj bi pravzaprav pripeljal Mekiesa, in kaj se bo zgodilo po letu 2026, ko mu pote\u010de pogodba?","robots":{"index":"index","follow":"follow","max-snippet":"max-snippet:-1","max-image-preview":"max-image-preview:large","max-video-preview":"max-video-preview:-1"},"canonical":"https:\/\/portalf1.si\/index.php\/2025\/07\/13\/kako-je-marko-prevzel-vajeti-v-red-bullu-in-premagal-hornerja\/","og_locale":"sl_SI","og_type":"article","og_title":"Kako je Marko prevzel vajeti v Red Bullu in premagal Hornerja - Portal F1","og_description":"Kako dale\u010d sega mo\u010d Helmuta Marka, \u010dloveka, ki naj bi pravzaprav pripeljal Mekiesa, in kaj se bo zgodilo po letu 2026, ko mu pote\u010de pogodba?","og_url":"https:\/\/portalf1.si\/index.php\/2025\/07\/13\/kako-je-marko-prevzel-vajeti-v-red-bullu-in-premagal-hornerja\/","og_site_name":"Portal F1","article_publisher":"https:\/\/www.facebook.com\/portalf1.si\/?locale=sl_SI","article_published_time":"2025-07-13T15:47:10+00:00","og_image":[{"width":1092,"height":683,"url":"https:\/\/portalf1.si\/wp-content\/uploads\/2025\/04\/Marko.webp","type":"image\/jpeg"}],"author":"Denis \u0160tojs","twitter_card":"summary_large_image","twitter_misc":{"Written by":"Denis \u0160tojs","Est. reading time":"2 minuti"},"schema":{"@context":"https:\/\/schema.org","@graph":[{"@type":"Article","@id":"https:\/\/portalf1.si\/index.php\/2025\/07\/13\/kako-je-marko-prevzel-vajeti-v-red-bullu-in-premagal-hornerja\/#article","isPartOf":{"@id":"https:\/\/portalf1.si\/index.php\/2025\/07\/13\/kako-je-marko-prevzel-vajeti-v-red-bullu-in-premagal-hornerja\/"},"author":{"name":"Denis \u0160tojs","@id":"https:\/\/portalf1.si\/#\/schema\/person\/abfef3ba57233710daadfbdd742fecd5"},"headline":"Kako je Marko prevzel vajeti v Red Bullu in premagal Hornerja","datePublished":"2025-07-13T15:47:10+00:00","mainEntityOfPage":{"@id":"https:\/\/portalf1.si\/index.php\/2025\/07\/13\/kako-je-marko-prevzel-vajeti-v-red-bullu-in-premagal-hornerja\/"},"wordCount":304,"commentCount":0,"publisher":{"@id":"https:\/\/portalf1.si\/#organization"},"image":{"@id":"https:\/\/portalf1.si\/index.php\/2025\/07\/13\/kako-je-marko-prevzel-vajeti-v-red-bullu-in-premagal-hornerja\/#primaryimage"},"thumbnailUrl":"https:\/\/portalf1.si\/wp-content\/uploads\/2025\/04\/Marko.webp","keywords":["Christian Horner","F1","F1 2025","F1 Slovenija","Formula 1","Formula 1 2025","Formula 1 Slovenija","Helmut Marko","Red Bull"],"articleSection":["Christian Horner","Formula 1","Helmut Marko","Novice","Red Bull"],"inLanguage":"sl-SI","potentialAction":[{"@type":"CommentAction","name":"Comment","target":["https:\/\/portalf1.si\/index.php\/2025\/07\/13\/kako-je-marko-prevzel-vajeti-v-red-bullu-in-premagal-hornerja\/#respond"]}]},{"@type":"WebPage","@id":"https:\/\/portalf1.si\/index.php\/2025\/07\/13\/kako-je-marko-prevzel-vajeti-v-red-bullu-in-premagal-hornerja\/","url":"https:\/\/portalf1.si\/index.php\/2025\/07\/13\/kako-je-marko-prevzel-vajeti-v-red-bullu-in-premagal-hornerja\/","name":"Kako je Marko prevzel vajeti v Red Bullu in premagal Hornerja - Portal F1","isPartOf":{"@id":"https:\/\/portalf1.si\/#website"},"primaryImageOfPage":{"@id":"https:\/\/portalf1.si\/index.php\/2025\/07\/13\/kako-je-marko-prevzel-vajeti-v-red-bullu-in-premagal-hornerja\/#primaryimage"},"image":{"@id":"https:\/\/portalf1.si\/index.php\/2025\/07\/13\/kako-je-marko-prevzel-vajeti-v-red-bullu-in-premagal-hornerja\/#primaryimage"},"thumbnailUrl":"https:\/\/portalf1.si\/wp-content\/uploads\/2025\/04\/Marko.webp","datePublished":"2025-07-13T15:47:10+00:00","description":"Kako dale\u010d sega mo\u010d Helmuta Marka, \u010dloveka, ki naj bi pravzaprav pripeljal Mekiesa, in kaj se bo zgodilo po letu 2026, ko mu pote\u010de pogodba?","breadcrumb":{"@id":"https:\/\/portalf1.si\/index.php\/2025\/07\/13\/kako-je-marko-prevzel-vajeti-v-red-bullu-in-premagal-hornerja\/#breadcrumb"},"inLanguage":"sl-SI","potentialAction":[{"@type":"ReadAction","target":["https:\/\/portalf1.si\/index.php\/2025\/07\/13\/kako-je-marko-prevzel-vajeti-v-red-bullu-in-premagal-hornerja\/"]}]},{"@type":"ImageObject","inLanguage":"sl-SI","@id":"https:\/\/portalf1.si\/index.php\/2025\/07\/13\/kako-je-marko-prevzel-vajeti-v-red-bullu-in-premagal-hornerja\/#primaryimage","url":"https:\/\/portalf1.si\/wp-content\/uploads\/2025\/04\/Marko.webp","contentUrl":"https:\/\/portalf1.si\/wp-content\/uploads\/2025\/04\/Marko.webp","width":1092,"height":683},{"@type":"BreadcrumbList","@id":"https:\/\/portalf1.si\/index.php\/2025\/07\/13\/kako-je-marko-prevzel-vajeti-v-red-bullu-in-premagal-hornerja\/#breadcrumb","itemListElement":[{"@type":"ListItem","position":1,"name":"Home","item":"https:\/\/portalf1.si\/"},{"@type":"ListItem","position":2,"name":"Kako je Marko prevzel vajeti v Red Bullu in premagal Hornerja"}]},{"@type":"WebSite","@id":"https:\/\/portalf1.si\/#website","url":"https:\/\/portalf1.si\/","name":"Portal F1","description":"Vstopite v svet hitrosti in adrenalina","publisher":{"@id":"https:\/\/portalf1.si\/#organization"},"potentialAction":[{"@type":"SearchAction","target":{"@type":"EntryPoint","urlTemplate":"https:\/\/portalf1.si\/?s={search_term_string}"},"query-input":{"@type":"PropertyValueSpecification","valueRequired":true,"valueName":"search_term_string"}}],"inLanguage":"sl-SI"},{"@type":"Organization","@id":"https:\/\/portalf1.si\/#organization","name":"Portal F1","url":"https:\/\/portalf1.si\/","logo":{"@type":"ImageObject","inLanguage":"sl-SI","@id":"https:\/\/portalf1.si\/#\/schema\/logo\/image\/","url":"https:\/\/portalf1.si\/wp-content\/uploads\/2025\/02\/cropped-HiPaint_1738532868530.png","contentUrl":"https:\/\/portalf1.si\/wp-content\/uploads\/2025\/02\/cropped-HiPaint_1738532868530.png","width":512,"height":512,"caption":"Portal F1"},"image":{"@id":"https:\/\/portalf1.si\/#\/schema\/logo\/image\/"},"sameAs":["https:\/\/www.facebook.com\/portalf1.si\/?locale=sl_SI"]},{"@type":"Person","@id":"https:\/\/portalf1.si\/#\/schema\/person\/abfef3ba57233710daadfbdd742fecd5","name":"Denis \u0160tojs","image":{"@type":"ImageObject","inLanguage":"sl-SI","@id":"https:\/\/secure.gravatar.com\/avatar\/b006ce11dfb9c6e47e9de9803eefbdc14aa4afb445f3cca05acc735c22115b38?s=96&d=mm&r=g","url":"https:\/\/secure.gravatar.com\/avatar\/b006ce11dfb9c6e47e9de9803eefbdc14aa4afb445f3cca05acc735c22115b38?s=96&d=mm&r=g","contentUrl":"https:\/\/secure.gravatar.com\/avatar\/b006ce11dfb9c6e47e9de9803eefbdc14aa4afb445f3cca05acc735c22115b38?s=96&d=mm&r=g","caption":"Denis \u0160tojs"},"sameAs":["https:\/\/portalf1.si"],"url":"https:\/\/portalf1.si\/index.php\/author\/portalf1\/"}]}},"_links":{"self":[{"href":"https:\/\/portalf1.si\/index.php\/wp-json\/wp\/v2\/posts\/6835","targetHints":{"allow":["GET"]}}],"collection":[{"href":"https:\/\/portalf1.si\/index.php\/wp-json\/wp\/v2\/posts"}],"about":[{"href":"https:\/\/portalf1.si\/index.php\/wp-json\/wp\/v2\/types\/post"}],"author":[{"embeddable":true,"href":"https:\/\/portalf1.si\/index.php\/wp-json\/wp\/v2\/users\/1"}],"replies":[{"embeddable":true,"href":"https:\/\/portalf1.si\/index.php\/wp-json\/wp\/v2\/comments?post=6835"}],"version-history":[{"count":4,"href":"https:\/\/portalf1.si\/index.php\/wp-json\/wp\/v2\/posts\/6835\/revisions"}],"predecessor-version":[{"id":6839,"href":"https:\/\/portalf1.si\/index.php\/wp-json\/wp\/v2\/posts\/6835\/revisions\/6839"}],"wp:featuredmedia":[{"embeddable":true,"href":"https:\/\/portalf1.si\/index.php\/wp-json\/wp\/v2\/media\/4972"}],"wp:attachment":[{"href":"https:\/\/portalf1.si\/index.php\/wp-json\/wp\/v2\/media?parent=6835"}],"wp:term":[{"taxonomy":"category","embeddable":true,"href":"https:\/\/portalf1.si\/index.php\/wp-json\/wp\/v2\/categories?post=6835"},{"taxonomy":"post_tag","embeddable":true,"href":"https:\/\/portalf1.si\/index.php\/wp-json\/wp\/v2\/tags?post=6835"}],"curies":[{"name":"wp","href":"https:\/\/api.w.org\/{rel}","templated":true}]}}