{"id":6845,"date":"2025-07-14T09:23:31","date_gmt":"2025-07-14T09:23:31","guid":{"rendered":"https:\/\/portalf1.si\/?p=6845"},"modified":"2025-07-14T09:23:31","modified_gmt":"2025-07-14T09:23:31","slug":"ocon-se-vedno-sanja-o-naslovu-svetovnega-prvaka-nekega-dne-bom-dobil-priloznost","status":"publish","type":"post","link":"https:\/\/portalf1.si\/index.php\/2025\/07\/14\/ocon-se-vedno-sanja-o-naslovu-svetovnega-prvaka-nekega-dne-bom-dobil-priloznost\/","title":{"rendered":"Ocon \u0161e vedno sanja o naslovu svetovnega prvaka: Nekega dne bom dobil prilo\u017enost"},"content":{"rendered":"<p data-start=\"0\" data-end=\"288\"><strong>Esteban Ocon \u017ee leta dirka za ekipe iz sredine lestvice, pri \u010demer je letos dobil prilo\u017enost pri ekipi Haas F1. Francoz je kljub temu\u00a0 prepri\u010dan, da bo neko\u010d pri\u0161el njegov trenutek in se bo lahko pomeril za naslov svetovnega prvaka z Maxom Verstappnom, Landom Norrisom in Oscarjem Piastrijem.<\/strong><\/p>\n<p data-start=\"290\" data-end=\"518\">Kot mladinec je bil Ocon skoraj nepremagljiv. Leta 2014 je v evropskem prvenstvu Formule 3 premagal tudi samega Verstappna, saj je takrat postal prvak, Nizozemec pa kon\u010dal kot tretji. V Formuli 1 ima Francoz kjub temu le eno zmago.<\/p>\n<p data-start=\"520\" data-end=\"1067\"><em>&#8220;Ja, to je zelo frustrirajo\u010de,&#8221;<\/em> je Ocon priznal v intervjuju za <a href=\"https:\/\/www.gpblog.com\/en\/interview\/ocon-continues-to-dream-of-battling-verstappen-one-day-ill-go-for-the-title\">GPblog<\/a>. <em>&#8220;Sem tekmovalec, tukaj sem zato, da zmagujem. Ves \u010das kariere sem bil navajen na zmage, vse od kartinga do ni\u017ejih serij Formul, dokler nisem pri\u0161el v Formulo 1. Tukaj imam eno zmago, nekaj stopni\u010dk, ampak ho\u010dem ve\u010d. Verjamem, da bom ob trdem delu enkrat dobil prilo\u017enost za boj za naslov. To je moj cilj in ne bom popu\u0161\u010dal, dokler ga ne dose\u017eem. Letos ne bom svetovni prvak, a nikoli ne ve\u0161, kaj prinese prihodnost.&#8221;<\/em><\/p>\n<p data-start=\"1069\" data-end=\"1316\">V Formuli 1 pa tudi najbolj\u0161i dirka\u010di ne morejo zmagovati brez pravega materiala. Za razliko od svojega nekdanjega mo\u0161tvenega kolega Sergia P\u00e9reza, ki je dobil prilo\u017enost v Red Bullu in bil celo podprvak, Ocon \u0161e ni dobil sede\u017ea pri vrhunski ekipi.<\/p>\n<p data-start=\"1318\" data-end=\"1506\"><em>&#8220;Iskreno mislim, da gre za to, da nisem bil v pravem trenutku na pravem mestu. Ampak, \u010de bom vztrajal in trdo delal, sem prepri\u010dan, da bom enkrat do\u010dakal svojo prilo\u017enost,&#8221;<\/em> je nadaljeval Ocon.<\/p>\n<p data-start=\"1508\" data-end=\"1816\"><em>&#8220;\u010ce pogledam svoje vrstnike &#8211; Georgea, Pierra, Maxa, Charlesa, Landa, Alexa &#8211; ugotovim, da so vsi dobili prilo\u017enost s hitrim dirkalnikom, ki se je boril za zmage. Jaz sem edini, ki te mo\u017enosti \u0161e nisem imel, ampak bom \u0161e naprej pritiskal, da se to zgodi,&#8221;<\/em> je prepri\u010dan Francoz, ki pozitivno gleda na prihodnost.<\/p>\n<blockquote>\n<p style=\"text-align: center;\" data-start=\"1818\" data-end=\"2044\"><em>&#8220;Nikoli ne ve\u0161, kaj prinese naslednje leto. Verjamem, da ima ta ekipa velik potencial za hiter dirkalnik. Presene\u010denja so vedno mo\u017ena. Spomnimo se Brawna, pa McLarna, ki je bil leta 2023 sredi sezone zadnji, zdaj pa se bori za naslove. Vse se lahko zgodi, a gremo korak za korakom.&#8221;<\/em><\/p>\n<\/blockquote>\n<blockquote class=\"wp-embedded-content\" data-secret=\"NsQMl0sB84\"><p><a href=\"https:\/\/portalf1.si\/index.php\/2025\/07\/13\/ali-se-bo-formuli-1-pridruzila-se-12-ekipa-ben-sulayem-v-pogovorih-s-kitajci\/\">Ali se bo Formuli 1 pridru\u017eila \u0161e 12. ekipa? Ben Sulayem v pogovorih s Kitajci<\/a><\/p><\/blockquote>\n<p><iframe loading=\"lazy\" class=\"wp-embedded-content\" sandbox=\"allow-scripts\" security=\"restricted\" style=\"position: absolute; visibility: hidden;\" title=\"&#8220;Ali se bo Formuli 1 pridru\u017eila \u0161e 12. ekipa? Ben Sulayem v pogovorih s Kitajci&#8221; &#8212; Portal F1\" src=\"https:\/\/portalf1.si\/index.php\/2025\/07\/13\/ali-se-bo-formuli-1-pridruzila-se-12-ekipa-ben-sulayem-v-pogovorih-s-kitajci\/embed\/#?secret=cTYx5qcaO9#?secret=NsQMl0sB84\" data-secret=\"NsQMl0sB84\" width=\"600\" height=\"338\" frameborder=\"0\" marginwidth=\"0\" marginheight=\"0\" scrolling=\"no\"><\/iframe><\/p>\n","protected":false},"excerpt":{"rendered":"<p>Esteban Ocon \u017ee leta dirka za ekipe iz sredine lestvice, pri \u010demer je letos dobil prilo\u017enost pri ekipi Haas F1. Francoz je kljub temu\u00a0 prepri\u010dan, da bo neko\u010d pri\u0161el njegov trenutek in se bo lahko pomeril za naslov svetovnega prvaka z Maxom Verstappnom, Landom Norrisom in Oscarjem Piastrijem. Kot mladinec je bil Ocon skoraj nepremagljiv. [&hellip;]<\/p>\n","protected":false},"author":1,"featured_media":6846,"comment_status":"open","ping_status":"open","sticky":false,"template":"","format":"standard","meta":{"footnotes":""},"categories":[328,30,31],"tags":[329,44,50,159,45,51,158],"class_list":["post-6845","post","type-post","status-publish","format-standard","has-post-thumbnail","hentry","category-esteban-ocon","category-formula-1","category-novice","tag-esteban-ocon","tag-f1","tag-f1-2025","tag-f1-slovenija","tag-formula-1","tag-formula-1-2025","tag-formula-1-slovenija"],"blocksy_meta":[],"yoast_head":"<!-- This site is optimized with the Yoast SEO plugin v27.4 - https:\/\/yoast.com\/product\/yoast-seo-wordpress\/ -->\n<title>Ocon \u0161e vedno sanja o naslovu svetovnega prvaka: Nekega dne bom dobil prilo\u017enost - Portal F1<\/title>\n<meta name=\"description\" content=\"Dirka\u010d ekipe Haas F1Esteban Ocon je prepri\u010dan, da bo neko\u010d pri\u0161el njegov trenutek in se bo lahko boril za naslov svetovnega prvaka Formule 1.\" \/>\n<meta name=\"robots\" content=\"index, follow, max-snippet:-1, max-image-preview:large, max-video-preview:-1\" \/>\n<link rel=\"canonical\" href=\"https:\/\/portalf1.si\/index.php\/2025\/07\/14\/ocon-se-vedno-sanja-o-naslovu-svetovnega-prvaka-nekega-dne-bom-dobil-priloznost\/\" \/>\n<meta property=\"og:locale\" content=\"sl_SI\" \/>\n<meta property=\"og:type\" content=\"article\" \/>\n<meta property=\"og:title\" content=\"Ocon \u0161e vedno sanja o naslovu svetovnega prvaka: Nekega dne bom dobil prilo\u017enost - Portal F1\" \/>\n<meta property=\"og:description\" content=\"Dirka\u010d ekipe Haas F1Esteban Ocon je prepri\u010dan, da bo neko\u010d pri\u0161el njegov trenutek in se bo lahko boril za naslov svetovnega prvaka Formule 1.\" \/>\n<meta property=\"og:url\" content=\"https:\/\/portalf1.si\/index.php\/2025\/07\/14\/ocon-se-vedno-sanja-o-naslovu-svetovnega-prvaka-nekega-dne-bom-dobil-priloznost\/\" \/>\n<meta property=\"og:site_name\" content=\"Portal F1\" \/>\n<meta property=\"article:publisher\" content=\"https:\/\/www.facebook.com\/portalf1.si\/?locale=sl_SI\" \/>\n<meta property=\"article:published_time\" content=\"2025-07-14T09:23:31+00:00\" \/>\n<meta property=\"og:image\" content=\"https:\/\/portalf1.si\/wp-content\/uploads\/2025\/07\/942ff-17523240184401-1920.webp\" \/>\n\t<meta property=\"og:image:width\" content=\"668\" \/>\n\t<meta property=\"og:image:height\" content=\"445\" \/>\n\t<meta property=\"og:image:type\" content=\"image\/jpeg\" \/>\n<meta name=\"author\" content=\"Denis \u0160tojs\" \/>\n<meta name=\"twitter:card\" content=\"summary_large_image\" \/>\n<meta name=\"twitter:label1\" content=\"Written by\" \/>\n\t<meta name=\"twitter:data1\" content=\"Denis \u0160tojs\" \/>\n\t<meta name=\"twitter:label2\" content=\"Est. reading time\" \/>\n\t<meta name=\"twitter:data2\" content=\"2 minuti\" \/>\n<script type=\"application\/ld+json\" class=\"yoast-schema-graph\">{\"@context\":\"https:\\\/\\\/schema.org\",\"@graph\":[{\"@type\":\"Article\",\"@id\":\"https:\\\/\\\/portalf1.si\\\/index.php\\\/2025\\\/07\\\/14\\\/ocon-se-vedno-sanja-o-naslovu-svetovnega-prvaka-nekega-dne-bom-dobil-priloznost\\\/#article\",\"isPartOf\":{\"@id\":\"https:\\\/\\\/portalf1.si\\\/index.php\\\/2025\\\/07\\\/14\\\/ocon-se-vedno-sanja-o-naslovu-svetovnega-prvaka-nekega-dne-bom-dobil-priloznost\\\/\"},\"author\":{\"name\":\"Denis \u0160tojs\",\"@id\":\"https:\\\/\\\/portalf1.si\\\/#\\\/schema\\\/person\\\/abfef3ba57233710daadfbdd742fecd5\"},\"headline\":\"Ocon \u0161e vedno sanja o naslovu svetovnega prvaka: Nekega dne bom dobil prilo\u017enost\",\"datePublished\":\"2025-07-14T09:23:31+00:00\",\"mainEntityOfPage\":{\"@id\":\"https:\\\/\\\/portalf1.si\\\/index.php\\\/2025\\\/07\\\/14\\\/ocon-se-vedno-sanja-o-naslovu-svetovnega-prvaka-nekega-dne-bom-dobil-priloznost\\\/\"},\"wordCount\":391,\"commentCount\":0,\"publisher\":{\"@id\":\"https:\\\/\\\/portalf1.si\\\/#organization\"},\"image\":{\"@id\":\"https:\\\/\\\/portalf1.si\\\/index.php\\\/2025\\\/07\\\/14\\\/ocon-se-vedno-sanja-o-naslovu-svetovnega-prvaka-nekega-dne-bom-dobil-priloznost\\\/#primaryimage\"},\"thumbnailUrl\":\"https:\\\/\\\/portalf1.si\\\/wp-content\\\/uploads\\\/2025\\\/07\\\/942ff-17523240184401-1920.webp\",\"keywords\":[\"Esteban Ocon\",\"F1\",\"F1 2025\",\"F1 Slovenija\",\"Formula 1\",\"Formula 1 2025\",\"Formula 1 Slovenija\"],\"articleSection\":[\"Esteban Ocon\",\"Formula 1\",\"Novice\"],\"inLanguage\":\"sl-SI\",\"potentialAction\":[{\"@type\":\"CommentAction\",\"name\":\"Comment\",\"target\":[\"https:\\\/\\\/portalf1.si\\\/index.php\\\/2025\\\/07\\\/14\\\/ocon-se-vedno-sanja-o-naslovu-svetovnega-prvaka-nekega-dne-bom-dobil-priloznost\\\/#respond\"]}]},{\"@type\":\"WebPage\",\"@id\":\"https:\\\/\\\/portalf1.si\\\/index.php\\\/2025\\\/07\\\/14\\\/ocon-se-vedno-sanja-o-naslovu-svetovnega-prvaka-nekega-dne-bom-dobil-priloznost\\\/\",\"url\":\"https:\\\/\\\/portalf1.si\\\/index.php\\\/2025\\\/07\\\/14\\\/ocon-se-vedno-sanja-o-naslovu-svetovnega-prvaka-nekega-dne-bom-dobil-priloznost\\\/\",\"name\":\"Ocon \u0161e vedno sanja o naslovu svetovnega prvaka: Nekega dne bom dobil prilo\u017enost - Portal F1\",\"isPartOf\":{\"@id\":\"https:\\\/\\\/portalf1.si\\\/#website\"},\"primaryImageOfPage\":{\"@id\":\"https:\\\/\\\/portalf1.si\\\/index.php\\\/2025\\\/07\\\/14\\\/ocon-se-vedno-sanja-o-naslovu-svetovnega-prvaka-nekega-dne-bom-dobil-priloznost\\\/#primaryimage\"},\"image\":{\"@id\":\"https:\\\/\\\/portalf1.si\\\/index.php\\\/2025\\\/07\\\/14\\\/ocon-se-vedno-sanja-o-naslovu-svetovnega-prvaka-nekega-dne-bom-dobil-priloznost\\\/#primaryimage\"},\"thumbnailUrl\":\"https:\\\/\\\/portalf1.si\\\/wp-content\\\/uploads\\\/2025\\\/07\\\/942ff-17523240184401-1920.webp\",\"datePublished\":\"2025-07-14T09:23:31+00:00\",\"description\":\"Dirka\u010d ekipe Haas F1Esteban Ocon je prepri\u010dan, da bo neko\u010d pri\u0161el njegov trenutek in se bo lahko boril za naslov svetovnega prvaka Formule 1.\",\"breadcrumb\":{\"@id\":\"https:\\\/\\\/portalf1.si\\\/index.php\\\/2025\\\/07\\\/14\\\/ocon-se-vedno-sanja-o-naslovu-svetovnega-prvaka-nekega-dne-bom-dobil-priloznost\\\/#breadcrumb\"},\"inLanguage\":\"sl-SI\",\"potentialAction\":[{\"@type\":\"ReadAction\",\"target\":[\"https:\\\/\\\/portalf1.si\\\/index.php\\\/2025\\\/07\\\/14\\\/ocon-se-vedno-sanja-o-naslovu-svetovnega-prvaka-nekega-dne-bom-dobil-priloznost\\\/\"]}]},{\"@type\":\"ImageObject\",\"inLanguage\":\"sl-SI\",\"@id\":\"https:\\\/\\\/portalf1.si\\\/index.php\\\/2025\\\/07\\\/14\\\/ocon-se-vedno-sanja-o-naslovu-svetovnega-prvaka-nekega-dne-bom-dobil-priloznost\\\/#primaryimage\",\"url\":\"https:\\\/\\\/portalf1.si\\\/wp-content\\\/uploads\\\/2025\\\/07\\\/942ff-17523240184401-1920.webp\",\"contentUrl\":\"https:\\\/\\\/portalf1.si\\\/wp-content\\\/uploads\\\/2025\\\/07\\\/942ff-17523240184401-1920.webp\",\"width\":668,\"height\":445},{\"@type\":\"BreadcrumbList\",\"@id\":\"https:\\\/\\\/portalf1.si\\\/index.php\\\/2025\\\/07\\\/14\\\/ocon-se-vedno-sanja-o-naslovu-svetovnega-prvaka-nekega-dne-bom-dobil-priloznost\\\/#breadcrumb\",\"itemListElement\":[{\"@type\":\"ListItem\",\"position\":1,\"name\":\"Home\",\"item\":\"https:\\\/\\\/portalf1.si\\\/\"},{\"@type\":\"ListItem\",\"position\":2,\"name\":\"Ocon \u0161e vedno sanja o naslovu svetovnega prvaka: Nekega dne bom dobil prilo\u017enost\"}]},{\"@type\":\"WebSite\",\"@id\":\"https:\\\/\\\/portalf1.si\\\/#website\",\"url\":\"https:\\\/\\\/portalf1.si\\\/\",\"name\":\"Portal F1\",\"description\":\"Vstopite v svet hitrosti in adrenalina\",\"publisher\":{\"@id\":\"https:\\\/\\\/portalf1.si\\\/#organization\"},\"potentialAction\":[{\"@type\":\"SearchAction\",\"target\":{\"@type\":\"EntryPoint\",\"urlTemplate\":\"https:\\\/\\\/portalf1.si\\\/?s={search_term_string}\"},\"query-input\":{\"@type\":\"PropertyValueSpecification\",\"valueRequired\":true,\"valueName\":\"search_term_string\"}}],\"inLanguage\":\"sl-SI\"},{\"@type\":\"Organization\",\"@id\":\"https:\\\/\\\/portalf1.si\\\/#organization\",\"name\":\"Portal F1\",\"url\":\"https:\\\/\\\/portalf1.si\\\/\",\"logo\":{\"@type\":\"ImageObject\",\"inLanguage\":\"sl-SI\",\"@id\":\"https:\\\/\\\/portalf1.si\\\/#\\\/schema\\\/logo\\\/image\\\/\",\"url\":\"https:\\\/\\\/portalf1.si\\\/wp-content\\\/uploads\\\/2025\\\/02\\\/cropped-HiPaint_1738532868530.png\",\"contentUrl\":\"https:\\\/\\\/portalf1.si\\\/wp-content\\\/uploads\\\/2025\\\/02\\\/cropped-HiPaint_1738532868530.png\",\"width\":512,\"height\":512,\"caption\":\"Portal F1\"},\"image\":{\"@id\":\"https:\\\/\\\/portalf1.si\\\/#\\\/schema\\\/logo\\\/image\\\/\"},\"sameAs\":[\"https:\\\/\\\/www.facebook.com\\\/portalf1.si\\\/?locale=sl_SI\"]},{\"@type\":\"Person\",\"@id\":\"https:\\\/\\\/portalf1.si\\\/#\\\/schema\\\/person\\\/abfef3ba57233710daadfbdd742fecd5\",\"name\":\"Denis \u0160tojs\",\"image\":{\"@type\":\"ImageObject\",\"inLanguage\":\"sl-SI\",\"@id\":\"https:\\\/\\\/secure.gravatar.com\\\/avatar\\\/b006ce11dfb9c6e47e9de9803eefbdc14aa4afb445f3cca05acc735c22115b38?s=96&d=mm&r=g\",\"url\":\"https:\\\/\\\/secure.gravatar.com\\\/avatar\\\/b006ce11dfb9c6e47e9de9803eefbdc14aa4afb445f3cca05acc735c22115b38?s=96&d=mm&r=g\",\"contentUrl\":\"https:\\\/\\\/secure.gravatar.com\\\/avatar\\\/b006ce11dfb9c6e47e9de9803eefbdc14aa4afb445f3cca05acc735c22115b38?s=96&d=mm&r=g\",\"caption\":\"Denis \u0160tojs\"},\"sameAs\":[\"https:\\\/\\\/portalf1.si\"],\"url\":\"https:\\\/\\\/portalf1.si\\\/index.php\\\/author\\\/portalf1\\\/\"}]}<\/script>\n<!-- \/ Yoast SEO plugin. -->","yoast_head_json":{"title":"Ocon \u0161e vedno sanja o naslovu svetovnega prvaka: Nekega dne bom dobil prilo\u017enost - Portal F1","description":"Dirka\u010d ekipe Haas F1Esteban Ocon je prepri\u010dan, da bo neko\u010d pri\u0161el njegov trenutek in se bo lahko boril za naslov svetovnega prvaka Formule 1.","robots":{"index":"index","follow":"follow","max-snippet":"max-snippet:-1","max-image-preview":"max-image-preview:large","max-video-preview":"max-video-preview:-1"},"canonical":"https:\/\/portalf1.si\/index.php\/2025\/07\/14\/ocon-se-vedno-sanja-o-naslovu-svetovnega-prvaka-nekega-dne-bom-dobil-priloznost\/","og_locale":"sl_SI","og_type":"article","og_title":"Ocon \u0161e vedno sanja o naslovu svetovnega prvaka: Nekega dne bom dobil prilo\u017enost - Portal F1","og_description":"Dirka\u010d ekipe Haas F1Esteban Ocon je prepri\u010dan, da bo neko\u010d pri\u0161el njegov trenutek in se bo lahko boril za naslov svetovnega prvaka Formule 1.","og_url":"https:\/\/portalf1.si\/index.php\/2025\/07\/14\/ocon-se-vedno-sanja-o-naslovu-svetovnega-prvaka-nekega-dne-bom-dobil-priloznost\/","og_site_name":"Portal F1","article_publisher":"https:\/\/www.facebook.com\/portalf1.si\/?locale=sl_SI","article_published_time":"2025-07-14T09:23:31+00:00","og_image":[{"width":668,"height":445,"url":"https:\/\/portalf1.si\/wp-content\/uploads\/2025\/07\/942ff-17523240184401-1920.webp","type":"image\/jpeg"}],"author":"Denis \u0160tojs","twitter_card":"summary_large_image","twitter_misc":{"Written by":"Denis \u0160tojs","Est. reading time":"2 minuti"},"schema":{"@context":"https:\/\/schema.org","@graph":[{"@type":"Article","@id":"https:\/\/portalf1.si\/index.php\/2025\/07\/14\/ocon-se-vedno-sanja-o-naslovu-svetovnega-prvaka-nekega-dne-bom-dobil-priloznost\/#article","isPartOf":{"@id":"https:\/\/portalf1.si\/index.php\/2025\/07\/14\/ocon-se-vedno-sanja-o-naslovu-svetovnega-prvaka-nekega-dne-bom-dobil-priloznost\/"},"author":{"name":"Denis \u0160tojs","@id":"https:\/\/portalf1.si\/#\/schema\/person\/abfef3ba57233710daadfbdd742fecd5"},"headline":"Ocon \u0161e vedno sanja o naslovu svetovnega prvaka: Nekega dne bom dobil prilo\u017enost","datePublished":"2025-07-14T09:23:31+00:00","mainEntityOfPage":{"@id":"https:\/\/portalf1.si\/index.php\/2025\/07\/14\/ocon-se-vedno-sanja-o-naslovu-svetovnega-prvaka-nekega-dne-bom-dobil-priloznost\/"},"wordCount":391,"commentCount":0,"publisher":{"@id":"https:\/\/portalf1.si\/#organization"},"image":{"@id":"https:\/\/portalf1.si\/index.php\/2025\/07\/14\/ocon-se-vedno-sanja-o-naslovu-svetovnega-prvaka-nekega-dne-bom-dobil-priloznost\/#primaryimage"},"thumbnailUrl":"https:\/\/portalf1.si\/wp-content\/uploads\/2025\/07\/942ff-17523240184401-1920.webp","keywords":["Esteban Ocon","F1","F1 2025","F1 Slovenija","Formula 1","Formula 1 2025","Formula 1 Slovenija"],"articleSection":["Esteban Ocon","Formula 1","Novice"],"inLanguage":"sl-SI","potentialAction":[{"@type":"CommentAction","name":"Comment","target":["https:\/\/portalf1.si\/index.php\/2025\/07\/14\/ocon-se-vedno-sanja-o-naslovu-svetovnega-prvaka-nekega-dne-bom-dobil-priloznost\/#respond"]}]},{"@type":"WebPage","@id":"https:\/\/portalf1.si\/index.php\/2025\/07\/14\/ocon-se-vedno-sanja-o-naslovu-svetovnega-prvaka-nekega-dne-bom-dobil-priloznost\/","url":"https:\/\/portalf1.si\/index.php\/2025\/07\/14\/ocon-se-vedno-sanja-o-naslovu-svetovnega-prvaka-nekega-dne-bom-dobil-priloznost\/","name":"Ocon \u0161e vedno sanja o naslovu svetovnega prvaka: Nekega dne bom dobil prilo\u017enost - Portal F1","isPartOf":{"@id":"https:\/\/portalf1.si\/#website"},"primaryImageOfPage":{"@id":"https:\/\/portalf1.si\/index.php\/2025\/07\/14\/ocon-se-vedno-sanja-o-naslovu-svetovnega-prvaka-nekega-dne-bom-dobil-priloznost\/#primaryimage"},"image":{"@id":"https:\/\/portalf1.si\/index.php\/2025\/07\/14\/ocon-se-vedno-sanja-o-naslovu-svetovnega-prvaka-nekega-dne-bom-dobil-priloznost\/#primaryimage"},"thumbnailUrl":"https:\/\/portalf1.si\/wp-content\/uploads\/2025\/07\/942ff-17523240184401-1920.webp","datePublished":"2025-07-14T09:23:31+00:00","description":"Dirka\u010d ekipe Haas F1Esteban Ocon je prepri\u010dan, da bo neko\u010d pri\u0161el njegov trenutek in se bo lahko boril za naslov svetovnega prvaka Formule 1.","breadcrumb":{"@id":"https:\/\/portalf1.si\/index.php\/2025\/07\/14\/ocon-se-vedno-sanja-o-naslovu-svetovnega-prvaka-nekega-dne-bom-dobil-priloznost\/#breadcrumb"},"inLanguage":"sl-SI","potentialAction":[{"@type":"ReadAction","target":["https:\/\/portalf1.si\/index.php\/2025\/07\/14\/ocon-se-vedno-sanja-o-naslovu-svetovnega-prvaka-nekega-dne-bom-dobil-priloznost\/"]}]},{"@type":"ImageObject","inLanguage":"sl-SI","@id":"https:\/\/portalf1.si\/index.php\/2025\/07\/14\/ocon-se-vedno-sanja-o-naslovu-svetovnega-prvaka-nekega-dne-bom-dobil-priloznost\/#primaryimage","url":"https:\/\/portalf1.si\/wp-content\/uploads\/2025\/07\/942ff-17523240184401-1920.webp","contentUrl":"https:\/\/portalf1.si\/wp-content\/uploads\/2025\/07\/942ff-17523240184401-1920.webp","width":668,"height":445},{"@type":"BreadcrumbList","@id":"https:\/\/portalf1.si\/index.php\/2025\/07\/14\/ocon-se-vedno-sanja-o-naslovu-svetovnega-prvaka-nekega-dne-bom-dobil-priloznost\/#breadcrumb","itemListElement":[{"@type":"ListItem","position":1,"name":"Home","item":"https:\/\/portalf1.si\/"},{"@type":"ListItem","position":2,"name":"Ocon \u0161e vedno sanja o naslovu svetovnega prvaka: Nekega dne bom dobil prilo\u017enost"}]},{"@type":"WebSite","@id":"https:\/\/portalf1.si\/#website","url":"https:\/\/portalf1.si\/","name":"Portal F1","description":"Vstopite v svet hitrosti in adrenalina","publisher":{"@id":"https:\/\/portalf1.si\/#organization"},"potentialAction":[{"@type":"SearchAction","target":{"@type":"EntryPoint","urlTemplate":"https:\/\/portalf1.si\/?s={search_term_string}"},"query-input":{"@type":"PropertyValueSpecification","valueRequired":true,"valueName":"search_term_string"}}],"inLanguage":"sl-SI"},{"@type":"Organization","@id":"https:\/\/portalf1.si\/#organization","name":"Portal F1","url":"https:\/\/portalf1.si\/","logo":{"@type":"ImageObject","inLanguage":"sl-SI","@id":"https:\/\/portalf1.si\/#\/schema\/logo\/image\/","url":"https:\/\/portalf1.si\/wp-content\/uploads\/2025\/02\/cropped-HiPaint_1738532868530.png","contentUrl":"https:\/\/portalf1.si\/wp-content\/uploads\/2025\/02\/cropped-HiPaint_1738532868530.png","width":512,"height":512,"caption":"Portal F1"},"image":{"@id":"https:\/\/portalf1.si\/#\/schema\/logo\/image\/"},"sameAs":["https:\/\/www.facebook.com\/portalf1.si\/?locale=sl_SI"]},{"@type":"Person","@id":"https:\/\/portalf1.si\/#\/schema\/person\/abfef3ba57233710daadfbdd742fecd5","name":"Denis \u0160tojs","image":{"@type":"ImageObject","inLanguage":"sl-SI","@id":"https:\/\/secure.gravatar.com\/avatar\/b006ce11dfb9c6e47e9de9803eefbdc14aa4afb445f3cca05acc735c22115b38?s=96&d=mm&r=g","url":"https:\/\/secure.gravatar.com\/avatar\/b006ce11dfb9c6e47e9de9803eefbdc14aa4afb445f3cca05acc735c22115b38?s=96&d=mm&r=g","contentUrl":"https:\/\/secure.gravatar.com\/avatar\/b006ce11dfb9c6e47e9de9803eefbdc14aa4afb445f3cca05acc735c22115b38?s=96&d=mm&r=g","caption":"Denis \u0160tojs"},"sameAs":["https:\/\/portalf1.si"],"url":"https:\/\/portalf1.si\/index.php\/author\/portalf1\/"}]}},"_links":{"self":[{"href":"https:\/\/portalf1.si\/index.php\/wp-json\/wp\/v2\/posts\/6845","targetHints":{"allow":["GET"]}}],"collection":[{"href":"https:\/\/portalf1.si\/index.php\/wp-json\/wp\/v2\/posts"}],"about":[{"href":"https:\/\/portalf1.si\/index.php\/wp-json\/wp\/v2\/types\/post"}],"author":[{"embeddable":true,"href":"https:\/\/portalf1.si\/index.php\/wp-json\/wp\/v2\/users\/1"}],"replies":[{"embeddable":true,"href":"https:\/\/portalf1.si\/index.php\/wp-json\/wp\/v2\/comments?post=6845"}],"version-history":[{"count":4,"href":"https:\/\/portalf1.si\/index.php\/wp-json\/wp\/v2\/posts\/6845\/revisions"}],"predecessor-version":[{"id":6851,"href":"https:\/\/portalf1.si\/index.php\/wp-json\/wp\/v2\/posts\/6845\/revisions\/6851"}],"wp:featuredmedia":[{"embeddable":true,"href":"https:\/\/portalf1.si\/index.php\/wp-json\/wp\/v2\/media\/6846"}],"wp:attachment":[{"href":"https:\/\/portalf1.si\/index.php\/wp-json\/wp\/v2\/media?parent=6845"}],"wp:term":[{"taxonomy":"category","embeddable":true,"href":"https:\/\/portalf1.si\/index.php\/wp-json\/wp\/v2\/categories?post=6845"},{"taxonomy":"post_tag","embeddable":true,"href":"https:\/\/portalf1.si\/index.php\/wp-json\/wp\/v2\/tags?post=6845"}],"curies":[{"name":"wp","href":"https:\/\/api.w.org\/{rel}","templated":true}]}}