{"id":7013,"date":"2025-07-20T08:25:26","date_gmt":"2025-07-20T08:25:26","guid":{"rendered":"https:\/\/portalf1.si\/?p=7013"},"modified":"2025-07-20T08:25:26","modified_gmt":"2025-07-20T08:25:26","slug":"ali-je-mateschitzeva-smrt-sprozila-zacetek-konca-red-bulla","status":"publish","type":"post","link":"https:\/\/portalf1.si\/index.php\/2025\/07\/20\/ali-je-mateschitzeva-smrt-sprozila-zacetek-konca-red-bulla\/","title":{"rendered":"Ali je Mateschitzeva smrt spro\u017eila za\u010detek konca Red Bulla?"},"content":{"rendered":"<p><strong>Komentator Viaplaya Nelson Valkenburg je v podcastu Nailing the Apex (SDPN) razpredal o dogajanju pri Red Bullu. Nizozemec je prepri\u010dan, da so se te\u017eave ekipe iz Milton Keynesa za\u010dele pri smrti Dietricha Mateschitza.<\/strong><\/p>\n<p>Po dominaciji v sezoni 2023 je Red Bull v letih 2024 in 2025 zdrsnil po lestvici, kar je na koncu pripeljalo do odhoda Christiana Hornerja, ki je bil na \u010delu ekipe kar 20 let.<\/p>\n<p><em>&#8220;Mislim, da lahko vse to sledimo nazaj do smrti Mateschitza. On je dr\u017eal vse niti v rokah, zato nikoli ni bilo notranjih prepirov. Ni bilo spora med Hornerjem in Helmutom Markom, ni bilo trenj med Tajsko in Avstrijo,&#8221;<\/em> je dejal Valkenburg.<\/p>\n<p><em>&#8220;Ko je Mateschitz umrl, se je vse spremenilo. Od takrat naprej spremljamo boj za mo\u010d. Na eni strani smo imeli Marka in Verstappna, na drugi pa Hornerja,&#8221;<\/em> je nadaljeval Nizozemec.<\/p>\n<p>Nekdanji \u0161ef Red Bulla je bil \u017ee dlje \u010dasa pod drobnogledom zaradi domnevnega neprimernega vedenja. <em>&#8220;To je viselo nad njim kot temen oblak in od takrat so se te\u017eave samo \u0161e kopi\u010dile. Rezultat? Red Bull je zdaj v sezoni 2025 \u0161ele \u010detrti med konstruktorji,&#8221;<\/em> je prepri\u010dan komentator.<\/p>\n<blockquote>\n<p style=\"text-align: center;\"><em>&#8220;Pred 18 meseci se je vse za\u010delo z obto\u017ebami proti Hornerju. Dve interni preiskavi sta ga oprostili, a \u0161koda za njegov ugled je bila narejena. Ljudje so za\u010deli zapu\u0161\u010dati ekipo. Morda je vsega postalo preprosto preve\u010d, a zame bi bilo bolj logi\u010dno, \u010de bi ga odpustili \u017ee takrat.&#8221;<\/em><\/p>\n<\/blockquote>\n<blockquote class=\"wp-embedded-content\" data-secret=\"LQWuyP55l7\"><p><a href=\"https:\/\/portalf1.si\/index.php\/2025\/07\/16\/horner-v-vse-vecjih-tezavah-znan-je-pravi-razlog-zakaj-je-jokal-med-govorom-v-tovarni\/\">Horner v vse ve\u010djih te\u017eavah &#8211; znan je pravi razlog, zakaj je jokal med govorom v tovarni<\/a><\/p><\/blockquote>\n<p><iframe loading=\"lazy\" class=\"wp-embedded-content\" sandbox=\"allow-scripts\" security=\"restricted\" style=\"position: absolute; visibility: hidden;\" title=\"&#8220;Horner v vse ve\u010djih te\u017eavah &#8211; znan je pravi razlog, zakaj je jokal med govorom v tovarni&#8221; &#8212; Portal F1\" src=\"https:\/\/portalf1.si\/index.php\/2025\/07\/16\/horner-v-vse-vecjih-tezavah-znan-je-pravi-razlog-zakaj-je-jokal-med-govorom-v-tovarni\/embed\/#?secret=6VgizWxRUR#?secret=LQWuyP55l7\" data-secret=\"LQWuyP55l7\" width=\"600\" height=\"338\" frameborder=\"0\" marginwidth=\"0\" marginheight=\"0\" scrolling=\"no\"><\/iframe><\/p>\n","protected":false},"excerpt":{"rendered":"<p>Komentator Viaplaya Nelson Valkenburg je v podcastu Nailing the Apex (SDPN) razpredal o dogajanju pri Red Bullu. Nizozemec je prepri\u010dan, da so se te\u017eave ekipe iz Milton Keynesa za\u010dele pri smrti Dietricha Mateschitza. Po dominaciji v sezoni 2023 je Red Bull v letih 2024 in 2025 zdrsnil po lestvici, kar je na koncu pripeljalo do [&hellip;]<\/p>\n","protected":false},"author":1,"featured_media":7014,"comment_status":"open","ping_status":"open","sticky":false,"template":"","format":"standard","meta":{"footnotes":""},"categories":[271,30,31,36],"tags":[272,44,50,159,45,51,158,64],"class_list":["post-7013","post","type-post","status-publish","format-standard","has-post-thumbnail","hentry","category-dietrich-mateschitz","category-formula-1","category-novice","category-red-bull","tag-dietrich-mateschitz","tag-f1","tag-f1-2025","tag-f1-slovenija","tag-formula-1","tag-formula-1-2025","tag-formula-1-slovenija","tag-red-bull"],"blocksy_meta":[],"yoast_head":"<!-- This site is optimized with the Yoast SEO plugin v27.4 - https:\/\/yoast.com\/product\/yoast-seo-wordpress\/ -->\n<title>Ali je Mateschitzeva smrt spro\u017eila za\u010detek konca Red Bulla? - Portal F1<\/title>\n<meta name=\"description\" content=\"Komentator Formule 1 je prepri\u010dan, da so se te\u017eave Red Bulla za\u010dele pri smrti Dietricha Mateschitza, ki je dolgo \u010dasa povezoval ekipo.\" \/>\n<meta name=\"robots\" content=\"index, follow, max-snippet:-1, max-image-preview:large, max-video-preview:-1\" \/>\n<link rel=\"canonical\" href=\"https:\/\/portalf1.si\/index.php\/2025\/07\/20\/ali-je-mateschitzeva-smrt-sprozila-zacetek-konca-red-bulla\/\" \/>\n<meta property=\"og:locale\" content=\"sl_SI\" \/>\n<meta property=\"og:type\" content=\"article\" \/>\n<meta property=\"og:title\" content=\"Ali je Mateschitzeva smrt spro\u017eila za\u010detek konca Red Bulla? - Portal F1\" \/>\n<meta property=\"og:description\" content=\"Komentator Formule 1 je prepri\u010dan, da so se te\u017eave Red Bulla za\u010dele pri smrti Dietricha Mateschitza, ki je dolgo \u010dasa povezoval ekipo.\" \/>\n<meta property=\"og:url\" content=\"https:\/\/portalf1.si\/index.php\/2025\/07\/20\/ali-je-mateschitzeva-smrt-sprozila-zacetek-konca-red-bulla\/\" \/>\n<meta property=\"og:site_name\" content=\"Portal F1\" \/>\n<meta property=\"article:publisher\" content=\"https:\/\/www.facebook.com\/portalf1.si\/?locale=sl_SI\" \/>\n<meta property=\"article:published_time\" content=\"2025-07-20T08:25:26+00:00\" \/>\n<meta property=\"og:image\" content=\"https:\/\/portalf1.si\/wp-content\/uploads\/2025\/07\/test-spanish-dietrich-formula-1-mateschitz-christian-horner-red-bull_3372278.webp\" \/>\n\t<meta property=\"og:image:width\" content=\"2048\" \/>\n\t<meta property=\"og:image:height\" content=\"1152\" \/>\n\t<meta property=\"og:image:type\" content=\"image\/jpeg\" \/>\n<meta name=\"author\" content=\"Denis \u0160tojs\" \/>\n<meta name=\"twitter:card\" content=\"summary_large_image\" \/>\n<meta name=\"twitter:label1\" content=\"Written by\" \/>\n\t<meta name=\"twitter:data1\" content=\"Denis \u0160tojs\" \/>\n\t<meta name=\"twitter:label2\" content=\"Est. reading time\" \/>\n\t<meta name=\"twitter:data2\" content=\"2 minuti\" \/>\n<script type=\"application\/ld+json\" class=\"yoast-schema-graph\">{\"@context\":\"https:\\\/\\\/schema.org\",\"@graph\":[{\"@type\":\"Article\",\"@id\":\"https:\\\/\\\/portalf1.si\\\/index.php\\\/2025\\\/07\\\/20\\\/ali-je-mateschitzeva-smrt-sprozila-zacetek-konca-red-bulla\\\/#article\",\"isPartOf\":{\"@id\":\"https:\\\/\\\/portalf1.si\\\/index.php\\\/2025\\\/07\\\/20\\\/ali-je-mateschitzeva-smrt-sprozila-zacetek-konca-red-bulla\\\/\"},\"author\":{\"name\":\"Denis \u0160tojs\",\"@id\":\"https:\\\/\\\/portalf1.si\\\/#\\\/schema\\\/person\\\/abfef3ba57233710daadfbdd742fecd5\"},\"headline\":\"Ali je Mateschitzeva smrt spro\u017eila za\u010detek konca Red Bulla?\",\"datePublished\":\"2025-07-20T08:25:26+00:00\",\"mainEntityOfPage\":{\"@id\":\"https:\\\/\\\/portalf1.si\\\/index.php\\\/2025\\\/07\\\/20\\\/ali-je-mateschitzeva-smrt-sprozila-zacetek-konca-red-bulla\\\/\"},\"wordCount\":256,\"commentCount\":0,\"publisher\":{\"@id\":\"https:\\\/\\\/portalf1.si\\\/#organization\"},\"image\":{\"@id\":\"https:\\\/\\\/portalf1.si\\\/index.php\\\/2025\\\/07\\\/20\\\/ali-je-mateschitzeva-smrt-sprozila-zacetek-konca-red-bulla\\\/#primaryimage\"},\"thumbnailUrl\":\"https:\\\/\\\/portalf1.si\\\/wp-content\\\/uploads\\\/2025\\\/07\\\/test-spanish-dietrich-formula-1-mateschitz-christian-horner-red-bull_3372278.webp\",\"keywords\":[\"Dietrich Mateschitz\",\"F1\",\"F1 2025\",\"F1 Slovenija\",\"Formula 1\",\"Formula 1 2025\",\"Formula 1 Slovenija\",\"Red Bull\"],\"articleSection\":[\"Dietrich Mateschitz\",\"Formula 1\",\"Novice\",\"Red Bull\"],\"inLanguage\":\"sl-SI\",\"potentialAction\":[{\"@type\":\"CommentAction\",\"name\":\"Comment\",\"target\":[\"https:\\\/\\\/portalf1.si\\\/index.php\\\/2025\\\/07\\\/20\\\/ali-je-mateschitzeva-smrt-sprozila-zacetek-konca-red-bulla\\\/#respond\"]}]},{\"@type\":\"WebPage\",\"@id\":\"https:\\\/\\\/portalf1.si\\\/index.php\\\/2025\\\/07\\\/20\\\/ali-je-mateschitzeva-smrt-sprozila-zacetek-konca-red-bulla\\\/\",\"url\":\"https:\\\/\\\/portalf1.si\\\/index.php\\\/2025\\\/07\\\/20\\\/ali-je-mateschitzeva-smrt-sprozila-zacetek-konca-red-bulla\\\/\",\"name\":\"Ali je Mateschitzeva smrt spro\u017eila za\u010detek konca Red Bulla? - Portal F1\",\"isPartOf\":{\"@id\":\"https:\\\/\\\/portalf1.si\\\/#website\"},\"primaryImageOfPage\":{\"@id\":\"https:\\\/\\\/portalf1.si\\\/index.php\\\/2025\\\/07\\\/20\\\/ali-je-mateschitzeva-smrt-sprozila-zacetek-konca-red-bulla\\\/#primaryimage\"},\"image\":{\"@id\":\"https:\\\/\\\/portalf1.si\\\/index.php\\\/2025\\\/07\\\/20\\\/ali-je-mateschitzeva-smrt-sprozila-zacetek-konca-red-bulla\\\/#primaryimage\"},\"thumbnailUrl\":\"https:\\\/\\\/portalf1.si\\\/wp-content\\\/uploads\\\/2025\\\/07\\\/test-spanish-dietrich-formula-1-mateschitz-christian-horner-red-bull_3372278.webp\",\"datePublished\":\"2025-07-20T08:25:26+00:00\",\"description\":\"Komentator Formule 1 je prepri\u010dan, da so se te\u017eave Red Bulla za\u010dele pri smrti Dietricha Mateschitza, ki je dolgo \u010dasa povezoval ekipo.\",\"breadcrumb\":{\"@id\":\"https:\\\/\\\/portalf1.si\\\/index.php\\\/2025\\\/07\\\/20\\\/ali-je-mateschitzeva-smrt-sprozila-zacetek-konca-red-bulla\\\/#breadcrumb\"},\"inLanguage\":\"sl-SI\",\"potentialAction\":[{\"@type\":\"ReadAction\",\"target\":[\"https:\\\/\\\/portalf1.si\\\/index.php\\\/2025\\\/07\\\/20\\\/ali-je-mateschitzeva-smrt-sprozila-zacetek-konca-red-bulla\\\/\"]}]},{\"@type\":\"ImageObject\",\"inLanguage\":\"sl-SI\",\"@id\":\"https:\\\/\\\/portalf1.si\\\/index.php\\\/2025\\\/07\\\/20\\\/ali-je-mateschitzeva-smrt-sprozila-zacetek-konca-red-bulla\\\/#primaryimage\",\"url\":\"https:\\\/\\\/portalf1.si\\\/wp-content\\\/uploads\\\/2025\\\/07\\\/test-spanish-dietrich-formula-1-mateschitz-christian-horner-red-bull_3372278.webp\",\"contentUrl\":\"https:\\\/\\\/portalf1.si\\\/wp-content\\\/uploads\\\/2025\\\/07\\\/test-spanish-dietrich-formula-1-mateschitz-christian-horner-red-bull_3372278.webp\",\"width\":2048,\"height\":1152},{\"@type\":\"BreadcrumbList\",\"@id\":\"https:\\\/\\\/portalf1.si\\\/index.php\\\/2025\\\/07\\\/20\\\/ali-je-mateschitzeva-smrt-sprozila-zacetek-konca-red-bulla\\\/#breadcrumb\",\"itemListElement\":[{\"@type\":\"ListItem\",\"position\":1,\"name\":\"Home\",\"item\":\"https:\\\/\\\/portalf1.si\\\/\"},{\"@type\":\"ListItem\",\"position\":2,\"name\":\"Ali je Mateschitzeva smrt spro\u017eila za\u010detek konca Red Bulla?\"}]},{\"@type\":\"WebSite\",\"@id\":\"https:\\\/\\\/portalf1.si\\\/#website\",\"url\":\"https:\\\/\\\/portalf1.si\\\/\",\"name\":\"Portal F1\",\"description\":\"Vstopite v svet hitrosti in adrenalina\",\"publisher\":{\"@id\":\"https:\\\/\\\/portalf1.si\\\/#organization\"},\"potentialAction\":[{\"@type\":\"SearchAction\",\"target\":{\"@type\":\"EntryPoint\",\"urlTemplate\":\"https:\\\/\\\/portalf1.si\\\/?s={search_term_string}\"},\"query-input\":{\"@type\":\"PropertyValueSpecification\",\"valueRequired\":true,\"valueName\":\"search_term_string\"}}],\"inLanguage\":\"sl-SI\"},{\"@type\":\"Organization\",\"@id\":\"https:\\\/\\\/portalf1.si\\\/#organization\",\"name\":\"Portal F1\",\"url\":\"https:\\\/\\\/portalf1.si\\\/\",\"logo\":{\"@type\":\"ImageObject\",\"inLanguage\":\"sl-SI\",\"@id\":\"https:\\\/\\\/portalf1.si\\\/#\\\/schema\\\/logo\\\/image\\\/\",\"url\":\"https:\\\/\\\/portalf1.si\\\/wp-content\\\/uploads\\\/2025\\\/02\\\/cropped-HiPaint_1738532868530.png\",\"contentUrl\":\"https:\\\/\\\/portalf1.si\\\/wp-content\\\/uploads\\\/2025\\\/02\\\/cropped-HiPaint_1738532868530.png\",\"width\":512,\"height\":512,\"caption\":\"Portal F1\"},\"image\":{\"@id\":\"https:\\\/\\\/portalf1.si\\\/#\\\/schema\\\/logo\\\/image\\\/\"},\"sameAs\":[\"https:\\\/\\\/www.facebook.com\\\/portalf1.si\\\/?locale=sl_SI\"]},{\"@type\":\"Person\",\"@id\":\"https:\\\/\\\/portalf1.si\\\/#\\\/schema\\\/person\\\/abfef3ba57233710daadfbdd742fecd5\",\"name\":\"Denis \u0160tojs\",\"image\":{\"@type\":\"ImageObject\",\"inLanguage\":\"sl-SI\",\"@id\":\"https:\\\/\\\/secure.gravatar.com\\\/avatar\\\/b006ce11dfb9c6e47e9de9803eefbdc14aa4afb445f3cca05acc735c22115b38?s=96&d=mm&r=g\",\"url\":\"https:\\\/\\\/secure.gravatar.com\\\/avatar\\\/b006ce11dfb9c6e47e9de9803eefbdc14aa4afb445f3cca05acc735c22115b38?s=96&d=mm&r=g\",\"contentUrl\":\"https:\\\/\\\/secure.gravatar.com\\\/avatar\\\/b006ce11dfb9c6e47e9de9803eefbdc14aa4afb445f3cca05acc735c22115b38?s=96&d=mm&r=g\",\"caption\":\"Denis \u0160tojs\"},\"sameAs\":[\"https:\\\/\\\/portalf1.si\"],\"url\":\"https:\\\/\\\/portalf1.si\\\/index.php\\\/author\\\/portalf1\\\/\"}]}<\/script>\n<!-- \/ Yoast SEO plugin. -->","yoast_head_json":{"title":"Ali je Mateschitzeva smrt spro\u017eila za\u010detek konca Red Bulla? - Portal F1","description":"Komentator Formule 1 je prepri\u010dan, da so se te\u017eave Red Bulla za\u010dele pri smrti Dietricha Mateschitza, ki je dolgo \u010dasa povezoval ekipo.","robots":{"index":"index","follow":"follow","max-snippet":"max-snippet:-1","max-image-preview":"max-image-preview:large","max-video-preview":"max-video-preview:-1"},"canonical":"https:\/\/portalf1.si\/index.php\/2025\/07\/20\/ali-je-mateschitzeva-smrt-sprozila-zacetek-konca-red-bulla\/","og_locale":"sl_SI","og_type":"article","og_title":"Ali je Mateschitzeva smrt spro\u017eila za\u010detek konca Red Bulla? - Portal F1","og_description":"Komentator Formule 1 je prepri\u010dan, da so se te\u017eave Red Bulla za\u010dele pri smrti Dietricha Mateschitza, ki je dolgo \u010dasa povezoval ekipo.","og_url":"https:\/\/portalf1.si\/index.php\/2025\/07\/20\/ali-je-mateschitzeva-smrt-sprozila-zacetek-konca-red-bulla\/","og_site_name":"Portal F1","article_publisher":"https:\/\/www.facebook.com\/portalf1.si\/?locale=sl_SI","article_published_time":"2025-07-20T08:25:26+00:00","og_image":[{"width":2048,"height":1152,"url":"https:\/\/portalf1.si\/wp-content\/uploads\/2025\/07\/test-spanish-dietrich-formula-1-mateschitz-christian-horner-red-bull_3372278.webp","type":"image\/jpeg"}],"author":"Denis \u0160tojs","twitter_card":"summary_large_image","twitter_misc":{"Written by":"Denis \u0160tojs","Est. reading time":"2 minuti"},"schema":{"@context":"https:\/\/schema.org","@graph":[{"@type":"Article","@id":"https:\/\/portalf1.si\/index.php\/2025\/07\/20\/ali-je-mateschitzeva-smrt-sprozila-zacetek-konca-red-bulla\/#article","isPartOf":{"@id":"https:\/\/portalf1.si\/index.php\/2025\/07\/20\/ali-je-mateschitzeva-smrt-sprozila-zacetek-konca-red-bulla\/"},"author":{"name":"Denis \u0160tojs","@id":"https:\/\/portalf1.si\/#\/schema\/person\/abfef3ba57233710daadfbdd742fecd5"},"headline":"Ali je Mateschitzeva smrt spro\u017eila za\u010detek konca Red Bulla?","datePublished":"2025-07-20T08:25:26+00:00","mainEntityOfPage":{"@id":"https:\/\/portalf1.si\/index.php\/2025\/07\/20\/ali-je-mateschitzeva-smrt-sprozila-zacetek-konca-red-bulla\/"},"wordCount":256,"commentCount":0,"publisher":{"@id":"https:\/\/portalf1.si\/#organization"},"image":{"@id":"https:\/\/portalf1.si\/index.php\/2025\/07\/20\/ali-je-mateschitzeva-smrt-sprozila-zacetek-konca-red-bulla\/#primaryimage"},"thumbnailUrl":"https:\/\/portalf1.si\/wp-content\/uploads\/2025\/07\/test-spanish-dietrich-formula-1-mateschitz-christian-horner-red-bull_3372278.webp","keywords":["Dietrich Mateschitz","F1","F1 2025","F1 Slovenija","Formula 1","Formula 1 2025","Formula 1 Slovenija","Red Bull"],"articleSection":["Dietrich Mateschitz","Formula 1","Novice","Red Bull"],"inLanguage":"sl-SI","potentialAction":[{"@type":"CommentAction","name":"Comment","target":["https:\/\/portalf1.si\/index.php\/2025\/07\/20\/ali-je-mateschitzeva-smrt-sprozila-zacetek-konca-red-bulla\/#respond"]}]},{"@type":"WebPage","@id":"https:\/\/portalf1.si\/index.php\/2025\/07\/20\/ali-je-mateschitzeva-smrt-sprozila-zacetek-konca-red-bulla\/","url":"https:\/\/portalf1.si\/index.php\/2025\/07\/20\/ali-je-mateschitzeva-smrt-sprozila-zacetek-konca-red-bulla\/","name":"Ali je Mateschitzeva smrt spro\u017eila za\u010detek konca Red Bulla? - Portal F1","isPartOf":{"@id":"https:\/\/portalf1.si\/#website"},"primaryImageOfPage":{"@id":"https:\/\/portalf1.si\/index.php\/2025\/07\/20\/ali-je-mateschitzeva-smrt-sprozila-zacetek-konca-red-bulla\/#primaryimage"},"image":{"@id":"https:\/\/portalf1.si\/index.php\/2025\/07\/20\/ali-je-mateschitzeva-smrt-sprozila-zacetek-konca-red-bulla\/#primaryimage"},"thumbnailUrl":"https:\/\/portalf1.si\/wp-content\/uploads\/2025\/07\/test-spanish-dietrich-formula-1-mateschitz-christian-horner-red-bull_3372278.webp","datePublished":"2025-07-20T08:25:26+00:00","description":"Komentator Formule 1 je prepri\u010dan, da so se te\u017eave Red Bulla za\u010dele pri smrti Dietricha Mateschitza, ki je dolgo \u010dasa povezoval ekipo.","breadcrumb":{"@id":"https:\/\/portalf1.si\/index.php\/2025\/07\/20\/ali-je-mateschitzeva-smrt-sprozila-zacetek-konca-red-bulla\/#breadcrumb"},"inLanguage":"sl-SI","potentialAction":[{"@type":"ReadAction","target":["https:\/\/portalf1.si\/index.php\/2025\/07\/20\/ali-je-mateschitzeva-smrt-sprozila-zacetek-konca-red-bulla\/"]}]},{"@type":"ImageObject","inLanguage":"sl-SI","@id":"https:\/\/portalf1.si\/index.php\/2025\/07\/20\/ali-je-mateschitzeva-smrt-sprozila-zacetek-konca-red-bulla\/#primaryimage","url":"https:\/\/portalf1.si\/wp-content\/uploads\/2025\/07\/test-spanish-dietrich-formula-1-mateschitz-christian-horner-red-bull_3372278.webp","contentUrl":"https:\/\/portalf1.si\/wp-content\/uploads\/2025\/07\/test-spanish-dietrich-formula-1-mateschitz-christian-horner-red-bull_3372278.webp","width":2048,"height":1152},{"@type":"BreadcrumbList","@id":"https:\/\/portalf1.si\/index.php\/2025\/07\/20\/ali-je-mateschitzeva-smrt-sprozila-zacetek-konca-red-bulla\/#breadcrumb","itemListElement":[{"@type":"ListItem","position":1,"name":"Home","item":"https:\/\/portalf1.si\/"},{"@type":"ListItem","position":2,"name":"Ali je Mateschitzeva smrt spro\u017eila za\u010detek konca Red Bulla?"}]},{"@type":"WebSite","@id":"https:\/\/portalf1.si\/#website","url":"https:\/\/portalf1.si\/","name":"Portal F1","description":"Vstopite v svet hitrosti in adrenalina","publisher":{"@id":"https:\/\/portalf1.si\/#organization"},"potentialAction":[{"@type":"SearchAction","target":{"@type":"EntryPoint","urlTemplate":"https:\/\/portalf1.si\/?s={search_term_string}"},"query-input":{"@type":"PropertyValueSpecification","valueRequired":true,"valueName":"search_term_string"}}],"inLanguage":"sl-SI"},{"@type":"Organization","@id":"https:\/\/portalf1.si\/#organization","name":"Portal F1","url":"https:\/\/portalf1.si\/","logo":{"@type":"ImageObject","inLanguage":"sl-SI","@id":"https:\/\/portalf1.si\/#\/schema\/logo\/image\/","url":"https:\/\/portalf1.si\/wp-content\/uploads\/2025\/02\/cropped-HiPaint_1738532868530.png","contentUrl":"https:\/\/portalf1.si\/wp-content\/uploads\/2025\/02\/cropped-HiPaint_1738532868530.png","width":512,"height":512,"caption":"Portal F1"},"image":{"@id":"https:\/\/portalf1.si\/#\/schema\/logo\/image\/"},"sameAs":["https:\/\/www.facebook.com\/portalf1.si\/?locale=sl_SI"]},{"@type":"Person","@id":"https:\/\/portalf1.si\/#\/schema\/person\/abfef3ba57233710daadfbdd742fecd5","name":"Denis \u0160tojs","image":{"@type":"ImageObject","inLanguage":"sl-SI","@id":"https:\/\/secure.gravatar.com\/avatar\/b006ce11dfb9c6e47e9de9803eefbdc14aa4afb445f3cca05acc735c22115b38?s=96&d=mm&r=g","url":"https:\/\/secure.gravatar.com\/avatar\/b006ce11dfb9c6e47e9de9803eefbdc14aa4afb445f3cca05acc735c22115b38?s=96&d=mm&r=g","contentUrl":"https:\/\/secure.gravatar.com\/avatar\/b006ce11dfb9c6e47e9de9803eefbdc14aa4afb445f3cca05acc735c22115b38?s=96&d=mm&r=g","caption":"Denis \u0160tojs"},"sameAs":["https:\/\/portalf1.si"],"url":"https:\/\/portalf1.si\/index.php\/author\/portalf1\/"}]}},"_links":{"self":[{"href":"https:\/\/portalf1.si\/index.php\/wp-json\/wp\/v2\/posts\/7013","targetHints":{"allow":["GET"]}}],"collection":[{"href":"https:\/\/portalf1.si\/index.php\/wp-json\/wp\/v2\/posts"}],"about":[{"href":"https:\/\/portalf1.si\/index.php\/wp-json\/wp\/v2\/types\/post"}],"author":[{"embeddable":true,"href":"https:\/\/portalf1.si\/index.php\/wp-json\/wp\/v2\/users\/1"}],"replies":[{"embeddable":true,"href":"https:\/\/portalf1.si\/index.php\/wp-json\/wp\/v2\/comments?post=7013"}],"version-history":[{"count":2,"href":"https:\/\/portalf1.si\/index.php\/wp-json\/wp\/v2\/posts\/7013\/revisions"}],"predecessor-version":[{"id":7017,"href":"https:\/\/portalf1.si\/index.php\/wp-json\/wp\/v2\/posts\/7013\/revisions\/7017"}],"wp:featuredmedia":[{"embeddable":true,"href":"https:\/\/portalf1.si\/index.php\/wp-json\/wp\/v2\/media\/7014"}],"wp:attachment":[{"href":"https:\/\/portalf1.si\/index.php\/wp-json\/wp\/v2\/media?parent=7013"}],"wp:term":[{"taxonomy":"category","embeddable":true,"href":"https:\/\/portalf1.si\/index.php\/wp-json\/wp\/v2\/categories?post=7013"},{"taxonomy":"post_tag","embeddable":true,"href":"https:\/\/portalf1.si\/index.php\/wp-json\/wp\/v2\/tags?post=7013"}],"curies":[{"name":"wp","href":"https:\/\/api.w.org\/{rel}","templated":true}]}}