{"id":7023,"date":"2025-07-20T10:38:34","date_gmt":"2025-07-20T10:38:34","guid":{"rendered":"https:\/\/portalf1.si\/?p=7023"},"modified":"2025-07-20T10:38:34","modified_gmt":"2025-07-20T10:38:34","slug":"ferrari-bo-v-belgijo-pripeljal-pomembno-nadgradnjo-s-katero-se-ekipa-zeli-boriti-za-zmage","status":"publish","type":"post","link":"https:\/\/portalf1.si\/index.php\/2025\/07\/20\/ferrari-bo-v-belgijo-pripeljal-pomembno-nadgradnjo-s-katero-se-ekipa-zeli-boriti-za-zmage\/","title":{"rendered":"Ferrari bo v Belgijo pripeljal pomembno nadgradnjo, s katero se ekipa \u017eeli boriti za zmage"},"content":{"rendered":"<p><strong>Ferrari je ta teden na Mugellu opravil snemalni dan, kjer je ekipa iz Maranella prvi\u010d pokazala te\u017eko pri\u010dakovano nadgradnjo zadnjega vzmetenja.<\/strong><\/p>\n<p>Pri Ferrariju upajo, da bo nadgradnja odpravila trdovratne te\u017eave SF-25 z vi\u0161ino podvozja in ekipi omogo\u010dila, da v drugi polovici sezone 2025 izkoristi ves potenciala dirkalnika, kar bi ji morda celo omogo\u010dilo boj za zmage.<\/p>\n<p>Nova konfiguracija vzmetenja bo premiero do\u017eivela prihodnji dirka\u0161ki konec tedna na VN Belgije v Spaju, potem ko je bila sprva predvidena \u017ee za Silverstone.<\/p>\n<p>Ker Lewis Hamilton vse glasneje poziva, naj Ferrari svojo pozornost \u017ee usmeri na dirkalnik za leto 2026 (projekt z delovnim imenom Project 678), naj bi bila ta nadgradnja tudi zadnja ve\u010dja izbolj\u0161ava SF-25 v leto\u0161nji sezoni Formule 1.<\/p>\n<blockquote class=\"wp-embedded-content\" data-secret=\"Ea4xuPfcie\"><p><a href=\"https:\/\/portalf1.si\/index.php\/2025\/07\/17\/ali-bi-moral-ferrari-dajati-prednost-hamiltonu-ni-nakljucje-da-je-osvojil-sedem-naslovov\/\">Ali bi moral Ferrari dajati prednost Hamiltonu? Ni naklju\u010dje, da je osvojil sedem naslovov<\/a><\/p><\/blockquote>\n<p><iframe loading=\"lazy\" class=\"wp-embedded-content\" sandbox=\"allow-scripts\" security=\"restricted\" style=\"position: absolute; visibility: hidden;\" title=\"&#8220;Ali bi moral Ferrari dajati prednost Hamiltonu? Ni naklju\u010dje, da je osvojil sedem naslovov&#8221; &#8212; Portal F1\" src=\"https:\/\/portalf1.si\/index.php\/2025\/07\/17\/ali-bi-moral-ferrari-dajati-prednost-hamiltonu-ni-nakljucje-da-je-osvojil-sedem-naslovov\/embed\/#?secret=osA9BGqOfV#?secret=Ea4xuPfcie\" data-secret=\"Ea4xuPfcie\" width=\"600\" height=\"338\" frameborder=\"0\" marginwidth=\"0\" marginheight=\"0\" scrolling=\"no\"><\/iframe><\/p>\n","protected":false},"excerpt":{"rendered":"<p>Ferrari je ta teden na Mugellu opravil snemalni dan, kjer je ekipa iz Maranella prvi\u010d pokazala te\u017eko pri\u010dakovano nadgradnjo zadnjega vzmetenja. Pri Ferrariju upajo, da bo nadgradnja odpravila trdovratne te\u017eave SF-25 z vi\u0161ino podvozja in ekipi omogo\u010dila, da v drugi polovici sezone 2025 izkoristi ves potenciala dirkalnika, kar bi ji morda celo omogo\u010dilo boj za [&hellip;]<\/p>\n","protected":false},"author":1,"featured_media":7025,"comment_status":"open","ping_status":"open","sticky":false,"template":"","format":"standard","meta":{"footnotes":""},"categories":[34,30,31,330],"tags":[44,50,159,46,45,51,158,331],"class_list":["post-7023","post","type-post","status-publish","format-standard","has-post-thumbnail","hentry","category-ferrari","category-formula-1","category-novice","category-vn-belgije","tag-f1","tag-f1-2025","tag-f1-slovenija","tag-ferrari","tag-formula-1","tag-formula-1-2025","tag-formula-1-slovenija","tag-vn-belgije"],"blocksy_meta":[],"yoast_head":"<!-- This site is optimized with the Yoast SEO plugin v27.4 - https:\/\/yoast.com\/product\/yoast-seo-wordpress\/ -->\n<title>Ferrari bo v Belgijo pripeljal pomembno nadgradnjo, s katero se ekipa \u017eeli boriti za zmage - Portal F1<\/title>\n<meta name=\"description\" content=\"Ferrari je ta teden na Mugellu opravil snemalni dan, kjer je ekipa prvi\u010d pokazala te\u017eko pri\u010dakovano nadgradnjo zadnjega vzmetenja.\" \/>\n<meta name=\"robots\" content=\"index, follow, max-snippet:-1, max-image-preview:large, max-video-preview:-1\" \/>\n<link rel=\"canonical\" href=\"https:\/\/portalf1.si\/index.php\/2025\/07\/20\/ferrari-bo-v-belgijo-pripeljal-pomembno-nadgradnjo-s-katero-se-ekipa-zeli-boriti-za-zmage\/\" \/>\n<meta property=\"og:locale\" content=\"sl_SI\" \/>\n<meta property=\"og:type\" content=\"article\" \/>\n<meta property=\"og:title\" content=\"Ferrari bo v Belgijo pripeljal pomembno nadgradnjo, s katero se ekipa \u017eeli boriti za zmage - Portal F1\" \/>\n<meta property=\"og:description\" content=\"Ferrari je ta teden na Mugellu opravil snemalni dan, kjer je ekipa prvi\u010d pokazala te\u017eko pri\u010dakovano nadgradnjo zadnjega vzmetenja.\" \/>\n<meta property=\"og:url\" content=\"https:\/\/portalf1.si\/index.php\/2025\/07\/20\/ferrari-bo-v-belgijo-pripeljal-pomembno-nadgradnjo-s-katero-se-ekipa-zeli-boriti-za-zmage\/\" \/>\n<meta property=\"og:site_name\" content=\"Portal F1\" \/>\n<meta property=\"article:publisher\" content=\"https:\/\/www.facebook.com\/portalf1.si\/?locale=sl_SI\" \/>\n<meta property=\"article:published_time\" content=\"2025-07-20T10:38:34+00:00\" \/>\n<meta property=\"og:image\" content=\"https:\/\/portalf1.si\/wp-content\/uploads\/2025\/07\/Gv-hVDFWwAAn8tA.webp\" \/>\n\t<meta property=\"og:image:width\" content=\"700\" \/>\n\t<meta property=\"og:image:height\" content=\"467\" \/>\n\t<meta property=\"og:image:type\" content=\"image\/jpeg\" \/>\n<meta name=\"author\" content=\"Denis \u0160tojs\" \/>\n<meta name=\"twitter:card\" content=\"summary_large_image\" \/>\n<meta name=\"twitter:label1\" content=\"Written by\" \/>\n\t<meta name=\"twitter:data1\" content=\"Denis \u0160tojs\" \/>\n\t<meta name=\"twitter:label2\" content=\"Est. reading time\" \/>\n\t<meta name=\"twitter:data2\" content=\"1 minuta\" \/>\n<script type=\"application\/ld+json\" class=\"yoast-schema-graph\">{\"@context\":\"https:\\\/\\\/schema.org\",\"@graph\":[{\"@type\":\"Article\",\"@id\":\"https:\\\/\\\/portalf1.si\\\/index.php\\\/2025\\\/07\\\/20\\\/ferrari-bo-v-belgijo-pripeljal-pomembno-nadgradnjo-s-katero-se-ekipa-zeli-boriti-za-zmage\\\/#article\",\"isPartOf\":{\"@id\":\"https:\\\/\\\/portalf1.si\\\/index.php\\\/2025\\\/07\\\/20\\\/ferrari-bo-v-belgijo-pripeljal-pomembno-nadgradnjo-s-katero-se-ekipa-zeli-boriti-za-zmage\\\/\"},\"author\":{\"name\":\"Denis \u0160tojs\",\"@id\":\"https:\\\/\\\/portalf1.si\\\/#\\\/schema\\\/person\\\/abfef3ba57233710daadfbdd742fecd5\"},\"headline\":\"Ferrari bo v Belgijo pripeljal pomembno nadgradnjo, s katero se ekipa \u017eeli boriti za zmage\",\"datePublished\":\"2025-07-20T10:38:34+00:00\",\"mainEntityOfPage\":{\"@id\":\"https:\\\/\\\/portalf1.si\\\/index.php\\\/2025\\\/07\\\/20\\\/ferrari-bo-v-belgijo-pripeljal-pomembno-nadgradnjo-s-katero-se-ekipa-zeli-boriti-za-zmage\\\/\"},\"wordCount\":146,\"commentCount\":0,\"publisher\":{\"@id\":\"https:\\\/\\\/portalf1.si\\\/#organization\"},\"image\":{\"@id\":\"https:\\\/\\\/portalf1.si\\\/index.php\\\/2025\\\/07\\\/20\\\/ferrari-bo-v-belgijo-pripeljal-pomembno-nadgradnjo-s-katero-se-ekipa-zeli-boriti-za-zmage\\\/#primaryimage\"},\"thumbnailUrl\":\"https:\\\/\\\/portalf1.si\\\/wp-content\\\/uploads\\\/2025\\\/07\\\/Gv-hVDFWwAAn8tA.webp\",\"keywords\":[\"F1\",\"F1 2025\",\"F1 Slovenija\",\"Ferrari\",\"Formula 1\",\"Formula 1 2025\",\"Formula 1 Slovenija\",\"VN Belgije\"],\"articleSection\":[\"Ferrari\",\"Formula 1\",\"Novice\",\"VN Belgije\"],\"inLanguage\":\"sl-SI\",\"potentialAction\":[{\"@type\":\"CommentAction\",\"name\":\"Comment\",\"target\":[\"https:\\\/\\\/portalf1.si\\\/index.php\\\/2025\\\/07\\\/20\\\/ferrari-bo-v-belgijo-pripeljal-pomembno-nadgradnjo-s-katero-se-ekipa-zeli-boriti-za-zmage\\\/#respond\"]}]},{\"@type\":\"WebPage\",\"@id\":\"https:\\\/\\\/portalf1.si\\\/index.php\\\/2025\\\/07\\\/20\\\/ferrari-bo-v-belgijo-pripeljal-pomembno-nadgradnjo-s-katero-se-ekipa-zeli-boriti-za-zmage\\\/\",\"url\":\"https:\\\/\\\/portalf1.si\\\/index.php\\\/2025\\\/07\\\/20\\\/ferrari-bo-v-belgijo-pripeljal-pomembno-nadgradnjo-s-katero-se-ekipa-zeli-boriti-za-zmage\\\/\",\"name\":\"Ferrari bo v Belgijo pripeljal pomembno nadgradnjo, s katero se ekipa \u017eeli boriti za zmage - Portal F1\",\"isPartOf\":{\"@id\":\"https:\\\/\\\/portalf1.si\\\/#website\"},\"primaryImageOfPage\":{\"@id\":\"https:\\\/\\\/portalf1.si\\\/index.php\\\/2025\\\/07\\\/20\\\/ferrari-bo-v-belgijo-pripeljal-pomembno-nadgradnjo-s-katero-se-ekipa-zeli-boriti-za-zmage\\\/#primaryimage\"},\"image\":{\"@id\":\"https:\\\/\\\/portalf1.si\\\/index.php\\\/2025\\\/07\\\/20\\\/ferrari-bo-v-belgijo-pripeljal-pomembno-nadgradnjo-s-katero-se-ekipa-zeli-boriti-za-zmage\\\/#primaryimage\"},\"thumbnailUrl\":\"https:\\\/\\\/portalf1.si\\\/wp-content\\\/uploads\\\/2025\\\/07\\\/Gv-hVDFWwAAn8tA.webp\",\"datePublished\":\"2025-07-20T10:38:34+00:00\",\"description\":\"Ferrari je ta teden na Mugellu opravil snemalni dan, kjer je ekipa prvi\u010d pokazala te\u017eko pri\u010dakovano nadgradnjo zadnjega vzmetenja.\",\"breadcrumb\":{\"@id\":\"https:\\\/\\\/portalf1.si\\\/index.php\\\/2025\\\/07\\\/20\\\/ferrari-bo-v-belgijo-pripeljal-pomembno-nadgradnjo-s-katero-se-ekipa-zeli-boriti-za-zmage\\\/#breadcrumb\"},\"inLanguage\":\"sl-SI\",\"potentialAction\":[{\"@type\":\"ReadAction\",\"target\":[\"https:\\\/\\\/portalf1.si\\\/index.php\\\/2025\\\/07\\\/20\\\/ferrari-bo-v-belgijo-pripeljal-pomembno-nadgradnjo-s-katero-se-ekipa-zeli-boriti-za-zmage\\\/\"]}]},{\"@type\":\"ImageObject\",\"inLanguage\":\"sl-SI\",\"@id\":\"https:\\\/\\\/portalf1.si\\\/index.php\\\/2025\\\/07\\\/20\\\/ferrari-bo-v-belgijo-pripeljal-pomembno-nadgradnjo-s-katero-se-ekipa-zeli-boriti-za-zmage\\\/#primaryimage\",\"url\":\"https:\\\/\\\/portalf1.si\\\/wp-content\\\/uploads\\\/2025\\\/07\\\/Gv-hVDFWwAAn8tA.webp\",\"contentUrl\":\"https:\\\/\\\/portalf1.si\\\/wp-content\\\/uploads\\\/2025\\\/07\\\/Gv-hVDFWwAAn8tA.webp\",\"width\":700,\"height\":467},{\"@type\":\"BreadcrumbList\",\"@id\":\"https:\\\/\\\/portalf1.si\\\/index.php\\\/2025\\\/07\\\/20\\\/ferrari-bo-v-belgijo-pripeljal-pomembno-nadgradnjo-s-katero-se-ekipa-zeli-boriti-za-zmage\\\/#breadcrumb\",\"itemListElement\":[{\"@type\":\"ListItem\",\"position\":1,\"name\":\"Home\",\"item\":\"https:\\\/\\\/portalf1.si\\\/\"},{\"@type\":\"ListItem\",\"position\":2,\"name\":\"Ferrari bo v Belgijo pripeljal pomembno nadgradnjo, s katero se ekipa \u017eeli boriti za zmage\"}]},{\"@type\":\"WebSite\",\"@id\":\"https:\\\/\\\/portalf1.si\\\/#website\",\"url\":\"https:\\\/\\\/portalf1.si\\\/\",\"name\":\"Portal F1\",\"description\":\"Vstopite v svet hitrosti in adrenalina\",\"publisher\":{\"@id\":\"https:\\\/\\\/portalf1.si\\\/#organization\"},\"potentialAction\":[{\"@type\":\"SearchAction\",\"target\":{\"@type\":\"EntryPoint\",\"urlTemplate\":\"https:\\\/\\\/portalf1.si\\\/?s={search_term_string}\"},\"query-input\":{\"@type\":\"PropertyValueSpecification\",\"valueRequired\":true,\"valueName\":\"search_term_string\"}}],\"inLanguage\":\"sl-SI\"},{\"@type\":\"Organization\",\"@id\":\"https:\\\/\\\/portalf1.si\\\/#organization\",\"name\":\"Portal F1\",\"url\":\"https:\\\/\\\/portalf1.si\\\/\",\"logo\":{\"@type\":\"ImageObject\",\"inLanguage\":\"sl-SI\",\"@id\":\"https:\\\/\\\/portalf1.si\\\/#\\\/schema\\\/logo\\\/image\\\/\",\"url\":\"https:\\\/\\\/portalf1.si\\\/wp-content\\\/uploads\\\/2025\\\/02\\\/cropped-HiPaint_1738532868530.png\",\"contentUrl\":\"https:\\\/\\\/portalf1.si\\\/wp-content\\\/uploads\\\/2025\\\/02\\\/cropped-HiPaint_1738532868530.png\",\"width\":512,\"height\":512,\"caption\":\"Portal F1\"},\"image\":{\"@id\":\"https:\\\/\\\/portalf1.si\\\/#\\\/schema\\\/logo\\\/image\\\/\"},\"sameAs\":[\"https:\\\/\\\/www.facebook.com\\\/portalf1.si\\\/?locale=sl_SI\"]},{\"@type\":\"Person\",\"@id\":\"https:\\\/\\\/portalf1.si\\\/#\\\/schema\\\/person\\\/abfef3ba57233710daadfbdd742fecd5\",\"name\":\"Denis \u0160tojs\",\"image\":{\"@type\":\"ImageObject\",\"inLanguage\":\"sl-SI\",\"@id\":\"https:\\\/\\\/secure.gravatar.com\\\/avatar\\\/b006ce11dfb9c6e47e9de9803eefbdc14aa4afb445f3cca05acc735c22115b38?s=96&d=mm&r=g\",\"url\":\"https:\\\/\\\/secure.gravatar.com\\\/avatar\\\/b006ce11dfb9c6e47e9de9803eefbdc14aa4afb445f3cca05acc735c22115b38?s=96&d=mm&r=g\",\"contentUrl\":\"https:\\\/\\\/secure.gravatar.com\\\/avatar\\\/b006ce11dfb9c6e47e9de9803eefbdc14aa4afb445f3cca05acc735c22115b38?s=96&d=mm&r=g\",\"caption\":\"Denis \u0160tojs\"},\"sameAs\":[\"https:\\\/\\\/portalf1.si\"],\"url\":\"https:\\\/\\\/portalf1.si\\\/index.php\\\/author\\\/portalf1\\\/\"}]}<\/script>\n<!-- \/ Yoast SEO plugin. -->","yoast_head_json":{"title":"Ferrari bo v Belgijo pripeljal pomembno nadgradnjo, s katero se ekipa \u017eeli boriti za zmage - Portal F1","description":"Ferrari je ta teden na Mugellu opravil snemalni dan, kjer je ekipa prvi\u010d pokazala te\u017eko pri\u010dakovano nadgradnjo zadnjega vzmetenja.","robots":{"index":"index","follow":"follow","max-snippet":"max-snippet:-1","max-image-preview":"max-image-preview:large","max-video-preview":"max-video-preview:-1"},"canonical":"https:\/\/portalf1.si\/index.php\/2025\/07\/20\/ferrari-bo-v-belgijo-pripeljal-pomembno-nadgradnjo-s-katero-se-ekipa-zeli-boriti-za-zmage\/","og_locale":"sl_SI","og_type":"article","og_title":"Ferrari bo v Belgijo pripeljal pomembno nadgradnjo, s katero se ekipa \u017eeli boriti za zmage - Portal F1","og_description":"Ferrari je ta teden na Mugellu opravil snemalni dan, kjer je ekipa prvi\u010d pokazala te\u017eko pri\u010dakovano nadgradnjo zadnjega vzmetenja.","og_url":"https:\/\/portalf1.si\/index.php\/2025\/07\/20\/ferrari-bo-v-belgijo-pripeljal-pomembno-nadgradnjo-s-katero-se-ekipa-zeli-boriti-za-zmage\/","og_site_name":"Portal F1","article_publisher":"https:\/\/www.facebook.com\/portalf1.si\/?locale=sl_SI","article_published_time":"2025-07-20T10:38:34+00:00","og_image":[{"width":700,"height":467,"url":"https:\/\/portalf1.si\/wp-content\/uploads\/2025\/07\/Gv-hVDFWwAAn8tA.webp","type":"image\/jpeg"}],"author":"Denis \u0160tojs","twitter_card":"summary_large_image","twitter_misc":{"Written by":"Denis \u0160tojs","Est. reading time":"1 minuta"},"schema":{"@context":"https:\/\/schema.org","@graph":[{"@type":"Article","@id":"https:\/\/portalf1.si\/index.php\/2025\/07\/20\/ferrari-bo-v-belgijo-pripeljal-pomembno-nadgradnjo-s-katero-se-ekipa-zeli-boriti-za-zmage\/#article","isPartOf":{"@id":"https:\/\/portalf1.si\/index.php\/2025\/07\/20\/ferrari-bo-v-belgijo-pripeljal-pomembno-nadgradnjo-s-katero-se-ekipa-zeli-boriti-za-zmage\/"},"author":{"name":"Denis \u0160tojs","@id":"https:\/\/portalf1.si\/#\/schema\/person\/abfef3ba57233710daadfbdd742fecd5"},"headline":"Ferrari bo v Belgijo pripeljal pomembno nadgradnjo, s katero se ekipa \u017eeli boriti za zmage","datePublished":"2025-07-20T10:38:34+00:00","mainEntityOfPage":{"@id":"https:\/\/portalf1.si\/index.php\/2025\/07\/20\/ferrari-bo-v-belgijo-pripeljal-pomembno-nadgradnjo-s-katero-se-ekipa-zeli-boriti-za-zmage\/"},"wordCount":146,"commentCount":0,"publisher":{"@id":"https:\/\/portalf1.si\/#organization"},"image":{"@id":"https:\/\/portalf1.si\/index.php\/2025\/07\/20\/ferrari-bo-v-belgijo-pripeljal-pomembno-nadgradnjo-s-katero-se-ekipa-zeli-boriti-za-zmage\/#primaryimage"},"thumbnailUrl":"https:\/\/portalf1.si\/wp-content\/uploads\/2025\/07\/Gv-hVDFWwAAn8tA.webp","keywords":["F1","F1 2025","F1 Slovenija","Ferrari","Formula 1","Formula 1 2025","Formula 1 Slovenija","VN Belgije"],"articleSection":["Ferrari","Formula 1","Novice","VN Belgije"],"inLanguage":"sl-SI","potentialAction":[{"@type":"CommentAction","name":"Comment","target":["https:\/\/portalf1.si\/index.php\/2025\/07\/20\/ferrari-bo-v-belgijo-pripeljal-pomembno-nadgradnjo-s-katero-se-ekipa-zeli-boriti-za-zmage\/#respond"]}]},{"@type":"WebPage","@id":"https:\/\/portalf1.si\/index.php\/2025\/07\/20\/ferrari-bo-v-belgijo-pripeljal-pomembno-nadgradnjo-s-katero-se-ekipa-zeli-boriti-za-zmage\/","url":"https:\/\/portalf1.si\/index.php\/2025\/07\/20\/ferrari-bo-v-belgijo-pripeljal-pomembno-nadgradnjo-s-katero-se-ekipa-zeli-boriti-za-zmage\/","name":"Ferrari bo v Belgijo pripeljal pomembno nadgradnjo, s katero se ekipa \u017eeli boriti za zmage - Portal F1","isPartOf":{"@id":"https:\/\/portalf1.si\/#website"},"primaryImageOfPage":{"@id":"https:\/\/portalf1.si\/index.php\/2025\/07\/20\/ferrari-bo-v-belgijo-pripeljal-pomembno-nadgradnjo-s-katero-se-ekipa-zeli-boriti-za-zmage\/#primaryimage"},"image":{"@id":"https:\/\/portalf1.si\/index.php\/2025\/07\/20\/ferrari-bo-v-belgijo-pripeljal-pomembno-nadgradnjo-s-katero-se-ekipa-zeli-boriti-za-zmage\/#primaryimage"},"thumbnailUrl":"https:\/\/portalf1.si\/wp-content\/uploads\/2025\/07\/Gv-hVDFWwAAn8tA.webp","datePublished":"2025-07-20T10:38:34+00:00","description":"Ferrari je ta teden na Mugellu opravil snemalni dan, kjer je ekipa prvi\u010d pokazala te\u017eko pri\u010dakovano nadgradnjo zadnjega vzmetenja.","breadcrumb":{"@id":"https:\/\/portalf1.si\/index.php\/2025\/07\/20\/ferrari-bo-v-belgijo-pripeljal-pomembno-nadgradnjo-s-katero-se-ekipa-zeli-boriti-za-zmage\/#breadcrumb"},"inLanguage":"sl-SI","potentialAction":[{"@type":"ReadAction","target":["https:\/\/portalf1.si\/index.php\/2025\/07\/20\/ferrari-bo-v-belgijo-pripeljal-pomembno-nadgradnjo-s-katero-se-ekipa-zeli-boriti-za-zmage\/"]}]},{"@type":"ImageObject","inLanguage":"sl-SI","@id":"https:\/\/portalf1.si\/index.php\/2025\/07\/20\/ferrari-bo-v-belgijo-pripeljal-pomembno-nadgradnjo-s-katero-se-ekipa-zeli-boriti-za-zmage\/#primaryimage","url":"https:\/\/portalf1.si\/wp-content\/uploads\/2025\/07\/Gv-hVDFWwAAn8tA.webp","contentUrl":"https:\/\/portalf1.si\/wp-content\/uploads\/2025\/07\/Gv-hVDFWwAAn8tA.webp","width":700,"height":467},{"@type":"BreadcrumbList","@id":"https:\/\/portalf1.si\/index.php\/2025\/07\/20\/ferrari-bo-v-belgijo-pripeljal-pomembno-nadgradnjo-s-katero-se-ekipa-zeli-boriti-za-zmage\/#breadcrumb","itemListElement":[{"@type":"ListItem","position":1,"name":"Home","item":"https:\/\/portalf1.si\/"},{"@type":"ListItem","position":2,"name":"Ferrari bo v Belgijo pripeljal pomembno nadgradnjo, s katero se ekipa \u017eeli boriti za zmage"}]},{"@type":"WebSite","@id":"https:\/\/portalf1.si\/#website","url":"https:\/\/portalf1.si\/","name":"Portal F1","description":"Vstopite v svet hitrosti in adrenalina","publisher":{"@id":"https:\/\/portalf1.si\/#organization"},"potentialAction":[{"@type":"SearchAction","target":{"@type":"EntryPoint","urlTemplate":"https:\/\/portalf1.si\/?s={search_term_string}"},"query-input":{"@type":"PropertyValueSpecification","valueRequired":true,"valueName":"search_term_string"}}],"inLanguage":"sl-SI"},{"@type":"Organization","@id":"https:\/\/portalf1.si\/#organization","name":"Portal F1","url":"https:\/\/portalf1.si\/","logo":{"@type":"ImageObject","inLanguage":"sl-SI","@id":"https:\/\/portalf1.si\/#\/schema\/logo\/image\/","url":"https:\/\/portalf1.si\/wp-content\/uploads\/2025\/02\/cropped-HiPaint_1738532868530.png","contentUrl":"https:\/\/portalf1.si\/wp-content\/uploads\/2025\/02\/cropped-HiPaint_1738532868530.png","width":512,"height":512,"caption":"Portal F1"},"image":{"@id":"https:\/\/portalf1.si\/#\/schema\/logo\/image\/"},"sameAs":["https:\/\/www.facebook.com\/portalf1.si\/?locale=sl_SI"]},{"@type":"Person","@id":"https:\/\/portalf1.si\/#\/schema\/person\/abfef3ba57233710daadfbdd742fecd5","name":"Denis \u0160tojs","image":{"@type":"ImageObject","inLanguage":"sl-SI","@id":"https:\/\/secure.gravatar.com\/avatar\/b006ce11dfb9c6e47e9de9803eefbdc14aa4afb445f3cca05acc735c22115b38?s=96&d=mm&r=g","url":"https:\/\/secure.gravatar.com\/avatar\/b006ce11dfb9c6e47e9de9803eefbdc14aa4afb445f3cca05acc735c22115b38?s=96&d=mm&r=g","contentUrl":"https:\/\/secure.gravatar.com\/avatar\/b006ce11dfb9c6e47e9de9803eefbdc14aa4afb445f3cca05acc735c22115b38?s=96&d=mm&r=g","caption":"Denis \u0160tojs"},"sameAs":["https:\/\/portalf1.si"],"url":"https:\/\/portalf1.si\/index.php\/author\/portalf1\/"}]}},"_links":{"self":[{"href":"https:\/\/portalf1.si\/index.php\/wp-json\/wp\/v2\/posts\/7023","targetHints":{"allow":["GET"]}}],"collection":[{"href":"https:\/\/portalf1.si\/index.php\/wp-json\/wp\/v2\/posts"}],"about":[{"href":"https:\/\/portalf1.si\/index.php\/wp-json\/wp\/v2\/types\/post"}],"author":[{"embeddable":true,"href":"https:\/\/portalf1.si\/index.php\/wp-json\/wp\/v2\/users\/1"}],"replies":[{"embeddable":true,"href":"https:\/\/portalf1.si\/index.php\/wp-json\/wp\/v2\/comments?post=7023"}],"version-history":[{"count":2,"href":"https:\/\/portalf1.si\/index.php\/wp-json\/wp\/v2\/posts\/7023\/revisions"}],"predecessor-version":[{"id":7026,"href":"https:\/\/portalf1.si\/index.php\/wp-json\/wp\/v2\/posts\/7023\/revisions\/7026"}],"wp:featuredmedia":[{"embeddable":true,"href":"https:\/\/portalf1.si\/index.php\/wp-json\/wp\/v2\/media\/7025"}],"wp:attachment":[{"href":"https:\/\/portalf1.si\/index.php\/wp-json\/wp\/v2\/media?parent=7023"}],"wp:term":[{"taxonomy":"category","embeddable":true,"href":"https:\/\/portalf1.si\/index.php\/wp-json\/wp\/v2\/categories?post=7023"},{"taxonomy":"post_tag","embeddable":true,"href":"https:\/\/portalf1.si\/index.php\/wp-json\/wp\/v2\/tags?post=7023"}],"curies":[{"name":"wp","href":"https:\/\/api.w.org\/{rel}","templated":true}]}}