{"id":7121,"date":"2025-07-23T18:32:46","date_gmt":"2025-07-23T18:32:46","guid":{"rendered":"https:\/\/portalf1.si\/?p=7121"},"modified":"2025-07-23T18:32:46","modified_gmt":"2025-07-23T18:32:46","slug":"red-bull-bo-v-belgijo-pripeljal-zadnjega-asa-iz-rokava","status":"publish","type":"post","link":"https:\/\/portalf1.si\/index.php\/2025\/07\/23\/red-bull-bo-v-belgijo-pripeljal-zadnjega-asa-iz-rokava\/","title":{"rendered":"Red Bull bo v Belgijo pripeljal zadnjega asa iz rokava"},"content":{"rendered":"<p><strong>Pred Maxom Verstappnom sta dva klju\u010dna tedna, saj bo Red Bull Racing predstavil zadnji paket posodobitev leto\u0161njega dirkalnika. Helmut Marko je \u017ee namignil, da bi to lahko bila zadnja prava prilo\u017enost ekipe, da ohrani mo\u017enosti za naslov v leto\u0161nji sezoni Formule 1.<\/strong><\/p>\n<p>Red Bull bo ta dirka\u0161ki konec tedna, ki se bo odvijal na legendarnem dirkali\u0161\u010du Spa-Francorchamps, predstavil novo sprednje krilce. Teden dni kasneje, na VN Mad\u017earske, bo ekipa iz Milton Keynesa predstavila \u0161e nekaj dodatnih nadgradenj.<\/p>\n<p>Gre za enoten paket nadgradenj, ki ga bodo razdelili \u010dez dve dirki. Vse spremembe so osredoto\u010dene izklju\u010dno na karoserijo,\u00a0 sprememb na dnu dirkalnika tako ne bo.<\/p>\n<p>Marko je \u017ee prej potrdil, da bodo novi deli uvedeni v Belgiji in na Mad\u017earskem. Po njegovih besedah je klju\u010dno, da Red Bull v petek ne do\u017eivi &#8220;katastrofe&#8221; in da vse novosti delujejo brez zapletov. \u010ce posodobitve spodletijo, bi to lahko pomenilo tudi konec boja za naslov.<\/p>\n<p>Kar zadeva konstruktorski naslov, so upi \u017ee skoraj pokopani. Red Bull je trenutno \u010detrti in za McLarnom zaostaja za skoraj 300 to\u010dk. Tudi Verstappnu ne gre veliko bolje. \u0160tirikratni svetovni prvak je trenutno 69 to\u010dk za vodilnim v prvenstvu Oscarjem Piastrijem.<\/p>\n<blockquote class=\"wp-embedded-content\" data-secret=\"ef9dpKoVec\"><p><a href=\"https:\/\/portalf1.si\/index.php\/2025\/07\/22\/hamilton-in-leclerc-sta-pred-vn-belgije-testirala-novo-ferrarijevo-skrivno-orozje\/\">Hamilton in Leclerc sta pred VN Belgije testirala novo Ferrarijevo skrivno oro\u017eje<\/a><\/p><\/blockquote>\n<p><iframe loading=\"lazy\" class=\"wp-embedded-content\" sandbox=\"allow-scripts\" security=\"restricted\" style=\"position: absolute; visibility: hidden;\" title=\"&#8220;Hamilton in Leclerc sta pred VN Belgije testirala novo Ferrarijevo skrivno oro\u017eje&#8221; &#8212; Portal F1\" src=\"https:\/\/portalf1.si\/index.php\/2025\/07\/22\/hamilton-in-leclerc-sta-pred-vn-belgije-testirala-novo-ferrarijevo-skrivno-orozje\/embed\/#?secret=Ard1Yva08A#?secret=ef9dpKoVec\" data-secret=\"ef9dpKoVec\" width=\"600\" height=\"338\" frameborder=\"0\" marginwidth=\"0\" marginheight=\"0\" scrolling=\"no\"><\/iframe><\/p>\n","protected":false},"excerpt":{"rendered":"<p>Pred Maxom Verstappnom sta dva klju\u010dna tedna, saj bo Red Bull Racing predstavil zadnji paket posodobitev leto\u0161njega dirkalnika. Helmut Marko je \u017ee namignil, da bi to lahko bila zadnja prava prilo\u017enost ekipe, da ohrani mo\u017enosti za naslov v leto\u0161nji sezoni Formule 1. Red Bull bo ta dirka\u0161ki konec tedna, ki se bo odvijal na legendarnem [&hellip;]<\/p>\n","protected":false},"author":1,"featured_media":7122,"comment_status":"open","ping_status":"open","sticky":false,"template":"","format":"standard","meta":{"footnotes":""},"categories":[30,63,31,36,330],"tags":[44,50,159,45,51,158,47,64,331],"class_list":["post-7121","post","type-post","status-publish","format-standard","has-post-thumbnail","hentry","category-formula-1","category-max-verstappen","category-novice","category-red-bull","category-vn-belgije","tag-f1","tag-f1-2025","tag-f1-slovenija","tag-formula-1","tag-formula-1-2025","tag-formula-1-slovenija","tag-max-verstappen","tag-red-bull","tag-vn-belgije"],"blocksy_meta":[],"yoast_head":"<!-- This site is optimized with the Yoast SEO plugin v27.4 - https:\/\/yoast.com\/product\/yoast-seo-wordpress\/ -->\n<title>Red Bull bo v Belgijo pripeljal zadnjega asa iz rokava - Portal F1<\/title>\n<meta name=\"description\" content=\"Pred Maxom Verstappnom sta dva klju\u010dna tedna, saj bo Red Bull Racing predstavil zadnji paket posodobitev leto\u0161njega dirkalnika Formule 1.\" \/>\n<meta name=\"robots\" content=\"index, follow, max-snippet:-1, max-image-preview:large, max-video-preview:-1\" \/>\n<link rel=\"canonical\" href=\"https:\/\/portalf1.si\/index.php\/2025\/07\/23\/red-bull-bo-v-belgijo-pripeljal-zadnjega-asa-iz-rokava\/\" \/>\n<meta property=\"og:locale\" content=\"sl_SI\" \/>\n<meta property=\"og:type\" content=\"article\" \/>\n<meta property=\"og:title\" content=\"Red Bull bo v Belgijo pripeljal zadnjega asa iz rokava - Portal F1\" \/>\n<meta property=\"og:description\" content=\"Pred Maxom Verstappnom sta dva klju\u010dna tedna, saj bo Red Bull Racing predstavil zadnji paket posodobitev leto\u0161njega dirkalnika Formule 1.\" \/>\n<meta property=\"og:url\" content=\"https:\/\/portalf1.si\/index.php\/2025\/07\/23\/red-bull-bo-v-belgijo-pripeljal-zadnjega-asa-iz-rokava\/\" \/>\n<meta property=\"og:site_name\" content=\"Portal F1\" \/>\n<meta property=\"article:publisher\" content=\"https:\/\/www.facebook.com\/portalf1.si\/?locale=sl_SI\" \/>\n<meta property=\"article:published_time\" content=\"2025-07-23T18:32:46+00:00\" \/>\n<meta property=\"og:image\" content=\"https:\/\/portalf1.si\/wp-content\/uploads\/2025\/07\/max-verstappen-red-bull-racing-1.webp\" \/>\n\t<meta property=\"og:image:width\" content=\"1200\" \/>\n\t<meta property=\"og:image:height\" content=\"799\" \/>\n\t<meta property=\"og:image:type\" content=\"image\/jpeg\" \/>\n<meta name=\"author\" content=\"Denis \u0160tojs\" \/>\n<meta name=\"twitter:card\" content=\"summary_large_image\" \/>\n<meta name=\"twitter:label1\" content=\"Written by\" \/>\n\t<meta name=\"twitter:data1\" content=\"Denis \u0160tojs\" \/>\n\t<meta name=\"twitter:label2\" content=\"Est. reading time\" \/>\n\t<meta name=\"twitter:data2\" content=\"2 minuti\" \/>\n<script type=\"application\/ld+json\" class=\"yoast-schema-graph\">{\"@context\":\"https:\\\/\\\/schema.org\",\"@graph\":[{\"@type\":\"Article\",\"@id\":\"https:\\\/\\\/portalf1.si\\\/index.php\\\/2025\\\/07\\\/23\\\/red-bull-bo-v-belgijo-pripeljal-zadnjega-asa-iz-rokava\\\/#article\",\"isPartOf\":{\"@id\":\"https:\\\/\\\/portalf1.si\\\/index.php\\\/2025\\\/07\\\/23\\\/red-bull-bo-v-belgijo-pripeljal-zadnjega-asa-iz-rokava\\\/\"},\"author\":{\"name\":\"Denis \u0160tojs\",\"@id\":\"https:\\\/\\\/portalf1.si\\\/#\\\/schema\\\/person\\\/abfef3ba57233710daadfbdd742fecd5\"},\"headline\":\"Red Bull bo v Belgijo pripeljal zadnjega asa iz rokava\",\"datePublished\":\"2025-07-23T18:32:46+00:00\",\"mainEntityOfPage\":{\"@id\":\"https:\\\/\\\/portalf1.si\\\/index.php\\\/2025\\\/07\\\/23\\\/red-bull-bo-v-belgijo-pripeljal-zadnjega-asa-iz-rokava\\\/\"},\"wordCount\":219,\"commentCount\":0,\"publisher\":{\"@id\":\"https:\\\/\\\/portalf1.si\\\/#organization\"},\"image\":{\"@id\":\"https:\\\/\\\/portalf1.si\\\/index.php\\\/2025\\\/07\\\/23\\\/red-bull-bo-v-belgijo-pripeljal-zadnjega-asa-iz-rokava\\\/#primaryimage\"},\"thumbnailUrl\":\"https:\\\/\\\/portalf1.si\\\/wp-content\\\/uploads\\\/2025\\\/07\\\/max-verstappen-red-bull-racing-1.webp\",\"keywords\":[\"F1\",\"F1 2025\",\"F1 Slovenija\",\"Formula 1\",\"Formula 1 2025\",\"Formula 1 Slovenija\",\"Max Verstappen\",\"Red Bull\",\"VN Belgije\"],\"articleSection\":[\"Formula 1\",\"Max Verstappen\",\"Novice\",\"Red Bull\",\"VN Belgije\"],\"inLanguage\":\"sl-SI\",\"potentialAction\":[{\"@type\":\"CommentAction\",\"name\":\"Comment\",\"target\":[\"https:\\\/\\\/portalf1.si\\\/index.php\\\/2025\\\/07\\\/23\\\/red-bull-bo-v-belgijo-pripeljal-zadnjega-asa-iz-rokava\\\/#respond\"]}]},{\"@type\":\"WebPage\",\"@id\":\"https:\\\/\\\/portalf1.si\\\/index.php\\\/2025\\\/07\\\/23\\\/red-bull-bo-v-belgijo-pripeljal-zadnjega-asa-iz-rokava\\\/\",\"url\":\"https:\\\/\\\/portalf1.si\\\/index.php\\\/2025\\\/07\\\/23\\\/red-bull-bo-v-belgijo-pripeljal-zadnjega-asa-iz-rokava\\\/\",\"name\":\"Red Bull bo v Belgijo pripeljal zadnjega asa iz rokava - Portal F1\",\"isPartOf\":{\"@id\":\"https:\\\/\\\/portalf1.si\\\/#website\"},\"primaryImageOfPage\":{\"@id\":\"https:\\\/\\\/portalf1.si\\\/index.php\\\/2025\\\/07\\\/23\\\/red-bull-bo-v-belgijo-pripeljal-zadnjega-asa-iz-rokava\\\/#primaryimage\"},\"image\":{\"@id\":\"https:\\\/\\\/portalf1.si\\\/index.php\\\/2025\\\/07\\\/23\\\/red-bull-bo-v-belgijo-pripeljal-zadnjega-asa-iz-rokava\\\/#primaryimage\"},\"thumbnailUrl\":\"https:\\\/\\\/portalf1.si\\\/wp-content\\\/uploads\\\/2025\\\/07\\\/max-verstappen-red-bull-racing-1.webp\",\"datePublished\":\"2025-07-23T18:32:46+00:00\",\"description\":\"Pred Maxom Verstappnom sta dva klju\u010dna tedna, saj bo Red Bull Racing predstavil zadnji paket posodobitev leto\u0161njega dirkalnika Formule 1.\",\"breadcrumb\":{\"@id\":\"https:\\\/\\\/portalf1.si\\\/index.php\\\/2025\\\/07\\\/23\\\/red-bull-bo-v-belgijo-pripeljal-zadnjega-asa-iz-rokava\\\/#breadcrumb\"},\"inLanguage\":\"sl-SI\",\"potentialAction\":[{\"@type\":\"ReadAction\",\"target\":[\"https:\\\/\\\/portalf1.si\\\/index.php\\\/2025\\\/07\\\/23\\\/red-bull-bo-v-belgijo-pripeljal-zadnjega-asa-iz-rokava\\\/\"]}]},{\"@type\":\"ImageObject\",\"inLanguage\":\"sl-SI\",\"@id\":\"https:\\\/\\\/portalf1.si\\\/index.php\\\/2025\\\/07\\\/23\\\/red-bull-bo-v-belgijo-pripeljal-zadnjega-asa-iz-rokava\\\/#primaryimage\",\"url\":\"https:\\\/\\\/portalf1.si\\\/wp-content\\\/uploads\\\/2025\\\/07\\\/max-verstappen-red-bull-racing-1.webp\",\"contentUrl\":\"https:\\\/\\\/portalf1.si\\\/wp-content\\\/uploads\\\/2025\\\/07\\\/max-verstappen-red-bull-racing-1.webp\",\"width\":1200,\"height\":799},{\"@type\":\"BreadcrumbList\",\"@id\":\"https:\\\/\\\/portalf1.si\\\/index.php\\\/2025\\\/07\\\/23\\\/red-bull-bo-v-belgijo-pripeljal-zadnjega-asa-iz-rokava\\\/#breadcrumb\",\"itemListElement\":[{\"@type\":\"ListItem\",\"position\":1,\"name\":\"Home\",\"item\":\"https:\\\/\\\/portalf1.si\\\/\"},{\"@type\":\"ListItem\",\"position\":2,\"name\":\"Red Bull bo v Belgijo pripeljal zadnjega asa iz rokava\"}]},{\"@type\":\"WebSite\",\"@id\":\"https:\\\/\\\/portalf1.si\\\/#website\",\"url\":\"https:\\\/\\\/portalf1.si\\\/\",\"name\":\"Portal F1\",\"description\":\"Vstopite v svet hitrosti in adrenalina\",\"publisher\":{\"@id\":\"https:\\\/\\\/portalf1.si\\\/#organization\"},\"potentialAction\":[{\"@type\":\"SearchAction\",\"target\":{\"@type\":\"EntryPoint\",\"urlTemplate\":\"https:\\\/\\\/portalf1.si\\\/?s={search_term_string}\"},\"query-input\":{\"@type\":\"PropertyValueSpecification\",\"valueRequired\":true,\"valueName\":\"search_term_string\"}}],\"inLanguage\":\"sl-SI\"},{\"@type\":\"Organization\",\"@id\":\"https:\\\/\\\/portalf1.si\\\/#organization\",\"name\":\"Portal F1\",\"url\":\"https:\\\/\\\/portalf1.si\\\/\",\"logo\":{\"@type\":\"ImageObject\",\"inLanguage\":\"sl-SI\",\"@id\":\"https:\\\/\\\/portalf1.si\\\/#\\\/schema\\\/logo\\\/image\\\/\",\"url\":\"https:\\\/\\\/portalf1.si\\\/wp-content\\\/uploads\\\/2025\\\/02\\\/cropped-HiPaint_1738532868530.png\",\"contentUrl\":\"https:\\\/\\\/portalf1.si\\\/wp-content\\\/uploads\\\/2025\\\/02\\\/cropped-HiPaint_1738532868530.png\",\"width\":512,\"height\":512,\"caption\":\"Portal F1\"},\"image\":{\"@id\":\"https:\\\/\\\/portalf1.si\\\/#\\\/schema\\\/logo\\\/image\\\/\"},\"sameAs\":[\"https:\\\/\\\/www.facebook.com\\\/portalf1.si\\\/?locale=sl_SI\"]},{\"@type\":\"Person\",\"@id\":\"https:\\\/\\\/portalf1.si\\\/#\\\/schema\\\/person\\\/abfef3ba57233710daadfbdd742fecd5\",\"name\":\"Denis \u0160tojs\",\"image\":{\"@type\":\"ImageObject\",\"inLanguage\":\"sl-SI\",\"@id\":\"https:\\\/\\\/secure.gravatar.com\\\/avatar\\\/b006ce11dfb9c6e47e9de9803eefbdc14aa4afb445f3cca05acc735c22115b38?s=96&d=mm&r=g\",\"url\":\"https:\\\/\\\/secure.gravatar.com\\\/avatar\\\/b006ce11dfb9c6e47e9de9803eefbdc14aa4afb445f3cca05acc735c22115b38?s=96&d=mm&r=g\",\"contentUrl\":\"https:\\\/\\\/secure.gravatar.com\\\/avatar\\\/b006ce11dfb9c6e47e9de9803eefbdc14aa4afb445f3cca05acc735c22115b38?s=96&d=mm&r=g\",\"caption\":\"Denis \u0160tojs\"},\"sameAs\":[\"https:\\\/\\\/portalf1.si\"],\"url\":\"https:\\\/\\\/portalf1.si\\\/index.php\\\/author\\\/portalf1\\\/\"}]}<\/script>\n<!-- \/ Yoast SEO plugin. -->","yoast_head_json":{"title":"Red Bull bo v Belgijo pripeljal zadnjega asa iz rokava - Portal F1","description":"Pred Maxom Verstappnom sta dva klju\u010dna tedna, saj bo Red Bull Racing predstavil zadnji paket posodobitev leto\u0161njega dirkalnika Formule 1.","robots":{"index":"index","follow":"follow","max-snippet":"max-snippet:-1","max-image-preview":"max-image-preview:large","max-video-preview":"max-video-preview:-1"},"canonical":"https:\/\/portalf1.si\/index.php\/2025\/07\/23\/red-bull-bo-v-belgijo-pripeljal-zadnjega-asa-iz-rokava\/","og_locale":"sl_SI","og_type":"article","og_title":"Red Bull bo v Belgijo pripeljal zadnjega asa iz rokava - Portal F1","og_description":"Pred Maxom Verstappnom sta dva klju\u010dna tedna, saj bo Red Bull Racing predstavil zadnji paket posodobitev leto\u0161njega dirkalnika Formule 1.","og_url":"https:\/\/portalf1.si\/index.php\/2025\/07\/23\/red-bull-bo-v-belgijo-pripeljal-zadnjega-asa-iz-rokava\/","og_site_name":"Portal F1","article_publisher":"https:\/\/www.facebook.com\/portalf1.si\/?locale=sl_SI","article_published_time":"2025-07-23T18:32:46+00:00","og_image":[{"width":1200,"height":799,"url":"https:\/\/portalf1.si\/wp-content\/uploads\/2025\/07\/max-verstappen-red-bull-racing-1.webp","type":"image\/jpeg"}],"author":"Denis \u0160tojs","twitter_card":"summary_large_image","twitter_misc":{"Written by":"Denis \u0160tojs","Est. reading time":"2 minuti"},"schema":{"@context":"https:\/\/schema.org","@graph":[{"@type":"Article","@id":"https:\/\/portalf1.si\/index.php\/2025\/07\/23\/red-bull-bo-v-belgijo-pripeljal-zadnjega-asa-iz-rokava\/#article","isPartOf":{"@id":"https:\/\/portalf1.si\/index.php\/2025\/07\/23\/red-bull-bo-v-belgijo-pripeljal-zadnjega-asa-iz-rokava\/"},"author":{"name":"Denis \u0160tojs","@id":"https:\/\/portalf1.si\/#\/schema\/person\/abfef3ba57233710daadfbdd742fecd5"},"headline":"Red Bull bo v Belgijo pripeljal zadnjega asa iz rokava","datePublished":"2025-07-23T18:32:46+00:00","mainEntityOfPage":{"@id":"https:\/\/portalf1.si\/index.php\/2025\/07\/23\/red-bull-bo-v-belgijo-pripeljal-zadnjega-asa-iz-rokava\/"},"wordCount":219,"commentCount":0,"publisher":{"@id":"https:\/\/portalf1.si\/#organization"},"image":{"@id":"https:\/\/portalf1.si\/index.php\/2025\/07\/23\/red-bull-bo-v-belgijo-pripeljal-zadnjega-asa-iz-rokava\/#primaryimage"},"thumbnailUrl":"https:\/\/portalf1.si\/wp-content\/uploads\/2025\/07\/max-verstappen-red-bull-racing-1.webp","keywords":["F1","F1 2025","F1 Slovenija","Formula 1","Formula 1 2025","Formula 1 Slovenija","Max Verstappen","Red Bull","VN Belgije"],"articleSection":["Formula 1","Max Verstappen","Novice","Red Bull","VN Belgije"],"inLanguage":"sl-SI","potentialAction":[{"@type":"CommentAction","name":"Comment","target":["https:\/\/portalf1.si\/index.php\/2025\/07\/23\/red-bull-bo-v-belgijo-pripeljal-zadnjega-asa-iz-rokava\/#respond"]}]},{"@type":"WebPage","@id":"https:\/\/portalf1.si\/index.php\/2025\/07\/23\/red-bull-bo-v-belgijo-pripeljal-zadnjega-asa-iz-rokava\/","url":"https:\/\/portalf1.si\/index.php\/2025\/07\/23\/red-bull-bo-v-belgijo-pripeljal-zadnjega-asa-iz-rokava\/","name":"Red Bull bo v Belgijo pripeljal zadnjega asa iz rokava - Portal F1","isPartOf":{"@id":"https:\/\/portalf1.si\/#website"},"primaryImageOfPage":{"@id":"https:\/\/portalf1.si\/index.php\/2025\/07\/23\/red-bull-bo-v-belgijo-pripeljal-zadnjega-asa-iz-rokava\/#primaryimage"},"image":{"@id":"https:\/\/portalf1.si\/index.php\/2025\/07\/23\/red-bull-bo-v-belgijo-pripeljal-zadnjega-asa-iz-rokava\/#primaryimage"},"thumbnailUrl":"https:\/\/portalf1.si\/wp-content\/uploads\/2025\/07\/max-verstappen-red-bull-racing-1.webp","datePublished":"2025-07-23T18:32:46+00:00","description":"Pred Maxom Verstappnom sta dva klju\u010dna tedna, saj bo Red Bull Racing predstavil zadnji paket posodobitev leto\u0161njega dirkalnika Formule 1.","breadcrumb":{"@id":"https:\/\/portalf1.si\/index.php\/2025\/07\/23\/red-bull-bo-v-belgijo-pripeljal-zadnjega-asa-iz-rokava\/#breadcrumb"},"inLanguage":"sl-SI","potentialAction":[{"@type":"ReadAction","target":["https:\/\/portalf1.si\/index.php\/2025\/07\/23\/red-bull-bo-v-belgijo-pripeljal-zadnjega-asa-iz-rokava\/"]}]},{"@type":"ImageObject","inLanguage":"sl-SI","@id":"https:\/\/portalf1.si\/index.php\/2025\/07\/23\/red-bull-bo-v-belgijo-pripeljal-zadnjega-asa-iz-rokava\/#primaryimage","url":"https:\/\/portalf1.si\/wp-content\/uploads\/2025\/07\/max-verstappen-red-bull-racing-1.webp","contentUrl":"https:\/\/portalf1.si\/wp-content\/uploads\/2025\/07\/max-verstappen-red-bull-racing-1.webp","width":1200,"height":799},{"@type":"BreadcrumbList","@id":"https:\/\/portalf1.si\/index.php\/2025\/07\/23\/red-bull-bo-v-belgijo-pripeljal-zadnjega-asa-iz-rokava\/#breadcrumb","itemListElement":[{"@type":"ListItem","position":1,"name":"Home","item":"https:\/\/portalf1.si\/"},{"@type":"ListItem","position":2,"name":"Red Bull bo v Belgijo pripeljal zadnjega asa iz rokava"}]},{"@type":"WebSite","@id":"https:\/\/portalf1.si\/#website","url":"https:\/\/portalf1.si\/","name":"Portal F1","description":"Vstopite v svet hitrosti in adrenalina","publisher":{"@id":"https:\/\/portalf1.si\/#organization"},"potentialAction":[{"@type":"SearchAction","target":{"@type":"EntryPoint","urlTemplate":"https:\/\/portalf1.si\/?s={search_term_string}"},"query-input":{"@type":"PropertyValueSpecification","valueRequired":true,"valueName":"search_term_string"}}],"inLanguage":"sl-SI"},{"@type":"Organization","@id":"https:\/\/portalf1.si\/#organization","name":"Portal F1","url":"https:\/\/portalf1.si\/","logo":{"@type":"ImageObject","inLanguage":"sl-SI","@id":"https:\/\/portalf1.si\/#\/schema\/logo\/image\/","url":"https:\/\/portalf1.si\/wp-content\/uploads\/2025\/02\/cropped-HiPaint_1738532868530.png","contentUrl":"https:\/\/portalf1.si\/wp-content\/uploads\/2025\/02\/cropped-HiPaint_1738532868530.png","width":512,"height":512,"caption":"Portal F1"},"image":{"@id":"https:\/\/portalf1.si\/#\/schema\/logo\/image\/"},"sameAs":["https:\/\/www.facebook.com\/portalf1.si\/?locale=sl_SI"]},{"@type":"Person","@id":"https:\/\/portalf1.si\/#\/schema\/person\/abfef3ba57233710daadfbdd742fecd5","name":"Denis \u0160tojs","image":{"@type":"ImageObject","inLanguage":"sl-SI","@id":"https:\/\/secure.gravatar.com\/avatar\/b006ce11dfb9c6e47e9de9803eefbdc14aa4afb445f3cca05acc735c22115b38?s=96&d=mm&r=g","url":"https:\/\/secure.gravatar.com\/avatar\/b006ce11dfb9c6e47e9de9803eefbdc14aa4afb445f3cca05acc735c22115b38?s=96&d=mm&r=g","contentUrl":"https:\/\/secure.gravatar.com\/avatar\/b006ce11dfb9c6e47e9de9803eefbdc14aa4afb445f3cca05acc735c22115b38?s=96&d=mm&r=g","caption":"Denis \u0160tojs"},"sameAs":["https:\/\/portalf1.si"],"url":"https:\/\/portalf1.si\/index.php\/author\/portalf1\/"}]}},"_links":{"self":[{"href":"https:\/\/portalf1.si\/index.php\/wp-json\/wp\/v2\/posts\/7121","targetHints":{"allow":["GET"]}}],"collection":[{"href":"https:\/\/portalf1.si\/index.php\/wp-json\/wp\/v2\/posts"}],"about":[{"href":"https:\/\/portalf1.si\/index.php\/wp-json\/wp\/v2\/types\/post"}],"author":[{"embeddable":true,"href":"https:\/\/portalf1.si\/index.php\/wp-json\/wp\/v2\/users\/1"}],"replies":[{"embeddable":true,"href":"https:\/\/portalf1.si\/index.php\/wp-json\/wp\/v2\/comments?post=7121"}],"version-history":[{"count":1,"href":"https:\/\/portalf1.si\/index.php\/wp-json\/wp\/v2\/posts\/7121\/revisions"}],"predecessor-version":[{"id":7123,"href":"https:\/\/portalf1.si\/index.php\/wp-json\/wp\/v2\/posts\/7121\/revisions\/7123"}],"wp:featuredmedia":[{"embeddable":true,"href":"https:\/\/portalf1.si\/index.php\/wp-json\/wp\/v2\/media\/7122"}],"wp:attachment":[{"href":"https:\/\/portalf1.si\/index.php\/wp-json\/wp\/v2\/media?parent=7121"}],"wp:term":[{"taxonomy":"category","embeddable":true,"href":"https:\/\/portalf1.si\/index.php\/wp-json\/wp\/v2\/categories?post=7121"},{"taxonomy":"post_tag","embeddable":true,"href":"https:\/\/portalf1.si\/index.php\/wp-json\/wp\/v2\/tags?post=7121"}],"curies":[{"name":"wp","href":"https:\/\/api.w.org\/{rel}","templated":true}]}}