{"id":7180,"date":"2025-07-25T14:53:50","date_gmt":"2025-07-25T14:53:50","guid":{"rendered":"https:\/\/portalf1.si\/?p=7180"},"modified":"2025-07-25T14:53:50","modified_gmt":"2025-07-25T14:53:50","slug":"preberite-si-kaksne-nadgradnje-so-ekipe-pripeljale-v-belgijo","status":"publish","type":"post","link":"https:\/\/portalf1.si\/index.php\/2025\/07\/25\/preberite-si-kaksne-nadgradnje-so-ekipe-pripeljale-v-belgijo\/","title":{"rendered":"Preberite si, kak\u0161ne nadgradnje so ekipe pripeljale v Belgijo"},"content":{"rendered":"<article class=\"text-token-text-primary w-full\" dir=\"auto\" data-testid=\"conversation-turn-12\" data-scroll-anchor=\"true\">\n<div class=\"text-base my-auto mx-auto pb-10 [--thread-content-margin:--spacing(4)] @[37rem]:[--thread-content-margin:--spacing(6)] @[72rem]:[--thread-content-margin:--spacing(16)] px-(--thread-content-margin)\">\n<div class=\"[--thread-content-max-width:32rem] @[34rem]:[--thread-content-max-width:40rem] @[64rem]:[--thread-content-max-width:48rem] mx-auto max-w-(--thread-content-max-width) flex-1 group\/turn-messages focus-visible:outline-hidden relative flex w-full min-w-0 flex-col agent-turn\" tabindex=\"-1\">\n<div class=\"flex max-w-full flex-col grow\">\n<div class=\"min-h-8 text-message relative flex w-full flex-col items-end gap-2 text-start break-words whitespace-normal [.text-message+&amp;]:mt-5\" dir=\"auto\" data-message-author-role=\"assistant\" data-message-id=\"c87b662c-9383-4cf8-8b94-c20176abc99a\" data-message-model-slug=\"gpt-4o\">\n<div class=\"flex w-full flex-col gap-1 empty:hidden first:pt-[3px]\">\n<div class=\"markdown prose dark:prose-invert w-full break-words light\">\n<p data-start=\"0\" data-end=\"269\"><strong>\u017de pred za\u010detkom dirka\u0161kega vikenda v Belgiji smo poro\u010dali o nadgradnjah, ki jih Red Bull Racing pripeljal v Ardene. Te spremembe so bile v \u010detrtek opa\u017eene tudi v boksih, zdaj pa jih je uradno potrdila \u0161e FIA. Ekipa iz Milton Keynesa pa ni edina, ki bo ta vikend nastopala z nadgrajenim dirkalnikom, saj so nove dele pripeljale tudi ostale ekipe.\u00a0<\/strong><\/p>\n<h3 data-start=\"0\" data-end=\"269\">Red Bull<\/h3>\n<p data-start=\"271\" data-end=\"542\">Skupno je Red Bull v Spa-Francorchamps pripeljal pet nadgradenj. Gre za prvi del ve\u010djega paketa, katerega nadaljevanje bo sledilo v Budimpe\u0161ti. Cilj sprememb je izbolj\u0161ati zmogljivost in zanesljivost, zato ne gre za tipi\u010dne nadgradnje, namenjene le dolo\u010denemu dirkali\u0161\u010du.<\/p>\n<p data-start=\"544\" data-end=\"757\">Ekipa je predstavila spremenjeno sprednje krilce, ki preusmerja sile na tem delu druga\u010de kot doslej. Prilagodili so tudi pokrov motorja, zaradi \u010desar je bil preusmerjen zra\u010dni tok ob stranskih re\u017eah.<\/p>\n<p data-start=\"759\" data-end=\"978\">Nadgradili so tudi sprednje vzmetenje, v \u017eelji da bi usmerili pretok zraka druga\u010de, ter spremenili karoserijo pri zadnjih kolesih, da bi pove\u010dali stabilnost pretoka. Vse skupaj naj bi prineslo bolj\u0161o aerodinami\u010dno u\u010dinkovitost.<\/p>\n<p data-start=\"759\" data-end=\"978\"><img data-dominant-color=\"e7e7e9\" data-has-transparency=\"false\" style=\"--dominant-color: #e7e7e9;\" loading=\"lazy\" decoding=\"async\" class=\"wp-image-7183 aligncenter not-transparent\" src=\"https:\/\/portalf1.si\/wp-content\/uploads\/2025\/07\/red-bull.webp\" alt=\"\" width=\"900\" height=\"592\" srcset=\"https:\/\/portalf1.si\/wp-content\/uploads\/2025\/07\/red-bull.webp 974w, https:\/\/portalf1.si\/wp-content\/uploads\/2025\/07\/red-bull-300x197.webp 300w, https:\/\/portalf1.si\/wp-content\/uploads\/2025\/07\/red-bull-768x505.webp 768w\" sizes=\"auto, (max-width: 900px) 100vw, 900px\" \/><\/p>\n<p data-start=\"759\" data-end=\"978\"><img data-dominant-color=\"e6e7e8\" data-has-transparency=\"false\" style=\"--dominant-color: #e6e7e8;\" loading=\"lazy\" decoding=\"async\" class=\"aligncenter wp-image-7184 not-transparent\" src=\"https:\/\/portalf1.si\/wp-content\/uploads\/2025\/07\/red-bul.webp\" alt=\"\" width=\"900\" height=\"440\" srcset=\"https:\/\/portalf1.si\/wp-content\/uploads\/2025\/07\/red-bul.webp 931w, https:\/\/portalf1.si\/wp-content\/uploads\/2025\/07\/red-bul-300x147.webp 300w, https:\/\/portalf1.si\/wp-content\/uploads\/2025\/07\/red-bul-768x375.webp 768w\" sizes=\"auto, (max-width: 900px) 100vw, 900px\" \/><\/p>\n<h3 data-start=\"759\" data-end=\"978\">McLaren<\/h3>\n<p data-start=\"980\" data-end=\"1101\">McLaren je v Spa pripeljal zgolj eno nadgradnjo \u2013 novo zadnje krilo, prilagojeno dirkali\u0161\u010du, ki ponuja ve\u010d potisne sile k tlom.<\/p>\n<p data-start=\"980\" data-end=\"1101\"><img data-dominant-color=\"e6e6e9\" data-has-transparency=\"false\" style=\"--dominant-color: #e6e6e9;\" loading=\"lazy\" decoding=\"async\" class=\"aligncenter wp-image-7187 not-transparent\" src=\"https:\/\/portalf1.si\/wp-content\/uploads\/2025\/07\/mcl.webp\" alt=\"\" width=\"900\" height=\"264\" srcset=\"https:\/\/portalf1.si\/wp-content\/uploads\/2025\/07\/mcl.webp 1011w, https:\/\/portalf1.si\/wp-content\/uploads\/2025\/07\/mcl-300x88.webp 300w, https:\/\/portalf1.si\/wp-content\/uploads\/2025\/07\/mcl-768x226.webp 768w\" sizes=\"auto, (max-width: 900px) 100vw, 900px\" \/><\/p>\n<p data-start=\"980\" data-end=\"1101\"><img data-dominant-color=\"e9e8e6\" data-has-transparency=\"false\" style=\"--dominant-color: #e9e8e6;\" loading=\"lazy\" decoding=\"async\" class=\"aligncenter wp-image-7188 not-transparent\" src=\"https:\/\/portalf1.si\/wp-content\/uploads\/2025\/07\/mcla.webp\" alt=\"\" width=\"900\" height=\"429\" srcset=\"https:\/\/portalf1.si\/wp-content\/uploads\/2025\/07\/mcla.webp 953w, https:\/\/portalf1.si\/wp-content\/uploads\/2025\/07\/mcla-300x143.webp 300w, https:\/\/portalf1.si\/wp-content\/uploads\/2025\/07\/mcla-768x366.webp 768w\" sizes=\"auto, (max-width: 900px) 100vw, 900px\" \/><\/p>\n<h3 data-start=\"980\" data-end=\"1101\">Mercedes<\/h3>\n<p data-start=\"1103\" data-end=\"1200\">Mercedes ima dve novosti: spremenjeno sprednje krilce in prilagoditev na zadnjem delu dirkalnika.<\/p>\n<p data-start=\"1103\" data-end=\"1200\"><img data-dominant-color=\"e8e8eb\" data-has-transparency=\"false\" style=\"--dominant-color: #e8e8eb;\" loading=\"lazy\" decoding=\"async\" class=\"aligncenter wp-image-7189 not-transparent\" src=\"https:\/\/portalf1.si\/wp-content\/uploads\/2025\/07\/merc.webp\" alt=\"\" width=\"900\" height=\"366\" srcset=\"https:\/\/portalf1.si\/wp-content\/uploads\/2025\/07\/merc.webp 988w, https:\/\/portalf1.si\/wp-content\/uploads\/2025\/07\/merc-300x122.webp 300w, https:\/\/portalf1.si\/wp-content\/uploads\/2025\/07\/merc-768x312.webp 768w\" sizes=\"auto, (max-width: 900px) 100vw, 900px\" \/><\/p>\n<p data-start=\"1103\" data-end=\"1200\"><img data-dominant-color=\"e5e6e6\" data-has-transparency=\"false\" style=\"--dominant-color: #e5e6e6;\" loading=\"lazy\" decoding=\"async\" class=\"aligncenter wp-image-7190 not-transparent\" src=\"https:\/\/portalf1.si\/wp-content\/uploads\/2025\/07\/merce.webp\" alt=\"\" width=\"900\" height=\"405\" srcset=\"https:\/\/portalf1.si\/wp-content\/uploads\/2025\/07\/merce.webp 937w, https:\/\/portalf1.si\/wp-content\/uploads\/2025\/07\/merce-300x135.webp 300w, https:\/\/portalf1.si\/wp-content\/uploads\/2025\/07\/merce-768x346.webp 768w\" sizes=\"auto, (max-width: 900px) 100vw, 900px\" \/><\/p>\n<h3 data-start=\"1103\" data-end=\"1200\">Ferrari<\/h3>\n<p data-start=\"1202\" data-end=\"1310\" data-is-last-node=\"\" data-is-only-node=\"\">Ferrari je opravil spremembe na zadku \u2013 nove so zadnje vzmetenje, zadnje krilce in nekateri manj\u0161i elementi.<\/p>\n<p data-start=\"1202\" data-end=\"1310\" data-is-last-node=\"\" data-is-only-node=\"\"><img data-dominant-color=\"e7e7e9\" data-has-transparency=\"false\" style=\"--dominant-color: #e7e7e9;\" loading=\"lazy\" decoding=\"async\" class=\"aligncenter wp-image-7185 not-transparent\" src=\"https:\/\/portalf1.si\/wp-content\/uploads\/2025\/07\/ferrari.webp\" alt=\"\" width=\"899\" height=\"379\" srcset=\"https:\/\/portalf1.si\/wp-content\/uploads\/2025\/07\/ferrari.webp 989w, https:\/\/portalf1.si\/wp-content\/uploads\/2025\/07\/ferrari-300x126.webp 300w, https:\/\/portalf1.si\/wp-content\/uploads\/2025\/07\/ferrari-768x324.webp 768w\" sizes=\"auto, (max-width: 899px) 100vw, 899px\" \/><\/p>\n<p data-start=\"1202\" data-end=\"1310\" data-is-last-node=\"\" data-is-only-node=\"\"><img data-dominant-color=\"e8e7e7\" data-has-transparency=\"false\" style=\"--dominant-color: #e8e7e7;\" loading=\"lazy\" decoding=\"async\" class=\"aligncenter wp-image-7186 not-transparent\" src=\"https:\/\/portalf1.si\/wp-content\/uploads\/2025\/07\/ferr.webp\" alt=\"\" width=\"900\" height=\"423\" srcset=\"https:\/\/portalf1.si\/wp-content\/uploads\/2025\/07\/ferr.webp 934w, https:\/\/portalf1.si\/wp-content\/uploads\/2025\/07\/ferr-300x141.webp 300w, https:\/\/portalf1.si\/wp-content\/uploads\/2025\/07\/ferr-768x361.webp 768w\" sizes=\"auto, (max-width: 900px) 100vw, 900px\" \/><\/p>\n<blockquote class=\"wp-embedded-content\" data-secret=\"Q4ZIpfDRhL\"><p><a href=\"https:\/\/portalf1.si\/index.php\/2025\/07\/23\/red-bull-bo-v-belgijo-pripeljal-zadnjega-asa-iz-rokava\/\">Red Bull bo v Belgijo pripeljal zadnjega asa iz rokava<\/a><\/p><\/blockquote>\n<p><iframe loading=\"lazy\" class=\"wp-embedded-content\" sandbox=\"allow-scripts\" security=\"restricted\" style=\"position: absolute; visibility: hidden;\" title=\"&#8220;Red Bull bo v Belgijo pripeljal zadnjega asa iz rokava&#8221; &#8212; Portal F1\" src=\"https:\/\/portalf1.si\/index.php\/2025\/07\/23\/red-bull-bo-v-belgijo-pripeljal-zadnjega-asa-iz-rokava\/embed\/#?secret=7OExqNsEyj#?secret=Q4ZIpfDRhL\" data-secret=\"Q4ZIpfDRhL\" width=\"600\" height=\"338\" frameborder=\"0\" marginwidth=\"0\" marginheight=\"0\" scrolling=\"no\"><\/iframe><\/p>\n<\/div>\n<\/div>\n<\/div>\n<\/div>\n<\/div>\n<\/div>\n<\/article>\n","protected":false},"excerpt":{"rendered":"<p>\u017de pred za\u010detkom dirka\u0161kega vikenda v Belgiji smo poro\u010dali o nadgradnjah, ki jih Red Bull Racing pripeljal v Ardene. Te spremembe so bile v \u010detrtek opa\u017eene tudi v boksih, zdaj pa jih je uradno potrdila \u0161e FIA. Ekipa iz Milton Keynesa pa ni edina, ki bo ta vikend nastopala z nadgrajenim dirkalnikom, saj so nove [&hellip;]<\/p>\n","protected":false},"author":1,"featured_media":7182,"comment_status":"open","ping_status":"open","sticky":false,"template":"","format":"standard","meta":{"footnotes":""},"categories":[30,31,330],"tags":[44,50,159,45,51,158,331],"class_list":["post-7180","post","type-post","status-publish","format-standard","has-post-thumbnail","hentry","category-formula-1","category-novice","category-vn-belgije","tag-f1","tag-f1-2025","tag-f1-slovenija","tag-formula-1","tag-formula-1-2025","tag-formula-1-slovenija","tag-vn-belgije"],"blocksy_meta":[],"yoast_head":"<!-- This site is optimized with the Yoast SEO plugin v27.4 - https:\/\/yoast.com\/product\/yoast-seo-wordpress\/ -->\n<title>Preberite si, kak\u0161ne nadgradnje so ekipe pripeljale v Belgijo - Portal F1<\/title>\n<meta name=\"description\" content=\"Red Bull ni edini, ki bo ta vikend v Belgiji nastopal z nadgrajenim dirkalnikom, saj so nove dele pripeljale tudi ostale ekipe Formule 1.\" \/>\n<meta name=\"robots\" content=\"index, follow, max-snippet:-1, max-image-preview:large, max-video-preview:-1\" \/>\n<link rel=\"canonical\" href=\"https:\/\/portalf1.si\/index.php\/2025\/07\/25\/preberite-si-kaksne-nadgradnje-so-ekipe-pripeljale-v-belgijo\/\" \/>\n<meta property=\"og:locale\" content=\"sl_SI\" \/>\n<meta property=\"og:type\" content=\"article\" \/>\n<meta property=\"og:title\" content=\"Preberite si, kak\u0161ne nadgradnje so ekipe pripeljale v Belgijo - Portal F1\" \/>\n<meta property=\"og:description\" content=\"Red Bull ni edini, ki bo ta vikend v Belgiji nastopal z nadgrajenim dirkalnikom, saj so nove dele pripeljale tudi ostale ekipe Formule 1.\" \/>\n<meta property=\"og:url\" content=\"https:\/\/portalf1.si\/index.php\/2025\/07\/25\/preberite-si-kaksne-nadgradnje-so-ekipe-pripeljale-v-belgijo\/\" \/>\n<meta property=\"og:site_name\" content=\"Portal F1\" \/>\n<meta property=\"article:publisher\" content=\"https:\/\/www.facebook.com\/portalf1.si\/?locale=sl_SI\" \/>\n<meta property=\"article:published_time\" content=\"2025-07-25T14:53:50+00:00\" \/>\n<meta property=\"og:image\" content=\"https:\/\/portalf1.si\/wp-content\/uploads\/2025\/07\/red-bull-racing-rb21-technical.webp\" \/>\n\t<meta property=\"og:image:width\" content=\"1000\" \/>\n\t<meta property=\"og:image:height\" content=\"666\" \/>\n\t<meta property=\"og:image:type\" content=\"image\/jpeg\" \/>\n<meta name=\"author\" content=\"Denis \u0160tojs\" \/>\n<meta name=\"twitter:card\" content=\"summary_large_image\" \/>\n<meta name=\"twitter:label1\" content=\"Written by\" \/>\n\t<meta name=\"twitter:data1\" content=\"Denis \u0160tojs\" \/>\n\t<meta name=\"twitter:label2\" content=\"Est. reading time\" \/>\n\t<meta name=\"twitter:data2\" content=\"3 minute\" \/>\n<script type=\"application\/ld+json\" class=\"yoast-schema-graph\">{\"@context\":\"https:\\\/\\\/schema.org\",\"@graph\":[{\"@type\":\"Article\",\"@id\":\"https:\\\/\\\/portalf1.si\\\/index.php\\\/2025\\\/07\\\/25\\\/preberite-si-kaksne-nadgradnje-so-ekipe-pripeljale-v-belgijo\\\/#article\",\"isPartOf\":{\"@id\":\"https:\\\/\\\/portalf1.si\\\/index.php\\\/2025\\\/07\\\/25\\\/preberite-si-kaksne-nadgradnje-so-ekipe-pripeljale-v-belgijo\\\/\"},\"author\":{\"name\":\"Denis \u0160tojs\",\"@id\":\"https:\\\/\\\/portalf1.si\\\/#\\\/schema\\\/person\\\/abfef3ba57233710daadfbdd742fecd5\"},\"headline\":\"Preberite si, kak\u0161ne nadgradnje so ekipe pripeljale v Belgijo\",\"datePublished\":\"2025-07-25T14:53:50+00:00\",\"mainEntityOfPage\":{\"@id\":\"https:\\\/\\\/portalf1.si\\\/index.php\\\/2025\\\/07\\\/25\\\/preberite-si-kaksne-nadgradnje-so-ekipe-pripeljale-v-belgijo\\\/\"},\"wordCount\":250,\"commentCount\":0,\"publisher\":{\"@id\":\"https:\\\/\\\/portalf1.si\\\/#organization\"},\"image\":{\"@id\":\"https:\\\/\\\/portalf1.si\\\/index.php\\\/2025\\\/07\\\/25\\\/preberite-si-kaksne-nadgradnje-so-ekipe-pripeljale-v-belgijo\\\/#primaryimage\"},\"thumbnailUrl\":\"https:\\\/\\\/portalf1.si\\\/wp-content\\\/uploads\\\/2025\\\/07\\\/red-bull-racing-rb21-technical.webp\",\"keywords\":[\"F1\",\"F1 2025\",\"F1 Slovenija\",\"Formula 1\",\"Formula 1 2025\",\"Formula 1 Slovenija\",\"VN Belgije\"],\"articleSection\":[\"Formula 1\",\"Novice\",\"VN Belgije\"],\"inLanguage\":\"sl-SI\",\"potentialAction\":[{\"@type\":\"CommentAction\",\"name\":\"Comment\",\"target\":[\"https:\\\/\\\/portalf1.si\\\/index.php\\\/2025\\\/07\\\/25\\\/preberite-si-kaksne-nadgradnje-so-ekipe-pripeljale-v-belgijo\\\/#respond\"]}]},{\"@type\":\"WebPage\",\"@id\":\"https:\\\/\\\/portalf1.si\\\/index.php\\\/2025\\\/07\\\/25\\\/preberite-si-kaksne-nadgradnje-so-ekipe-pripeljale-v-belgijo\\\/\",\"url\":\"https:\\\/\\\/portalf1.si\\\/index.php\\\/2025\\\/07\\\/25\\\/preberite-si-kaksne-nadgradnje-so-ekipe-pripeljale-v-belgijo\\\/\",\"name\":\"Preberite si, kak\u0161ne nadgradnje so ekipe pripeljale v Belgijo - Portal F1\",\"isPartOf\":{\"@id\":\"https:\\\/\\\/portalf1.si\\\/#website\"},\"primaryImageOfPage\":{\"@id\":\"https:\\\/\\\/portalf1.si\\\/index.php\\\/2025\\\/07\\\/25\\\/preberite-si-kaksne-nadgradnje-so-ekipe-pripeljale-v-belgijo\\\/#primaryimage\"},\"image\":{\"@id\":\"https:\\\/\\\/portalf1.si\\\/index.php\\\/2025\\\/07\\\/25\\\/preberite-si-kaksne-nadgradnje-so-ekipe-pripeljale-v-belgijo\\\/#primaryimage\"},\"thumbnailUrl\":\"https:\\\/\\\/portalf1.si\\\/wp-content\\\/uploads\\\/2025\\\/07\\\/red-bull-racing-rb21-technical.webp\",\"datePublished\":\"2025-07-25T14:53:50+00:00\",\"description\":\"Red Bull ni edini, ki bo ta vikend v Belgiji nastopal z nadgrajenim dirkalnikom, saj so nove dele pripeljale tudi ostale ekipe Formule 1.\",\"breadcrumb\":{\"@id\":\"https:\\\/\\\/portalf1.si\\\/index.php\\\/2025\\\/07\\\/25\\\/preberite-si-kaksne-nadgradnje-so-ekipe-pripeljale-v-belgijo\\\/#breadcrumb\"},\"inLanguage\":\"sl-SI\",\"potentialAction\":[{\"@type\":\"ReadAction\",\"target\":[\"https:\\\/\\\/portalf1.si\\\/index.php\\\/2025\\\/07\\\/25\\\/preberite-si-kaksne-nadgradnje-so-ekipe-pripeljale-v-belgijo\\\/\"]}]},{\"@type\":\"ImageObject\",\"inLanguage\":\"sl-SI\",\"@id\":\"https:\\\/\\\/portalf1.si\\\/index.php\\\/2025\\\/07\\\/25\\\/preberite-si-kaksne-nadgradnje-so-ekipe-pripeljale-v-belgijo\\\/#primaryimage\",\"url\":\"https:\\\/\\\/portalf1.si\\\/wp-content\\\/uploads\\\/2025\\\/07\\\/red-bull-racing-rb21-technical.webp\",\"contentUrl\":\"https:\\\/\\\/portalf1.si\\\/wp-content\\\/uploads\\\/2025\\\/07\\\/red-bull-racing-rb21-technical.webp\",\"width\":1000,\"height\":666},{\"@type\":\"BreadcrumbList\",\"@id\":\"https:\\\/\\\/portalf1.si\\\/index.php\\\/2025\\\/07\\\/25\\\/preberite-si-kaksne-nadgradnje-so-ekipe-pripeljale-v-belgijo\\\/#breadcrumb\",\"itemListElement\":[{\"@type\":\"ListItem\",\"position\":1,\"name\":\"Home\",\"item\":\"https:\\\/\\\/portalf1.si\\\/\"},{\"@type\":\"ListItem\",\"position\":2,\"name\":\"Preberite si, kak\u0161ne nadgradnje so ekipe pripeljale v Belgijo\"}]},{\"@type\":\"WebSite\",\"@id\":\"https:\\\/\\\/portalf1.si\\\/#website\",\"url\":\"https:\\\/\\\/portalf1.si\\\/\",\"name\":\"Portal F1\",\"description\":\"Vstopite v svet hitrosti in adrenalina\",\"publisher\":{\"@id\":\"https:\\\/\\\/portalf1.si\\\/#organization\"},\"potentialAction\":[{\"@type\":\"SearchAction\",\"target\":{\"@type\":\"EntryPoint\",\"urlTemplate\":\"https:\\\/\\\/portalf1.si\\\/?s={search_term_string}\"},\"query-input\":{\"@type\":\"PropertyValueSpecification\",\"valueRequired\":true,\"valueName\":\"search_term_string\"}}],\"inLanguage\":\"sl-SI\"},{\"@type\":\"Organization\",\"@id\":\"https:\\\/\\\/portalf1.si\\\/#organization\",\"name\":\"Portal F1\",\"url\":\"https:\\\/\\\/portalf1.si\\\/\",\"logo\":{\"@type\":\"ImageObject\",\"inLanguage\":\"sl-SI\",\"@id\":\"https:\\\/\\\/portalf1.si\\\/#\\\/schema\\\/logo\\\/image\\\/\",\"url\":\"https:\\\/\\\/portalf1.si\\\/wp-content\\\/uploads\\\/2025\\\/02\\\/cropped-HiPaint_1738532868530.png\",\"contentUrl\":\"https:\\\/\\\/portalf1.si\\\/wp-content\\\/uploads\\\/2025\\\/02\\\/cropped-HiPaint_1738532868530.png\",\"width\":512,\"height\":512,\"caption\":\"Portal F1\"},\"image\":{\"@id\":\"https:\\\/\\\/portalf1.si\\\/#\\\/schema\\\/logo\\\/image\\\/\"},\"sameAs\":[\"https:\\\/\\\/www.facebook.com\\\/portalf1.si\\\/?locale=sl_SI\"]},{\"@type\":\"Person\",\"@id\":\"https:\\\/\\\/portalf1.si\\\/#\\\/schema\\\/person\\\/abfef3ba57233710daadfbdd742fecd5\",\"name\":\"Denis \u0160tojs\",\"image\":{\"@type\":\"ImageObject\",\"inLanguage\":\"sl-SI\",\"@id\":\"https:\\\/\\\/secure.gravatar.com\\\/avatar\\\/b006ce11dfb9c6e47e9de9803eefbdc14aa4afb445f3cca05acc735c22115b38?s=96&d=mm&r=g\",\"url\":\"https:\\\/\\\/secure.gravatar.com\\\/avatar\\\/b006ce11dfb9c6e47e9de9803eefbdc14aa4afb445f3cca05acc735c22115b38?s=96&d=mm&r=g\",\"contentUrl\":\"https:\\\/\\\/secure.gravatar.com\\\/avatar\\\/b006ce11dfb9c6e47e9de9803eefbdc14aa4afb445f3cca05acc735c22115b38?s=96&d=mm&r=g\",\"caption\":\"Denis \u0160tojs\"},\"sameAs\":[\"https:\\\/\\\/portalf1.si\"],\"url\":\"https:\\\/\\\/portalf1.si\\\/index.php\\\/author\\\/portalf1\\\/\"}]}<\/script>\n<!-- \/ Yoast SEO plugin. -->","yoast_head_json":{"title":"Preberite si, kak\u0161ne nadgradnje so ekipe pripeljale v Belgijo - Portal F1","description":"Red Bull ni edini, ki bo ta vikend v Belgiji nastopal z nadgrajenim dirkalnikom, saj so nove dele pripeljale tudi ostale ekipe Formule 1.","robots":{"index":"index","follow":"follow","max-snippet":"max-snippet:-1","max-image-preview":"max-image-preview:large","max-video-preview":"max-video-preview:-1"},"canonical":"https:\/\/portalf1.si\/index.php\/2025\/07\/25\/preberite-si-kaksne-nadgradnje-so-ekipe-pripeljale-v-belgijo\/","og_locale":"sl_SI","og_type":"article","og_title":"Preberite si, kak\u0161ne nadgradnje so ekipe pripeljale v Belgijo - Portal F1","og_description":"Red Bull ni edini, ki bo ta vikend v Belgiji nastopal z nadgrajenim dirkalnikom, saj so nove dele pripeljale tudi ostale ekipe Formule 1.","og_url":"https:\/\/portalf1.si\/index.php\/2025\/07\/25\/preberite-si-kaksne-nadgradnje-so-ekipe-pripeljale-v-belgijo\/","og_site_name":"Portal F1","article_publisher":"https:\/\/www.facebook.com\/portalf1.si\/?locale=sl_SI","article_published_time":"2025-07-25T14:53:50+00:00","og_image":[{"width":1000,"height":666,"url":"https:\/\/portalf1.si\/wp-content\/uploads\/2025\/07\/red-bull-racing-rb21-technical.webp","type":"image\/jpeg"}],"author":"Denis \u0160tojs","twitter_card":"summary_large_image","twitter_misc":{"Written by":"Denis \u0160tojs","Est. reading time":"3 minute"},"schema":{"@context":"https:\/\/schema.org","@graph":[{"@type":"Article","@id":"https:\/\/portalf1.si\/index.php\/2025\/07\/25\/preberite-si-kaksne-nadgradnje-so-ekipe-pripeljale-v-belgijo\/#article","isPartOf":{"@id":"https:\/\/portalf1.si\/index.php\/2025\/07\/25\/preberite-si-kaksne-nadgradnje-so-ekipe-pripeljale-v-belgijo\/"},"author":{"name":"Denis \u0160tojs","@id":"https:\/\/portalf1.si\/#\/schema\/person\/abfef3ba57233710daadfbdd742fecd5"},"headline":"Preberite si, kak\u0161ne nadgradnje so ekipe pripeljale v Belgijo","datePublished":"2025-07-25T14:53:50+00:00","mainEntityOfPage":{"@id":"https:\/\/portalf1.si\/index.php\/2025\/07\/25\/preberite-si-kaksne-nadgradnje-so-ekipe-pripeljale-v-belgijo\/"},"wordCount":250,"commentCount":0,"publisher":{"@id":"https:\/\/portalf1.si\/#organization"},"image":{"@id":"https:\/\/portalf1.si\/index.php\/2025\/07\/25\/preberite-si-kaksne-nadgradnje-so-ekipe-pripeljale-v-belgijo\/#primaryimage"},"thumbnailUrl":"https:\/\/portalf1.si\/wp-content\/uploads\/2025\/07\/red-bull-racing-rb21-technical.webp","keywords":["F1","F1 2025","F1 Slovenija","Formula 1","Formula 1 2025","Formula 1 Slovenija","VN Belgije"],"articleSection":["Formula 1","Novice","VN Belgije"],"inLanguage":"sl-SI","potentialAction":[{"@type":"CommentAction","name":"Comment","target":["https:\/\/portalf1.si\/index.php\/2025\/07\/25\/preberite-si-kaksne-nadgradnje-so-ekipe-pripeljale-v-belgijo\/#respond"]}]},{"@type":"WebPage","@id":"https:\/\/portalf1.si\/index.php\/2025\/07\/25\/preberite-si-kaksne-nadgradnje-so-ekipe-pripeljale-v-belgijo\/","url":"https:\/\/portalf1.si\/index.php\/2025\/07\/25\/preberite-si-kaksne-nadgradnje-so-ekipe-pripeljale-v-belgijo\/","name":"Preberite si, kak\u0161ne nadgradnje so ekipe pripeljale v Belgijo - Portal F1","isPartOf":{"@id":"https:\/\/portalf1.si\/#website"},"primaryImageOfPage":{"@id":"https:\/\/portalf1.si\/index.php\/2025\/07\/25\/preberite-si-kaksne-nadgradnje-so-ekipe-pripeljale-v-belgijo\/#primaryimage"},"image":{"@id":"https:\/\/portalf1.si\/index.php\/2025\/07\/25\/preberite-si-kaksne-nadgradnje-so-ekipe-pripeljale-v-belgijo\/#primaryimage"},"thumbnailUrl":"https:\/\/portalf1.si\/wp-content\/uploads\/2025\/07\/red-bull-racing-rb21-technical.webp","datePublished":"2025-07-25T14:53:50+00:00","description":"Red Bull ni edini, ki bo ta vikend v Belgiji nastopal z nadgrajenim dirkalnikom, saj so nove dele pripeljale tudi ostale ekipe Formule 1.","breadcrumb":{"@id":"https:\/\/portalf1.si\/index.php\/2025\/07\/25\/preberite-si-kaksne-nadgradnje-so-ekipe-pripeljale-v-belgijo\/#breadcrumb"},"inLanguage":"sl-SI","potentialAction":[{"@type":"ReadAction","target":["https:\/\/portalf1.si\/index.php\/2025\/07\/25\/preberite-si-kaksne-nadgradnje-so-ekipe-pripeljale-v-belgijo\/"]}]},{"@type":"ImageObject","inLanguage":"sl-SI","@id":"https:\/\/portalf1.si\/index.php\/2025\/07\/25\/preberite-si-kaksne-nadgradnje-so-ekipe-pripeljale-v-belgijo\/#primaryimage","url":"https:\/\/portalf1.si\/wp-content\/uploads\/2025\/07\/red-bull-racing-rb21-technical.webp","contentUrl":"https:\/\/portalf1.si\/wp-content\/uploads\/2025\/07\/red-bull-racing-rb21-technical.webp","width":1000,"height":666},{"@type":"BreadcrumbList","@id":"https:\/\/portalf1.si\/index.php\/2025\/07\/25\/preberite-si-kaksne-nadgradnje-so-ekipe-pripeljale-v-belgijo\/#breadcrumb","itemListElement":[{"@type":"ListItem","position":1,"name":"Home","item":"https:\/\/portalf1.si\/"},{"@type":"ListItem","position":2,"name":"Preberite si, kak\u0161ne nadgradnje so ekipe pripeljale v Belgijo"}]},{"@type":"WebSite","@id":"https:\/\/portalf1.si\/#website","url":"https:\/\/portalf1.si\/","name":"Portal F1","description":"Vstopite v svet hitrosti in adrenalina","publisher":{"@id":"https:\/\/portalf1.si\/#organization"},"potentialAction":[{"@type":"SearchAction","target":{"@type":"EntryPoint","urlTemplate":"https:\/\/portalf1.si\/?s={search_term_string}"},"query-input":{"@type":"PropertyValueSpecification","valueRequired":true,"valueName":"search_term_string"}}],"inLanguage":"sl-SI"},{"@type":"Organization","@id":"https:\/\/portalf1.si\/#organization","name":"Portal F1","url":"https:\/\/portalf1.si\/","logo":{"@type":"ImageObject","inLanguage":"sl-SI","@id":"https:\/\/portalf1.si\/#\/schema\/logo\/image\/","url":"https:\/\/portalf1.si\/wp-content\/uploads\/2025\/02\/cropped-HiPaint_1738532868530.png","contentUrl":"https:\/\/portalf1.si\/wp-content\/uploads\/2025\/02\/cropped-HiPaint_1738532868530.png","width":512,"height":512,"caption":"Portal F1"},"image":{"@id":"https:\/\/portalf1.si\/#\/schema\/logo\/image\/"},"sameAs":["https:\/\/www.facebook.com\/portalf1.si\/?locale=sl_SI"]},{"@type":"Person","@id":"https:\/\/portalf1.si\/#\/schema\/person\/abfef3ba57233710daadfbdd742fecd5","name":"Denis \u0160tojs","image":{"@type":"ImageObject","inLanguage":"sl-SI","@id":"https:\/\/secure.gravatar.com\/avatar\/b006ce11dfb9c6e47e9de9803eefbdc14aa4afb445f3cca05acc735c22115b38?s=96&d=mm&r=g","url":"https:\/\/secure.gravatar.com\/avatar\/b006ce11dfb9c6e47e9de9803eefbdc14aa4afb445f3cca05acc735c22115b38?s=96&d=mm&r=g","contentUrl":"https:\/\/secure.gravatar.com\/avatar\/b006ce11dfb9c6e47e9de9803eefbdc14aa4afb445f3cca05acc735c22115b38?s=96&d=mm&r=g","caption":"Denis \u0160tojs"},"sameAs":["https:\/\/portalf1.si"],"url":"https:\/\/portalf1.si\/index.php\/author\/portalf1\/"}]}},"_links":{"self":[{"href":"https:\/\/portalf1.si\/index.php\/wp-json\/wp\/v2\/posts\/7180","targetHints":{"allow":["GET"]}}],"collection":[{"href":"https:\/\/portalf1.si\/index.php\/wp-json\/wp\/v2\/posts"}],"about":[{"href":"https:\/\/portalf1.si\/index.php\/wp-json\/wp\/v2\/types\/post"}],"author":[{"embeddable":true,"href":"https:\/\/portalf1.si\/index.php\/wp-json\/wp\/v2\/users\/1"}],"replies":[{"embeddable":true,"href":"https:\/\/portalf1.si\/index.php\/wp-json\/wp\/v2\/comments?post=7180"}],"version-history":[{"count":4,"href":"https:\/\/portalf1.si\/index.php\/wp-json\/wp\/v2\/posts\/7180\/revisions"}],"predecessor-version":[{"id":7193,"href":"https:\/\/portalf1.si\/index.php\/wp-json\/wp\/v2\/posts\/7180\/revisions\/7193"}],"wp:featuredmedia":[{"embeddable":true,"href":"https:\/\/portalf1.si\/index.php\/wp-json\/wp\/v2\/media\/7182"}],"wp:attachment":[{"href":"https:\/\/portalf1.si\/index.php\/wp-json\/wp\/v2\/media?parent=7180"}],"wp:term":[{"taxonomy":"category","embeddable":true,"href":"https:\/\/portalf1.si\/index.php\/wp-json\/wp\/v2\/categories?post=7180"},{"taxonomy":"post_tag","embeddable":true,"href":"https:\/\/portalf1.si\/index.php\/wp-json\/wp\/v2\/tags?post=7180"}],"curies":[{"name":"wp","href":"https:\/\/api.w.org\/{rel}","templated":true}]}}