{"id":7195,"date":"2025-07-25T17:27:01","date_gmt":"2025-07-25T17:27:01","guid":{"rendered":"https:\/\/portalf1.si\/?p=7195"},"modified":"2025-07-25T17:27:01","modified_gmt":"2025-07-25T17:27:01","slug":"sprinterske-kvalifikacije-na-vn-belgije-piastri-deklasiral-konkurenco","status":"publish","type":"post","link":"https:\/\/portalf1.si\/index.php\/2025\/07\/25\/sprinterske-kvalifikacije-na-vn-belgije-piastri-deklasiral-konkurenco\/","title":{"rendered":"Sprinterske kvalifikacije na VN Belgije &#8211; Piastri deklasiral konkurenco"},"content":{"rendered":"<p><strong>Na sprinterskih kvalifikacijah v Spa-Francorchampsu smo bili pri\u010da osupljivemu nastopu Oscarja Piastrija. Avstralec je s skoraj pol sekunde naskoka poni\u017eal drugouvr\u0161\u010denega Maxa Verstappna in tretjeuvr\u0161\u010denega, svojega mo\u0161tvenega kolega, Landa Norrisa.<\/strong><\/p>\n<p>Prvo presene\u010denje smo do\u017eiveli \u017ee v prvem delu kvalifikacij, saj se naprej nista uspela prebiti Lewis Hamilton in Andrea Kimi Antonelli. Tudi nadaljevanje nas ni pustilo ravnodu\u0161nih, saj v zadnji del nista uspela napredovati George Russell in Yuki Tsunoda.<\/p>\n<p>Piastri je z dominantno predstavo tako osvojil pole za sprintersko dirko. Za njim bosta jutri \u0161tartala Verstappen in Norris. Prvo peterico sta danes zaklju\u010dila Charles Leclerc in tokrat odli\u010dni Esteban Ocon.<\/p>\n<p>Spodaj si oglejte rezultate sprinterskih kvalifikacij za VN Belgije.<\/p>\n<p><img data-dominant-color=\"25272d\" data-has-transparency=\"false\" style=\"--dominant-color: #25272d;\" loading=\"lazy\" decoding=\"async\" class=\"alignnone size-full wp-image-7196 not-transparent\" src=\"https:\/\/portalf1.si\/wp-content\/uploads\/2025\/07\/photo-5773940702173055239-y-6883a5b152d8d.webp\" alt=\"\" width=\"1215\" height=\"1115\" srcset=\"https:\/\/portalf1.si\/wp-content\/uploads\/2025\/07\/photo-5773940702173055239-y-6883a5b152d8d.webp 1215w, https:\/\/portalf1.si\/wp-content\/uploads\/2025\/07\/photo-5773940702173055239-y-6883a5b152d8d-300x275.webp 300w, https:\/\/portalf1.si\/wp-content\/uploads\/2025\/07\/photo-5773940702173055239-y-6883a5b152d8d-1024x940.webp 1024w, https:\/\/portalf1.si\/wp-content\/uploads\/2025\/07\/photo-5773940702173055239-y-6883a5b152d8d-768x705.webp 768w\" sizes=\"auto, (max-width: 1215px) 100vw, 1215px\" \/><\/p>\n<blockquote class=\"wp-embedded-content\" data-secret=\"x78DZybE7H\"><p><a href=\"https:\/\/portalf1.si\/index.php\/2025\/07\/25\/preberite-si-kaksne-nadgradnje-so-ekipe-pripeljale-v-belgijo\/\">Preberite si, kak\u0161ne nadgradnje so ekipe pripeljale v Belgijo<\/a><\/p><\/blockquote>\n<p><iframe loading=\"lazy\" class=\"wp-embedded-content\" sandbox=\"allow-scripts\" security=\"restricted\" style=\"position: absolute; visibility: hidden;\" title=\"&#8220;Preberite si, kak\u0161ne nadgradnje so ekipe pripeljale v Belgijo&#8221; &#8212; Portal F1\" src=\"https:\/\/portalf1.si\/index.php\/2025\/07\/25\/preberite-si-kaksne-nadgradnje-so-ekipe-pripeljale-v-belgijo\/embed\/#?secret=Rh8Yb6KjaK#?secret=x78DZybE7H\" data-secret=\"x78DZybE7H\" width=\"600\" height=\"338\" frameborder=\"0\" marginwidth=\"0\" marginheight=\"0\" scrolling=\"no\"><\/iframe><\/p>\n","protected":false},"excerpt":{"rendered":"<p>Na sprinterskih kvalifikacijah v Spa-Francorchampsu smo bili pri\u010da osupljivemu nastopu Oscarja Piastrija. Avstralec je s skoraj pol sekunde naskoka poni\u017eal drugouvr\u0161\u010denega Maxa Verstappna in tretjeuvr\u0161\u010denega, svojega mo\u0161tvenega kolega, Landa Norrisa. Prvo presene\u010denje smo do\u017eiveli \u017ee v prvem delu kvalifikacij, saj se naprej nista uspela prebiti Lewis Hamilton in Andrea Kimi Antonelli. Tudi nadaljevanje nas ni [&hellip;]<\/p>\n","protected":false},"author":1,"featured_media":7197,"comment_status":"open","ping_status":"open","sticky":false,"template":"","format":"standard","meta":{"footnotes":""},"categories":[30,31,75,330],"tags":[44,50,159,45,51,158,331],"class_list":["post-7195","post","type-post","status-publish","format-standard","has-post-thumbnail","hentry","category-formula-1","category-novice","category-oscar-piastri","category-vn-belgije","tag-f1","tag-f1-2025","tag-f1-slovenija","tag-formula-1","tag-formula-1-2025","tag-formula-1-slovenija","tag-vn-belgije"],"blocksy_meta":[],"yoast_head":"<!-- This site is optimized with the Yoast SEO plugin v27.4 - https:\/\/yoast.com\/product\/yoast-seo-wordpress\/ -->\n<title>Sprinterske kvalifikacije na VN Belgije - Piastri deklasiral konkurenco - Portal F1<\/title>\n<meta name=\"description\" content=\"Na F1 sprinterskih kvalifikacijah v Spa-Francorchampsu smo bili pri\u010da osupljivemu nastopu Oscarja Piastrija, ki je deklasiral konkurenco.\" \/>\n<meta name=\"robots\" content=\"index, follow, max-snippet:-1, max-image-preview:large, max-video-preview:-1\" \/>\n<link rel=\"canonical\" href=\"https:\/\/portalf1.si\/index.php\/2025\/07\/25\/sprinterske-kvalifikacije-na-vn-belgije-piastri-deklasiral-konkurenco\/\" \/>\n<meta property=\"og:locale\" content=\"sl_SI\" \/>\n<meta property=\"og:type\" content=\"article\" \/>\n<meta property=\"og:title\" content=\"Sprinterske kvalifikacije na VN Belgije - Piastri deklasiral konkurenco - Portal F1\" \/>\n<meta property=\"og:description\" content=\"Na F1 sprinterskih kvalifikacijah v Spa-Francorchampsu smo bili pri\u010da osupljivemu nastopu Oscarja Piastrija, ki je deklasiral konkurenco.\" \/>\n<meta property=\"og:url\" content=\"https:\/\/portalf1.si\/index.php\/2025\/07\/25\/sprinterske-kvalifikacije-na-vn-belgije-piastri-deklasiral-konkurenco\/\" \/>\n<meta property=\"og:site_name\" content=\"Portal F1\" \/>\n<meta property=\"article:publisher\" content=\"https:\/\/www.facebook.com\/portalf1.si\/?locale=sl_SI\" \/>\n<meta property=\"article:published_time\" content=\"2025-07-25T17:27:01+00:00\" \/>\n<meta property=\"og:image\" content=\"https:\/\/portalf1.si\/wp-content\/uploads\/2025\/07\/RZVTNCNSABNFHPZGOXMFCQDAVE.webp\" \/>\n\t<meta property=\"og:image:width\" content=\"1080\" \/>\n\t<meta property=\"og:image:height\" content=\"752\" \/>\n\t<meta property=\"og:image:type\" content=\"image\/jpeg\" \/>\n<meta name=\"author\" content=\"Denis \u0160tojs\" \/>\n<meta name=\"twitter:card\" content=\"summary_large_image\" \/>\n<meta name=\"twitter:label1\" content=\"Written by\" \/>\n\t<meta name=\"twitter:data1\" content=\"Denis \u0160tojs\" \/>\n\t<meta name=\"twitter:label2\" content=\"Est. reading time\" \/>\n\t<meta name=\"twitter:data2\" content=\"2 minuti\" \/>\n<script type=\"application\/ld+json\" class=\"yoast-schema-graph\">{\"@context\":\"https:\\\/\\\/schema.org\",\"@graph\":[{\"@type\":\"Article\",\"@id\":\"https:\\\/\\\/portalf1.si\\\/index.php\\\/2025\\\/07\\\/25\\\/sprinterske-kvalifikacije-na-vn-belgije-piastri-deklasiral-konkurenco\\\/#article\",\"isPartOf\":{\"@id\":\"https:\\\/\\\/portalf1.si\\\/index.php\\\/2025\\\/07\\\/25\\\/sprinterske-kvalifikacije-na-vn-belgije-piastri-deklasiral-konkurenco\\\/\"},\"author\":{\"name\":\"Denis \u0160tojs\",\"@id\":\"https:\\\/\\\/portalf1.si\\\/#\\\/schema\\\/person\\\/abfef3ba57233710daadfbdd742fecd5\"},\"headline\":\"Sprinterske kvalifikacije na VN Belgije &#8211; Piastri deklasiral konkurenco\",\"datePublished\":\"2025-07-25T17:27:01+00:00\",\"mainEntityOfPage\":{\"@id\":\"https:\\\/\\\/portalf1.si\\\/index.php\\\/2025\\\/07\\\/25\\\/sprinterske-kvalifikacije-na-vn-belgije-piastri-deklasiral-konkurenco\\\/\"},\"wordCount\":134,\"commentCount\":0,\"publisher\":{\"@id\":\"https:\\\/\\\/portalf1.si\\\/#organization\"},\"image\":{\"@id\":\"https:\\\/\\\/portalf1.si\\\/index.php\\\/2025\\\/07\\\/25\\\/sprinterske-kvalifikacije-na-vn-belgije-piastri-deklasiral-konkurenco\\\/#primaryimage\"},\"thumbnailUrl\":\"https:\\\/\\\/portalf1.si\\\/wp-content\\\/uploads\\\/2025\\\/07\\\/RZVTNCNSABNFHPZGOXMFCQDAVE.webp\",\"keywords\":[\"F1\",\"F1 2025\",\"F1 Slovenija\",\"Formula 1\",\"Formula 1 2025\",\"Formula 1 Slovenija\",\"VN Belgije\"],\"articleSection\":[\"Formula 1\",\"Novice\",\"Oscar Piastri\",\"VN Belgije\"],\"inLanguage\":\"sl-SI\",\"potentialAction\":[{\"@type\":\"CommentAction\",\"name\":\"Comment\",\"target\":[\"https:\\\/\\\/portalf1.si\\\/index.php\\\/2025\\\/07\\\/25\\\/sprinterske-kvalifikacije-na-vn-belgije-piastri-deklasiral-konkurenco\\\/#respond\"]}]},{\"@type\":\"WebPage\",\"@id\":\"https:\\\/\\\/portalf1.si\\\/index.php\\\/2025\\\/07\\\/25\\\/sprinterske-kvalifikacije-na-vn-belgije-piastri-deklasiral-konkurenco\\\/\",\"url\":\"https:\\\/\\\/portalf1.si\\\/index.php\\\/2025\\\/07\\\/25\\\/sprinterske-kvalifikacije-na-vn-belgije-piastri-deklasiral-konkurenco\\\/\",\"name\":\"Sprinterske kvalifikacije na VN Belgije - Piastri deklasiral konkurenco - Portal F1\",\"isPartOf\":{\"@id\":\"https:\\\/\\\/portalf1.si\\\/#website\"},\"primaryImageOfPage\":{\"@id\":\"https:\\\/\\\/portalf1.si\\\/index.php\\\/2025\\\/07\\\/25\\\/sprinterske-kvalifikacije-na-vn-belgije-piastri-deklasiral-konkurenco\\\/#primaryimage\"},\"image\":{\"@id\":\"https:\\\/\\\/portalf1.si\\\/index.php\\\/2025\\\/07\\\/25\\\/sprinterske-kvalifikacije-na-vn-belgije-piastri-deklasiral-konkurenco\\\/#primaryimage\"},\"thumbnailUrl\":\"https:\\\/\\\/portalf1.si\\\/wp-content\\\/uploads\\\/2025\\\/07\\\/RZVTNCNSABNFHPZGOXMFCQDAVE.webp\",\"datePublished\":\"2025-07-25T17:27:01+00:00\",\"description\":\"Na F1 sprinterskih kvalifikacijah v Spa-Francorchampsu smo bili pri\u010da osupljivemu nastopu Oscarja Piastrija, ki je deklasiral konkurenco.\",\"breadcrumb\":{\"@id\":\"https:\\\/\\\/portalf1.si\\\/index.php\\\/2025\\\/07\\\/25\\\/sprinterske-kvalifikacije-na-vn-belgije-piastri-deklasiral-konkurenco\\\/#breadcrumb\"},\"inLanguage\":\"sl-SI\",\"potentialAction\":[{\"@type\":\"ReadAction\",\"target\":[\"https:\\\/\\\/portalf1.si\\\/index.php\\\/2025\\\/07\\\/25\\\/sprinterske-kvalifikacije-na-vn-belgije-piastri-deklasiral-konkurenco\\\/\"]}]},{\"@type\":\"ImageObject\",\"inLanguage\":\"sl-SI\",\"@id\":\"https:\\\/\\\/portalf1.si\\\/index.php\\\/2025\\\/07\\\/25\\\/sprinterske-kvalifikacije-na-vn-belgije-piastri-deklasiral-konkurenco\\\/#primaryimage\",\"url\":\"https:\\\/\\\/portalf1.si\\\/wp-content\\\/uploads\\\/2025\\\/07\\\/RZVTNCNSABNFHPZGOXMFCQDAVE.webp\",\"contentUrl\":\"https:\\\/\\\/portalf1.si\\\/wp-content\\\/uploads\\\/2025\\\/07\\\/RZVTNCNSABNFHPZGOXMFCQDAVE.webp\",\"width\":1080,\"height\":752},{\"@type\":\"BreadcrumbList\",\"@id\":\"https:\\\/\\\/portalf1.si\\\/index.php\\\/2025\\\/07\\\/25\\\/sprinterske-kvalifikacije-na-vn-belgije-piastri-deklasiral-konkurenco\\\/#breadcrumb\",\"itemListElement\":[{\"@type\":\"ListItem\",\"position\":1,\"name\":\"Home\",\"item\":\"https:\\\/\\\/portalf1.si\\\/\"},{\"@type\":\"ListItem\",\"position\":2,\"name\":\"Sprinterske kvalifikacije na VN Belgije &#8211; Piastri deklasiral konkurenco\"}]},{\"@type\":\"WebSite\",\"@id\":\"https:\\\/\\\/portalf1.si\\\/#website\",\"url\":\"https:\\\/\\\/portalf1.si\\\/\",\"name\":\"Portal F1\",\"description\":\"Vstopite v svet hitrosti in adrenalina\",\"publisher\":{\"@id\":\"https:\\\/\\\/portalf1.si\\\/#organization\"},\"potentialAction\":[{\"@type\":\"SearchAction\",\"target\":{\"@type\":\"EntryPoint\",\"urlTemplate\":\"https:\\\/\\\/portalf1.si\\\/?s={search_term_string}\"},\"query-input\":{\"@type\":\"PropertyValueSpecification\",\"valueRequired\":true,\"valueName\":\"search_term_string\"}}],\"inLanguage\":\"sl-SI\"},{\"@type\":\"Organization\",\"@id\":\"https:\\\/\\\/portalf1.si\\\/#organization\",\"name\":\"Portal F1\",\"url\":\"https:\\\/\\\/portalf1.si\\\/\",\"logo\":{\"@type\":\"ImageObject\",\"inLanguage\":\"sl-SI\",\"@id\":\"https:\\\/\\\/portalf1.si\\\/#\\\/schema\\\/logo\\\/image\\\/\",\"url\":\"https:\\\/\\\/portalf1.si\\\/wp-content\\\/uploads\\\/2025\\\/02\\\/cropped-HiPaint_1738532868530.png\",\"contentUrl\":\"https:\\\/\\\/portalf1.si\\\/wp-content\\\/uploads\\\/2025\\\/02\\\/cropped-HiPaint_1738532868530.png\",\"width\":512,\"height\":512,\"caption\":\"Portal F1\"},\"image\":{\"@id\":\"https:\\\/\\\/portalf1.si\\\/#\\\/schema\\\/logo\\\/image\\\/\"},\"sameAs\":[\"https:\\\/\\\/www.facebook.com\\\/portalf1.si\\\/?locale=sl_SI\"]},{\"@type\":\"Person\",\"@id\":\"https:\\\/\\\/portalf1.si\\\/#\\\/schema\\\/person\\\/abfef3ba57233710daadfbdd742fecd5\",\"name\":\"Denis \u0160tojs\",\"image\":{\"@type\":\"ImageObject\",\"inLanguage\":\"sl-SI\",\"@id\":\"https:\\\/\\\/secure.gravatar.com\\\/avatar\\\/b006ce11dfb9c6e47e9de9803eefbdc14aa4afb445f3cca05acc735c22115b38?s=96&d=mm&r=g\",\"url\":\"https:\\\/\\\/secure.gravatar.com\\\/avatar\\\/b006ce11dfb9c6e47e9de9803eefbdc14aa4afb445f3cca05acc735c22115b38?s=96&d=mm&r=g\",\"contentUrl\":\"https:\\\/\\\/secure.gravatar.com\\\/avatar\\\/b006ce11dfb9c6e47e9de9803eefbdc14aa4afb445f3cca05acc735c22115b38?s=96&d=mm&r=g\",\"caption\":\"Denis \u0160tojs\"},\"sameAs\":[\"https:\\\/\\\/portalf1.si\"],\"url\":\"https:\\\/\\\/portalf1.si\\\/index.php\\\/author\\\/portalf1\\\/\"}]}<\/script>\n<!-- \/ Yoast SEO plugin. -->","yoast_head_json":{"title":"Sprinterske kvalifikacije na VN Belgije - Piastri deklasiral konkurenco - Portal F1","description":"Na F1 sprinterskih kvalifikacijah v Spa-Francorchampsu smo bili pri\u010da osupljivemu nastopu Oscarja Piastrija, ki je deklasiral konkurenco.","robots":{"index":"index","follow":"follow","max-snippet":"max-snippet:-1","max-image-preview":"max-image-preview:large","max-video-preview":"max-video-preview:-1"},"canonical":"https:\/\/portalf1.si\/index.php\/2025\/07\/25\/sprinterske-kvalifikacije-na-vn-belgije-piastri-deklasiral-konkurenco\/","og_locale":"sl_SI","og_type":"article","og_title":"Sprinterske kvalifikacije na VN Belgije - Piastri deklasiral konkurenco - Portal F1","og_description":"Na F1 sprinterskih kvalifikacijah v Spa-Francorchampsu smo bili pri\u010da osupljivemu nastopu Oscarja Piastrija, ki je deklasiral konkurenco.","og_url":"https:\/\/portalf1.si\/index.php\/2025\/07\/25\/sprinterske-kvalifikacije-na-vn-belgije-piastri-deklasiral-konkurenco\/","og_site_name":"Portal F1","article_publisher":"https:\/\/www.facebook.com\/portalf1.si\/?locale=sl_SI","article_published_time":"2025-07-25T17:27:01+00:00","og_image":[{"width":1080,"height":752,"url":"https:\/\/portalf1.si\/wp-content\/uploads\/2025\/07\/RZVTNCNSABNFHPZGOXMFCQDAVE.webp","type":"image\/jpeg"}],"author":"Denis \u0160tojs","twitter_card":"summary_large_image","twitter_misc":{"Written by":"Denis \u0160tojs","Est. reading time":"2 minuti"},"schema":{"@context":"https:\/\/schema.org","@graph":[{"@type":"Article","@id":"https:\/\/portalf1.si\/index.php\/2025\/07\/25\/sprinterske-kvalifikacije-na-vn-belgije-piastri-deklasiral-konkurenco\/#article","isPartOf":{"@id":"https:\/\/portalf1.si\/index.php\/2025\/07\/25\/sprinterske-kvalifikacije-na-vn-belgije-piastri-deklasiral-konkurenco\/"},"author":{"name":"Denis \u0160tojs","@id":"https:\/\/portalf1.si\/#\/schema\/person\/abfef3ba57233710daadfbdd742fecd5"},"headline":"Sprinterske kvalifikacije na VN Belgije &#8211; Piastri deklasiral konkurenco","datePublished":"2025-07-25T17:27:01+00:00","mainEntityOfPage":{"@id":"https:\/\/portalf1.si\/index.php\/2025\/07\/25\/sprinterske-kvalifikacije-na-vn-belgije-piastri-deklasiral-konkurenco\/"},"wordCount":134,"commentCount":0,"publisher":{"@id":"https:\/\/portalf1.si\/#organization"},"image":{"@id":"https:\/\/portalf1.si\/index.php\/2025\/07\/25\/sprinterske-kvalifikacije-na-vn-belgije-piastri-deklasiral-konkurenco\/#primaryimage"},"thumbnailUrl":"https:\/\/portalf1.si\/wp-content\/uploads\/2025\/07\/RZVTNCNSABNFHPZGOXMFCQDAVE.webp","keywords":["F1","F1 2025","F1 Slovenija","Formula 1","Formula 1 2025","Formula 1 Slovenija","VN Belgije"],"articleSection":["Formula 1","Novice","Oscar Piastri","VN Belgije"],"inLanguage":"sl-SI","potentialAction":[{"@type":"CommentAction","name":"Comment","target":["https:\/\/portalf1.si\/index.php\/2025\/07\/25\/sprinterske-kvalifikacije-na-vn-belgije-piastri-deklasiral-konkurenco\/#respond"]}]},{"@type":"WebPage","@id":"https:\/\/portalf1.si\/index.php\/2025\/07\/25\/sprinterske-kvalifikacije-na-vn-belgije-piastri-deklasiral-konkurenco\/","url":"https:\/\/portalf1.si\/index.php\/2025\/07\/25\/sprinterske-kvalifikacije-na-vn-belgije-piastri-deklasiral-konkurenco\/","name":"Sprinterske kvalifikacije na VN Belgije - Piastri deklasiral konkurenco - Portal F1","isPartOf":{"@id":"https:\/\/portalf1.si\/#website"},"primaryImageOfPage":{"@id":"https:\/\/portalf1.si\/index.php\/2025\/07\/25\/sprinterske-kvalifikacije-na-vn-belgije-piastri-deklasiral-konkurenco\/#primaryimage"},"image":{"@id":"https:\/\/portalf1.si\/index.php\/2025\/07\/25\/sprinterske-kvalifikacije-na-vn-belgije-piastri-deklasiral-konkurenco\/#primaryimage"},"thumbnailUrl":"https:\/\/portalf1.si\/wp-content\/uploads\/2025\/07\/RZVTNCNSABNFHPZGOXMFCQDAVE.webp","datePublished":"2025-07-25T17:27:01+00:00","description":"Na F1 sprinterskih kvalifikacijah v Spa-Francorchampsu smo bili pri\u010da osupljivemu nastopu Oscarja Piastrija, ki je deklasiral konkurenco.","breadcrumb":{"@id":"https:\/\/portalf1.si\/index.php\/2025\/07\/25\/sprinterske-kvalifikacije-na-vn-belgije-piastri-deklasiral-konkurenco\/#breadcrumb"},"inLanguage":"sl-SI","potentialAction":[{"@type":"ReadAction","target":["https:\/\/portalf1.si\/index.php\/2025\/07\/25\/sprinterske-kvalifikacije-na-vn-belgije-piastri-deklasiral-konkurenco\/"]}]},{"@type":"ImageObject","inLanguage":"sl-SI","@id":"https:\/\/portalf1.si\/index.php\/2025\/07\/25\/sprinterske-kvalifikacije-na-vn-belgije-piastri-deklasiral-konkurenco\/#primaryimage","url":"https:\/\/portalf1.si\/wp-content\/uploads\/2025\/07\/RZVTNCNSABNFHPZGOXMFCQDAVE.webp","contentUrl":"https:\/\/portalf1.si\/wp-content\/uploads\/2025\/07\/RZVTNCNSABNFHPZGOXMFCQDAVE.webp","width":1080,"height":752},{"@type":"BreadcrumbList","@id":"https:\/\/portalf1.si\/index.php\/2025\/07\/25\/sprinterske-kvalifikacije-na-vn-belgije-piastri-deklasiral-konkurenco\/#breadcrumb","itemListElement":[{"@type":"ListItem","position":1,"name":"Home","item":"https:\/\/portalf1.si\/"},{"@type":"ListItem","position":2,"name":"Sprinterske kvalifikacije na VN Belgije &#8211; Piastri deklasiral konkurenco"}]},{"@type":"WebSite","@id":"https:\/\/portalf1.si\/#website","url":"https:\/\/portalf1.si\/","name":"Portal F1","description":"Vstopite v svet hitrosti in adrenalina","publisher":{"@id":"https:\/\/portalf1.si\/#organization"},"potentialAction":[{"@type":"SearchAction","target":{"@type":"EntryPoint","urlTemplate":"https:\/\/portalf1.si\/?s={search_term_string}"},"query-input":{"@type":"PropertyValueSpecification","valueRequired":true,"valueName":"search_term_string"}}],"inLanguage":"sl-SI"},{"@type":"Organization","@id":"https:\/\/portalf1.si\/#organization","name":"Portal F1","url":"https:\/\/portalf1.si\/","logo":{"@type":"ImageObject","inLanguage":"sl-SI","@id":"https:\/\/portalf1.si\/#\/schema\/logo\/image\/","url":"https:\/\/portalf1.si\/wp-content\/uploads\/2025\/02\/cropped-HiPaint_1738532868530.png","contentUrl":"https:\/\/portalf1.si\/wp-content\/uploads\/2025\/02\/cropped-HiPaint_1738532868530.png","width":512,"height":512,"caption":"Portal F1"},"image":{"@id":"https:\/\/portalf1.si\/#\/schema\/logo\/image\/"},"sameAs":["https:\/\/www.facebook.com\/portalf1.si\/?locale=sl_SI"]},{"@type":"Person","@id":"https:\/\/portalf1.si\/#\/schema\/person\/abfef3ba57233710daadfbdd742fecd5","name":"Denis \u0160tojs","image":{"@type":"ImageObject","inLanguage":"sl-SI","@id":"https:\/\/secure.gravatar.com\/avatar\/b006ce11dfb9c6e47e9de9803eefbdc14aa4afb445f3cca05acc735c22115b38?s=96&d=mm&r=g","url":"https:\/\/secure.gravatar.com\/avatar\/b006ce11dfb9c6e47e9de9803eefbdc14aa4afb445f3cca05acc735c22115b38?s=96&d=mm&r=g","contentUrl":"https:\/\/secure.gravatar.com\/avatar\/b006ce11dfb9c6e47e9de9803eefbdc14aa4afb445f3cca05acc735c22115b38?s=96&d=mm&r=g","caption":"Denis \u0160tojs"},"sameAs":["https:\/\/portalf1.si"],"url":"https:\/\/portalf1.si\/index.php\/author\/portalf1\/"}]}},"_links":{"self":[{"href":"https:\/\/portalf1.si\/index.php\/wp-json\/wp\/v2\/posts\/7195","targetHints":{"allow":["GET"]}}],"collection":[{"href":"https:\/\/portalf1.si\/index.php\/wp-json\/wp\/v2\/posts"}],"about":[{"href":"https:\/\/portalf1.si\/index.php\/wp-json\/wp\/v2\/types\/post"}],"author":[{"embeddable":true,"href":"https:\/\/portalf1.si\/index.php\/wp-json\/wp\/v2\/users\/1"}],"replies":[{"embeddable":true,"href":"https:\/\/portalf1.si\/index.php\/wp-json\/wp\/v2\/comments?post=7195"}],"version-history":[{"count":1,"href":"https:\/\/portalf1.si\/index.php\/wp-json\/wp\/v2\/posts\/7195\/revisions"}],"predecessor-version":[{"id":7198,"href":"https:\/\/portalf1.si\/index.php\/wp-json\/wp\/v2\/posts\/7195\/revisions\/7198"}],"wp:featuredmedia":[{"embeddable":true,"href":"https:\/\/portalf1.si\/index.php\/wp-json\/wp\/v2\/media\/7197"}],"wp:attachment":[{"href":"https:\/\/portalf1.si\/index.php\/wp-json\/wp\/v2\/media?parent=7195"}],"wp:term":[{"taxonomy":"category","embeddable":true,"href":"https:\/\/portalf1.si\/index.php\/wp-json\/wp\/v2\/categories?post=7195"},{"taxonomy":"post_tag","embeddable":true,"href":"https:\/\/portalf1.si\/index.php\/wp-json\/wp\/v2\/tags?post=7195"}],"curies":[{"name":"wp","href":"https:\/\/api.w.org\/{rel}","templated":true}]}}