{"id":7205,"date":"2025-07-26T09:29:45","date_gmt":"2025-07-26T09:29:45","guid":{"rendered":"https:\/\/portalf1.si\/?p=7205"},"modified":"2025-07-26T09:29:45","modified_gmt":"2025-07-26T09:29:45","slug":"preberite-si-prvo-izjavo-piastrija-po-izjemni-predstavi-na-sprinterskih-kvalifikacijah","status":"publish","type":"post","link":"https:\/\/portalf1.si\/index.php\/2025\/07\/26\/preberite-si-prvo-izjavo-piastrija-po-izjemni-predstavi-na-sprinterskih-kvalifikacijah\/","title":{"rendered":"Preberite si prvo izjavo Piastrija po izjemni predstavi na sprinterskih kvalifikacijah"},"content":{"rendered":"<p><strong>Oscar Piastri je na sprinterskih kvalifikacijah Formule 1 za VN Belgije v v Spa-Francorchampsu s \u010dasom 1:40.510 deklasiral konkurenco. Prvi zasledovalec Max Verstappen je za njim zaostal kar 0,477 sekunde, medtem ko je njegov mo\u0161tveni kolega Lando Norris zaostal kar 0,618.<\/strong><\/p>\n<p>Avstralec po izjemnem nastopu za F1TV povedal: <em>&#8220;To je bil res dober krog. Malo me je zaskrbelo v SQ2, ko so mi izbrisali \u010das, ampak dirkalnik je bil ves dan odli\u010den in imel sem ob\u010dutek, da lahko sestavim ve\u010d dobrih krogov.&#8221;<\/em><\/p>\n<p><em>&#8220;Hvala ekipi, dirkalnik je bil res vrhunski. To je steza, ki jo obo\u017eujem, moja najljub\u0161a v sezoni. Mogo\u010de mi je prav to dalo par desetink ve\u010d. Tukaj je vedno u\u017eitek voziti. \u0160e posebej, ko se dirkalnik pelje tako, kot se je danes,&#8221;<\/em> je nadaljeval Piastri.<\/p>\n<p>Na vpra\u0161anje, od kje tak\u0161na hitrost, zlasti glede na \u0161est desetink prednosti pred Norrisom, je odgovoril preprosto: <em>&#8220;Ne vem. Dirkalnik je bil dober \u017ee od prvega kroga in kot sem rekel, tukaj vedno rad dirkam.&#8221;<\/em><\/p>\n<blockquote>\n<p style=\"text-align: center;\"><em>&#8220;Mislim pa, da imam trenutno veliko samozavesti. Zadnji vikendi so bili dobri, a brez pravih rezultatov, zato je lepo, da se tokrat to poka\u017ee tudi na papirju.&#8221;<\/em><\/p>\n<\/blockquote>\n<blockquote class=\"wp-embedded-content\" data-secret=\"hRGRYJz5Bc\"><p><a href=\"https:\/\/portalf1.si\/index.php\/2025\/07\/25\/kako-se-je-norris-odzval-na-ogromen-zaostanek-za-piastrijem\/\">Kako se je Norris odzval na ogromen zaostanek za Piastrijem<\/a><\/p><\/blockquote>\n<p><iframe loading=\"lazy\" class=\"wp-embedded-content\" sandbox=\"allow-scripts\" security=\"restricted\" style=\"position: absolute; visibility: hidden;\" title=\"&#8220;Kako se je Norris odzval na ogromen zaostanek za Piastrijem&#8221; &#8212; Portal F1\" src=\"https:\/\/portalf1.si\/index.php\/2025\/07\/25\/kako-se-je-norris-odzval-na-ogromen-zaostanek-za-piastrijem\/embed\/#?secret=0pLxI1aiGe#?secret=hRGRYJz5Bc\" data-secret=\"hRGRYJz5Bc\" width=\"600\" height=\"338\" frameborder=\"0\" marginwidth=\"0\" marginheight=\"0\" scrolling=\"no\"><\/iframe><\/p>\n","protected":false},"excerpt":{"rendered":"<p>Oscar Piastri je na sprinterskih kvalifikacijah Formule 1 za VN Belgije v v Spa-Francorchampsu s \u010dasom 1:40.510 deklasiral konkurenco. Prvi zasledovalec Max Verstappen je za njim zaostal kar 0,477 sekunde, medtem ko je njegov mo\u0161tveni kolega Lando Norris zaostal kar 0,618. Avstralec po izjemnem nastopu za F1TV povedal: &#8220;To je bil res dober krog. Malo [&hellip;]<\/p>\n","protected":false},"author":1,"featured_media":7208,"comment_status":"open","ping_status":"open","sticky":false,"template":"","format":"standard","meta":{"footnotes":""},"categories":[30,31,75,330],"tags":[44,50,159,45,51,158,77,331],"class_list":["post-7205","post","type-post","status-publish","format-standard","has-post-thumbnail","hentry","category-formula-1","category-novice","category-oscar-piastri","category-vn-belgije","tag-f1","tag-f1-2025","tag-f1-slovenija","tag-formula-1","tag-formula-1-2025","tag-formula-1-slovenija","tag-oscar-piastri","tag-vn-belgije"],"blocksy_meta":[],"yoast_head":"<!-- This site is optimized with the Yoast SEO plugin v27.4 - https:\/\/yoast.com\/product\/yoast-seo-wordpress\/ -->\n<title>Preberite si prvo izjavo Piastrija po izjemni predstavi na sprinterskih kvalifikacijah - Portal F1<\/title>\n<meta name=\"description\" content=\"Oscar Piastri je na sprinterskih kvalifikacijah Formule 1 za VN Belgije v v Spa-Francorchampsu s \u010dasom 1:40.510 deklasiral konkurenco.\" \/>\n<meta name=\"robots\" content=\"index, follow, max-snippet:-1, max-image-preview:large, max-video-preview:-1\" \/>\n<link rel=\"canonical\" href=\"https:\/\/portalf1.si\/index.php\/2025\/07\/26\/preberite-si-prvo-izjavo-piastrija-po-izjemni-predstavi-na-sprinterskih-kvalifikacijah\/\" \/>\n<meta property=\"og:locale\" content=\"sl_SI\" \/>\n<meta property=\"og:type\" content=\"article\" \/>\n<meta property=\"og:title\" content=\"Preberite si prvo izjavo Piastrija po izjemni predstavi na sprinterskih kvalifikacijah - Portal F1\" \/>\n<meta property=\"og:description\" content=\"Oscar Piastri je na sprinterskih kvalifikacijah Formule 1 za VN Belgije v v Spa-Francorchampsu s \u010dasom 1:40.510 deklasiral konkurenco.\" \/>\n<meta property=\"og:url\" content=\"https:\/\/portalf1.si\/index.php\/2025\/07\/26\/preberite-si-prvo-izjavo-piastrija-po-izjemni-predstavi-na-sprinterskih-kvalifikacijah\/\" \/>\n<meta property=\"og:site_name\" content=\"Portal F1\" \/>\n<meta property=\"article:publisher\" content=\"https:\/\/www.facebook.com\/portalf1.si\/?locale=sl_SI\" \/>\n<meta property=\"article:published_time\" content=\"2025-07-26T09:29:45+00:00\" \/>\n<meta property=\"og:image\" content=\"https:\/\/portalf1.si\/wp-content\/uploads\/2025\/07\/XPB_1362059_HiRes.webp\" \/>\n\t<meta property=\"og:image:width\" content=\"1092\" \/>\n\t<meta property=\"og:image:height\" content=\"683\" \/>\n\t<meta property=\"og:image:type\" content=\"image\/jpeg\" \/>\n<meta name=\"author\" content=\"Denis \u0160tojs\" \/>\n<meta name=\"twitter:card\" content=\"summary_large_image\" \/>\n<meta name=\"twitter:label1\" content=\"Written by\" \/>\n\t<meta name=\"twitter:data1\" content=\"Denis \u0160tojs\" \/>\n\t<meta name=\"twitter:label2\" content=\"Est. reading time\" \/>\n\t<meta name=\"twitter:data2\" content=\"2 minuti\" \/>\n<script type=\"application\/ld+json\" class=\"yoast-schema-graph\">{\"@context\":\"https:\\\/\\\/schema.org\",\"@graph\":[{\"@type\":\"Article\",\"@id\":\"https:\\\/\\\/portalf1.si\\\/index.php\\\/2025\\\/07\\\/26\\\/preberite-si-prvo-izjavo-piastrija-po-izjemni-predstavi-na-sprinterskih-kvalifikacijah\\\/#article\",\"isPartOf\":{\"@id\":\"https:\\\/\\\/portalf1.si\\\/index.php\\\/2025\\\/07\\\/26\\\/preberite-si-prvo-izjavo-piastrija-po-izjemni-predstavi-na-sprinterskih-kvalifikacijah\\\/\"},\"author\":{\"name\":\"Denis \u0160tojs\",\"@id\":\"https:\\\/\\\/portalf1.si\\\/#\\\/schema\\\/person\\\/abfef3ba57233710daadfbdd742fecd5\"},\"headline\":\"Preberite si prvo izjavo Piastrija po izjemni predstavi na sprinterskih kvalifikacijah\",\"datePublished\":\"2025-07-26T09:29:45+00:00\",\"mainEntityOfPage\":{\"@id\":\"https:\\\/\\\/portalf1.si\\\/index.php\\\/2025\\\/07\\\/26\\\/preberite-si-prvo-izjavo-piastrija-po-izjemni-predstavi-na-sprinterskih-kvalifikacijah\\\/\"},\"wordCount\":213,\"commentCount\":0,\"publisher\":{\"@id\":\"https:\\\/\\\/portalf1.si\\\/#organization\"},\"image\":{\"@id\":\"https:\\\/\\\/portalf1.si\\\/index.php\\\/2025\\\/07\\\/26\\\/preberite-si-prvo-izjavo-piastrija-po-izjemni-predstavi-na-sprinterskih-kvalifikacijah\\\/#primaryimage\"},\"thumbnailUrl\":\"https:\\\/\\\/portalf1.si\\\/wp-content\\\/uploads\\\/2025\\\/07\\\/XPB_1362059_HiRes.webp\",\"keywords\":[\"F1\",\"F1 2025\",\"F1 Slovenija\",\"Formula 1\",\"Formula 1 2025\",\"Formula 1 Slovenija\",\"Oscar Piastri\",\"VN Belgije\"],\"articleSection\":[\"Formula 1\",\"Novice\",\"Oscar Piastri\",\"VN Belgije\"],\"inLanguage\":\"sl-SI\",\"potentialAction\":[{\"@type\":\"CommentAction\",\"name\":\"Comment\",\"target\":[\"https:\\\/\\\/portalf1.si\\\/index.php\\\/2025\\\/07\\\/26\\\/preberite-si-prvo-izjavo-piastrija-po-izjemni-predstavi-na-sprinterskih-kvalifikacijah\\\/#respond\"]}]},{\"@type\":\"WebPage\",\"@id\":\"https:\\\/\\\/portalf1.si\\\/index.php\\\/2025\\\/07\\\/26\\\/preberite-si-prvo-izjavo-piastrija-po-izjemni-predstavi-na-sprinterskih-kvalifikacijah\\\/\",\"url\":\"https:\\\/\\\/portalf1.si\\\/index.php\\\/2025\\\/07\\\/26\\\/preberite-si-prvo-izjavo-piastrija-po-izjemni-predstavi-na-sprinterskih-kvalifikacijah\\\/\",\"name\":\"Preberite si prvo izjavo Piastrija po izjemni predstavi na sprinterskih kvalifikacijah - Portal F1\",\"isPartOf\":{\"@id\":\"https:\\\/\\\/portalf1.si\\\/#website\"},\"primaryImageOfPage\":{\"@id\":\"https:\\\/\\\/portalf1.si\\\/index.php\\\/2025\\\/07\\\/26\\\/preberite-si-prvo-izjavo-piastrija-po-izjemni-predstavi-na-sprinterskih-kvalifikacijah\\\/#primaryimage\"},\"image\":{\"@id\":\"https:\\\/\\\/portalf1.si\\\/index.php\\\/2025\\\/07\\\/26\\\/preberite-si-prvo-izjavo-piastrija-po-izjemni-predstavi-na-sprinterskih-kvalifikacijah\\\/#primaryimage\"},\"thumbnailUrl\":\"https:\\\/\\\/portalf1.si\\\/wp-content\\\/uploads\\\/2025\\\/07\\\/XPB_1362059_HiRes.webp\",\"datePublished\":\"2025-07-26T09:29:45+00:00\",\"description\":\"Oscar Piastri je na sprinterskih kvalifikacijah Formule 1 za VN Belgije v v Spa-Francorchampsu s \u010dasom 1:40.510 deklasiral konkurenco.\",\"breadcrumb\":{\"@id\":\"https:\\\/\\\/portalf1.si\\\/index.php\\\/2025\\\/07\\\/26\\\/preberite-si-prvo-izjavo-piastrija-po-izjemni-predstavi-na-sprinterskih-kvalifikacijah\\\/#breadcrumb\"},\"inLanguage\":\"sl-SI\",\"potentialAction\":[{\"@type\":\"ReadAction\",\"target\":[\"https:\\\/\\\/portalf1.si\\\/index.php\\\/2025\\\/07\\\/26\\\/preberite-si-prvo-izjavo-piastrija-po-izjemni-predstavi-na-sprinterskih-kvalifikacijah\\\/\"]}]},{\"@type\":\"ImageObject\",\"inLanguage\":\"sl-SI\",\"@id\":\"https:\\\/\\\/portalf1.si\\\/index.php\\\/2025\\\/07\\\/26\\\/preberite-si-prvo-izjavo-piastrija-po-izjemni-predstavi-na-sprinterskih-kvalifikacijah\\\/#primaryimage\",\"url\":\"https:\\\/\\\/portalf1.si\\\/wp-content\\\/uploads\\\/2025\\\/07\\\/XPB_1362059_HiRes.webp\",\"contentUrl\":\"https:\\\/\\\/portalf1.si\\\/wp-content\\\/uploads\\\/2025\\\/07\\\/XPB_1362059_HiRes.webp\",\"width\":1092,\"height\":683},{\"@type\":\"BreadcrumbList\",\"@id\":\"https:\\\/\\\/portalf1.si\\\/index.php\\\/2025\\\/07\\\/26\\\/preberite-si-prvo-izjavo-piastrija-po-izjemni-predstavi-na-sprinterskih-kvalifikacijah\\\/#breadcrumb\",\"itemListElement\":[{\"@type\":\"ListItem\",\"position\":1,\"name\":\"Home\",\"item\":\"https:\\\/\\\/portalf1.si\\\/\"},{\"@type\":\"ListItem\",\"position\":2,\"name\":\"Preberite si prvo izjavo Piastrija po izjemni predstavi na sprinterskih kvalifikacijah\"}]},{\"@type\":\"WebSite\",\"@id\":\"https:\\\/\\\/portalf1.si\\\/#website\",\"url\":\"https:\\\/\\\/portalf1.si\\\/\",\"name\":\"Portal F1\",\"description\":\"Vstopite v svet hitrosti in adrenalina\",\"publisher\":{\"@id\":\"https:\\\/\\\/portalf1.si\\\/#organization\"},\"potentialAction\":[{\"@type\":\"SearchAction\",\"target\":{\"@type\":\"EntryPoint\",\"urlTemplate\":\"https:\\\/\\\/portalf1.si\\\/?s={search_term_string}\"},\"query-input\":{\"@type\":\"PropertyValueSpecification\",\"valueRequired\":true,\"valueName\":\"search_term_string\"}}],\"inLanguage\":\"sl-SI\"},{\"@type\":\"Organization\",\"@id\":\"https:\\\/\\\/portalf1.si\\\/#organization\",\"name\":\"Portal F1\",\"url\":\"https:\\\/\\\/portalf1.si\\\/\",\"logo\":{\"@type\":\"ImageObject\",\"inLanguage\":\"sl-SI\",\"@id\":\"https:\\\/\\\/portalf1.si\\\/#\\\/schema\\\/logo\\\/image\\\/\",\"url\":\"https:\\\/\\\/portalf1.si\\\/wp-content\\\/uploads\\\/2025\\\/02\\\/cropped-HiPaint_1738532868530.png\",\"contentUrl\":\"https:\\\/\\\/portalf1.si\\\/wp-content\\\/uploads\\\/2025\\\/02\\\/cropped-HiPaint_1738532868530.png\",\"width\":512,\"height\":512,\"caption\":\"Portal F1\"},\"image\":{\"@id\":\"https:\\\/\\\/portalf1.si\\\/#\\\/schema\\\/logo\\\/image\\\/\"},\"sameAs\":[\"https:\\\/\\\/www.facebook.com\\\/portalf1.si\\\/?locale=sl_SI\"]},{\"@type\":\"Person\",\"@id\":\"https:\\\/\\\/portalf1.si\\\/#\\\/schema\\\/person\\\/abfef3ba57233710daadfbdd742fecd5\",\"name\":\"Denis \u0160tojs\",\"image\":{\"@type\":\"ImageObject\",\"inLanguage\":\"sl-SI\",\"@id\":\"https:\\\/\\\/secure.gravatar.com\\\/avatar\\\/b006ce11dfb9c6e47e9de9803eefbdc14aa4afb445f3cca05acc735c22115b38?s=96&d=mm&r=g\",\"url\":\"https:\\\/\\\/secure.gravatar.com\\\/avatar\\\/b006ce11dfb9c6e47e9de9803eefbdc14aa4afb445f3cca05acc735c22115b38?s=96&d=mm&r=g\",\"contentUrl\":\"https:\\\/\\\/secure.gravatar.com\\\/avatar\\\/b006ce11dfb9c6e47e9de9803eefbdc14aa4afb445f3cca05acc735c22115b38?s=96&d=mm&r=g\",\"caption\":\"Denis \u0160tojs\"},\"sameAs\":[\"https:\\\/\\\/portalf1.si\"],\"url\":\"https:\\\/\\\/portalf1.si\\\/index.php\\\/author\\\/portalf1\\\/\"}]}<\/script>\n<!-- \/ Yoast SEO plugin. -->","yoast_head_json":{"title":"Preberite si prvo izjavo Piastrija po izjemni predstavi na sprinterskih kvalifikacijah - Portal F1","description":"Oscar Piastri je na sprinterskih kvalifikacijah Formule 1 za VN Belgije v v Spa-Francorchampsu s \u010dasom 1:40.510 deklasiral konkurenco.","robots":{"index":"index","follow":"follow","max-snippet":"max-snippet:-1","max-image-preview":"max-image-preview:large","max-video-preview":"max-video-preview:-1"},"canonical":"https:\/\/portalf1.si\/index.php\/2025\/07\/26\/preberite-si-prvo-izjavo-piastrija-po-izjemni-predstavi-na-sprinterskih-kvalifikacijah\/","og_locale":"sl_SI","og_type":"article","og_title":"Preberite si prvo izjavo Piastrija po izjemni predstavi na sprinterskih kvalifikacijah - Portal F1","og_description":"Oscar Piastri je na sprinterskih kvalifikacijah Formule 1 za VN Belgije v v Spa-Francorchampsu s \u010dasom 1:40.510 deklasiral konkurenco.","og_url":"https:\/\/portalf1.si\/index.php\/2025\/07\/26\/preberite-si-prvo-izjavo-piastrija-po-izjemni-predstavi-na-sprinterskih-kvalifikacijah\/","og_site_name":"Portal F1","article_publisher":"https:\/\/www.facebook.com\/portalf1.si\/?locale=sl_SI","article_published_time":"2025-07-26T09:29:45+00:00","og_image":[{"width":1092,"height":683,"url":"https:\/\/portalf1.si\/wp-content\/uploads\/2025\/07\/XPB_1362059_HiRes.webp","type":"image\/jpeg"}],"author":"Denis \u0160tojs","twitter_card":"summary_large_image","twitter_misc":{"Written by":"Denis \u0160tojs","Est. reading time":"2 minuti"},"schema":{"@context":"https:\/\/schema.org","@graph":[{"@type":"Article","@id":"https:\/\/portalf1.si\/index.php\/2025\/07\/26\/preberite-si-prvo-izjavo-piastrija-po-izjemni-predstavi-na-sprinterskih-kvalifikacijah\/#article","isPartOf":{"@id":"https:\/\/portalf1.si\/index.php\/2025\/07\/26\/preberite-si-prvo-izjavo-piastrija-po-izjemni-predstavi-na-sprinterskih-kvalifikacijah\/"},"author":{"name":"Denis \u0160tojs","@id":"https:\/\/portalf1.si\/#\/schema\/person\/abfef3ba57233710daadfbdd742fecd5"},"headline":"Preberite si prvo izjavo Piastrija po izjemni predstavi na sprinterskih kvalifikacijah","datePublished":"2025-07-26T09:29:45+00:00","mainEntityOfPage":{"@id":"https:\/\/portalf1.si\/index.php\/2025\/07\/26\/preberite-si-prvo-izjavo-piastrija-po-izjemni-predstavi-na-sprinterskih-kvalifikacijah\/"},"wordCount":213,"commentCount":0,"publisher":{"@id":"https:\/\/portalf1.si\/#organization"},"image":{"@id":"https:\/\/portalf1.si\/index.php\/2025\/07\/26\/preberite-si-prvo-izjavo-piastrija-po-izjemni-predstavi-na-sprinterskih-kvalifikacijah\/#primaryimage"},"thumbnailUrl":"https:\/\/portalf1.si\/wp-content\/uploads\/2025\/07\/XPB_1362059_HiRes.webp","keywords":["F1","F1 2025","F1 Slovenija","Formula 1","Formula 1 2025","Formula 1 Slovenija","Oscar Piastri","VN Belgije"],"articleSection":["Formula 1","Novice","Oscar Piastri","VN Belgije"],"inLanguage":"sl-SI","potentialAction":[{"@type":"CommentAction","name":"Comment","target":["https:\/\/portalf1.si\/index.php\/2025\/07\/26\/preberite-si-prvo-izjavo-piastrija-po-izjemni-predstavi-na-sprinterskih-kvalifikacijah\/#respond"]}]},{"@type":"WebPage","@id":"https:\/\/portalf1.si\/index.php\/2025\/07\/26\/preberite-si-prvo-izjavo-piastrija-po-izjemni-predstavi-na-sprinterskih-kvalifikacijah\/","url":"https:\/\/portalf1.si\/index.php\/2025\/07\/26\/preberite-si-prvo-izjavo-piastrija-po-izjemni-predstavi-na-sprinterskih-kvalifikacijah\/","name":"Preberite si prvo izjavo Piastrija po izjemni predstavi na sprinterskih kvalifikacijah - Portal F1","isPartOf":{"@id":"https:\/\/portalf1.si\/#website"},"primaryImageOfPage":{"@id":"https:\/\/portalf1.si\/index.php\/2025\/07\/26\/preberite-si-prvo-izjavo-piastrija-po-izjemni-predstavi-na-sprinterskih-kvalifikacijah\/#primaryimage"},"image":{"@id":"https:\/\/portalf1.si\/index.php\/2025\/07\/26\/preberite-si-prvo-izjavo-piastrija-po-izjemni-predstavi-na-sprinterskih-kvalifikacijah\/#primaryimage"},"thumbnailUrl":"https:\/\/portalf1.si\/wp-content\/uploads\/2025\/07\/XPB_1362059_HiRes.webp","datePublished":"2025-07-26T09:29:45+00:00","description":"Oscar Piastri je na sprinterskih kvalifikacijah Formule 1 za VN Belgije v v Spa-Francorchampsu s \u010dasom 1:40.510 deklasiral konkurenco.","breadcrumb":{"@id":"https:\/\/portalf1.si\/index.php\/2025\/07\/26\/preberite-si-prvo-izjavo-piastrija-po-izjemni-predstavi-na-sprinterskih-kvalifikacijah\/#breadcrumb"},"inLanguage":"sl-SI","potentialAction":[{"@type":"ReadAction","target":["https:\/\/portalf1.si\/index.php\/2025\/07\/26\/preberite-si-prvo-izjavo-piastrija-po-izjemni-predstavi-na-sprinterskih-kvalifikacijah\/"]}]},{"@type":"ImageObject","inLanguage":"sl-SI","@id":"https:\/\/portalf1.si\/index.php\/2025\/07\/26\/preberite-si-prvo-izjavo-piastrija-po-izjemni-predstavi-na-sprinterskih-kvalifikacijah\/#primaryimage","url":"https:\/\/portalf1.si\/wp-content\/uploads\/2025\/07\/XPB_1362059_HiRes.webp","contentUrl":"https:\/\/portalf1.si\/wp-content\/uploads\/2025\/07\/XPB_1362059_HiRes.webp","width":1092,"height":683},{"@type":"BreadcrumbList","@id":"https:\/\/portalf1.si\/index.php\/2025\/07\/26\/preberite-si-prvo-izjavo-piastrija-po-izjemni-predstavi-na-sprinterskih-kvalifikacijah\/#breadcrumb","itemListElement":[{"@type":"ListItem","position":1,"name":"Home","item":"https:\/\/portalf1.si\/"},{"@type":"ListItem","position":2,"name":"Preberite si prvo izjavo Piastrija po izjemni predstavi na sprinterskih kvalifikacijah"}]},{"@type":"WebSite","@id":"https:\/\/portalf1.si\/#website","url":"https:\/\/portalf1.si\/","name":"Portal F1","description":"Vstopite v svet hitrosti in adrenalina","publisher":{"@id":"https:\/\/portalf1.si\/#organization"},"potentialAction":[{"@type":"SearchAction","target":{"@type":"EntryPoint","urlTemplate":"https:\/\/portalf1.si\/?s={search_term_string}"},"query-input":{"@type":"PropertyValueSpecification","valueRequired":true,"valueName":"search_term_string"}}],"inLanguage":"sl-SI"},{"@type":"Organization","@id":"https:\/\/portalf1.si\/#organization","name":"Portal F1","url":"https:\/\/portalf1.si\/","logo":{"@type":"ImageObject","inLanguage":"sl-SI","@id":"https:\/\/portalf1.si\/#\/schema\/logo\/image\/","url":"https:\/\/portalf1.si\/wp-content\/uploads\/2025\/02\/cropped-HiPaint_1738532868530.png","contentUrl":"https:\/\/portalf1.si\/wp-content\/uploads\/2025\/02\/cropped-HiPaint_1738532868530.png","width":512,"height":512,"caption":"Portal F1"},"image":{"@id":"https:\/\/portalf1.si\/#\/schema\/logo\/image\/"},"sameAs":["https:\/\/www.facebook.com\/portalf1.si\/?locale=sl_SI"]},{"@type":"Person","@id":"https:\/\/portalf1.si\/#\/schema\/person\/abfef3ba57233710daadfbdd742fecd5","name":"Denis \u0160tojs","image":{"@type":"ImageObject","inLanguage":"sl-SI","@id":"https:\/\/secure.gravatar.com\/avatar\/b006ce11dfb9c6e47e9de9803eefbdc14aa4afb445f3cca05acc735c22115b38?s=96&d=mm&r=g","url":"https:\/\/secure.gravatar.com\/avatar\/b006ce11dfb9c6e47e9de9803eefbdc14aa4afb445f3cca05acc735c22115b38?s=96&d=mm&r=g","contentUrl":"https:\/\/secure.gravatar.com\/avatar\/b006ce11dfb9c6e47e9de9803eefbdc14aa4afb445f3cca05acc735c22115b38?s=96&d=mm&r=g","caption":"Denis \u0160tojs"},"sameAs":["https:\/\/portalf1.si"],"url":"https:\/\/portalf1.si\/index.php\/author\/portalf1\/"}]}},"_links":{"self":[{"href":"https:\/\/portalf1.si\/index.php\/wp-json\/wp\/v2\/posts\/7205","targetHints":{"allow":["GET"]}}],"collection":[{"href":"https:\/\/portalf1.si\/index.php\/wp-json\/wp\/v2\/posts"}],"about":[{"href":"https:\/\/portalf1.si\/index.php\/wp-json\/wp\/v2\/types\/post"}],"author":[{"embeddable":true,"href":"https:\/\/portalf1.si\/index.php\/wp-json\/wp\/v2\/users\/1"}],"replies":[{"embeddable":true,"href":"https:\/\/portalf1.si\/index.php\/wp-json\/wp\/v2\/comments?post=7205"}],"version-history":[{"count":2,"href":"https:\/\/portalf1.si\/index.php\/wp-json\/wp\/v2\/posts\/7205\/revisions"}],"predecessor-version":[{"id":7209,"href":"https:\/\/portalf1.si\/index.php\/wp-json\/wp\/v2\/posts\/7205\/revisions\/7209"}],"wp:featuredmedia":[{"embeddable":true,"href":"https:\/\/portalf1.si\/index.php\/wp-json\/wp\/v2\/media\/7208"}],"wp:attachment":[{"href":"https:\/\/portalf1.si\/index.php\/wp-json\/wp\/v2\/media?parent=7205"}],"wp:term":[{"taxonomy":"category","embeddable":true,"href":"https:\/\/portalf1.si\/index.php\/wp-json\/wp\/v2\/categories?post=7205"},{"taxonomy":"post_tag","embeddable":true,"href":"https:\/\/portalf1.si\/index.php\/wp-json\/wp\/v2\/tags?post=7205"}],"curies":[{"name":"wp","href":"https:\/\/api.w.org\/{rel}","templated":true}]}}