{"id":7211,"date":"2025-07-26T11:12:43","date_gmt":"2025-07-26T11:12:43","guid":{"rendered":"https:\/\/portalf1.si\/?p=7211"},"modified":"2025-07-26T11:12:43","modified_gmt":"2025-07-26T11:12:43","slug":"sprinterska-dirka-za-vn-belgije-izjemni-verstappen-pokvaril-mclarnovo-slavje","status":"publish","type":"post","link":"https:\/\/portalf1.si\/index.php\/2025\/07\/26\/sprinterska-dirka-za-vn-belgije-izjemni-verstappen-pokvaril-mclarnovo-slavje\/","title":{"rendered":"Sprinterska dirka za VN Belgije &#8211; izjemni Verstappen pokvaril McLarnovo slavje"},"content":{"rendered":"<p><strong>Max Verstappen je zmagovalec sprinterske dirke Formule 1 v Spa-Francorchampsu. Za njim sta se razvrstila Oscar Piastri in Lando Norris. Spodaj si oglejte rezultate sprinterske dirke.<\/strong><\/p>\n<p>\u017de na \u0161tartu so se uresni\u010dili Piastrijevi pomisleki, saj Red Bullova stava na nastavitve z nizko potisno silo k tlom uspela. Verstappen je namre\u010d Avstralca prehitel po ravnini Kemmel.<\/p>\n<p>Lando Norris je najprej izgubil mesto proti Charlesu Leclercu, a ga v \u010detrtem krogu v Les Combesu spet prevzel.<\/p>\n<p>Piastri je ostal v DRS obmo\u010dju za Verstappnom, Norris pa se je po\u010dasi pribli\u017eeval vodilnemu dvojcu. Leclerc je za\u010del postopno izgubljati stik, saj je do polovice dirke zaostajal \u017ee za tri sekunde.<\/p>\n<p>To\u010dke so si razdelili \u0161e Esteban Ocon, Carlos Sainz, Oliver Bearman in Isack Hadjar, ki so zapolnili mesta znotraj prve osmerice, ki prina\u0161a to\u010dke na sprintu.<\/p>\n<p>Lewis Hamilton se je znova spopadal s te\u017eavami. V sedmem krogu je po radijski zvezi poto\u017eil, da zadaj nima ni\u010d ve\u010d oprijema.<\/p>\n<p><img data-dominant-color=\"2f2f33\" data-has-transparency=\"false\" style=\"--dominant-color: #2f2f33;\" loading=\"lazy\" decoding=\"async\" class=\"alignnone size-full wp-image-7213 not-transparent\" src=\"https:\/\/portalf1.si\/wp-content\/uploads\/2025\/07\/img-7333-6884af56d74d5.webp\" alt=\"\" width=\"1170\" height=\"1840\" srcset=\"https:\/\/portalf1.si\/wp-content\/uploads\/2025\/07\/img-7333-6884af56d74d5.webp 1170w, https:\/\/portalf1.si\/wp-content\/uploads\/2025\/07\/img-7333-6884af56d74d5-191x300.webp 191w, https:\/\/portalf1.si\/wp-content\/uploads\/2025\/07\/img-7333-6884af56d74d5-651x1024.webp 651w, https:\/\/portalf1.si\/wp-content\/uploads\/2025\/07\/img-7333-6884af56d74d5-768x1208.webp 768w, https:\/\/portalf1.si\/wp-content\/uploads\/2025\/07\/img-7333-6884af56d74d5-977x1536.webp 977w\" sizes=\"auto, (max-width: 1170px) 100vw, 1170px\" \/><\/p>\n<blockquote class=\"wp-embedded-content\" data-secret=\"BoHv19BqLU\"><p><a href=\"https:\/\/portalf1.si\/index.php\/2025\/07\/26\/preberite-si-prvo-izjavo-piastrija-po-izjemni-predstavi-na-sprinterskih-kvalifikacijah\/\">Preberite si prvo izjavo Piastrija po izjemni predstavi na sprinterskih kvalifikacijah<\/a><\/p><\/blockquote>\n<p><iframe loading=\"lazy\" class=\"wp-embedded-content\" sandbox=\"allow-scripts\" security=\"restricted\" style=\"position: absolute; visibility: hidden;\" title=\"&#8220;Preberite si prvo izjavo Piastrija po izjemni predstavi na sprinterskih kvalifikacijah&#8221; &#8212; Portal F1\" src=\"https:\/\/portalf1.si\/index.php\/2025\/07\/26\/preberite-si-prvo-izjavo-piastrija-po-izjemni-predstavi-na-sprinterskih-kvalifikacijah\/embed\/#?secret=iPEAYFSKuV#?secret=BoHv19BqLU\" data-secret=\"BoHv19BqLU\" width=\"600\" height=\"338\" frameborder=\"0\" marginwidth=\"0\" marginheight=\"0\" scrolling=\"no\"><\/iframe><\/p>\n","protected":false},"excerpt":{"rendered":"<p>Max Verstappen je zmagovalec sprinterske dirke Formule 1 v Spa-Francorchampsu. Za njim sta se razvrstila Oscar Piastri in Lando Norris. Spodaj si oglejte rezultate sprinterske dirke. \u017de na \u0161tartu so se uresni\u010dili Piastrijevi pomisleki, saj Red Bullova stava na nastavitve z nizko potisno silo k tlom uspela. Verstappen je namre\u010d Avstralca prehitel po ravnini Kemmel. [&hellip;]<\/p>\n","protected":false},"author":1,"featured_media":7212,"comment_status":"open","ping_status":"open","sticky":false,"template":"","format":"standard","meta":{"footnotes":""},"categories":[30,63,31,330],"tags":[44,50,159,45,51,158,47,331],"class_list":["post-7211","post","type-post","status-publish","format-standard","has-post-thumbnail","hentry","category-formula-1","category-max-verstappen","category-novice","category-vn-belgije","tag-f1","tag-f1-2025","tag-f1-slovenija","tag-formula-1","tag-formula-1-2025","tag-formula-1-slovenija","tag-max-verstappen","tag-vn-belgije"],"blocksy_meta":[],"yoast_head":"<!-- This site is optimized with the Yoast SEO plugin v27.4 - https:\/\/yoast.com\/product\/yoast-seo-wordpress\/ -->\n<title>Sprinterska dirka za VN Belgije - izjemni Verstappen pokvaril McLarnovo slavje - Portal F1<\/title>\n<meta name=\"description\" content=\"Max Verstappen je zmagovalec sprinterske dirke Formule 1 v Spa-Francorchampsu. Za njim sta se razvrstila Oscar Piastri in Lando Norris.\" \/>\n<meta name=\"robots\" content=\"index, follow, max-snippet:-1, max-image-preview:large, max-video-preview:-1\" \/>\n<link rel=\"canonical\" href=\"https:\/\/portalf1.si\/index.php\/2025\/07\/26\/sprinterska-dirka-za-vn-belgije-izjemni-verstappen-pokvaril-mclarnovo-slavje\/\" \/>\n<meta property=\"og:locale\" content=\"sl_SI\" \/>\n<meta property=\"og:type\" content=\"article\" \/>\n<meta property=\"og:title\" content=\"Sprinterska dirka za VN Belgije - izjemni Verstappen pokvaril McLarnovo slavje - Portal F1\" \/>\n<meta property=\"og:description\" content=\"Max Verstappen je zmagovalec sprinterske dirke Formule 1 v Spa-Francorchampsu. Za njim sta se razvrstila Oscar Piastri in Lando Norris.\" \/>\n<meta property=\"og:url\" content=\"https:\/\/portalf1.si\/index.php\/2025\/07\/26\/sprinterska-dirka-za-vn-belgije-izjemni-verstappen-pokvaril-mclarnovo-slavje\/\" \/>\n<meta property=\"og:site_name\" content=\"Portal F1\" \/>\n<meta property=\"article:publisher\" content=\"https:\/\/www.facebook.com\/portalf1.si\/?locale=sl_SI\" \/>\n<meta property=\"article:published_time\" content=\"2025-07-26T11:12:43+00:00\" \/>\n<meta property=\"og:image\" content=\"https:\/\/portalf1.si\/wp-content\/uploads\/2025\/07\/max-verstappen-red-bull-racing-2-1.webp\" \/>\n\t<meta property=\"og:image:width\" content=\"1000\" \/>\n\t<meta property=\"og:image:height\" content=\"666\" \/>\n\t<meta property=\"og:image:type\" content=\"image\/jpeg\" \/>\n<meta name=\"author\" content=\"Denis \u0160tojs\" \/>\n<meta name=\"twitter:card\" content=\"summary_large_image\" \/>\n<meta name=\"twitter:label1\" content=\"Written by\" \/>\n\t<meta name=\"twitter:data1\" content=\"Denis \u0160tojs\" \/>\n\t<meta name=\"twitter:label2\" content=\"Est. reading time\" \/>\n\t<meta name=\"twitter:data2\" content=\"2 minuti\" \/>\n<script type=\"application\/ld+json\" class=\"yoast-schema-graph\">{\"@context\":\"https:\\\/\\\/schema.org\",\"@graph\":[{\"@type\":\"Article\",\"@id\":\"https:\\\/\\\/portalf1.si\\\/index.php\\\/2025\\\/07\\\/26\\\/sprinterska-dirka-za-vn-belgije-izjemni-verstappen-pokvaril-mclarnovo-slavje\\\/#article\",\"isPartOf\":{\"@id\":\"https:\\\/\\\/portalf1.si\\\/index.php\\\/2025\\\/07\\\/26\\\/sprinterska-dirka-za-vn-belgije-izjemni-verstappen-pokvaril-mclarnovo-slavje\\\/\"},\"author\":{\"name\":\"Denis \u0160tojs\",\"@id\":\"https:\\\/\\\/portalf1.si\\\/#\\\/schema\\\/person\\\/abfef3ba57233710daadfbdd742fecd5\"},\"headline\":\"Sprinterska dirka za VN Belgije &#8211; izjemni Verstappen pokvaril McLarnovo slavje\",\"datePublished\":\"2025-07-26T11:12:43+00:00\",\"mainEntityOfPage\":{\"@id\":\"https:\\\/\\\/portalf1.si\\\/index.php\\\/2025\\\/07\\\/26\\\/sprinterska-dirka-za-vn-belgije-izjemni-verstappen-pokvaril-mclarnovo-slavje\\\/\"},\"wordCount\":180,\"commentCount\":0,\"publisher\":{\"@id\":\"https:\\\/\\\/portalf1.si\\\/#organization\"},\"image\":{\"@id\":\"https:\\\/\\\/portalf1.si\\\/index.php\\\/2025\\\/07\\\/26\\\/sprinterska-dirka-za-vn-belgije-izjemni-verstappen-pokvaril-mclarnovo-slavje\\\/#primaryimage\"},\"thumbnailUrl\":\"https:\\\/\\\/portalf1.si\\\/wp-content\\\/uploads\\\/2025\\\/07\\\/max-verstappen-red-bull-racing-2-1.webp\",\"keywords\":[\"F1\",\"F1 2025\",\"F1 Slovenija\",\"Formula 1\",\"Formula 1 2025\",\"Formula 1 Slovenija\",\"Max Verstappen\",\"VN Belgije\"],\"articleSection\":[\"Formula 1\",\"Max Verstappen\",\"Novice\",\"VN Belgije\"],\"inLanguage\":\"sl-SI\",\"potentialAction\":[{\"@type\":\"CommentAction\",\"name\":\"Comment\",\"target\":[\"https:\\\/\\\/portalf1.si\\\/index.php\\\/2025\\\/07\\\/26\\\/sprinterska-dirka-za-vn-belgije-izjemni-verstappen-pokvaril-mclarnovo-slavje\\\/#respond\"]}]},{\"@type\":\"WebPage\",\"@id\":\"https:\\\/\\\/portalf1.si\\\/index.php\\\/2025\\\/07\\\/26\\\/sprinterska-dirka-za-vn-belgije-izjemni-verstappen-pokvaril-mclarnovo-slavje\\\/\",\"url\":\"https:\\\/\\\/portalf1.si\\\/index.php\\\/2025\\\/07\\\/26\\\/sprinterska-dirka-za-vn-belgije-izjemni-verstappen-pokvaril-mclarnovo-slavje\\\/\",\"name\":\"Sprinterska dirka za VN Belgije - izjemni Verstappen pokvaril McLarnovo slavje - Portal F1\",\"isPartOf\":{\"@id\":\"https:\\\/\\\/portalf1.si\\\/#website\"},\"primaryImageOfPage\":{\"@id\":\"https:\\\/\\\/portalf1.si\\\/index.php\\\/2025\\\/07\\\/26\\\/sprinterska-dirka-za-vn-belgije-izjemni-verstappen-pokvaril-mclarnovo-slavje\\\/#primaryimage\"},\"image\":{\"@id\":\"https:\\\/\\\/portalf1.si\\\/index.php\\\/2025\\\/07\\\/26\\\/sprinterska-dirka-za-vn-belgije-izjemni-verstappen-pokvaril-mclarnovo-slavje\\\/#primaryimage\"},\"thumbnailUrl\":\"https:\\\/\\\/portalf1.si\\\/wp-content\\\/uploads\\\/2025\\\/07\\\/max-verstappen-red-bull-racing-2-1.webp\",\"datePublished\":\"2025-07-26T11:12:43+00:00\",\"description\":\"Max Verstappen je zmagovalec sprinterske dirke Formule 1 v Spa-Francorchampsu. Za njim sta se razvrstila Oscar Piastri in Lando Norris.\",\"breadcrumb\":{\"@id\":\"https:\\\/\\\/portalf1.si\\\/index.php\\\/2025\\\/07\\\/26\\\/sprinterska-dirka-za-vn-belgije-izjemni-verstappen-pokvaril-mclarnovo-slavje\\\/#breadcrumb\"},\"inLanguage\":\"sl-SI\",\"potentialAction\":[{\"@type\":\"ReadAction\",\"target\":[\"https:\\\/\\\/portalf1.si\\\/index.php\\\/2025\\\/07\\\/26\\\/sprinterska-dirka-za-vn-belgije-izjemni-verstappen-pokvaril-mclarnovo-slavje\\\/\"]}]},{\"@type\":\"ImageObject\",\"inLanguage\":\"sl-SI\",\"@id\":\"https:\\\/\\\/portalf1.si\\\/index.php\\\/2025\\\/07\\\/26\\\/sprinterska-dirka-za-vn-belgije-izjemni-verstappen-pokvaril-mclarnovo-slavje\\\/#primaryimage\",\"url\":\"https:\\\/\\\/portalf1.si\\\/wp-content\\\/uploads\\\/2025\\\/07\\\/max-verstappen-red-bull-racing-2-1.webp\",\"contentUrl\":\"https:\\\/\\\/portalf1.si\\\/wp-content\\\/uploads\\\/2025\\\/07\\\/max-verstappen-red-bull-racing-2-1.webp\",\"width\":1000,\"height\":666},{\"@type\":\"BreadcrumbList\",\"@id\":\"https:\\\/\\\/portalf1.si\\\/index.php\\\/2025\\\/07\\\/26\\\/sprinterska-dirka-za-vn-belgije-izjemni-verstappen-pokvaril-mclarnovo-slavje\\\/#breadcrumb\",\"itemListElement\":[{\"@type\":\"ListItem\",\"position\":1,\"name\":\"Home\",\"item\":\"https:\\\/\\\/portalf1.si\\\/\"},{\"@type\":\"ListItem\",\"position\":2,\"name\":\"Sprinterska dirka za VN Belgije &#8211; izjemni Verstappen pokvaril McLarnovo slavje\"}]},{\"@type\":\"WebSite\",\"@id\":\"https:\\\/\\\/portalf1.si\\\/#website\",\"url\":\"https:\\\/\\\/portalf1.si\\\/\",\"name\":\"Portal F1\",\"description\":\"Vstopite v svet hitrosti in adrenalina\",\"publisher\":{\"@id\":\"https:\\\/\\\/portalf1.si\\\/#organization\"},\"potentialAction\":[{\"@type\":\"SearchAction\",\"target\":{\"@type\":\"EntryPoint\",\"urlTemplate\":\"https:\\\/\\\/portalf1.si\\\/?s={search_term_string}\"},\"query-input\":{\"@type\":\"PropertyValueSpecification\",\"valueRequired\":true,\"valueName\":\"search_term_string\"}}],\"inLanguage\":\"sl-SI\"},{\"@type\":\"Organization\",\"@id\":\"https:\\\/\\\/portalf1.si\\\/#organization\",\"name\":\"Portal F1\",\"url\":\"https:\\\/\\\/portalf1.si\\\/\",\"logo\":{\"@type\":\"ImageObject\",\"inLanguage\":\"sl-SI\",\"@id\":\"https:\\\/\\\/portalf1.si\\\/#\\\/schema\\\/logo\\\/image\\\/\",\"url\":\"https:\\\/\\\/portalf1.si\\\/wp-content\\\/uploads\\\/2025\\\/02\\\/cropped-HiPaint_1738532868530.png\",\"contentUrl\":\"https:\\\/\\\/portalf1.si\\\/wp-content\\\/uploads\\\/2025\\\/02\\\/cropped-HiPaint_1738532868530.png\",\"width\":512,\"height\":512,\"caption\":\"Portal F1\"},\"image\":{\"@id\":\"https:\\\/\\\/portalf1.si\\\/#\\\/schema\\\/logo\\\/image\\\/\"},\"sameAs\":[\"https:\\\/\\\/www.facebook.com\\\/portalf1.si\\\/?locale=sl_SI\"]},{\"@type\":\"Person\",\"@id\":\"https:\\\/\\\/portalf1.si\\\/#\\\/schema\\\/person\\\/abfef3ba57233710daadfbdd742fecd5\",\"name\":\"Denis \u0160tojs\",\"image\":{\"@type\":\"ImageObject\",\"inLanguage\":\"sl-SI\",\"@id\":\"https:\\\/\\\/secure.gravatar.com\\\/avatar\\\/b006ce11dfb9c6e47e9de9803eefbdc14aa4afb445f3cca05acc735c22115b38?s=96&d=mm&r=g\",\"url\":\"https:\\\/\\\/secure.gravatar.com\\\/avatar\\\/b006ce11dfb9c6e47e9de9803eefbdc14aa4afb445f3cca05acc735c22115b38?s=96&d=mm&r=g\",\"contentUrl\":\"https:\\\/\\\/secure.gravatar.com\\\/avatar\\\/b006ce11dfb9c6e47e9de9803eefbdc14aa4afb445f3cca05acc735c22115b38?s=96&d=mm&r=g\",\"caption\":\"Denis \u0160tojs\"},\"sameAs\":[\"https:\\\/\\\/portalf1.si\"],\"url\":\"https:\\\/\\\/portalf1.si\\\/index.php\\\/author\\\/portalf1\\\/\"}]}<\/script>\n<!-- \/ Yoast SEO plugin. -->","yoast_head_json":{"title":"Sprinterska dirka za VN Belgije - izjemni Verstappen pokvaril McLarnovo slavje - Portal F1","description":"Max Verstappen je zmagovalec sprinterske dirke Formule 1 v Spa-Francorchampsu. Za njim sta se razvrstila Oscar Piastri in Lando Norris.","robots":{"index":"index","follow":"follow","max-snippet":"max-snippet:-1","max-image-preview":"max-image-preview:large","max-video-preview":"max-video-preview:-1"},"canonical":"https:\/\/portalf1.si\/index.php\/2025\/07\/26\/sprinterska-dirka-za-vn-belgije-izjemni-verstappen-pokvaril-mclarnovo-slavje\/","og_locale":"sl_SI","og_type":"article","og_title":"Sprinterska dirka za VN Belgije - izjemni Verstappen pokvaril McLarnovo slavje - Portal F1","og_description":"Max Verstappen je zmagovalec sprinterske dirke Formule 1 v Spa-Francorchampsu. Za njim sta se razvrstila Oscar Piastri in Lando Norris.","og_url":"https:\/\/portalf1.si\/index.php\/2025\/07\/26\/sprinterska-dirka-za-vn-belgije-izjemni-verstappen-pokvaril-mclarnovo-slavje\/","og_site_name":"Portal F1","article_publisher":"https:\/\/www.facebook.com\/portalf1.si\/?locale=sl_SI","article_published_time":"2025-07-26T11:12:43+00:00","og_image":[{"width":1000,"height":666,"url":"https:\/\/portalf1.si\/wp-content\/uploads\/2025\/07\/max-verstappen-red-bull-racing-2-1.webp","type":"image\/jpeg"}],"author":"Denis \u0160tojs","twitter_card":"summary_large_image","twitter_misc":{"Written by":"Denis \u0160tojs","Est. reading time":"2 minuti"},"schema":{"@context":"https:\/\/schema.org","@graph":[{"@type":"Article","@id":"https:\/\/portalf1.si\/index.php\/2025\/07\/26\/sprinterska-dirka-za-vn-belgije-izjemni-verstappen-pokvaril-mclarnovo-slavje\/#article","isPartOf":{"@id":"https:\/\/portalf1.si\/index.php\/2025\/07\/26\/sprinterska-dirka-za-vn-belgije-izjemni-verstappen-pokvaril-mclarnovo-slavje\/"},"author":{"name":"Denis \u0160tojs","@id":"https:\/\/portalf1.si\/#\/schema\/person\/abfef3ba57233710daadfbdd742fecd5"},"headline":"Sprinterska dirka za VN Belgije &#8211; izjemni Verstappen pokvaril McLarnovo slavje","datePublished":"2025-07-26T11:12:43+00:00","mainEntityOfPage":{"@id":"https:\/\/portalf1.si\/index.php\/2025\/07\/26\/sprinterska-dirka-za-vn-belgije-izjemni-verstappen-pokvaril-mclarnovo-slavje\/"},"wordCount":180,"commentCount":0,"publisher":{"@id":"https:\/\/portalf1.si\/#organization"},"image":{"@id":"https:\/\/portalf1.si\/index.php\/2025\/07\/26\/sprinterska-dirka-za-vn-belgije-izjemni-verstappen-pokvaril-mclarnovo-slavje\/#primaryimage"},"thumbnailUrl":"https:\/\/portalf1.si\/wp-content\/uploads\/2025\/07\/max-verstappen-red-bull-racing-2-1.webp","keywords":["F1","F1 2025","F1 Slovenija","Formula 1","Formula 1 2025","Formula 1 Slovenija","Max Verstappen","VN Belgije"],"articleSection":["Formula 1","Max Verstappen","Novice","VN Belgije"],"inLanguage":"sl-SI","potentialAction":[{"@type":"CommentAction","name":"Comment","target":["https:\/\/portalf1.si\/index.php\/2025\/07\/26\/sprinterska-dirka-za-vn-belgije-izjemni-verstappen-pokvaril-mclarnovo-slavje\/#respond"]}]},{"@type":"WebPage","@id":"https:\/\/portalf1.si\/index.php\/2025\/07\/26\/sprinterska-dirka-za-vn-belgije-izjemni-verstappen-pokvaril-mclarnovo-slavje\/","url":"https:\/\/portalf1.si\/index.php\/2025\/07\/26\/sprinterska-dirka-za-vn-belgije-izjemni-verstappen-pokvaril-mclarnovo-slavje\/","name":"Sprinterska dirka za VN Belgije - izjemni Verstappen pokvaril McLarnovo slavje - Portal F1","isPartOf":{"@id":"https:\/\/portalf1.si\/#website"},"primaryImageOfPage":{"@id":"https:\/\/portalf1.si\/index.php\/2025\/07\/26\/sprinterska-dirka-za-vn-belgije-izjemni-verstappen-pokvaril-mclarnovo-slavje\/#primaryimage"},"image":{"@id":"https:\/\/portalf1.si\/index.php\/2025\/07\/26\/sprinterska-dirka-za-vn-belgije-izjemni-verstappen-pokvaril-mclarnovo-slavje\/#primaryimage"},"thumbnailUrl":"https:\/\/portalf1.si\/wp-content\/uploads\/2025\/07\/max-verstappen-red-bull-racing-2-1.webp","datePublished":"2025-07-26T11:12:43+00:00","description":"Max Verstappen je zmagovalec sprinterske dirke Formule 1 v Spa-Francorchampsu. Za njim sta se razvrstila Oscar Piastri in Lando Norris.","breadcrumb":{"@id":"https:\/\/portalf1.si\/index.php\/2025\/07\/26\/sprinterska-dirka-za-vn-belgije-izjemni-verstappen-pokvaril-mclarnovo-slavje\/#breadcrumb"},"inLanguage":"sl-SI","potentialAction":[{"@type":"ReadAction","target":["https:\/\/portalf1.si\/index.php\/2025\/07\/26\/sprinterska-dirka-za-vn-belgije-izjemni-verstappen-pokvaril-mclarnovo-slavje\/"]}]},{"@type":"ImageObject","inLanguage":"sl-SI","@id":"https:\/\/portalf1.si\/index.php\/2025\/07\/26\/sprinterska-dirka-za-vn-belgije-izjemni-verstappen-pokvaril-mclarnovo-slavje\/#primaryimage","url":"https:\/\/portalf1.si\/wp-content\/uploads\/2025\/07\/max-verstappen-red-bull-racing-2-1.webp","contentUrl":"https:\/\/portalf1.si\/wp-content\/uploads\/2025\/07\/max-verstappen-red-bull-racing-2-1.webp","width":1000,"height":666},{"@type":"BreadcrumbList","@id":"https:\/\/portalf1.si\/index.php\/2025\/07\/26\/sprinterska-dirka-za-vn-belgije-izjemni-verstappen-pokvaril-mclarnovo-slavje\/#breadcrumb","itemListElement":[{"@type":"ListItem","position":1,"name":"Home","item":"https:\/\/portalf1.si\/"},{"@type":"ListItem","position":2,"name":"Sprinterska dirka za VN Belgije &#8211; izjemni Verstappen pokvaril McLarnovo slavje"}]},{"@type":"WebSite","@id":"https:\/\/portalf1.si\/#website","url":"https:\/\/portalf1.si\/","name":"Portal F1","description":"Vstopite v svet hitrosti in adrenalina","publisher":{"@id":"https:\/\/portalf1.si\/#organization"},"potentialAction":[{"@type":"SearchAction","target":{"@type":"EntryPoint","urlTemplate":"https:\/\/portalf1.si\/?s={search_term_string}"},"query-input":{"@type":"PropertyValueSpecification","valueRequired":true,"valueName":"search_term_string"}}],"inLanguage":"sl-SI"},{"@type":"Organization","@id":"https:\/\/portalf1.si\/#organization","name":"Portal F1","url":"https:\/\/portalf1.si\/","logo":{"@type":"ImageObject","inLanguage":"sl-SI","@id":"https:\/\/portalf1.si\/#\/schema\/logo\/image\/","url":"https:\/\/portalf1.si\/wp-content\/uploads\/2025\/02\/cropped-HiPaint_1738532868530.png","contentUrl":"https:\/\/portalf1.si\/wp-content\/uploads\/2025\/02\/cropped-HiPaint_1738532868530.png","width":512,"height":512,"caption":"Portal F1"},"image":{"@id":"https:\/\/portalf1.si\/#\/schema\/logo\/image\/"},"sameAs":["https:\/\/www.facebook.com\/portalf1.si\/?locale=sl_SI"]},{"@type":"Person","@id":"https:\/\/portalf1.si\/#\/schema\/person\/abfef3ba57233710daadfbdd742fecd5","name":"Denis \u0160tojs","image":{"@type":"ImageObject","inLanguage":"sl-SI","@id":"https:\/\/secure.gravatar.com\/avatar\/b006ce11dfb9c6e47e9de9803eefbdc14aa4afb445f3cca05acc735c22115b38?s=96&d=mm&r=g","url":"https:\/\/secure.gravatar.com\/avatar\/b006ce11dfb9c6e47e9de9803eefbdc14aa4afb445f3cca05acc735c22115b38?s=96&d=mm&r=g","contentUrl":"https:\/\/secure.gravatar.com\/avatar\/b006ce11dfb9c6e47e9de9803eefbdc14aa4afb445f3cca05acc735c22115b38?s=96&d=mm&r=g","caption":"Denis \u0160tojs"},"sameAs":["https:\/\/portalf1.si"],"url":"https:\/\/portalf1.si\/index.php\/author\/portalf1\/"}]}},"_links":{"self":[{"href":"https:\/\/portalf1.si\/index.php\/wp-json\/wp\/v2\/posts\/7211","targetHints":{"allow":["GET"]}}],"collection":[{"href":"https:\/\/portalf1.si\/index.php\/wp-json\/wp\/v2\/posts"}],"about":[{"href":"https:\/\/portalf1.si\/index.php\/wp-json\/wp\/v2\/types\/post"}],"author":[{"embeddable":true,"href":"https:\/\/portalf1.si\/index.php\/wp-json\/wp\/v2\/users\/1"}],"replies":[{"embeddable":true,"href":"https:\/\/portalf1.si\/index.php\/wp-json\/wp\/v2\/comments?post=7211"}],"version-history":[{"count":1,"href":"https:\/\/portalf1.si\/index.php\/wp-json\/wp\/v2\/posts\/7211\/revisions"}],"predecessor-version":[{"id":7214,"href":"https:\/\/portalf1.si\/index.php\/wp-json\/wp\/v2\/posts\/7211\/revisions\/7214"}],"wp:featuredmedia":[{"embeddable":true,"href":"https:\/\/portalf1.si\/index.php\/wp-json\/wp\/v2\/media\/7212"}],"wp:attachment":[{"href":"https:\/\/portalf1.si\/index.php\/wp-json\/wp\/v2\/media?parent=7211"}],"wp:term":[{"taxonomy":"category","embeddable":true,"href":"https:\/\/portalf1.si\/index.php\/wp-json\/wp\/v2\/categories?post=7211"},{"taxonomy":"post_tag","embeddable":true,"href":"https:\/\/portalf1.si\/index.php\/wp-json\/wp\/v2\/tags?post=7211"}],"curies":[{"name":"wp","href":"https:\/\/api.w.org\/{rel}","templated":true}]}}