{"id":7222,"date":"2025-07-26T23:59:54","date_gmt":"2025-07-26T23:59:54","guid":{"rendered":"https:\/\/portalf1.si\/?p=7222"},"modified":"2025-07-26T23:59:54","modified_gmt":"2025-07-26T23:59:54","slug":"hamilton-za-hiter-izpad-v-kvalifikacijah-krivi-komisarje","status":"publish","type":"post","link":"https:\/\/portalf1.si\/index.php\/2025\/07\/26\/hamilton-za-hiter-izpad-v-kvalifikacijah-krivi-komisarje\/","title":{"rendered":"Hamilton za hiter izpad v kvalifikacijah krivi komisarje"},"content":{"rendered":"<p><strong>Lewis Hamilton je kvalifikacije Formule 1 za VN Belgije kon\u010dal \u017ee v prvem delu, saj so njegov drugi hitri krog izbrisali zaradi prekora\u010ditve omejitev steze, s \u010dimer pa se Britanec ne strinja.<\/strong><\/p>\n<p>Za Hamiltona je bil usoden odsek Radillion, kjer so se njegove mo\u017enosti za bolj\u0161i rezultat sesule. <em>&#8220;Je kar pa\u010d je,&#8221;<\/em> je Britanec dejal po \u0161e enem prezgodnjem izpadu v Belgiji. Ferrari je pred vikendom sicer opravil snemalni dan v Mugellu, da bi \u010dim bolje testirali nadgradnje, a vse zaman, saj bo Hamilton na dirki \u0161tartal s 16. mesta.<\/p>\n<p><em>&#8220;Res mi je \u017eal za ekipo. Vso to trdo delo, testiranja, snemalni dan, priprave in potem pride\u0161 sem in ne pride\u0161 niti \u010dez Q1. Z moje strani je to nesprejemljivo. Res mi je \u017eal,&#8221;<\/em> je odkrito povedal Britanec.<\/p>\n<p>Hamilton je s tem prevzel odgovornost za izpad, a ko so ga vpra\u0161ali, ali se strinja, da je z vsemi \u0161tirimi gumami zapeljal prek dovoljenega roba steze, se je odlo\u010dno postavil v bran.<\/p>\n<p><em>&#8220;Ne, ne strinjam se. Toda izpadel sem, tako da &#8230;&#8221;<\/em> To naj bi bila ista linija, po kateri je Hamilton vozil skozi ves vikend. <em>&#8220;Skorajda, ja. Ne bi rekel ves vikend, ampak tam vsi zapeljejo \u010dez tisti robnik. Mogo\u010de sem \u0161el tokrat najdlje, kar sem ta vikend.&#8221;<\/em><\/p>\n<p>Zadeva zanj \u0161e ni zaklju\u010dena. Na vpra\u0161anje, ali bo zaradi tega pristopil do komisarjev, je hitro odvrnil: <em>&#8220;Ja.&#8221;<\/em><\/p>\n<blockquote class=\"wp-embedded-content\" data-secret=\"8aQQbKfjcC\"><p><a href=\"https:\/\/portalf1.si\/index.php\/2025\/07\/25\/hamilton-je-med-premorom-ferrariju-posredoval-vec-dokumentov-kaj-ti-vsebujejo\/\">Hamilton je med premorom Ferrariju posredoval ve\u010d dokumentov: Kaj ti vsebujejo?<\/a><\/p><\/blockquote>\n<p><iframe loading=\"lazy\" class=\"wp-embedded-content\" sandbox=\"allow-scripts\" security=\"restricted\" style=\"position: absolute; visibility: hidden;\" title=\"&#8220;Hamilton je med premorom Ferrariju posredoval ve\u010d dokumentov: Kaj ti vsebujejo?&#8221; &#8212; Portal F1\" src=\"https:\/\/portalf1.si\/index.php\/2025\/07\/25\/hamilton-je-med-premorom-ferrariju-posredoval-vec-dokumentov-kaj-ti-vsebujejo\/embed\/#?secret=28DnMVz53P#?secret=8aQQbKfjcC\" data-secret=\"8aQQbKfjcC\" width=\"600\" height=\"338\" frameborder=\"0\" marginwidth=\"0\" marginheight=\"0\" scrolling=\"no\"><\/iframe><\/p>\n","protected":false},"excerpt":{"rendered":"<p>Lewis Hamilton je kvalifikacije Formule 1 za VN Belgije kon\u010dal \u017ee v prvem delu, saj so njegov drugi hitri krog izbrisali zaradi prekora\u010ditve omejitev steze, s \u010dimer pa se Britanec ne strinja. Za Hamiltona je bil usoden odsek Radillion, kjer so se njegove mo\u017enosti za bolj\u0161i rezultat sesule. &#8220;Je kar pa\u010d je,&#8221; je Britanec dejal [&hellip;]<\/p>\n","protected":false},"author":1,"featured_media":7223,"comment_status":"open","ping_status":"open","sticky":false,"template":"","format":"standard","meta":{"footnotes":""},"categories":[30,41,31,330],"tags":[44,50,159,45,51,158,42,331],"class_list":["post-7222","post","type-post","status-publish","format-standard","has-post-thumbnail","hentry","category-formula-1","category-lewis-hamilton","category-novice","category-vn-belgije","tag-f1","tag-f1-2025","tag-f1-slovenija","tag-formula-1","tag-formula-1-2025","tag-formula-1-slovenija","tag-lewis-hamilton","tag-vn-belgije"],"blocksy_meta":[],"yoast_head":"<!-- This site is optimized with the Yoast SEO plugin v27.4 - https:\/\/yoast.com\/product\/yoast-seo-wordpress\/ -->\n<title>Hamilton za hiter izpad v kvalifikacijah krivi komisarje - Portal F1<\/title>\n<meta name=\"description\" content=\"Hamilton je kvalifikacije Formule 1 za VN Belgije kon\u010dal \u017ee v prvem delu, saj so njegov drugi hitri krog izbrisali, s \u010dimer se ne strinja.\" \/>\n<meta name=\"robots\" content=\"index, follow, max-snippet:-1, max-image-preview:large, max-video-preview:-1\" \/>\n<link rel=\"canonical\" href=\"https:\/\/portalf1.si\/index.php\/2025\/07\/26\/hamilton-za-hiter-izpad-v-kvalifikacijah-krivi-komisarje\/\" \/>\n<meta property=\"og:locale\" content=\"sl_SI\" \/>\n<meta property=\"og:type\" content=\"article\" \/>\n<meta property=\"og:title\" content=\"Hamilton za hiter izpad v kvalifikacijah krivi komisarje - Portal F1\" \/>\n<meta property=\"og:description\" content=\"Hamilton je kvalifikacije Formule 1 za VN Belgije kon\u010dal \u017ee v prvem delu, saj so njegov drugi hitri krog izbrisali, s \u010dimer se ne strinja.\" \/>\n<meta property=\"og:url\" content=\"https:\/\/portalf1.si\/index.php\/2025\/07\/26\/hamilton-za-hiter-izpad-v-kvalifikacijah-krivi-komisarje\/\" \/>\n<meta property=\"og:site_name\" content=\"Portal F1\" \/>\n<meta property=\"article:publisher\" content=\"https:\/\/www.facebook.com\/portalf1.si\/?locale=sl_SI\" \/>\n<meta property=\"article:published_time\" content=\"2025-07-26T23:59:54+00:00\" \/>\n<meta property=\"og:image\" content=\"https:\/\/portalf1.si\/wp-content\/uploads\/2025\/07\/lewis-hamilton-ferrari.webp\" \/>\n\t<meta property=\"og:image:width\" content=\"1200\" \/>\n\t<meta property=\"og:image:height\" content=\"801\" \/>\n\t<meta property=\"og:image:type\" content=\"image\/jpeg\" \/>\n<meta name=\"author\" content=\"Denis \u0160tojs\" \/>\n<meta name=\"twitter:card\" content=\"summary_large_image\" \/>\n<meta name=\"twitter:label1\" content=\"Written by\" \/>\n\t<meta name=\"twitter:data1\" content=\"Denis \u0160tojs\" \/>\n\t<meta name=\"twitter:label2\" content=\"Est. reading time\" \/>\n\t<meta name=\"twitter:data2\" content=\"2 minuti\" \/>\n<script type=\"application\/ld+json\" class=\"yoast-schema-graph\">{\"@context\":\"https:\\\/\\\/schema.org\",\"@graph\":[{\"@type\":\"Article\",\"@id\":\"https:\\\/\\\/portalf1.si\\\/index.php\\\/2025\\\/07\\\/26\\\/hamilton-za-hiter-izpad-v-kvalifikacijah-krivi-komisarje\\\/#article\",\"isPartOf\":{\"@id\":\"https:\\\/\\\/portalf1.si\\\/index.php\\\/2025\\\/07\\\/26\\\/hamilton-za-hiter-izpad-v-kvalifikacijah-krivi-komisarje\\\/\"},\"author\":{\"name\":\"Denis \u0160tojs\",\"@id\":\"https:\\\/\\\/portalf1.si\\\/#\\\/schema\\\/person\\\/abfef3ba57233710daadfbdd742fecd5\"},\"headline\":\"Hamilton za hiter izpad v kvalifikacijah krivi komisarje\",\"datePublished\":\"2025-07-26T23:59:54+00:00\",\"mainEntityOfPage\":{\"@id\":\"https:\\\/\\\/portalf1.si\\\/index.php\\\/2025\\\/07\\\/26\\\/hamilton-za-hiter-izpad-v-kvalifikacijah-krivi-komisarje\\\/\"},\"wordCount\":246,\"commentCount\":0,\"publisher\":{\"@id\":\"https:\\\/\\\/portalf1.si\\\/#organization\"},\"image\":{\"@id\":\"https:\\\/\\\/portalf1.si\\\/index.php\\\/2025\\\/07\\\/26\\\/hamilton-za-hiter-izpad-v-kvalifikacijah-krivi-komisarje\\\/#primaryimage\"},\"thumbnailUrl\":\"https:\\\/\\\/portalf1.si\\\/wp-content\\\/uploads\\\/2025\\\/07\\\/lewis-hamilton-ferrari.webp\",\"keywords\":[\"F1\",\"F1 2025\",\"F1 Slovenija\",\"Formula 1\",\"Formula 1 2025\",\"Formula 1 Slovenija\",\"Lewis Hamilton\",\"VN Belgije\"],\"articleSection\":[\"Formula 1\",\"Lewis Hamilton\",\"Novice\",\"VN Belgije\"],\"inLanguage\":\"sl-SI\",\"potentialAction\":[{\"@type\":\"CommentAction\",\"name\":\"Comment\",\"target\":[\"https:\\\/\\\/portalf1.si\\\/index.php\\\/2025\\\/07\\\/26\\\/hamilton-za-hiter-izpad-v-kvalifikacijah-krivi-komisarje\\\/#respond\"]}]},{\"@type\":\"WebPage\",\"@id\":\"https:\\\/\\\/portalf1.si\\\/index.php\\\/2025\\\/07\\\/26\\\/hamilton-za-hiter-izpad-v-kvalifikacijah-krivi-komisarje\\\/\",\"url\":\"https:\\\/\\\/portalf1.si\\\/index.php\\\/2025\\\/07\\\/26\\\/hamilton-za-hiter-izpad-v-kvalifikacijah-krivi-komisarje\\\/\",\"name\":\"Hamilton za hiter izpad v kvalifikacijah krivi komisarje - Portal F1\",\"isPartOf\":{\"@id\":\"https:\\\/\\\/portalf1.si\\\/#website\"},\"primaryImageOfPage\":{\"@id\":\"https:\\\/\\\/portalf1.si\\\/index.php\\\/2025\\\/07\\\/26\\\/hamilton-za-hiter-izpad-v-kvalifikacijah-krivi-komisarje\\\/#primaryimage\"},\"image\":{\"@id\":\"https:\\\/\\\/portalf1.si\\\/index.php\\\/2025\\\/07\\\/26\\\/hamilton-za-hiter-izpad-v-kvalifikacijah-krivi-komisarje\\\/#primaryimage\"},\"thumbnailUrl\":\"https:\\\/\\\/portalf1.si\\\/wp-content\\\/uploads\\\/2025\\\/07\\\/lewis-hamilton-ferrari.webp\",\"datePublished\":\"2025-07-26T23:59:54+00:00\",\"description\":\"Hamilton je kvalifikacije Formule 1 za VN Belgije kon\u010dal \u017ee v prvem delu, saj so njegov drugi hitri krog izbrisali, s \u010dimer se ne strinja.\",\"breadcrumb\":{\"@id\":\"https:\\\/\\\/portalf1.si\\\/index.php\\\/2025\\\/07\\\/26\\\/hamilton-za-hiter-izpad-v-kvalifikacijah-krivi-komisarje\\\/#breadcrumb\"},\"inLanguage\":\"sl-SI\",\"potentialAction\":[{\"@type\":\"ReadAction\",\"target\":[\"https:\\\/\\\/portalf1.si\\\/index.php\\\/2025\\\/07\\\/26\\\/hamilton-za-hiter-izpad-v-kvalifikacijah-krivi-komisarje\\\/\"]}]},{\"@type\":\"ImageObject\",\"inLanguage\":\"sl-SI\",\"@id\":\"https:\\\/\\\/portalf1.si\\\/index.php\\\/2025\\\/07\\\/26\\\/hamilton-za-hiter-izpad-v-kvalifikacijah-krivi-komisarje\\\/#primaryimage\",\"url\":\"https:\\\/\\\/portalf1.si\\\/wp-content\\\/uploads\\\/2025\\\/07\\\/lewis-hamilton-ferrari.webp\",\"contentUrl\":\"https:\\\/\\\/portalf1.si\\\/wp-content\\\/uploads\\\/2025\\\/07\\\/lewis-hamilton-ferrari.webp\",\"width\":1200,\"height\":801},{\"@type\":\"BreadcrumbList\",\"@id\":\"https:\\\/\\\/portalf1.si\\\/index.php\\\/2025\\\/07\\\/26\\\/hamilton-za-hiter-izpad-v-kvalifikacijah-krivi-komisarje\\\/#breadcrumb\",\"itemListElement\":[{\"@type\":\"ListItem\",\"position\":1,\"name\":\"Home\",\"item\":\"https:\\\/\\\/portalf1.si\\\/\"},{\"@type\":\"ListItem\",\"position\":2,\"name\":\"Hamilton za hiter izpad v kvalifikacijah krivi komisarje\"}]},{\"@type\":\"WebSite\",\"@id\":\"https:\\\/\\\/portalf1.si\\\/#website\",\"url\":\"https:\\\/\\\/portalf1.si\\\/\",\"name\":\"Portal F1\",\"description\":\"Vstopite v svet hitrosti in adrenalina\",\"publisher\":{\"@id\":\"https:\\\/\\\/portalf1.si\\\/#organization\"},\"potentialAction\":[{\"@type\":\"SearchAction\",\"target\":{\"@type\":\"EntryPoint\",\"urlTemplate\":\"https:\\\/\\\/portalf1.si\\\/?s={search_term_string}\"},\"query-input\":{\"@type\":\"PropertyValueSpecification\",\"valueRequired\":true,\"valueName\":\"search_term_string\"}}],\"inLanguage\":\"sl-SI\"},{\"@type\":\"Organization\",\"@id\":\"https:\\\/\\\/portalf1.si\\\/#organization\",\"name\":\"Portal F1\",\"url\":\"https:\\\/\\\/portalf1.si\\\/\",\"logo\":{\"@type\":\"ImageObject\",\"inLanguage\":\"sl-SI\",\"@id\":\"https:\\\/\\\/portalf1.si\\\/#\\\/schema\\\/logo\\\/image\\\/\",\"url\":\"https:\\\/\\\/portalf1.si\\\/wp-content\\\/uploads\\\/2025\\\/02\\\/cropped-HiPaint_1738532868530.png\",\"contentUrl\":\"https:\\\/\\\/portalf1.si\\\/wp-content\\\/uploads\\\/2025\\\/02\\\/cropped-HiPaint_1738532868530.png\",\"width\":512,\"height\":512,\"caption\":\"Portal F1\"},\"image\":{\"@id\":\"https:\\\/\\\/portalf1.si\\\/#\\\/schema\\\/logo\\\/image\\\/\"},\"sameAs\":[\"https:\\\/\\\/www.facebook.com\\\/portalf1.si\\\/?locale=sl_SI\"]},{\"@type\":\"Person\",\"@id\":\"https:\\\/\\\/portalf1.si\\\/#\\\/schema\\\/person\\\/abfef3ba57233710daadfbdd742fecd5\",\"name\":\"Denis \u0160tojs\",\"image\":{\"@type\":\"ImageObject\",\"inLanguage\":\"sl-SI\",\"@id\":\"https:\\\/\\\/secure.gravatar.com\\\/avatar\\\/b006ce11dfb9c6e47e9de9803eefbdc14aa4afb445f3cca05acc735c22115b38?s=96&d=mm&r=g\",\"url\":\"https:\\\/\\\/secure.gravatar.com\\\/avatar\\\/b006ce11dfb9c6e47e9de9803eefbdc14aa4afb445f3cca05acc735c22115b38?s=96&d=mm&r=g\",\"contentUrl\":\"https:\\\/\\\/secure.gravatar.com\\\/avatar\\\/b006ce11dfb9c6e47e9de9803eefbdc14aa4afb445f3cca05acc735c22115b38?s=96&d=mm&r=g\",\"caption\":\"Denis \u0160tojs\"},\"sameAs\":[\"https:\\\/\\\/portalf1.si\"],\"url\":\"https:\\\/\\\/portalf1.si\\\/index.php\\\/author\\\/portalf1\\\/\"}]}<\/script>\n<!-- \/ Yoast SEO plugin. -->","yoast_head_json":{"title":"Hamilton za hiter izpad v kvalifikacijah krivi komisarje - Portal F1","description":"Hamilton je kvalifikacije Formule 1 za VN Belgije kon\u010dal \u017ee v prvem delu, saj so njegov drugi hitri krog izbrisali, s \u010dimer se ne strinja.","robots":{"index":"index","follow":"follow","max-snippet":"max-snippet:-1","max-image-preview":"max-image-preview:large","max-video-preview":"max-video-preview:-1"},"canonical":"https:\/\/portalf1.si\/index.php\/2025\/07\/26\/hamilton-za-hiter-izpad-v-kvalifikacijah-krivi-komisarje\/","og_locale":"sl_SI","og_type":"article","og_title":"Hamilton za hiter izpad v kvalifikacijah krivi komisarje - Portal F1","og_description":"Hamilton je kvalifikacije Formule 1 za VN Belgije kon\u010dal \u017ee v prvem delu, saj so njegov drugi hitri krog izbrisali, s \u010dimer se ne strinja.","og_url":"https:\/\/portalf1.si\/index.php\/2025\/07\/26\/hamilton-za-hiter-izpad-v-kvalifikacijah-krivi-komisarje\/","og_site_name":"Portal F1","article_publisher":"https:\/\/www.facebook.com\/portalf1.si\/?locale=sl_SI","article_published_time":"2025-07-26T23:59:54+00:00","og_image":[{"width":1200,"height":801,"url":"https:\/\/portalf1.si\/wp-content\/uploads\/2025\/07\/lewis-hamilton-ferrari.webp","type":"image\/jpeg"}],"author":"Denis \u0160tojs","twitter_card":"summary_large_image","twitter_misc":{"Written by":"Denis \u0160tojs","Est. reading time":"2 minuti"},"schema":{"@context":"https:\/\/schema.org","@graph":[{"@type":"Article","@id":"https:\/\/portalf1.si\/index.php\/2025\/07\/26\/hamilton-za-hiter-izpad-v-kvalifikacijah-krivi-komisarje\/#article","isPartOf":{"@id":"https:\/\/portalf1.si\/index.php\/2025\/07\/26\/hamilton-za-hiter-izpad-v-kvalifikacijah-krivi-komisarje\/"},"author":{"name":"Denis \u0160tojs","@id":"https:\/\/portalf1.si\/#\/schema\/person\/abfef3ba57233710daadfbdd742fecd5"},"headline":"Hamilton za hiter izpad v kvalifikacijah krivi komisarje","datePublished":"2025-07-26T23:59:54+00:00","mainEntityOfPage":{"@id":"https:\/\/portalf1.si\/index.php\/2025\/07\/26\/hamilton-za-hiter-izpad-v-kvalifikacijah-krivi-komisarje\/"},"wordCount":246,"commentCount":0,"publisher":{"@id":"https:\/\/portalf1.si\/#organization"},"image":{"@id":"https:\/\/portalf1.si\/index.php\/2025\/07\/26\/hamilton-za-hiter-izpad-v-kvalifikacijah-krivi-komisarje\/#primaryimage"},"thumbnailUrl":"https:\/\/portalf1.si\/wp-content\/uploads\/2025\/07\/lewis-hamilton-ferrari.webp","keywords":["F1","F1 2025","F1 Slovenija","Formula 1","Formula 1 2025","Formula 1 Slovenija","Lewis Hamilton","VN Belgije"],"articleSection":["Formula 1","Lewis Hamilton","Novice","VN Belgije"],"inLanguage":"sl-SI","potentialAction":[{"@type":"CommentAction","name":"Comment","target":["https:\/\/portalf1.si\/index.php\/2025\/07\/26\/hamilton-za-hiter-izpad-v-kvalifikacijah-krivi-komisarje\/#respond"]}]},{"@type":"WebPage","@id":"https:\/\/portalf1.si\/index.php\/2025\/07\/26\/hamilton-za-hiter-izpad-v-kvalifikacijah-krivi-komisarje\/","url":"https:\/\/portalf1.si\/index.php\/2025\/07\/26\/hamilton-za-hiter-izpad-v-kvalifikacijah-krivi-komisarje\/","name":"Hamilton za hiter izpad v kvalifikacijah krivi komisarje - Portal F1","isPartOf":{"@id":"https:\/\/portalf1.si\/#website"},"primaryImageOfPage":{"@id":"https:\/\/portalf1.si\/index.php\/2025\/07\/26\/hamilton-za-hiter-izpad-v-kvalifikacijah-krivi-komisarje\/#primaryimage"},"image":{"@id":"https:\/\/portalf1.si\/index.php\/2025\/07\/26\/hamilton-za-hiter-izpad-v-kvalifikacijah-krivi-komisarje\/#primaryimage"},"thumbnailUrl":"https:\/\/portalf1.si\/wp-content\/uploads\/2025\/07\/lewis-hamilton-ferrari.webp","datePublished":"2025-07-26T23:59:54+00:00","description":"Hamilton je kvalifikacije Formule 1 za VN Belgije kon\u010dal \u017ee v prvem delu, saj so njegov drugi hitri krog izbrisali, s \u010dimer se ne strinja.","breadcrumb":{"@id":"https:\/\/portalf1.si\/index.php\/2025\/07\/26\/hamilton-za-hiter-izpad-v-kvalifikacijah-krivi-komisarje\/#breadcrumb"},"inLanguage":"sl-SI","potentialAction":[{"@type":"ReadAction","target":["https:\/\/portalf1.si\/index.php\/2025\/07\/26\/hamilton-za-hiter-izpad-v-kvalifikacijah-krivi-komisarje\/"]}]},{"@type":"ImageObject","inLanguage":"sl-SI","@id":"https:\/\/portalf1.si\/index.php\/2025\/07\/26\/hamilton-za-hiter-izpad-v-kvalifikacijah-krivi-komisarje\/#primaryimage","url":"https:\/\/portalf1.si\/wp-content\/uploads\/2025\/07\/lewis-hamilton-ferrari.webp","contentUrl":"https:\/\/portalf1.si\/wp-content\/uploads\/2025\/07\/lewis-hamilton-ferrari.webp","width":1200,"height":801},{"@type":"BreadcrumbList","@id":"https:\/\/portalf1.si\/index.php\/2025\/07\/26\/hamilton-za-hiter-izpad-v-kvalifikacijah-krivi-komisarje\/#breadcrumb","itemListElement":[{"@type":"ListItem","position":1,"name":"Home","item":"https:\/\/portalf1.si\/"},{"@type":"ListItem","position":2,"name":"Hamilton za hiter izpad v kvalifikacijah krivi komisarje"}]},{"@type":"WebSite","@id":"https:\/\/portalf1.si\/#website","url":"https:\/\/portalf1.si\/","name":"Portal F1","description":"Vstopite v svet hitrosti in adrenalina","publisher":{"@id":"https:\/\/portalf1.si\/#organization"},"potentialAction":[{"@type":"SearchAction","target":{"@type":"EntryPoint","urlTemplate":"https:\/\/portalf1.si\/?s={search_term_string}"},"query-input":{"@type":"PropertyValueSpecification","valueRequired":true,"valueName":"search_term_string"}}],"inLanguage":"sl-SI"},{"@type":"Organization","@id":"https:\/\/portalf1.si\/#organization","name":"Portal F1","url":"https:\/\/portalf1.si\/","logo":{"@type":"ImageObject","inLanguage":"sl-SI","@id":"https:\/\/portalf1.si\/#\/schema\/logo\/image\/","url":"https:\/\/portalf1.si\/wp-content\/uploads\/2025\/02\/cropped-HiPaint_1738532868530.png","contentUrl":"https:\/\/portalf1.si\/wp-content\/uploads\/2025\/02\/cropped-HiPaint_1738532868530.png","width":512,"height":512,"caption":"Portal F1"},"image":{"@id":"https:\/\/portalf1.si\/#\/schema\/logo\/image\/"},"sameAs":["https:\/\/www.facebook.com\/portalf1.si\/?locale=sl_SI"]},{"@type":"Person","@id":"https:\/\/portalf1.si\/#\/schema\/person\/abfef3ba57233710daadfbdd742fecd5","name":"Denis \u0160tojs","image":{"@type":"ImageObject","inLanguage":"sl-SI","@id":"https:\/\/secure.gravatar.com\/avatar\/b006ce11dfb9c6e47e9de9803eefbdc14aa4afb445f3cca05acc735c22115b38?s=96&d=mm&r=g","url":"https:\/\/secure.gravatar.com\/avatar\/b006ce11dfb9c6e47e9de9803eefbdc14aa4afb445f3cca05acc735c22115b38?s=96&d=mm&r=g","contentUrl":"https:\/\/secure.gravatar.com\/avatar\/b006ce11dfb9c6e47e9de9803eefbdc14aa4afb445f3cca05acc735c22115b38?s=96&d=mm&r=g","caption":"Denis \u0160tojs"},"sameAs":["https:\/\/portalf1.si"],"url":"https:\/\/portalf1.si\/index.php\/author\/portalf1\/"}]}},"_links":{"self":[{"href":"https:\/\/portalf1.si\/index.php\/wp-json\/wp\/v2\/posts\/7222","targetHints":{"allow":["GET"]}}],"collection":[{"href":"https:\/\/portalf1.si\/index.php\/wp-json\/wp\/v2\/posts"}],"about":[{"href":"https:\/\/portalf1.si\/index.php\/wp-json\/wp\/v2\/types\/post"}],"author":[{"embeddable":true,"href":"https:\/\/portalf1.si\/index.php\/wp-json\/wp\/v2\/users\/1"}],"replies":[{"embeddable":true,"href":"https:\/\/portalf1.si\/index.php\/wp-json\/wp\/v2\/comments?post=7222"}],"version-history":[{"count":1,"href":"https:\/\/portalf1.si\/index.php\/wp-json\/wp\/v2\/posts\/7222\/revisions"}],"predecessor-version":[{"id":7224,"href":"https:\/\/portalf1.si\/index.php\/wp-json\/wp\/v2\/posts\/7222\/revisions\/7224"}],"wp:featuredmedia":[{"embeddable":true,"href":"https:\/\/portalf1.si\/index.php\/wp-json\/wp\/v2\/media\/7223"}],"wp:attachment":[{"href":"https:\/\/portalf1.si\/index.php\/wp-json\/wp\/v2\/media?parent=7222"}],"wp:term":[{"taxonomy":"category","embeddable":true,"href":"https:\/\/portalf1.si\/index.php\/wp-json\/wp\/v2\/categories?post=7222"},{"taxonomy":"post_tag","embeddable":true,"href":"https:\/\/portalf1.si\/index.php\/wp-json\/wp\/v2\/tags?post=7222"}],"curies":[{"name":"wp","href":"https:\/\/api.w.org\/{rel}","templated":true}]}}