{"id":7314,"date":"2025-07-30T16:04:59","date_gmt":"2025-07-30T16:04:59","guid":{"rendered":"https:\/\/portalf1.si\/?p=7314"},"modified":"2025-07-30T16:04:59","modified_gmt":"2025-07-30T16:04:59","slug":"hamilton-je-razkril-zakaj-ze-vec-let-ni-imel-dekleta","status":"publish","type":"post","link":"https:\/\/portalf1.si\/index.php\/2025\/07\/30\/hamilton-je-razkril-zakaj-ze-vec-let-ni-imel-dekleta\/","title":{"rendered":"Hamilton je razkril, zakaj \u017ee ve\u010d let ni imel dekleta"},"content":{"rendered":"<p><strong>Lewis Hamilton \u017ee dolgo \u010dasa ni bil v uradni zvezi. V iskrenem intervjuju je sedemkratni svetovni prvak Formule 1 pojasnil razloge za to in razkril, kako gleda na prihodnost.<\/strong><\/p>\n<p>Hamilton je eden redkih dirka\u010dev, ki trenutno nima partnerke. Britanca \u017ee leta niso videli z dekletom v paddocku. Tu in tam se sicer pojavijo fotografije z dekleti, a resne zveze \u017ee dolgo ni imel.<\/p>\n<p>Hamilton je v pogovoru za RTBF pojasnil, zakaj je samski. Kot ka\u017ee, gre za zavestno odlo\u010ditev. <em>&#8220;Gledam druge dirka\u010de in se spra\u0161ujem, kako jim uspeva. Nekateri imajo otroke, drugi so poro\u010deni, ve\u010dina ima punce.&#8221;<\/em><\/p>\n<p><em>&#8220;Jaz sem to po\u010del, ko sem bil v dvajsetih,&#8221;<\/em> je dodal Hamilton. <em>&#8220;Odlo\u010dil sem se, da bom res izkoristil \u010das, ki ga imam tu, ker ni tako dolg, kot si misli\u0161, da je.&#8221;<\/em><\/p>\n<p><em>&#8220;No\u010dem si neko\u010d re\u010di: &#8216;\u010ce bi se le tukaj malo bolj potrudil, \u010de ne bi svojega \u010dasa vlagal drugam, ker sem bil z nekom zavezan.'&#8221;<\/em> Po njegovih besedah bo za to spet prostor, ko se poslovil od Formule 1.<\/p>\n<blockquote>\n<p style=\"text-align: center;\"><em>&#8220;Zadnja leta, posebej zadnjih deset, sem se res osredoto\u010dil na to, da iz sebe iztisnem maksimum. Ko bom nehal dirkati, bom lahko po\u010del, kar bom hotel. Takrat bom svoj \u010das posvetil \u010demurkoli drugemu, brez skrbi. Toda zdaj, dokler traja to tekmovalno obdobje, je fokus na zdravju, po\u010dutju, mentalnem zdravju, tehniki vo\u017enje, ter tudi temu, da sem \u010dim bolj\u0161i mo\u0161tveni kolega.&#8221;<\/em><\/p>\n<\/blockquote>\n<blockquote class=\"wp-embedded-content\" data-secret=\"qJiHXPbx9U\"><p><a href=\"https:\/\/portalf1.si\/index.php\/2025\/07\/30\/neverjetno-televizijske-kamere-niso-pokazale-s-kaksnimi-tezavami-se-je-v-belgiji-spopadal-hamilton\/\">Neverjetno &#8211; televizijske kamere niso pokazale, s kak\u0161nimi te\u017eavami se je v Belgiji spopadal Hamilton<\/a><\/p><\/blockquote>\n<p><iframe loading=\"lazy\" class=\"wp-embedded-content\" sandbox=\"allow-scripts\" security=\"restricted\" style=\"position: absolute; visibility: hidden;\" title=\"&#8220;Neverjetno &#8211; televizijske kamere niso pokazale, s kak\u0161nimi te\u017eavami se je v Belgiji spopadal Hamilton&#8221; &#8212; Portal F1\" src=\"https:\/\/portalf1.si\/index.php\/2025\/07\/30\/neverjetno-televizijske-kamere-niso-pokazale-s-kaksnimi-tezavami-se-je-v-belgiji-spopadal-hamilton\/embed\/#?secret=7sshvyb9om#?secret=qJiHXPbx9U\" data-secret=\"qJiHXPbx9U\" width=\"600\" height=\"338\" frameborder=\"0\" marginwidth=\"0\" marginheight=\"0\" scrolling=\"no\"><\/iframe><\/p>\n","protected":false},"excerpt":{"rendered":"<p>Lewis Hamilton \u017ee dolgo \u010dasa ni bil v uradni zvezi. V iskrenem intervjuju je sedemkratni svetovni prvak Formule 1 pojasnil razloge za to in razkril, kako gleda na prihodnost. Hamilton je eden redkih dirka\u010dev, ki trenutno nima partnerke. Britanca \u017ee leta niso videli z dekletom v paddocku. Tu in tam se sicer pojavijo fotografije z [&hellip;]<\/p>\n","protected":false},"author":1,"featured_media":7315,"comment_status":"open","ping_status":"open","sticky":false,"template":"","format":"standard","meta":{"footnotes":""},"categories":[30,41,31,33],"tags":[44,50,159,46,45,51,158,42],"class_list":["post-7314","post","type-post","status-publish","format-standard","has-post-thumbnail","hentry","category-formula-1","category-lewis-hamilton","category-novice","category-zanimivosti","tag-f1","tag-f1-2025","tag-f1-slovenija","tag-ferrari","tag-formula-1","tag-formula-1-2025","tag-formula-1-slovenija","tag-lewis-hamilton"],"blocksy_meta":[],"yoast_head":"<!-- This site is optimized with the Yoast SEO plugin v27.4 - https:\/\/yoast.com\/product\/yoast-seo-wordpress\/ -->\n<title>Hamilton je razkril, zakaj \u017ee ve\u010d let ni imel dekleta - Portal F1<\/title>\n<meta name=\"description\" content=\"Lewis Hamilton \u017ee dolgo \u010dasa ni bil v uradni zvezi. V iskrenem intervjuju je sedemkratni svetovni prvak Formule 1 pojasnil razloge za to .\" \/>\n<meta name=\"robots\" content=\"index, follow, max-snippet:-1, max-image-preview:large, max-video-preview:-1\" \/>\n<link rel=\"canonical\" href=\"https:\/\/portalf1.si\/index.php\/2025\/07\/30\/hamilton-je-razkril-zakaj-ze-vec-let-ni-imel-dekleta\/\" \/>\n<meta property=\"og:locale\" content=\"sl_SI\" \/>\n<meta property=\"og:type\" content=\"article\" \/>\n<meta property=\"og:title\" content=\"Hamilton je razkril, zakaj \u017ee ve\u010d let ni imel dekleta - Portal F1\" \/>\n<meta property=\"og:description\" content=\"Lewis Hamilton \u017ee dolgo \u010dasa ni bil v uradni zvezi. V iskrenem intervjuju je sedemkratni svetovni prvak Formule 1 pojasnil razloge za to .\" \/>\n<meta property=\"og:url\" content=\"https:\/\/portalf1.si\/index.php\/2025\/07\/30\/hamilton-je-razkril-zakaj-ze-vec-let-ni-imel-dekleta\/\" \/>\n<meta property=\"og:site_name\" content=\"Portal F1\" \/>\n<meta property=\"article:publisher\" content=\"https:\/\/www.facebook.com\/portalf1.si\/?locale=sl_SI\" \/>\n<meta property=\"article:published_time\" content=\"2025-07-30T16:04:59+00:00\" \/>\n<meta property=\"og:image\" content=\"https:\/\/portalf1.si\/wp-content\/uploads\/2025\/07\/2213599573-scaled.webp\" \/>\n\t<meta property=\"og:image:width\" content=\"2560\" \/>\n\t<meta property=\"og:image:height\" content=\"1920\" \/>\n\t<meta property=\"og:image:type\" content=\"image\/jpeg\" \/>\n<meta name=\"author\" content=\"Denis \u0160tojs\" \/>\n<meta name=\"twitter:card\" content=\"summary_large_image\" \/>\n<meta name=\"twitter:label1\" content=\"Written by\" \/>\n\t<meta name=\"twitter:data1\" content=\"Denis \u0160tojs\" \/>\n\t<meta name=\"twitter:label2\" content=\"Est. reading time\" \/>\n\t<meta name=\"twitter:data2\" content=\"2 minuti\" \/>\n<script type=\"application\/ld+json\" class=\"yoast-schema-graph\">{\"@context\":\"https:\\\/\\\/schema.org\",\"@graph\":[{\"@type\":\"Article\",\"@id\":\"https:\\\/\\\/portalf1.si\\\/index.php\\\/2025\\\/07\\\/30\\\/hamilton-je-razkril-zakaj-ze-vec-let-ni-imel-dekleta\\\/#article\",\"isPartOf\":{\"@id\":\"https:\\\/\\\/portalf1.si\\\/index.php\\\/2025\\\/07\\\/30\\\/hamilton-je-razkril-zakaj-ze-vec-let-ni-imel-dekleta\\\/\"},\"author\":{\"name\":\"Denis \u0160tojs\",\"@id\":\"https:\\\/\\\/portalf1.si\\\/#\\\/schema\\\/person\\\/abfef3ba57233710daadfbdd742fecd5\"},\"headline\":\"Hamilton je razkril, zakaj \u017ee ve\u010d let ni imel dekleta\",\"datePublished\":\"2025-07-30T16:04:59+00:00\",\"mainEntityOfPage\":{\"@id\":\"https:\\\/\\\/portalf1.si\\\/index.php\\\/2025\\\/07\\\/30\\\/hamilton-je-razkril-zakaj-ze-vec-let-ni-imel-dekleta\\\/\"},\"wordCount\":262,\"commentCount\":0,\"publisher\":{\"@id\":\"https:\\\/\\\/portalf1.si\\\/#organization\"},\"image\":{\"@id\":\"https:\\\/\\\/portalf1.si\\\/index.php\\\/2025\\\/07\\\/30\\\/hamilton-je-razkril-zakaj-ze-vec-let-ni-imel-dekleta\\\/#primaryimage\"},\"thumbnailUrl\":\"https:\\\/\\\/portalf1.si\\\/wp-content\\\/uploads\\\/2025\\\/07\\\/2213599573-scaled.webp\",\"keywords\":[\"F1\",\"F1 2025\",\"F1 Slovenija\",\"Ferrari\",\"Formula 1\",\"Formula 1 2025\",\"Formula 1 Slovenija\",\"Lewis Hamilton\"],\"articleSection\":[\"Formula 1\",\"Lewis Hamilton\",\"Novice\",\"Zanimivosti\"],\"inLanguage\":\"sl-SI\",\"potentialAction\":[{\"@type\":\"CommentAction\",\"name\":\"Comment\",\"target\":[\"https:\\\/\\\/portalf1.si\\\/index.php\\\/2025\\\/07\\\/30\\\/hamilton-je-razkril-zakaj-ze-vec-let-ni-imel-dekleta\\\/#respond\"]}]},{\"@type\":\"WebPage\",\"@id\":\"https:\\\/\\\/portalf1.si\\\/index.php\\\/2025\\\/07\\\/30\\\/hamilton-je-razkril-zakaj-ze-vec-let-ni-imel-dekleta\\\/\",\"url\":\"https:\\\/\\\/portalf1.si\\\/index.php\\\/2025\\\/07\\\/30\\\/hamilton-je-razkril-zakaj-ze-vec-let-ni-imel-dekleta\\\/\",\"name\":\"Hamilton je razkril, zakaj \u017ee ve\u010d let ni imel dekleta - Portal F1\",\"isPartOf\":{\"@id\":\"https:\\\/\\\/portalf1.si\\\/#website\"},\"primaryImageOfPage\":{\"@id\":\"https:\\\/\\\/portalf1.si\\\/index.php\\\/2025\\\/07\\\/30\\\/hamilton-je-razkril-zakaj-ze-vec-let-ni-imel-dekleta\\\/#primaryimage\"},\"image\":{\"@id\":\"https:\\\/\\\/portalf1.si\\\/index.php\\\/2025\\\/07\\\/30\\\/hamilton-je-razkril-zakaj-ze-vec-let-ni-imel-dekleta\\\/#primaryimage\"},\"thumbnailUrl\":\"https:\\\/\\\/portalf1.si\\\/wp-content\\\/uploads\\\/2025\\\/07\\\/2213599573-scaled.webp\",\"datePublished\":\"2025-07-30T16:04:59+00:00\",\"description\":\"Lewis Hamilton \u017ee dolgo \u010dasa ni bil v uradni zvezi. V iskrenem intervjuju je sedemkratni svetovni prvak Formule 1 pojasnil razloge za to .\",\"breadcrumb\":{\"@id\":\"https:\\\/\\\/portalf1.si\\\/index.php\\\/2025\\\/07\\\/30\\\/hamilton-je-razkril-zakaj-ze-vec-let-ni-imel-dekleta\\\/#breadcrumb\"},\"inLanguage\":\"sl-SI\",\"potentialAction\":[{\"@type\":\"ReadAction\",\"target\":[\"https:\\\/\\\/portalf1.si\\\/index.php\\\/2025\\\/07\\\/30\\\/hamilton-je-razkril-zakaj-ze-vec-let-ni-imel-dekleta\\\/\"]}]},{\"@type\":\"ImageObject\",\"inLanguage\":\"sl-SI\",\"@id\":\"https:\\\/\\\/portalf1.si\\\/index.php\\\/2025\\\/07\\\/30\\\/hamilton-je-razkril-zakaj-ze-vec-let-ni-imel-dekleta\\\/#primaryimage\",\"url\":\"https:\\\/\\\/portalf1.si\\\/wp-content\\\/uploads\\\/2025\\\/07\\\/2213599573-scaled.webp\",\"contentUrl\":\"https:\\\/\\\/portalf1.si\\\/wp-content\\\/uploads\\\/2025\\\/07\\\/2213599573-scaled.webp\",\"width\":2560,\"height\":1920},{\"@type\":\"BreadcrumbList\",\"@id\":\"https:\\\/\\\/portalf1.si\\\/index.php\\\/2025\\\/07\\\/30\\\/hamilton-je-razkril-zakaj-ze-vec-let-ni-imel-dekleta\\\/#breadcrumb\",\"itemListElement\":[{\"@type\":\"ListItem\",\"position\":1,\"name\":\"Home\",\"item\":\"https:\\\/\\\/portalf1.si\\\/\"},{\"@type\":\"ListItem\",\"position\":2,\"name\":\"Hamilton je razkril, zakaj \u017ee ve\u010d let ni imel dekleta\"}]},{\"@type\":\"WebSite\",\"@id\":\"https:\\\/\\\/portalf1.si\\\/#website\",\"url\":\"https:\\\/\\\/portalf1.si\\\/\",\"name\":\"Portal F1\",\"description\":\"Vstopite v svet hitrosti in adrenalina\",\"publisher\":{\"@id\":\"https:\\\/\\\/portalf1.si\\\/#organization\"},\"potentialAction\":[{\"@type\":\"SearchAction\",\"target\":{\"@type\":\"EntryPoint\",\"urlTemplate\":\"https:\\\/\\\/portalf1.si\\\/?s={search_term_string}\"},\"query-input\":{\"@type\":\"PropertyValueSpecification\",\"valueRequired\":true,\"valueName\":\"search_term_string\"}}],\"inLanguage\":\"sl-SI\"},{\"@type\":\"Organization\",\"@id\":\"https:\\\/\\\/portalf1.si\\\/#organization\",\"name\":\"Portal F1\",\"url\":\"https:\\\/\\\/portalf1.si\\\/\",\"logo\":{\"@type\":\"ImageObject\",\"inLanguage\":\"sl-SI\",\"@id\":\"https:\\\/\\\/portalf1.si\\\/#\\\/schema\\\/logo\\\/image\\\/\",\"url\":\"https:\\\/\\\/portalf1.si\\\/wp-content\\\/uploads\\\/2025\\\/02\\\/cropped-HiPaint_1738532868530.png\",\"contentUrl\":\"https:\\\/\\\/portalf1.si\\\/wp-content\\\/uploads\\\/2025\\\/02\\\/cropped-HiPaint_1738532868530.png\",\"width\":512,\"height\":512,\"caption\":\"Portal F1\"},\"image\":{\"@id\":\"https:\\\/\\\/portalf1.si\\\/#\\\/schema\\\/logo\\\/image\\\/\"},\"sameAs\":[\"https:\\\/\\\/www.facebook.com\\\/portalf1.si\\\/?locale=sl_SI\"]},{\"@type\":\"Person\",\"@id\":\"https:\\\/\\\/portalf1.si\\\/#\\\/schema\\\/person\\\/abfef3ba57233710daadfbdd742fecd5\",\"name\":\"Denis \u0160tojs\",\"image\":{\"@type\":\"ImageObject\",\"inLanguage\":\"sl-SI\",\"@id\":\"https:\\\/\\\/secure.gravatar.com\\\/avatar\\\/b006ce11dfb9c6e47e9de9803eefbdc14aa4afb445f3cca05acc735c22115b38?s=96&d=mm&r=g\",\"url\":\"https:\\\/\\\/secure.gravatar.com\\\/avatar\\\/b006ce11dfb9c6e47e9de9803eefbdc14aa4afb445f3cca05acc735c22115b38?s=96&d=mm&r=g\",\"contentUrl\":\"https:\\\/\\\/secure.gravatar.com\\\/avatar\\\/b006ce11dfb9c6e47e9de9803eefbdc14aa4afb445f3cca05acc735c22115b38?s=96&d=mm&r=g\",\"caption\":\"Denis \u0160tojs\"},\"sameAs\":[\"https:\\\/\\\/portalf1.si\"],\"url\":\"https:\\\/\\\/portalf1.si\\\/index.php\\\/author\\\/portalf1\\\/\"}]}<\/script>\n<!-- \/ Yoast SEO plugin. -->","yoast_head_json":{"title":"Hamilton je razkril, zakaj \u017ee ve\u010d let ni imel dekleta - Portal F1","description":"Lewis Hamilton \u017ee dolgo \u010dasa ni bil v uradni zvezi. V iskrenem intervjuju je sedemkratni svetovni prvak Formule 1 pojasnil razloge za to .","robots":{"index":"index","follow":"follow","max-snippet":"max-snippet:-1","max-image-preview":"max-image-preview:large","max-video-preview":"max-video-preview:-1"},"canonical":"https:\/\/portalf1.si\/index.php\/2025\/07\/30\/hamilton-je-razkril-zakaj-ze-vec-let-ni-imel-dekleta\/","og_locale":"sl_SI","og_type":"article","og_title":"Hamilton je razkril, zakaj \u017ee ve\u010d let ni imel dekleta - Portal F1","og_description":"Lewis Hamilton \u017ee dolgo \u010dasa ni bil v uradni zvezi. V iskrenem intervjuju je sedemkratni svetovni prvak Formule 1 pojasnil razloge za to .","og_url":"https:\/\/portalf1.si\/index.php\/2025\/07\/30\/hamilton-je-razkril-zakaj-ze-vec-let-ni-imel-dekleta\/","og_site_name":"Portal F1","article_publisher":"https:\/\/www.facebook.com\/portalf1.si\/?locale=sl_SI","article_published_time":"2025-07-30T16:04:59+00:00","og_image":[{"width":2560,"height":1920,"url":"https:\/\/portalf1.si\/wp-content\/uploads\/2025\/07\/2213599573-scaled.webp","type":"image\/jpeg"}],"author":"Denis \u0160tojs","twitter_card":"summary_large_image","twitter_misc":{"Written by":"Denis \u0160tojs","Est. reading time":"2 minuti"},"schema":{"@context":"https:\/\/schema.org","@graph":[{"@type":"Article","@id":"https:\/\/portalf1.si\/index.php\/2025\/07\/30\/hamilton-je-razkril-zakaj-ze-vec-let-ni-imel-dekleta\/#article","isPartOf":{"@id":"https:\/\/portalf1.si\/index.php\/2025\/07\/30\/hamilton-je-razkril-zakaj-ze-vec-let-ni-imel-dekleta\/"},"author":{"name":"Denis \u0160tojs","@id":"https:\/\/portalf1.si\/#\/schema\/person\/abfef3ba57233710daadfbdd742fecd5"},"headline":"Hamilton je razkril, zakaj \u017ee ve\u010d let ni imel dekleta","datePublished":"2025-07-30T16:04:59+00:00","mainEntityOfPage":{"@id":"https:\/\/portalf1.si\/index.php\/2025\/07\/30\/hamilton-je-razkril-zakaj-ze-vec-let-ni-imel-dekleta\/"},"wordCount":262,"commentCount":0,"publisher":{"@id":"https:\/\/portalf1.si\/#organization"},"image":{"@id":"https:\/\/portalf1.si\/index.php\/2025\/07\/30\/hamilton-je-razkril-zakaj-ze-vec-let-ni-imel-dekleta\/#primaryimage"},"thumbnailUrl":"https:\/\/portalf1.si\/wp-content\/uploads\/2025\/07\/2213599573-scaled.webp","keywords":["F1","F1 2025","F1 Slovenija","Ferrari","Formula 1","Formula 1 2025","Formula 1 Slovenija","Lewis Hamilton"],"articleSection":["Formula 1","Lewis Hamilton","Novice","Zanimivosti"],"inLanguage":"sl-SI","potentialAction":[{"@type":"CommentAction","name":"Comment","target":["https:\/\/portalf1.si\/index.php\/2025\/07\/30\/hamilton-je-razkril-zakaj-ze-vec-let-ni-imel-dekleta\/#respond"]}]},{"@type":"WebPage","@id":"https:\/\/portalf1.si\/index.php\/2025\/07\/30\/hamilton-je-razkril-zakaj-ze-vec-let-ni-imel-dekleta\/","url":"https:\/\/portalf1.si\/index.php\/2025\/07\/30\/hamilton-je-razkril-zakaj-ze-vec-let-ni-imel-dekleta\/","name":"Hamilton je razkril, zakaj \u017ee ve\u010d let ni imel dekleta - Portal F1","isPartOf":{"@id":"https:\/\/portalf1.si\/#website"},"primaryImageOfPage":{"@id":"https:\/\/portalf1.si\/index.php\/2025\/07\/30\/hamilton-je-razkril-zakaj-ze-vec-let-ni-imel-dekleta\/#primaryimage"},"image":{"@id":"https:\/\/portalf1.si\/index.php\/2025\/07\/30\/hamilton-je-razkril-zakaj-ze-vec-let-ni-imel-dekleta\/#primaryimage"},"thumbnailUrl":"https:\/\/portalf1.si\/wp-content\/uploads\/2025\/07\/2213599573-scaled.webp","datePublished":"2025-07-30T16:04:59+00:00","description":"Lewis Hamilton \u017ee dolgo \u010dasa ni bil v uradni zvezi. V iskrenem intervjuju je sedemkratni svetovni prvak Formule 1 pojasnil razloge za to .","breadcrumb":{"@id":"https:\/\/portalf1.si\/index.php\/2025\/07\/30\/hamilton-je-razkril-zakaj-ze-vec-let-ni-imel-dekleta\/#breadcrumb"},"inLanguage":"sl-SI","potentialAction":[{"@type":"ReadAction","target":["https:\/\/portalf1.si\/index.php\/2025\/07\/30\/hamilton-je-razkril-zakaj-ze-vec-let-ni-imel-dekleta\/"]}]},{"@type":"ImageObject","inLanguage":"sl-SI","@id":"https:\/\/portalf1.si\/index.php\/2025\/07\/30\/hamilton-je-razkril-zakaj-ze-vec-let-ni-imel-dekleta\/#primaryimage","url":"https:\/\/portalf1.si\/wp-content\/uploads\/2025\/07\/2213599573-scaled.webp","contentUrl":"https:\/\/portalf1.si\/wp-content\/uploads\/2025\/07\/2213599573-scaled.webp","width":2560,"height":1920},{"@type":"BreadcrumbList","@id":"https:\/\/portalf1.si\/index.php\/2025\/07\/30\/hamilton-je-razkril-zakaj-ze-vec-let-ni-imel-dekleta\/#breadcrumb","itemListElement":[{"@type":"ListItem","position":1,"name":"Home","item":"https:\/\/portalf1.si\/"},{"@type":"ListItem","position":2,"name":"Hamilton je razkril, zakaj \u017ee ve\u010d let ni imel dekleta"}]},{"@type":"WebSite","@id":"https:\/\/portalf1.si\/#website","url":"https:\/\/portalf1.si\/","name":"Portal F1","description":"Vstopite v svet hitrosti in adrenalina","publisher":{"@id":"https:\/\/portalf1.si\/#organization"},"potentialAction":[{"@type":"SearchAction","target":{"@type":"EntryPoint","urlTemplate":"https:\/\/portalf1.si\/?s={search_term_string}"},"query-input":{"@type":"PropertyValueSpecification","valueRequired":true,"valueName":"search_term_string"}}],"inLanguage":"sl-SI"},{"@type":"Organization","@id":"https:\/\/portalf1.si\/#organization","name":"Portal F1","url":"https:\/\/portalf1.si\/","logo":{"@type":"ImageObject","inLanguage":"sl-SI","@id":"https:\/\/portalf1.si\/#\/schema\/logo\/image\/","url":"https:\/\/portalf1.si\/wp-content\/uploads\/2025\/02\/cropped-HiPaint_1738532868530.png","contentUrl":"https:\/\/portalf1.si\/wp-content\/uploads\/2025\/02\/cropped-HiPaint_1738532868530.png","width":512,"height":512,"caption":"Portal F1"},"image":{"@id":"https:\/\/portalf1.si\/#\/schema\/logo\/image\/"},"sameAs":["https:\/\/www.facebook.com\/portalf1.si\/?locale=sl_SI"]},{"@type":"Person","@id":"https:\/\/portalf1.si\/#\/schema\/person\/abfef3ba57233710daadfbdd742fecd5","name":"Denis \u0160tojs","image":{"@type":"ImageObject","inLanguage":"sl-SI","@id":"https:\/\/secure.gravatar.com\/avatar\/b006ce11dfb9c6e47e9de9803eefbdc14aa4afb445f3cca05acc735c22115b38?s=96&d=mm&r=g","url":"https:\/\/secure.gravatar.com\/avatar\/b006ce11dfb9c6e47e9de9803eefbdc14aa4afb445f3cca05acc735c22115b38?s=96&d=mm&r=g","contentUrl":"https:\/\/secure.gravatar.com\/avatar\/b006ce11dfb9c6e47e9de9803eefbdc14aa4afb445f3cca05acc735c22115b38?s=96&d=mm&r=g","caption":"Denis \u0160tojs"},"sameAs":["https:\/\/portalf1.si"],"url":"https:\/\/portalf1.si\/index.php\/author\/portalf1\/"}]}},"_links":{"self":[{"href":"https:\/\/portalf1.si\/index.php\/wp-json\/wp\/v2\/posts\/7314","targetHints":{"allow":["GET"]}}],"collection":[{"href":"https:\/\/portalf1.si\/index.php\/wp-json\/wp\/v2\/posts"}],"about":[{"href":"https:\/\/portalf1.si\/index.php\/wp-json\/wp\/v2\/types\/post"}],"author":[{"embeddable":true,"href":"https:\/\/portalf1.si\/index.php\/wp-json\/wp\/v2\/users\/1"}],"replies":[{"embeddable":true,"href":"https:\/\/portalf1.si\/index.php\/wp-json\/wp\/v2\/comments?post=7314"}],"version-history":[{"count":1,"href":"https:\/\/portalf1.si\/index.php\/wp-json\/wp\/v2\/posts\/7314\/revisions"}],"predecessor-version":[{"id":7316,"href":"https:\/\/portalf1.si\/index.php\/wp-json\/wp\/v2\/posts\/7314\/revisions\/7316"}],"wp:featuredmedia":[{"embeddable":true,"href":"https:\/\/portalf1.si\/index.php\/wp-json\/wp\/v2\/media\/7315"}],"wp:attachment":[{"href":"https:\/\/portalf1.si\/index.php\/wp-json\/wp\/v2\/media?parent=7314"}],"wp:term":[{"taxonomy":"category","embeddable":true,"href":"https:\/\/portalf1.si\/index.php\/wp-json\/wp\/v2\/categories?post=7314"},{"taxonomy":"post_tag","embeddable":true,"href":"https:\/\/portalf1.si\/index.php\/wp-json\/wp\/v2\/tags?post=7314"}],"curies":[{"name":"wp","href":"https:\/\/api.w.org\/{rel}","templated":true}]}}