{"id":7318,"date":"2025-07-30T21:34:50","date_gmt":"2025-07-30T21:34:50","guid":{"rendered":"https:\/\/portalf1.si\/?p=7318"},"modified":"2025-07-30T21:34:50","modified_gmt":"2025-07-30T21:34:50","slug":"ne-boste-verjeli-kaksne-case-je-verstappen-postavil-na-nurburgringu","status":"publish","type":"post","link":"https:\/\/portalf1.si\/index.php\/2025\/07\/30\/ne-boste-verjeli-kaksne-case-je-verstappen-postavil-na-nurburgringu\/","title":{"rendered":"Ne boste verjeli, kak\u0161ne \u010dase je Verstappen postavil na N\u00fcrburgringu"},"content":{"rendered":"<p><strong>Pred nekaj meseci je bilo v Formuli 1 veliko govora o Franzu Hermannu, psevdonimu, ki ga je med testiranjem na znamenitem nem\u0161kem Nordschleifu uporabil Max Verstappen. Dirka\u010d Red Bulla je test opravil med prostim vikendom, zdaj pa je razkril, kak\u0161ne \u010dase je takrat dosegel.<\/strong><\/p>\n<p><em>&#8220;Prvi krog je bil takoj 7:56, kar je bilo dobro. Mislim, da je bil nekaj tednov prej \u010das za pole 7:51. Vozili smo s polnim rezervoarjem, ker sem hotel odpeljati ve\u010d krogov zapored,&#8221;<\/em> je Verstappen povedal v videu Ford Performance.<\/p>\n<p><em>&#8220;Drugi krog je bil 7:54. Potem sem \u0161el v bokse in prepustil stint drugemu dirka\u010du. Nato sem se vrnil na stezo z novimi gumami in odpeljal 7:48. To je bilo lepo. Avto se je peljal res dobro, predvsem pa sem se po\u010dutil udobno, ker sem \u017ee prej odpeljal na tiso\u010de krogov v simulatorju,&#8221;<\/em> je dodal.<\/p>\n<p>V istem videu je pojasnil tudi, kako je pri\u0161lo do njegovega psevdonima. <em>&#8220;Pri ekipi Emil Frey, s katero vozimo GT3 avto, so mi rekli, da lahko vozim pod psevdonimom. \u017delel sem si, da zveni \u010dim bolj nem\u0161ko. Tako sem rekel: Franz Hermann. Sli\u0161alo se mi je dobro. \u010ce uporabi\u0161 znano ime, te bodo ljudje takoj prepoznali, zato sem si mislil, da bom to raje prepre\u010dil.&#8221;<\/em><\/p>\n<blockquote class=\"wp-embedded-content\" data-secret=\"2k59sANVZz\"><p><a href=\"https:\/\/portalf1.si\/index.php\/2025\/05\/13\/kako-je-verstappen-z-rekordom-na-nurburgringu-sokiral-vse-navzoce\/\">Kako je Verstappen z rekordom na N\u00fcrburgringu \u0161okiral vse navzo\u010de<\/a><\/p><\/blockquote>\n<p><iframe loading=\"lazy\" class=\"wp-embedded-content\" sandbox=\"allow-scripts\" security=\"restricted\" style=\"position: absolute; visibility: hidden;\" title=\"&#8220;Kako je Verstappen z rekordom na N\u00fcrburgringu \u0161okiral vse navzo\u010de&#8221; &#8212; Portal F1\" src=\"https:\/\/portalf1.si\/index.php\/2025\/05\/13\/kako-je-verstappen-z-rekordom-na-nurburgringu-sokiral-vse-navzoce\/embed\/#?secret=VIJ1mlyI7r#?secret=2k59sANVZz\" data-secret=\"2k59sANVZz\" width=\"600\" height=\"338\" frameborder=\"0\" marginwidth=\"0\" marginheight=\"0\" scrolling=\"no\"><\/iframe><\/p>\n","protected":false},"excerpt":{"rendered":"<p>Pred nekaj meseci je bilo v Formuli 1 veliko govora o Franzu Hermannu, psevdonimu, ki ga je med testiranjem na znamenitem nem\u0161kem Nordschleifu uporabil Max Verstappen. Dirka\u010d Red Bulla je test opravil med prostim vikendom, zdaj pa je razkril, kak\u0161ne \u010dase je takrat dosegel. &#8220;Prvi krog je bil takoj 7:56, kar je bilo dobro. Mislim, [&hellip;]<\/p>\n","protected":false},"author":1,"featured_media":5468,"comment_status":"open","ping_status":"open","sticky":false,"template":"","format":"standard","meta":{"footnotes":""},"categories":[30,63,31,261,33],"tags":[44,50,159,45,51,158,262],"class_list":["post-7318","post","type-post","status-publish","format-standard","has-post-thumbnail","hentry","category-formula-1","category-max-verstappen","category-novice","category-nurburgring","category-zanimivosti","tag-f1","tag-f1-2025","tag-f1-slovenija","tag-formula-1","tag-formula-1-2025","tag-formula-1-slovenija","tag-nurburgring"],"blocksy_meta":[],"yoast_head":"<!-- This site is optimized with the Yoast SEO plugin v27.4 - https:\/\/yoast.com\/product\/yoast-seo-wordpress\/ -->\n<title>Ne boste verjeli, kak\u0161ne \u010dase je Verstappen postavil na N\u00fcrburgringu - Portal F1<\/title>\n<meta name=\"description\" content=\"Nedavno je bilo v Formuli 1 veliko govora o Franzu Hermannu, psevdonimu, ki ga je med testiranjem na Nordschleifu uporabil Max Verstappen\" \/>\n<meta name=\"robots\" content=\"index, follow, max-snippet:-1, max-image-preview:large, max-video-preview:-1\" \/>\n<link rel=\"canonical\" href=\"https:\/\/portalf1.si\/index.php\/2025\/07\/30\/ne-boste-verjeli-kaksne-case-je-verstappen-postavil-na-nurburgringu\/\" \/>\n<meta property=\"og:locale\" content=\"sl_SI\" \/>\n<meta property=\"og:type\" content=\"article\" \/>\n<meta property=\"og:title\" content=\"Ne boste verjeli, kak\u0161ne \u010dase je Verstappen postavil na N\u00fcrburgringu - Portal F1\" \/>\n<meta property=\"og:description\" content=\"Nedavno je bilo v Formuli 1 veliko govora o Franzu Hermannu, psevdonimu, ki ga je med testiranjem na Nordschleifu uporabil Max Verstappen\" \/>\n<meta property=\"og:url\" content=\"https:\/\/portalf1.si\/index.php\/2025\/07\/30\/ne-boste-verjeli-kaksne-case-je-verstappen-postavil-na-nurburgringu\/\" \/>\n<meta property=\"og:site_name\" content=\"Portal F1\" \/>\n<meta property=\"article:publisher\" content=\"https:\/\/www.facebook.com\/portalf1.si\/?locale=sl_SI\" \/>\n<meta property=\"article:published_time\" content=\"2025-07-30T21:34:50+00:00\" \/>\n<meta property=\"og:image\" content=\"https:\/\/portalf1.si\/wp-content\/uploads\/2025\/05\/teaserraw32.webp\" \/>\n\t<meta property=\"og:image:width\" content=\"978\" \/>\n\t<meta property=\"og:image:height\" content=\"650\" \/>\n\t<meta property=\"og:image:type\" content=\"image\/jpeg\" \/>\n<meta name=\"author\" content=\"Denis \u0160tojs\" \/>\n<meta name=\"twitter:card\" content=\"summary_large_image\" \/>\n<meta name=\"twitter:label1\" content=\"Written by\" \/>\n\t<meta name=\"twitter:data1\" content=\"Denis \u0160tojs\" \/>\n\t<meta name=\"twitter:label2\" content=\"Est. reading time\" \/>\n\t<meta name=\"twitter:data2\" content=\"2 minuti\" \/>\n<script type=\"application\/ld+json\" class=\"yoast-schema-graph\">{\"@context\":\"https:\\\/\\\/schema.org\",\"@graph\":[{\"@type\":\"Article\",\"@id\":\"https:\\\/\\\/portalf1.si\\\/index.php\\\/2025\\\/07\\\/30\\\/ne-boste-verjeli-kaksne-case-je-verstappen-postavil-na-nurburgringu\\\/#article\",\"isPartOf\":{\"@id\":\"https:\\\/\\\/portalf1.si\\\/index.php\\\/2025\\\/07\\\/30\\\/ne-boste-verjeli-kaksne-case-je-verstappen-postavil-na-nurburgringu\\\/\"},\"author\":{\"name\":\"Denis \u0160tojs\",\"@id\":\"https:\\\/\\\/portalf1.si\\\/#\\\/schema\\\/person\\\/abfef3ba57233710daadfbdd742fecd5\"},\"headline\":\"Ne boste verjeli, kak\u0161ne \u010dase je Verstappen postavil na N\u00fcrburgringu\",\"datePublished\":\"2025-07-30T21:34:50+00:00\",\"mainEntityOfPage\":{\"@id\":\"https:\\\/\\\/portalf1.si\\\/index.php\\\/2025\\\/07\\\/30\\\/ne-boste-verjeli-kaksne-case-je-verstappen-postavil-na-nurburgringu\\\/\"},\"wordCount\":226,\"commentCount\":0,\"publisher\":{\"@id\":\"https:\\\/\\\/portalf1.si\\\/#organization\"},\"image\":{\"@id\":\"https:\\\/\\\/portalf1.si\\\/index.php\\\/2025\\\/07\\\/30\\\/ne-boste-verjeli-kaksne-case-je-verstappen-postavil-na-nurburgringu\\\/#primaryimage\"},\"thumbnailUrl\":\"https:\\\/\\\/portalf1.si\\\/wp-content\\\/uploads\\\/2025\\\/05\\\/teaserraw32.webp\",\"keywords\":[\"F1\",\"F1 2025\",\"F1 Slovenija\",\"Formula 1\",\"Formula 1 2025\",\"Formula 1 Slovenija\",\"N\u00fcrburgring\"],\"articleSection\":[\"Formula 1\",\"Max Verstappen\",\"Novice\",\"N\u00fcrburgring\",\"Zanimivosti\"],\"inLanguage\":\"sl-SI\",\"potentialAction\":[{\"@type\":\"CommentAction\",\"name\":\"Comment\",\"target\":[\"https:\\\/\\\/portalf1.si\\\/index.php\\\/2025\\\/07\\\/30\\\/ne-boste-verjeli-kaksne-case-je-verstappen-postavil-na-nurburgringu\\\/#respond\"]}]},{\"@type\":\"WebPage\",\"@id\":\"https:\\\/\\\/portalf1.si\\\/index.php\\\/2025\\\/07\\\/30\\\/ne-boste-verjeli-kaksne-case-je-verstappen-postavil-na-nurburgringu\\\/\",\"url\":\"https:\\\/\\\/portalf1.si\\\/index.php\\\/2025\\\/07\\\/30\\\/ne-boste-verjeli-kaksne-case-je-verstappen-postavil-na-nurburgringu\\\/\",\"name\":\"Ne boste verjeli, kak\u0161ne \u010dase je Verstappen postavil na N\u00fcrburgringu - Portal F1\",\"isPartOf\":{\"@id\":\"https:\\\/\\\/portalf1.si\\\/#website\"},\"primaryImageOfPage\":{\"@id\":\"https:\\\/\\\/portalf1.si\\\/index.php\\\/2025\\\/07\\\/30\\\/ne-boste-verjeli-kaksne-case-je-verstappen-postavil-na-nurburgringu\\\/#primaryimage\"},\"image\":{\"@id\":\"https:\\\/\\\/portalf1.si\\\/index.php\\\/2025\\\/07\\\/30\\\/ne-boste-verjeli-kaksne-case-je-verstappen-postavil-na-nurburgringu\\\/#primaryimage\"},\"thumbnailUrl\":\"https:\\\/\\\/portalf1.si\\\/wp-content\\\/uploads\\\/2025\\\/05\\\/teaserraw32.webp\",\"datePublished\":\"2025-07-30T21:34:50+00:00\",\"description\":\"Nedavno je bilo v Formuli 1 veliko govora o Franzu Hermannu, psevdonimu, ki ga je med testiranjem na Nordschleifu uporabil Max Verstappen\",\"breadcrumb\":{\"@id\":\"https:\\\/\\\/portalf1.si\\\/index.php\\\/2025\\\/07\\\/30\\\/ne-boste-verjeli-kaksne-case-je-verstappen-postavil-na-nurburgringu\\\/#breadcrumb\"},\"inLanguage\":\"sl-SI\",\"potentialAction\":[{\"@type\":\"ReadAction\",\"target\":[\"https:\\\/\\\/portalf1.si\\\/index.php\\\/2025\\\/07\\\/30\\\/ne-boste-verjeli-kaksne-case-je-verstappen-postavil-na-nurburgringu\\\/\"]}]},{\"@type\":\"ImageObject\",\"inLanguage\":\"sl-SI\",\"@id\":\"https:\\\/\\\/portalf1.si\\\/index.php\\\/2025\\\/07\\\/30\\\/ne-boste-verjeli-kaksne-case-je-verstappen-postavil-na-nurburgringu\\\/#primaryimage\",\"url\":\"https:\\\/\\\/portalf1.si\\\/wp-content\\\/uploads\\\/2025\\\/05\\\/teaserraw32.webp\",\"contentUrl\":\"https:\\\/\\\/portalf1.si\\\/wp-content\\\/uploads\\\/2025\\\/05\\\/teaserraw32.webp\",\"width\":978,\"height\":650},{\"@type\":\"BreadcrumbList\",\"@id\":\"https:\\\/\\\/portalf1.si\\\/index.php\\\/2025\\\/07\\\/30\\\/ne-boste-verjeli-kaksne-case-je-verstappen-postavil-na-nurburgringu\\\/#breadcrumb\",\"itemListElement\":[{\"@type\":\"ListItem\",\"position\":1,\"name\":\"Home\",\"item\":\"https:\\\/\\\/portalf1.si\\\/\"},{\"@type\":\"ListItem\",\"position\":2,\"name\":\"Ne boste verjeli, kak\u0161ne \u010dase je Verstappen postavil na N\u00fcrburgringu\"}]},{\"@type\":\"WebSite\",\"@id\":\"https:\\\/\\\/portalf1.si\\\/#website\",\"url\":\"https:\\\/\\\/portalf1.si\\\/\",\"name\":\"Portal F1\",\"description\":\"Vstopite v svet hitrosti in adrenalina\",\"publisher\":{\"@id\":\"https:\\\/\\\/portalf1.si\\\/#organization\"},\"potentialAction\":[{\"@type\":\"SearchAction\",\"target\":{\"@type\":\"EntryPoint\",\"urlTemplate\":\"https:\\\/\\\/portalf1.si\\\/?s={search_term_string}\"},\"query-input\":{\"@type\":\"PropertyValueSpecification\",\"valueRequired\":true,\"valueName\":\"search_term_string\"}}],\"inLanguage\":\"sl-SI\"},{\"@type\":\"Organization\",\"@id\":\"https:\\\/\\\/portalf1.si\\\/#organization\",\"name\":\"Portal F1\",\"url\":\"https:\\\/\\\/portalf1.si\\\/\",\"logo\":{\"@type\":\"ImageObject\",\"inLanguage\":\"sl-SI\",\"@id\":\"https:\\\/\\\/portalf1.si\\\/#\\\/schema\\\/logo\\\/image\\\/\",\"url\":\"https:\\\/\\\/portalf1.si\\\/wp-content\\\/uploads\\\/2025\\\/02\\\/cropped-HiPaint_1738532868530.png\",\"contentUrl\":\"https:\\\/\\\/portalf1.si\\\/wp-content\\\/uploads\\\/2025\\\/02\\\/cropped-HiPaint_1738532868530.png\",\"width\":512,\"height\":512,\"caption\":\"Portal F1\"},\"image\":{\"@id\":\"https:\\\/\\\/portalf1.si\\\/#\\\/schema\\\/logo\\\/image\\\/\"},\"sameAs\":[\"https:\\\/\\\/www.facebook.com\\\/portalf1.si\\\/?locale=sl_SI\"]},{\"@type\":\"Person\",\"@id\":\"https:\\\/\\\/portalf1.si\\\/#\\\/schema\\\/person\\\/abfef3ba57233710daadfbdd742fecd5\",\"name\":\"Denis \u0160tojs\",\"image\":{\"@type\":\"ImageObject\",\"inLanguage\":\"sl-SI\",\"@id\":\"https:\\\/\\\/secure.gravatar.com\\\/avatar\\\/b006ce11dfb9c6e47e9de9803eefbdc14aa4afb445f3cca05acc735c22115b38?s=96&d=mm&r=g\",\"url\":\"https:\\\/\\\/secure.gravatar.com\\\/avatar\\\/b006ce11dfb9c6e47e9de9803eefbdc14aa4afb445f3cca05acc735c22115b38?s=96&d=mm&r=g\",\"contentUrl\":\"https:\\\/\\\/secure.gravatar.com\\\/avatar\\\/b006ce11dfb9c6e47e9de9803eefbdc14aa4afb445f3cca05acc735c22115b38?s=96&d=mm&r=g\",\"caption\":\"Denis \u0160tojs\"},\"sameAs\":[\"https:\\\/\\\/portalf1.si\"],\"url\":\"https:\\\/\\\/portalf1.si\\\/index.php\\\/author\\\/portalf1\\\/\"}]}<\/script>\n<!-- \/ Yoast SEO plugin. -->","yoast_head_json":{"title":"Ne boste verjeli, kak\u0161ne \u010dase je Verstappen postavil na N\u00fcrburgringu - Portal F1","description":"Nedavno je bilo v Formuli 1 veliko govora o Franzu Hermannu, psevdonimu, ki ga je med testiranjem na Nordschleifu uporabil Max Verstappen","robots":{"index":"index","follow":"follow","max-snippet":"max-snippet:-1","max-image-preview":"max-image-preview:large","max-video-preview":"max-video-preview:-1"},"canonical":"https:\/\/portalf1.si\/index.php\/2025\/07\/30\/ne-boste-verjeli-kaksne-case-je-verstappen-postavil-na-nurburgringu\/","og_locale":"sl_SI","og_type":"article","og_title":"Ne boste verjeli, kak\u0161ne \u010dase je Verstappen postavil na N\u00fcrburgringu - Portal F1","og_description":"Nedavno je bilo v Formuli 1 veliko govora o Franzu Hermannu, psevdonimu, ki ga je med testiranjem na Nordschleifu uporabil Max Verstappen","og_url":"https:\/\/portalf1.si\/index.php\/2025\/07\/30\/ne-boste-verjeli-kaksne-case-je-verstappen-postavil-na-nurburgringu\/","og_site_name":"Portal F1","article_publisher":"https:\/\/www.facebook.com\/portalf1.si\/?locale=sl_SI","article_published_time":"2025-07-30T21:34:50+00:00","og_image":[{"width":978,"height":650,"url":"https:\/\/portalf1.si\/wp-content\/uploads\/2025\/05\/teaserraw32.webp","type":"image\/jpeg"}],"author":"Denis \u0160tojs","twitter_card":"summary_large_image","twitter_misc":{"Written by":"Denis \u0160tojs","Est. reading time":"2 minuti"},"schema":{"@context":"https:\/\/schema.org","@graph":[{"@type":"Article","@id":"https:\/\/portalf1.si\/index.php\/2025\/07\/30\/ne-boste-verjeli-kaksne-case-je-verstappen-postavil-na-nurburgringu\/#article","isPartOf":{"@id":"https:\/\/portalf1.si\/index.php\/2025\/07\/30\/ne-boste-verjeli-kaksne-case-je-verstappen-postavil-na-nurburgringu\/"},"author":{"name":"Denis \u0160tojs","@id":"https:\/\/portalf1.si\/#\/schema\/person\/abfef3ba57233710daadfbdd742fecd5"},"headline":"Ne boste verjeli, kak\u0161ne \u010dase je Verstappen postavil na N\u00fcrburgringu","datePublished":"2025-07-30T21:34:50+00:00","mainEntityOfPage":{"@id":"https:\/\/portalf1.si\/index.php\/2025\/07\/30\/ne-boste-verjeli-kaksne-case-je-verstappen-postavil-na-nurburgringu\/"},"wordCount":226,"commentCount":0,"publisher":{"@id":"https:\/\/portalf1.si\/#organization"},"image":{"@id":"https:\/\/portalf1.si\/index.php\/2025\/07\/30\/ne-boste-verjeli-kaksne-case-je-verstappen-postavil-na-nurburgringu\/#primaryimage"},"thumbnailUrl":"https:\/\/portalf1.si\/wp-content\/uploads\/2025\/05\/teaserraw32.webp","keywords":["F1","F1 2025","F1 Slovenija","Formula 1","Formula 1 2025","Formula 1 Slovenija","N\u00fcrburgring"],"articleSection":["Formula 1","Max Verstappen","Novice","N\u00fcrburgring","Zanimivosti"],"inLanguage":"sl-SI","potentialAction":[{"@type":"CommentAction","name":"Comment","target":["https:\/\/portalf1.si\/index.php\/2025\/07\/30\/ne-boste-verjeli-kaksne-case-je-verstappen-postavil-na-nurburgringu\/#respond"]}]},{"@type":"WebPage","@id":"https:\/\/portalf1.si\/index.php\/2025\/07\/30\/ne-boste-verjeli-kaksne-case-je-verstappen-postavil-na-nurburgringu\/","url":"https:\/\/portalf1.si\/index.php\/2025\/07\/30\/ne-boste-verjeli-kaksne-case-je-verstappen-postavil-na-nurburgringu\/","name":"Ne boste verjeli, kak\u0161ne \u010dase je Verstappen postavil na N\u00fcrburgringu - Portal F1","isPartOf":{"@id":"https:\/\/portalf1.si\/#website"},"primaryImageOfPage":{"@id":"https:\/\/portalf1.si\/index.php\/2025\/07\/30\/ne-boste-verjeli-kaksne-case-je-verstappen-postavil-na-nurburgringu\/#primaryimage"},"image":{"@id":"https:\/\/portalf1.si\/index.php\/2025\/07\/30\/ne-boste-verjeli-kaksne-case-je-verstappen-postavil-na-nurburgringu\/#primaryimage"},"thumbnailUrl":"https:\/\/portalf1.si\/wp-content\/uploads\/2025\/05\/teaserraw32.webp","datePublished":"2025-07-30T21:34:50+00:00","description":"Nedavno je bilo v Formuli 1 veliko govora o Franzu Hermannu, psevdonimu, ki ga je med testiranjem na Nordschleifu uporabil Max Verstappen","breadcrumb":{"@id":"https:\/\/portalf1.si\/index.php\/2025\/07\/30\/ne-boste-verjeli-kaksne-case-je-verstappen-postavil-na-nurburgringu\/#breadcrumb"},"inLanguage":"sl-SI","potentialAction":[{"@type":"ReadAction","target":["https:\/\/portalf1.si\/index.php\/2025\/07\/30\/ne-boste-verjeli-kaksne-case-je-verstappen-postavil-na-nurburgringu\/"]}]},{"@type":"ImageObject","inLanguage":"sl-SI","@id":"https:\/\/portalf1.si\/index.php\/2025\/07\/30\/ne-boste-verjeli-kaksne-case-je-verstappen-postavil-na-nurburgringu\/#primaryimage","url":"https:\/\/portalf1.si\/wp-content\/uploads\/2025\/05\/teaserraw32.webp","contentUrl":"https:\/\/portalf1.si\/wp-content\/uploads\/2025\/05\/teaserraw32.webp","width":978,"height":650},{"@type":"BreadcrumbList","@id":"https:\/\/portalf1.si\/index.php\/2025\/07\/30\/ne-boste-verjeli-kaksne-case-je-verstappen-postavil-na-nurburgringu\/#breadcrumb","itemListElement":[{"@type":"ListItem","position":1,"name":"Home","item":"https:\/\/portalf1.si\/"},{"@type":"ListItem","position":2,"name":"Ne boste verjeli, kak\u0161ne \u010dase je Verstappen postavil na N\u00fcrburgringu"}]},{"@type":"WebSite","@id":"https:\/\/portalf1.si\/#website","url":"https:\/\/portalf1.si\/","name":"Portal F1","description":"Vstopite v svet hitrosti in adrenalina","publisher":{"@id":"https:\/\/portalf1.si\/#organization"},"potentialAction":[{"@type":"SearchAction","target":{"@type":"EntryPoint","urlTemplate":"https:\/\/portalf1.si\/?s={search_term_string}"},"query-input":{"@type":"PropertyValueSpecification","valueRequired":true,"valueName":"search_term_string"}}],"inLanguage":"sl-SI"},{"@type":"Organization","@id":"https:\/\/portalf1.si\/#organization","name":"Portal F1","url":"https:\/\/portalf1.si\/","logo":{"@type":"ImageObject","inLanguage":"sl-SI","@id":"https:\/\/portalf1.si\/#\/schema\/logo\/image\/","url":"https:\/\/portalf1.si\/wp-content\/uploads\/2025\/02\/cropped-HiPaint_1738532868530.png","contentUrl":"https:\/\/portalf1.si\/wp-content\/uploads\/2025\/02\/cropped-HiPaint_1738532868530.png","width":512,"height":512,"caption":"Portal F1"},"image":{"@id":"https:\/\/portalf1.si\/#\/schema\/logo\/image\/"},"sameAs":["https:\/\/www.facebook.com\/portalf1.si\/?locale=sl_SI"]},{"@type":"Person","@id":"https:\/\/portalf1.si\/#\/schema\/person\/abfef3ba57233710daadfbdd742fecd5","name":"Denis \u0160tojs","image":{"@type":"ImageObject","inLanguage":"sl-SI","@id":"https:\/\/secure.gravatar.com\/avatar\/b006ce11dfb9c6e47e9de9803eefbdc14aa4afb445f3cca05acc735c22115b38?s=96&d=mm&r=g","url":"https:\/\/secure.gravatar.com\/avatar\/b006ce11dfb9c6e47e9de9803eefbdc14aa4afb445f3cca05acc735c22115b38?s=96&d=mm&r=g","contentUrl":"https:\/\/secure.gravatar.com\/avatar\/b006ce11dfb9c6e47e9de9803eefbdc14aa4afb445f3cca05acc735c22115b38?s=96&d=mm&r=g","caption":"Denis \u0160tojs"},"sameAs":["https:\/\/portalf1.si"],"url":"https:\/\/portalf1.si\/index.php\/author\/portalf1\/"}]}},"_links":{"self":[{"href":"https:\/\/portalf1.si\/index.php\/wp-json\/wp\/v2\/posts\/7318","targetHints":{"allow":["GET"]}}],"collection":[{"href":"https:\/\/portalf1.si\/index.php\/wp-json\/wp\/v2\/posts"}],"about":[{"href":"https:\/\/portalf1.si\/index.php\/wp-json\/wp\/v2\/types\/post"}],"author":[{"embeddable":true,"href":"https:\/\/portalf1.si\/index.php\/wp-json\/wp\/v2\/users\/1"}],"replies":[{"embeddable":true,"href":"https:\/\/portalf1.si\/index.php\/wp-json\/wp\/v2\/comments?post=7318"}],"version-history":[{"count":2,"href":"https:\/\/portalf1.si\/index.php\/wp-json\/wp\/v2\/posts\/7318\/revisions"}],"predecessor-version":[{"id":7320,"href":"https:\/\/portalf1.si\/index.php\/wp-json\/wp\/v2\/posts\/7318\/revisions\/7320"}],"wp:featuredmedia":[{"embeddable":true,"href":"https:\/\/portalf1.si\/index.php\/wp-json\/wp\/v2\/media\/5468"}],"wp:attachment":[{"href":"https:\/\/portalf1.si\/index.php\/wp-json\/wp\/v2\/media?parent=7318"}],"wp:term":[{"taxonomy":"category","embeddable":true,"href":"https:\/\/portalf1.si\/index.php\/wp-json\/wp\/v2\/categories?post=7318"},{"taxonomy":"post_tag","embeddable":true,"href":"https:\/\/portalf1.si\/index.php\/wp-json\/wp\/v2\/tags?post=7318"}],"curies":[{"name":"wp","href":"https:\/\/api.w.org\/{rel}","templated":true}]}}