{"id":7357,"date":"2025-08-01T12:25:57","date_gmt":"2025-08-01T12:25:57","guid":{"rendered":"https:\/\/portalf1.si\/?p=7357"},"modified":"2025-08-01T12:25:57","modified_gmt":"2025-08-01T12:25:57","slug":"vremenska-napoved-za-vn-belgije-nas-caka-ponovitev-dirke-v-belgiji","status":"publish","type":"post","link":"https:\/\/portalf1.si\/index.php\/2025\/08\/01\/vremenska-napoved-za-vn-belgije-nas-caka-ponovitev-dirke-v-belgiji\/","title":{"rendered":"Vremenska napoved za VN Belgije: Nas \u010daka ponovitev dirke v Belgiji?"},"content":{"rendered":"<p data-start=\"0\" data-end=\"211\"><strong>Kak\u0161no vreme nas ta dirka\u0161ki konec tedna \u010daka v Budimpe\u0161ti? Bomo videli suho dirko ali pa bo de\u017e, tako kot v Silverstonu in Spaju, znova prevzel glavno vlogo? Spodaj si preberite trenutno vremensko napoved za VN Mad\u017earske.<\/strong><\/p>\n<p data-start=\"213\" data-end=\"390\">Le nekaj dni po koncu VN Belgije se Formula 1 seli na Mad\u017earsko, bolj natan\u010dno Hungaroring, \u0161e eno zgodovinsko in med dirka\u010di zelo priljubljeno stezo, kjer bo potekala 14. dirka sezone.<\/p>\n<p data-start=\"392\" data-end=\"739\">Med dirka\u0161kim vikendom na Mad\u017earskem razmere pogosto nihajo med skrajnimi vro\u010dinskimi valovi in nalivi.<\/p>\n<p data-start=\"884\" data-end=\"1124\">Po zadnjih napovedih bo petek ve\u010dinoma son\u010den z nekaj razpr\u0161enimi oblaki, najvi\u0161jo temperaturo 29 stopinj in 25 odstotno mo\u017enostjo de\u017eja. Prva dva prosta treninga bosta tako po pri\u010dakovanjih potekala v suhih razmerah, razen \u010de bo pri\u0161lo do presene\u010denj.<\/p>\n<p data-start=\"1126\" data-end=\"1292\">V soboto pa se lahko situacija mo\u010dno spremeni. Temperature bodo podobne, a mo\u017enost de\u017eja se dvigne na 75 odstotkov, dopoldne so napovedane rahle plohe, popoldne pa nevihte.<\/p>\n<p data-start=\"1294\" data-end=\"1542\" data-is-last-node=\"\" data-is-only-node=\"\">V nedeljo mo\u017enost padavin nekoliko pade, a ostaja pri 60 odstotkih. Temperature bodo okoli 25 stopinj. Obstaja torej resno tveganje, da bo dirka vsaj delno potekala v de\u017eju.<\/p>\n<blockquote class=\"wp-embedded-content\" data-secret=\"GQoL2s1Akt\"><p><a href=\"https:\/\/portalf1.si\/index.php\/2025\/07\/31\/je-hamiltonu-koncno-uspelo-najti-formulo-za-uspehe-s-ferrarijem-britanec-obljublja-boljse-rezultate\/\">Je Hamiltonu kon\u010dno uspelo najti formulo za uspehe s Ferrarijem? Britanec obljublja bolj\u0161e rezultate<\/a><\/p><\/blockquote>\n<p><iframe loading=\"lazy\" class=\"wp-embedded-content\" sandbox=\"allow-scripts\" security=\"restricted\" style=\"position: absolute; visibility: hidden;\" title=\"&#8220;Je Hamiltonu kon\u010dno uspelo najti formulo za uspehe s Ferrarijem? Britanec obljublja bolj\u0161e rezultate&#8221; &#8212; Portal F1\" src=\"https:\/\/portalf1.si\/index.php\/2025\/07\/31\/je-hamiltonu-koncno-uspelo-najti-formulo-za-uspehe-s-ferrarijem-britanec-obljublja-boljse-rezultate\/embed\/#?secret=cDmWFGFtUh#?secret=GQoL2s1Akt\" data-secret=\"GQoL2s1Akt\" width=\"600\" height=\"338\" frameborder=\"0\" marginwidth=\"0\" marginheight=\"0\" scrolling=\"no\"><\/iframe><\/p>\n","protected":false},"excerpt":{"rendered":"<p>Kak\u0161no vreme nas ta dirka\u0161ki konec tedna \u010daka v Budimpe\u0161ti? Bomo videli suho dirko ali pa bo de\u017e, tako kot v Silverstonu in Spaju, znova prevzel glavno vlogo? Spodaj si preberite trenutno vremensko napoved za VN Mad\u017earske. Le nekaj dni po koncu VN Belgije se Formula 1 seli na Mad\u017earsko, bolj natan\u010dno Hungaroring, \u0161e eno [&hellip;]<\/p>\n","protected":false},"author":1,"featured_media":7359,"comment_status":"open","ping_status":"open","sticky":false,"template":"","format":"standard","meta":{"footnotes":""},"categories":[30,31,342],"tags":[44,50,159,45,51,158,343],"class_list":["post-7357","post","type-post","status-publish","format-standard","has-post-thumbnail","hentry","category-formula-1","category-novice","category-vn-madzarske","tag-f1","tag-f1-2025","tag-f1-slovenija","tag-formula-1","tag-formula-1-2025","tag-formula-1-slovenija","tag-vn-madzarske"],"blocksy_meta":[],"yoast_head":"<!-- This site is optimized with the Yoast SEO plugin v27.4 - https:\/\/yoast.com\/product\/yoast-seo-wordpress\/ -->\n<title>Vremenska napoved za VN Belgije: Nas \u010daka ponovitev dirke v Belgiji? - Portal F1<\/title>\n<meta name=\"description\" content=\"Le nekaj dni po koncu VN Belgije se Formula 1 seli na Mad\u017earsko, bolj natan\u010dno Hungaroring, \u0161e eno med dirka\u010di zelo priljubljeno stezo.\" \/>\n<meta name=\"robots\" content=\"index, follow, max-snippet:-1, max-image-preview:large, max-video-preview:-1\" \/>\n<link rel=\"canonical\" href=\"https:\/\/portalf1.si\/index.php\/2025\/08\/01\/vremenska-napoved-za-vn-belgije-nas-caka-ponovitev-dirke-v-belgiji\/\" \/>\n<meta property=\"og:locale\" content=\"sl_SI\" \/>\n<meta property=\"og:type\" content=\"article\" \/>\n<meta property=\"og:title\" content=\"Vremenska napoved za VN Belgije: Nas \u010daka ponovitev dirke v Belgiji? - Portal F1\" \/>\n<meta property=\"og:description\" content=\"Le nekaj dni po koncu VN Belgije se Formula 1 seli na Mad\u017earsko, bolj natan\u010dno Hungaroring, \u0161e eno med dirka\u010di zelo priljubljeno stezo.\" \/>\n<meta property=\"og:url\" content=\"https:\/\/portalf1.si\/index.php\/2025\/08\/01\/vremenska-napoved-za-vn-belgije-nas-caka-ponovitev-dirke-v-belgiji\/\" \/>\n<meta property=\"og:site_name\" content=\"Portal F1\" \/>\n<meta property=\"article:publisher\" content=\"https:\/\/www.facebook.com\/portalf1.si\/?locale=sl_SI\" \/>\n<meta property=\"article:published_time\" content=\"2025-08-01T12:25:57+00:00\" \/>\n<meta property=\"og:image\" content=\"https:\/\/portalf1.si\/wp-content\/uploads\/2025\/08\/XPB_1163670_HiRes.webp\" \/>\n\t<meta property=\"og:image:width\" content=\"1092\" \/>\n\t<meta property=\"og:image:height\" content=\"683\" \/>\n\t<meta property=\"og:image:type\" content=\"image\/jpeg\" \/>\n<meta name=\"author\" content=\"Denis \u0160tojs\" \/>\n<meta name=\"twitter:card\" content=\"summary_large_image\" \/>\n<meta name=\"twitter:label1\" content=\"Written by\" \/>\n\t<meta name=\"twitter:data1\" content=\"Denis \u0160tojs\" \/>\n\t<meta name=\"twitter:label2\" content=\"Est. reading time\" \/>\n\t<meta name=\"twitter:data2\" content=\"2 minuti\" \/>\n<script type=\"application\/ld+json\" class=\"yoast-schema-graph\">{\"@context\":\"https:\\\/\\\/schema.org\",\"@graph\":[{\"@type\":\"Article\",\"@id\":\"https:\\\/\\\/portalf1.si\\\/index.php\\\/2025\\\/08\\\/01\\\/vremenska-napoved-za-vn-belgije-nas-caka-ponovitev-dirke-v-belgiji\\\/#article\",\"isPartOf\":{\"@id\":\"https:\\\/\\\/portalf1.si\\\/index.php\\\/2025\\\/08\\\/01\\\/vremenska-napoved-za-vn-belgije-nas-caka-ponovitev-dirke-v-belgiji\\\/\"},\"author\":{\"name\":\"Denis \u0160tojs\",\"@id\":\"https:\\\/\\\/portalf1.si\\\/#\\\/schema\\\/person\\\/abfef3ba57233710daadfbdd742fecd5\"},\"headline\":\"Vremenska napoved za VN Belgije: Nas \u010daka ponovitev dirke v Belgiji?\",\"datePublished\":\"2025-08-01T12:25:57+00:00\",\"mainEntityOfPage\":{\"@id\":\"https:\\\/\\\/portalf1.si\\\/index.php\\\/2025\\\/08\\\/01\\\/vremenska-napoved-za-vn-belgije-nas-caka-ponovitev-dirke-v-belgiji\\\/\"},\"wordCount\":209,\"commentCount\":0,\"publisher\":{\"@id\":\"https:\\\/\\\/portalf1.si\\\/#organization\"},\"image\":{\"@id\":\"https:\\\/\\\/portalf1.si\\\/index.php\\\/2025\\\/08\\\/01\\\/vremenska-napoved-za-vn-belgije-nas-caka-ponovitev-dirke-v-belgiji\\\/#primaryimage\"},\"thumbnailUrl\":\"https:\\\/\\\/portalf1.si\\\/wp-content\\\/uploads\\\/2025\\\/08\\\/XPB_1163670_HiRes.webp\",\"keywords\":[\"F1\",\"F1 2025\",\"F1 Slovenija\",\"Formula 1\",\"Formula 1 2025\",\"Formula 1 Slovenija\",\"VN Mad\u017earske\"],\"articleSection\":[\"Formula 1\",\"Novice\",\"VN Mad\u017earske\"],\"inLanguage\":\"sl-SI\",\"potentialAction\":[{\"@type\":\"CommentAction\",\"name\":\"Comment\",\"target\":[\"https:\\\/\\\/portalf1.si\\\/index.php\\\/2025\\\/08\\\/01\\\/vremenska-napoved-za-vn-belgije-nas-caka-ponovitev-dirke-v-belgiji\\\/#respond\"]}]},{\"@type\":\"WebPage\",\"@id\":\"https:\\\/\\\/portalf1.si\\\/index.php\\\/2025\\\/08\\\/01\\\/vremenska-napoved-za-vn-belgije-nas-caka-ponovitev-dirke-v-belgiji\\\/\",\"url\":\"https:\\\/\\\/portalf1.si\\\/index.php\\\/2025\\\/08\\\/01\\\/vremenska-napoved-za-vn-belgije-nas-caka-ponovitev-dirke-v-belgiji\\\/\",\"name\":\"Vremenska napoved za VN Belgije: Nas \u010daka ponovitev dirke v Belgiji? - Portal F1\",\"isPartOf\":{\"@id\":\"https:\\\/\\\/portalf1.si\\\/#website\"},\"primaryImageOfPage\":{\"@id\":\"https:\\\/\\\/portalf1.si\\\/index.php\\\/2025\\\/08\\\/01\\\/vremenska-napoved-za-vn-belgije-nas-caka-ponovitev-dirke-v-belgiji\\\/#primaryimage\"},\"image\":{\"@id\":\"https:\\\/\\\/portalf1.si\\\/index.php\\\/2025\\\/08\\\/01\\\/vremenska-napoved-za-vn-belgije-nas-caka-ponovitev-dirke-v-belgiji\\\/#primaryimage\"},\"thumbnailUrl\":\"https:\\\/\\\/portalf1.si\\\/wp-content\\\/uploads\\\/2025\\\/08\\\/XPB_1163670_HiRes.webp\",\"datePublished\":\"2025-08-01T12:25:57+00:00\",\"description\":\"Le nekaj dni po koncu VN Belgije se Formula 1 seli na Mad\u017earsko, bolj natan\u010dno Hungaroring, \u0161e eno med dirka\u010di zelo priljubljeno stezo.\",\"breadcrumb\":{\"@id\":\"https:\\\/\\\/portalf1.si\\\/index.php\\\/2025\\\/08\\\/01\\\/vremenska-napoved-za-vn-belgije-nas-caka-ponovitev-dirke-v-belgiji\\\/#breadcrumb\"},\"inLanguage\":\"sl-SI\",\"potentialAction\":[{\"@type\":\"ReadAction\",\"target\":[\"https:\\\/\\\/portalf1.si\\\/index.php\\\/2025\\\/08\\\/01\\\/vremenska-napoved-za-vn-belgije-nas-caka-ponovitev-dirke-v-belgiji\\\/\"]}]},{\"@type\":\"ImageObject\",\"inLanguage\":\"sl-SI\",\"@id\":\"https:\\\/\\\/portalf1.si\\\/index.php\\\/2025\\\/08\\\/01\\\/vremenska-napoved-za-vn-belgije-nas-caka-ponovitev-dirke-v-belgiji\\\/#primaryimage\",\"url\":\"https:\\\/\\\/portalf1.si\\\/wp-content\\\/uploads\\\/2025\\\/08\\\/XPB_1163670_HiRes.webp\",\"contentUrl\":\"https:\\\/\\\/portalf1.si\\\/wp-content\\\/uploads\\\/2025\\\/08\\\/XPB_1163670_HiRes.webp\",\"width\":1092,\"height\":683},{\"@type\":\"BreadcrumbList\",\"@id\":\"https:\\\/\\\/portalf1.si\\\/index.php\\\/2025\\\/08\\\/01\\\/vremenska-napoved-za-vn-belgije-nas-caka-ponovitev-dirke-v-belgiji\\\/#breadcrumb\",\"itemListElement\":[{\"@type\":\"ListItem\",\"position\":1,\"name\":\"Home\",\"item\":\"https:\\\/\\\/portalf1.si\\\/\"},{\"@type\":\"ListItem\",\"position\":2,\"name\":\"Vremenska napoved za VN Belgije: Nas \u010daka ponovitev dirke v Belgiji?\"}]},{\"@type\":\"WebSite\",\"@id\":\"https:\\\/\\\/portalf1.si\\\/#website\",\"url\":\"https:\\\/\\\/portalf1.si\\\/\",\"name\":\"Portal F1\",\"description\":\"Vstopite v svet hitrosti in adrenalina\",\"publisher\":{\"@id\":\"https:\\\/\\\/portalf1.si\\\/#organization\"},\"potentialAction\":[{\"@type\":\"SearchAction\",\"target\":{\"@type\":\"EntryPoint\",\"urlTemplate\":\"https:\\\/\\\/portalf1.si\\\/?s={search_term_string}\"},\"query-input\":{\"@type\":\"PropertyValueSpecification\",\"valueRequired\":true,\"valueName\":\"search_term_string\"}}],\"inLanguage\":\"sl-SI\"},{\"@type\":\"Organization\",\"@id\":\"https:\\\/\\\/portalf1.si\\\/#organization\",\"name\":\"Portal F1\",\"url\":\"https:\\\/\\\/portalf1.si\\\/\",\"logo\":{\"@type\":\"ImageObject\",\"inLanguage\":\"sl-SI\",\"@id\":\"https:\\\/\\\/portalf1.si\\\/#\\\/schema\\\/logo\\\/image\\\/\",\"url\":\"https:\\\/\\\/portalf1.si\\\/wp-content\\\/uploads\\\/2025\\\/02\\\/cropped-HiPaint_1738532868530.png\",\"contentUrl\":\"https:\\\/\\\/portalf1.si\\\/wp-content\\\/uploads\\\/2025\\\/02\\\/cropped-HiPaint_1738532868530.png\",\"width\":512,\"height\":512,\"caption\":\"Portal F1\"},\"image\":{\"@id\":\"https:\\\/\\\/portalf1.si\\\/#\\\/schema\\\/logo\\\/image\\\/\"},\"sameAs\":[\"https:\\\/\\\/www.facebook.com\\\/portalf1.si\\\/?locale=sl_SI\"]},{\"@type\":\"Person\",\"@id\":\"https:\\\/\\\/portalf1.si\\\/#\\\/schema\\\/person\\\/abfef3ba57233710daadfbdd742fecd5\",\"name\":\"Denis \u0160tojs\",\"image\":{\"@type\":\"ImageObject\",\"inLanguage\":\"sl-SI\",\"@id\":\"https:\\\/\\\/secure.gravatar.com\\\/avatar\\\/b006ce11dfb9c6e47e9de9803eefbdc14aa4afb445f3cca05acc735c22115b38?s=96&d=mm&r=g\",\"url\":\"https:\\\/\\\/secure.gravatar.com\\\/avatar\\\/b006ce11dfb9c6e47e9de9803eefbdc14aa4afb445f3cca05acc735c22115b38?s=96&d=mm&r=g\",\"contentUrl\":\"https:\\\/\\\/secure.gravatar.com\\\/avatar\\\/b006ce11dfb9c6e47e9de9803eefbdc14aa4afb445f3cca05acc735c22115b38?s=96&d=mm&r=g\",\"caption\":\"Denis \u0160tojs\"},\"sameAs\":[\"https:\\\/\\\/portalf1.si\"],\"url\":\"https:\\\/\\\/portalf1.si\\\/index.php\\\/author\\\/portalf1\\\/\"}]}<\/script>\n<!-- \/ Yoast SEO plugin. -->","yoast_head_json":{"title":"Vremenska napoved za VN Belgije: Nas \u010daka ponovitev dirke v Belgiji? - Portal F1","description":"Le nekaj dni po koncu VN Belgije se Formula 1 seli na Mad\u017earsko, bolj natan\u010dno Hungaroring, \u0161e eno med dirka\u010di zelo priljubljeno stezo.","robots":{"index":"index","follow":"follow","max-snippet":"max-snippet:-1","max-image-preview":"max-image-preview:large","max-video-preview":"max-video-preview:-1"},"canonical":"https:\/\/portalf1.si\/index.php\/2025\/08\/01\/vremenska-napoved-za-vn-belgije-nas-caka-ponovitev-dirke-v-belgiji\/","og_locale":"sl_SI","og_type":"article","og_title":"Vremenska napoved za VN Belgije: Nas \u010daka ponovitev dirke v Belgiji? - Portal F1","og_description":"Le nekaj dni po koncu VN Belgije se Formula 1 seli na Mad\u017earsko, bolj natan\u010dno Hungaroring, \u0161e eno med dirka\u010di zelo priljubljeno stezo.","og_url":"https:\/\/portalf1.si\/index.php\/2025\/08\/01\/vremenska-napoved-za-vn-belgije-nas-caka-ponovitev-dirke-v-belgiji\/","og_site_name":"Portal F1","article_publisher":"https:\/\/www.facebook.com\/portalf1.si\/?locale=sl_SI","article_published_time":"2025-08-01T12:25:57+00:00","og_image":[{"width":1092,"height":683,"url":"https:\/\/portalf1.si\/wp-content\/uploads\/2025\/08\/XPB_1163670_HiRes.webp","type":"image\/jpeg"}],"author":"Denis \u0160tojs","twitter_card":"summary_large_image","twitter_misc":{"Written by":"Denis \u0160tojs","Est. reading time":"2 minuti"},"schema":{"@context":"https:\/\/schema.org","@graph":[{"@type":"Article","@id":"https:\/\/portalf1.si\/index.php\/2025\/08\/01\/vremenska-napoved-za-vn-belgije-nas-caka-ponovitev-dirke-v-belgiji\/#article","isPartOf":{"@id":"https:\/\/portalf1.si\/index.php\/2025\/08\/01\/vremenska-napoved-za-vn-belgije-nas-caka-ponovitev-dirke-v-belgiji\/"},"author":{"name":"Denis \u0160tojs","@id":"https:\/\/portalf1.si\/#\/schema\/person\/abfef3ba57233710daadfbdd742fecd5"},"headline":"Vremenska napoved za VN Belgije: Nas \u010daka ponovitev dirke v Belgiji?","datePublished":"2025-08-01T12:25:57+00:00","mainEntityOfPage":{"@id":"https:\/\/portalf1.si\/index.php\/2025\/08\/01\/vremenska-napoved-za-vn-belgije-nas-caka-ponovitev-dirke-v-belgiji\/"},"wordCount":209,"commentCount":0,"publisher":{"@id":"https:\/\/portalf1.si\/#organization"},"image":{"@id":"https:\/\/portalf1.si\/index.php\/2025\/08\/01\/vremenska-napoved-za-vn-belgije-nas-caka-ponovitev-dirke-v-belgiji\/#primaryimage"},"thumbnailUrl":"https:\/\/portalf1.si\/wp-content\/uploads\/2025\/08\/XPB_1163670_HiRes.webp","keywords":["F1","F1 2025","F1 Slovenija","Formula 1","Formula 1 2025","Formula 1 Slovenija","VN Mad\u017earske"],"articleSection":["Formula 1","Novice","VN Mad\u017earske"],"inLanguage":"sl-SI","potentialAction":[{"@type":"CommentAction","name":"Comment","target":["https:\/\/portalf1.si\/index.php\/2025\/08\/01\/vremenska-napoved-za-vn-belgije-nas-caka-ponovitev-dirke-v-belgiji\/#respond"]}]},{"@type":"WebPage","@id":"https:\/\/portalf1.si\/index.php\/2025\/08\/01\/vremenska-napoved-za-vn-belgije-nas-caka-ponovitev-dirke-v-belgiji\/","url":"https:\/\/portalf1.si\/index.php\/2025\/08\/01\/vremenska-napoved-za-vn-belgije-nas-caka-ponovitev-dirke-v-belgiji\/","name":"Vremenska napoved za VN Belgije: Nas \u010daka ponovitev dirke v Belgiji? - Portal F1","isPartOf":{"@id":"https:\/\/portalf1.si\/#website"},"primaryImageOfPage":{"@id":"https:\/\/portalf1.si\/index.php\/2025\/08\/01\/vremenska-napoved-za-vn-belgije-nas-caka-ponovitev-dirke-v-belgiji\/#primaryimage"},"image":{"@id":"https:\/\/portalf1.si\/index.php\/2025\/08\/01\/vremenska-napoved-za-vn-belgije-nas-caka-ponovitev-dirke-v-belgiji\/#primaryimage"},"thumbnailUrl":"https:\/\/portalf1.si\/wp-content\/uploads\/2025\/08\/XPB_1163670_HiRes.webp","datePublished":"2025-08-01T12:25:57+00:00","description":"Le nekaj dni po koncu VN Belgije se Formula 1 seli na Mad\u017earsko, bolj natan\u010dno Hungaroring, \u0161e eno med dirka\u010di zelo priljubljeno stezo.","breadcrumb":{"@id":"https:\/\/portalf1.si\/index.php\/2025\/08\/01\/vremenska-napoved-za-vn-belgije-nas-caka-ponovitev-dirke-v-belgiji\/#breadcrumb"},"inLanguage":"sl-SI","potentialAction":[{"@type":"ReadAction","target":["https:\/\/portalf1.si\/index.php\/2025\/08\/01\/vremenska-napoved-za-vn-belgije-nas-caka-ponovitev-dirke-v-belgiji\/"]}]},{"@type":"ImageObject","inLanguage":"sl-SI","@id":"https:\/\/portalf1.si\/index.php\/2025\/08\/01\/vremenska-napoved-za-vn-belgije-nas-caka-ponovitev-dirke-v-belgiji\/#primaryimage","url":"https:\/\/portalf1.si\/wp-content\/uploads\/2025\/08\/XPB_1163670_HiRes.webp","contentUrl":"https:\/\/portalf1.si\/wp-content\/uploads\/2025\/08\/XPB_1163670_HiRes.webp","width":1092,"height":683},{"@type":"BreadcrumbList","@id":"https:\/\/portalf1.si\/index.php\/2025\/08\/01\/vremenska-napoved-za-vn-belgije-nas-caka-ponovitev-dirke-v-belgiji\/#breadcrumb","itemListElement":[{"@type":"ListItem","position":1,"name":"Home","item":"https:\/\/portalf1.si\/"},{"@type":"ListItem","position":2,"name":"Vremenska napoved za VN Belgije: Nas \u010daka ponovitev dirke v Belgiji?"}]},{"@type":"WebSite","@id":"https:\/\/portalf1.si\/#website","url":"https:\/\/portalf1.si\/","name":"Portal F1","description":"Vstopite v svet hitrosti in adrenalina","publisher":{"@id":"https:\/\/portalf1.si\/#organization"},"potentialAction":[{"@type":"SearchAction","target":{"@type":"EntryPoint","urlTemplate":"https:\/\/portalf1.si\/?s={search_term_string}"},"query-input":{"@type":"PropertyValueSpecification","valueRequired":true,"valueName":"search_term_string"}}],"inLanguage":"sl-SI"},{"@type":"Organization","@id":"https:\/\/portalf1.si\/#organization","name":"Portal F1","url":"https:\/\/portalf1.si\/","logo":{"@type":"ImageObject","inLanguage":"sl-SI","@id":"https:\/\/portalf1.si\/#\/schema\/logo\/image\/","url":"https:\/\/portalf1.si\/wp-content\/uploads\/2025\/02\/cropped-HiPaint_1738532868530.png","contentUrl":"https:\/\/portalf1.si\/wp-content\/uploads\/2025\/02\/cropped-HiPaint_1738532868530.png","width":512,"height":512,"caption":"Portal F1"},"image":{"@id":"https:\/\/portalf1.si\/#\/schema\/logo\/image\/"},"sameAs":["https:\/\/www.facebook.com\/portalf1.si\/?locale=sl_SI"]},{"@type":"Person","@id":"https:\/\/portalf1.si\/#\/schema\/person\/abfef3ba57233710daadfbdd742fecd5","name":"Denis \u0160tojs","image":{"@type":"ImageObject","inLanguage":"sl-SI","@id":"https:\/\/secure.gravatar.com\/avatar\/b006ce11dfb9c6e47e9de9803eefbdc14aa4afb445f3cca05acc735c22115b38?s=96&d=mm&r=g","url":"https:\/\/secure.gravatar.com\/avatar\/b006ce11dfb9c6e47e9de9803eefbdc14aa4afb445f3cca05acc735c22115b38?s=96&d=mm&r=g","contentUrl":"https:\/\/secure.gravatar.com\/avatar\/b006ce11dfb9c6e47e9de9803eefbdc14aa4afb445f3cca05acc735c22115b38?s=96&d=mm&r=g","caption":"Denis \u0160tojs"},"sameAs":["https:\/\/portalf1.si"],"url":"https:\/\/portalf1.si\/index.php\/author\/portalf1\/"}]}},"_links":{"self":[{"href":"https:\/\/portalf1.si\/index.php\/wp-json\/wp\/v2\/posts\/7357","targetHints":{"allow":["GET"]}}],"collection":[{"href":"https:\/\/portalf1.si\/index.php\/wp-json\/wp\/v2\/posts"}],"about":[{"href":"https:\/\/portalf1.si\/index.php\/wp-json\/wp\/v2\/types\/post"}],"author":[{"embeddable":true,"href":"https:\/\/portalf1.si\/index.php\/wp-json\/wp\/v2\/users\/1"}],"replies":[{"embeddable":true,"href":"https:\/\/portalf1.si\/index.php\/wp-json\/wp\/v2\/comments?post=7357"}],"version-history":[{"count":2,"href":"https:\/\/portalf1.si\/index.php\/wp-json\/wp\/v2\/posts\/7357\/revisions"}],"predecessor-version":[{"id":7360,"href":"https:\/\/portalf1.si\/index.php\/wp-json\/wp\/v2\/posts\/7357\/revisions\/7360"}],"wp:featuredmedia":[{"embeddable":true,"href":"https:\/\/portalf1.si\/index.php\/wp-json\/wp\/v2\/media\/7359"}],"wp:attachment":[{"href":"https:\/\/portalf1.si\/index.php\/wp-json\/wp\/v2\/media?parent=7357"}],"wp:term":[{"taxonomy":"category","embeddable":true,"href":"https:\/\/portalf1.si\/index.php\/wp-json\/wp\/v2\/categories?post=7357"},{"taxonomy":"post_tag","embeddable":true,"href":"https:\/\/portalf1.si\/index.php\/wp-json\/wp\/v2\/tags?post=7357"}],"curies":[{"name":"wp","href":"https:\/\/api.w.org\/{rel}","templated":true}]}}