{"id":7367,"date":"2025-08-02T08:01:44","date_gmt":"2025-08-02T08:01:44","guid":{"rendered":"https:\/\/portalf1.si\/?p=7367"},"modified":"2025-08-02T08:01:44","modified_gmt":"2025-08-02T08:01:44","slug":"anketa-kdo-bo-po-vasem-mnenju-osvojil-dirko-za-vn-madzarske","status":"publish","type":"post","link":"https:\/\/portalf1.si\/index.php\/2025\/08\/02\/anketa-kdo-bo-po-vasem-mnenju-osvojil-dirko-za-vn-madzarske\/","title":{"rendered":"Anketa: Kdo bo po va\u0161em mnenju osvojil dirko za VN Mad\u017earske?"},"content":{"rendered":"<p><span style=\"color: #000000; font-family: -apple-system, BlinkMacSystemFont, 'Segoe UI', Roboto, Helvetica, Arial, sans-serif, 'Apple Color Emoji', 'Segoe UI Emoji', 'Segoe UI Symbol'; background-color: #fafbfc;\"><strong>Le nekaj dni po koncu VN Belgije se karavana Formula 1 seli na Mad\u017earsko, bolj natan\u010dno Hungaroring, \u0161e eno zgodovinsko in med dirka\u010di zelo priljubljeno stezo, kjer poteka 14. dirka\u0161ki vikend leto\u0161nje sezone. Dirka v Veliki Britaniji je pokazala ogromno razliko med McLarnom in konkurenco. Ali lahko v Belgiji kljub temu kdo preseneti?\u00a0<\/strong><strong>Podajte nam svoje mnenje.<\/strong><\/span><\/p>\n<div id=\"polls-21\" class=\"wp-polls\">\n\t<form id=\"polls_form_21\" class=\"wp-polls-form\" action=\"\/index.php\" method=\"post\">\n\t\t<p style=\"display: none;\"><input type=\"hidden\" id=\"poll_21_nonce\" name=\"wp-polls-nonce\" value=\"757f138d9f\" \/><\/p>\n\t\t<p style=\"display: none;\"><input type=\"hidden\" name=\"poll_id\" value=\"21\" \/><\/p>\n\t\t<p style=\"text-align: center;\"><strong>Kdo bo po va\u0161em mnenju osvojil dirko za VN Mad\u017earske?<\/strong><\/p><div id=\"polls-21-ans\" class=\"wp-polls-ans\"><ul class=\"wp-polls-ul\">\n\t\t<li><input type=\"radio\" id=\"poll-answer-147\" name=\"poll_21\" value=\"147\" \/> <label for=\"poll-answer-147\">Max Verstappen<\/label><\/li>\n\t\t<li><input type=\"radio\" id=\"poll-answer-148\" name=\"poll_21\" value=\"148\" \/> <label for=\"poll-answer-148\">Oscar Piastri<\/label><\/li>\n\t\t<li><input type=\"radio\" id=\"poll-answer-149\" name=\"poll_21\" value=\"149\" \/> <label for=\"poll-answer-149\">Lando Norris<\/label><\/li>\n\t\t<li><input type=\"radio\" id=\"poll-answer-150\" name=\"poll_21\" value=\"150\" \/> <label for=\"poll-answer-150\">Charles Leclerc<\/label><\/li>\n\t\t<li><input type=\"radio\" id=\"poll-answer-151\" name=\"poll_21\" value=\"151\" \/> <label for=\"poll-answer-151\">Lewis Hamilton<\/label><\/li>\n\t\t<li><input type=\"radio\" id=\"poll-answer-152\" name=\"poll_21\" value=\"152\" \/> <label for=\"poll-answer-152\">George Russell<\/label><\/li>\n\t\t<li><input type=\"radio\" id=\"poll-answer-153\" name=\"poll_21\" value=\"153\" \/> <label for=\"poll-answer-153\">Fernando Alonso<\/label><\/li>\n\t\t<li><input type=\"radio\" id=\"poll-answer-154\" name=\"poll_21\" value=\"154\" \/> <label for=\"poll-answer-154\">Nekdo drug<\/label><\/li>\n\t\t<\/ul><p style=\"text-align: center;\"><input type=\"button\" name=\"vote\" value=\"   Vote   \" class=\"Buttons\" onclick=\"poll_vote(21);\" \/><\/p><p style=\"text-align: center;\"><a href=\"#ViewPollResults\" onclick=\"poll_result(21); return false;\" title=\"View Results Of This Poll\">View Results<\/a><\/p><\/div>\n\t<\/form>\n<\/div>\n<div id=\"polls-21-loading\" class=\"wp-polls-loading\"><img loading=\"lazy\" decoding=\"async\" src=\"https:\/\/portalf1.si\/wp-content\/plugins\/wp-polls\/images\/loading.gif\" width=\"16\" height=\"16\" alt=\"Loading ...\" title=\"Loading ...\" class=\"wp-polls-image\" \/>&nbsp;Loading ...<\/div>\n\n<blockquote class=\"wp-embedded-content\" data-secret=\"n4Bg2zMnLS\"><p><a href=\"https:\/\/portalf1.si\/index.php\/2025\/08\/01\/vremenska-napoved-za-vn-belgije-nas-caka-ponovitev-dirke-v-belgiji\/\">Vremenska napoved za VN Belgije: Nas \u010daka ponovitev dirke v Belgiji?<\/a><\/p><\/blockquote>\n<p><iframe loading=\"lazy\" class=\"wp-embedded-content\" sandbox=\"allow-scripts\" security=\"restricted\" style=\"position: absolute; visibility: hidden;\" title=\"&#8220;Vremenska napoved za VN Belgije: Nas \u010daka ponovitev dirke v Belgiji?&#8221; &#8212; Portal F1\" src=\"https:\/\/portalf1.si\/index.php\/2025\/08\/01\/vremenska-napoved-za-vn-belgije-nas-caka-ponovitev-dirke-v-belgiji\/embed\/#?secret=xDf17xwVnm#?secret=n4Bg2zMnLS\" data-secret=\"n4Bg2zMnLS\" width=\"600\" height=\"338\" frameborder=\"0\" marginwidth=\"0\" marginheight=\"0\" scrolling=\"no\"><\/iframe><\/p>\n","protected":false},"excerpt":{"rendered":"<p>Le nekaj dni po koncu VN Belgije se karavana Formula 1 seli na Mad\u017earsko, bolj natan\u010dno Hungaroring, \u0161e eno zgodovinsko in med dirka\u010di zelo priljubljeno stezo, kjer poteka 14. dirka\u0161ki vikend leto\u0161nje sezone. Dirka v Veliki Britaniji je pokazala ogromno razliko med McLarnom in konkurenco. Ali lahko v Belgiji kljub temu kdo preseneti?\u00a0Podajte nam svoje [&hellip;]<\/p>\n","protected":false},"author":1,"featured_media":7368,"comment_status":"open","ping_status":"open","sticky":false,"template":"","format":"standard","meta":{"footnotes":""},"categories":[96,30,31,342],"tags":[44,50,159,45,51,158,343],"class_list":["post-7367","post","type-post","status-publish","format-standard","has-post-thumbnail","hentry","category-anketa","category-formula-1","category-novice","category-vn-madzarske","tag-f1","tag-f1-2025","tag-f1-slovenija","tag-formula-1","tag-formula-1-2025","tag-formula-1-slovenija","tag-vn-madzarske"],"blocksy_meta":[],"yoast_head":"<!-- This site is optimized with the Yoast SEO plugin v27.4 - https:\/\/yoast.com\/product\/yoast-seo-wordpress\/ -->\n<title>Anketa: Kdo bo po va\u0161em mnenju osvojil dirko za VN Mad\u017earske? - Portal F1<\/title>\n<meta name=\"description\" content=\"Le nekaj dni po koncu VN Belgije se Formula 1 seli na Mad\u017earsko, bolj natan\u010dno Hungaroring, \u0161e med dirka\u010di zelo priljubljeno stezo.\" \/>\n<meta name=\"robots\" content=\"index, follow, max-snippet:-1, max-image-preview:large, max-video-preview:-1\" \/>\n<link rel=\"canonical\" href=\"https:\/\/portalf1.si\/index.php\/2025\/08\/02\/anketa-kdo-bo-po-vasem-mnenju-osvojil-dirko-za-vn-madzarske\/\" \/>\n<meta property=\"og:locale\" content=\"sl_SI\" \/>\n<meta property=\"og:type\" content=\"article\" \/>\n<meta property=\"og:title\" content=\"Anketa: Kdo bo po va\u0161em mnenju osvojil dirko za VN Mad\u017earske? - Portal F1\" \/>\n<meta property=\"og:description\" content=\"Le nekaj dni po koncu VN Belgije se Formula 1 seli na Mad\u017earsko, bolj natan\u010dno Hungaroring, \u0161e med dirka\u010di zelo priljubljeno stezo.\" \/>\n<meta property=\"og:url\" content=\"https:\/\/portalf1.si\/index.php\/2025\/08\/02\/anketa-kdo-bo-po-vasem-mnenju-osvojil-dirko-za-vn-madzarske\/\" \/>\n<meta property=\"og:site_name\" content=\"Portal F1\" \/>\n<meta property=\"article:publisher\" content=\"https:\/\/www.facebook.com\/portalf1.si\/?locale=sl_SI\" \/>\n<meta property=\"article:published_time\" content=\"2025-08-02T08:01:44+00:00\" \/>\n<meta property=\"og:image\" content=\"https:\/\/portalf1.si\/wp-content\/uploads\/2025\/08\/3b71212db1a68a21774f5507ce768242.webp\" \/>\n\t<meta property=\"og:image:width\" content=\"862\" \/>\n\t<meta property=\"og:image:height\" content=\"575\" \/>\n\t<meta property=\"og:image:type\" content=\"image\/jpeg\" \/>\n<meta name=\"author\" content=\"Denis \u0160tojs\" \/>\n<meta name=\"twitter:card\" content=\"summary_large_image\" \/>\n<meta name=\"twitter:label1\" content=\"Written by\" \/>\n\t<meta name=\"twitter:data1\" content=\"Denis \u0160tojs\" \/>\n\t<meta name=\"twitter:label2\" content=\"Est. reading time\" \/>\n\t<meta name=\"twitter:data2\" content=\"1 minuta\" \/>\n<script type=\"application\/ld+json\" class=\"yoast-schema-graph\">{\"@context\":\"https:\\\/\\\/schema.org\",\"@graph\":[{\"@type\":\"Article\",\"@id\":\"https:\\\/\\\/portalf1.si\\\/index.php\\\/2025\\\/08\\\/02\\\/anketa-kdo-bo-po-vasem-mnenju-osvojil-dirko-za-vn-madzarske\\\/#article\",\"isPartOf\":{\"@id\":\"https:\\\/\\\/portalf1.si\\\/index.php\\\/2025\\\/08\\\/02\\\/anketa-kdo-bo-po-vasem-mnenju-osvojil-dirko-za-vn-madzarske\\\/\"},\"author\":{\"name\":\"Denis \u0160tojs\",\"@id\":\"https:\\\/\\\/portalf1.si\\\/#\\\/schema\\\/person\\\/abfef3ba57233710daadfbdd742fecd5\"},\"headline\":\"Anketa: Kdo bo po va\u0161em mnenju osvojil dirko za VN Mad\u017earske?\",\"datePublished\":\"2025-08-02T08:01:44+00:00\",\"mainEntityOfPage\":{\"@id\":\"https:\\\/\\\/portalf1.si\\\/index.php\\\/2025\\\/08\\\/02\\\/anketa-kdo-bo-po-vasem-mnenju-osvojil-dirko-za-vn-madzarske\\\/\"},\"wordCount\":81,\"commentCount\":0,\"publisher\":{\"@id\":\"https:\\\/\\\/portalf1.si\\\/#organization\"},\"image\":{\"@id\":\"https:\\\/\\\/portalf1.si\\\/index.php\\\/2025\\\/08\\\/02\\\/anketa-kdo-bo-po-vasem-mnenju-osvojil-dirko-za-vn-madzarske\\\/#primaryimage\"},\"thumbnailUrl\":\"https:\\\/\\\/portalf1.si\\\/wp-content\\\/uploads\\\/2025\\\/08\\\/3b71212db1a68a21774f5507ce768242.webp\",\"keywords\":[\"F1\",\"F1 2025\",\"F1 Slovenija\",\"Formula 1\",\"Formula 1 2025\",\"Formula 1 Slovenija\",\"VN Mad\u017earske\"],\"articleSection\":[\"Anketa\",\"Formula 1\",\"Novice\",\"VN Mad\u017earske\"],\"inLanguage\":\"sl-SI\",\"potentialAction\":[{\"@type\":\"CommentAction\",\"name\":\"Comment\",\"target\":[\"https:\\\/\\\/portalf1.si\\\/index.php\\\/2025\\\/08\\\/02\\\/anketa-kdo-bo-po-vasem-mnenju-osvojil-dirko-za-vn-madzarske\\\/#respond\"]}]},{\"@type\":\"WebPage\",\"@id\":\"https:\\\/\\\/portalf1.si\\\/index.php\\\/2025\\\/08\\\/02\\\/anketa-kdo-bo-po-vasem-mnenju-osvojil-dirko-za-vn-madzarske\\\/\",\"url\":\"https:\\\/\\\/portalf1.si\\\/index.php\\\/2025\\\/08\\\/02\\\/anketa-kdo-bo-po-vasem-mnenju-osvojil-dirko-za-vn-madzarske\\\/\",\"name\":\"Anketa: Kdo bo po va\u0161em mnenju osvojil dirko za VN Mad\u017earske? - Portal F1\",\"isPartOf\":{\"@id\":\"https:\\\/\\\/portalf1.si\\\/#website\"},\"primaryImageOfPage\":{\"@id\":\"https:\\\/\\\/portalf1.si\\\/index.php\\\/2025\\\/08\\\/02\\\/anketa-kdo-bo-po-vasem-mnenju-osvojil-dirko-za-vn-madzarske\\\/#primaryimage\"},\"image\":{\"@id\":\"https:\\\/\\\/portalf1.si\\\/index.php\\\/2025\\\/08\\\/02\\\/anketa-kdo-bo-po-vasem-mnenju-osvojil-dirko-za-vn-madzarske\\\/#primaryimage\"},\"thumbnailUrl\":\"https:\\\/\\\/portalf1.si\\\/wp-content\\\/uploads\\\/2025\\\/08\\\/3b71212db1a68a21774f5507ce768242.webp\",\"datePublished\":\"2025-08-02T08:01:44+00:00\",\"description\":\"Le nekaj dni po koncu VN Belgije se Formula 1 seli na Mad\u017earsko, bolj natan\u010dno Hungaroring, \u0161e med dirka\u010di zelo priljubljeno stezo.\",\"breadcrumb\":{\"@id\":\"https:\\\/\\\/portalf1.si\\\/index.php\\\/2025\\\/08\\\/02\\\/anketa-kdo-bo-po-vasem-mnenju-osvojil-dirko-za-vn-madzarske\\\/#breadcrumb\"},\"inLanguage\":\"sl-SI\",\"potentialAction\":[{\"@type\":\"ReadAction\",\"target\":[\"https:\\\/\\\/portalf1.si\\\/index.php\\\/2025\\\/08\\\/02\\\/anketa-kdo-bo-po-vasem-mnenju-osvojil-dirko-za-vn-madzarske\\\/\"]}]},{\"@type\":\"ImageObject\",\"inLanguage\":\"sl-SI\",\"@id\":\"https:\\\/\\\/portalf1.si\\\/index.php\\\/2025\\\/08\\\/02\\\/anketa-kdo-bo-po-vasem-mnenju-osvojil-dirko-za-vn-madzarske\\\/#primaryimage\",\"url\":\"https:\\\/\\\/portalf1.si\\\/wp-content\\\/uploads\\\/2025\\\/08\\\/3b71212db1a68a21774f5507ce768242.webp\",\"contentUrl\":\"https:\\\/\\\/portalf1.si\\\/wp-content\\\/uploads\\\/2025\\\/08\\\/3b71212db1a68a21774f5507ce768242.webp\",\"width\":862,\"height\":575},{\"@type\":\"BreadcrumbList\",\"@id\":\"https:\\\/\\\/portalf1.si\\\/index.php\\\/2025\\\/08\\\/02\\\/anketa-kdo-bo-po-vasem-mnenju-osvojil-dirko-za-vn-madzarske\\\/#breadcrumb\",\"itemListElement\":[{\"@type\":\"ListItem\",\"position\":1,\"name\":\"Home\",\"item\":\"https:\\\/\\\/portalf1.si\\\/\"},{\"@type\":\"ListItem\",\"position\":2,\"name\":\"Anketa: Kdo bo po va\u0161em mnenju osvojil dirko za VN Mad\u017earske?\"}]},{\"@type\":\"WebSite\",\"@id\":\"https:\\\/\\\/portalf1.si\\\/#website\",\"url\":\"https:\\\/\\\/portalf1.si\\\/\",\"name\":\"Portal F1\",\"description\":\"Vstopite v svet hitrosti in adrenalina\",\"publisher\":{\"@id\":\"https:\\\/\\\/portalf1.si\\\/#organization\"},\"potentialAction\":[{\"@type\":\"SearchAction\",\"target\":{\"@type\":\"EntryPoint\",\"urlTemplate\":\"https:\\\/\\\/portalf1.si\\\/?s={search_term_string}\"},\"query-input\":{\"@type\":\"PropertyValueSpecification\",\"valueRequired\":true,\"valueName\":\"search_term_string\"}}],\"inLanguage\":\"sl-SI\"},{\"@type\":\"Organization\",\"@id\":\"https:\\\/\\\/portalf1.si\\\/#organization\",\"name\":\"Portal F1\",\"url\":\"https:\\\/\\\/portalf1.si\\\/\",\"logo\":{\"@type\":\"ImageObject\",\"inLanguage\":\"sl-SI\",\"@id\":\"https:\\\/\\\/portalf1.si\\\/#\\\/schema\\\/logo\\\/image\\\/\",\"url\":\"https:\\\/\\\/portalf1.si\\\/wp-content\\\/uploads\\\/2025\\\/02\\\/cropped-HiPaint_1738532868530.png\",\"contentUrl\":\"https:\\\/\\\/portalf1.si\\\/wp-content\\\/uploads\\\/2025\\\/02\\\/cropped-HiPaint_1738532868530.png\",\"width\":512,\"height\":512,\"caption\":\"Portal F1\"},\"image\":{\"@id\":\"https:\\\/\\\/portalf1.si\\\/#\\\/schema\\\/logo\\\/image\\\/\"},\"sameAs\":[\"https:\\\/\\\/www.facebook.com\\\/portalf1.si\\\/?locale=sl_SI\"]},{\"@type\":\"Person\",\"@id\":\"https:\\\/\\\/portalf1.si\\\/#\\\/schema\\\/person\\\/abfef3ba57233710daadfbdd742fecd5\",\"name\":\"Denis \u0160tojs\",\"image\":{\"@type\":\"ImageObject\",\"inLanguage\":\"sl-SI\",\"@id\":\"https:\\\/\\\/secure.gravatar.com\\\/avatar\\\/b006ce11dfb9c6e47e9de9803eefbdc14aa4afb445f3cca05acc735c22115b38?s=96&d=mm&r=g\",\"url\":\"https:\\\/\\\/secure.gravatar.com\\\/avatar\\\/b006ce11dfb9c6e47e9de9803eefbdc14aa4afb445f3cca05acc735c22115b38?s=96&d=mm&r=g\",\"contentUrl\":\"https:\\\/\\\/secure.gravatar.com\\\/avatar\\\/b006ce11dfb9c6e47e9de9803eefbdc14aa4afb445f3cca05acc735c22115b38?s=96&d=mm&r=g\",\"caption\":\"Denis \u0160tojs\"},\"sameAs\":[\"https:\\\/\\\/portalf1.si\"],\"url\":\"https:\\\/\\\/portalf1.si\\\/index.php\\\/author\\\/portalf1\\\/\"}]}<\/script>\n<!-- \/ Yoast SEO plugin. -->","yoast_head_json":{"title":"Anketa: Kdo bo po va\u0161em mnenju osvojil dirko za VN Mad\u017earske? - Portal F1","description":"Le nekaj dni po koncu VN Belgije se Formula 1 seli na Mad\u017earsko, bolj natan\u010dno Hungaroring, \u0161e med dirka\u010di zelo priljubljeno stezo.","robots":{"index":"index","follow":"follow","max-snippet":"max-snippet:-1","max-image-preview":"max-image-preview:large","max-video-preview":"max-video-preview:-1"},"canonical":"https:\/\/portalf1.si\/index.php\/2025\/08\/02\/anketa-kdo-bo-po-vasem-mnenju-osvojil-dirko-za-vn-madzarske\/","og_locale":"sl_SI","og_type":"article","og_title":"Anketa: Kdo bo po va\u0161em mnenju osvojil dirko za VN Mad\u017earske? - Portal F1","og_description":"Le nekaj dni po koncu VN Belgije se Formula 1 seli na Mad\u017earsko, bolj natan\u010dno Hungaroring, \u0161e med dirka\u010di zelo priljubljeno stezo.","og_url":"https:\/\/portalf1.si\/index.php\/2025\/08\/02\/anketa-kdo-bo-po-vasem-mnenju-osvojil-dirko-za-vn-madzarske\/","og_site_name":"Portal F1","article_publisher":"https:\/\/www.facebook.com\/portalf1.si\/?locale=sl_SI","article_published_time":"2025-08-02T08:01:44+00:00","og_image":[{"width":862,"height":575,"url":"https:\/\/portalf1.si\/wp-content\/uploads\/2025\/08\/3b71212db1a68a21774f5507ce768242.webp","type":"image\/jpeg"}],"author":"Denis \u0160tojs","twitter_card":"summary_large_image","twitter_misc":{"Written by":"Denis \u0160tojs","Est. reading time":"1 minuta"},"schema":{"@context":"https:\/\/schema.org","@graph":[{"@type":"Article","@id":"https:\/\/portalf1.si\/index.php\/2025\/08\/02\/anketa-kdo-bo-po-vasem-mnenju-osvojil-dirko-za-vn-madzarske\/#article","isPartOf":{"@id":"https:\/\/portalf1.si\/index.php\/2025\/08\/02\/anketa-kdo-bo-po-vasem-mnenju-osvojil-dirko-za-vn-madzarske\/"},"author":{"name":"Denis \u0160tojs","@id":"https:\/\/portalf1.si\/#\/schema\/person\/abfef3ba57233710daadfbdd742fecd5"},"headline":"Anketa: Kdo bo po va\u0161em mnenju osvojil dirko za VN Mad\u017earske?","datePublished":"2025-08-02T08:01:44+00:00","mainEntityOfPage":{"@id":"https:\/\/portalf1.si\/index.php\/2025\/08\/02\/anketa-kdo-bo-po-vasem-mnenju-osvojil-dirko-za-vn-madzarske\/"},"wordCount":81,"commentCount":0,"publisher":{"@id":"https:\/\/portalf1.si\/#organization"},"image":{"@id":"https:\/\/portalf1.si\/index.php\/2025\/08\/02\/anketa-kdo-bo-po-vasem-mnenju-osvojil-dirko-za-vn-madzarske\/#primaryimage"},"thumbnailUrl":"https:\/\/portalf1.si\/wp-content\/uploads\/2025\/08\/3b71212db1a68a21774f5507ce768242.webp","keywords":["F1","F1 2025","F1 Slovenija","Formula 1","Formula 1 2025","Formula 1 Slovenija","VN Mad\u017earske"],"articleSection":["Anketa","Formula 1","Novice","VN Mad\u017earske"],"inLanguage":"sl-SI","potentialAction":[{"@type":"CommentAction","name":"Comment","target":["https:\/\/portalf1.si\/index.php\/2025\/08\/02\/anketa-kdo-bo-po-vasem-mnenju-osvojil-dirko-za-vn-madzarske\/#respond"]}]},{"@type":"WebPage","@id":"https:\/\/portalf1.si\/index.php\/2025\/08\/02\/anketa-kdo-bo-po-vasem-mnenju-osvojil-dirko-za-vn-madzarske\/","url":"https:\/\/portalf1.si\/index.php\/2025\/08\/02\/anketa-kdo-bo-po-vasem-mnenju-osvojil-dirko-za-vn-madzarske\/","name":"Anketa: Kdo bo po va\u0161em mnenju osvojil dirko za VN Mad\u017earske? - Portal F1","isPartOf":{"@id":"https:\/\/portalf1.si\/#website"},"primaryImageOfPage":{"@id":"https:\/\/portalf1.si\/index.php\/2025\/08\/02\/anketa-kdo-bo-po-vasem-mnenju-osvojil-dirko-za-vn-madzarske\/#primaryimage"},"image":{"@id":"https:\/\/portalf1.si\/index.php\/2025\/08\/02\/anketa-kdo-bo-po-vasem-mnenju-osvojil-dirko-za-vn-madzarske\/#primaryimage"},"thumbnailUrl":"https:\/\/portalf1.si\/wp-content\/uploads\/2025\/08\/3b71212db1a68a21774f5507ce768242.webp","datePublished":"2025-08-02T08:01:44+00:00","description":"Le nekaj dni po koncu VN Belgije se Formula 1 seli na Mad\u017earsko, bolj natan\u010dno Hungaroring, \u0161e med dirka\u010di zelo priljubljeno stezo.","breadcrumb":{"@id":"https:\/\/portalf1.si\/index.php\/2025\/08\/02\/anketa-kdo-bo-po-vasem-mnenju-osvojil-dirko-za-vn-madzarske\/#breadcrumb"},"inLanguage":"sl-SI","potentialAction":[{"@type":"ReadAction","target":["https:\/\/portalf1.si\/index.php\/2025\/08\/02\/anketa-kdo-bo-po-vasem-mnenju-osvojil-dirko-za-vn-madzarske\/"]}]},{"@type":"ImageObject","inLanguage":"sl-SI","@id":"https:\/\/portalf1.si\/index.php\/2025\/08\/02\/anketa-kdo-bo-po-vasem-mnenju-osvojil-dirko-za-vn-madzarske\/#primaryimage","url":"https:\/\/portalf1.si\/wp-content\/uploads\/2025\/08\/3b71212db1a68a21774f5507ce768242.webp","contentUrl":"https:\/\/portalf1.si\/wp-content\/uploads\/2025\/08\/3b71212db1a68a21774f5507ce768242.webp","width":862,"height":575},{"@type":"BreadcrumbList","@id":"https:\/\/portalf1.si\/index.php\/2025\/08\/02\/anketa-kdo-bo-po-vasem-mnenju-osvojil-dirko-za-vn-madzarske\/#breadcrumb","itemListElement":[{"@type":"ListItem","position":1,"name":"Home","item":"https:\/\/portalf1.si\/"},{"@type":"ListItem","position":2,"name":"Anketa: Kdo bo po va\u0161em mnenju osvojil dirko za VN Mad\u017earske?"}]},{"@type":"WebSite","@id":"https:\/\/portalf1.si\/#website","url":"https:\/\/portalf1.si\/","name":"Portal F1","description":"Vstopite v svet hitrosti in adrenalina","publisher":{"@id":"https:\/\/portalf1.si\/#organization"},"potentialAction":[{"@type":"SearchAction","target":{"@type":"EntryPoint","urlTemplate":"https:\/\/portalf1.si\/?s={search_term_string}"},"query-input":{"@type":"PropertyValueSpecification","valueRequired":true,"valueName":"search_term_string"}}],"inLanguage":"sl-SI"},{"@type":"Organization","@id":"https:\/\/portalf1.si\/#organization","name":"Portal F1","url":"https:\/\/portalf1.si\/","logo":{"@type":"ImageObject","inLanguage":"sl-SI","@id":"https:\/\/portalf1.si\/#\/schema\/logo\/image\/","url":"https:\/\/portalf1.si\/wp-content\/uploads\/2025\/02\/cropped-HiPaint_1738532868530.png","contentUrl":"https:\/\/portalf1.si\/wp-content\/uploads\/2025\/02\/cropped-HiPaint_1738532868530.png","width":512,"height":512,"caption":"Portal F1"},"image":{"@id":"https:\/\/portalf1.si\/#\/schema\/logo\/image\/"},"sameAs":["https:\/\/www.facebook.com\/portalf1.si\/?locale=sl_SI"]},{"@type":"Person","@id":"https:\/\/portalf1.si\/#\/schema\/person\/abfef3ba57233710daadfbdd742fecd5","name":"Denis \u0160tojs","image":{"@type":"ImageObject","inLanguage":"sl-SI","@id":"https:\/\/secure.gravatar.com\/avatar\/b006ce11dfb9c6e47e9de9803eefbdc14aa4afb445f3cca05acc735c22115b38?s=96&d=mm&r=g","url":"https:\/\/secure.gravatar.com\/avatar\/b006ce11dfb9c6e47e9de9803eefbdc14aa4afb445f3cca05acc735c22115b38?s=96&d=mm&r=g","contentUrl":"https:\/\/secure.gravatar.com\/avatar\/b006ce11dfb9c6e47e9de9803eefbdc14aa4afb445f3cca05acc735c22115b38?s=96&d=mm&r=g","caption":"Denis \u0160tojs"},"sameAs":["https:\/\/portalf1.si"],"url":"https:\/\/portalf1.si\/index.php\/author\/portalf1\/"}]}},"_links":{"self":[{"href":"https:\/\/portalf1.si\/index.php\/wp-json\/wp\/v2\/posts\/7367","targetHints":{"allow":["GET"]}}],"collection":[{"href":"https:\/\/portalf1.si\/index.php\/wp-json\/wp\/v2\/posts"}],"about":[{"href":"https:\/\/portalf1.si\/index.php\/wp-json\/wp\/v2\/types\/post"}],"author":[{"embeddable":true,"href":"https:\/\/portalf1.si\/index.php\/wp-json\/wp\/v2\/users\/1"}],"replies":[{"embeddable":true,"href":"https:\/\/portalf1.si\/index.php\/wp-json\/wp\/v2\/comments?post=7367"}],"version-history":[{"count":1,"href":"https:\/\/portalf1.si\/index.php\/wp-json\/wp\/v2\/posts\/7367\/revisions"}],"predecessor-version":[{"id":7369,"href":"https:\/\/portalf1.si\/index.php\/wp-json\/wp\/v2\/posts\/7367\/revisions\/7369"}],"wp:featuredmedia":[{"embeddable":true,"href":"https:\/\/portalf1.si\/index.php\/wp-json\/wp\/v2\/media\/7368"}],"wp:attachment":[{"href":"https:\/\/portalf1.si\/index.php\/wp-json\/wp\/v2\/media?parent=7367"}],"wp:term":[{"taxonomy":"category","embeddable":true,"href":"https:\/\/portalf1.si\/index.php\/wp-json\/wp\/v2\/categories?post=7367"},{"taxonomy":"post_tag","embeddable":true,"href":"https:\/\/portalf1.si\/index.php\/wp-json\/wp\/v2\/tags?post=7367"}],"curies":[{"name":"wp","href":"https:\/\/api.w.org\/{rel}","templated":true}]}}