{"id":7376,"date":"2025-08-02T10:56:23","date_gmt":"2025-08-02T10:56:23","guid":{"rendered":"https:\/\/portalf1.si\/?p=7376"},"modified":"2025-08-02T10:56:23","modified_gmt":"2025-08-02T10:56:23","slug":"kot-kaze-je-pred-verstappnom-katastrofalen-dirkaski-konec-tedna","status":"publish","type":"post","link":"https:\/\/portalf1.si\/index.php\/2025\/08\/02\/kot-kaze-je-pred-verstappnom-katastrofalen-dirkaski-konec-tedna\/","title":{"rendered":"Kot ka\u017ee, je pred Verstappnom katastrofalen dirka\u0161ki konec tedna"},"content":{"rendered":"<p><strong>Odhod Christiana Hornerja z mesta vodje mo\u0161tva Red Bull Racing za zdaj ni prinesel izhoda iz krize. Max Verstappen je bil v petek na drugem prostem treningu na VN Mad\u017earske \u0161ele \u0161tirinajsti. To za nadaljevanje dirka\u0161kega konca tedna ne obeta ni\u010d dobrega.<\/strong><\/p>\n<p>Tik pred koncem drugega prostega treninga je Jos Verstappen iz zadnje strani vstopil v gara\u017eo Red Bulla. Nepremi\u010dno je zrl naprej in na pripombo, da je pred ekipo veliko dela, cini\u010dno pripomnil: <em>&#8220;Malo.&#8221;<\/em><\/p>\n<p>Le nekaj minut kasneje je nekdanji dirka\u010d Formule 1 znova zapustil bokse, za njim pa tudi Laurent Mekies, ki se je prav tako izognil \u010dakajo\u010dim novinarjem. Intervjujev nista dajala, saj sta se odpravila naravnost v nadstropje, kjer je \u017ee sedel tehni\u010dni \u0161ef ekipe Pierre Wach\u00e9. Pogovorov je bilo tam brez dvoma veliko, kasneje se jim je pridru\u017eil \u0161e Verstappen.<\/p>\n<p>\u010ceprav je Christian Horner od\u0161el, so te\u017eave \u0161e vedno tu. Hungaroring je \u0161e toliko bolj pokazal, kako te\u017eko Red Bull spravi RB21 v pravo delovno okno.<\/p>\n<p>Med prostimi treningi se je Max Verstappen pogosto prito\u017eeval, kot \u017ee ni\u010dkolikokrat prej, nad pomanjkanjem ravnovesja dirkalnika. Te\u017eave je imel tudi s podkrmiljenjem. Ne glede na to, kako dober dirka\u010d je, tak\u0161nega boja z dirkalnikom ni mogo\u010de dobiti. Nizozemec je dirkalnik celo opisal kot <em>&#8220;povsem neobvladljiv.&#8221;<\/em><\/p>\n<p>Mehanike avstrijskega mo\u0161tva tako \u010daka veliko dela, saj bodo do zadnjega prostega treninga v soboto posku\u0161ali najti re\u0161itev za Verstappnove te\u017eave. Je to realno? \u017de pred za\u010detkom dirka\u0161kega konca tedna in \u0161e preden se je odpeljal en sam krog je bilo jasno, da bo Mad\u017earska izjemno zahtevna.<\/p>\n<p>Potrditev tega je o\u010ditno slabo razpolo\u017eila tudi Helmuta Marka, ki obi\u010dajno ob petkih popoldne govori z mediji. \u0160e pred koncem drugega treninga je svetovalec Red Bulla zapustil gara\u017eo in se odpravil naravnost v avto, ki ga je odpeljal v hotel.<\/p>\n<p>\u010cakajo\u010di novinarji, tudi Red Bullova lastna ekipa Servus TV, so ostali brez izjav. Dober znak, da Marko ni \u017eelel razlagati, kako velik izziv bo za Verstappna \u017ee sam preboj med prvo deseterico v kvalifikacijah.<\/p>\n<blockquote class=\"wp-embedded-content\" data-secret=\"VnxeZbvit4\"><p><a href=\"https:\/\/portalf1.si\/index.php\/2025\/08\/02\/komentar-petkovega-dogajanja-verstappen-z-ogromno-tezavami-mclarna-v-svojem-svetu\/\">Komentar petkovega dogajanja &#8211; Verstappen z ogromno te\u017eavami, McLarna v svojem svetu<\/a><\/p><\/blockquote>\n<p><iframe loading=\"lazy\" class=\"wp-embedded-content\" sandbox=\"allow-scripts\" security=\"restricted\" style=\"position: absolute; visibility: hidden;\" title=\"&#8220;Komentar petkovega dogajanja &#8211; Verstappen z ogromno te\u017eavami, McLarna v svojem svetu&#8221; &#8212; Portal F1\" src=\"https:\/\/portalf1.si\/index.php\/2025\/08\/02\/komentar-petkovega-dogajanja-verstappen-z-ogromno-tezavami-mclarna-v-svojem-svetu\/embed\/#?secret=an85xe2JsT#?secret=VnxeZbvit4\" data-secret=\"VnxeZbvit4\" width=\"600\" height=\"338\" frameborder=\"0\" marginwidth=\"0\" marginheight=\"0\" scrolling=\"no\"><\/iframe><\/p>\n","protected":false},"excerpt":{"rendered":"<p>Odhod Christiana Hornerja z mesta vodje mo\u0161tva Red Bull Racing za zdaj ni prinesel izhoda iz krize. Max Verstappen je bil v petek na drugem prostem treningu na VN Mad\u017earske \u0161ele \u0161tirinajsti. To za nadaljevanje dirka\u0161kega konca tedna ne obeta ni\u010d dobrega. Tik pred koncem drugega prostega treninga je Jos Verstappen iz zadnje strani vstopil [&hellip;]<\/p>\n","protected":false},"author":1,"featured_media":7377,"comment_status":"open","ping_status":"open","sticky":false,"template":"","format":"standard","meta":{"footnotes":""},"categories":[30,63,31,342],"tags":[44,50,159,45,51,158,47,343],"class_list":["post-7376","post","type-post","status-publish","format-standard","has-post-thumbnail","hentry","category-formula-1","category-max-verstappen","category-novice","category-vn-madzarske","tag-f1","tag-f1-2025","tag-f1-slovenija","tag-formula-1","tag-formula-1-2025","tag-formula-1-slovenija","tag-max-verstappen","tag-vn-madzarske"],"blocksy_meta":[],"yoast_head":"<!-- This site is optimized with the Yoast SEO plugin v27.4 - https:\/\/yoast.com\/product\/yoast-seo-wordpress\/ -->\n<title>Kot ka\u017ee, je pred Verstappnom katastrofalen dirka\u0161ki konec tedna - Portal F1<\/title>\n<meta name=\"description\" content=\"Odhod Christiana Hornerja z mesta vodje F1 mo\u0161tva Red Bull za zdaj ni prinesel izhoda iz krize, kar je lepo pokazal za\u010detek VN Mad\u017earske.\" \/>\n<meta name=\"robots\" content=\"index, follow, max-snippet:-1, max-image-preview:large, max-video-preview:-1\" \/>\n<link rel=\"canonical\" href=\"https:\/\/portalf1.si\/index.php\/2025\/08\/02\/kot-kaze-je-pred-verstappnom-katastrofalen-dirkaski-konec-tedna\/\" \/>\n<meta property=\"og:locale\" content=\"sl_SI\" \/>\n<meta property=\"og:type\" content=\"article\" \/>\n<meta property=\"og:title\" content=\"Kot ka\u017ee, je pred Verstappnom katastrofalen dirka\u0161ki konec tedna - Portal F1\" \/>\n<meta property=\"og:description\" content=\"Odhod Christiana Hornerja z mesta vodje F1 mo\u0161tva Red Bull za zdaj ni prinesel izhoda iz krize, kar je lepo pokazal za\u010detek VN Mad\u017earske.\" \/>\n<meta property=\"og:url\" content=\"https:\/\/portalf1.si\/index.php\/2025\/08\/02\/kot-kaze-je-pred-verstappnom-katastrofalen-dirkaski-konec-tedna\/\" \/>\n<meta property=\"og:site_name\" content=\"Portal F1\" \/>\n<meta property=\"article:publisher\" content=\"https:\/\/www.facebook.com\/portalf1.si\/?locale=sl_SI\" \/>\n<meta property=\"article:published_time\" content=\"2025-08-02T10:56:23+00:00\" \/>\n<meta property=\"og:image\" content=\"https:\/\/portalf1.si\/wp-content\/uploads\/2025\/08\/red-bull-driver-max-verstappen.webp\" \/>\n\t<meta property=\"og:image:width\" content=\"1200\" \/>\n\t<meta property=\"og:image:height\" content=\"800\" \/>\n\t<meta property=\"og:image:type\" content=\"image\/jpeg\" \/>\n<meta name=\"author\" content=\"Denis \u0160tojs\" \/>\n<meta name=\"twitter:card\" content=\"summary_large_image\" \/>\n<meta name=\"twitter:label1\" content=\"Written by\" \/>\n\t<meta name=\"twitter:data1\" content=\"Denis \u0160tojs\" \/>\n\t<meta name=\"twitter:label2\" content=\"Est. reading time\" \/>\n\t<meta name=\"twitter:data2\" content=\"3 minute\" \/>\n<script type=\"application\/ld+json\" class=\"yoast-schema-graph\">{\"@context\":\"https:\\\/\\\/schema.org\",\"@graph\":[{\"@type\":\"Article\",\"@id\":\"https:\\\/\\\/portalf1.si\\\/index.php\\\/2025\\\/08\\\/02\\\/kot-kaze-je-pred-verstappnom-katastrofalen-dirkaski-konec-tedna\\\/#article\",\"isPartOf\":{\"@id\":\"https:\\\/\\\/portalf1.si\\\/index.php\\\/2025\\\/08\\\/02\\\/kot-kaze-je-pred-verstappnom-katastrofalen-dirkaski-konec-tedna\\\/\"},\"author\":{\"name\":\"Denis \u0160tojs\",\"@id\":\"https:\\\/\\\/portalf1.si\\\/#\\\/schema\\\/person\\\/abfef3ba57233710daadfbdd742fecd5\"},\"headline\":\"Kot ka\u017ee, je pred Verstappnom katastrofalen dirka\u0161ki konec tedna\",\"datePublished\":\"2025-08-02T10:56:23+00:00\",\"mainEntityOfPage\":{\"@id\":\"https:\\\/\\\/portalf1.si\\\/index.php\\\/2025\\\/08\\\/02\\\/kot-kaze-je-pred-verstappnom-katastrofalen-dirkaski-konec-tedna\\\/\"},\"wordCount\":372,\"commentCount\":0,\"publisher\":{\"@id\":\"https:\\\/\\\/portalf1.si\\\/#organization\"},\"image\":{\"@id\":\"https:\\\/\\\/portalf1.si\\\/index.php\\\/2025\\\/08\\\/02\\\/kot-kaze-je-pred-verstappnom-katastrofalen-dirkaski-konec-tedna\\\/#primaryimage\"},\"thumbnailUrl\":\"https:\\\/\\\/portalf1.si\\\/wp-content\\\/uploads\\\/2025\\\/08\\\/red-bull-driver-max-verstappen.webp\",\"keywords\":[\"F1\",\"F1 2025\",\"F1 Slovenija\",\"Formula 1\",\"Formula 1 2025\",\"Formula 1 Slovenija\",\"Max Verstappen\",\"VN Mad\u017earske\"],\"articleSection\":[\"Formula 1\",\"Max Verstappen\",\"Novice\",\"VN Mad\u017earske\"],\"inLanguage\":\"sl-SI\",\"potentialAction\":[{\"@type\":\"CommentAction\",\"name\":\"Comment\",\"target\":[\"https:\\\/\\\/portalf1.si\\\/index.php\\\/2025\\\/08\\\/02\\\/kot-kaze-je-pred-verstappnom-katastrofalen-dirkaski-konec-tedna\\\/#respond\"]}]},{\"@type\":\"WebPage\",\"@id\":\"https:\\\/\\\/portalf1.si\\\/index.php\\\/2025\\\/08\\\/02\\\/kot-kaze-je-pred-verstappnom-katastrofalen-dirkaski-konec-tedna\\\/\",\"url\":\"https:\\\/\\\/portalf1.si\\\/index.php\\\/2025\\\/08\\\/02\\\/kot-kaze-je-pred-verstappnom-katastrofalen-dirkaski-konec-tedna\\\/\",\"name\":\"Kot ka\u017ee, je pred Verstappnom katastrofalen dirka\u0161ki konec tedna - Portal F1\",\"isPartOf\":{\"@id\":\"https:\\\/\\\/portalf1.si\\\/#website\"},\"primaryImageOfPage\":{\"@id\":\"https:\\\/\\\/portalf1.si\\\/index.php\\\/2025\\\/08\\\/02\\\/kot-kaze-je-pred-verstappnom-katastrofalen-dirkaski-konec-tedna\\\/#primaryimage\"},\"image\":{\"@id\":\"https:\\\/\\\/portalf1.si\\\/index.php\\\/2025\\\/08\\\/02\\\/kot-kaze-je-pred-verstappnom-katastrofalen-dirkaski-konec-tedna\\\/#primaryimage\"},\"thumbnailUrl\":\"https:\\\/\\\/portalf1.si\\\/wp-content\\\/uploads\\\/2025\\\/08\\\/red-bull-driver-max-verstappen.webp\",\"datePublished\":\"2025-08-02T10:56:23+00:00\",\"description\":\"Odhod Christiana Hornerja z mesta vodje F1 mo\u0161tva Red Bull za zdaj ni prinesel izhoda iz krize, kar je lepo pokazal za\u010detek VN Mad\u017earske.\",\"breadcrumb\":{\"@id\":\"https:\\\/\\\/portalf1.si\\\/index.php\\\/2025\\\/08\\\/02\\\/kot-kaze-je-pred-verstappnom-katastrofalen-dirkaski-konec-tedna\\\/#breadcrumb\"},\"inLanguage\":\"sl-SI\",\"potentialAction\":[{\"@type\":\"ReadAction\",\"target\":[\"https:\\\/\\\/portalf1.si\\\/index.php\\\/2025\\\/08\\\/02\\\/kot-kaze-je-pred-verstappnom-katastrofalen-dirkaski-konec-tedna\\\/\"]}]},{\"@type\":\"ImageObject\",\"inLanguage\":\"sl-SI\",\"@id\":\"https:\\\/\\\/portalf1.si\\\/index.php\\\/2025\\\/08\\\/02\\\/kot-kaze-je-pred-verstappnom-katastrofalen-dirkaski-konec-tedna\\\/#primaryimage\",\"url\":\"https:\\\/\\\/portalf1.si\\\/wp-content\\\/uploads\\\/2025\\\/08\\\/red-bull-driver-max-verstappen.webp\",\"contentUrl\":\"https:\\\/\\\/portalf1.si\\\/wp-content\\\/uploads\\\/2025\\\/08\\\/red-bull-driver-max-verstappen.webp\",\"width\":1200,\"height\":800},{\"@type\":\"BreadcrumbList\",\"@id\":\"https:\\\/\\\/portalf1.si\\\/index.php\\\/2025\\\/08\\\/02\\\/kot-kaze-je-pred-verstappnom-katastrofalen-dirkaski-konec-tedna\\\/#breadcrumb\",\"itemListElement\":[{\"@type\":\"ListItem\",\"position\":1,\"name\":\"Home\",\"item\":\"https:\\\/\\\/portalf1.si\\\/\"},{\"@type\":\"ListItem\",\"position\":2,\"name\":\"Kot ka\u017ee, je pred Verstappnom katastrofalen dirka\u0161ki konec tedna\"}]},{\"@type\":\"WebSite\",\"@id\":\"https:\\\/\\\/portalf1.si\\\/#website\",\"url\":\"https:\\\/\\\/portalf1.si\\\/\",\"name\":\"Portal F1\",\"description\":\"Vstopite v svet hitrosti in adrenalina\",\"publisher\":{\"@id\":\"https:\\\/\\\/portalf1.si\\\/#organization\"},\"potentialAction\":[{\"@type\":\"SearchAction\",\"target\":{\"@type\":\"EntryPoint\",\"urlTemplate\":\"https:\\\/\\\/portalf1.si\\\/?s={search_term_string}\"},\"query-input\":{\"@type\":\"PropertyValueSpecification\",\"valueRequired\":true,\"valueName\":\"search_term_string\"}}],\"inLanguage\":\"sl-SI\"},{\"@type\":\"Organization\",\"@id\":\"https:\\\/\\\/portalf1.si\\\/#organization\",\"name\":\"Portal F1\",\"url\":\"https:\\\/\\\/portalf1.si\\\/\",\"logo\":{\"@type\":\"ImageObject\",\"inLanguage\":\"sl-SI\",\"@id\":\"https:\\\/\\\/portalf1.si\\\/#\\\/schema\\\/logo\\\/image\\\/\",\"url\":\"https:\\\/\\\/portalf1.si\\\/wp-content\\\/uploads\\\/2025\\\/02\\\/cropped-HiPaint_1738532868530.png\",\"contentUrl\":\"https:\\\/\\\/portalf1.si\\\/wp-content\\\/uploads\\\/2025\\\/02\\\/cropped-HiPaint_1738532868530.png\",\"width\":512,\"height\":512,\"caption\":\"Portal F1\"},\"image\":{\"@id\":\"https:\\\/\\\/portalf1.si\\\/#\\\/schema\\\/logo\\\/image\\\/\"},\"sameAs\":[\"https:\\\/\\\/www.facebook.com\\\/portalf1.si\\\/?locale=sl_SI\"]},{\"@type\":\"Person\",\"@id\":\"https:\\\/\\\/portalf1.si\\\/#\\\/schema\\\/person\\\/abfef3ba57233710daadfbdd742fecd5\",\"name\":\"Denis \u0160tojs\",\"image\":{\"@type\":\"ImageObject\",\"inLanguage\":\"sl-SI\",\"@id\":\"https:\\\/\\\/secure.gravatar.com\\\/avatar\\\/b006ce11dfb9c6e47e9de9803eefbdc14aa4afb445f3cca05acc735c22115b38?s=96&d=mm&r=g\",\"url\":\"https:\\\/\\\/secure.gravatar.com\\\/avatar\\\/b006ce11dfb9c6e47e9de9803eefbdc14aa4afb445f3cca05acc735c22115b38?s=96&d=mm&r=g\",\"contentUrl\":\"https:\\\/\\\/secure.gravatar.com\\\/avatar\\\/b006ce11dfb9c6e47e9de9803eefbdc14aa4afb445f3cca05acc735c22115b38?s=96&d=mm&r=g\",\"caption\":\"Denis \u0160tojs\"},\"sameAs\":[\"https:\\\/\\\/portalf1.si\"],\"url\":\"https:\\\/\\\/portalf1.si\\\/index.php\\\/author\\\/portalf1\\\/\"}]}<\/script>\n<!-- \/ Yoast SEO plugin. -->","yoast_head_json":{"title":"Kot ka\u017ee, je pred Verstappnom katastrofalen dirka\u0161ki konec tedna - Portal F1","description":"Odhod Christiana Hornerja z mesta vodje F1 mo\u0161tva Red Bull za zdaj ni prinesel izhoda iz krize, kar je lepo pokazal za\u010detek VN Mad\u017earske.","robots":{"index":"index","follow":"follow","max-snippet":"max-snippet:-1","max-image-preview":"max-image-preview:large","max-video-preview":"max-video-preview:-1"},"canonical":"https:\/\/portalf1.si\/index.php\/2025\/08\/02\/kot-kaze-je-pred-verstappnom-katastrofalen-dirkaski-konec-tedna\/","og_locale":"sl_SI","og_type":"article","og_title":"Kot ka\u017ee, je pred Verstappnom katastrofalen dirka\u0161ki konec tedna - Portal F1","og_description":"Odhod Christiana Hornerja z mesta vodje F1 mo\u0161tva Red Bull za zdaj ni prinesel izhoda iz krize, kar je lepo pokazal za\u010detek VN Mad\u017earske.","og_url":"https:\/\/portalf1.si\/index.php\/2025\/08\/02\/kot-kaze-je-pred-verstappnom-katastrofalen-dirkaski-konec-tedna\/","og_site_name":"Portal F1","article_publisher":"https:\/\/www.facebook.com\/portalf1.si\/?locale=sl_SI","article_published_time":"2025-08-02T10:56:23+00:00","og_image":[{"width":1200,"height":800,"url":"https:\/\/portalf1.si\/wp-content\/uploads\/2025\/08\/red-bull-driver-max-verstappen.webp","type":"image\/jpeg"}],"author":"Denis \u0160tojs","twitter_card":"summary_large_image","twitter_misc":{"Written by":"Denis \u0160tojs","Est. reading time":"3 minute"},"schema":{"@context":"https:\/\/schema.org","@graph":[{"@type":"Article","@id":"https:\/\/portalf1.si\/index.php\/2025\/08\/02\/kot-kaze-je-pred-verstappnom-katastrofalen-dirkaski-konec-tedna\/#article","isPartOf":{"@id":"https:\/\/portalf1.si\/index.php\/2025\/08\/02\/kot-kaze-je-pred-verstappnom-katastrofalen-dirkaski-konec-tedna\/"},"author":{"name":"Denis \u0160tojs","@id":"https:\/\/portalf1.si\/#\/schema\/person\/abfef3ba57233710daadfbdd742fecd5"},"headline":"Kot ka\u017ee, je pred Verstappnom katastrofalen dirka\u0161ki konec tedna","datePublished":"2025-08-02T10:56:23+00:00","mainEntityOfPage":{"@id":"https:\/\/portalf1.si\/index.php\/2025\/08\/02\/kot-kaze-je-pred-verstappnom-katastrofalen-dirkaski-konec-tedna\/"},"wordCount":372,"commentCount":0,"publisher":{"@id":"https:\/\/portalf1.si\/#organization"},"image":{"@id":"https:\/\/portalf1.si\/index.php\/2025\/08\/02\/kot-kaze-je-pred-verstappnom-katastrofalen-dirkaski-konec-tedna\/#primaryimage"},"thumbnailUrl":"https:\/\/portalf1.si\/wp-content\/uploads\/2025\/08\/red-bull-driver-max-verstappen.webp","keywords":["F1","F1 2025","F1 Slovenija","Formula 1","Formula 1 2025","Formula 1 Slovenija","Max Verstappen","VN Mad\u017earske"],"articleSection":["Formula 1","Max Verstappen","Novice","VN Mad\u017earske"],"inLanguage":"sl-SI","potentialAction":[{"@type":"CommentAction","name":"Comment","target":["https:\/\/portalf1.si\/index.php\/2025\/08\/02\/kot-kaze-je-pred-verstappnom-katastrofalen-dirkaski-konec-tedna\/#respond"]}]},{"@type":"WebPage","@id":"https:\/\/portalf1.si\/index.php\/2025\/08\/02\/kot-kaze-je-pred-verstappnom-katastrofalen-dirkaski-konec-tedna\/","url":"https:\/\/portalf1.si\/index.php\/2025\/08\/02\/kot-kaze-je-pred-verstappnom-katastrofalen-dirkaski-konec-tedna\/","name":"Kot ka\u017ee, je pred Verstappnom katastrofalen dirka\u0161ki konec tedna - Portal F1","isPartOf":{"@id":"https:\/\/portalf1.si\/#website"},"primaryImageOfPage":{"@id":"https:\/\/portalf1.si\/index.php\/2025\/08\/02\/kot-kaze-je-pred-verstappnom-katastrofalen-dirkaski-konec-tedna\/#primaryimage"},"image":{"@id":"https:\/\/portalf1.si\/index.php\/2025\/08\/02\/kot-kaze-je-pred-verstappnom-katastrofalen-dirkaski-konec-tedna\/#primaryimage"},"thumbnailUrl":"https:\/\/portalf1.si\/wp-content\/uploads\/2025\/08\/red-bull-driver-max-verstappen.webp","datePublished":"2025-08-02T10:56:23+00:00","description":"Odhod Christiana Hornerja z mesta vodje F1 mo\u0161tva Red Bull za zdaj ni prinesel izhoda iz krize, kar je lepo pokazal za\u010detek VN Mad\u017earske.","breadcrumb":{"@id":"https:\/\/portalf1.si\/index.php\/2025\/08\/02\/kot-kaze-je-pred-verstappnom-katastrofalen-dirkaski-konec-tedna\/#breadcrumb"},"inLanguage":"sl-SI","potentialAction":[{"@type":"ReadAction","target":["https:\/\/portalf1.si\/index.php\/2025\/08\/02\/kot-kaze-je-pred-verstappnom-katastrofalen-dirkaski-konec-tedna\/"]}]},{"@type":"ImageObject","inLanguage":"sl-SI","@id":"https:\/\/portalf1.si\/index.php\/2025\/08\/02\/kot-kaze-je-pred-verstappnom-katastrofalen-dirkaski-konec-tedna\/#primaryimage","url":"https:\/\/portalf1.si\/wp-content\/uploads\/2025\/08\/red-bull-driver-max-verstappen.webp","contentUrl":"https:\/\/portalf1.si\/wp-content\/uploads\/2025\/08\/red-bull-driver-max-verstappen.webp","width":1200,"height":800},{"@type":"BreadcrumbList","@id":"https:\/\/portalf1.si\/index.php\/2025\/08\/02\/kot-kaze-je-pred-verstappnom-katastrofalen-dirkaski-konec-tedna\/#breadcrumb","itemListElement":[{"@type":"ListItem","position":1,"name":"Home","item":"https:\/\/portalf1.si\/"},{"@type":"ListItem","position":2,"name":"Kot ka\u017ee, je pred Verstappnom katastrofalen dirka\u0161ki konec tedna"}]},{"@type":"WebSite","@id":"https:\/\/portalf1.si\/#website","url":"https:\/\/portalf1.si\/","name":"Portal F1","description":"Vstopite v svet hitrosti in adrenalina","publisher":{"@id":"https:\/\/portalf1.si\/#organization"},"potentialAction":[{"@type":"SearchAction","target":{"@type":"EntryPoint","urlTemplate":"https:\/\/portalf1.si\/?s={search_term_string}"},"query-input":{"@type":"PropertyValueSpecification","valueRequired":true,"valueName":"search_term_string"}}],"inLanguage":"sl-SI"},{"@type":"Organization","@id":"https:\/\/portalf1.si\/#organization","name":"Portal F1","url":"https:\/\/portalf1.si\/","logo":{"@type":"ImageObject","inLanguage":"sl-SI","@id":"https:\/\/portalf1.si\/#\/schema\/logo\/image\/","url":"https:\/\/portalf1.si\/wp-content\/uploads\/2025\/02\/cropped-HiPaint_1738532868530.png","contentUrl":"https:\/\/portalf1.si\/wp-content\/uploads\/2025\/02\/cropped-HiPaint_1738532868530.png","width":512,"height":512,"caption":"Portal F1"},"image":{"@id":"https:\/\/portalf1.si\/#\/schema\/logo\/image\/"},"sameAs":["https:\/\/www.facebook.com\/portalf1.si\/?locale=sl_SI"]},{"@type":"Person","@id":"https:\/\/portalf1.si\/#\/schema\/person\/abfef3ba57233710daadfbdd742fecd5","name":"Denis \u0160tojs","image":{"@type":"ImageObject","inLanguage":"sl-SI","@id":"https:\/\/secure.gravatar.com\/avatar\/b006ce11dfb9c6e47e9de9803eefbdc14aa4afb445f3cca05acc735c22115b38?s=96&d=mm&r=g","url":"https:\/\/secure.gravatar.com\/avatar\/b006ce11dfb9c6e47e9de9803eefbdc14aa4afb445f3cca05acc735c22115b38?s=96&d=mm&r=g","contentUrl":"https:\/\/secure.gravatar.com\/avatar\/b006ce11dfb9c6e47e9de9803eefbdc14aa4afb445f3cca05acc735c22115b38?s=96&d=mm&r=g","caption":"Denis \u0160tojs"},"sameAs":["https:\/\/portalf1.si"],"url":"https:\/\/portalf1.si\/index.php\/author\/portalf1\/"}]}},"_links":{"self":[{"href":"https:\/\/portalf1.si\/index.php\/wp-json\/wp\/v2\/posts\/7376","targetHints":{"allow":["GET"]}}],"collection":[{"href":"https:\/\/portalf1.si\/index.php\/wp-json\/wp\/v2\/posts"}],"about":[{"href":"https:\/\/portalf1.si\/index.php\/wp-json\/wp\/v2\/types\/post"}],"author":[{"embeddable":true,"href":"https:\/\/portalf1.si\/index.php\/wp-json\/wp\/v2\/users\/1"}],"replies":[{"embeddable":true,"href":"https:\/\/portalf1.si\/index.php\/wp-json\/wp\/v2\/comments?post=7376"}],"version-history":[{"count":2,"href":"https:\/\/portalf1.si\/index.php\/wp-json\/wp\/v2\/posts\/7376\/revisions"}],"predecessor-version":[{"id":7379,"href":"https:\/\/portalf1.si\/index.php\/wp-json\/wp\/v2\/posts\/7376\/revisions\/7379"}],"wp:featuredmedia":[{"embeddable":true,"href":"https:\/\/portalf1.si\/index.php\/wp-json\/wp\/v2\/media\/7377"}],"wp:attachment":[{"href":"https:\/\/portalf1.si\/index.php\/wp-json\/wp\/v2\/media?parent=7376"}],"wp:term":[{"taxonomy":"category","embeddable":true,"href":"https:\/\/portalf1.si\/index.php\/wp-json\/wp\/v2\/categories?post=7376"},{"taxonomy":"post_tag","embeddable":true,"href":"https:\/\/portalf1.si\/index.php\/wp-json\/wp\/v2\/tags?post=7376"}],"curies":[{"name":"wp","href":"https:\/\/api.w.org\/{rel}","templated":true}]}}