{"id":7381,"date":"2025-08-02T11:55:56","date_gmt":"2025-08-02T11:55:56","guid":{"rendered":"https:\/\/portalf1.si\/?p=7381"},"modified":"2025-08-02T11:55:56","modified_gmt":"2025-08-02T11:55:56","slug":"tretji-prosti-trening-na-vn-madzarske-mclarna-dalec-spredaj","status":"publish","type":"post","link":"https:\/\/portalf1.si\/index.php\/2025\/08\/02\/tretji-prosti-trening-na-vn-madzarske-mclarna-dalec-spredaj\/","title":{"rendered":"Tretji prosti trening na VN Mad\u017earske &#8211; McLarna dale\u010d spredaj,"},"content":{"rendered":"<p><strong>Tako kot na prvem in drugem prostem treningu za VN Mad\u017earske sta tudi tokrat McLarna kon\u010dala na vrhu. S hudimi te\u017eavami se je ponovno spopadal Max Verstappen, ki je na koncu osvojil skromno dvanajsto mesto.<\/strong><\/p>\n<p>Oscar Piastri je bil tokrat za tekmece pretrd oreh. Britanec je namre\u010d hitro prevzel vodstvo in ga zadr\u017eal do konca.<\/p>\n<p>Lando Norris je ve\u010dino \u010dasa pre\u017eivel med tretjim in petim mestom, dokler se ni ob koncu prebil za svojega mo\u0161tvenega kolega. Ferrari je dolgo \u010dasa sledil tempu obeh McLarnov, pri \u010demer sta bila oba dirka\u010da ve\u010dino treninga med najbolj\u0161imi petimi, za kratek \u010das sta celo lo\u010dila Norrisa od Piastrija.<\/p>\n<p>Aston Martin je znova opravil dobro delo in ostal visoko na razpredelnici. Ve\u010dina dirka\u010dev je trening odpeljala na mehkih ali srednje trdih gumah. Naslednje dejanje so kvalifikacije, ki se bodo pri\u010dele ob 16:00<\/p>\n<p><img data-dominant-color=\"2f3132\" data-has-transparency=\"false\" style=\"--dominant-color: #2f3132;\" loading=\"lazy\" decoding=\"async\" class=\"alignnone size-full wp-image-7382 not-transparent\" src=\"https:\/\/portalf1.si\/wp-content\/uploads\/2025\/08\/688df7475005a-688df747500ef.webp\" alt=\"\" width=\"1170\" height=\"1745\" srcset=\"https:\/\/portalf1.si\/wp-content\/uploads\/2025\/08\/688df7475005a-688df747500ef.webp 1170w, https:\/\/portalf1.si\/wp-content\/uploads\/2025\/08\/688df7475005a-688df747500ef-201x300.webp 201w, https:\/\/portalf1.si\/wp-content\/uploads\/2025\/08\/688df7475005a-688df747500ef-687x1024.webp 687w, https:\/\/portalf1.si\/wp-content\/uploads\/2025\/08\/688df7475005a-688df747500ef-768x1145.webp 768w, https:\/\/portalf1.si\/wp-content\/uploads\/2025\/08\/688df7475005a-688df747500ef-1030x1536.webp 1030w\" sizes=\"auto, (max-width: 1170px) 100vw, 1170px\" \/><\/p>\n<blockquote class=\"wp-embedded-content\" data-secret=\"0uEosYyC9q\"><p><a href=\"https:\/\/portalf1.si\/index.php\/2025\/08\/02\/kot-kaze-je-pred-verstappnom-katastrofalen-dirkaski-konec-tedna\/\">Kot ka\u017ee, je pred Verstappnom katastrofalen dirka\u0161ki konec tedna<\/a><\/p><\/blockquote>\n<p><iframe loading=\"lazy\" class=\"wp-embedded-content\" sandbox=\"allow-scripts\" security=\"restricted\" style=\"position: absolute; visibility: hidden;\" title=\"&#8220;Kot ka\u017ee, je pred Verstappnom katastrofalen dirka\u0161ki konec tedna&#8221; &#8212; Portal F1\" src=\"https:\/\/portalf1.si\/index.php\/2025\/08\/02\/kot-kaze-je-pred-verstappnom-katastrofalen-dirkaski-konec-tedna\/embed\/#?secret=rT1WLLAxD6#?secret=0uEosYyC9q\" data-secret=\"0uEosYyC9q\" width=\"600\" height=\"338\" frameborder=\"0\" marginwidth=\"0\" marginheight=\"0\" scrolling=\"no\"><\/iframe><\/p>\n","protected":false},"excerpt":{"rendered":"<p>Tako kot na prvem in drugem prostem treningu za VN Mad\u017earske sta tudi tokrat McLarna kon\u010dala na vrhu. S hudimi te\u017eavami se je ponovno spopadal Max Verstappen, ki je na koncu osvojil skromno dvanajsto mesto. Oscar Piastri je bil tokrat za tekmece pretrd oreh. Britanec je namre\u010d hitro prevzel vodstvo in ga zadr\u017eal do konca. [&hellip;]<\/p>\n","protected":false},"author":1,"featured_media":7383,"comment_status":"open","ping_status":"open","sticky":false,"template":"","format":"standard","meta":{"footnotes":""},"categories":[30,63,40,31,342],"tags":[44,50,159,45,51,158,47,76,64,343],"class_list":["post-7381","post","type-post","status-publish","format-standard","has-post-thumbnail","hentry","category-formula-1","category-max-verstappen","category-mclaren","category-novice","category-vn-madzarske","tag-f1","tag-f1-2025","tag-f1-slovenija","tag-formula-1","tag-formula-1-2025","tag-formula-1-slovenija","tag-max-verstappen","tag-mclaren","tag-red-bull","tag-vn-madzarske"],"blocksy_meta":[],"yoast_head":"<!-- This site is optimized with the Yoast SEO plugin v27.4 - https:\/\/yoast.com\/product\/yoast-seo-wordpress\/ -->\n<title>Tretji prosti trening na VN Mad\u017earske - McLarna dale\u010d spredaj, - Portal F1<\/title>\n<meta name=\"description\" content=\"Tako kot na prvem in drugem prostem treningu dirka\u010dev Formule 1 na Mad\u017earskem sta tudi tokrat McLarna kon\u010dala na vrhu.\" \/>\n<meta name=\"robots\" content=\"index, follow, max-snippet:-1, max-image-preview:large, max-video-preview:-1\" \/>\n<link rel=\"canonical\" href=\"https:\/\/portalf1.si\/index.php\/2025\/08\/02\/tretji-prosti-trening-na-vn-madzarske-mclarna-dalec-spredaj\/\" \/>\n<meta property=\"og:locale\" content=\"sl_SI\" \/>\n<meta property=\"og:type\" content=\"article\" \/>\n<meta property=\"og:title\" content=\"Tretji prosti trening na VN Mad\u017earske - McLarna dale\u010d spredaj, - Portal F1\" \/>\n<meta property=\"og:description\" content=\"Tako kot na prvem in drugem prostem treningu dirka\u010dev Formule 1 na Mad\u017earskem sta tudi tokrat McLarna kon\u010dala na vrhu.\" \/>\n<meta property=\"og:url\" content=\"https:\/\/portalf1.si\/index.php\/2025\/08\/02\/tretji-prosti-trening-na-vn-madzarske-mclarna-dalec-spredaj\/\" \/>\n<meta property=\"og:site_name\" content=\"Portal F1\" \/>\n<meta property=\"article:publisher\" content=\"https:\/\/www.facebook.com\/portalf1.si\/?locale=sl_SI\" \/>\n<meta property=\"article:published_time\" content=\"2025-08-02T11:55:56+00:00\" \/>\n<meta property=\"og:image\" content=\"https:\/\/portalf1.si\/wp-content\/uploads\/2025\/08\/2025hungaryfriday06.webp\" \/>\n\t<meta property=\"og:image:width\" content=\"800\" \/>\n\t<meta property=\"og:image:height\" content=\"533\" \/>\n\t<meta property=\"og:image:type\" content=\"image\/jpeg\" \/>\n<meta name=\"author\" content=\"Denis \u0160tojs\" \/>\n<meta name=\"twitter:card\" content=\"summary_large_image\" \/>\n<meta name=\"twitter:label1\" content=\"Written by\" \/>\n\t<meta name=\"twitter:data1\" content=\"Denis \u0160tojs\" \/>\n\t<meta name=\"twitter:label2\" content=\"Est. reading time\" \/>\n\t<meta name=\"twitter:data2\" content=\"2 minuti\" \/>\n<script type=\"application\/ld+json\" class=\"yoast-schema-graph\">{\"@context\":\"https:\\\/\\\/schema.org\",\"@graph\":[{\"@type\":\"Article\",\"@id\":\"https:\\\/\\\/portalf1.si\\\/index.php\\\/2025\\\/08\\\/02\\\/tretji-prosti-trening-na-vn-madzarske-mclarna-dalec-spredaj\\\/#article\",\"isPartOf\":{\"@id\":\"https:\\\/\\\/portalf1.si\\\/index.php\\\/2025\\\/08\\\/02\\\/tretji-prosti-trening-na-vn-madzarske-mclarna-dalec-spredaj\\\/\"},\"author\":{\"name\":\"Denis \u0160tojs\",\"@id\":\"https:\\\/\\\/portalf1.si\\\/#\\\/schema\\\/person\\\/abfef3ba57233710daadfbdd742fecd5\"},\"headline\":\"Tretji prosti trening na VN Mad\u017earske &#8211; McLarna dale\u010d spredaj,\",\"datePublished\":\"2025-08-02T11:55:56+00:00\",\"mainEntityOfPage\":{\"@id\":\"https:\\\/\\\/portalf1.si\\\/index.php\\\/2025\\\/08\\\/02\\\/tretji-prosti-trening-na-vn-madzarske-mclarna-dalec-spredaj\\\/\"},\"wordCount\":167,\"commentCount\":0,\"publisher\":{\"@id\":\"https:\\\/\\\/portalf1.si\\\/#organization\"},\"image\":{\"@id\":\"https:\\\/\\\/portalf1.si\\\/index.php\\\/2025\\\/08\\\/02\\\/tretji-prosti-trening-na-vn-madzarske-mclarna-dalec-spredaj\\\/#primaryimage\"},\"thumbnailUrl\":\"https:\\\/\\\/portalf1.si\\\/wp-content\\\/uploads\\\/2025\\\/08\\\/2025hungaryfriday06.webp\",\"keywords\":[\"F1\",\"F1 2025\",\"F1 Slovenija\",\"Formula 1\",\"Formula 1 2025\",\"Formula 1 Slovenija\",\"Max Verstappen\",\"McLaren\",\"Red Bull\",\"VN Mad\u017earske\"],\"articleSection\":[\"Formula 1\",\"Max Verstappen\",\"Mclaren\",\"Novice\",\"VN Mad\u017earske\"],\"inLanguage\":\"sl-SI\",\"potentialAction\":[{\"@type\":\"CommentAction\",\"name\":\"Comment\",\"target\":[\"https:\\\/\\\/portalf1.si\\\/index.php\\\/2025\\\/08\\\/02\\\/tretji-prosti-trening-na-vn-madzarske-mclarna-dalec-spredaj\\\/#respond\"]}]},{\"@type\":\"WebPage\",\"@id\":\"https:\\\/\\\/portalf1.si\\\/index.php\\\/2025\\\/08\\\/02\\\/tretji-prosti-trening-na-vn-madzarske-mclarna-dalec-spredaj\\\/\",\"url\":\"https:\\\/\\\/portalf1.si\\\/index.php\\\/2025\\\/08\\\/02\\\/tretji-prosti-trening-na-vn-madzarske-mclarna-dalec-spredaj\\\/\",\"name\":\"Tretji prosti trening na VN Mad\u017earske - McLarna dale\u010d spredaj, - Portal F1\",\"isPartOf\":{\"@id\":\"https:\\\/\\\/portalf1.si\\\/#website\"},\"primaryImageOfPage\":{\"@id\":\"https:\\\/\\\/portalf1.si\\\/index.php\\\/2025\\\/08\\\/02\\\/tretji-prosti-trening-na-vn-madzarske-mclarna-dalec-spredaj\\\/#primaryimage\"},\"image\":{\"@id\":\"https:\\\/\\\/portalf1.si\\\/index.php\\\/2025\\\/08\\\/02\\\/tretji-prosti-trening-na-vn-madzarske-mclarna-dalec-spredaj\\\/#primaryimage\"},\"thumbnailUrl\":\"https:\\\/\\\/portalf1.si\\\/wp-content\\\/uploads\\\/2025\\\/08\\\/2025hungaryfriday06.webp\",\"datePublished\":\"2025-08-02T11:55:56+00:00\",\"description\":\"Tako kot na prvem in drugem prostem treningu dirka\u010dev Formule 1 na Mad\u017earskem sta tudi tokrat McLarna kon\u010dala na vrhu.\",\"breadcrumb\":{\"@id\":\"https:\\\/\\\/portalf1.si\\\/index.php\\\/2025\\\/08\\\/02\\\/tretji-prosti-trening-na-vn-madzarske-mclarna-dalec-spredaj\\\/#breadcrumb\"},\"inLanguage\":\"sl-SI\",\"potentialAction\":[{\"@type\":\"ReadAction\",\"target\":[\"https:\\\/\\\/portalf1.si\\\/index.php\\\/2025\\\/08\\\/02\\\/tretji-prosti-trening-na-vn-madzarske-mclarna-dalec-spredaj\\\/\"]}]},{\"@type\":\"ImageObject\",\"inLanguage\":\"sl-SI\",\"@id\":\"https:\\\/\\\/portalf1.si\\\/index.php\\\/2025\\\/08\\\/02\\\/tretji-prosti-trening-na-vn-madzarske-mclarna-dalec-spredaj\\\/#primaryimage\",\"url\":\"https:\\\/\\\/portalf1.si\\\/wp-content\\\/uploads\\\/2025\\\/08\\\/2025hungaryfriday06.webp\",\"contentUrl\":\"https:\\\/\\\/portalf1.si\\\/wp-content\\\/uploads\\\/2025\\\/08\\\/2025hungaryfriday06.webp\",\"width\":800,\"height\":533,\"caption\":\"BUDAPEST, HUNGARY - AUGUST 01: Oscar Piastri of Australia driving the (81) McLaren MCL39 Mercedes on track during practice ahead of the F1 Grand Prix of Hungary at Hungaroring on August 01, 2025 in Budapest, Hungary. (Photo by Joe Portlock\\\/Getty Images)\"},{\"@type\":\"BreadcrumbList\",\"@id\":\"https:\\\/\\\/portalf1.si\\\/index.php\\\/2025\\\/08\\\/02\\\/tretji-prosti-trening-na-vn-madzarske-mclarna-dalec-spredaj\\\/#breadcrumb\",\"itemListElement\":[{\"@type\":\"ListItem\",\"position\":1,\"name\":\"Home\",\"item\":\"https:\\\/\\\/portalf1.si\\\/\"},{\"@type\":\"ListItem\",\"position\":2,\"name\":\"Tretji prosti trening na VN Mad\u017earske &#8211; McLarna dale\u010d spredaj,\"}]},{\"@type\":\"WebSite\",\"@id\":\"https:\\\/\\\/portalf1.si\\\/#website\",\"url\":\"https:\\\/\\\/portalf1.si\\\/\",\"name\":\"Portal F1\",\"description\":\"Vstopite v svet hitrosti in adrenalina\",\"publisher\":{\"@id\":\"https:\\\/\\\/portalf1.si\\\/#organization\"},\"potentialAction\":[{\"@type\":\"SearchAction\",\"target\":{\"@type\":\"EntryPoint\",\"urlTemplate\":\"https:\\\/\\\/portalf1.si\\\/?s={search_term_string}\"},\"query-input\":{\"@type\":\"PropertyValueSpecification\",\"valueRequired\":true,\"valueName\":\"search_term_string\"}}],\"inLanguage\":\"sl-SI\"},{\"@type\":\"Organization\",\"@id\":\"https:\\\/\\\/portalf1.si\\\/#organization\",\"name\":\"Portal F1\",\"url\":\"https:\\\/\\\/portalf1.si\\\/\",\"logo\":{\"@type\":\"ImageObject\",\"inLanguage\":\"sl-SI\",\"@id\":\"https:\\\/\\\/portalf1.si\\\/#\\\/schema\\\/logo\\\/image\\\/\",\"url\":\"https:\\\/\\\/portalf1.si\\\/wp-content\\\/uploads\\\/2025\\\/02\\\/cropped-HiPaint_1738532868530.png\",\"contentUrl\":\"https:\\\/\\\/portalf1.si\\\/wp-content\\\/uploads\\\/2025\\\/02\\\/cropped-HiPaint_1738532868530.png\",\"width\":512,\"height\":512,\"caption\":\"Portal F1\"},\"image\":{\"@id\":\"https:\\\/\\\/portalf1.si\\\/#\\\/schema\\\/logo\\\/image\\\/\"},\"sameAs\":[\"https:\\\/\\\/www.facebook.com\\\/portalf1.si\\\/?locale=sl_SI\"]},{\"@type\":\"Person\",\"@id\":\"https:\\\/\\\/portalf1.si\\\/#\\\/schema\\\/person\\\/abfef3ba57233710daadfbdd742fecd5\",\"name\":\"Denis \u0160tojs\",\"image\":{\"@type\":\"ImageObject\",\"inLanguage\":\"sl-SI\",\"@id\":\"https:\\\/\\\/secure.gravatar.com\\\/avatar\\\/b006ce11dfb9c6e47e9de9803eefbdc14aa4afb445f3cca05acc735c22115b38?s=96&d=mm&r=g\",\"url\":\"https:\\\/\\\/secure.gravatar.com\\\/avatar\\\/b006ce11dfb9c6e47e9de9803eefbdc14aa4afb445f3cca05acc735c22115b38?s=96&d=mm&r=g\",\"contentUrl\":\"https:\\\/\\\/secure.gravatar.com\\\/avatar\\\/b006ce11dfb9c6e47e9de9803eefbdc14aa4afb445f3cca05acc735c22115b38?s=96&d=mm&r=g\",\"caption\":\"Denis \u0160tojs\"},\"sameAs\":[\"https:\\\/\\\/portalf1.si\"],\"url\":\"https:\\\/\\\/portalf1.si\\\/index.php\\\/author\\\/portalf1\\\/\"}]}<\/script>\n<!-- \/ Yoast SEO plugin. -->","yoast_head_json":{"title":"Tretji prosti trening na VN Mad\u017earske - McLarna dale\u010d spredaj, - Portal F1","description":"Tako kot na prvem in drugem prostem treningu dirka\u010dev Formule 1 na Mad\u017earskem sta tudi tokrat McLarna kon\u010dala na vrhu.","robots":{"index":"index","follow":"follow","max-snippet":"max-snippet:-1","max-image-preview":"max-image-preview:large","max-video-preview":"max-video-preview:-1"},"canonical":"https:\/\/portalf1.si\/index.php\/2025\/08\/02\/tretji-prosti-trening-na-vn-madzarske-mclarna-dalec-spredaj\/","og_locale":"sl_SI","og_type":"article","og_title":"Tretji prosti trening na VN Mad\u017earske - McLarna dale\u010d spredaj, - Portal F1","og_description":"Tako kot na prvem in drugem prostem treningu dirka\u010dev Formule 1 na Mad\u017earskem sta tudi tokrat McLarna kon\u010dala na vrhu.","og_url":"https:\/\/portalf1.si\/index.php\/2025\/08\/02\/tretji-prosti-trening-na-vn-madzarske-mclarna-dalec-spredaj\/","og_site_name":"Portal F1","article_publisher":"https:\/\/www.facebook.com\/portalf1.si\/?locale=sl_SI","article_published_time":"2025-08-02T11:55:56+00:00","og_image":[{"width":800,"height":533,"url":"https:\/\/portalf1.si\/wp-content\/uploads\/2025\/08\/2025hungaryfriday06.webp","type":"image\/jpeg"}],"author":"Denis \u0160tojs","twitter_card":"summary_large_image","twitter_misc":{"Written by":"Denis \u0160tojs","Est. reading time":"2 minuti"},"schema":{"@context":"https:\/\/schema.org","@graph":[{"@type":"Article","@id":"https:\/\/portalf1.si\/index.php\/2025\/08\/02\/tretji-prosti-trening-na-vn-madzarske-mclarna-dalec-spredaj\/#article","isPartOf":{"@id":"https:\/\/portalf1.si\/index.php\/2025\/08\/02\/tretji-prosti-trening-na-vn-madzarske-mclarna-dalec-spredaj\/"},"author":{"name":"Denis \u0160tojs","@id":"https:\/\/portalf1.si\/#\/schema\/person\/abfef3ba57233710daadfbdd742fecd5"},"headline":"Tretji prosti trening na VN Mad\u017earske &#8211; McLarna dale\u010d spredaj,","datePublished":"2025-08-02T11:55:56+00:00","mainEntityOfPage":{"@id":"https:\/\/portalf1.si\/index.php\/2025\/08\/02\/tretji-prosti-trening-na-vn-madzarske-mclarna-dalec-spredaj\/"},"wordCount":167,"commentCount":0,"publisher":{"@id":"https:\/\/portalf1.si\/#organization"},"image":{"@id":"https:\/\/portalf1.si\/index.php\/2025\/08\/02\/tretji-prosti-trening-na-vn-madzarske-mclarna-dalec-spredaj\/#primaryimage"},"thumbnailUrl":"https:\/\/portalf1.si\/wp-content\/uploads\/2025\/08\/2025hungaryfriday06.webp","keywords":["F1","F1 2025","F1 Slovenija","Formula 1","Formula 1 2025","Formula 1 Slovenija","Max Verstappen","McLaren","Red Bull","VN Mad\u017earske"],"articleSection":["Formula 1","Max Verstappen","Mclaren","Novice","VN Mad\u017earske"],"inLanguage":"sl-SI","potentialAction":[{"@type":"CommentAction","name":"Comment","target":["https:\/\/portalf1.si\/index.php\/2025\/08\/02\/tretji-prosti-trening-na-vn-madzarske-mclarna-dalec-spredaj\/#respond"]}]},{"@type":"WebPage","@id":"https:\/\/portalf1.si\/index.php\/2025\/08\/02\/tretji-prosti-trening-na-vn-madzarske-mclarna-dalec-spredaj\/","url":"https:\/\/portalf1.si\/index.php\/2025\/08\/02\/tretji-prosti-trening-na-vn-madzarske-mclarna-dalec-spredaj\/","name":"Tretji prosti trening na VN Mad\u017earske - McLarna dale\u010d spredaj, - Portal F1","isPartOf":{"@id":"https:\/\/portalf1.si\/#website"},"primaryImageOfPage":{"@id":"https:\/\/portalf1.si\/index.php\/2025\/08\/02\/tretji-prosti-trening-na-vn-madzarske-mclarna-dalec-spredaj\/#primaryimage"},"image":{"@id":"https:\/\/portalf1.si\/index.php\/2025\/08\/02\/tretji-prosti-trening-na-vn-madzarske-mclarna-dalec-spredaj\/#primaryimage"},"thumbnailUrl":"https:\/\/portalf1.si\/wp-content\/uploads\/2025\/08\/2025hungaryfriday06.webp","datePublished":"2025-08-02T11:55:56+00:00","description":"Tako kot na prvem in drugem prostem treningu dirka\u010dev Formule 1 na Mad\u017earskem sta tudi tokrat McLarna kon\u010dala na vrhu.","breadcrumb":{"@id":"https:\/\/portalf1.si\/index.php\/2025\/08\/02\/tretji-prosti-trening-na-vn-madzarske-mclarna-dalec-spredaj\/#breadcrumb"},"inLanguage":"sl-SI","potentialAction":[{"@type":"ReadAction","target":["https:\/\/portalf1.si\/index.php\/2025\/08\/02\/tretji-prosti-trening-na-vn-madzarske-mclarna-dalec-spredaj\/"]}]},{"@type":"ImageObject","inLanguage":"sl-SI","@id":"https:\/\/portalf1.si\/index.php\/2025\/08\/02\/tretji-prosti-trening-na-vn-madzarske-mclarna-dalec-spredaj\/#primaryimage","url":"https:\/\/portalf1.si\/wp-content\/uploads\/2025\/08\/2025hungaryfriday06.webp","contentUrl":"https:\/\/portalf1.si\/wp-content\/uploads\/2025\/08\/2025hungaryfriday06.webp","width":800,"height":533,"caption":"BUDAPEST, HUNGARY - AUGUST 01: Oscar Piastri of Australia driving the (81) McLaren MCL39 Mercedes on track during practice ahead of the F1 Grand Prix of Hungary at Hungaroring on August 01, 2025 in Budapest, Hungary. (Photo by Joe Portlock\/Getty Images)"},{"@type":"BreadcrumbList","@id":"https:\/\/portalf1.si\/index.php\/2025\/08\/02\/tretji-prosti-trening-na-vn-madzarske-mclarna-dalec-spredaj\/#breadcrumb","itemListElement":[{"@type":"ListItem","position":1,"name":"Home","item":"https:\/\/portalf1.si\/"},{"@type":"ListItem","position":2,"name":"Tretji prosti trening na VN Mad\u017earske &#8211; McLarna dale\u010d spredaj,"}]},{"@type":"WebSite","@id":"https:\/\/portalf1.si\/#website","url":"https:\/\/portalf1.si\/","name":"Portal F1","description":"Vstopite v svet hitrosti in adrenalina","publisher":{"@id":"https:\/\/portalf1.si\/#organization"},"potentialAction":[{"@type":"SearchAction","target":{"@type":"EntryPoint","urlTemplate":"https:\/\/portalf1.si\/?s={search_term_string}"},"query-input":{"@type":"PropertyValueSpecification","valueRequired":true,"valueName":"search_term_string"}}],"inLanguage":"sl-SI"},{"@type":"Organization","@id":"https:\/\/portalf1.si\/#organization","name":"Portal F1","url":"https:\/\/portalf1.si\/","logo":{"@type":"ImageObject","inLanguage":"sl-SI","@id":"https:\/\/portalf1.si\/#\/schema\/logo\/image\/","url":"https:\/\/portalf1.si\/wp-content\/uploads\/2025\/02\/cropped-HiPaint_1738532868530.png","contentUrl":"https:\/\/portalf1.si\/wp-content\/uploads\/2025\/02\/cropped-HiPaint_1738532868530.png","width":512,"height":512,"caption":"Portal F1"},"image":{"@id":"https:\/\/portalf1.si\/#\/schema\/logo\/image\/"},"sameAs":["https:\/\/www.facebook.com\/portalf1.si\/?locale=sl_SI"]},{"@type":"Person","@id":"https:\/\/portalf1.si\/#\/schema\/person\/abfef3ba57233710daadfbdd742fecd5","name":"Denis \u0160tojs","image":{"@type":"ImageObject","inLanguage":"sl-SI","@id":"https:\/\/secure.gravatar.com\/avatar\/b006ce11dfb9c6e47e9de9803eefbdc14aa4afb445f3cca05acc735c22115b38?s=96&d=mm&r=g","url":"https:\/\/secure.gravatar.com\/avatar\/b006ce11dfb9c6e47e9de9803eefbdc14aa4afb445f3cca05acc735c22115b38?s=96&d=mm&r=g","contentUrl":"https:\/\/secure.gravatar.com\/avatar\/b006ce11dfb9c6e47e9de9803eefbdc14aa4afb445f3cca05acc735c22115b38?s=96&d=mm&r=g","caption":"Denis \u0160tojs"},"sameAs":["https:\/\/portalf1.si"],"url":"https:\/\/portalf1.si\/index.php\/author\/portalf1\/"}]}},"_links":{"self":[{"href":"https:\/\/portalf1.si\/index.php\/wp-json\/wp\/v2\/posts\/7381","targetHints":{"allow":["GET"]}}],"collection":[{"href":"https:\/\/portalf1.si\/index.php\/wp-json\/wp\/v2\/posts"}],"about":[{"href":"https:\/\/portalf1.si\/index.php\/wp-json\/wp\/v2\/types\/post"}],"author":[{"embeddable":true,"href":"https:\/\/portalf1.si\/index.php\/wp-json\/wp\/v2\/users\/1"}],"replies":[{"embeddable":true,"href":"https:\/\/portalf1.si\/index.php\/wp-json\/wp\/v2\/comments?post=7381"}],"version-history":[{"count":1,"href":"https:\/\/portalf1.si\/index.php\/wp-json\/wp\/v2\/posts\/7381\/revisions"}],"predecessor-version":[{"id":7384,"href":"https:\/\/portalf1.si\/index.php\/wp-json\/wp\/v2\/posts\/7381\/revisions\/7384"}],"wp:featuredmedia":[{"embeddable":true,"href":"https:\/\/portalf1.si\/index.php\/wp-json\/wp\/v2\/media\/7383"}],"wp:attachment":[{"href":"https:\/\/portalf1.si\/index.php\/wp-json\/wp\/v2\/media?parent=7381"}],"wp:term":[{"taxonomy":"category","embeddable":true,"href":"https:\/\/portalf1.si\/index.php\/wp-json\/wp\/v2\/categories?post=7381"},{"taxonomy":"post_tag","embeddable":true,"href":"https:\/\/portalf1.si\/index.php\/wp-json\/wp\/v2\/tags?post=7381"}],"curies":[{"name":"wp","href":"https:\/\/api.w.org\/{rel}","templated":true}]}}