{"id":7395,"date":"2025-08-02T19:17:01","date_gmt":"2025-08-02T19:17:01","guid":{"rendered":"https:\/\/portalf1.si\/?p=7395"},"modified":"2025-08-02T19:17:01","modified_gmt":"2025-08-02T19:17:01","slug":"leclerc-presenecen-danes-ne-razumem-formule-1","status":"publish","type":"post","link":"https:\/\/portalf1.si\/index.php\/2025\/08\/02\/leclerc-presenecen-danes-ne-razumem-formule-1\/","title":{"rendered":"Leclerc presene\u010den: Danes ne razumem Formule 1"},"content":{"rendered":"<p><strong>Charles Leclerc si je v kvalifikacijah Formule 1 za VN Mad\u017earske uspel priboriti pole position, potem ko mu ga ne Oscar Piastri ne Lando Norris nista uspela odvzeti, kar je poskrbelo za precej\u0161nje presene\u010denje, \u0161e posebej zanj.<\/strong><\/p>\n<p>Leclerc je po koncu kvalifikacij dejal: <em>&#8220;Danes ne razumem ni\u010desar glede Formule 1. Iskreno, te kvalifikacije so bile neverjetno te\u017eke. Ko re\u010dem neverjetno te\u017eke, sploh ne pretiravam. \u017de samo priti v Q2 je bilo te\u017eko. Priti v Q3 je bilo \u0161e te\u017eje.&#8221;<\/em><\/p>\n<p>V zadnjem delu kvalifikacij pa so se pogoji rahlo spremenili. <em>&#8220;V Q3 se je vreme malo obrnilo. Vse je postalo precej bolj zahtevno. Vedel sem, da moram samo sestaviti \u010dist krog in ciljati na tretje mesto. Na koncu pa pole! Tega definitivno nisem pri\u010dakoval.&#8221;<\/em><\/p>\n<p><em>&#8220;Pogoji so se hitro spreminjali, kar je naredilo vse \u0161e bolj zahtevno. Zdaj sem na pole positionu. Iskreno, nimam besed. To je verjetno eden mojih najbolj\u0161ih pole positionov doslej, ker je bil res povsem nepri\u010dakovan,&#8221;<\/em> je nadaljeval Mona\u010dan, ki \u017ee razmi\u0161lja o zmagi.<\/p>\n<blockquote>\n<p style=\"text-align: center;\"><em>&#8220;\u0160tart in prvi ovinek bosta klju\u010dna. Nimam pojma, kako bo \u0161lo, ampak eno je jasno \u2013 dal bom \u010disto vse od sebe, da obdr\u017eim prvo mesto. \u010ce nam to uspe, potem bo preostanek dirke bistveno la\u017eji.&#8221;<\/em><\/p>\n<\/blockquote>\n<blockquote class=\"wp-embedded-content\" data-secret=\"iceTKuGWRN\"><p><a href=\"https:\/\/portalf1.si\/index.php\/2025\/08\/02\/neuporabni-hamilton-odkrito-priznava-ferrari-mora-zamenjati-dirkaca\/\">&#8216;Neuporabni&#8217; Hamilton odkrito priznava: Ferrari mora zamenjati dirka\u010da<\/a><\/p><\/blockquote>\n<p><iframe loading=\"lazy\" class=\"wp-embedded-content\" sandbox=\"allow-scripts\" security=\"restricted\" style=\"position: absolute; visibility: hidden;\" title=\"&#8220;&#8216;Neuporabni&#8217; Hamilton odkrito priznava: Ferrari mora zamenjati dirka\u010da&#8221; &#8212; Portal F1\" src=\"https:\/\/portalf1.si\/index.php\/2025\/08\/02\/neuporabni-hamilton-odkrito-priznava-ferrari-mora-zamenjati-dirkaca\/embed\/#?secret=zaLagZb4hr#?secret=iceTKuGWRN\" data-secret=\"iceTKuGWRN\" width=\"600\" height=\"338\" frameborder=\"0\" marginwidth=\"0\" marginheight=\"0\" scrolling=\"no\"><\/iframe><\/p>\n","protected":false},"excerpt":{"rendered":"<p>Charles Leclerc si je v kvalifikacijah Formule 1 za VN Mad\u017earske uspel priboriti pole position, potem ko mu ga ne Oscar Piastri ne Lando Norris nista uspela odvzeti, kar je poskrbelo za precej\u0161nje presene\u010denje, \u0161e posebej zanj. Leclerc je po koncu kvalifikacij dejal: &#8220;Danes ne razumem ni\u010desar glede Formule 1. Iskreno, te kvalifikacije so bile [&hellip;]<\/p>\n","protected":false},"author":1,"featured_media":7396,"comment_status":"open","ping_status":"open","sticky":false,"template":"","format":"standard","meta":{"footnotes":""},"categories":[120,30,31,342],"tags":[95,44,50,159,46,45,51,158,343],"class_list":["post-7395","post","type-post","status-publish","format-standard","has-post-thumbnail","hentry","category-charles-leclerc","category-formula-1","category-novice","category-vn-madzarske","tag-charles-leclerc","tag-f1","tag-f1-2025","tag-f1-slovenija","tag-ferrari","tag-formula-1","tag-formula-1-2025","tag-formula-1-slovenija","tag-vn-madzarske"],"blocksy_meta":[],"yoast_head":"<!-- This site is optimized with the Yoast SEO plugin v27.4 - https:\/\/yoast.com\/product\/yoast-seo-wordpress\/ -->\n<title>Leclerc presene\u010den: Danes ne razumem Formule 1 - Portal F1<\/title>\n<meta name=\"description\" content=\"Charles Leclerc si je v kvalifikacijah Formule 1 za VN Mad\u017earske uspel priboriti pole position, potem ko mu ga McLarna nista uspela odvzeti.\" \/>\n<meta name=\"robots\" content=\"index, follow, max-snippet:-1, max-image-preview:large, max-video-preview:-1\" \/>\n<link rel=\"canonical\" href=\"https:\/\/portalf1.si\/index.php\/2025\/08\/02\/leclerc-presenecen-danes-ne-razumem-formule-1\/\" \/>\n<meta property=\"og:locale\" content=\"sl_SI\" \/>\n<meta property=\"og:type\" content=\"article\" \/>\n<meta property=\"og:title\" content=\"Leclerc presene\u010den: Danes ne razumem Formule 1 - Portal F1\" \/>\n<meta property=\"og:description\" content=\"Charles Leclerc si je v kvalifikacijah Formule 1 za VN Mad\u017earske uspel priboriti pole position, potem ko mu ga McLarna nista uspela odvzeti.\" \/>\n<meta property=\"og:url\" content=\"https:\/\/portalf1.si\/index.php\/2025\/08\/02\/leclerc-presenecen-danes-ne-razumem-formule-1\/\" \/>\n<meta property=\"og:site_name\" content=\"Portal F1\" \/>\n<meta property=\"article:publisher\" content=\"https:\/\/www.facebook.com\/portalf1.si\/?locale=sl_SI\" \/>\n<meta property=\"article:published_time\" content=\"2025-08-02T19:17:01+00:00\" \/>\n<meta property=\"og:image\" content=\"https:\/\/portalf1.si\/wp-content\/uploads\/2025\/08\/ferrari-driver-charles-leclerc.webp\" \/>\n\t<meta property=\"og:image:width\" content=\"1200\" \/>\n\t<meta property=\"og:image:height\" content=\"800\" \/>\n\t<meta property=\"og:image:type\" content=\"image\/jpeg\" \/>\n<meta name=\"author\" content=\"Denis \u0160tojs\" \/>\n<meta name=\"twitter:card\" content=\"summary_large_image\" \/>\n<meta name=\"twitter:label1\" content=\"Written by\" \/>\n\t<meta name=\"twitter:data1\" content=\"Denis \u0160tojs\" \/>\n\t<meta name=\"twitter:label2\" content=\"Est. reading time\" \/>\n\t<meta name=\"twitter:data2\" content=\"2 minuti\" \/>\n<script type=\"application\/ld+json\" class=\"yoast-schema-graph\">{\"@context\":\"https:\\\/\\\/schema.org\",\"@graph\":[{\"@type\":\"Article\",\"@id\":\"https:\\\/\\\/portalf1.si\\\/index.php\\\/2025\\\/08\\\/02\\\/leclerc-presenecen-danes-ne-razumem-formule-1\\\/#article\",\"isPartOf\":{\"@id\":\"https:\\\/\\\/portalf1.si\\\/index.php\\\/2025\\\/08\\\/02\\\/leclerc-presenecen-danes-ne-razumem-formule-1\\\/\"},\"author\":{\"name\":\"Denis \u0160tojs\",\"@id\":\"https:\\\/\\\/portalf1.si\\\/#\\\/schema\\\/person\\\/abfef3ba57233710daadfbdd742fecd5\"},\"headline\":\"Leclerc presene\u010den: Danes ne razumem Formule 1\",\"datePublished\":\"2025-08-02T19:17:01+00:00\",\"mainEntityOfPage\":{\"@id\":\"https:\\\/\\\/portalf1.si\\\/index.php\\\/2025\\\/08\\\/02\\\/leclerc-presenecen-danes-ne-razumem-formule-1\\\/\"},\"wordCount\":229,\"commentCount\":0,\"publisher\":{\"@id\":\"https:\\\/\\\/portalf1.si\\\/#organization\"},\"image\":{\"@id\":\"https:\\\/\\\/portalf1.si\\\/index.php\\\/2025\\\/08\\\/02\\\/leclerc-presenecen-danes-ne-razumem-formule-1\\\/#primaryimage\"},\"thumbnailUrl\":\"https:\\\/\\\/portalf1.si\\\/wp-content\\\/uploads\\\/2025\\\/08\\\/ferrari-driver-charles-leclerc.webp\",\"keywords\":[\"Charles Leclerc\",\"F1\",\"F1 2025\",\"F1 Slovenija\",\"Ferrari\",\"Formula 1\",\"Formula 1 2025\",\"Formula 1 Slovenija\",\"VN Mad\u017earske\"],\"articleSection\":[\"Charles Leclerc\",\"Formula 1\",\"Novice\",\"VN Mad\u017earske\"],\"inLanguage\":\"sl-SI\",\"potentialAction\":[{\"@type\":\"CommentAction\",\"name\":\"Comment\",\"target\":[\"https:\\\/\\\/portalf1.si\\\/index.php\\\/2025\\\/08\\\/02\\\/leclerc-presenecen-danes-ne-razumem-formule-1\\\/#respond\"]}]},{\"@type\":\"WebPage\",\"@id\":\"https:\\\/\\\/portalf1.si\\\/index.php\\\/2025\\\/08\\\/02\\\/leclerc-presenecen-danes-ne-razumem-formule-1\\\/\",\"url\":\"https:\\\/\\\/portalf1.si\\\/index.php\\\/2025\\\/08\\\/02\\\/leclerc-presenecen-danes-ne-razumem-formule-1\\\/\",\"name\":\"Leclerc presene\u010den: Danes ne razumem Formule 1 - Portal F1\",\"isPartOf\":{\"@id\":\"https:\\\/\\\/portalf1.si\\\/#website\"},\"primaryImageOfPage\":{\"@id\":\"https:\\\/\\\/portalf1.si\\\/index.php\\\/2025\\\/08\\\/02\\\/leclerc-presenecen-danes-ne-razumem-formule-1\\\/#primaryimage\"},\"image\":{\"@id\":\"https:\\\/\\\/portalf1.si\\\/index.php\\\/2025\\\/08\\\/02\\\/leclerc-presenecen-danes-ne-razumem-formule-1\\\/#primaryimage\"},\"thumbnailUrl\":\"https:\\\/\\\/portalf1.si\\\/wp-content\\\/uploads\\\/2025\\\/08\\\/ferrari-driver-charles-leclerc.webp\",\"datePublished\":\"2025-08-02T19:17:01+00:00\",\"description\":\"Charles Leclerc si je v kvalifikacijah Formule 1 za VN Mad\u017earske uspel priboriti pole position, potem ko mu ga McLarna nista uspela odvzeti.\",\"breadcrumb\":{\"@id\":\"https:\\\/\\\/portalf1.si\\\/index.php\\\/2025\\\/08\\\/02\\\/leclerc-presenecen-danes-ne-razumem-formule-1\\\/#breadcrumb\"},\"inLanguage\":\"sl-SI\",\"potentialAction\":[{\"@type\":\"ReadAction\",\"target\":[\"https:\\\/\\\/portalf1.si\\\/index.php\\\/2025\\\/08\\\/02\\\/leclerc-presenecen-danes-ne-razumem-formule-1\\\/\"]}]},{\"@type\":\"ImageObject\",\"inLanguage\":\"sl-SI\",\"@id\":\"https:\\\/\\\/portalf1.si\\\/index.php\\\/2025\\\/08\\\/02\\\/leclerc-presenecen-danes-ne-razumem-formule-1\\\/#primaryimage\",\"url\":\"https:\\\/\\\/portalf1.si\\\/wp-content\\\/uploads\\\/2025\\\/08\\\/ferrari-driver-charles-leclerc.webp\",\"contentUrl\":\"https:\\\/\\\/portalf1.si\\\/wp-content\\\/uploads\\\/2025\\\/08\\\/ferrari-driver-charles-leclerc.webp\",\"width\":1200,\"height\":800},{\"@type\":\"BreadcrumbList\",\"@id\":\"https:\\\/\\\/portalf1.si\\\/index.php\\\/2025\\\/08\\\/02\\\/leclerc-presenecen-danes-ne-razumem-formule-1\\\/#breadcrumb\",\"itemListElement\":[{\"@type\":\"ListItem\",\"position\":1,\"name\":\"Home\",\"item\":\"https:\\\/\\\/portalf1.si\\\/\"},{\"@type\":\"ListItem\",\"position\":2,\"name\":\"Leclerc presene\u010den: Danes ne razumem Formule 1\"}]},{\"@type\":\"WebSite\",\"@id\":\"https:\\\/\\\/portalf1.si\\\/#website\",\"url\":\"https:\\\/\\\/portalf1.si\\\/\",\"name\":\"Portal F1\",\"description\":\"Vstopite v svet hitrosti in adrenalina\",\"publisher\":{\"@id\":\"https:\\\/\\\/portalf1.si\\\/#organization\"},\"potentialAction\":[{\"@type\":\"SearchAction\",\"target\":{\"@type\":\"EntryPoint\",\"urlTemplate\":\"https:\\\/\\\/portalf1.si\\\/?s={search_term_string}\"},\"query-input\":{\"@type\":\"PropertyValueSpecification\",\"valueRequired\":true,\"valueName\":\"search_term_string\"}}],\"inLanguage\":\"sl-SI\"},{\"@type\":\"Organization\",\"@id\":\"https:\\\/\\\/portalf1.si\\\/#organization\",\"name\":\"Portal F1\",\"url\":\"https:\\\/\\\/portalf1.si\\\/\",\"logo\":{\"@type\":\"ImageObject\",\"inLanguage\":\"sl-SI\",\"@id\":\"https:\\\/\\\/portalf1.si\\\/#\\\/schema\\\/logo\\\/image\\\/\",\"url\":\"https:\\\/\\\/portalf1.si\\\/wp-content\\\/uploads\\\/2025\\\/02\\\/cropped-HiPaint_1738532868530.png\",\"contentUrl\":\"https:\\\/\\\/portalf1.si\\\/wp-content\\\/uploads\\\/2025\\\/02\\\/cropped-HiPaint_1738532868530.png\",\"width\":512,\"height\":512,\"caption\":\"Portal F1\"},\"image\":{\"@id\":\"https:\\\/\\\/portalf1.si\\\/#\\\/schema\\\/logo\\\/image\\\/\"},\"sameAs\":[\"https:\\\/\\\/www.facebook.com\\\/portalf1.si\\\/?locale=sl_SI\"]},{\"@type\":\"Person\",\"@id\":\"https:\\\/\\\/portalf1.si\\\/#\\\/schema\\\/person\\\/abfef3ba57233710daadfbdd742fecd5\",\"name\":\"Denis \u0160tojs\",\"image\":{\"@type\":\"ImageObject\",\"inLanguage\":\"sl-SI\",\"@id\":\"https:\\\/\\\/secure.gravatar.com\\\/avatar\\\/b006ce11dfb9c6e47e9de9803eefbdc14aa4afb445f3cca05acc735c22115b38?s=96&d=mm&r=g\",\"url\":\"https:\\\/\\\/secure.gravatar.com\\\/avatar\\\/b006ce11dfb9c6e47e9de9803eefbdc14aa4afb445f3cca05acc735c22115b38?s=96&d=mm&r=g\",\"contentUrl\":\"https:\\\/\\\/secure.gravatar.com\\\/avatar\\\/b006ce11dfb9c6e47e9de9803eefbdc14aa4afb445f3cca05acc735c22115b38?s=96&d=mm&r=g\",\"caption\":\"Denis \u0160tojs\"},\"sameAs\":[\"https:\\\/\\\/portalf1.si\"],\"url\":\"https:\\\/\\\/portalf1.si\\\/index.php\\\/author\\\/portalf1\\\/\"}]}<\/script>\n<!-- \/ Yoast SEO plugin. -->","yoast_head_json":{"title":"Leclerc presene\u010den: Danes ne razumem Formule 1 - Portal F1","description":"Charles Leclerc si je v kvalifikacijah Formule 1 za VN Mad\u017earske uspel priboriti pole position, potem ko mu ga McLarna nista uspela odvzeti.","robots":{"index":"index","follow":"follow","max-snippet":"max-snippet:-1","max-image-preview":"max-image-preview:large","max-video-preview":"max-video-preview:-1"},"canonical":"https:\/\/portalf1.si\/index.php\/2025\/08\/02\/leclerc-presenecen-danes-ne-razumem-formule-1\/","og_locale":"sl_SI","og_type":"article","og_title":"Leclerc presene\u010den: Danes ne razumem Formule 1 - Portal F1","og_description":"Charles Leclerc si je v kvalifikacijah Formule 1 za VN Mad\u017earske uspel priboriti pole position, potem ko mu ga McLarna nista uspela odvzeti.","og_url":"https:\/\/portalf1.si\/index.php\/2025\/08\/02\/leclerc-presenecen-danes-ne-razumem-formule-1\/","og_site_name":"Portal F1","article_publisher":"https:\/\/www.facebook.com\/portalf1.si\/?locale=sl_SI","article_published_time":"2025-08-02T19:17:01+00:00","og_image":[{"width":1200,"height":800,"url":"https:\/\/portalf1.si\/wp-content\/uploads\/2025\/08\/ferrari-driver-charles-leclerc.webp","type":"image\/jpeg"}],"author":"Denis \u0160tojs","twitter_card":"summary_large_image","twitter_misc":{"Written by":"Denis \u0160tojs","Est. reading time":"2 minuti"},"schema":{"@context":"https:\/\/schema.org","@graph":[{"@type":"Article","@id":"https:\/\/portalf1.si\/index.php\/2025\/08\/02\/leclerc-presenecen-danes-ne-razumem-formule-1\/#article","isPartOf":{"@id":"https:\/\/portalf1.si\/index.php\/2025\/08\/02\/leclerc-presenecen-danes-ne-razumem-formule-1\/"},"author":{"name":"Denis \u0160tojs","@id":"https:\/\/portalf1.si\/#\/schema\/person\/abfef3ba57233710daadfbdd742fecd5"},"headline":"Leclerc presene\u010den: Danes ne razumem Formule 1","datePublished":"2025-08-02T19:17:01+00:00","mainEntityOfPage":{"@id":"https:\/\/portalf1.si\/index.php\/2025\/08\/02\/leclerc-presenecen-danes-ne-razumem-formule-1\/"},"wordCount":229,"commentCount":0,"publisher":{"@id":"https:\/\/portalf1.si\/#organization"},"image":{"@id":"https:\/\/portalf1.si\/index.php\/2025\/08\/02\/leclerc-presenecen-danes-ne-razumem-formule-1\/#primaryimage"},"thumbnailUrl":"https:\/\/portalf1.si\/wp-content\/uploads\/2025\/08\/ferrari-driver-charles-leclerc.webp","keywords":["Charles Leclerc","F1","F1 2025","F1 Slovenija","Ferrari","Formula 1","Formula 1 2025","Formula 1 Slovenija","VN Mad\u017earske"],"articleSection":["Charles Leclerc","Formula 1","Novice","VN Mad\u017earske"],"inLanguage":"sl-SI","potentialAction":[{"@type":"CommentAction","name":"Comment","target":["https:\/\/portalf1.si\/index.php\/2025\/08\/02\/leclerc-presenecen-danes-ne-razumem-formule-1\/#respond"]}]},{"@type":"WebPage","@id":"https:\/\/portalf1.si\/index.php\/2025\/08\/02\/leclerc-presenecen-danes-ne-razumem-formule-1\/","url":"https:\/\/portalf1.si\/index.php\/2025\/08\/02\/leclerc-presenecen-danes-ne-razumem-formule-1\/","name":"Leclerc presene\u010den: Danes ne razumem Formule 1 - Portal F1","isPartOf":{"@id":"https:\/\/portalf1.si\/#website"},"primaryImageOfPage":{"@id":"https:\/\/portalf1.si\/index.php\/2025\/08\/02\/leclerc-presenecen-danes-ne-razumem-formule-1\/#primaryimage"},"image":{"@id":"https:\/\/portalf1.si\/index.php\/2025\/08\/02\/leclerc-presenecen-danes-ne-razumem-formule-1\/#primaryimage"},"thumbnailUrl":"https:\/\/portalf1.si\/wp-content\/uploads\/2025\/08\/ferrari-driver-charles-leclerc.webp","datePublished":"2025-08-02T19:17:01+00:00","description":"Charles Leclerc si je v kvalifikacijah Formule 1 za VN Mad\u017earske uspel priboriti pole position, potem ko mu ga McLarna nista uspela odvzeti.","breadcrumb":{"@id":"https:\/\/portalf1.si\/index.php\/2025\/08\/02\/leclerc-presenecen-danes-ne-razumem-formule-1\/#breadcrumb"},"inLanguage":"sl-SI","potentialAction":[{"@type":"ReadAction","target":["https:\/\/portalf1.si\/index.php\/2025\/08\/02\/leclerc-presenecen-danes-ne-razumem-formule-1\/"]}]},{"@type":"ImageObject","inLanguage":"sl-SI","@id":"https:\/\/portalf1.si\/index.php\/2025\/08\/02\/leclerc-presenecen-danes-ne-razumem-formule-1\/#primaryimage","url":"https:\/\/portalf1.si\/wp-content\/uploads\/2025\/08\/ferrari-driver-charles-leclerc.webp","contentUrl":"https:\/\/portalf1.si\/wp-content\/uploads\/2025\/08\/ferrari-driver-charles-leclerc.webp","width":1200,"height":800},{"@type":"BreadcrumbList","@id":"https:\/\/portalf1.si\/index.php\/2025\/08\/02\/leclerc-presenecen-danes-ne-razumem-formule-1\/#breadcrumb","itemListElement":[{"@type":"ListItem","position":1,"name":"Home","item":"https:\/\/portalf1.si\/"},{"@type":"ListItem","position":2,"name":"Leclerc presene\u010den: Danes ne razumem Formule 1"}]},{"@type":"WebSite","@id":"https:\/\/portalf1.si\/#website","url":"https:\/\/portalf1.si\/","name":"Portal F1","description":"Vstopite v svet hitrosti in adrenalina","publisher":{"@id":"https:\/\/portalf1.si\/#organization"},"potentialAction":[{"@type":"SearchAction","target":{"@type":"EntryPoint","urlTemplate":"https:\/\/portalf1.si\/?s={search_term_string}"},"query-input":{"@type":"PropertyValueSpecification","valueRequired":true,"valueName":"search_term_string"}}],"inLanguage":"sl-SI"},{"@type":"Organization","@id":"https:\/\/portalf1.si\/#organization","name":"Portal F1","url":"https:\/\/portalf1.si\/","logo":{"@type":"ImageObject","inLanguage":"sl-SI","@id":"https:\/\/portalf1.si\/#\/schema\/logo\/image\/","url":"https:\/\/portalf1.si\/wp-content\/uploads\/2025\/02\/cropped-HiPaint_1738532868530.png","contentUrl":"https:\/\/portalf1.si\/wp-content\/uploads\/2025\/02\/cropped-HiPaint_1738532868530.png","width":512,"height":512,"caption":"Portal F1"},"image":{"@id":"https:\/\/portalf1.si\/#\/schema\/logo\/image\/"},"sameAs":["https:\/\/www.facebook.com\/portalf1.si\/?locale=sl_SI"]},{"@type":"Person","@id":"https:\/\/portalf1.si\/#\/schema\/person\/abfef3ba57233710daadfbdd742fecd5","name":"Denis \u0160tojs","image":{"@type":"ImageObject","inLanguage":"sl-SI","@id":"https:\/\/secure.gravatar.com\/avatar\/b006ce11dfb9c6e47e9de9803eefbdc14aa4afb445f3cca05acc735c22115b38?s=96&d=mm&r=g","url":"https:\/\/secure.gravatar.com\/avatar\/b006ce11dfb9c6e47e9de9803eefbdc14aa4afb445f3cca05acc735c22115b38?s=96&d=mm&r=g","contentUrl":"https:\/\/secure.gravatar.com\/avatar\/b006ce11dfb9c6e47e9de9803eefbdc14aa4afb445f3cca05acc735c22115b38?s=96&d=mm&r=g","caption":"Denis \u0160tojs"},"sameAs":["https:\/\/portalf1.si"],"url":"https:\/\/portalf1.si\/index.php\/author\/portalf1\/"}]}},"_links":{"self":[{"href":"https:\/\/portalf1.si\/index.php\/wp-json\/wp\/v2\/posts\/7395","targetHints":{"allow":["GET"]}}],"collection":[{"href":"https:\/\/portalf1.si\/index.php\/wp-json\/wp\/v2\/posts"}],"about":[{"href":"https:\/\/portalf1.si\/index.php\/wp-json\/wp\/v2\/types\/post"}],"author":[{"embeddable":true,"href":"https:\/\/portalf1.si\/index.php\/wp-json\/wp\/v2\/users\/1"}],"replies":[{"embeddable":true,"href":"https:\/\/portalf1.si\/index.php\/wp-json\/wp\/v2\/comments?post=7395"}],"version-history":[{"count":1,"href":"https:\/\/portalf1.si\/index.php\/wp-json\/wp\/v2\/posts\/7395\/revisions"}],"predecessor-version":[{"id":7397,"href":"https:\/\/portalf1.si\/index.php\/wp-json\/wp\/v2\/posts\/7395\/revisions\/7397"}],"wp:featuredmedia":[{"embeddable":true,"href":"https:\/\/portalf1.si\/index.php\/wp-json\/wp\/v2\/media\/7396"}],"wp:attachment":[{"href":"https:\/\/portalf1.si\/index.php\/wp-json\/wp\/v2\/media?parent=7395"}],"wp:term":[{"taxonomy":"category","embeddable":true,"href":"https:\/\/portalf1.si\/index.php\/wp-json\/wp\/v2\/categories?post=7395"},{"taxonomy":"post_tag","embeddable":true,"href":"https:\/\/portalf1.si\/index.php\/wp-json\/wp\/v2\/tags?post=7395"}],"curies":[{"name":"wp","href":"https:\/\/api.w.org\/{rel}","templated":true}]}}