{"id":7440,"date":"2025-08-04T15:08:27","date_gmt":"2025-08-04T15:08:27","guid":{"rendered":"https:\/\/portalf1.si\/?p=7440"},"modified":"2025-08-04T15:08:27","modified_gmt":"2025-08-04T15:08:27","slug":"zakaj-verstappen-ni-bil-kaznovan-za-incident-s-hamiltonom","status":"publish","type":"post","link":"https:\/\/portalf1.si\/index.php\/2025\/08\/04\/zakaj-verstappen-ni-bil-kaznovan-za-incident-s-hamiltonom\/","title":{"rendered":"Zakaj Verstappen ni bil kaznovan za incident s Hamiltonom?"},"content":{"rendered":"<p data-start=\"40\" data-end=\"239\"><strong>Max Verstappen je moral po dirki Formule 1 za VN Mad\u017earske na pogovor k komisarjem zaradi incidenta z Lewisom Hamiltonom. Ti so presodili, da dirka\u010d Red Bulla ni bil kriv, zato ga niso kaznovali. Razlog je naslednji.<\/strong><\/p>\n<p data-start=\"241\" data-end=\"539\">Okoli 30. kroga je Verstappen po zunanji strani \u010detrtega hitrega levega ovinka izvedel drzen manever mimo Hamiltona. Britanec je \u0161el \u0161iroko in zapeljal s steze, verjetno da bi prepre\u010dil trk. Dogodek je bil zabele\u017een in kasneje uradno preiskan. Komisarji so nato odlo\u010dili, da Verstappen ni kriv.<\/p>\n<p data-start=\"541\" data-end=\"841\">Komisarji so kasneje pojasnili svojo presojo. Verstappen je dejal, da je imel bolj sve\u017ee gume in je \u017eelel izkoristiti prednost ter poskusiti z manevrom. Dodal je, da bi Hamiltonu na izhodu iz ovinka pustil dovolj prostora, a je nato uporabil celotno stezo, ker je Britanec \u017ee zapeljal izven nje.<\/p>\n<p data-start=\"843\" data-end=\"1163\">Hamilton se je odpovedal pravici, da poda svojo razlago, in se pogovora ni udele\u017eil, kar ka\u017ee na to, da se z odlo\u010ditvijo strinja. Predstavnik Ferrarija je potrdil, da do stika med dirkalnikoma ni pri\u0161lo in da se je Hamilton sam odlo\u010dil, da ne bo ostal na stezi. Komisarji so to upo\u0161tevali in Verstappna niso kaznovali.<\/p>\n<blockquote class=\"wp-embedded-content\" data-secret=\"bIocSfHdvl\"><p><a href=\"https:\/\/portalf1.si\/index.php\/2025\/08\/03\/je-ferrari-v-tezavah-hamilton-je-razkril-da-se-v-ozadju-dogajajo-slabe-stvari\/\">Je Ferrari v te\u017eavah? Hamilton je razkril, da se v ozadju dogajajo slabe stvari<\/a><\/p><\/blockquote>\n<p><iframe loading=\"lazy\" class=\"wp-embedded-content\" sandbox=\"allow-scripts\" security=\"restricted\" style=\"position: absolute; visibility: hidden;\" title=\"&#8220;Je Ferrari v te\u017eavah? Hamilton je razkril, da se v ozadju dogajajo slabe stvari&#8221; &#8212; Portal F1\" src=\"https:\/\/portalf1.si\/index.php\/2025\/08\/03\/je-ferrari-v-tezavah-hamilton-je-razkril-da-se-v-ozadju-dogajajo-slabe-stvari\/embed\/#?secret=VM9zWVdpXZ#?secret=bIocSfHdvl\" data-secret=\"bIocSfHdvl\" width=\"600\" height=\"338\" frameborder=\"0\" marginwidth=\"0\" marginheight=\"0\" scrolling=\"no\"><\/iframe><\/p>\n","protected":false},"excerpt":{"rendered":"<p>Max Verstappen je moral po dirki Formule 1 za VN Mad\u017earske na pogovor k komisarjem zaradi incidenta z Lewisom Hamiltonom. Ti so presodili, da dirka\u010d Red Bulla ni bil kriv, zato ga niso kaznovali. Razlog je naslednji. Okoli 30. kroga je Verstappen po zunanji strani \u010detrtega hitrega levega ovinka izvedel drzen manever mimo Hamiltona. Britanec [&hellip;]<\/p>\n","protected":false},"author":1,"featured_media":7441,"comment_status":"open","ping_status":"open","sticky":false,"template":"","format":"standard","meta":{"footnotes":""},"categories":[30,41,63,31,342],"tags":[44,50,159,45,51,158,42,47,343],"class_list":["post-7440","post","type-post","status-publish","format-standard","has-post-thumbnail","hentry","category-formula-1","category-lewis-hamilton","category-max-verstappen","category-novice","category-vn-madzarske","tag-f1","tag-f1-2025","tag-f1-slovenija","tag-formula-1","tag-formula-1-2025","tag-formula-1-slovenija","tag-lewis-hamilton","tag-max-verstappen","tag-vn-madzarske"],"blocksy_meta":[],"yoast_head":"<!-- This site is optimized with the Yoast SEO plugin v27.4 - https:\/\/yoast.com\/product\/yoast-seo-wordpress\/ -->\n<title>Zakaj Verstappen ni bil kaznovan za incident s Hamiltonom? - Portal F1<\/title>\n<meta name=\"description\" content=\"Max Verstappen je moral po dirki Formule 1 za VN Mad\u017earske na pogovor k komisarjem zaradi incidenta z Lewisom Hamiltonom.\" \/>\n<meta name=\"robots\" content=\"index, follow, max-snippet:-1, max-image-preview:large, max-video-preview:-1\" \/>\n<link rel=\"canonical\" href=\"https:\/\/portalf1.si\/index.php\/2025\/08\/04\/zakaj-verstappen-ni-bil-kaznovan-za-incident-s-hamiltonom\/\" \/>\n<meta property=\"og:locale\" content=\"sl_SI\" \/>\n<meta property=\"og:type\" content=\"article\" \/>\n<meta property=\"og:title\" content=\"Zakaj Verstappen ni bil kaznovan za incident s Hamiltonom? - Portal F1\" \/>\n<meta property=\"og:description\" content=\"Max Verstappen je moral po dirki Formule 1 za VN Mad\u017earske na pogovor k komisarjem zaradi incidenta z Lewisom Hamiltonom.\" \/>\n<meta property=\"og:url\" content=\"https:\/\/portalf1.si\/index.php\/2025\/08\/04\/zakaj-verstappen-ni-bil-kaznovan-za-incident-s-hamiltonom\/\" \/>\n<meta property=\"og:site_name\" content=\"Portal F1\" \/>\n<meta property=\"article:publisher\" content=\"https:\/\/www.facebook.com\/portalf1.si\/?locale=sl_SI\" \/>\n<meta property=\"article:published_time\" content=\"2025-08-04T15:08:27+00:00\" \/>\n<meta property=\"og:image\" content=\"https:\/\/portalf1.si\/wp-content\/uploads\/2025\/08\/hamilton-verstappen.webp\" \/>\n\t<meta property=\"og:image:width\" content=\"1200\" \/>\n\t<meta property=\"og:image:height\" content=\"800\" \/>\n\t<meta property=\"og:image:type\" content=\"image\/jpeg\" \/>\n<meta name=\"author\" content=\"Denis \u0160tojs\" \/>\n<meta name=\"twitter:card\" content=\"summary_large_image\" \/>\n<meta name=\"twitter:label1\" content=\"Written by\" \/>\n\t<meta name=\"twitter:data1\" content=\"Denis \u0160tojs\" \/>\n\t<meta name=\"twitter:label2\" content=\"Est. reading time\" \/>\n\t<meta name=\"twitter:data2\" content=\"2 minuti\" \/>\n<script type=\"application\/ld+json\" class=\"yoast-schema-graph\">{\"@context\":\"https:\\\/\\\/schema.org\",\"@graph\":[{\"@type\":\"Article\",\"@id\":\"https:\\\/\\\/portalf1.si\\\/index.php\\\/2025\\\/08\\\/04\\\/zakaj-verstappen-ni-bil-kaznovan-za-incident-s-hamiltonom\\\/#article\",\"isPartOf\":{\"@id\":\"https:\\\/\\\/portalf1.si\\\/index.php\\\/2025\\\/08\\\/04\\\/zakaj-verstappen-ni-bil-kaznovan-za-incident-s-hamiltonom\\\/\"},\"author\":{\"name\":\"Denis \u0160tojs\",\"@id\":\"https:\\\/\\\/portalf1.si\\\/#\\\/schema\\\/person\\\/abfef3ba57233710daadfbdd742fecd5\"},\"headline\":\"Zakaj Verstappen ni bil kaznovan za incident s Hamiltonom?\",\"datePublished\":\"2025-08-04T15:08:27+00:00\",\"mainEntityOfPage\":{\"@id\":\"https:\\\/\\\/portalf1.si\\\/index.php\\\/2025\\\/08\\\/04\\\/zakaj-verstappen-ni-bil-kaznovan-za-incident-s-hamiltonom\\\/\"},\"wordCount\":211,\"commentCount\":0,\"publisher\":{\"@id\":\"https:\\\/\\\/portalf1.si\\\/#organization\"},\"image\":{\"@id\":\"https:\\\/\\\/portalf1.si\\\/index.php\\\/2025\\\/08\\\/04\\\/zakaj-verstappen-ni-bil-kaznovan-za-incident-s-hamiltonom\\\/#primaryimage\"},\"thumbnailUrl\":\"https:\\\/\\\/portalf1.si\\\/wp-content\\\/uploads\\\/2025\\\/08\\\/hamilton-verstappen.webp\",\"keywords\":[\"F1\",\"F1 2025\",\"F1 Slovenija\",\"Formula 1\",\"Formula 1 2025\",\"Formula 1 Slovenija\",\"Lewis Hamilton\",\"Max Verstappen\",\"VN Mad\u017earske\"],\"articleSection\":[\"Formula 1\",\"Lewis Hamilton\",\"Max Verstappen\",\"Novice\",\"VN Mad\u017earske\"],\"inLanguage\":\"sl-SI\",\"potentialAction\":[{\"@type\":\"CommentAction\",\"name\":\"Comment\",\"target\":[\"https:\\\/\\\/portalf1.si\\\/index.php\\\/2025\\\/08\\\/04\\\/zakaj-verstappen-ni-bil-kaznovan-za-incident-s-hamiltonom\\\/#respond\"]}]},{\"@type\":\"WebPage\",\"@id\":\"https:\\\/\\\/portalf1.si\\\/index.php\\\/2025\\\/08\\\/04\\\/zakaj-verstappen-ni-bil-kaznovan-za-incident-s-hamiltonom\\\/\",\"url\":\"https:\\\/\\\/portalf1.si\\\/index.php\\\/2025\\\/08\\\/04\\\/zakaj-verstappen-ni-bil-kaznovan-za-incident-s-hamiltonom\\\/\",\"name\":\"Zakaj Verstappen ni bil kaznovan za incident s Hamiltonom? - Portal F1\",\"isPartOf\":{\"@id\":\"https:\\\/\\\/portalf1.si\\\/#website\"},\"primaryImageOfPage\":{\"@id\":\"https:\\\/\\\/portalf1.si\\\/index.php\\\/2025\\\/08\\\/04\\\/zakaj-verstappen-ni-bil-kaznovan-za-incident-s-hamiltonom\\\/#primaryimage\"},\"image\":{\"@id\":\"https:\\\/\\\/portalf1.si\\\/index.php\\\/2025\\\/08\\\/04\\\/zakaj-verstappen-ni-bil-kaznovan-za-incident-s-hamiltonom\\\/#primaryimage\"},\"thumbnailUrl\":\"https:\\\/\\\/portalf1.si\\\/wp-content\\\/uploads\\\/2025\\\/08\\\/hamilton-verstappen.webp\",\"datePublished\":\"2025-08-04T15:08:27+00:00\",\"description\":\"Max Verstappen je moral po dirki Formule 1 za VN Mad\u017earske na pogovor k komisarjem zaradi incidenta z Lewisom Hamiltonom.\",\"breadcrumb\":{\"@id\":\"https:\\\/\\\/portalf1.si\\\/index.php\\\/2025\\\/08\\\/04\\\/zakaj-verstappen-ni-bil-kaznovan-za-incident-s-hamiltonom\\\/#breadcrumb\"},\"inLanguage\":\"sl-SI\",\"potentialAction\":[{\"@type\":\"ReadAction\",\"target\":[\"https:\\\/\\\/portalf1.si\\\/index.php\\\/2025\\\/08\\\/04\\\/zakaj-verstappen-ni-bil-kaznovan-za-incident-s-hamiltonom\\\/\"]}]},{\"@type\":\"ImageObject\",\"inLanguage\":\"sl-SI\",\"@id\":\"https:\\\/\\\/portalf1.si\\\/index.php\\\/2025\\\/08\\\/04\\\/zakaj-verstappen-ni-bil-kaznovan-za-incident-s-hamiltonom\\\/#primaryimage\",\"url\":\"https:\\\/\\\/portalf1.si\\\/wp-content\\\/uploads\\\/2025\\\/08\\\/hamilton-verstappen.webp\",\"contentUrl\":\"https:\\\/\\\/portalf1.si\\\/wp-content\\\/uploads\\\/2025\\\/08\\\/hamilton-verstappen.webp\",\"width\":1200,\"height\":800},{\"@type\":\"BreadcrumbList\",\"@id\":\"https:\\\/\\\/portalf1.si\\\/index.php\\\/2025\\\/08\\\/04\\\/zakaj-verstappen-ni-bil-kaznovan-za-incident-s-hamiltonom\\\/#breadcrumb\",\"itemListElement\":[{\"@type\":\"ListItem\",\"position\":1,\"name\":\"Home\",\"item\":\"https:\\\/\\\/portalf1.si\\\/\"},{\"@type\":\"ListItem\",\"position\":2,\"name\":\"Zakaj Verstappen ni bil kaznovan za incident s Hamiltonom?\"}]},{\"@type\":\"WebSite\",\"@id\":\"https:\\\/\\\/portalf1.si\\\/#website\",\"url\":\"https:\\\/\\\/portalf1.si\\\/\",\"name\":\"Portal F1\",\"description\":\"Vstopite v svet hitrosti in adrenalina\",\"publisher\":{\"@id\":\"https:\\\/\\\/portalf1.si\\\/#organization\"},\"potentialAction\":[{\"@type\":\"SearchAction\",\"target\":{\"@type\":\"EntryPoint\",\"urlTemplate\":\"https:\\\/\\\/portalf1.si\\\/?s={search_term_string}\"},\"query-input\":{\"@type\":\"PropertyValueSpecification\",\"valueRequired\":true,\"valueName\":\"search_term_string\"}}],\"inLanguage\":\"sl-SI\"},{\"@type\":\"Organization\",\"@id\":\"https:\\\/\\\/portalf1.si\\\/#organization\",\"name\":\"Portal F1\",\"url\":\"https:\\\/\\\/portalf1.si\\\/\",\"logo\":{\"@type\":\"ImageObject\",\"inLanguage\":\"sl-SI\",\"@id\":\"https:\\\/\\\/portalf1.si\\\/#\\\/schema\\\/logo\\\/image\\\/\",\"url\":\"https:\\\/\\\/portalf1.si\\\/wp-content\\\/uploads\\\/2025\\\/02\\\/cropped-HiPaint_1738532868530.png\",\"contentUrl\":\"https:\\\/\\\/portalf1.si\\\/wp-content\\\/uploads\\\/2025\\\/02\\\/cropped-HiPaint_1738532868530.png\",\"width\":512,\"height\":512,\"caption\":\"Portal F1\"},\"image\":{\"@id\":\"https:\\\/\\\/portalf1.si\\\/#\\\/schema\\\/logo\\\/image\\\/\"},\"sameAs\":[\"https:\\\/\\\/www.facebook.com\\\/portalf1.si\\\/?locale=sl_SI\"]},{\"@type\":\"Person\",\"@id\":\"https:\\\/\\\/portalf1.si\\\/#\\\/schema\\\/person\\\/abfef3ba57233710daadfbdd742fecd5\",\"name\":\"Denis \u0160tojs\",\"image\":{\"@type\":\"ImageObject\",\"inLanguage\":\"sl-SI\",\"@id\":\"https:\\\/\\\/secure.gravatar.com\\\/avatar\\\/b006ce11dfb9c6e47e9de9803eefbdc14aa4afb445f3cca05acc735c22115b38?s=96&d=mm&r=g\",\"url\":\"https:\\\/\\\/secure.gravatar.com\\\/avatar\\\/b006ce11dfb9c6e47e9de9803eefbdc14aa4afb445f3cca05acc735c22115b38?s=96&d=mm&r=g\",\"contentUrl\":\"https:\\\/\\\/secure.gravatar.com\\\/avatar\\\/b006ce11dfb9c6e47e9de9803eefbdc14aa4afb445f3cca05acc735c22115b38?s=96&d=mm&r=g\",\"caption\":\"Denis \u0160tojs\"},\"sameAs\":[\"https:\\\/\\\/portalf1.si\"],\"url\":\"https:\\\/\\\/portalf1.si\\\/index.php\\\/author\\\/portalf1\\\/\"}]}<\/script>\n<!-- \/ Yoast SEO plugin. -->","yoast_head_json":{"title":"Zakaj Verstappen ni bil kaznovan za incident s Hamiltonom? - Portal F1","description":"Max Verstappen je moral po dirki Formule 1 za VN Mad\u017earske na pogovor k komisarjem zaradi incidenta z Lewisom Hamiltonom.","robots":{"index":"index","follow":"follow","max-snippet":"max-snippet:-1","max-image-preview":"max-image-preview:large","max-video-preview":"max-video-preview:-1"},"canonical":"https:\/\/portalf1.si\/index.php\/2025\/08\/04\/zakaj-verstappen-ni-bil-kaznovan-za-incident-s-hamiltonom\/","og_locale":"sl_SI","og_type":"article","og_title":"Zakaj Verstappen ni bil kaznovan za incident s Hamiltonom? - Portal F1","og_description":"Max Verstappen je moral po dirki Formule 1 za VN Mad\u017earske na pogovor k komisarjem zaradi incidenta z Lewisom Hamiltonom.","og_url":"https:\/\/portalf1.si\/index.php\/2025\/08\/04\/zakaj-verstappen-ni-bil-kaznovan-za-incident-s-hamiltonom\/","og_site_name":"Portal F1","article_publisher":"https:\/\/www.facebook.com\/portalf1.si\/?locale=sl_SI","article_published_time":"2025-08-04T15:08:27+00:00","og_image":[{"width":1200,"height":800,"url":"https:\/\/portalf1.si\/wp-content\/uploads\/2025\/08\/hamilton-verstappen.webp","type":"image\/jpeg"}],"author":"Denis \u0160tojs","twitter_card":"summary_large_image","twitter_misc":{"Written by":"Denis \u0160tojs","Est. reading time":"2 minuti"},"schema":{"@context":"https:\/\/schema.org","@graph":[{"@type":"Article","@id":"https:\/\/portalf1.si\/index.php\/2025\/08\/04\/zakaj-verstappen-ni-bil-kaznovan-za-incident-s-hamiltonom\/#article","isPartOf":{"@id":"https:\/\/portalf1.si\/index.php\/2025\/08\/04\/zakaj-verstappen-ni-bil-kaznovan-za-incident-s-hamiltonom\/"},"author":{"name":"Denis \u0160tojs","@id":"https:\/\/portalf1.si\/#\/schema\/person\/abfef3ba57233710daadfbdd742fecd5"},"headline":"Zakaj Verstappen ni bil kaznovan za incident s Hamiltonom?","datePublished":"2025-08-04T15:08:27+00:00","mainEntityOfPage":{"@id":"https:\/\/portalf1.si\/index.php\/2025\/08\/04\/zakaj-verstappen-ni-bil-kaznovan-za-incident-s-hamiltonom\/"},"wordCount":211,"commentCount":0,"publisher":{"@id":"https:\/\/portalf1.si\/#organization"},"image":{"@id":"https:\/\/portalf1.si\/index.php\/2025\/08\/04\/zakaj-verstappen-ni-bil-kaznovan-za-incident-s-hamiltonom\/#primaryimage"},"thumbnailUrl":"https:\/\/portalf1.si\/wp-content\/uploads\/2025\/08\/hamilton-verstappen.webp","keywords":["F1","F1 2025","F1 Slovenija","Formula 1","Formula 1 2025","Formula 1 Slovenija","Lewis Hamilton","Max Verstappen","VN Mad\u017earske"],"articleSection":["Formula 1","Lewis Hamilton","Max Verstappen","Novice","VN Mad\u017earske"],"inLanguage":"sl-SI","potentialAction":[{"@type":"CommentAction","name":"Comment","target":["https:\/\/portalf1.si\/index.php\/2025\/08\/04\/zakaj-verstappen-ni-bil-kaznovan-za-incident-s-hamiltonom\/#respond"]}]},{"@type":"WebPage","@id":"https:\/\/portalf1.si\/index.php\/2025\/08\/04\/zakaj-verstappen-ni-bil-kaznovan-za-incident-s-hamiltonom\/","url":"https:\/\/portalf1.si\/index.php\/2025\/08\/04\/zakaj-verstappen-ni-bil-kaznovan-za-incident-s-hamiltonom\/","name":"Zakaj Verstappen ni bil kaznovan za incident s Hamiltonom? - Portal F1","isPartOf":{"@id":"https:\/\/portalf1.si\/#website"},"primaryImageOfPage":{"@id":"https:\/\/portalf1.si\/index.php\/2025\/08\/04\/zakaj-verstappen-ni-bil-kaznovan-za-incident-s-hamiltonom\/#primaryimage"},"image":{"@id":"https:\/\/portalf1.si\/index.php\/2025\/08\/04\/zakaj-verstappen-ni-bil-kaznovan-za-incident-s-hamiltonom\/#primaryimage"},"thumbnailUrl":"https:\/\/portalf1.si\/wp-content\/uploads\/2025\/08\/hamilton-verstappen.webp","datePublished":"2025-08-04T15:08:27+00:00","description":"Max Verstappen je moral po dirki Formule 1 za VN Mad\u017earske na pogovor k komisarjem zaradi incidenta z Lewisom Hamiltonom.","breadcrumb":{"@id":"https:\/\/portalf1.si\/index.php\/2025\/08\/04\/zakaj-verstappen-ni-bil-kaznovan-za-incident-s-hamiltonom\/#breadcrumb"},"inLanguage":"sl-SI","potentialAction":[{"@type":"ReadAction","target":["https:\/\/portalf1.si\/index.php\/2025\/08\/04\/zakaj-verstappen-ni-bil-kaznovan-za-incident-s-hamiltonom\/"]}]},{"@type":"ImageObject","inLanguage":"sl-SI","@id":"https:\/\/portalf1.si\/index.php\/2025\/08\/04\/zakaj-verstappen-ni-bil-kaznovan-za-incident-s-hamiltonom\/#primaryimage","url":"https:\/\/portalf1.si\/wp-content\/uploads\/2025\/08\/hamilton-verstappen.webp","contentUrl":"https:\/\/portalf1.si\/wp-content\/uploads\/2025\/08\/hamilton-verstappen.webp","width":1200,"height":800},{"@type":"BreadcrumbList","@id":"https:\/\/portalf1.si\/index.php\/2025\/08\/04\/zakaj-verstappen-ni-bil-kaznovan-za-incident-s-hamiltonom\/#breadcrumb","itemListElement":[{"@type":"ListItem","position":1,"name":"Home","item":"https:\/\/portalf1.si\/"},{"@type":"ListItem","position":2,"name":"Zakaj Verstappen ni bil kaznovan za incident s Hamiltonom?"}]},{"@type":"WebSite","@id":"https:\/\/portalf1.si\/#website","url":"https:\/\/portalf1.si\/","name":"Portal F1","description":"Vstopite v svet hitrosti in adrenalina","publisher":{"@id":"https:\/\/portalf1.si\/#organization"},"potentialAction":[{"@type":"SearchAction","target":{"@type":"EntryPoint","urlTemplate":"https:\/\/portalf1.si\/?s={search_term_string}"},"query-input":{"@type":"PropertyValueSpecification","valueRequired":true,"valueName":"search_term_string"}}],"inLanguage":"sl-SI"},{"@type":"Organization","@id":"https:\/\/portalf1.si\/#organization","name":"Portal F1","url":"https:\/\/portalf1.si\/","logo":{"@type":"ImageObject","inLanguage":"sl-SI","@id":"https:\/\/portalf1.si\/#\/schema\/logo\/image\/","url":"https:\/\/portalf1.si\/wp-content\/uploads\/2025\/02\/cropped-HiPaint_1738532868530.png","contentUrl":"https:\/\/portalf1.si\/wp-content\/uploads\/2025\/02\/cropped-HiPaint_1738532868530.png","width":512,"height":512,"caption":"Portal F1"},"image":{"@id":"https:\/\/portalf1.si\/#\/schema\/logo\/image\/"},"sameAs":["https:\/\/www.facebook.com\/portalf1.si\/?locale=sl_SI"]},{"@type":"Person","@id":"https:\/\/portalf1.si\/#\/schema\/person\/abfef3ba57233710daadfbdd742fecd5","name":"Denis \u0160tojs","image":{"@type":"ImageObject","inLanguage":"sl-SI","@id":"https:\/\/secure.gravatar.com\/avatar\/b006ce11dfb9c6e47e9de9803eefbdc14aa4afb445f3cca05acc735c22115b38?s=96&d=mm&r=g","url":"https:\/\/secure.gravatar.com\/avatar\/b006ce11dfb9c6e47e9de9803eefbdc14aa4afb445f3cca05acc735c22115b38?s=96&d=mm&r=g","contentUrl":"https:\/\/secure.gravatar.com\/avatar\/b006ce11dfb9c6e47e9de9803eefbdc14aa4afb445f3cca05acc735c22115b38?s=96&d=mm&r=g","caption":"Denis \u0160tojs"},"sameAs":["https:\/\/portalf1.si"],"url":"https:\/\/portalf1.si\/index.php\/author\/portalf1\/"}]}},"_links":{"self":[{"href":"https:\/\/portalf1.si\/index.php\/wp-json\/wp\/v2\/posts\/7440","targetHints":{"allow":["GET"]}}],"collection":[{"href":"https:\/\/portalf1.si\/index.php\/wp-json\/wp\/v2\/posts"}],"about":[{"href":"https:\/\/portalf1.si\/index.php\/wp-json\/wp\/v2\/types\/post"}],"author":[{"embeddable":true,"href":"https:\/\/portalf1.si\/index.php\/wp-json\/wp\/v2\/users\/1"}],"replies":[{"embeddable":true,"href":"https:\/\/portalf1.si\/index.php\/wp-json\/wp\/v2\/comments?post=7440"}],"version-history":[{"count":2,"href":"https:\/\/portalf1.si\/index.php\/wp-json\/wp\/v2\/posts\/7440\/revisions"}],"predecessor-version":[{"id":7443,"href":"https:\/\/portalf1.si\/index.php\/wp-json\/wp\/v2\/posts\/7440\/revisions\/7443"}],"wp:featuredmedia":[{"embeddable":true,"href":"https:\/\/portalf1.si\/index.php\/wp-json\/wp\/v2\/media\/7441"}],"wp:attachment":[{"href":"https:\/\/portalf1.si\/index.php\/wp-json\/wp\/v2\/media?parent=7440"}],"wp:term":[{"taxonomy":"category","embeddable":true,"href":"https:\/\/portalf1.si\/index.php\/wp-json\/wp\/v2\/categories?post=7440"},{"taxonomy":"post_tag","embeddable":true,"href":"https:\/\/portalf1.si\/index.php\/wp-json\/wp\/v2\/tags?post=7440"}],"curies":[{"name":"wp","href":"https:\/\/api.w.org\/{rel}","templated":true}]}}