{"id":7448,"date":"2025-08-04T20:06:18","date_gmt":"2025-08-04T20:06:18","guid":{"rendered":"https:\/\/portalf1.si\/?p=7448"},"modified":"2025-08-04T22:39:43","modified_gmt":"2025-08-04T22:39:43","slug":"italijanski-mediji-hamiltona-primerjajo-s-solarjem-ki-so-ga-nejevolno-poklicali-h-tabli","status":"publish","type":"post","link":"https:\/\/portalf1.si\/index.php\/2025\/08\/04\/italijanski-mediji-hamiltona-primerjajo-s-solarjem-ki-so-ga-nejevolno-poklicali-h-tabli\/","title":{"rendered":"Italijanski mediji Hamiltona primerjajo s \u0161olarjem, ki so ga nejevolnega poklicali h tabli"},"content":{"rendered":"<p data-start=\"0\" data-end=\"542\"><strong>Preberite si, kako so italijanski mediji Formule 1 odreagirali na neuspe\u0161en dirka\u0161ki vikend Lewisa Hamiltona na Mad\u017earskem, kjer je Britanec tako v kvalifikacijah kot tudi na dirki ostal zunaj najbolj\u0161e deseterice in pred novinarji podal precej zaskrbljujo\u010de izjave.<\/strong><\/p>\n<p data-start=\"0\" data-end=\"542\">Eden tistih, ki je po vsej verjetnosti najbolj z olaj\u0161anjem pozdravil poletni premor, je prav Hamilton. Sedemkratni svetovni prvak je sicer upal na dober nastop na Hungaroringu, saj je to steza, kjer je v karieri \u017ee osemkrat zmagal in devetkrat osvojil najbolj\u0161i \u0161tartni polo\u017eaj.<\/p>\n<p data-start=\"544\" data-end=\"866\">Resni\u010dnost pa je bila povsem druga\u010dna. Te\u017eave dirka\u010da Ferrarija so se za\u010dele \u017ee v soboto, ko se ni prebil iz drugega dela in je kvalifikacije kon\u010dal z 12. \u010dasom. Britanec se na stezi, kjer je prehitevanje tradicionalno zelo zahtevno, ni uspel prebiti znotraj prve deseterice, zaradi \u010desar je Mad\u017earsko zapustil precej razo\u010daran.<\/p>\n<p data-start=\"868\" data-end=\"1064\">Kako pa so italijanski \u010dasniki pospremili \u0161e en Hamiltonov neuspe\u0161en vikend? Pri <strong data-start=\"943\" data-end=\"966\">Corriere della Sera<\/strong> so uporabili ostre besede in ga opisal kot <em>&#8220;\u0161olarja, ki so ga nejevoljnega poklicali h tabli.&#8221;<\/em><\/p>\n<p data-start=\"868\" data-end=\"1064\"><em data-start=\"1067\" data-end=\"1320\">&#8220;Mojster komunikacije, ki zdaj te\u017eko najde prave besede. Vrti se med izjavami, ki jemljejo pogum in praznimi frazami. Lewis deluje kot \u0161olar, ki so ga nejevolnega poklicali h tabli. Nujno je potreben oddiha nekje, kjer ni ovinkov, robnikov ali ljudi v rde\u010dem.&#8221;<\/em><\/p>\n<p data-start=\"1324\" data-end=\"1410\"><strong data-start=\"1324\" data-end=\"1338\">Autosprint<\/strong> je medtem izpostavil, da je poletni premor prilo\u017enost za nov za\u010detek.<\/p>\n<p data-start=\"1324\" data-end=\"1410\"><em data-start=\"1413\" data-end=\"1663\">&#8220;Hamilton je mad\u017earsko dirko kon\u010dal dale\u010d od \u017earometov in kar je \u0161e pomembneje, brez to\u010dk. To je bila bleda nedelja za sedemkratnega prvaka, ki nikoli ni na\u0161el pravega ritma, povrhu pa ga je ovirala tudi nepopolna strategija. \u017de ob prihodu v Ferrari je Hamilton opozoril, da bo leto 2025 prehodno. Toda verjetno niti sam ni pri\u010dakoval tako zahtevnega za\u010detka. Zdaj prihaja poletni premor. Dragocena prilo\u017enost, da se Lewis odklopi, premisli in se morda resetira pred drugim delom sezone. \u010casa za preobrat je \u0161e dovolj, a za spremembo bo potreben pravi zasuk, na stezi in izven nje.\u00ab<\/em><\/p>\n<p data-start=\"2037\" data-end=\"2160\"><strong data-start=\"2037\" data-end=\"2061\">Gazzetta dello Sport<\/strong> je poudarila Britan\u010devo globoko frustracijo in dodala, da Ferrari zdaj potrebuje pravega Lewisa.<\/p>\n<p data-start=\"2037\" data-end=\"2160\"><em data-start=\"2163\" data-end=\"2321\">&#8220;\u0160tartal 12., kon\u010dal 12. Nikoli ni bil videti tako potrto in brezvoljno. Te\u017eave SF-25 so eno, a zdaj se jih mora otresti. Ferrari potrebuje pravega Lewisa.&#8221;<\/em><\/p>\n<p data-start=\"2325\" data-end=\"2391\"><strong data-start=\"2325\" data-end=\"2339\">Repubblica<\/strong> je \u0161la \u0161e dlje in mu namenila skromno oceno 4\/10.<\/p>\n<p data-start=\"2325\" data-end=\"2391\"><em>&#8220;Startal 12., kon\u010dal 12, brez napredka. Njegove sobotne izjave so odmevale, saj je samokriti\u010dno priznal, da je napa\u010den tip dirka\u010da in da se mora spremeniti. Nedelja ni prinesla izbolj\u0161anja. Boril se je, a kon\u010dal brez to\u010dk. Navija\u010di ostajajo v dvomih, kaj si naj o vsem skupaj mislijo.&#8221;<\/em><\/p>\n<blockquote class=\"wp-embedded-content\" data-secret=\"eOrefOv6jD\"><p><a href=\"https:\/\/portalf1.si\/index.php\/2025\/08\/03\/je-ferrari-v-tezavah-hamilton-je-razkril-da-se-v-ozadju-dogajajo-slabe-stvari\/\">Je Ferrari v te\u017eavah? Hamilton je razkril, da se v ozadju dogajajo slabe stvari<\/a><\/p><\/blockquote>\n<p><iframe loading=\"lazy\" class=\"wp-embedded-content\" sandbox=\"allow-scripts\" security=\"restricted\" style=\"position: absolute; visibility: hidden;\" title=\"&#8220;Je Ferrari v te\u017eavah? Hamilton je razkril, da se v ozadju dogajajo slabe stvari&#8221; &#8212; Portal F1\" src=\"https:\/\/portalf1.si\/index.php\/2025\/08\/03\/je-ferrari-v-tezavah-hamilton-je-razkril-da-se-v-ozadju-dogajajo-slabe-stvari\/embed\/#?secret=qZQGzep9hi#?secret=eOrefOv6jD\" data-secret=\"eOrefOv6jD\" width=\"600\" height=\"338\" frameborder=\"0\" marginwidth=\"0\" marginheight=\"0\" scrolling=\"no\"><\/iframe><\/p>\n","protected":false},"excerpt":{"rendered":"<p>Preberite si, kako so italijanski mediji Formule 1 odreagirali na neuspe\u0161en dirka\u0161ki vikend Lewisa Hamiltona na Mad\u017earskem, kjer je Britanec tako v kvalifikacijah kot tudi na dirki ostal zunaj najbolj\u0161e deseterice in pred novinarji podal precej zaskrbljujo\u010de izjave. Eden tistih, ki je po vsej verjetnosti najbolj z olaj\u0161anjem pozdravil poletni premor, je prav Hamilton. Sedemkratni [&hellip;]<\/p>\n","protected":false},"author":1,"featured_media":6230,"comment_status":"open","ping_status":"open","sticky":false,"template":"","format":"standard","meta":{"footnotes":""},"categories":[34,30,41,31],"tags":[44,50,159,46,45,51,158,42],"class_list":["post-7448","post","type-post","status-publish","format-standard","has-post-thumbnail","hentry","category-ferrari","category-formula-1","category-lewis-hamilton","category-novice","tag-f1","tag-f1-2025","tag-f1-slovenija","tag-ferrari","tag-formula-1","tag-formula-1-2025","tag-formula-1-slovenija","tag-lewis-hamilton"],"blocksy_meta":[],"yoast_head":"<!-- This site is optimized with the Yoast SEO plugin v27.4 - https:\/\/yoast.com\/product\/yoast-seo-wordpress\/ -->\n<title>Italijanski mediji Hamiltona primerjajo s \u0161olarjem, ki so ga nejevolnega poklicali h tabli - Portal F1<\/title>\n<meta name=\"description\" content=\"Preberite si, kako so italijanski mediji Formule 1 odreagirali na neuspe\u0161en dirka\u0161ki vikend Lewisa Hamiltona na Mad\u017earskem Hungaroringu.\" \/>\n<meta name=\"robots\" content=\"index, follow, max-snippet:-1, max-image-preview:large, max-video-preview:-1\" \/>\n<link rel=\"canonical\" href=\"https:\/\/portalf1.si\/index.php\/2025\/08\/04\/italijanski-mediji-hamiltona-primerjajo-s-solarjem-ki-so-ga-nejevolno-poklicali-h-tabli\/\" \/>\n<meta property=\"og:locale\" content=\"sl_SI\" \/>\n<meta property=\"og:type\" content=\"article\" \/>\n<meta property=\"og:title\" content=\"Italijanski mediji Hamiltona primerjajo s \u0161olarjem, ki so ga nejevolnega poklicali h tabli - Portal F1\" \/>\n<meta property=\"og:description\" content=\"Preberite si, kako so italijanski mediji Formule 1 odreagirali na neuspe\u0161en dirka\u0161ki vikend Lewisa Hamiltona na Mad\u017earskem Hungaroringu.\" \/>\n<meta property=\"og:url\" content=\"https:\/\/portalf1.si\/index.php\/2025\/08\/04\/italijanski-mediji-hamiltona-primerjajo-s-solarjem-ki-so-ga-nejevolno-poklicali-h-tabli\/\" \/>\n<meta property=\"og:site_name\" content=\"Portal F1\" \/>\n<meta property=\"article:publisher\" content=\"https:\/\/www.facebook.com\/portalf1.si\/?locale=sl_SI\" \/>\n<meta property=\"article:published_time\" content=\"2025-08-04T20:06:18+00:00\" \/>\n<meta property=\"article:modified_time\" content=\"2025-08-04T22:39:43+00:00\" \/>\n<meta property=\"og:image\" content=\"https:\/\/portalf1.si\/wp-content\/uploads\/2025\/06\/lewis-hamilton-ferrari-1.webp\" \/>\n\t<meta property=\"og:image:width\" content=\"1000\" \/>\n\t<meta property=\"og:image:height\" content=\"666\" \/>\n\t<meta property=\"og:image:type\" content=\"image\/jpeg\" \/>\n<meta name=\"author\" content=\"Denis \u0160tojs\" \/>\n<meta name=\"twitter:card\" content=\"summary_large_image\" \/>\n<meta name=\"twitter:label1\" content=\"Written by\" \/>\n\t<meta name=\"twitter:data1\" content=\"Denis \u0160tojs\" \/>\n\t<meta name=\"twitter:label2\" content=\"Est. reading time\" \/>\n\t<meta name=\"twitter:data2\" content=\"3 minute\" \/>\n<script type=\"application\/ld+json\" class=\"yoast-schema-graph\">{\"@context\":\"https:\\\/\\\/schema.org\",\"@graph\":[{\"@type\":\"Article\",\"@id\":\"https:\\\/\\\/portalf1.si\\\/index.php\\\/2025\\\/08\\\/04\\\/italijanski-mediji-hamiltona-primerjajo-s-solarjem-ki-so-ga-nejevolno-poklicali-h-tabli\\\/#article\",\"isPartOf\":{\"@id\":\"https:\\\/\\\/portalf1.si\\\/index.php\\\/2025\\\/08\\\/04\\\/italijanski-mediji-hamiltona-primerjajo-s-solarjem-ki-so-ga-nejevolno-poklicali-h-tabli\\\/\"},\"author\":{\"name\":\"Denis \u0160tojs\",\"@id\":\"https:\\\/\\\/portalf1.si\\\/#\\\/schema\\\/person\\\/abfef3ba57233710daadfbdd742fecd5\"},\"headline\":\"Italijanski mediji Hamiltona primerjajo s \u0161olarjem, ki so ga nejevolnega poklicali h tabli\",\"datePublished\":\"2025-08-04T20:06:18+00:00\",\"dateModified\":\"2025-08-04T22:39:43+00:00\",\"mainEntityOfPage\":{\"@id\":\"https:\\\/\\\/portalf1.si\\\/index.php\\\/2025\\\/08\\\/04\\\/italijanski-mediji-hamiltona-primerjajo-s-solarjem-ki-so-ga-nejevolno-poklicali-h-tabli\\\/\"},\"wordCount\":465,\"commentCount\":0,\"publisher\":{\"@id\":\"https:\\\/\\\/portalf1.si\\\/#organization\"},\"image\":{\"@id\":\"https:\\\/\\\/portalf1.si\\\/index.php\\\/2025\\\/08\\\/04\\\/italijanski-mediji-hamiltona-primerjajo-s-solarjem-ki-so-ga-nejevolno-poklicali-h-tabli\\\/#primaryimage\"},\"thumbnailUrl\":\"https:\\\/\\\/portalf1.si\\\/wp-content\\\/uploads\\\/2025\\\/06\\\/lewis-hamilton-ferrari-1.webp\",\"keywords\":[\"F1\",\"F1 2025\",\"F1 Slovenija\",\"Ferrari\",\"Formula 1\",\"Formula 1 2025\",\"Formula 1 Slovenija\",\"Lewis Hamilton\"],\"articleSection\":[\"Ferrari\",\"Formula 1\",\"Lewis Hamilton\",\"Novice\"],\"inLanguage\":\"sl-SI\",\"potentialAction\":[{\"@type\":\"CommentAction\",\"name\":\"Comment\",\"target\":[\"https:\\\/\\\/portalf1.si\\\/index.php\\\/2025\\\/08\\\/04\\\/italijanski-mediji-hamiltona-primerjajo-s-solarjem-ki-so-ga-nejevolno-poklicali-h-tabli\\\/#respond\"]}]},{\"@type\":\"WebPage\",\"@id\":\"https:\\\/\\\/portalf1.si\\\/index.php\\\/2025\\\/08\\\/04\\\/italijanski-mediji-hamiltona-primerjajo-s-solarjem-ki-so-ga-nejevolno-poklicali-h-tabli\\\/\",\"url\":\"https:\\\/\\\/portalf1.si\\\/index.php\\\/2025\\\/08\\\/04\\\/italijanski-mediji-hamiltona-primerjajo-s-solarjem-ki-so-ga-nejevolno-poklicali-h-tabli\\\/\",\"name\":\"Italijanski mediji Hamiltona primerjajo s \u0161olarjem, ki so ga nejevolnega poklicali h tabli - Portal F1\",\"isPartOf\":{\"@id\":\"https:\\\/\\\/portalf1.si\\\/#website\"},\"primaryImageOfPage\":{\"@id\":\"https:\\\/\\\/portalf1.si\\\/index.php\\\/2025\\\/08\\\/04\\\/italijanski-mediji-hamiltona-primerjajo-s-solarjem-ki-so-ga-nejevolno-poklicali-h-tabli\\\/#primaryimage\"},\"image\":{\"@id\":\"https:\\\/\\\/portalf1.si\\\/index.php\\\/2025\\\/08\\\/04\\\/italijanski-mediji-hamiltona-primerjajo-s-solarjem-ki-so-ga-nejevolno-poklicali-h-tabli\\\/#primaryimage\"},\"thumbnailUrl\":\"https:\\\/\\\/portalf1.si\\\/wp-content\\\/uploads\\\/2025\\\/06\\\/lewis-hamilton-ferrari-1.webp\",\"datePublished\":\"2025-08-04T20:06:18+00:00\",\"dateModified\":\"2025-08-04T22:39:43+00:00\",\"description\":\"Preberite si, kako so italijanski mediji Formule 1 odreagirali na neuspe\u0161en dirka\u0161ki vikend Lewisa Hamiltona na Mad\u017earskem Hungaroringu.\",\"breadcrumb\":{\"@id\":\"https:\\\/\\\/portalf1.si\\\/index.php\\\/2025\\\/08\\\/04\\\/italijanski-mediji-hamiltona-primerjajo-s-solarjem-ki-so-ga-nejevolno-poklicali-h-tabli\\\/#breadcrumb\"},\"inLanguage\":\"sl-SI\",\"potentialAction\":[{\"@type\":\"ReadAction\",\"target\":[\"https:\\\/\\\/portalf1.si\\\/index.php\\\/2025\\\/08\\\/04\\\/italijanski-mediji-hamiltona-primerjajo-s-solarjem-ki-so-ga-nejevolno-poklicali-h-tabli\\\/\"]}]},{\"@type\":\"ImageObject\",\"inLanguage\":\"sl-SI\",\"@id\":\"https:\\\/\\\/portalf1.si\\\/index.php\\\/2025\\\/08\\\/04\\\/italijanski-mediji-hamiltona-primerjajo-s-solarjem-ki-so-ga-nejevolno-poklicali-h-tabli\\\/#primaryimage\",\"url\":\"https:\\\/\\\/portalf1.si\\\/wp-content\\\/uploads\\\/2025\\\/06\\\/lewis-hamilton-ferrari-1.webp\",\"contentUrl\":\"https:\\\/\\\/portalf1.si\\\/wp-content\\\/uploads\\\/2025\\\/06\\\/lewis-hamilton-ferrari-1.webp\",\"width\":1000,\"height\":666},{\"@type\":\"BreadcrumbList\",\"@id\":\"https:\\\/\\\/portalf1.si\\\/index.php\\\/2025\\\/08\\\/04\\\/italijanski-mediji-hamiltona-primerjajo-s-solarjem-ki-so-ga-nejevolno-poklicali-h-tabli\\\/#breadcrumb\",\"itemListElement\":[{\"@type\":\"ListItem\",\"position\":1,\"name\":\"Home\",\"item\":\"https:\\\/\\\/portalf1.si\\\/\"},{\"@type\":\"ListItem\",\"position\":2,\"name\":\"Italijanski mediji Hamiltona primerjajo s \u0161olarjem, ki so ga nejevolnega poklicali h tabli\"}]},{\"@type\":\"WebSite\",\"@id\":\"https:\\\/\\\/portalf1.si\\\/#website\",\"url\":\"https:\\\/\\\/portalf1.si\\\/\",\"name\":\"Portal F1\",\"description\":\"Vstopite v svet hitrosti in adrenalina\",\"publisher\":{\"@id\":\"https:\\\/\\\/portalf1.si\\\/#organization\"},\"potentialAction\":[{\"@type\":\"SearchAction\",\"target\":{\"@type\":\"EntryPoint\",\"urlTemplate\":\"https:\\\/\\\/portalf1.si\\\/?s={search_term_string}\"},\"query-input\":{\"@type\":\"PropertyValueSpecification\",\"valueRequired\":true,\"valueName\":\"search_term_string\"}}],\"inLanguage\":\"sl-SI\"},{\"@type\":\"Organization\",\"@id\":\"https:\\\/\\\/portalf1.si\\\/#organization\",\"name\":\"Portal F1\",\"url\":\"https:\\\/\\\/portalf1.si\\\/\",\"logo\":{\"@type\":\"ImageObject\",\"inLanguage\":\"sl-SI\",\"@id\":\"https:\\\/\\\/portalf1.si\\\/#\\\/schema\\\/logo\\\/image\\\/\",\"url\":\"https:\\\/\\\/portalf1.si\\\/wp-content\\\/uploads\\\/2025\\\/02\\\/cropped-HiPaint_1738532868530.png\",\"contentUrl\":\"https:\\\/\\\/portalf1.si\\\/wp-content\\\/uploads\\\/2025\\\/02\\\/cropped-HiPaint_1738532868530.png\",\"width\":512,\"height\":512,\"caption\":\"Portal F1\"},\"image\":{\"@id\":\"https:\\\/\\\/portalf1.si\\\/#\\\/schema\\\/logo\\\/image\\\/\"},\"sameAs\":[\"https:\\\/\\\/www.facebook.com\\\/portalf1.si\\\/?locale=sl_SI\"]},{\"@type\":\"Person\",\"@id\":\"https:\\\/\\\/portalf1.si\\\/#\\\/schema\\\/person\\\/abfef3ba57233710daadfbdd742fecd5\",\"name\":\"Denis \u0160tojs\",\"image\":{\"@type\":\"ImageObject\",\"inLanguage\":\"sl-SI\",\"@id\":\"https:\\\/\\\/secure.gravatar.com\\\/avatar\\\/b006ce11dfb9c6e47e9de9803eefbdc14aa4afb445f3cca05acc735c22115b38?s=96&d=mm&r=g\",\"url\":\"https:\\\/\\\/secure.gravatar.com\\\/avatar\\\/b006ce11dfb9c6e47e9de9803eefbdc14aa4afb445f3cca05acc735c22115b38?s=96&d=mm&r=g\",\"contentUrl\":\"https:\\\/\\\/secure.gravatar.com\\\/avatar\\\/b006ce11dfb9c6e47e9de9803eefbdc14aa4afb445f3cca05acc735c22115b38?s=96&d=mm&r=g\",\"caption\":\"Denis \u0160tojs\"},\"sameAs\":[\"https:\\\/\\\/portalf1.si\"],\"url\":\"https:\\\/\\\/portalf1.si\\\/index.php\\\/author\\\/portalf1\\\/\"}]}<\/script>\n<!-- \/ Yoast SEO plugin. -->","yoast_head_json":{"title":"Italijanski mediji Hamiltona primerjajo s \u0161olarjem, ki so ga nejevolnega poklicali h tabli - Portal F1","description":"Preberite si, kako so italijanski mediji Formule 1 odreagirali na neuspe\u0161en dirka\u0161ki vikend Lewisa Hamiltona na Mad\u017earskem Hungaroringu.","robots":{"index":"index","follow":"follow","max-snippet":"max-snippet:-1","max-image-preview":"max-image-preview:large","max-video-preview":"max-video-preview:-1"},"canonical":"https:\/\/portalf1.si\/index.php\/2025\/08\/04\/italijanski-mediji-hamiltona-primerjajo-s-solarjem-ki-so-ga-nejevolno-poklicali-h-tabli\/","og_locale":"sl_SI","og_type":"article","og_title":"Italijanski mediji Hamiltona primerjajo s \u0161olarjem, ki so ga nejevolnega poklicali h tabli - Portal F1","og_description":"Preberite si, kako so italijanski mediji Formule 1 odreagirali na neuspe\u0161en dirka\u0161ki vikend Lewisa Hamiltona na Mad\u017earskem Hungaroringu.","og_url":"https:\/\/portalf1.si\/index.php\/2025\/08\/04\/italijanski-mediji-hamiltona-primerjajo-s-solarjem-ki-so-ga-nejevolno-poklicali-h-tabli\/","og_site_name":"Portal F1","article_publisher":"https:\/\/www.facebook.com\/portalf1.si\/?locale=sl_SI","article_published_time":"2025-08-04T20:06:18+00:00","article_modified_time":"2025-08-04T22:39:43+00:00","og_image":[{"width":1000,"height":666,"url":"https:\/\/portalf1.si\/wp-content\/uploads\/2025\/06\/lewis-hamilton-ferrari-1.webp","type":"image\/jpeg"}],"author":"Denis \u0160tojs","twitter_card":"summary_large_image","twitter_misc":{"Written by":"Denis \u0160tojs","Est. reading time":"3 minute"},"schema":{"@context":"https:\/\/schema.org","@graph":[{"@type":"Article","@id":"https:\/\/portalf1.si\/index.php\/2025\/08\/04\/italijanski-mediji-hamiltona-primerjajo-s-solarjem-ki-so-ga-nejevolno-poklicali-h-tabli\/#article","isPartOf":{"@id":"https:\/\/portalf1.si\/index.php\/2025\/08\/04\/italijanski-mediji-hamiltona-primerjajo-s-solarjem-ki-so-ga-nejevolno-poklicali-h-tabli\/"},"author":{"name":"Denis \u0160tojs","@id":"https:\/\/portalf1.si\/#\/schema\/person\/abfef3ba57233710daadfbdd742fecd5"},"headline":"Italijanski mediji Hamiltona primerjajo s \u0161olarjem, ki so ga nejevolnega poklicali h tabli","datePublished":"2025-08-04T20:06:18+00:00","dateModified":"2025-08-04T22:39:43+00:00","mainEntityOfPage":{"@id":"https:\/\/portalf1.si\/index.php\/2025\/08\/04\/italijanski-mediji-hamiltona-primerjajo-s-solarjem-ki-so-ga-nejevolno-poklicali-h-tabli\/"},"wordCount":465,"commentCount":0,"publisher":{"@id":"https:\/\/portalf1.si\/#organization"},"image":{"@id":"https:\/\/portalf1.si\/index.php\/2025\/08\/04\/italijanski-mediji-hamiltona-primerjajo-s-solarjem-ki-so-ga-nejevolno-poklicali-h-tabli\/#primaryimage"},"thumbnailUrl":"https:\/\/portalf1.si\/wp-content\/uploads\/2025\/06\/lewis-hamilton-ferrari-1.webp","keywords":["F1","F1 2025","F1 Slovenija","Ferrari","Formula 1","Formula 1 2025","Formula 1 Slovenija","Lewis Hamilton"],"articleSection":["Ferrari","Formula 1","Lewis Hamilton","Novice"],"inLanguage":"sl-SI","potentialAction":[{"@type":"CommentAction","name":"Comment","target":["https:\/\/portalf1.si\/index.php\/2025\/08\/04\/italijanski-mediji-hamiltona-primerjajo-s-solarjem-ki-so-ga-nejevolno-poklicali-h-tabli\/#respond"]}]},{"@type":"WebPage","@id":"https:\/\/portalf1.si\/index.php\/2025\/08\/04\/italijanski-mediji-hamiltona-primerjajo-s-solarjem-ki-so-ga-nejevolno-poklicali-h-tabli\/","url":"https:\/\/portalf1.si\/index.php\/2025\/08\/04\/italijanski-mediji-hamiltona-primerjajo-s-solarjem-ki-so-ga-nejevolno-poklicali-h-tabli\/","name":"Italijanski mediji Hamiltona primerjajo s \u0161olarjem, ki so ga nejevolnega poklicali h tabli - Portal F1","isPartOf":{"@id":"https:\/\/portalf1.si\/#website"},"primaryImageOfPage":{"@id":"https:\/\/portalf1.si\/index.php\/2025\/08\/04\/italijanski-mediji-hamiltona-primerjajo-s-solarjem-ki-so-ga-nejevolno-poklicali-h-tabli\/#primaryimage"},"image":{"@id":"https:\/\/portalf1.si\/index.php\/2025\/08\/04\/italijanski-mediji-hamiltona-primerjajo-s-solarjem-ki-so-ga-nejevolno-poklicali-h-tabli\/#primaryimage"},"thumbnailUrl":"https:\/\/portalf1.si\/wp-content\/uploads\/2025\/06\/lewis-hamilton-ferrari-1.webp","datePublished":"2025-08-04T20:06:18+00:00","dateModified":"2025-08-04T22:39:43+00:00","description":"Preberite si, kako so italijanski mediji Formule 1 odreagirali na neuspe\u0161en dirka\u0161ki vikend Lewisa Hamiltona na Mad\u017earskem Hungaroringu.","breadcrumb":{"@id":"https:\/\/portalf1.si\/index.php\/2025\/08\/04\/italijanski-mediji-hamiltona-primerjajo-s-solarjem-ki-so-ga-nejevolno-poklicali-h-tabli\/#breadcrumb"},"inLanguage":"sl-SI","potentialAction":[{"@type":"ReadAction","target":["https:\/\/portalf1.si\/index.php\/2025\/08\/04\/italijanski-mediji-hamiltona-primerjajo-s-solarjem-ki-so-ga-nejevolno-poklicali-h-tabli\/"]}]},{"@type":"ImageObject","inLanguage":"sl-SI","@id":"https:\/\/portalf1.si\/index.php\/2025\/08\/04\/italijanski-mediji-hamiltona-primerjajo-s-solarjem-ki-so-ga-nejevolno-poklicali-h-tabli\/#primaryimage","url":"https:\/\/portalf1.si\/wp-content\/uploads\/2025\/06\/lewis-hamilton-ferrari-1.webp","contentUrl":"https:\/\/portalf1.si\/wp-content\/uploads\/2025\/06\/lewis-hamilton-ferrari-1.webp","width":1000,"height":666},{"@type":"BreadcrumbList","@id":"https:\/\/portalf1.si\/index.php\/2025\/08\/04\/italijanski-mediji-hamiltona-primerjajo-s-solarjem-ki-so-ga-nejevolno-poklicali-h-tabli\/#breadcrumb","itemListElement":[{"@type":"ListItem","position":1,"name":"Home","item":"https:\/\/portalf1.si\/"},{"@type":"ListItem","position":2,"name":"Italijanski mediji Hamiltona primerjajo s \u0161olarjem, ki so ga nejevolnega poklicali h tabli"}]},{"@type":"WebSite","@id":"https:\/\/portalf1.si\/#website","url":"https:\/\/portalf1.si\/","name":"Portal F1","description":"Vstopite v svet hitrosti in adrenalina","publisher":{"@id":"https:\/\/portalf1.si\/#organization"},"potentialAction":[{"@type":"SearchAction","target":{"@type":"EntryPoint","urlTemplate":"https:\/\/portalf1.si\/?s={search_term_string}"},"query-input":{"@type":"PropertyValueSpecification","valueRequired":true,"valueName":"search_term_string"}}],"inLanguage":"sl-SI"},{"@type":"Organization","@id":"https:\/\/portalf1.si\/#organization","name":"Portal F1","url":"https:\/\/portalf1.si\/","logo":{"@type":"ImageObject","inLanguage":"sl-SI","@id":"https:\/\/portalf1.si\/#\/schema\/logo\/image\/","url":"https:\/\/portalf1.si\/wp-content\/uploads\/2025\/02\/cropped-HiPaint_1738532868530.png","contentUrl":"https:\/\/portalf1.si\/wp-content\/uploads\/2025\/02\/cropped-HiPaint_1738532868530.png","width":512,"height":512,"caption":"Portal F1"},"image":{"@id":"https:\/\/portalf1.si\/#\/schema\/logo\/image\/"},"sameAs":["https:\/\/www.facebook.com\/portalf1.si\/?locale=sl_SI"]},{"@type":"Person","@id":"https:\/\/portalf1.si\/#\/schema\/person\/abfef3ba57233710daadfbdd742fecd5","name":"Denis \u0160tojs","image":{"@type":"ImageObject","inLanguage":"sl-SI","@id":"https:\/\/secure.gravatar.com\/avatar\/b006ce11dfb9c6e47e9de9803eefbdc14aa4afb445f3cca05acc735c22115b38?s=96&d=mm&r=g","url":"https:\/\/secure.gravatar.com\/avatar\/b006ce11dfb9c6e47e9de9803eefbdc14aa4afb445f3cca05acc735c22115b38?s=96&d=mm&r=g","contentUrl":"https:\/\/secure.gravatar.com\/avatar\/b006ce11dfb9c6e47e9de9803eefbdc14aa4afb445f3cca05acc735c22115b38?s=96&d=mm&r=g","caption":"Denis \u0160tojs"},"sameAs":["https:\/\/portalf1.si"],"url":"https:\/\/portalf1.si\/index.php\/author\/portalf1\/"}]}},"_links":{"self":[{"href":"https:\/\/portalf1.si\/index.php\/wp-json\/wp\/v2\/posts\/7448","targetHints":{"allow":["GET"]}}],"collection":[{"href":"https:\/\/portalf1.si\/index.php\/wp-json\/wp\/v2\/posts"}],"about":[{"href":"https:\/\/portalf1.si\/index.php\/wp-json\/wp\/v2\/types\/post"}],"author":[{"embeddable":true,"href":"https:\/\/portalf1.si\/index.php\/wp-json\/wp\/v2\/users\/1"}],"replies":[{"embeddable":true,"href":"https:\/\/portalf1.si\/index.php\/wp-json\/wp\/v2\/comments?post=7448"}],"version-history":[{"count":3,"href":"https:\/\/portalf1.si\/index.php\/wp-json\/wp\/v2\/posts\/7448\/revisions"}],"predecessor-version":[{"id":7463,"href":"https:\/\/portalf1.si\/index.php\/wp-json\/wp\/v2\/posts\/7448\/revisions\/7463"}],"wp:featuredmedia":[{"embeddable":true,"href":"https:\/\/portalf1.si\/index.php\/wp-json\/wp\/v2\/media\/6230"}],"wp:attachment":[{"href":"https:\/\/portalf1.si\/index.php\/wp-json\/wp\/v2\/media?parent=7448"}],"wp:term":[{"taxonomy":"category","embeddable":true,"href":"https:\/\/portalf1.si\/index.php\/wp-json\/wp\/v2\/categories?post=7448"},{"taxonomy":"post_tag","embeddable":true,"href":"https:\/\/portalf1.si\/index.php\/wp-json\/wp\/v2\/tags?post=7448"}],"curies":[{"name":"wp","href":"https:\/\/api.w.org\/{rel}","templated":true}]}}